{"id":79038,"date":"2025-10-23T11:38:55","date_gmt":"2025-10-23T14:38:55","guid":{"rendered":"https:\/\/noticiasribeiraopreto.com.br\/index.php\/2025\/10\/23\/receita-apreende-carga-ilegal-avaliada-em-r-800-mil\/"},"modified":"2025-10-23T11:38:55","modified_gmt":"2025-10-23T14:38:55","slug":"receita-apreende-carga-ilegal-avaliada-em-r-800-mil","status":"publish","type":"post","link":"https:\/\/noticiasribeiraopreto.com.br\/index.php\/2025\/10\/23\/receita-apreende-carga-ilegal-avaliada-em-r-800-mil\/","title":{"rendered":"Receita apreende carga ilegal avaliada em R$ 800 mil"},"content":{"rendered":"<p> <br \/>\n<\/p>\n<div id=\"\">\n<h2 class=\"penci-post-subtitle\">Placas de v\u00eddeo, placas-m\u00e3e, produtos de inform\u00e1tica e telas frontais de celulares seguiam por transportadora para a Capital sem documenta\u00e7\u00e3o fiscal<\/h2>\n<p>\n\t\t\t\t\t\t\t\t\t<span class=\"entry-meta-item penci-posted-on\"><i class=\"fa fa-clock-o\"\/><time class=\"entry-date published\" datetime=\"2025-10-23T11:20:50-03:00\">23 de outubro de 2025 11:20<\/time><time class=\"updated\" datetime=\"2025-10-23T11:32:18-03:00\">23 de outubro de 2025 11:32<\/time><\/span><span class=\"entry-meta-item penci-post-countview\"><span class=\"entry-meta-item penci-post-countview penci_post-meta_item\"><i class=\"fa fa-eye\"\/><span class=\"penci-post-countview-number penci-post-countview-p443811\">7<\/span><\/span><\/span>\t\t\t\t\t\t\t\t<\/p>\n<p><!-- .entry-meta --><br \/>\n\t\t\t\t\t\t\t\t<span class=\"penci-social-buttons penci-social-share-footer\"><span class=\"penci-social-share-text\">Compartilhar<\/span><a href=\"#\" class=\"penci-post-like penci_post-meta_item  single-like-button penci-social-item like\" data-post_id=\"443811\" title=\"Like\" data-like=\"Like\" data-unlike=\"Unlike\"><i class=\"fa fa-thumbs-o-up\"\/><span class=\"penci-share-number\">2<\/span><\/a><i class=\"fa fa-facebook\"\/><a class=\"penci-social-item twitter\" target=\"_blank\" rel=\"noopener\" title=\"\" href=\"https:\/\/twitter.com\/intent\/tweet?text=Receita%20apreende%20carga%20ilegal%20avaliada%20em%20R$%20800%20mil%20-%20https:\/\/www.tribunaribeirao.com.br\/receita-apreende-carga-ilegal-avaliada-em-r-800-mil\/\"><i class=\"fa fa-twitter\"\/><\/a><i class=\"fa fa-linkedin\"\/><i class=\"fa fa-whatsapp\"\/><i class=\"fa fa-telegram\"\/><i class=\"fa fa-envelope\"\/><\/span>\t\t\t\t\t\t\t<\/div>\n<div>\n<p>Por: Adalberto Luque<\/p>\n<p>A Delegacia da Receita Federal em Ribeir\u00e3o Preto apreendeu, nesta quarta-feira, 22 de outubro, uma carga avaliada em R$ 800 mil. Os produtos, sem documenta\u00e7\u00e3o fiscal, seriam transportados para a Capital.<\/p>\n<p>O setor de intelig\u00eancia da Equipe de Vigil\u00e2ncia e Repress\u00e3o ao Contrabando e Descaminho identificou a carga, que saiu de S\u00e3o Jos\u00e9 do Rio Preto, a 200 quil\u00f4metros de Ribeir\u00e3o Preto, na noite de ter\u00e7a-feira (21). A remessa, composta por cinco volumes, estava em uma transportadora da cidade.<\/p>\n<figure id=\"attachment_443813\" aria-describedby=\"caption-attachment-443813\" style=\"width: 1040px\" class=\"wp-caption alignnone\"><img data-recalc-dims=\"1\" loading=\"lazy\" decoding=\"async\" class=\"size-full wp-image-443813 lazyload\" src=\"https:\/\/i0.wp.com\/www.tribunaribeirao.com.br\/wp-content\/uploads\/2025\/10\/23-out-2025-apreensaoreceita1-scaled.jpg?resize=1040%2C780&#038;ssl=1\" alt=\"\" width=\"1040\" height=\"780\" srcset=\"https:\/\/www.tribunaribeirao.com.br\/wp-content\/uploads\/2025\/10\/23-out-2025-apreensaoreceita1-scaled.jpg 1040w, https:\/\/www.tribunaribeirao.com.br\/wp-content\/uploads\/2025\/10\/23-out-2025-apreensaoreceita1-300x225.jpg 300w, https:\/\/www.tribunaribeirao.com.br\/wp-content\/uploads\/2025\/10\/23-out-2025-apreensaoreceita1-1024x768.jpg 1024w, https:\/\/www.tribunaribeirao.com.br\/wp-content\/uploads\/2025\/10\/23-out-2025-apreensaoreceita1-768x576.jpg 768w, https:\/\/www.tribunaribeirao.com.br\/wp-content\/uploads\/2025\/10\/23-out-2025-apreensaoreceita1-760x570.jpg 760w, https:\/\/www.tribunaribeirao.com.br\/wp-content\/uploads\/2025\/10\/23-out-2025-apreensaoreceita1-960x720.jpg 960w, https:\/\/www.tribunaribeirao.com.br\/wp-content\/uploads\/2025\/10\/23-out-2025-apreensaoreceita1-533x400.jpg 533w, https:\/\/www.tribunaribeirao.com.br\/wp-content\/uploads\/2025\/10\/23-out-2025-apreensaoreceita1-585x439.jpg 585w\" data-sizes=\"(max-width: 1040px) 100vw, 1040px\" style=\"--smush-placeholder-width: 1040px; --smush-placeholder-aspect-ratio: 1040\/780;\"\/><figcaption id=\"caption-attachment-443813\" class=\"wp-caption-text\">Carga apreendida foi avaliada em R$ 800 mil (Foto: Receita Federal\/Divulga\u00e7\u00e3o)<\/figcaption><\/figure>\n<p>Segundo a Receita Federal, a carga n\u00e3o possu\u00eda documenta\u00e7\u00e3o fiscal que comprovasse a regular importa\u00e7\u00e3o dos bens, de origem estrangeira. A maioria dos itens era de inform\u00e1tica, como placas-m\u00e3e, placas de v\u00eddeo, SSDs, DDRs e HDs.<\/p>\n<p>No mesmo local, os fiscais tamb\u00e9m encontraram outra remessa, com telas frontais de celulares de diversas marcas, igualmente sem comprova\u00e7\u00e3o de origem ou documenta\u00e7\u00e3o fiscal. As mercadorias apreendidas foram avaliadas em R$ 800 mil, valor que, segundo a Receita, representa cerca de R$ 400 mil em tributos sonegados.<\/p>\n<figure id=\"attachment_443814\" aria-describedby=\"caption-attachment-443814\" style=\"width: 1040px\" class=\"wp-caption alignnone\"><img data-recalc-dims=\"1\" loading=\"lazy\" decoding=\"async\" class=\"size-full wp-image-443814 lazyload\" src=\"https:\/\/i0.wp.com\/www.tribunaribeirao.com.br\/wp-content\/uploads\/2025\/10\/23-out-2025-apreensaoreceita2-scaled.jpg?resize=1040%2C780&#038;ssl=1\" alt=\"\" width=\"1040\" height=\"780\" srcset=\"https:\/\/www.tribunaribeirao.com.br\/wp-content\/uploads\/2025\/10\/23-out-2025-apreensaoreceita2-scaled.jpg 1040w, https:\/\/www.tribunaribeirao.com.br\/wp-content\/uploads\/2025\/10\/23-out-2025-apreensaoreceita2-300x225.jpg 300w, https:\/\/www.tribunaribeirao.com.br\/wp-content\/uploads\/2025\/10\/23-out-2025-apreensaoreceita2-1024x768.jpg 1024w, https:\/\/www.tribunaribeirao.com.br\/wp-content\/uploads\/2025\/10\/23-out-2025-apreensaoreceita2-768x576.jpg 768w, https:\/\/www.tribunaribeirao.com.br\/wp-content\/uploads\/2025\/10\/23-out-2025-apreensaoreceita2-760x570.jpg 760w, https:\/\/www.tribunaribeirao.com.br\/wp-content\/uploads\/2025\/10\/23-out-2025-apreensaoreceita2-960x720.jpg 960w, https:\/\/www.tribunaribeirao.com.br\/wp-content\/uploads\/2025\/10\/23-out-2025-apreensaoreceita2-533x400.jpg 533w, https:\/\/www.tribunaribeirao.com.br\/wp-content\/uploads\/2025\/10\/23-out-2025-apreensaoreceita2-585x439.jpg 585w\" data-sizes=\"(max-width: 1040px) 100vw, 1040px\" style=\"--smush-placeholder-width: 1040px; --smush-placeholder-aspect-ratio: 1040\/780;\"\/><figcaption id=\"caption-attachment-443814\" class=\"wp-caption-text\">Produtos, que seguiriam para a Capital, n\u00e3o tinham documenta\u00e7\u00e3o fiscal e poderiam acarretar sonega\u00e7\u00e3o de R$ 400 mil (Foto: Receita Federal\/Divulga\u00e7\u00e3o)<\/figcaption><\/figure>\n<p>\u201cA pr\u00e1tica constitui crime de descaminho e provoca uma s\u00e9rie de distor\u00e7\u00f5es na economia formal, uma vez que promove a concorr\u00eancia desleal entre as empresas, al\u00e9m de outros preju\u00edzos \u00e0 cadeia produtiva\u201d, informou o \u00f3rg\u00e3o.<\/p>\n<p>Os respons\u00e1veis pela carga ser\u00e3o notificados e ter\u00e3o prazo para apresentar a documenta\u00e7\u00e3o. Caso n\u00e3o comprovem a regularidade fiscal, os bens poder\u00e3o ser leiloados ou destinados a \u00f3rg\u00e3os p\u00fablicos e institui\u00e7\u00f5es de ensino, no \u00e2mbito do Projeto Receita Cidad\u00e3. Nesse caso, os envolvidos tamb\u00e9m responder\u00e3o criminalmente por contrabando e descaminho.<\/p>\n<p><!-- CONTENT END 3 -->\n<\/div>\n<p><script async src=\"\/\/platform.twitter.com\/widgets.js\" charset=\"utf-8\"><\/script><br \/>\n<br \/><br \/>\n<br \/><a href=\"https:\/\/www.tribunaribeirao.com.br\/receita-apreende-carga-ilegal-avaliada-em-r-800-mil\/\">Source link <\/a><\/p>\n","protected":false},"excerpt":{"rendered":"<p>Placas de v\u00eddeo, placas-m\u00e3e, produtos de inform\u00e1tica e telas frontais de celulares seguiam por transportadora para a Capital sem documenta\u00e7\u00e3o fiscal 23 de outubro de&#8230;<\/p>\n","protected":false},"author":1,"featured_media":79039,"comment_status":"open","ping_status":"open","sticky":false,"template":"","format":"standard","meta":{"advanced_seo_description":"","jetpack_seo_html_title":"","jetpack_seo_noindex":false,"jetpack_post_was_ever_published":false,"_jetpack_newsletter_access":"","_jetpack_dont_email_post_to_subs":false,"_jetpack_newsletter_tier_id":0,"_jetpack_memberships_contains_paywalled_content":false,"_jetpack_memberships_contains_paid_content":false,"footnotes":"","jetpack_publicize_message":"","jetpack_publicize_feature_enabled":true,"jetpack_social_post_already_shared":true,"jetpack_social_options":{"image_generator_settings":{"template":"highway","default_image_id":0,"font":"","enabled":false},"version":2}},"categories":[11],"tags":[],"class_list":["post-79038","post","type-post","status-publish","format-standard","has-post-thumbnail","hentry","category-noticias-de-ribeirao-preto-sp-e-regiao-ismael-colosi"],"jetpack_publicize_connections":[],"jetpack_featured_media_url":"https:\/\/i0.wp.com\/noticiasribeiraopreto.com.br\/wp-content\/uploads\/2025\/10\/23-out-2025-apreensaoreceita3-scaled.jpg?fit=1040%2C780&ssl=1","jetpack-related-posts":[{"id":81474,"url":"https:\/\/noticiasribeiraopreto.com.br\/index.php\/2026\/01\/07\/licenciamento-2026-ja-esta-disponivel-em-sp-confira-o-calendario\/","url_meta":{"origin":79038,"position":0},"title":"Licenciamento 2026 j\u00e1 est\u00e1 dispon\u00edvel em SP; confira o calend\u00e1rio","author":"noticiasribeiraopreto.com.br","date":"7 de January de 2026","format":false,"excerpt":"O licenciamento de ve\u00edculos para 2026 j\u00e1 est\u00e1 dispon\u00edvel para motoristas do estado de S\u00e3o Paulo. O Departamento Estadual de Tr\u00e2nsito de S\u00e3o Paulo (Detran-SP) permite a regulariza\u00e7\u00e3o antecipada no primeiro semestre do ano para ve\u00edculos de todos os finais de placa, antes do in\u00edcio do calend\u00e1rio obrigat\u00f3rio, que vai\u2026","rel":"","context":"In &quot;Not\u00edcias de Ribeir\u00e3o Preto-SP e Regi\u00e3o&quot;","block_context":{"text":"Not\u00edcias de Ribeir\u00e3o Preto-SP e Regi\u00e3o","link":"https:\/\/noticiasribeiraopreto.com.br\/index.php\/category\/noticias-de-ribeirao-preto-sp-e-regiao-ismael-colosi\/"},"img":{"alt_text":"","src":"https:\/\/i0.wp.com\/noticiasribeiraopreto.com.br\/wp-content\/uploads\/2025\/07\/WhatsApp-Image-2025-04-28-at-07.17.05_2025-04-28_10-22-30.webp.webp?fit=1200%2C900&ssl=1&resize=350%2C200","width":350,"height":200,"srcset":"https:\/\/i0.wp.com\/noticiasribeiraopreto.com.br\/wp-content\/uploads\/2025\/07\/WhatsApp-Image-2025-04-28-at-07.17.05_2025-04-28_10-22-30.webp.webp?fit=1200%2C900&ssl=1&resize=350%2C200 1x, https:\/\/i0.wp.com\/noticiasribeiraopreto.com.br\/wp-content\/uploads\/2025\/07\/WhatsApp-Image-2025-04-28-at-07.17.05_2025-04-28_10-22-30.webp.webp?fit=1200%2C900&ssl=1&resize=525%2C300 1.5x, https:\/\/i0.wp.com\/noticiasribeiraopreto.com.br\/wp-content\/uploads\/2025\/07\/WhatsApp-Image-2025-04-28-at-07.17.05_2025-04-28_10-22-30.webp.webp?fit=1200%2C900&ssl=1&resize=700%2C400 2x, https:\/\/i0.wp.com\/noticiasribeiraopreto.com.br\/wp-content\/uploads\/2025\/07\/WhatsApp-Image-2025-04-28-at-07.17.05_2025-04-28_10-22-30.webp.webp?fit=1200%2C900&ssl=1&resize=1050%2C600 3x"},"classes":[]},{"id":78365,"url":"https:\/\/noticiasribeiraopreto.com.br\/index.php\/2025\/10\/09\/gcm-localiza-desmanche-de-motos-em-rp\/","url_meta":{"origin":79038,"position":1},"title":"GCM localiza desmanche de motos em RP","author":"noticiasribeiraopreto.com.br","date":"9 de October de 2025","format":false,"excerpt":"V\u00e1rios quadros, pe\u00e7as de motos e at\u00e9 placas de carro foram localizadas em terreno ao lado de linha f\u00e9rrea 9 de outubro de 2025 12:459 de outubro de 2025 12:453 Compartilhar0 Por: Adalberto Luque Quadros de cinco motocicletas furtadas ou roubadas foram encontrados, nesta quarta-feira (8), pela Guarda Civil Metropolitana.\u2026","rel":"","context":"In &quot;Not\u00edcias de Ribeir\u00e3o Preto-SP e Regi\u00e3o&quot;","block_context":{"text":"Not\u00edcias de Ribeir\u00e3o Preto-SP e Regi\u00e3o","link":"https:\/\/noticiasribeiraopreto.com.br\/index.php\/category\/noticias-de-ribeirao-preto-sp-e-regiao-ismael-colosi\/"},"img":{"alt_text":"","src":"https:\/\/i0.wp.com\/noticiasribeiraopreto.com.br\/wp-content\/uploads\/2025\/10\/09-out-2025-desmanchegcm0.jpg?fit=840%2C780&ssl=1&resize=350%2C200","width":350,"height":200,"srcset":"https:\/\/i0.wp.com\/noticiasribeiraopreto.com.br\/wp-content\/uploads\/2025\/10\/09-out-2025-desmanchegcm0.jpg?fit=840%2C780&ssl=1&resize=350%2C200 1x, https:\/\/i0.wp.com\/noticiasribeiraopreto.com.br\/wp-content\/uploads\/2025\/10\/09-out-2025-desmanchegcm0.jpg?fit=840%2C780&ssl=1&resize=525%2C300 1.5x, https:\/\/i0.wp.com\/noticiasribeiraopreto.com.br\/wp-content\/uploads\/2025\/10\/09-out-2025-desmanchegcm0.jpg?fit=840%2C780&ssl=1&resize=700%2C400 2x"},"classes":[]},{"id":78488,"url":"https:\/\/noticiasribeiraopreto.com.br\/index.php\/2025\/10\/11\/idoso-de-78-anos-morre-ao-bater-carro-em-placa-de-sinalizacao-e-arvore\/","url_meta":{"origin":79038,"position":2},"title":"Idoso de 78 anos morre ao bater carro em placa de sinaliza\u00e7\u00e3o e \u00e1rvore","author":"noticiasribeiraopreto.com.br","date":"11 de October de 2025","format":false,"excerpt":"Um homem de 78 anos morreu neste s\u00e1bado (11) ao bater o carro contra uma placa de sinaliza\u00e7\u00e3o e uma \u00e1rvore, no bairro \u00c2ngela Rosa, em Franca, a 80 quil\u00f4metros de Ribeir\u00e3o Preto. Segundo a PM (Pol\u00edcia Militar), a suspeita \u00e9 que o condutor tenha passado mal com ve\u00edculo ainda\u2026","rel":"","context":"In &quot;Not\u00edcias de Ribeir\u00e3o Preto-SP e Regi\u00e3o&quot;","block_context":{"text":"Not\u00edcias de Ribeir\u00e3o Preto-SP e Regi\u00e3o","link":"https:\/\/noticiasribeiraopreto.com.br\/index.php\/category\/noticias-de-ribeirao-preto-sp-e-regiao-ismael-colosi\/"},"img":{"alt_text":"","src":"https:\/\/i0.wp.com\/noticiasribeiraopreto.com.br\/wp-content\/uploads\/2025\/10\/ACIDENTE_2025-10-11_20-59-42.webp.webp?fit=1200%2C772&ssl=1&resize=350%2C200","width":350,"height":200,"srcset":"https:\/\/i0.wp.com\/noticiasribeiraopreto.com.br\/wp-content\/uploads\/2025\/10\/ACIDENTE_2025-10-11_20-59-42.webp.webp?fit=1200%2C772&ssl=1&resize=350%2C200 1x, https:\/\/i0.wp.com\/noticiasribeiraopreto.com.br\/wp-content\/uploads\/2025\/10\/ACIDENTE_2025-10-11_20-59-42.webp.webp?fit=1200%2C772&ssl=1&resize=525%2C300 1.5x, https:\/\/i0.wp.com\/noticiasribeiraopreto.com.br\/wp-content\/uploads\/2025\/10\/ACIDENTE_2025-10-11_20-59-42.webp.webp?fit=1200%2C772&ssl=1&resize=700%2C400 2x, https:\/\/i0.wp.com\/noticiasribeiraopreto.com.br\/wp-content\/uploads\/2025\/10\/ACIDENTE_2025-10-11_20-59-42.webp.webp?fit=1200%2C772&ssl=1&resize=1050%2C600 3x"},"classes":[]},{"id":61466,"url":"https:\/\/noticiasribeiraopreto.com.br\/index.php\/2024\/12\/13\/ipva-2025-governo-de-sao-paulo-divulga-regras-e-calendario-de-pagamento\/","url_meta":{"origin":79038,"position":3},"title":"IPVA 2025: Governo de S\u00e3o Paulo Divulga Regras e Calend\u00e1rio de Pagamento","author":"noticiasribeiraopreto.com.br","date":"13 de December de 2024","format":false,"excerpt":"O Governo do Estado de S\u00e3o Paulo publicou nesta sexta-feira (13) as regras e o calend\u00e1rio para o pagamento do Imposto sobre a Propriedade de Ve\u00edculos Automotores (IPVA) em 2025. Propriet\u00e1rios de ve\u00edculos registrados no estado j\u00e1 podem se planejar para quitar o tributo, que \u00e9 uma das principais fontes\u2026","rel":"","context":"In &quot;Not\u00edcias de Ribeir\u00e3o Preto-SP e Regi\u00e3o&quot;","block_context":{"text":"Not\u00edcias de Ribeir\u00e3o Preto-SP e Regi\u00e3o","link":"https:\/\/noticiasribeiraopreto.com.br\/index.php\/category\/noticias-de-ribeirao-preto-sp-e-regiao-ismael-colosi\/"},"img":{"alt_text":"","src":"https:\/\/i0.wp.com\/noticiasribeiraopreto.com.br\/wp-content\/uploads\/2024\/12\/rovros_abr_04122018-_9660.webp.webp?fit=1170%2C700&ssl=1&resize=350%2C200","width":350,"height":200,"srcset":"https:\/\/i0.wp.com\/noticiasribeiraopreto.com.br\/wp-content\/uploads\/2024\/12\/rovros_abr_04122018-_9660.webp.webp?fit=1170%2C700&ssl=1&resize=350%2C200 1x, https:\/\/i0.wp.com\/noticiasribeiraopreto.com.br\/wp-content\/uploads\/2024\/12\/rovros_abr_04122018-_9660.webp.webp?fit=1170%2C700&ssl=1&resize=525%2C300 1.5x, https:\/\/i0.wp.com\/noticiasribeiraopreto.com.br\/wp-content\/uploads\/2024\/12\/rovros_abr_04122018-_9660.webp.webp?fit=1170%2C700&ssl=1&resize=700%2C400 2x, https:\/\/i0.wp.com\/noticiasribeiraopreto.com.br\/wp-content\/uploads\/2024\/12\/rovros_abr_04122018-_9660.webp.webp?fit=1170%2C700&ssl=1&resize=1050%2C600 3x"},"classes":[]},{"id":78413,"url":"https:\/\/noticiasribeiraopreto.com.br\/index.php\/2025\/10\/10\/caminhonete-furtada-e-localizada-tribuna-ribeirao\/","url_meta":{"origin":79038,"position":4},"title":"Caminhonete furtada \u00e9 localizada &#8211; Tribuna Ribeir\u00e3o","author":"noticiasribeiraopreto.com.br","date":"10 de October de 2025","format":false,"excerpt":"Ve\u00edculo de luxo foi localizado em canavial da zona rural de Ribeir\u00e3o Preto 10 de outubro de 2025 08:1310 de outubro de 2025 07:1415 Compartilhar1 Por: Adalberto Luque A equipe da Patrulha Rural da Guarda Civil Metropolitana (GCM) localizou, nesta quinta-feira (9), uma caminhonete na zona rural de Ribeir\u00e3o Preto.\u2026","rel":"","context":"In &quot;Not\u00edcias de Ribeir\u00e3o Preto-SP e Regi\u00e3o&quot;","block_context":{"text":"Not\u00edcias de Ribeir\u00e3o Preto-SP e Regi\u00e3o","link":"https:\/\/noticiasribeiraopreto.com.br\/index.php\/category\/noticias-de-ribeirao-preto-sp-e-regiao-ismael-colosi\/"},"img":{"alt_text":"","src":"https:\/\/i0.wp.com\/noticiasribeiraopreto.com.br\/wp-content\/uploads\/2025\/10\/10-out-2025-caminhonetefurtada2-scaled.jpg?fit=1170%2C780&ssl=1&resize=350%2C200","width":350,"height":200,"srcset":"https:\/\/i0.wp.com\/noticiasribeiraopreto.com.br\/wp-content\/uploads\/2025\/10\/10-out-2025-caminhonetefurtada2-scaled.jpg?fit=1170%2C780&ssl=1&resize=350%2C200 1x, https:\/\/i0.wp.com\/noticiasribeiraopreto.com.br\/wp-content\/uploads\/2025\/10\/10-out-2025-caminhonetefurtada2-scaled.jpg?fit=1170%2C780&ssl=1&resize=525%2C300 1.5x, https:\/\/i0.wp.com\/noticiasribeiraopreto.com.br\/wp-content\/uploads\/2025\/10\/10-out-2025-caminhonetefurtada2-scaled.jpg?fit=1170%2C780&ssl=1&resize=700%2C400 2x, https:\/\/i0.wp.com\/noticiasribeiraopreto.com.br\/wp-content\/uploads\/2025\/10\/10-out-2025-caminhonetefurtada2-scaled.jpg?fit=1170%2C780&ssl=1&resize=1050%2C600 3x"},"classes":[]},{"id":79574,"url":"https:\/\/noticiasribeiraopreto.com.br\/index.php\/2025\/11\/04\/onibus-tem-pane-no-freio-e-atinge-placa-de-sinalizacao-na-anhanguera-em-ribeirao-preto\/","url_meta":{"origin":79038,"position":5},"title":"\u00d4nibus tem pane no freio e atinge placa de sinaliza\u00e7\u00e3o na Anhanguera em Ribeir\u00e3o Preto","author":"noticiasribeiraopreto.com.br","date":"4 de November de 2025","format":false,"excerpt":"Um \u00f4nibus intermunicipal atingiu uma placa de sinaliza\u00e7\u00e3o na manh\u00e3 desta ter\u00e7a-feira (4), no km 303 pela pista sul da rodovia Anhanguera (SP-330), em Ribeir\u00e3o Preto. Segundo a concession\u00e1ria ViaPaulista, os 23 ocupantes sa\u00edram ilesos do ve\u00edculo. A Artesp (Ag\u00eancia Reguladora de Transporte do Estado de S\u00e3o Paulo) informou que\u2026","rel":"","context":"In &quot;Not\u00edcias de Ribeir\u00e3o Preto-SP e Regi\u00e3o&quot;","block_context":{"text":"Not\u00edcias de Ribeir\u00e3o Preto-SP e Regi\u00e3o","link":"https:\/\/noticiasribeiraopreto.com.br\/index.php\/category\/noticias-de-ribeirao-preto-sp-e-regiao-ismael-colosi\/"},"img":{"alt_text":"","src":"https:\/\/i0.wp.com\/noticiasribeiraopreto.com.br\/wp-content\/uploads\/2025\/11\/WhatsApp-Image-2025-11-04-at-08.44.15_2025-11-04_12-17-42.webp.webp?fit=1072%2C576&ssl=1&resize=350%2C200","width":350,"height":200,"srcset":"https:\/\/i0.wp.com\/noticiasribeiraopreto.com.br\/wp-content\/uploads\/2025\/11\/WhatsApp-Image-2025-11-04-at-08.44.15_2025-11-04_12-17-42.webp.webp?fit=1072%2C576&ssl=1&resize=350%2C200 1x, https:\/\/i0.wp.com\/noticiasribeiraopreto.com.br\/wp-content\/uploads\/2025\/11\/WhatsApp-Image-2025-11-04-at-08.44.15_2025-11-04_12-17-42.webp.webp?fit=1072%2C576&ssl=1&resize=525%2C300 1.5x, https:\/\/i0.wp.com\/noticiasribeiraopreto.com.br\/wp-content\/uploads\/2025\/11\/WhatsApp-Image-2025-11-04-at-08.44.15_2025-11-04_12-17-42.webp.webp?fit=1072%2C576&ssl=1&resize=700%2C400 2x, https:\/\/i0.wp.com\/noticiasribeiraopreto.com.br\/wp-content\/uploads\/2025\/11\/WhatsApp-Image-2025-11-04-at-08.44.15_2025-11-04_12-17-42.webp.webp?fit=1072%2C576&ssl=1&resize=1050%2C600 3x"},"classes":[]}],"jetpack_sharing_enabled":true,"jetpack_shortlink":"https:\/\/wp.me\/peQAOb-kyO","_links":{"self":[{"href":"https:\/\/noticiasribeiraopreto.com.br\/index.php\/wp-json\/wp\/v2\/posts\/79038","targetHints":{"allow":["GET"]}}],"collection":[{"href":"https:\/\/noticiasribeiraopreto.com.br\/index.php\/wp-json\/wp\/v2\/posts"}],"about":[{"href":"https:\/\/noticiasribeiraopreto.com.br\/index.php\/wp-json\/wp\/v2\/types\/post"}],"author":[{"embeddable":true,"href":"https:\/\/noticiasribeiraopreto.com.br\/index.php\/wp-json\/wp\/v2\/users\/1"}],"replies":[{"embeddable":true,"href":"https:\/\/noticiasribeiraopreto.com.br\/index.php\/wp-json\/wp\/v2\/comments?post=79038"}],"version-history":[{"count":0,"href":"https:\/\/noticiasribeiraopreto.com.br\/index.php\/wp-json\/wp\/v2\/posts\/79038\/revisions"}],"wp:featuredmedia":[{"embeddable":true,"href":"https:\/\/noticiasribeiraopreto.com.br\/index.php\/wp-json\/wp\/v2\/media\/79039"}],"wp:attachment":[{"href":"https:\/\/noticiasribeiraopreto.com.br\/index.php\/wp-json\/wp\/v2\/media?parent=79038"}],"wp:term":[{"taxonomy":"category","embeddable":true,"href":"https:\/\/noticiasribeiraopreto.com.br\/index.php\/wp-json\/wp\/v2\/categories?post=79038"},{"taxonomy":"post_tag","embeddable":true,"href":"https:\/\/noticiasribeiraopreto.com.br\/index.php\/wp-json\/wp\/v2\/tags?post=79038"}],"curies":[{"name":"wp","href":"https:\/\/api.w.org\/{rel}","templated":true}]}}