{"id":79040,"date":"2025-10-23T12:18:52","date_gmt":"2025-10-23T15:18:52","guid":{"rendered":"https:\/\/noticiasribeiraopreto.com.br\/index.php\/2025\/10\/23\/o-nao-ja-tem-tribuna-ribeirao\/"},"modified":"2025-10-23T12:18:52","modified_gmt":"2025-10-23T15:18:52","slug":"o-nao-ja-tem-tribuna-ribeirao","status":"publish","type":"post","link":"https:\/\/noticiasribeiraopreto.com.br\/index.php\/2025\/10\/23\/o-nao-ja-tem-tribuna-ribeirao\/","title":{"rendered":"O n\u00e3o j\u00e1 tem&#8230; &#8211; Tribuna Ribeir\u00e3o"},"content":{"rendered":"<p> <br \/>\n<\/p>\n<div id=\"post-443824\">\n<header class=\"entry-header penci-entry-header penci-title-center\">\n<p>\n\t\t\t\t\t\t\t\t\t<span class=\"entry-meta-item penci-posted-on\"><i class=\"fa fa-clock-o\"\/><time class=\"entry-date published updated\" datetime=\"2025-10-23T12:17:41-03:00\">23 de outubro de 2025 12:17<\/time><\/span><span class=\"entry-meta-item penci-post-countview\"><span class=\"entry-meta-item penci-post-countview penci_post-meta_item\"><i class=\"fa fa-eye\"\/><span class=\"penci-post-countview-number penci-post-countview-p443824\">5<\/span><\/span><\/span>\t\t\t\t\t\t\t\t<\/p>\n<p><!-- .entry-meta --><br \/>\n\t\t\t\t\t\t\t\t<span class=\"penci-social-buttons penci-social-share-footer\"><span class=\"penci-social-share-text\">Compartilhar<\/span><a href=\"#\" class=\"penci-post-like penci_post-meta_item  single-like-button penci-social-item like\" data-post_id=\"443824\" title=\"Like\" data-like=\"Like\" data-unlike=\"Unlike\"><i class=\"fa fa-thumbs-o-up\"\/><span class=\"penci-share-number\">0<\/span><\/a><i class=\"fa fa-facebook\"\/><a class=\"penci-social-item twitter\" target=\"_blank\" rel=\"noopener\" title=\"\" href=\"https:\/\/twitter.com\/intent\/tweet?text=O%20n\u00e3o%20j\u00e1%20tem-%20-%20https:\/\/www.tribunaribeirao.com.br\/o-nao-ja-tem\/\"><i class=\"fa fa-twitter\"\/><\/a><i class=\"fa fa-linkedin\"\/><i class=\"fa fa-whatsapp\"\/><i class=\"fa fa-telegram\"\/><i class=\"fa fa-envelope\"\/><\/span>\t\t\t\t\t\t\t<\/header>\n<p><!-- .entry-header --><\/p>\n<div class=\"entry-media penci-entry-media\">\n<div class=\"post-format-meta \"><img data-recalc-dims=\"1\" loading=\"lazy\" width=\"700\" height=\"392\" src=\"https:\/\/i0.wp.com\/www.tribunaribeirao.com.br\/wp-content\/uploads\/2025\/04\/confessionario.jpg?resize=700%2C392&#038;ssl=1\" class=\"attachment-penci-thumb-960-auto size-penci-thumb-960-auto wp-post-image lazyload\" alt=\"\" decoding=\"async\" srcset=\"https:\/\/www.tribunaribeirao.com.br\/wp-content\/uploads\/2025\/04\/confessionario.jpg 700w, https:\/\/www.tribunaribeirao.com.br\/wp-content\/uploads\/2025\/04\/confessionario-300x168.jpg 300w, https:\/\/www.tribunaribeirao.com.br\/wp-content\/uploads\/2025\/04\/confessionario-585x328.jpg 585w\" data-sizes=\"(max-width: 700px) 100vw, 700px\" style=\"--smush-placeholder-width: 700px; --smush-placeholder-aspect-ratio: 700\/392;\"\/><\/div>\n<\/p><\/div>\n<div class=\"penci-entry-content entry-content\">\n<p>O presidente da C\u00e2mara Municipal de Ribeir\u00e3o Preto, Isaac Antunes (PL), protocolou no Supremo Tribunal Federal (STF) um pedido ao ministro Alexandre de Moraes para visitar o ex-presidente Jair Bolsonaro (PL) \u2013 que cumpre pris\u00e3o domiciliar em Bras\u00edlia \u2013 e entregar pessoalmente o t\u00edtulo de Cidad\u00e3o Ribeir\u00e3o-Pretano, concedido pela C\u00e2mara em fevereiro de 2025.<\/p>\n<p>A visita depende de autoriza\u00e7\u00e3o judicial, j\u00e1 que Bolsonaro tem restri\u00e7\u00e3o de visitas enquanto aguarda o in\u00edcio do cumprimento da pena em regime fechado.<\/p>\n<p><!-- CONTENT END 3 -->\n<\/div>\n<p><!-- .entry-content --><\/p>\n<footer class=\"penci-entry-footer\">\n\t\t\t\t\t\t\t\t<span class=\"penci-social-buttons penci-social-share-footer\"><span class=\"penci-social-share-text\">Compartilhar<\/span><a href=\"#\" class=\"penci-post-like penci_post-meta_item  single-like-button penci-social-item like\" data-post_id=\"443824\" title=\"Like\" data-like=\"Like\" data-unlike=\"Unlike\"><i class=\"fa fa-thumbs-o-up\"\/><span class=\"penci-share-number\">0<\/span><\/a><i class=\"fa fa-facebook\"\/><a class=\"penci-social-item twitter\" target=\"_blank\" rel=\"noopener\" title=\"\" href=\"https:\/\/twitter.com\/intent\/tweet?text=O%20n\u00e3o%20j\u00e1%20tem-%20-%20https:\/\/www.tribunaribeirao.com.br\/o-nao-ja-tem\/\"><i class=\"fa fa-twitter\"\/><\/a><i class=\"fa fa-linkedin\"\/><i class=\"fa fa-whatsapp\"\/><i class=\"fa fa-telegram\"\/><i class=\"fa fa-envelope\"\/><\/span>\t\t\t\t\t\t\t<\/footer>\n<p><!-- .entry-footer -->\n\t\t\t\t\t\t<\/div>\n<p><script async src=\"\/\/platform.twitter.com\/widgets.js\" charset=\"utf-8\"><\/script><br \/>\n<br \/><br \/>\n<br \/><a href=\"https:\/\/www.tribunaribeirao.com.br\/o-nao-ja-tem\/\">Source link <\/a><\/p>\n","protected":false},"excerpt":{"rendered":"<p>23 de outubro de 2025 12:175 Compartilhar0 O presidente da C\u00e2mara Municipal de Ribeir\u00e3o Preto, Isaac Antunes (PL), protocolou no Supremo Tribunal Federal (STF) um&#8230;<\/p>\n","protected":false},"author":1,"featured_media":79041,"comment_status":"open","ping_status":"open","sticky":false,"template":"","format":"standard","meta":{"advanced_seo_description":"","jetpack_seo_html_title":"","jetpack_seo_noindex":false,"jetpack_post_was_ever_published":false,"_jetpack_newsletter_access":"","_jetpack_dont_email_post_to_subs":false,"_jetpack_newsletter_tier_id":0,"_jetpack_memberships_contains_paywalled_content":false,"_jetpack_memberships_contains_paid_content":false,"footnotes":"","jetpack_publicize_message":"","jetpack_publicize_feature_enabled":true,"jetpack_social_post_already_shared":true,"jetpack_social_options":{"image_generator_settings":{"template":"highway","default_image_id":0,"font":"","enabled":false},"version":2}},"categories":[11],"tags":[],"class_list":["post-79040","post","type-post","status-publish","format-standard","has-post-thumbnail","hentry","category-noticias-de-ribeirao-preto-sp-e-regiao-ismael-colosi"],"jetpack_publicize_connections":[],"jetpack_featured_media_url":"https:\/\/i0.wp.com\/noticiasribeiraopreto.com.br\/wp-content\/uploads\/2025\/10\/1761232732_confessionario.jpg?fit=700%2C392&ssl=1","jetpack-related-posts":[{"id":71998,"url":"https:\/\/noticiasribeiraopreto.com.br\/index.php\/2025\/06\/12\/confessionario-tribuna-ribeirao-31\/","url_meta":{"origin":79040,"position":0},"title":"Confession\u00e1rio &#8211; Tribuna Ribeir\u00e3o","author":"noticiasribeiraopreto.com.br","date":"12 de June de 2025","format":false,"excerpt":"12 de junho de 2025 10:132 Compartilhar0 Fim do cas\u00f3rio A Opa Comunica\u00e7\u00e3o n\u00e3o vai mais responder pela comunica\u00e7\u00e3o da Associa\u00e7\u00e3o Comercial e Industrial de Ribeir\u00e3o Preto com a imprensa, a partir do dia 19 deste m\u00eas. A parceria durou oito anos. O jornalista Jairnei Cesar Caparelli j\u00e1 circula no\u2026","rel":"","context":"In &quot;Not\u00edcias de Ribeir\u00e3o Preto-SP e Regi\u00e3o&quot;","block_context":{"text":"Not\u00edcias de Ribeir\u00e3o Preto-SP e Regi\u00e3o","link":"https:\/\/noticiasribeiraopreto.com.br\/index.php\/category\/noticias-de-ribeirao-preto-sp-e-regiao-ismael-colosi\/"},"img":{"alt_text":"","src":"https:\/\/i0.wp.com\/noticiasribeiraopreto.com.br\/wp-content\/uploads\/2025\/06\/microfone.radio0709201436-scaled-1.jpg?fit=700%2C419&ssl=1&resize=350%2C200","width":350,"height":200,"srcset":"https:\/\/i0.wp.com\/noticiasribeiraopreto.com.br\/wp-content\/uploads\/2025\/06\/microfone.radio0709201436-scaled-1.jpg?fit=700%2C419&ssl=1&resize=350%2C200 1x, https:\/\/i0.wp.com\/noticiasribeiraopreto.com.br\/wp-content\/uploads\/2025\/06\/microfone.radio0709201436-scaled-1.jpg?fit=700%2C419&ssl=1&resize=525%2C300 1.5x, https:\/\/i0.wp.com\/noticiasribeiraopreto.com.br\/wp-content\/uploads\/2025\/06\/microfone.radio0709201436-scaled-1.jpg?fit=700%2C419&ssl=1&resize=700%2C400 2x"},"classes":[]},{"id":70709,"url":"https:\/\/noticiasribeiraopreto.com.br\/index.php\/2025\/05\/29\/confessionario-tribuna-ribeirao-22\/","url_meta":{"origin":79040,"position":1},"title":"Confession\u00e1rio &#8211; Tribuna Ribeir\u00e3o","author":"noticiasribeiraopreto.com.br","date":"29 de May de 2025","format":false,"excerpt":"29 de maio de 2025 09:122 Compartilhar0 O jornalista e o escritor Jos\u00e9 Manoel n\u00e3o pertence mais ao quadro da Comunica\u00e7\u00e3o da ACIRP. Em mar\u00e7o, o Departamento j\u00e1 havia sido desfalcado com a sa\u00edda do experiente Carlos Ferreira, o Kak\u00e1. Compartilhar0 Source link","rel":"","context":"In &quot;Not\u00edcias de Ribeir\u00e3o Preto-SP e Regi\u00e3o&quot;","block_context":{"text":"Not\u00edcias de Ribeir\u00e3o Preto-SP e Regi\u00e3o","link":"https:\/\/noticiasribeiraopreto.com.br\/index.php\/category\/noticias-de-ribeirao-preto-sp-e-regiao-ismael-colosi\/"},"img":{"alt_text":"","src":"https:\/\/i0.wp.com\/noticiasribeiraopreto.com.br\/wp-content\/uploads\/2025\/05\/Acirp120-Pal-Divulgacao-Acrip-01-scaled.jpg?fit=444%2C500&ssl=1&resize=350%2C200","width":350,"height":200},"classes":[]},{"id":73216,"url":"https:\/\/noticiasribeiraopreto.com.br\/index.php\/2025\/06\/27\/confessionario-tribuna-ribeirao-36\/","url_meta":{"origin":79040,"position":2},"title":"Confession\u00e1rio &#8211; Tribuna Ribeir\u00e3o","author":"noticiasribeiraopreto.com.br","date":"27 de June de 2025","format":false,"excerpt":"27 de junho de 2025 10:272 Compartilhar0 Medebistas fazem elei\u00e7\u00e3o para presidente do Diret\u00f3rio Municipal O Movimento Democr\u00e1tico Brasileiro (MDB) realiza, neste s\u00e1bado, 28, conven\u00e7\u00e3o para eleger o presidente da legenda em Ribeir\u00e3o Preto para o per\u00edodo de 2025 a 2027. O atual ocupante do cargo, o ex-vereador Marinho Sampaio,\u2026","rel":"","context":"In &quot;Not\u00edcias de Ribeir\u00e3o Preto-SP e Regi\u00e3o&quot;","block_context":{"text":"Not\u00edcias de Ribeir\u00e3o Preto-SP e Regi\u00e3o","link":"https:\/\/noticiasribeiraopreto.com.br\/index.php\/category\/noticias-de-ribeirao-preto-sp-e-regiao-ismael-colosi\/"},"img":{"alt_text":"","src":"https:\/\/i0.wp.com\/noticiasribeiraopreto.com.br\/wp-content\/uploads\/2025\/06\/mdbcon.jpeg?fit=848%2C477&ssl=1&resize=350%2C200","width":350,"height":200,"srcset":"https:\/\/i0.wp.com\/noticiasribeiraopreto.com.br\/wp-content\/uploads\/2025\/06\/mdbcon.jpeg?fit=848%2C477&ssl=1&resize=350%2C200 1x, https:\/\/i0.wp.com\/noticiasribeiraopreto.com.br\/wp-content\/uploads\/2025\/06\/mdbcon.jpeg?fit=848%2C477&ssl=1&resize=525%2C300 1.5x, https:\/\/i0.wp.com\/noticiasribeiraopreto.com.br\/wp-content\/uploads\/2025\/06\/mdbcon.jpeg?fit=848%2C477&ssl=1&resize=700%2C400 2x"},"classes":[]},{"id":76111,"url":"https:\/\/noticiasribeiraopreto.com.br\/index.php\/2025\/08\/22\/concurso-miss-comerciaria-2025-ja-tem-suas-12-finalistas\/","url_meta":{"origin":79040,"position":3},"title":"Concurso Miss Comerci\u00e1ria 2025 j\u00e1 tem suas 12 finalistas","author":"noticiasribeiraopreto.com.br","date":"22 de August de 2025","format":false,"excerpt":"Concurso desse ano foi super disputado, com 36 candidatas para 12 vagas Nesta sexta-feira (22) foram selecionadas as finalistas que v\u00e3o concorrer ao Miss Comerci\u00e1ria 2025. Este ano, o concurso bateu recorde de inscri\u00e7\u00f5es com 36 candidatas para disputar 12 vagas para a grande final. O evento que vai escolher\u2026","rel":"","context":"In &quot;Not\u00edcias de Ribeir\u00e3o Preto-SP e Regi\u00e3o&quot;","block_context":{"text":"Not\u00edcias de Ribeir\u00e3o Preto-SP e Regi\u00e3o","link":"https:\/\/noticiasribeiraopreto.com.br\/index.php\/category\/noticias-de-ribeirao-preto-sp-e-regiao-ismael-colosi\/"},"img":{"alt_text":"","src":"https:\/\/i0.wp.com\/noticiasribeiraopreto.com.br\/wp-content\/uploads\/2025\/08\/Miss.jpeg?fit=910%2C557&ssl=1&resize=350%2C200","width":350,"height":200,"srcset":"https:\/\/i0.wp.com\/noticiasribeiraopreto.com.br\/wp-content\/uploads\/2025\/08\/Miss.jpeg?fit=910%2C557&ssl=1&resize=350%2C200 1x, https:\/\/i0.wp.com\/noticiasribeiraopreto.com.br\/wp-content\/uploads\/2025\/08\/Miss.jpeg?fit=910%2C557&ssl=1&resize=525%2C300 1.5x, https:\/\/i0.wp.com\/noticiasribeiraopreto.com.br\/wp-content\/uploads\/2025\/08\/Miss.jpeg?fit=910%2C557&ssl=1&resize=700%2C400 2x"},"classes":[]},{"id":72448,"url":"https:\/\/noticiasribeiraopreto.com.br\/index.php\/2025\/06\/17\/confessionario-tribuna-ribeirao-32\/","url_meta":{"origin":79040,"position":4},"title":"Confession\u00e1rio &#8211; Tribuna Ribeir\u00e3o","author":"noticiasribeiraopreto.com.br","date":"17 de June de 2025","format":false,"excerpt":"17 de junho de 2025 12:225 Compartilhar0 Sopa de letrinhas\u2026 Em comunicado \u2018interno\u2019, a dire\u00e7\u00e3o da Associa\u00e7\u00e3o Comercial e Industrial de Ribeir\u00e3o Preto informou que Jairnei Caparelli n\u00e3o responde mais pela assessoria de imprensa da Entidade. N\u00e3o se sabe quais foram as raz\u00f5es, mas o jornalista n\u00e3o ficou uma semana\u2026","rel":"","context":"In &quot;Not\u00edcias de Ribeir\u00e3o Preto-SP e Regi\u00e3o&quot;","block_context":{"text":"Not\u00edcias de Ribeir\u00e3o Preto-SP e Regi\u00e3o","link":"https:\/\/noticiasribeiraopreto.com.br\/index.php\/category\/noticias-de-ribeirao-preto-sp-e-regiao-ismael-colosi\/"},"img":{"alt_text":"","src":"https:\/\/i0.wp.com\/noticiasribeiraopreto.com.br\/wp-content\/uploads\/2025\/06\/big_368285eafdd66425c19cfc76abf7469a.jpg?fit=500%2C369&ssl=1&resize=350%2C200","width":350,"height":200},"classes":[]},{"id":73259,"url":"https:\/\/noticiasribeiraopreto.com.br\/index.php\/2025\/06\/28\/confessionario-tribuna-ribeirao-37\/","url_meta":{"origin":79040,"position":5},"title":"Confession\u00e1rio &#8211; Tribuna Ribeir\u00e3o","author":"noticiasribeiraopreto.com.br","date":"28 de June de 2025","format":false,"excerpt":"28 de junho de 2025 08:2527 de junho de 2025 18:168 Compartilhar0 Centro Administrativo Um tradicional col\u00e9gio do Centro de Ribeir\u00e3o, poder\u00e1 ser o destino do novo centro administrativo da prefeitura de Ribeir\u00e3o Preto. As partes n\u00e3o confirmam, mas tem acontecido reuni\u00f5es de negocia\u00e7\u00e3o entre os propriet\u00e1rios da escola e\u2026","rel":"","context":"In &quot;Not\u00edcias de Ribeir\u00e3o Preto-SP e Regi\u00e3o&quot;","block_context":{"text":"Not\u00edcias de Ribeir\u00e3o Preto-SP e Regi\u00e3o","link":"https:\/\/noticiasribeiraopreto.com.br\/index.php\/category\/noticias-de-ribeirao-preto-sp-e-regiao-ismael-colosi\/"},"img":{"alt_text":"","src":"https:\/\/i0.wp.com\/noticiasribeiraopreto.com.br\/wp-content\/uploads\/2025\/06\/Centro.jpg?fit=1186%2C640&ssl=1&resize=350%2C200","width":350,"height":200,"srcset":"https:\/\/i0.wp.com\/noticiasribeiraopreto.com.br\/wp-content\/uploads\/2025\/06\/Centro.jpg?fit=1186%2C640&ssl=1&resize=350%2C200 1x, https:\/\/i0.wp.com\/noticiasribeiraopreto.com.br\/wp-content\/uploads\/2025\/06\/Centro.jpg?fit=1186%2C640&ssl=1&resize=525%2C300 1.5x, https:\/\/i0.wp.com\/noticiasribeiraopreto.com.br\/wp-content\/uploads\/2025\/06\/Centro.jpg?fit=1186%2C640&ssl=1&resize=700%2C400 2x, https:\/\/i0.wp.com\/noticiasribeiraopreto.com.br\/wp-content\/uploads\/2025\/06\/Centro.jpg?fit=1186%2C640&ssl=1&resize=1050%2C600 3x"},"classes":[]}],"jetpack_sharing_enabled":true,"jetpack_shortlink":"https:\/\/wp.me\/peQAOb-kyQ","_links":{"self":[{"href":"https:\/\/noticiasribeiraopreto.com.br\/index.php\/wp-json\/wp\/v2\/posts\/79040","targetHints":{"allow":["GET"]}}],"collection":[{"href":"https:\/\/noticiasribeiraopreto.com.br\/index.php\/wp-json\/wp\/v2\/posts"}],"about":[{"href":"https:\/\/noticiasribeiraopreto.com.br\/index.php\/wp-json\/wp\/v2\/types\/post"}],"author":[{"embeddable":true,"href":"https:\/\/noticiasribeiraopreto.com.br\/index.php\/wp-json\/wp\/v2\/users\/1"}],"replies":[{"embeddable":true,"href":"https:\/\/noticiasribeiraopreto.com.br\/index.php\/wp-json\/wp\/v2\/comments?post=79040"}],"version-history":[{"count":0,"href":"https:\/\/noticiasribeiraopreto.com.br\/index.php\/wp-json\/wp\/v2\/posts\/79040\/revisions"}],"wp:featuredmedia":[{"embeddable":true,"href":"https:\/\/noticiasribeiraopreto.com.br\/index.php\/wp-json\/wp\/v2\/media\/79041"}],"wp:attachment":[{"href":"https:\/\/noticiasribeiraopreto.com.br\/index.php\/wp-json\/wp\/v2\/media?parent=79040"}],"wp:term":[{"taxonomy":"category","embeddable":true,"href":"https:\/\/noticiasribeiraopreto.com.br\/index.php\/wp-json\/wp\/v2\/categories?post=79040"},{"taxonomy":"post_tag","embeddable":true,"href":"https:\/\/noticiasribeiraopreto.com.br\/index.php\/wp-json\/wp\/v2\/tags?post=79040"}],"curies":[{"name":"wp","href":"https:\/\/api.w.org\/{rel}","templated":true}]}}