{"id":79042,"date":"2025-10-23T13:05:19","date_gmt":"2025-10-23T16:05:19","guid":{"rendered":"https:\/\/noticiasribeiraopreto.com.br\/index.php\/2025\/10\/23\/caso-larissa-medico-acusado-de-matar-professora-admite-ter-sentido-ciumes-da-amante-durante-audiencia-video\/"},"modified":"2025-10-23T13:05:19","modified_gmt":"2025-10-23T16:05:19","slug":"caso-larissa-medico-acusado-de-matar-professora-admite-ter-sentido-ciumes-da-amante-durante-audiencia-video","status":"publish","type":"post","link":"https:\/\/noticiasribeiraopreto.com.br\/index.php\/2025\/10\/23\/caso-larissa-medico-acusado-de-matar-professora-admite-ter-sentido-ciumes-da-amante-durante-audiencia-video\/","title":{"rendered":"Caso Larissa: m\u00e9dico acusado de matar professora admite ter sentido ci\u00fames da amante durante audi\u00eancia; V\u00eddeo"},"content":{"rendered":"<div class='code-block code-block-1' style='margin: 8px 0 8px auto; text-align: right; display: block; clear: both;'>\n<p><a href=\"https:\/\/wa.link\/vpicfd\"><img data-recalc-dims=\"1\" class=\"wp-image-4922\" style=\"aspect-ratio: 2.0253164556962027; width: 561px; height: auto;\" src=\"https:\/\/i0.wp.com\/ismaelcolosi.com.br\/wp-content\/uploads\/2023\/11\/grupo-de-empregos-whatsapp-e-facebook-ismael-colosi-vagas.jpg?ssl=1\" alt=\"\" \/><\/a><\/p>\n<!-- \/wp:image -->\n<\/div>\n<p> <br \/>\n<\/p>\n<div>\n<p>Durante a <strong>\u00faltima audi\u00eancia de instru\u00e7\u00e3o<\/strong>, realizada em 14 de outubro, o <strong>m\u00e9dico Luiz Ant\u00f4nio Garnica<\/strong>, acusado pela <strong>morte da professora Larissa Rodrigues<\/strong>, em mar\u00e7o deste ano, em <strong>Ribeir\u00e3o Preto<\/strong>, admitiu ter sentido <strong>ci\u00fames <\/strong>da amante, Let\u00edcia Camilo Laurindo.<\/p>\n<p>Na ocasi\u00e3o, <strong>Garnica <\/strong>foi questionado pelo promotor <strong>Marcus T\u00falio Nicolino<\/strong> sobre o relacionamento extraconjugal e sobre o envolvimento de Let\u00edcia com outro homem, identificado como <strong>Pedro<\/strong>.<\/p>\n<figure class=\"wp-block-pullquote\">\n<blockquote>\n<p>Sim [eu tinha ci\u00fames] como qualquer pessoa que tem outra pessoa tem ci\u00fames. Mas era um ci\u00fame saud\u00e1vel, assim, eu conversava com o Pedro, a gente at\u00e9 fazia academia juntos. N\u00e3o teve nenhum problema quanto a isso<\/p>\n<p><cite>Luiz Ant\u00f4nio Garnica<\/cite><\/p><\/blockquote>\n<\/figure>\n<p>Ainda segundo <strong>Garnica<\/strong>, o sentimento era apenas o desconforto \u201cde saber que a pessoa com quem est\u00e1 ficando tem outro homem\u201d, afirmando que Let\u00edcia \u201ctamb\u00e9m sentia ci\u00fames de Larissa\u201d.<\/p>\n<p>Na mesma audi\u00eancia, <mark style=\"background-color:#fcb900\" class=\"has-inline-color\">a <strong>Justi\u00e7a <\/strong>tentou esclarecer se <strong>Garnica <\/strong>e <strong>Let\u00edcia<\/strong> teriam tentado burlar o sistema prisional para permitir que ela o visitasse na cadeia.<\/mark> Segundo a investiga\u00e7\u00e3o, apenas familiares e companheiros com v\u00ednculo reconhecido podem realizar visitas, e o casal teria apresentado um documento de uni\u00e3o est\u00e1vel para permitir o acesso.<\/p>\n<p>Em setembro deste ano, a defesa de Let\u00edcia informou que <strong>protocolou um pedido \u00e0 Secretaria de Administra\u00e7\u00e3o Penitenci\u00e1ria (SAP) para que ela visit\u00e1-lo na pris\u00e3o<\/strong>.<\/p>\n<p>Na \u00e9poca, o advogado <strong>Henrique Berge<\/strong> explicou que a solicita\u00e7\u00e3o foi feita por meio de uma <strong>declara\u00e7\u00e3o de uni\u00e3o est\u00e1vel emitida pelo pr\u00f3prio sistema penitenci\u00e1rio<\/strong>. O documento, por\u00e9m, <strong>n\u00e3o possui validade jur\u00eddica<\/strong> equivalente \u00e0 uni\u00e3o est\u00e1vel registrada em cart\u00f3rio, servindo <strong>apenas para regularizar a visita de parceiros a detentos<\/strong>.<\/p>\n<figure class=\"wp-block-pullquote\">\n<blockquote>\n<p>O que ela fez foi um papel necess\u00e1rio, at\u00e9 pelo pr\u00f3prio tr\u00e2mite aqui da cadeia. Qualquer preso tem o direito de receber uma visita \u00edntima, sendo esposa ou n\u00e3o; qualquer mulher pode assumir esse papel, seja casada ou n\u00e3o. Ent\u00e3o, ela fez os pap\u00e9is, sim, mas n\u00e3o veio me visitar. N\u00e3o sei se ela vir\u00e1, n\u00e3o sei. Eu nunca vi esse documento, n\u00e3o sei o que est\u00e1 escrito nele, mas, at\u00e9 onde eu sei, n\u00e3o \u00e9 um papel de uni\u00e3o est\u00e1vel. Se fosse, eu saberia e meu advogado teria me orientado sobre isso. Hoje \u00e9 dia 14, faz 101 dias que n\u00e3o vejo a Let\u00edcia<\/p>\n<p><cite>disse Luiz Ant\u00f4nio Garnica durante audi\u00eancia<\/cite><\/p><\/blockquote>\n<\/figure>\n<blockquote class=\"instagram-media\" data-instgrm-permalink=\"https:\/\/www.instagram.com\/reel\/DQJ_EmgDjwl\/?utm_source=ig_embed&amp;utm_campaign=loading\" data-instgrm-version=\"14\" style=\" background:#FFF; border:0; border-radius:3px; box-shadow:0 0 1px 0 rgba(0,0,0,0.5),0 1px 10px 0 rgba(0,0,0,0.15); margin: 1px; max-width:540px; min-width:326px; padding:0; width:99.375%; width:-webkit-calc(100% - 2px); width:calc(100% - 2px);\"\/>\n<hr class=\"wp-block-separator has-alpha-channel-opacity\"\/>\n<p>SAIBA MAIS<\/p>\n<p>Receita Federal apreende R$ 800 mil em eletr\u00f4nicos em Ribeir\u00e3o Preto<\/p>\n<h2 class=\"wp-block-heading\"><strong>FIQUE ON<\/strong><\/h2>\n<p>Fique ligado em tudo que acontece em Ribeir\u00e3o Preto e regi\u00e3o. Siga os perfis do\u00a0<strong>acidade on<\/strong>\u00a0no\u00a0<a href=\"https:\/\/www.instagram.com\/acidadeonribeirao\" target=\"_blank\" rel=\"noreferrer noopener\">Instagram\u00a0<\/a>e no<a href=\"https:\/\/www.facebook.com\/acidadeonribeirao\/\" target=\"_blank\" rel=\"noreferrer noopener\">\u00a0Facebook<\/a>.<\/p>\n<p>Receba not\u00edcias do\u00a0<strong>acidade on<\/strong>\u00a0no WhatsApp. Para entrar no grupo,\u00a0basta\u00a0<a href=\"https:\/\/chat.whatsapp.com\/I4nieTEMKlf50pJ28aMemC?mode=ac_t\" target=\"_blank\" rel=\"noreferrer noopener\">clicar aqui<\/a>. Ou, acesse o nosso\u00a0Canal<a href=\"https:\/\/whatsapp.com\/channel\/0029Vb6IQl1JENyAeS57fk2p\" target=\"_blank\" rel=\"noreferrer noopener\">\u00a0clicando aqui<\/a>.<\/p>\n<p>Fa\u00e7a uma den\u00fancia ou sugira uma reportagem sobre Ribeir\u00e3o Preto e regi\u00e3o pelo WhatsApp: 16 99117 7802.<\/p>\n<p>VEJA TAMB\u00c9M<\/p>\n<p>Gaby Spanic, de \u2018A Usurpadora\u2019, vai estar em \u2018Beleza Fatal 2\u2019?<\/p>\n<p><!-- AI CONTENT END 1 -->\n<\/div>\n<p><script async src=\"\/\/www.instagram.com\/embed.js\"><\/script><br \/>\n<br \/><br \/>\n<br \/><a href=\"https:\/\/www.acidadeon.com\/ribeiraopreto\/cotidiano\/caso-larissa-medico-acusado-de-matar-professora-admite-ter-sentido-ciumes-da-amante-durante-audiencia-video\/\">Source link <\/a><\/p>\n<!-- CONTENT END 1 -->\n","protected":false},"excerpt":{"rendered":"<p>Durante a \u00faltima audi\u00eancia de instru\u00e7\u00e3o, realizada em 14 de outubro, o m\u00e9dico Luiz Ant\u00f4nio Garnica, acusado pela morte da professora Larissa Rodrigues, em mar\u00e7o&#8230;<\/p>\n","protected":false},"author":1,"featured_media":79043,"comment_status":"open","ping_status":"open","sticky":false,"template":"","format":"standard","meta":{"advanced_seo_description":"","jetpack_seo_html_title":"","jetpack_seo_noindex":false,"jetpack_post_was_ever_published":false,"_jetpack_newsletter_access":"","_jetpack_dont_email_post_to_subs":false,"_jetpack_newsletter_tier_id":0,"_jetpack_memberships_contains_paywalled_content":false,"_jetpack_memberships_contains_paid_content":false,"footnotes":"","jetpack_publicize_message":"","jetpack_publicize_feature_enabled":true,"jetpack_social_post_already_shared":true,"jetpack_social_options":{"image_generator_settings":{"template":"highway","default_image_id":0,"font":"","enabled":false},"version":2}},"categories":[11],"tags":[],"class_list":["post-79042","post","type-post","status-publish","format-standard","has-post-thumbnail","hentry","category-noticias-de-ribeirao-preto-sp-e-regiao-ismael-colosi"],"jetpack_publicize_connections":[],"jetpack_featured_media_url":"https:\/\/i0.wp.com\/noticiasribeiraopreto.com.br\/wp-content\/uploads\/2025\/10\/Copia-de-Copia-de-Copia-de-TAMANHO-EXATO-PARA-FOTOS-NO-SISTEMA-NOVO-2025-10-23T120353.631_2025-10-23_15-03-57.webp.webp?fit=1200%2C675&ssl=1","jetpack-related-posts":[{"id":80571,"url":"https:\/\/noticiasribeiraopreto.com.br\/index.php\/2025\/12\/06\/ele-gostava-dela-mas-ele-gostava-de-mim-tambem-diz-amante-de-medico-acusado-de-matar-esposa\/","url_meta":{"origin":79042,"position":0},"title":"&#8216;Ele gostava dela, mas ele gostava de mim tamb\u00e9m&#8217;, diz amante de m\u00e9dico acusado de matar esposa","author":"noticiasribeiraopreto.com.br","date":"6 de December de 2025","format":false,"excerpt":"Em depoimento \u00e0 Justi\u00e7a de Ribeir\u00e3o Preto, Let\u00edcia Camilo Laurindo, apontada como amante do m\u00e9dico Luiz Antonio Garnica, afirmou que o r\u00e9u mantinha sentimentos simult\u00e2neos pela esposa, a professora de pilates Larissa Rodrigues, e por ela. A oitiva ocorreu em 10 de outubro, durante audi\u00eancia do processo que apura a\u2026","rel":"","context":"In &quot;Not\u00edcias de Ribeir\u00e3o Preto-SP e Regi\u00e3o&quot;","block_context":{"text":"Not\u00edcias de Ribeir\u00e3o Preto-SP e Regi\u00e3o","link":"https:\/\/noticiasribeiraopreto.com.br\/index.php\/category\/noticias-de-ribeirao-preto-sp-e-regiao-ismael-colosi\/"},"img":{"alt_text":"","src":"https:\/\/i0.wp.com\/noticiasribeiraopreto.com.br\/wp-content\/uploads\/2025\/12\/Copia-de-Copia-de-Copia-de-TAMANHO-EXATO-PARA-FOTOS-NO-SISTEMA-NOVO-2025-12-05T162317.381_2025-12-05_19-23-58.webp.webp?fit=1200%2C675&ssl=1&resize=350%2C200","width":350,"height":200,"srcset":"https:\/\/i0.wp.com\/noticiasribeiraopreto.com.br\/wp-content\/uploads\/2025\/12\/Copia-de-Copia-de-Copia-de-TAMANHO-EXATO-PARA-FOTOS-NO-SISTEMA-NOVO-2025-12-05T162317.381_2025-12-05_19-23-58.webp.webp?fit=1200%2C675&ssl=1&resize=350%2C200 1x, https:\/\/i0.wp.com\/noticiasribeiraopreto.com.br\/wp-content\/uploads\/2025\/12\/Copia-de-Copia-de-Copia-de-TAMANHO-EXATO-PARA-FOTOS-NO-SISTEMA-NOVO-2025-12-05T162317.381_2025-12-05_19-23-58.webp.webp?fit=1200%2C675&ssl=1&resize=525%2C300 1.5x, https:\/\/i0.wp.com\/noticiasribeiraopreto.com.br\/wp-content\/uploads\/2025\/12\/Copia-de-Copia-de-Copia-de-TAMANHO-EXATO-PARA-FOTOS-NO-SISTEMA-NOVO-2025-12-05T162317.381_2025-12-05_19-23-58.webp.webp?fit=1200%2C675&ssl=1&resize=700%2C400 2x, https:\/\/i0.wp.com\/noticiasribeiraopreto.com.br\/wp-content\/uploads\/2025\/12\/Copia-de-Copia-de-Copia-de-TAMANHO-EXATO-PARA-FOTOS-NO-SISTEMA-NOVO-2025-12-05T162317.381_2025-12-05_19-23-58.webp.webp?fit=1200%2C675&ssl=1&resize=1050%2C600 3x"},"classes":[]},{"id":77099,"url":"https:\/\/noticiasribeiraopreto.com.br\/index.php\/2025\/09\/11\/amante-pede-autorizacao-para-visitar-medico-preso-acusado-de-matar-esposa-em-ribeirao\/","url_meta":{"origin":79042,"position":1},"title":"Amante pede autoriza\u00e7\u00e3o para visitar m\u00e9dico preso acusado de matar esposa em Ribeir\u00e3o","author":"noticiasribeiraopreto.com.br","date":"11 de September de 2025","format":false,"excerpt":"A defesa de Let\u00edcia Camilo Laurindo, apontada como amante do m\u00e9dico Luiz Antonio Garnica, acusado de matar a esposa, Larissa Rodrigues, por envenenamento em Ribeir\u00e3o Preto, protocolou um pedido \u00e0 Secretaria de Administra\u00e7\u00e3o Penitenci\u00e1ria (SAP) para que ela possa visit\u00e1-lo na pris\u00e3o. Segundo o advogado Henrique Berge, a solicita\u00e7\u00e3o foi\u2026","rel":"","context":"In &quot;Not\u00edcias de Ribeir\u00e3o Preto-SP e Regi\u00e3o&quot;","block_context":{"text":"Not\u00edcias de Ribeir\u00e3o Preto-SP e Regi\u00e3o","link":"https:\/\/noticiasribeiraopreto.com.br\/index.php\/category\/noticias-de-ribeirao-preto-sp-e-regiao-ismael-colosi\/"},"img":{"alt_text":"","src":"https:\/\/i0.wp.com\/noticiasribeiraopreto.com.br\/wp-content\/uploads\/2025\/09\/luiz-antonio-garnica_2025-05-15_16-05-38.webp.webp?fit=979%2C718&ssl=1&resize=350%2C200","width":350,"height":200,"srcset":"https:\/\/i0.wp.com\/noticiasribeiraopreto.com.br\/wp-content\/uploads\/2025\/09\/luiz-antonio-garnica_2025-05-15_16-05-38.webp.webp?fit=979%2C718&ssl=1&resize=350%2C200 1x, https:\/\/i0.wp.com\/noticiasribeiraopreto.com.br\/wp-content\/uploads\/2025\/09\/luiz-antonio-garnica_2025-05-15_16-05-38.webp.webp?fit=979%2C718&ssl=1&resize=525%2C300 1.5x, https:\/\/i0.wp.com\/noticiasribeiraopreto.com.br\/wp-content\/uploads\/2025\/09\/luiz-antonio-garnica_2025-05-15_16-05-38.webp.webp?fit=979%2C718&ssl=1&resize=700%2C400 2x"},"classes":[]},{"id":81503,"url":"https:\/\/noticiasribeiraopreto.com.br\/index.php\/2026\/01\/08\/preso-por-morte-da-esposa-medico-solicita-cancelamento-de-visitas-da-amante\/","url_meta":{"origin":79042,"position":2},"title":"Preso por morte da esposa, m\u00e9dico solicita cancelamento de visitas da amante","author":"noticiasribeiraopreto.com.br","date":"8 de January de 2026","format":false,"excerpt":"O m\u00e9dico Luiz Antonio Garnica, preso desde maio de 2025 pela morte da esposa em Ribeir\u00e3o Preto, solicitou o cancelamento das visitas da amante, Let\u00edcia Camilo Laurindo, no sistema prisional. \u00c0 \u00e9poca do crime, os dois mantinham um relacionamento extraconjugal, apontado pelo Minist\u00e9rio P\u00fablico (MP) como uma das poss\u00edveis motiva\u00e7\u00f5es\u2026","rel":"","context":"In &quot;Not\u00edcias de Ribeir\u00e3o Preto-SP e Regi\u00e3o&quot;","block_context":{"text":"Not\u00edcias de Ribeir\u00e3o Preto-SP e Regi\u00e3o","link":"https:\/\/noticiasribeiraopreto.com.br\/index.php\/category\/noticias-de-ribeirao-preto-sp-e-regiao-ismael-colosi\/"},"img":{"alt_text":"","src":"https:\/\/i0.wp.com\/noticiasribeiraopreto.com.br\/wp-content\/uploads\/2025\/10\/Copia-de-Copia-de-Copia-de-TAMANHO-EXATO-PARA-FOTOS-NO-SISTEMA-NOVO-2025-10-23T120353.631_2025-10-23_15-03-57.webp.webp?fit=1200%2C675&ssl=1&resize=350%2C200","width":350,"height":200,"srcset":"https:\/\/i0.wp.com\/noticiasribeiraopreto.com.br\/wp-content\/uploads\/2025\/10\/Copia-de-Copia-de-Copia-de-TAMANHO-EXATO-PARA-FOTOS-NO-SISTEMA-NOVO-2025-10-23T120353.631_2025-10-23_15-03-57.webp.webp?fit=1200%2C675&ssl=1&resize=350%2C200 1x, https:\/\/i0.wp.com\/noticiasribeiraopreto.com.br\/wp-content\/uploads\/2025\/10\/Copia-de-Copia-de-Copia-de-TAMANHO-EXATO-PARA-FOTOS-NO-SISTEMA-NOVO-2025-10-23T120353.631_2025-10-23_15-03-57.webp.webp?fit=1200%2C675&ssl=1&resize=525%2C300 1.5x, https:\/\/i0.wp.com\/noticiasribeiraopreto.com.br\/wp-content\/uploads\/2025\/10\/Copia-de-Copia-de-Copia-de-TAMANHO-EXATO-PARA-FOTOS-NO-SISTEMA-NOVO-2025-10-23T120353.631_2025-10-23_15-03-57.webp.webp?fit=1200%2C675&ssl=1&resize=700%2C400 2x, https:\/\/i0.wp.com\/noticiasribeiraopreto.com.br\/wp-content\/uploads\/2025\/10\/Copia-de-Copia-de-Copia-de-TAMANHO-EXATO-PARA-FOTOS-NO-SISTEMA-NOVO-2025-10-23T120353.631_2025-10-23_15-03-57.webp.webp?fit=1200%2C675&ssl=1&resize=1050%2C600 3x"},"classes":[]},{"id":76986,"url":"https:\/\/noticiasribeiraopreto.com.br\/index.php\/2025\/09\/09\/caso-larissa-justica-inicia-audiencia-com-depoimento-de-18-testemunhas\/","url_meta":{"origin":79042,"position":3},"title":"Caso Larissa: Justi\u00e7a inicia audi\u00eancia com depoimento de 18 testemunhas","author":"noticiasribeiraopreto.com.br","date":"9 de September de 2025","format":false,"excerpt":"A Justi\u00e7a ouviu nesta ter\u00e7a-feira (9), em Ribeir\u00e3o Preto, 18 das 24 testemunhas convocadas para a primeira audi\u00eancia de instru\u00e7\u00e3o do caso da morte da professora de pilates Larissa Rodrigues, envenenada em mar\u00e7o deste ano. Os acusados do homic\u00eddio, o m\u00e9dico Luiz Antonio Garnica, marido da v\u00edtima, e a sogra\u2026","rel":"","context":"In &quot;Not\u00edcias de Ribeir\u00e3o Preto-SP e Regi\u00e3o&quot;","block_context":{"text":"Not\u00edcias de Ribeir\u00e3o Preto-SP e Regi\u00e3o","link":"https:\/\/noticiasribeiraopreto.com.br\/index.php\/category\/noticias-de-ribeirao-preto-sp-e-regiao-ismael-colosi\/"},"img":{"alt_text":"","src":"https:\/\/i0.wp.com\/noticiasribeiraopreto.com.br\/wp-content\/uploads\/2025\/07\/Copia-de-Copia-de-Copia-de-TAMANHO-EXATO-PARA-FOTOS-NO-SISTEMA-NOVO-2025-07-01T135245.697_2025-07-01_16-52-51.webp.webp?fit=1200%2C675&ssl=1&resize=350%2C200","width":350,"height":200,"srcset":"https:\/\/i0.wp.com\/noticiasribeiraopreto.com.br\/wp-content\/uploads\/2025\/07\/Copia-de-Copia-de-Copia-de-TAMANHO-EXATO-PARA-FOTOS-NO-SISTEMA-NOVO-2025-07-01T135245.697_2025-07-01_16-52-51.webp.webp?fit=1200%2C675&ssl=1&resize=350%2C200 1x, https:\/\/i0.wp.com\/noticiasribeiraopreto.com.br\/wp-content\/uploads\/2025\/07\/Copia-de-Copia-de-Copia-de-TAMANHO-EXATO-PARA-FOTOS-NO-SISTEMA-NOVO-2025-07-01T135245.697_2025-07-01_16-52-51.webp.webp?fit=1200%2C675&ssl=1&resize=525%2C300 1.5x, https:\/\/i0.wp.com\/noticiasribeiraopreto.com.br\/wp-content\/uploads\/2025\/07\/Copia-de-Copia-de-Copia-de-TAMANHO-EXATO-PARA-FOTOS-NO-SISTEMA-NOVO-2025-07-01T135245.697_2025-07-01_16-52-51.webp.webp?fit=1200%2C675&ssl=1&resize=700%2C400 2x, https:\/\/i0.wp.com\/noticiasribeiraopreto.com.br\/wp-content\/uploads\/2025\/07\/Copia-de-Copia-de-Copia-de-TAMANHO-EXATO-PARA-FOTOS-NO-SISTEMA-NOVO-2025-07-01T135245.697_2025-07-01_16-52-51.webp.webp?fit=1200%2C675&ssl=1&resize=1050%2C600 3x"},"classes":[]},{"id":78471,"url":"https:\/\/noticiasribeiraopreto.com.br\/index.php\/2025\/10\/11\/perito-e-amante-depoem-no-caso-larissa\/","url_meta":{"origin":79042,"position":4},"title":"Perito e amante dep\u00f5em no caso Larissa\u00a0","author":"noticiasribeiraopreto.com.br","date":"11 de October de 2025","format":false,"excerpt":"O juiz Jos\u00e9 Roberto Bernardi Liberal, da 2\u00aa Vara do J\u00fari e das Execu\u00e7\u00f5es Criminais de Ribeir\u00e3o Preto, retomou nesta sexta-feira, 10 de outubro, o calend\u00e1rio de audi\u00eancias de instru\u00e7\u00e3o com depoimentos de seis testemunhas de acusa\u00e7\u00e3o no caso que envolve a morte da professora de pilates Larissa Talle Le\u00f4ncio\u2026","rel":"","context":"In &quot;Not\u00edcias de Ribeir\u00e3o Preto-SP e Regi\u00e3o&quot;","block_context":{"text":"Not\u00edcias de Ribeir\u00e3o Preto-SP e Regi\u00e3o","link":"https:\/\/noticiasribeiraopreto.com.br\/index.php\/category\/noticias-de-ribeirao-preto-sp-e-regiao-ismael-colosi\/"},"img":{"alt_text":"","src":"https:\/\/i0.wp.com\/noticiasribeiraopreto.com.br\/wp-content\/uploads\/2025\/10\/1760180474_05-mai-2025-professorabotanico.jpg?fit=759%2C771&ssl=1&resize=350%2C200","width":350,"height":200,"srcset":"https:\/\/i0.wp.com\/noticiasribeiraopreto.com.br\/wp-content\/uploads\/2025\/10\/1760180474_05-mai-2025-professorabotanico.jpg?fit=759%2C771&ssl=1&resize=350%2C200 1x, https:\/\/i0.wp.com\/noticiasribeiraopreto.com.br\/wp-content\/uploads\/2025\/10\/1760180474_05-mai-2025-professorabotanico.jpg?fit=759%2C771&ssl=1&resize=525%2C300 1.5x, https:\/\/i0.wp.com\/noticiasribeiraopreto.com.br\/wp-content\/uploads\/2025\/10\/1760180474_05-mai-2025-professorabotanico.jpg?fit=759%2C771&ssl=1&resize=700%2C400 2x"},"classes":[]},{"id":78439,"url":"https:\/\/noticiasribeiraopreto.com.br\/index.php\/2025\/10\/10\/caso-larissa-medico-legista-e-amante-do-marido-da-vitima-sao-ouvidos-pela-justica\/","url_meta":{"origin":79042,"position":5},"title":"Caso Larissa: M\u00e9dico legista e amante do marido da v\u00edtima s\u00e3o ouvidos pela Justi\u00e7a","author":"noticiasribeiraopreto.com.br","date":"10 de October de 2025","format":false,"excerpt":"Acontece nesta sexta-feira (10) no F\u00f3rum de Ribeir\u00e3o Preto a segunda audi\u00eancia de instru\u00e7\u00e3o, no qual s\u00e3o ouvidas testemunhas do caso da professora Larissa Rodrigues, morta em mar\u00e7o deste ano por envenenamento. Os acusados pela morte da professora s\u00e3o o marido, Luiz Ant\u00f4nio Garnica, e a sogra de Larissa, Elizabete\u2026","rel":"","context":"In &quot;Not\u00edcias de Ribeir\u00e3o Preto-SP e Regi\u00e3o&quot;","block_context":{"text":"Not\u00edcias de Ribeir\u00e3o Preto-SP e Regi\u00e3o","link":"https:\/\/noticiasribeiraopreto.com.br\/index.php\/category\/noticias-de-ribeirao-preto-sp-e-regiao-ismael-colosi\/"},"img":{"alt_text":"","src":"https:\/\/i0.wp.com\/noticiasribeiraopreto.com.br\/wp-content\/uploads\/2025\/07\/Copia-de-Copia-de-Copia-de-TAMANHO-EXATO-PARA-FOTOS-NO-SISTEMA-NOVO-2025-07-01T135245.697_2025-07-01_16-52-51.webp.webp?fit=1200%2C675&ssl=1&resize=350%2C200","width":350,"height":200,"srcset":"https:\/\/i0.wp.com\/noticiasribeiraopreto.com.br\/wp-content\/uploads\/2025\/07\/Copia-de-Copia-de-Copia-de-TAMANHO-EXATO-PARA-FOTOS-NO-SISTEMA-NOVO-2025-07-01T135245.697_2025-07-01_16-52-51.webp.webp?fit=1200%2C675&ssl=1&resize=350%2C200 1x, https:\/\/i0.wp.com\/noticiasribeiraopreto.com.br\/wp-content\/uploads\/2025\/07\/Copia-de-Copia-de-Copia-de-TAMANHO-EXATO-PARA-FOTOS-NO-SISTEMA-NOVO-2025-07-01T135245.697_2025-07-01_16-52-51.webp.webp?fit=1200%2C675&ssl=1&resize=525%2C300 1.5x, https:\/\/i0.wp.com\/noticiasribeiraopreto.com.br\/wp-content\/uploads\/2025\/07\/Copia-de-Copia-de-Copia-de-TAMANHO-EXATO-PARA-FOTOS-NO-SISTEMA-NOVO-2025-07-01T135245.697_2025-07-01_16-52-51.webp.webp?fit=1200%2C675&ssl=1&resize=700%2C400 2x, https:\/\/i0.wp.com\/noticiasribeiraopreto.com.br\/wp-content\/uploads\/2025\/07\/Copia-de-Copia-de-Copia-de-TAMANHO-EXATO-PARA-FOTOS-NO-SISTEMA-NOVO-2025-07-01T135245.697_2025-07-01_16-52-51.webp.webp?fit=1200%2C675&ssl=1&resize=1050%2C600 3x"},"classes":[]}],"jetpack_sharing_enabled":true,"jetpack_shortlink":"https:\/\/wp.me\/peQAOb-kyS","_links":{"self":[{"href":"https:\/\/noticiasribeiraopreto.com.br\/index.php\/wp-json\/wp\/v2\/posts\/79042","targetHints":{"allow":["GET"]}}],"collection":[{"href":"https:\/\/noticiasribeiraopreto.com.br\/index.php\/wp-json\/wp\/v2\/posts"}],"about":[{"href":"https:\/\/noticiasribeiraopreto.com.br\/index.php\/wp-json\/wp\/v2\/types\/post"}],"author":[{"embeddable":true,"href":"https:\/\/noticiasribeiraopreto.com.br\/index.php\/wp-json\/wp\/v2\/users\/1"}],"replies":[{"embeddable":true,"href":"https:\/\/noticiasribeiraopreto.com.br\/index.php\/wp-json\/wp\/v2\/comments?post=79042"}],"version-history":[{"count":0,"href":"https:\/\/noticiasribeiraopreto.com.br\/index.php\/wp-json\/wp\/v2\/posts\/79042\/revisions"}],"wp:featuredmedia":[{"embeddable":true,"href":"https:\/\/noticiasribeiraopreto.com.br\/index.php\/wp-json\/wp\/v2\/media\/79043"}],"wp:attachment":[{"href":"https:\/\/noticiasribeiraopreto.com.br\/index.php\/wp-json\/wp\/v2\/media?parent=79042"}],"wp:term":[{"taxonomy":"category","embeddable":true,"href":"https:\/\/noticiasribeiraopreto.com.br\/index.php\/wp-json\/wp\/v2\/categories?post=79042"},{"taxonomy":"post_tag","embeddable":true,"href":"https:\/\/noticiasribeiraopreto.com.br\/index.php\/wp-json\/wp\/v2\/tags?post=79042"}],"curies":[{"name":"wp","href":"https:\/\/api.w.org\/{rel}","templated":true}]}}