{"id":79044,"date":"2025-10-23T13:13:27","date_gmt":"2025-10-23T16:13:27","guid":{"rendered":"https:\/\/noticiasribeiraopreto.com.br\/index.php\/2025\/10\/23\/tentativa-de-furto-faz-combustivel-jorrar-na-regiao\/"},"modified":"2025-10-23T13:13:27","modified_gmt":"2025-10-23T16:13:27","slug":"tentativa-de-furto-faz-combustivel-jorrar-na-regiao","status":"publish","type":"post","link":"https:\/\/noticiasribeiraopreto.com.br\/index.php\/2025\/10\/23\/tentativa-de-furto-faz-combustivel-jorrar-na-regiao\/","title":{"rendered":"Tentativa de furto faz combust\u00edvel jorrar na regi\u00e3o"},"content":{"rendered":"<p> <br \/>\n<\/p>\n<div id=\"\">\n<h2 class=\"penci-post-subtitle\">\u00c1rea foi interditada por risco de explos\u00e3o e v\u00e1rios \u00f3rg\u00e3os atuam para conter o vazamento<\/h2>\n<p>\n\t\t\t\t\t\t\t\t\t<span class=\"entry-meta-item penci-posted-on\"><i class=\"fa fa-clock-o\"\/><time class=\"entry-date published updated\" datetime=\"2025-10-23T13:04:53-03:00\">23 de outubro de 2025 13:04<\/time><\/span><span class=\"entry-meta-item penci-post-countview\"><span class=\"entry-meta-item penci-post-countview penci_post-meta_item\"><i class=\"fa fa-eye\"\/><span class=\"penci-post-countview-number penci-post-countview-p443830\">1<\/span><\/span><\/span>\t\t\t\t\t\t\t\t<\/p>\n<p><!-- .entry-meta --><br \/>\n\t\t\t\t\t\t\t\t<span class=\"penci-social-buttons penci-social-share-footer\"><span class=\"penci-social-share-text\">Compartilhar<\/span><a href=\"#\" class=\"penci-post-like penci_post-meta_item  single-like-button penci-social-item like\" data-post_id=\"443830\" title=\"Like\" data-like=\"Like\" data-unlike=\"Unlike\"><i class=\"fa fa-thumbs-o-up\"\/><span class=\"penci-share-number\">0<\/span><\/a><i class=\"fa fa-facebook\"\/><a class=\"penci-social-item twitter\" target=\"_blank\" rel=\"noopener\" title=\"\" href=\"https:\/\/twitter.com\/intent\/tweet?text=Tentativa%20de%20furto%20faz%20combust\u00edvel%20jorrar%20na%20regi\u00e3o%20-%20https:\/\/www.tribunaribeirao.com.br\/tentativa-de-furto-faz-combustivel-jorrar-na-regiao\/\"><i class=\"fa fa-twitter\"\/><\/a><i class=\"fa fa-linkedin\"\/><i class=\"fa fa-whatsapp\"\/><i class=\"fa fa-telegram\"\/><i class=\"fa fa-envelope\"\/><\/span>\t\t\t\t\t\t\t<\/div>\n<div>\n<p>Por: Adalberto Luque<\/p>\n<p>Uma tentativa de furto, ocorrida na madrugada desta quinta-feira, 23 de outubro, fez com que a gasolina transportada por um duto passasse a jorrar incessantemente, oferecendo risco de explos\u00e3o. O caso ocorreu em um oleoduto da Petrobras, na zona rural entre as cidades de Orl\u00e2ndia e Sales Oliveira.<\/p>\n<p>De acordo com a Prefeitura de Orl\u00e2ndia, equipes municipais e estaduais atuam na regi\u00e3o para controlar o risco e garantir a seguran\u00e7a da popula\u00e7\u00e3o. A tentativa de furto aconteceu nas proximidades da Rodovia Vicinal Pl\u00ednio de Castro Prado com a Rodovia Anhanguera, na divisa entre as duas cidades, que integram a Regi\u00e3o Metropolitana de Ribeir\u00e3o Preto.<\/p>\n<p>Ainda segundo a nota divulgada pela Prefeitura de Orl\u00e2ndia, h\u00e1 forte odor de combust\u00edvel no local e risco iminente de explos\u00e3o. As autoridades pedem que a popula\u00e7\u00e3o evite se aproximar da \u00e1rea at\u00e9 que a situa\u00e7\u00e3o seja totalmente controlada.<\/p>\n<p>Equipes do Corpo de Bombeiros, Defesa Civil, Pol\u00edcia Militar, Patrulha Rural, Guarda Civil Metropolitana, Petrobras e Cetesb trabalham para conter o vazamento. No ponto onde houve a tentativa de furto, a gasolina jorra a uma altura de cerca de tr\u00eas metros.<\/p>\n<p>Um suspeito foi preso e est\u00e1 sendo interrogado pela Pol\u00edcia Civil. Ainda n\u00e3o h\u00e1 previs\u00e3o para o encerramento do vazamento.<\/p>\n<p><strong>Outros furtos de combust\u00edveis<\/strong><\/p>\n<p>N\u00e3o \u00e9 a primeira vez que o oleoduto que passa sob as cidades de Orl\u00e2ndia e Sales Oliveira \u00e9 alvo de furtos. Em 2019, um levantamento do Instituto S\u00e3o Paulo contra a Viol\u00eancia apontou que, em apenas um ano, 12 furtos em dutos subterr\u00e2neos da Petrobras foram registrados na regi\u00e3o \u2014 quatro em Orl\u00e2ndia, quatro em S\u00e3o Sim\u00e3o, dois em Sales Oliveira e dois em Ribeir\u00e3o Preto. Na ocasi\u00e3o, o preju\u00edzo superou R$ 150 milh\u00f5es.<\/p>\n<p><!-- CONTENT END 3 -->\n<\/div>\n<p><script async src=\"\/\/platform.twitter.com\/widgets.js\" charset=\"utf-8\"><\/script><br \/>\n<br \/><br \/>\n<br \/><a href=\"https:\/\/www.tribunaribeirao.com.br\/tentativa-de-furto-faz-combustivel-jorrar-na-regiao\/\">Source link <\/a><\/p>\n","protected":false},"excerpt":{"rendered":"<p>\u00c1rea foi interditada por risco de explos\u00e3o e v\u00e1rios \u00f3rg\u00e3os atuam para conter o vazamento 23 de outubro de 2025 13:041 Compartilhar0 Por: Adalberto Luque&#8230;<\/p>\n","protected":false},"author":1,"featured_media":79045,"comment_status":"open","ping_status":"open","sticky":false,"template":"","format":"standard","meta":{"advanced_seo_description":"","jetpack_seo_html_title":"","jetpack_seo_noindex":false,"jetpack_post_was_ever_published":false,"_jetpack_newsletter_access":"","_jetpack_dont_email_post_to_subs":false,"_jetpack_newsletter_tier_id":0,"_jetpack_memberships_contains_paywalled_content":false,"_jetpack_memberships_contains_paid_content":false,"footnotes":"","jetpack_publicize_message":"","jetpack_publicize_feature_enabled":true,"jetpack_social_post_already_shared":true,"jetpack_social_options":{"image_generator_settings":{"template":"highway","default_image_id":0,"font":"","enabled":false},"version":2}},"categories":[11],"tags":[],"class_list":["post-79044","post","type-post","status-publish","format-standard","has-post-thumbnail","hentry","category-noticias-de-ribeirao-preto-sp-e-regiao-ismael-colosi"],"jetpack_publicize_connections":[],"jetpack_featured_media_url":"https:\/\/i0.wp.com\/noticiasribeiraopreto.com.br\/wp-content\/uploads\/2025\/10\/23-out-2025-furtocombustivel-scaled.jpg?fit=869%2C780&ssl=1","jetpack-related-posts":[{"id":76675,"url":"https:\/\/noticiasribeiraopreto.com.br\/index.php\/2025\/09\/03\/pm-tem-novo-comandante-na-regiao\/","url_meta":{"origin":79044,"position":0},"title":"PM tem novo comandante na regi\u00e3o","author":"noticiasribeiraopreto.com.br","date":"3 de September de 2025","format":false,"excerpt":"Coronel Rodrigo Quintino assume o comando da Pol\u00edcia Militar em 93 cidades da regi\u00e3o de Ribeir\u00e3o Preto, no lugar do coronel Beltrami 3 de setembro de 2025 11:183 Compartilhar1 Por: Adalberto Luque A Pol\u00edcia Militar est\u00e1 com um novo comandante na regi\u00e3o de Ribeir\u00e3o Preto. O coronel Rodrigo Quintino est\u00e1\u2026","rel":"","context":"In &quot;Not\u00edcias de Ribeir\u00e3o Preto-SP e Regi\u00e3o&quot;","block_context":{"text":"Not\u00edcias de Ribeir\u00e3o Preto-SP e Regi\u00e3o","link":"https:\/\/noticiasribeiraopreto.com.br\/index.php\/category\/noticias-de-ribeirao-preto-sp-e-regiao-ismael-colosi\/"},"img":{"alt_text":"","src":"https:\/\/i0.wp.com\/noticiasribeiraopreto.com.br\/wp-content\/uploads\/2025\/09\/03-set-2025-celpmquintino.jpg?fit=556%2C640&ssl=1&resize=350%2C200","width":350,"height":200,"srcset":"https:\/\/i0.wp.com\/noticiasribeiraopreto.com.br\/wp-content\/uploads\/2025\/09\/03-set-2025-celpmquintino.jpg?fit=556%2C640&ssl=1&resize=350%2C200 1x, https:\/\/i0.wp.com\/noticiasribeiraopreto.com.br\/wp-content\/uploads\/2025\/09\/03-set-2025-celpmquintino.jpg?fit=556%2C640&ssl=1&resize=525%2C300 1.5x"},"classes":[]},{"id":62000,"url":"https:\/\/noticiasribeiraopreto.com.br\/index.php\/2024\/12\/31\/virada-do-ano-sera-marcada-por-calor-e-pancadas-de-chuva-para-todo-estado-de-sp\/","url_meta":{"origin":79044,"position":1},"title":"Virada do ano ser\u00e1 marcada por calor e pancadas de chuva para todo estado de SP","author":"noticiasribeiraopreto.com.br","date":"31 de December de 2024","format":false,"excerpt":"A virada de ano entre 31 de dezembro e 1\u00ba de janeiro de 2025 ser\u00e1 marcada por caracter\u00edsticas t\u00edpicas do ver\u00e3o em todo o estado de S\u00e3o Paulo, segundo a Defesa Civil. O sol predominar\u00e1 durante boa parte do dia, garantindo altas temperaturas e sensa\u00e7\u00e3o de abafamento. Contudo, o calor\u2026","rel":"","context":"In &quot;Not\u00edcias de Ribeir\u00e3o Preto-SP e Regi\u00e3o&quot;","block_context":{"text":"Not\u00edcias de Ribeir\u00e3o Preto-SP e Regi\u00e3o","link":"https:\/\/noticiasribeiraopreto.com.br\/index.php\/category\/noticias-de-ribeirao-preto-sp-e-regiao-ismael-colosi\/"},"img":{"alt_text":"","src":"https:\/\/i0.wp.com\/noticiasribeiraopreto.com.br\/wp-content\/uploads\/2024\/12\/RIBEIRAO-PRETO-1.jpg?fit=1200%2C656&ssl=1&resize=350%2C200","width":350,"height":200,"srcset":"https:\/\/i0.wp.com\/noticiasribeiraopreto.com.br\/wp-content\/uploads\/2024\/12\/RIBEIRAO-PRETO-1.jpg?fit=1200%2C656&ssl=1&resize=350%2C200 1x, https:\/\/i0.wp.com\/noticiasribeiraopreto.com.br\/wp-content\/uploads\/2024\/12\/RIBEIRAO-PRETO-1.jpg?fit=1200%2C656&ssl=1&resize=525%2C300 1.5x, https:\/\/i0.wp.com\/noticiasribeiraopreto.com.br\/wp-content\/uploads\/2024\/12\/RIBEIRAO-PRETO-1.jpg?fit=1200%2C656&ssl=1&resize=700%2C400 2x, https:\/\/i0.wp.com\/noticiasribeiraopreto.com.br\/wp-content\/uploads\/2024\/12\/RIBEIRAO-PRETO-1.jpg?fit=1200%2C656&ssl=1&resize=1050%2C600 3x"},"classes":[]},{"id":59284,"url":"https:\/\/noticiasribeiraopreto.com.br\/index.php\/2024\/10\/19\/animais-vitimas-de-incendios-na-regiao-de-ribeirao-sao-devolvidos-a-natureza\/","url_meta":{"origin":79044,"position":2},"title":"Animais v\u00edtimas de inc\u00eandios na regi\u00e3o de Ribeir\u00e3o s\u00e3o devolvidos \u00e0 natureza","author":"noticiasribeiraopreto.com.br","date":"19 de October de 2024","format":false,"excerpt":"Dois animais v\u00edtimas dos inc\u00eandios que atingiram a regi\u00e3o de Ribeir\u00e3o Preto foram soltos, nesta sexta-feira (18), em uma \u00e1rea verde no munic\u00edpio de Guatapar\u00e1. O Bugio Preto e o Gato Mourisco fazem parte da pesquisa iniciada pelos t\u00e9cnicos do Centro de Triagem e Reabilita\u00e7\u00e3o de Animais Silvestres (Cetras) Morro\u2026","rel":"","context":"In &quot;Not\u00edcias de Ribeir\u00e3o Preto-SP e Regi\u00e3o&quot;","block_context":{"text":"Not\u00edcias de Ribeir\u00e3o Preto-SP e Regi\u00e3o","link":"https:\/\/noticiasribeiraopreto.com.br\/index.php\/category\/noticias-de-ribeirao-preto-sp-e-regiao-ismael-colosi\/"},"img":{"alt_text":"","src":"https:\/\/i0.wp.com\/noticiasribeiraopreto.com.br\/wp-content\/uploads\/2024\/10\/Sem-titulo_2024-10-19_17-39-24_png_2024-10-19_17-39-25.webp.webp?fit=1200%2C634&ssl=1&resize=350%2C200","width":350,"height":200,"srcset":"https:\/\/i0.wp.com\/noticiasribeiraopreto.com.br\/wp-content\/uploads\/2024\/10\/Sem-titulo_2024-10-19_17-39-24_png_2024-10-19_17-39-25.webp.webp?fit=1200%2C634&ssl=1&resize=350%2C200 1x, https:\/\/i0.wp.com\/noticiasribeiraopreto.com.br\/wp-content\/uploads\/2024\/10\/Sem-titulo_2024-10-19_17-39-24_png_2024-10-19_17-39-25.webp.webp?fit=1200%2C634&ssl=1&resize=525%2C300 1.5x, https:\/\/i0.wp.com\/noticiasribeiraopreto.com.br\/wp-content\/uploads\/2024\/10\/Sem-titulo_2024-10-19_17-39-24_png_2024-10-19_17-39-25.webp.webp?fit=1200%2C634&ssl=1&resize=700%2C400 2x, https:\/\/i0.wp.com\/noticiasribeiraopreto.com.br\/wp-content\/uploads\/2024\/10\/Sem-titulo_2024-10-19_17-39-24_png_2024-10-19_17-39-25.webp.webp?fit=1200%2C634&ssl=1&resize=1050%2C600 3x"},"classes":[]},{"id":45519,"url":"https:\/\/noticiasribeiraopreto.com.br\/index.php\/2024\/04\/04\/regiao-de-ribeirao-preto-e-a-9a-mais-rica-do-estado-de-sao-paulo\/","url_meta":{"origin":79044,"position":3},"title":"Regi\u00e3o de Ribeir\u00e3o Preto \u00e9 a 9\u00aa mais rica do Estado de S\u00e3o Paulo","author":"noticiasribeiraopreto.com.br","date":"4 de April de 2024","format":false,"excerpt":"A regi\u00e3o de Ribeir\u00e3o Preto, composta por 25 munic\u00edpios, \u00e9 a 9\u00aa colocada no ranking do PIB (Produto Interno Bruto) do Estado de S\u00e3o Paulo, segundo a Funda\u00e7\u00e3o Seade. Segundo levantamento divulgado nesta quinta-feira (4), a regi\u00e3o \u00e9 respons\u00e1vel por 2,6% dos bens e servi\u00e7os produzidos em S\u00e3o Paulo no\u2026","rel":"","context":"In &quot;Not\u00edcias de Ribeir\u00e3o Preto-SP e Regi\u00e3o&quot;","block_context":{"text":"Not\u00edcias de Ribeir\u00e3o Preto-SP e Regi\u00e3o","link":"https:\/\/noticiasribeiraopreto.com.br\/index.php\/category\/noticias-de-ribeirao-preto-sp-e-regiao-ismael-colosi\/"},"img":{"alt_text":"","src":"https:\/\/i0.wp.com\/noticiasribeiraopreto.com.br\/wp-content\/uploads\/2024\/04\/Copia-de-Copia-de-TAMANHO-EXATO-PARA-FOTOS-NO-SISTEMA-NOVO-29.jpg?fit=1200%2C675&ssl=1&resize=350%2C200","width":350,"height":200,"srcset":"https:\/\/i0.wp.com\/noticiasribeiraopreto.com.br\/wp-content\/uploads\/2024\/04\/Copia-de-Copia-de-TAMANHO-EXATO-PARA-FOTOS-NO-SISTEMA-NOVO-29.jpg?fit=1200%2C675&ssl=1&resize=350%2C200 1x, https:\/\/i0.wp.com\/noticiasribeiraopreto.com.br\/wp-content\/uploads\/2024\/04\/Copia-de-Copia-de-TAMANHO-EXATO-PARA-FOTOS-NO-SISTEMA-NOVO-29.jpg?fit=1200%2C675&ssl=1&resize=525%2C300 1.5x, https:\/\/i0.wp.com\/noticiasribeiraopreto.com.br\/wp-content\/uploads\/2024\/04\/Copia-de-Copia-de-TAMANHO-EXATO-PARA-FOTOS-NO-SISTEMA-NOVO-29.jpg?fit=1200%2C675&ssl=1&resize=700%2C400 2x, https:\/\/i0.wp.com\/noticiasribeiraopreto.com.br\/wp-content\/uploads\/2024\/04\/Copia-de-Copia-de-TAMANHO-EXATO-PARA-FOTOS-NO-SISTEMA-NOVO-29.jpg?fit=1200%2C675&ssl=1&resize=1050%2C600 3x"},"classes":[]},{"id":34632,"url":"https:\/\/noticiasribeiraopreto.com.br\/index.php\/2024\/02\/02\/ribeirao-preto-e-regiao-tem-previsao-de-chuva-no-fim-de-semana-de-pre-carnaval\/","url_meta":{"origin":79044,"position":4},"title":"Ribeir\u00e3o Preto e regi\u00e3o tem previs\u00e3o de chuva no fim de semana de pr\u00e9-carnaval","author":"noticiasribeiraopreto.com.br","date":"2 de February de 2024","format":false,"excerpt":"O fim de semana de pr\u00e9-carnaval em Ribeir\u00e3o Preto, Barretos e Franca tem previs\u00e3o de chuva, segundo o Climatempo. Em Ribeir\u00e3o Preto, no s\u00e1bado (3), as chances de chover durante o dia e \u00e0 noite \u00e9 de 80%, sendo que a previs\u00e3o \u00e9 de que o dia seja de sol\u2026","rel":"","context":"In &quot;Not\u00edcias de Ribeir\u00e3o Preto-SP e Regi\u00e3o&quot;","block_context":{"text":"Not\u00edcias de Ribeir\u00e3o Preto-SP e Regi\u00e3o","link":"https:\/\/noticiasribeiraopreto.com.br\/index.php\/category\/noticias-de-ribeirao-preto-sp-e-regiao-ismael-colosi\/"},"img":{"alt_text":"","src":"https:\/\/i0.wp.com\/noticiasribeiraopreto.com.br\/wp-content\/uploads\/2024\/02\/Capturar-2.jpg?fit=732%2C440&ssl=1&resize=350%2C200","width":350,"height":200,"srcset":"https:\/\/i0.wp.com\/noticiasribeiraopreto.com.br\/wp-content\/uploads\/2024\/02\/Capturar-2.jpg?fit=732%2C440&ssl=1&resize=350%2C200 1x, https:\/\/i0.wp.com\/noticiasribeiraopreto.com.br\/wp-content\/uploads\/2024\/02\/Capturar-2.jpg?fit=732%2C440&ssl=1&resize=525%2C300 1.5x, https:\/\/i0.wp.com\/noticiasribeiraopreto.com.br\/wp-content\/uploads\/2024\/02\/Capturar-2.jpg?fit=732%2C440&ssl=1&resize=700%2C400 2x"},"classes":[]},{"id":81287,"url":"https:\/\/noticiasribeiraopreto.com.br\/index.php\/2025\/12\/31\/cidade-na-regiao-de-ribeirao-preto-comemora-titulo-de-estancia-turistica-e-projeta-empregos\/","url_meta":{"origin":79044,"position":5},"title":"Cidade na regi\u00e3o de Ribeir\u00e3o Preto comemora t\u00edtulo de est\u00e2ncia tur\u00edstica e projeta empregos","author":"noticiasribeiraopreto.com.br","date":"31 de December de 2025","format":false,"excerpt":"A cidade de Sert\u00e3ozinho, na regi\u00e3o de Ribeir\u00e3o Preto, conquistou oficialmente o t\u00edtulo de est\u00e2ncia tur\u00edstica com a publica\u00e7\u00e3o no Di\u00e1rio Oficial do Estado, no \u00faltimo dia 26 de dezembro. Ap\u00f3s o projeto de lei do Governo de S\u00e3o Paulo ser aprovado pela Assembleia Legislativa, a cidade passa a integrar\u2026","rel":"","context":"In &quot;Not\u00edcias de Ribeir\u00e3o Preto-SP e Regi\u00e3o&quot;","block_context":{"text":"Not\u00edcias de Ribeir\u00e3o Preto-SP e Regi\u00e3o","link":"https:\/\/noticiasribeiraopreto.com.br\/index.php\/category\/noticias-de-ribeirao-preto-sp-e-regiao-ismael-colosi\/"},"img":{"alt_text":"","src":"https:\/\/i0.wp.com\/noticiasribeiraopreto.com.br\/wp-content\/uploads\/2025\/12\/WhatsApp-Image-2025-12-30-at-14.26.57_2025-12-30_18-58-40.webp.webp?fit=1200%2C675&ssl=1&resize=350%2C200","width":350,"height":200,"srcset":"https:\/\/i0.wp.com\/noticiasribeiraopreto.com.br\/wp-content\/uploads\/2025\/12\/WhatsApp-Image-2025-12-30-at-14.26.57_2025-12-30_18-58-40.webp.webp?fit=1200%2C675&ssl=1&resize=350%2C200 1x, https:\/\/i0.wp.com\/noticiasribeiraopreto.com.br\/wp-content\/uploads\/2025\/12\/WhatsApp-Image-2025-12-30-at-14.26.57_2025-12-30_18-58-40.webp.webp?fit=1200%2C675&ssl=1&resize=525%2C300 1.5x, https:\/\/i0.wp.com\/noticiasribeiraopreto.com.br\/wp-content\/uploads\/2025\/12\/WhatsApp-Image-2025-12-30-at-14.26.57_2025-12-30_18-58-40.webp.webp?fit=1200%2C675&ssl=1&resize=700%2C400 2x, https:\/\/i0.wp.com\/noticiasribeiraopreto.com.br\/wp-content\/uploads\/2025\/12\/WhatsApp-Image-2025-12-30-at-14.26.57_2025-12-30_18-58-40.webp.webp?fit=1200%2C675&ssl=1&resize=1050%2C600 3x"},"classes":[]}],"jetpack_sharing_enabled":true,"jetpack_shortlink":"https:\/\/wp.me\/peQAOb-kyU","_links":{"self":[{"href":"https:\/\/noticiasribeiraopreto.com.br\/index.php\/wp-json\/wp\/v2\/posts\/79044","targetHints":{"allow":["GET"]}}],"collection":[{"href":"https:\/\/noticiasribeiraopreto.com.br\/index.php\/wp-json\/wp\/v2\/posts"}],"about":[{"href":"https:\/\/noticiasribeiraopreto.com.br\/index.php\/wp-json\/wp\/v2\/types\/post"}],"author":[{"embeddable":true,"href":"https:\/\/noticiasribeiraopreto.com.br\/index.php\/wp-json\/wp\/v2\/users\/1"}],"replies":[{"embeddable":true,"href":"https:\/\/noticiasribeiraopreto.com.br\/index.php\/wp-json\/wp\/v2\/comments?post=79044"}],"version-history":[{"count":0,"href":"https:\/\/noticiasribeiraopreto.com.br\/index.php\/wp-json\/wp\/v2\/posts\/79044\/revisions"}],"wp:featuredmedia":[{"embeddable":true,"href":"https:\/\/noticiasribeiraopreto.com.br\/index.php\/wp-json\/wp\/v2\/media\/79045"}],"wp:attachment":[{"href":"https:\/\/noticiasribeiraopreto.com.br\/index.php\/wp-json\/wp\/v2\/media?parent=79044"}],"wp:term":[{"taxonomy":"category","embeddable":true,"href":"https:\/\/noticiasribeiraopreto.com.br\/index.php\/wp-json\/wp\/v2\/categories?post=79044"},{"taxonomy":"post_tag","embeddable":true,"href":"https:\/\/noticiasribeiraopreto.com.br\/index.php\/wp-json\/wp\/v2\/tags?post=79044"}],"curies":[{"name":"wp","href":"https:\/\/api.w.org\/{rel}","templated":true}]}}