{"id":79046,"date":"2025-10-23T13:16:39","date_gmt":"2025-10-23T16:16:39","guid":{"rendered":"https:\/\/noticiasribeiraopreto.com.br\/index.php\/2025\/10\/23\/receita-federal-apreende-r-800-mil-em-eletronicos-em-ribeirao-preto\/"},"modified":"2025-10-23T13:16:39","modified_gmt":"2025-10-23T16:16:39","slug":"receita-federal-apreende-r-800-mil-em-eletronicos-em-ribeirao-preto","status":"publish","type":"post","link":"https:\/\/noticiasribeiraopreto.com.br\/index.php\/2025\/10\/23\/receita-federal-apreende-r-800-mil-em-eletronicos-em-ribeirao-preto\/","title":{"rendered":"Receita Federal apreende R$ 800 mil em eletr\u00f4nicos em Ribeir\u00e3o Preto"},"content":{"rendered":"<div class='code-block code-block-1' style='margin: 8px 0 8px auto; text-align: right; display: block; clear: both;'>\n<p><a href=\"https:\/\/wa.link\/vpicfd\"><img data-recalc-dims=\"1\" class=\"wp-image-4922\" style=\"aspect-ratio: 2.0253164556962027; width: 561px; height: auto;\" src=\"https:\/\/i0.wp.com\/ismaelcolosi.com.br\/wp-content\/uploads\/2023\/11\/grupo-de-empregos-whatsapp-e-facebook-ismael-colosi-vagas.jpg?ssl=1\" alt=\"\" \/><\/a><\/p>\n<!-- \/wp:image -->\n<\/div>\n<p> <br \/>\n<\/p>\n<div data-td-block-uid=\"tdi_95\">\n<div class=\"tdb-block-inner td-fix-index\">\n<p><strong>A Receita Federal apreendeu produtos eletr\u00f4nicos avaliados em R$ 800 mil nesta quarta-feira (22), em Ribeir\u00e3o Preto.<\/strong> A <strong>a\u00e7\u00e3o <\/strong>foi conduzida pela <strong>Equipe de Vigil\u00e2ncia e Repress\u00e3o ao Contrabando e Descaminho<\/strong>, da <strong>Delegacia da Receita Federal<\/strong> na cidade.<\/p>\n<p><mark style=\"background-color:#fcb900\" class=\"has-inline-color has-black-color\">Segundo o \u00f3rg\u00e3o, os itens, como placas de computadores e telas de celulares, foram encontrados em uma transportadora e estavam sem documenta\u00e7\u00e3o fiscal de importa\u00e7\u00e3o. O nome da transportadora n\u00e3o foi divulgado.<\/mark><\/p>\n<p>A Receita disse que a carga de produtos de inform\u00e1tica saiu de S\u00e3o Jos\u00e9 do Rio Preto (SP) na noite anterior em cinco volumes e tinha como destino a cidade de S\u00e3o Paulo.<\/p>\n<p>O \u00f3rg\u00e3o estimou em aproximadamente R$ 400 mil o valor dos tributos sonegados.<\/p>\n<p>De acordo com a Receita, a pr\u00e1tica constitui crime de descaminho e os respons\u00e1veis pelas cargas dever\u00e3o ser notificados e responder\u00e3o inicialmente na esfera administrativa.<\/p>\n<p>Caso n\u00e3o haja a comprova\u00e7\u00e3o da regularidade fiscal, os produtos poder\u00e3o ir a leil\u00e3o ou serem destinados a \u00f3rg\u00e3os p\u00fabicos, ou institui\u00e7\u00f5es de ensino.<\/p>\n<figure class=\"wp-block-gallery has-nested-images columns-default is-cropped wp-block-gallery-1 is-layout-flex wp-block-gallery-is-layout-flex\">\n<figure class=\"wp-block-image size-large\"><img data-recalc-dims=\"1\" fetchpriority=\"high\" decoding=\"async\" width=\"1024\" height=\"768\" data-id=\"133256\" src=\"https:\/\/i0.wp.com\/cdn.media-acidadeon.com.br\/ribeiraopreto\/wp-content\/uploads\/sites\/3\/2025\/10\/WhatsApp-Image-2025-10-23-at-11.03.13_2025-10-23_14-54-14-1024x768.webp?resize=1024%2C768&#038;ssl=1\" alt=\"WhatsApp Image 2025 10 23 at 11.03.13 2025 10 23 14 54 14\" class=\"wp-image-133256\" title=\"Receita Federal apreende R$ 800 mil em eletr\u00f4nicos em Ribeir\u00e3o Preto 1\" srcset=\"https:\/\/cdn.media-acidadeon.com.br\/ribeiraopreto\/wp-content\/uploads\/sites\/3\/2025\/10\/WhatsApp-Image-2025-10-23-at-11.03.13_2025-10-23_14-54-14-1024x768.webp 1024w, https:\/\/cdn.media-acidadeon.com.br\/ribeiraopreto\/wp-content\/uploads\/sites\/3\/2025\/10\/WhatsApp-Image-2025-10-23-at-11.03.13_2025-10-23_14-54-14-300x225.webp 300w, https:\/\/cdn.media-acidadeon.com.br\/ribeiraopreto\/wp-content\/uploads\/sites\/3\/2025\/10\/WhatsApp-Image-2025-10-23-at-11.03.13_2025-10-23_14-54-14-768x576.webp 768w, https:\/\/cdn.media-acidadeon.com.br\/ribeiraopreto\/wp-content\/uploads\/sites\/3\/2025\/10\/WhatsApp-Image-2025-10-23-at-11.03.13_2025-10-23_14-54-14-696x522.webp 696w, https:\/\/cdn.media-acidadeon.com.br\/ribeiraopreto\/wp-content\/uploads\/sites\/3\/2025\/10\/WhatsApp-Image-2025-10-23-at-11.03.13_2025-10-23_14-54-14-1068x801.webp 1068w, https:\/\/cdn.media-acidadeon.com.br\/ribeiraopreto\/wp-content\/uploads\/sites\/3\/2025\/10\/WhatsApp-Image-2025-10-23-at-11.03.13_2025-10-23_14-54-14.webp 1200w\" sizes=\"(max-width: 1024px) 100vw, 1024px\"\/><\/figure>\n<figure class=\"wp-block-image size-large\"><img data-recalc-dims=\"1\" loading=\"lazy\" decoding=\"async\" width=\"1024\" height=\"768\" data-id=\"133257\" src=\"https:\/\/i0.wp.com\/cdn.media-acidadeon.com.br\/ribeiraopreto\/wp-content\/uploads\/sites\/3\/2025\/10\/WhatsApp-Image-2025-10-23-at-11.03.12-2_2025-10-23_14-54-14-1024x768.webp?resize=1024%2C768&#038;ssl=1\" alt=\"WhatsApp Image 2025 10 23 at 11.03.12 2 2025 10 23 14 54 14\" class=\"wp-image-133257\" title=\"Receita Federal apreende R$ 800 mil em eletr\u00f4nicos em Ribeir\u00e3o Preto 2\" srcset=\"https:\/\/cdn.media-acidadeon.com.br\/ribeiraopreto\/wp-content\/uploads\/sites\/3\/2025\/10\/WhatsApp-Image-2025-10-23-at-11.03.12-2_2025-10-23_14-54-14-1024x768.webp 1024w, https:\/\/cdn.media-acidadeon.com.br\/ribeiraopreto\/wp-content\/uploads\/sites\/3\/2025\/10\/WhatsApp-Image-2025-10-23-at-11.03.12-2_2025-10-23_14-54-14-300x225.webp 300w, https:\/\/cdn.media-acidadeon.com.br\/ribeiraopreto\/wp-content\/uploads\/sites\/3\/2025\/10\/WhatsApp-Image-2025-10-23-at-11.03.12-2_2025-10-23_14-54-14-768x576.webp 768w, https:\/\/cdn.media-acidadeon.com.br\/ribeiraopreto\/wp-content\/uploads\/sites\/3\/2025\/10\/WhatsApp-Image-2025-10-23-at-11.03.12-2_2025-10-23_14-54-14-696x522.webp 696w, https:\/\/cdn.media-acidadeon.com.br\/ribeiraopreto\/wp-content\/uploads\/sites\/3\/2025\/10\/WhatsApp-Image-2025-10-23-at-11.03.12-2_2025-10-23_14-54-14-1068x801.webp 1068w, https:\/\/cdn.media-acidadeon.com.br\/ribeiraopreto\/wp-content\/uploads\/sites\/3\/2025\/10\/WhatsApp-Image-2025-10-23-at-11.03.12-2_2025-10-23_14-54-14.webp 1200w\" sizes=\"auto, (max-width: 1024px) 100vw, 1024px\"\/><\/figure>\n<figure class=\"wp-block-image size-large\"><img data-recalc-dims=\"1\" loading=\"lazy\" decoding=\"async\" width=\"1024\" height=\"768\" data-id=\"133255\" src=\"https:\/\/i0.wp.com\/cdn.media-acidadeon.com.br\/ribeiraopreto\/wp-content\/uploads\/sites\/3\/2025\/10\/WhatsApp-Image-2025-10-23-at-11.03.11_2025-10-23_14-54-14-1024x768.webp?resize=1024%2C768&#038;ssl=1\" alt=\"WhatsApp Image 2025 10 23 at 11.03.11 2025 10 23 14 54 14\" class=\"wp-image-133255\" title=\"Receita Federal apreende R$ 800 mil em eletr\u00f4nicos em Ribeir\u00e3o Preto 3\" srcset=\"https:\/\/cdn.media-acidadeon.com.br\/ribeiraopreto\/wp-content\/uploads\/sites\/3\/2025\/10\/WhatsApp-Image-2025-10-23-at-11.03.11_2025-10-23_14-54-14-1024x768.webp 1024w, https:\/\/cdn.media-acidadeon.com.br\/ribeiraopreto\/wp-content\/uploads\/sites\/3\/2025\/10\/WhatsApp-Image-2025-10-23-at-11.03.11_2025-10-23_14-54-14-300x225.webp 300w, https:\/\/cdn.media-acidadeon.com.br\/ribeiraopreto\/wp-content\/uploads\/sites\/3\/2025\/10\/WhatsApp-Image-2025-10-23-at-11.03.11_2025-10-23_14-54-14-768x576.webp 768w, https:\/\/cdn.media-acidadeon.com.br\/ribeiraopreto\/wp-content\/uploads\/sites\/3\/2025\/10\/WhatsApp-Image-2025-10-23-at-11.03.11_2025-10-23_14-54-14-696x522.webp 696w, https:\/\/cdn.media-acidadeon.com.br\/ribeiraopreto\/wp-content\/uploads\/sites\/3\/2025\/10\/WhatsApp-Image-2025-10-23-at-11.03.11_2025-10-23_14-54-14-1068x801.webp 1068w, https:\/\/cdn.media-acidadeon.com.br\/ribeiraopreto\/wp-content\/uploads\/sites\/3\/2025\/10\/WhatsApp-Image-2025-10-23-at-11.03.11_2025-10-23_14-54-14.webp 1200w\" sizes=\"auto, (max-width: 1024px) 100vw, 1024px\"\/><\/figure>\n<figure class=\"wp-block-image size-large\"><img data-recalc-dims=\"1\" loading=\"lazy\" decoding=\"async\" width=\"1024\" height=\"768\" data-id=\"133254\" src=\"https:\/\/i0.wp.com\/cdn.media-acidadeon.com.br\/ribeiraopreto\/wp-content\/uploads\/sites\/3\/2025\/10\/WhatsApp-Image-2025-10-23-at-11.03.12_2025-10-23_14-54-14-1024x768.webp?resize=1024%2C768&#038;ssl=1\" alt=\"WhatsApp Image 2025 10 23 at 11.03.12 2025 10 23 14 54 14\" class=\"wp-image-133254\" title=\"Receita Federal apreende R$ 800 mil em eletr\u00f4nicos em Ribeir\u00e3o Preto 4\" srcset=\"https:\/\/cdn.media-acidadeon.com.br\/ribeiraopreto\/wp-content\/uploads\/sites\/3\/2025\/10\/WhatsApp-Image-2025-10-23-at-11.03.12_2025-10-23_14-54-14-1024x768.webp 1024w, https:\/\/cdn.media-acidadeon.com.br\/ribeiraopreto\/wp-content\/uploads\/sites\/3\/2025\/10\/WhatsApp-Image-2025-10-23-at-11.03.12_2025-10-23_14-54-14-300x225.webp 300w, https:\/\/cdn.media-acidadeon.com.br\/ribeiraopreto\/wp-content\/uploads\/sites\/3\/2025\/10\/WhatsApp-Image-2025-10-23-at-11.03.12_2025-10-23_14-54-14-768x576.webp 768w, https:\/\/cdn.media-acidadeon.com.br\/ribeiraopreto\/wp-content\/uploads\/sites\/3\/2025\/10\/WhatsApp-Image-2025-10-23-at-11.03.12_2025-10-23_14-54-14-696x522.webp 696w, https:\/\/cdn.media-acidadeon.com.br\/ribeiraopreto\/wp-content\/uploads\/sites\/3\/2025\/10\/WhatsApp-Image-2025-10-23-at-11.03.12_2025-10-23_14-54-14-1068x801.webp 1068w, https:\/\/cdn.media-acidadeon.com.br\/ribeiraopreto\/wp-content\/uploads\/sites\/3\/2025\/10\/WhatsApp-Image-2025-10-23-at-11.03.12_2025-10-23_14-54-14.webp 1200w\" sizes=\"auto, (max-width: 1024px) 100vw, 1024px\"\/><\/figure>\n<\/figure>\n<p>SAIBA MAIS<\/p>\n<p>Acidente trava o tr\u00e2nsito no Anel Vi\u00e1rio Sul de Ribeir\u00e3o Preto<\/p>\n<h2 class=\"wp-block-heading\"><strong>FIQUE ON<\/strong><\/h2>\n<p>Fique ligado em tudo que acontece em Ribeir\u00e3o Preto e regi\u00e3o. Siga os perfis do\u00a0<strong>acidade on<\/strong>\u00a0no\u00a0<a href=\"https:\/\/www.instagram.com\/acidadeonribeirao\" target=\"_blank\" rel=\"noreferrer noopener\">Instagram\u00a0<\/a>e no<a href=\"https:\/\/www.facebook.com\/acidadeonribeirao\/\" target=\"_blank\" rel=\"noreferrer noopener\">\u00a0Facebook<\/a>.<\/p>\n<p>Receba not\u00edcias do\u00a0<strong>acidade on<\/strong>\u00a0no WhatsApp. Para entrar no grupo,\u00a0basta\u00a0<a href=\"https:\/\/chat.whatsapp.com\/I4nieTEMKlf50pJ28aMemC?mode=ac_t\" target=\"_blank\" rel=\"noreferrer noopener\">clicar aqui<\/a>. Ou, acesse o nosso\u00a0Canal<a href=\"https:\/\/whatsapp.com\/channel\/0029Vb6IQl1JENyAeS57fk2p\" target=\"_blank\" rel=\"noreferrer noopener\">\u00a0clicando aqui<\/a>.<\/p>\n<p>Fa\u00e7a uma den\u00fancia ou sugira uma reportagem sobre Ribeir\u00e3o Preto e regi\u00e3o pelo WhatsApp: 16 99117 7802.<\/p>\n<p>VEJA TAMB\u00c9M<\/p>\n<p>Final de \u2018Stranger Things\u2019 ser\u00e1 exibido nos cinemas brasileiros?<\/p>\n<p><!-- AI CONTENT END 1 -->\n<\/div>\n<\/div>\n<p><script async src=\"\/\/www.instagram.com\/embed.js\"><\/script><br \/>\n<br \/><br \/>\n<br \/><a href=\"https:\/\/www.acidadeon.com\/ribeiraopreto\/cotidiano\/receita-federal-apreende-r-800-mil-em-eletronicos-em-ribeirao-preto\/\">Source link <\/a><\/p>\n<!-- CONTENT END 1 -->\n","protected":false},"excerpt":{"rendered":"<p>A Receita Federal apreendeu produtos eletr\u00f4nicos avaliados em R$ 800 mil nesta quarta-feira (22), em Ribeir\u00e3o Preto. A a\u00e7\u00e3o foi conduzida pela Equipe de Vigil\u00e2ncia&#8230;<\/p>\n","protected":false},"author":1,"featured_media":79047,"comment_status":"open","ping_status":"open","sticky":false,"template":"","format":"standard","meta":{"advanced_seo_description":"","jetpack_seo_html_title":"","jetpack_seo_noindex":false,"jetpack_post_was_ever_published":false,"_jetpack_newsletter_access":"","_jetpack_dont_email_post_to_subs":false,"_jetpack_newsletter_tier_id":0,"_jetpack_memberships_contains_paywalled_content":false,"_jetpack_memberships_contains_paid_content":false,"footnotes":"","jetpack_publicize_message":"","jetpack_publicize_feature_enabled":true,"jetpack_social_post_already_shared":true,"jetpack_social_options":{"image_generator_settings":{"template":"highway","default_image_id":0,"font":"","enabled":false},"version":2}},"categories":[11],"tags":[],"class_list":["post-79046","post","type-post","status-publish","format-standard","has-post-thumbnail","hentry","category-noticias-de-ribeirao-preto-sp-e-regiao-ismael-colosi"],"jetpack_publicize_connections":[],"jetpack_featured_media_url":"https:\/\/i0.wp.com\/noticiasribeiraopreto.com.br\/wp-content\/uploads\/2025\/10\/WhatsApp-Image-2025-10-23-at-11.03.10_2025-10-23_14-50-55.webp.webp?fit=1200%2C900&ssl=1","jetpack-related-posts":[{"id":79038,"url":"https:\/\/noticiasribeiraopreto.com.br\/index.php\/2025\/10\/23\/receita-apreende-carga-ilegal-avaliada-em-r-800-mil\/","url_meta":{"origin":79046,"position":0},"title":"Receita apreende carga ilegal avaliada em R$ 800 mil","author":"noticiasribeiraopreto.com.br","date":"23 de October de 2025","format":false,"excerpt":"Placas de v\u00eddeo, placas-m\u00e3e, produtos de inform\u00e1tica e telas frontais de celulares seguiam por transportadora para a Capital sem documenta\u00e7\u00e3o fiscal 23 de outubro de 2025 11:2023 de outubro de 2025 11:327 Compartilhar2 Por: Adalberto Luque A Delegacia da Receita Federal em Ribeir\u00e3o Preto apreendeu, nesta quarta-feira, 22 de outubro,\u2026","rel":"","context":"In &quot;Not\u00edcias de Ribeir\u00e3o Preto-SP e Regi\u00e3o&quot;","block_context":{"text":"Not\u00edcias de Ribeir\u00e3o Preto-SP e Regi\u00e3o","link":"https:\/\/noticiasribeiraopreto.com.br\/index.php\/category\/noticias-de-ribeirao-preto-sp-e-regiao-ismael-colosi\/"},"img":{"alt_text":"","src":"https:\/\/i0.wp.com\/noticiasribeiraopreto.com.br\/wp-content\/uploads\/2025\/10\/23-out-2025-apreensaoreceita3-scaled.jpg?fit=1040%2C780&ssl=1&resize=350%2C200","width":350,"height":200,"srcset":"https:\/\/i0.wp.com\/noticiasribeiraopreto.com.br\/wp-content\/uploads\/2025\/10\/23-out-2025-apreensaoreceita3-scaled.jpg?fit=1040%2C780&ssl=1&resize=350%2C200 1x, https:\/\/i0.wp.com\/noticiasribeiraopreto.com.br\/wp-content\/uploads\/2025\/10\/23-out-2025-apreensaoreceita3-scaled.jpg?fit=1040%2C780&ssl=1&resize=525%2C300 1.5x, https:\/\/i0.wp.com\/noticiasribeiraopreto.com.br\/wp-content\/uploads\/2025\/10\/23-out-2025-apreensaoreceita3-scaled.jpg?fit=1040%2C780&ssl=1&resize=700%2C400 2x"},"classes":[]},{"id":84511,"url":"https:\/\/noticiasribeiraopreto.com.br\/index.php\/2026\/04\/10\/receita-federal-apreende-carga-de-cigarros-eletronicos-avaliada-em-ate-r-800-mil\/","url_meta":{"origin":79046,"position":1},"title":"Receita Federal apreende carga de cigarros eletr\u00f4nicos avaliada em at\u00e9 R$ 800 mil","author":"noticiasribeiraopreto.com.br","date":"10 de April de 2026","format":false,"excerpt":"Ler o resumo da not\u00edcia Receita Federal de Ribeir\u00e3o Preto apreendeu mais de 4 mil cigarros eletr\u00f4nicos em transportadora da regi\u00e3o na sexta-feira (10). Carga avaliada em at\u00e9 R$ 800 mil totaliza 370 kg de dispositivos e acess\u00f3rios de diversas marcas. Propriet\u00e1rio da carga n\u00e3o foi identificado; intelig\u00eancia fiscal bloqueou\u2026","rel":"","context":"In &quot;Not\u00edcias de Ribeir\u00e3o Preto-SP e Regi\u00e3o&quot;","block_context":{"text":"Not\u00edcias de Ribeir\u00e3o Preto-SP e Regi\u00e3o","link":"https:\/\/noticiasribeiraopreto.com.br\/index.php\/category\/noticias-de-ribeirao-preto-sp-e-regiao-ismael-colosi\/"},"img":{"alt_text":"","src":"https:\/\/i0.wp.com\/noticiasribeiraopreto.com.br\/wp-content\/uploads\/2026\/04\/cigarro-eletronico_2026-04-10_19-25-04.webp.webp?fit=1200%2C1053&ssl=1&resize=350%2C200","width":350,"height":200,"srcset":"https:\/\/i0.wp.com\/noticiasribeiraopreto.com.br\/wp-content\/uploads\/2026\/04\/cigarro-eletronico_2026-04-10_19-25-04.webp.webp?fit=1200%2C1053&ssl=1&resize=350%2C200 1x, https:\/\/i0.wp.com\/noticiasribeiraopreto.com.br\/wp-content\/uploads\/2026\/04\/cigarro-eletronico_2026-04-10_19-25-04.webp.webp?fit=1200%2C1053&ssl=1&resize=525%2C300 1.5x, https:\/\/i0.wp.com\/noticiasribeiraopreto.com.br\/wp-content\/uploads\/2026\/04\/cigarro-eletronico_2026-04-10_19-25-04.webp.webp?fit=1200%2C1053&ssl=1&resize=700%2C400 2x, https:\/\/i0.wp.com\/noticiasribeiraopreto.com.br\/wp-content\/uploads\/2026\/04\/cigarro-eletronico_2026-04-10_19-25-04.webp.webp?fit=1200%2C1053&ssl=1&resize=1050%2C600 3x"},"classes":[]},{"id":82944,"url":"https:\/\/noticiasribeiraopreto.com.br\/index.php\/2026\/03\/04\/receita-apreende-perfumes-e-cigarros-eletronicos-avaliados-em-r-980-mil-em-ribeirao-preto\/","url_meta":{"origin":79046,"position":2},"title":"Receita apreende perfumes e cigarros eletr\u00f4nicos avaliados em R$ 980 mil em Ribeir\u00e3o Preto","author":"noticiasribeiraopreto.com.br","date":"4 de March de 2026","format":false,"excerpt":"A Delegacia da Receita Federal apreendeu cargas de perfumes importados e cigarros eletr\u00f4nicos avaliadas em R$ 980 mil, em Ribeir\u00e3o Preto. A opera\u00e7\u00e3o foi realizada na \u00faltima quarta-feira (25) em uma transportadora da cidade, mas os dados foram divulgados nesta quarta-feira (4). Segundo a Receita, uma das cargas tinha 20\u2026","rel":"","context":"In &quot;Not\u00edcias de Ribeir\u00e3o Preto-SP e Regi\u00e3o&quot;","block_context":{"text":"Not\u00edcias de Ribeir\u00e3o Preto-SP e Regi\u00e3o","link":"https:\/\/noticiasribeiraopreto.com.br\/index.php\/category\/noticias-de-ribeirao-preto-sp-e-regiao-ismael-colosi\/"},"img":{"alt_text":"","src":"https:\/\/i0.wp.com\/noticiasribeiraopreto.com.br\/wp-content\/uploads\/2026\/03\/2026-2-25-DHONE-EZEQUIEL-LUIZ-FERREIRA-Foto-2_2026-03-04_12-24-55.webp.webp?fit=1200%2C893&ssl=1&resize=350%2C200","width":350,"height":200,"srcset":"https:\/\/i0.wp.com\/noticiasribeiraopreto.com.br\/wp-content\/uploads\/2026\/03\/2026-2-25-DHONE-EZEQUIEL-LUIZ-FERREIRA-Foto-2_2026-03-04_12-24-55.webp.webp?fit=1200%2C893&ssl=1&resize=350%2C200 1x, https:\/\/i0.wp.com\/noticiasribeiraopreto.com.br\/wp-content\/uploads\/2026\/03\/2026-2-25-DHONE-EZEQUIEL-LUIZ-FERREIRA-Foto-2_2026-03-04_12-24-55.webp.webp?fit=1200%2C893&ssl=1&resize=525%2C300 1.5x, https:\/\/i0.wp.com\/noticiasribeiraopreto.com.br\/wp-content\/uploads\/2026\/03\/2026-2-25-DHONE-EZEQUIEL-LUIZ-FERREIRA-Foto-2_2026-03-04_12-24-55.webp.webp?fit=1200%2C893&ssl=1&resize=700%2C400 2x, https:\/\/i0.wp.com\/noticiasribeiraopreto.com.br\/wp-content\/uploads\/2026\/03\/2026-2-25-DHONE-EZEQUIEL-LUIZ-FERREIRA-Foto-2_2026-03-04_12-24-55.webp.webp?fit=1200%2C893&ssl=1&resize=1050%2C600 3x"},"classes":[]},{"id":46603,"url":"https:\/\/noticiasribeiraopreto.com.br\/index.php\/2024\/04\/12\/varas-de-pesca-avaliadas-em-r-250-mil-sao-apreendidas-em-ribeirao-preto\/","url_meta":{"origin":79046,"position":3},"title":"Varas de pesca avaliadas em R$ 250 mil s\u00e3o apreendidas em Ribeir\u00e3o Preto","author":"noticiasribeiraopreto.com.br","date":"12 de April de 2024","format":false,"excerpt":"Durante opera\u00e7\u00e3o de rotina realizada pela Receita Federal de Ribeir\u00e3o Preto em transportadoras da cidade foram apreendidas varas de pesca e acess\u00f3rios importados avaliados em R$ 250 mil. Segundo informa\u00e7\u00f5es da Receita, os objetos apreendidos estavam com falsa declara\u00e7\u00e3o de conte\u00fado, constando cosm\u00e9ticos na descri\u00e7\u00e3o da nota fiscal ao inv\u00e9s\u2026","rel":"","context":"In &quot;Not\u00edcias de Ribeir\u00e3o Preto-SP e Regi\u00e3o&quot;","block_context":{"text":"Not\u00edcias de Ribeir\u00e3o Preto-SP e Regi\u00e3o","link":"https:\/\/noticiasribeiraopreto.com.br\/index.php\/category\/noticias-de-ribeirao-preto-sp-e-regiao-ismael-colosi\/"},"img":{"alt_text":"","src":"https:\/\/i0.wp.com\/noticiasribeiraopreto.com.br\/wp-content\/uploads\/2024\/04\/Copia-de-Copia-de-TAMANHO-EXATO-PARA-FOTOS-NO-SISTEMA-NOVO-25-1.webp.webp?fit=1200%2C675&ssl=1&resize=350%2C200","width":350,"height":200,"srcset":"https:\/\/i0.wp.com\/noticiasribeiraopreto.com.br\/wp-content\/uploads\/2024\/04\/Copia-de-Copia-de-TAMANHO-EXATO-PARA-FOTOS-NO-SISTEMA-NOVO-25-1.webp.webp?fit=1200%2C675&ssl=1&resize=350%2C200 1x, https:\/\/i0.wp.com\/noticiasribeiraopreto.com.br\/wp-content\/uploads\/2024\/04\/Copia-de-Copia-de-TAMANHO-EXATO-PARA-FOTOS-NO-SISTEMA-NOVO-25-1.webp.webp?fit=1200%2C675&ssl=1&resize=525%2C300 1.5x, https:\/\/i0.wp.com\/noticiasribeiraopreto.com.br\/wp-content\/uploads\/2024\/04\/Copia-de-Copia-de-TAMANHO-EXATO-PARA-FOTOS-NO-SISTEMA-NOVO-25-1.webp.webp?fit=1200%2C675&ssl=1&resize=700%2C400 2x, https:\/\/i0.wp.com\/noticiasribeiraopreto.com.br\/wp-content\/uploads\/2024\/04\/Copia-de-Copia-de-TAMANHO-EXATO-PARA-FOTOS-NO-SISTEMA-NOVO-25-1.webp.webp?fit=1200%2C675&ssl=1&resize=1050%2C600 3x"},"classes":[]},{"id":76435,"url":"https:\/\/noticiasribeiraopreto.com.br\/index.php\/2025\/08\/28\/receita-federal-de-ribeirao-preto-faz-apreensao-milionaria-de-vapes-e-tablets\/","url_meta":{"origin":79046,"position":4},"title":"Receita Federal de Ribeir\u00e3o Preto faz apreens\u00e3o milion\u00e1ria de &#8216;vapes&#8217; e tablets","author":"noticiasribeiraopreto.com.br","date":"28 de August de 2025","format":false,"excerpt":"A Receita Federal de Ribeir\u00e3o Preto apreendeu, nesta quarta-feira (27), uma carga de cigarros eletr\u00f4nicos e tablets avaliados em R$ 2 milh\u00f5es em uma transportadora da regi\u00e3o. A opera\u00e7\u00e3o identificou produtos cuja venda \u00e9 proibida pela Anvisa e revelou tentativa de sonega\u00e7\u00e3o de tributos, al\u00e9m de concorr\u00eancia desleal. A a\u00e7\u00e3o\u2026","rel":"","context":"In &quot;Not\u00edcias de Ribeir\u00e3o Preto-SP e Regi\u00e3o&quot;","block_context":{"text":"Not\u00edcias de Ribeir\u00e3o Preto-SP e Regi\u00e3o","link":"https:\/\/noticiasribeiraopreto.com.br\/index.php\/category\/noticias-de-ribeirao-preto-sp-e-regiao-ismael-colosi\/"},"img":{"alt_text":"","src":"https:\/\/i0.wp.com\/noticiasribeiraopreto.com.br\/wp-content\/uploads\/2025\/08\/Copia-de-Copia-de-Copia-de-TAMANHO-EXATO-PARA-FOTOS-NO-SISTEMA-NOVO-2025-08-28T195211.755_2025-08-28_22-52-38.webp.webp?fit=1200%2C675&ssl=1&resize=350%2C200","width":350,"height":200,"srcset":"https:\/\/i0.wp.com\/noticiasribeiraopreto.com.br\/wp-content\/uploads\/2025\/08\/Copia-de-Copia-de-Copia-de-TAMANHO-EXATO-PARA-FOTOS-NO-SISTEMA-NOVO-2025-08-28T195211.755_2025-08-28_22-52-38.webp.webp?fit=1200%2C675&ssl=1&resize=350%2C200 1x, https:\/\/i0.wp.com\/noticiasribeiraopreto.com.br\/wp-content\/uploads\/2025\/08\/Copia-de-Copia-de-Copia-de-TAMANHO-EXATO-PARA-FOTOS-NO-SISTEMA-NOVO-2025-08-28T195211.755_2025-08-28_22-52-38.webp.webp?fit=1200%2C675&ssl=1&resize=525%2C300 1.5x, https:\/\/i0.wp.com\/noticiasribeiraopreto.com.br\/wp-content\/uploads\/2025\/08\/Copia-de-Copia-de-Copia-de-TAMANHO-EXATO-PARA-FOTOS-NO-SISTEMA-NOVO-2025-08-28T195211.755_2025-08-28_22-52-38.webp.webp?fit=1200%2C675&ssl=1&resize=700%2C400 2x, https:\/\/i0.wp.com\/noticiasribeiraopreto.com.br\/wp-content\/uploads\/2025\/08\/Copia-de-Copia-de-Copia-de-TAMANHO-EXATO-PARA-FOTOS-NO-SISTEMA-NOVO-2025-08-28T195211.755_2025-08-28_22-52-38.webp.webp?fit=1200%2C675&ssl=1&resize=1050%2C600 3x"},"classes":[]},{"id":83389,"url":"https:\/\/noticiasribeiraopreto.com.br\/index.php\/2026\/03\/17\/receita-federal-de-ribeirao-preto-apreende-r-200-mil-em-maquinas-fotograficas\/","url_meta":{"origin":79046,"position":5},"title":"Receita Federal de Ribeir\u00e3o Preto apreende R$ 200 mil em m\u00e1quinas fotogr\u00e1ficas","author":"noticiasribeiraopreto.com.br","date":"17 de March de 2026","format":false,"excerpt":"A Fiscaliza\u00e7\u00e3o Aduaneira da Receita Federal de Ribeir\u00e3o Preto apreendeu 50 m\u00e1quinas fotogr\u00e1ficas, avaliadas em R$ 200 mil. A a\u00e7\u00e3o aconteceu nesta ter\u00e7a-feira (17) em uma transportadora da regi\u00e3o. Segundo a Receita Federal, os equipamentos foram enviados sem nenhuma documenta\u00e7\u00e3o fiscal que comprovasse a regularidade do envio da carga, o\u2026","rel":"","context":"In &quot;Not\u00edcias de Ribeir\u00e3o Preto-SP e Regi\u00e3o&quot;","block_context":{"text":"Not\u00edcias de Ribeir\u00e3o Preto-SP e Regi\u00e3o","link":"https:\/\/noticiasribeiraopreto.com.br\/index.php\/category\/noticias-de-ribeirao-preto-sp-e-regiao-ismael-colosi\/"},"img":{"alt_text":"","src":"https:\/\/i0.wp.com\/noticiasribeiraopreto.com.br\/wp-content\/uploads\/2026\/03\/maquinas-foto-receita-1_2026-03-17_17-41-17.webp.webp?fit=1200%2C900&ssl=1&resize=350%2C200","width":350,"height":200,"srcset":"https:\/\/i0.wp.com\/noticiasribeiraopreto.com.br\/wp-content\/uploads\/2026\/03\/maquinas-foto-receita-1_2026-03-17_17-41-17.webp.webp?fit=1200%2C900&ssl=1&resize=350%2C200 1x, https:\/\/i0.wp.com\/noticiasribeiraopreto.com.br\/wp-content\/uploads\/2026\/03\/maquinas-foto-receita-1_2026-03-17_17-41-17.webp.webp?fit=1200%2C900&ssl=1&resize=525%2C300 1.5x, https:\/\/i0.wp.com\/noticiasribeiraopreto.com.br\/wp-content\/uploads\/2026\/03\/maquinas-foto-receita-1_2026-03-17_17-41-17.webp.webp?fit=1200%2C900&ssl=1&resize=700%2C400 2x, https:\/\/i0.wp.com\/noticiasribeiraopreto.com.br\/wp-content\/uploads\/2026\/03\/maquinas-foto-receita-1_2026-03-17_17-41-17.webp.webp?fit=1200%2C900&ssl=1&resize=1050%2C600 3x"},"classes":[]}],"jetpack_sharing_enabled":true,"jetpack_shortlink":"https:\/\/wp.me\/peQAOb-kyW","_links":{"self":[{"href":"https:\/\/noticiasribeiraopreto.com.br\/index.php\/wp-json\/wp\/v2\/posts\/79046","targetHints":{"allow":["GET"]}}],"collection":[{"href":"https:\/\/noticiasribeiraopreto.com.br\/index.php\/wp-json\/wp\/v2\/posts"}],"about":[{"href":"https:\/\/noticiasribeiraopreto.com.br\/index.php\/wp-json\/wp\/v2\/types\/post"}],"author":[{"embeddable":true,"href":"https:\/\/noticiasribeiraopreto.com.br\/index.php\/wp-json\/wp\/v2\/users\/1"}],"replies":[{"embeddable":true,"href":"https:\/\/noticiasribeiraopreto.com.br\/index.php\/wp-json\/wp\/v2\/comments?post=79046"}],"version-history":[{"count":0,"href":"https:\/\/noticiasribeiraopreto.com.br\/index.php\/wp-json\/wp\/v2\/posts\/79046\/revisions"}],"wp:featuredmedia":[{"embeddable":true,"href":"https:\/\/noticiasribeiraopreto.com.br\/index.php\/wp-json\/wp\/v2\/media\/79047"}],"wp:attachment":[{"href":"https:\/\/noticiasribeiraopreto.com.br\/index.php\/wp-json\/wp\/v2\/media?parent=79046"}],"wp:term":[{"taxonomy":"category","embeddable":true,"href":"https:\/\/noticiasribeiraopreto.com.br\/index.php\/wp-json\/wp\/v2\/categories?post=79046"},{"taxonomy":"post_tag","embeddable":true,"href":"https:\/\/noticiasribeiraopreto.com.br\/index.php\/wp-json\/wp\/v2\/tags?post=79046"}],"curies":[{"name":"wp","href":"https:\/\/api.w.org\/{rel}","templated":true}]}}