{"id":79051,"date":"2025-10-23T13:36:15","date_gmt":"2025-10-23T16:36:15","guid":{"rendered":"https:\/\/noticiasribeiraopreto.com.br\/index.php\/2025\/10\/23\/filme-sobre-mauricio-de-sousa-chega-aos-cinemas-confira-os-lancamentos\/"},"modified":"2025-10-23T13:36:15","modified_gmt":"2025-10-23T16:36:15","slug":"filme-sobre-mauricio-de-sousa-chega-aos-cinemas-confira-os-lancamentos","status":"publish","type":"post","link":"https:\/\/noticiasribeiraopreto.com.br\/index.php\/2025\/10\/23\/filme-sobre-mauricio-de-sousa-chega-aos-cinemas-confira-os-lancamentos\/","title":{"rendered":"Filme sobre Mauricio de Sousa chega aos cinemas; Confira os lan\u00e7amentos"},"content":{"rendered":"<div class='code-block code-block-1' style='margin: 8px 0 8px auto; text-align: right; display: block; clear: both;'>\n<p><a href=\"https:\/\/wa.link\/vpicfd\"><img data-recalc-dims=\"1\" class=\"wp-image-4922\" style=\"aspect-ratio: 2.0253164556962027; width: 561px; height: auto;\" src=\"https:\/\/i0.wp.com\/ismaelcolosi.com.br\/wp-content\/uploads\/2023\/11\/grupo-de-empregos-whatsapp-e-facebook-ismael-colosi-vagas.jpg?ssl=1\" alt=\"\" \/><\/a><\/p>\n<!-- \/wp:image -->\n<\/div>\n<p> <br \/>\n<\/p>\n<div>\n<p>Os cinemas de <strong>Ribeir\u00e3o Preto<\/strong> recebem nesta quinta-feira (23) tr\u00eas novos filmes na programa\u00e7\u00e3o. Entre os destaques est\u00e3o a cinebiografia \u201c<strong>Mauricio de Sousa: O Filme<\/strong>\u201d e \u201c<strong>Se N\u00e3o Fosse Voc\u00ea<\/strong>\u201d, adapta\u00e7\u00e3o da obra de <strong>Colleen Hoover<\/strong>. Confira os filmes dispon\u00edveis nesta semana:<\/p>\n<h2 class=\"wp-block-heading\"><strong>Mauricio de Sousa: O Filme<\/strong><\/h2>\n<p>A cinebriografia de <strong>Mauricio de Sousa<\/strong>, um dos maiores cartunistas brasileiros, estreia nesta <strong>quinta-feira (23)<\/strong> nos cinemas de <strong>Ribeir\u00e3o Preto<\/strong>. O longa \u00e9 protagonizado por <strong>Mauro Sousa<\/strong>, filho do desenhista. O filme retrata a inf\u00e2ncia de <strong>Mauricio<\/strong>, a rela\u00e7\u00e3o com os pais e os primeiros passos e momentos marcantes que tornaram realidade o sonho de se tornar desenhista. <mark style=\"background-color:#fcb900\" class=\"has-inline-color\">A classifica\u00e7\u00e3o indicativa do longa \u00e9 livre. <\/mark>Assista ao trailer:<\/p>\n<figure class=\"wp-block-embed is-type-video is-provider-youtube wp-block-embed-youtube wp-embed-aspect-16-9 wp-has-aspect-ratio\">\n<div class=\"wp-block-embed__wrapper\">\n<p><iframe loading=\"lazy\" title=\"MAURICIO DE SOUSA - O FILME | TEASER OFICIAL | 23 DE OUTUBRO NOS CINEMAS\" width=\"500\" height=\"281\" src=\"https:\/\/www.youtube.com\/embed\/3u9ropiyMtY?feature=oembed\" frameborder=\"0\" allow=\"accelerometer; autoplay; clipboard-write; encrypted-media; gyroscope; picture-in-picture; web-share\" referrerpolicy=\"strict-origin-when-cross-origin\" allowfullscreen><\/iframe><\/p>\n<\/div>\n<\/figure>\n<h2 class=\"wp-block-heading\"><strong>Se N\u00e3o Fosse Voc\u00ea<\/strong><\/h2>\n<p>A adapta\u00e7\u00e3o do romance de <strong>Colleen Hoover<\/strong> acompanha a hist\u00f3ria de <strong>Morgan Grant (Alisson Willians)<\/strong> e sua filha <strong>Clara (Mckenna Grace)<\/strong>, que aparentemente n\u00e3o possuem nada em comum. Por\u00e9m, as coisas mudam quando elas precisam lidar com o que ficou ap\u00f3s um acidente devastador revelar uma trai\u00e7\u00e3o chocante e for\u00e7\u00e1-las a confrontar segredos da fam\u00edlia, redefinir o amor e se redescobrir. A classifica\u00e7\u00e3o indicativa \u00e9 de <strong>16 anos<\/strong>. Veja o trailer:<\/p>\n<figure class=\"wp-block-embed is-type-video is-provider-youtube wp-block-embed-youtube wp-embed-aspect-16-9 wp-has-aspect-ratio\">\n<div class=\"wp-block-embed__wrapper\">\n<p><iframe loading=\"lazy\" title=\"Se N\u00e3o Fosse Voc\u00ea | Trailer Oficial | DUB | Paramount Pictures Brasil\" width=\"500\" height=\"281\" src=\"https:\/\/www.youtube.com\/embed\/lmf0XFlD3-M?feature=oembed\" frameborder=\"0\" allow=\"accelerometer; autoplay; clipboard-write; encrypted-media; gyroscope; picture-in-picture; web-share\" referrerpolicy=\"strict-origin-when-cross-origin\" allowfullscreen><\/iframe><\/p>\n<\/div>\n<\/figure>\n<h2 class=\"wp-block-heading\"><strong>Chainsaw Man: O Filme \u2013 Arco da Reze<\/strong><\/h2>\n<p>Dando sequ\u00eancia a s\u00e9rie de anime, <strong>Denji <\/strong>se tornou o \u201c<strong>Homem-Motosserra<\/strong>\u201d, um garoto com cora\u00e7\u00e3o de dem\u00f4nio, que agora faz parte dos <strong>Ca\u00e7adores de Dem\u00f4nios da Divis\u00e3o Especial 4<\/strong>. Durante uma guerra brutal contra dem\u00f4nios, ca\u00e7adores e inimigos secretos, uma garota misteriosa chamada Reze entra em seu universo. <mark style=\"background-color:#fcb900\" class=\"has-inline-color\">A classifica\u00e7\u00e3o indicativa \u00e9 de<strong> 18 anos<\/strong>.<\/mark> Confira o trailer:<\/p>\n<figure class=\"wp-block-embed is-type-video is-provider-youtube wp-block-embed-youtube wp-embed-aspect-16-9 wp-has-aspect-ratio\">\n<p>\n<iframe loading=\"lazy\" title=\"ChainsawMan: O Filme - Arco da Reze | TV Spot Bomb | 23 de outubro nos cinemas\" width=\"500\" height=\"281\" src=\"https:\/\/www.youtube.com\/embed\/GkShqOe9b_U?feature=oembed\" frameborder=\"0\" allow=\"accelerometer; autoplay; clipboard-write; encrypted-media; gyroscope; picture-in-picture; web-share\" referrerpolicy=\"strict-origin-when-cross-origin\" allowfullscreen><\/iframe>\n<\/p>\n<\/figure>\n<h2 class=\"wp-block-heading\"><strong>Frankie e os Monstros<\/strong><\/h2>\n<p>O lan\u00e7amento acompanha\u00a0<strong>Stitch Head,<\/strong>\u00a0a primeira e esquecida cria\u00e7\u00e3o de um cientista maluco que vive em um castelo cheio de criaturas estranhas. Sempre escondido e sonhando em ser reconhecido,\u00a0<strong>Stitch<\/strong>\u00a0v\u00ea sua vida mudar quando um show de horrores chega \u00e0 cidade e o transforma em uma estrela inesperada. <mark style=\"background-color:#fcb900\" class=\"has-inline-color\">A classifica\u00e7\u00e3o indicativa \u00e9 livre.<\/mark> Assista ao trailer:<\/p>\n<figure class=\"wp-block-embed is-type-video is-provider-youtube wp-block-embed-youtube wp-embed-aspect-16-9 wp-has-aspect-ratio\">\n<p>\n<iframe loading=\"lazy\" title=\"Frankie E Os Monstros  | Trailer Oficial\" width=\"500\" height=\"281\" src=\"https:\/\/www.youtube.com\/embed\/b_q2by-3zws?feature=oembed\" frameborder=\"0\" allow=\"accelerometer; autoplay; clipboard-write; encrypted-media; gyroscope; picture-in-picture; web-share\" referrerpolicy=\"strict-origin-when-cross-origin\" allowfullscreen><\/iframe>\n<\/p>\n<\/figure>\n<h2 class=\"wp-block-heading\"><strong>A Meia-Irm\u00e3 Feia<\/strong><\/h2>\n<p>Misturando com\u00e9dia e terror, o filme faz uma releitura da cl\u00e1ssica hist\u00f3ria da <strong>Cinderela<\/strong>, no qual <strong>Elvira<\/strong> (<strong>Lea Myren<\/strong>) luta contra sua linda meia-irm\u00e3 em um reino onde a beleza suprema reina. Ela recorre a medidas extremas para conquistar o pr\u00edncipe, em meio a uma competi\u00e7\u00e3o implac\u00e1vel pela perfei\u00e7\u00e3o. <mark style=\"background-color:#fcb900\" class=\"has-inline-color\">O filme n\u00e3o \u00e9 indicado para menores de <strong>18 anos<\/strong>.<\/mark> Veja o trailer:<\/p>\n<figure class=\"wp-block-embed is-type-video is-provider-youtube wp-block-embed-youtube wp-embed-aspect-16-9 wp-has-aspect-ratio\">\n<div class=\"wp-block-embed__wrapper\">\n<p><iframe loading=\"lazy\" title=\"A MEIA-IRM\u00c3 FEIA | Trailer Oficial Dublado\" width=\"500\" height=\"281\" src=\"https:\/\/www.youtube.com\/embed\/LCLMFJj5Rao?feature=oembed\" frameborder=\"0\" allow=\"accelerometer; autoplay; clipboard-write; encrypted-media; gyroscope; picture-in-picture; web-share\" referrerpolicy=\"strict-origin-when-cross-origin\" allowfullscreen><\/iframe><\/p>\n<\/div>\n<\/figure>\n<h2 class=\"wp-block-heading\"><strong>Pai do Ano<\/strong><\/h2>\n<p>A com\u00e9dia acompanha a vida de <strong>Andy Goodrich (Michael Keaton)<\/strong>, que passa por mudan\u00e7as na sua vida quando sua esposa entra em um programa de reabilita\u00e7\u00e3o, deixando-o sozinho com seus filhos pequenos. <strong>Andy <\/strong>se apoia em <strong>Grace (Mila Kunis)<\/strong>, sua filha do primeiro casamento, e acaba se transformando no pai que ela nunca teve. <mark style=\"background-color:#fcb900\" class=\"has-inline-color\">A classifica\u00e7\u00e3o indicativa \u00e9 de <strong>12 anos<\/strong>.<\/mark> Assista ao trailer:<\/p>\n<figure class=\"wp-block-embed is-type-video is-provider-youtube wp-block-embed-youtube wp-embed-aspect-16-9 wp-has-aspect-ratio\">\n<div class=\"wp-block-embed__wrapper\">\n<p><iframe loading=\"lazy\" title=\"PAI DO ANO | Trailer Dublado Oficial\" width=\"500\" height=\"281\" src=\"https:\/\/www.youtube.com\/embed\/xSBdorJ3fds?feature=oembed\" frameborder=\"0\" allow=\"accelerometer; autoplay; clipboard-write; encrypted-media; gyroscope; picture-in-picture; web-share\" referrerpolicy=\"strict-origin-when-cross-origin\" allowfullscreen><\/iframe><\/p>\n<\/div>\n<\/figure>\n<h2 class=\"wp-block-heading\"><strong>#SalveRosa<\/strong><\/h2>\n<p>O suspense acompanha a jovem influenciadora <strong>Rosa (Klara Castanho)<\/strong>. A rotina de <strong>Rosa <\/strong>por tr\u00e1s das c\u00e2meras \u00e9 exaustiva, num ritmo de trabalho fora do comum controlado por sua m\u00e3e super protetora <strong>Dora (Karine Teles)<\/strong>, que gerencia at\u00e9 mesmo a dieta da filha. Depois de sofrer um desmaio na escola, <strong>Rosa <\/strong>investiga seu passado, que parece esconder segredos estranhos. A investiga\u00e7\u00e3o acaba colocando n\u00e3o apenas a rela\u00e7\u00e3o com a m\u00e3e em risco, mas sua pr\u00f3pria vida. <mark style=\"background-color:#fcb900\" class=\"has-inline-color\">A classifica\u00e7\u00e3o indicativa \u00e9 de <strong>16 anos<\/strong>.<\/mark> Confira o trailer:<\/p>\n<figure class=\"wp-block-embed is-type-video is-provider-youtube wp-block-embed-youtube wp-embed-aspect-16-9 wp-has-aspect-ratio\">\n<div class=\"wp-block-embed__wrapper\">\n<p><iframe loading=\"lazy\" title=\"#SalveRosa | Trailer Oficial\" width=\"500\" height=\"281\" src=\"https:\/\/www.youtube.com\/embed\/1S_-eEnfNdU?feature=oembed\" frameborder=\"0\" allow=\"accelerometer; autoplay; clipboard-write; encrypted-media; gyroscope; picture-in-picture; web-share\" referrerpolicy=\"strict-origin-when-cross-origin\" allowfullscreen><\/iframe><\/p>\n<\/div>\n<\/figure>\n<p>SAIBA MAIS<br \/>Assessoria da XP anuncia compra de escrit\u00f3rio em Ribeir\u00e3o Preto<\/p>\n<h2 class=\"wp-block-heading\"><strong>FIQUE ON<\/strong><\/h2>\n<p>Fique ligado em tudo que acontece em Ribeir\u00e3o Preto e regi\u00e3o. Siga os perfis do\u00a0<strong>acidade on<\/strong>\u00a0no<a href=\"https:\/\/www.instagram.com\/acidadeonribeirao\" target=\"_blank\" rel=\"noreferrer noopener\">\u00a0Instagram\u00a0<\/a>e no\u00a0<a href=\"https:\/\/www.facebook.com\/acidadeonribeirao\/\" target=\"_blank\" rel=\"noreferrer noopener\">Facebook<\/a>.<\/p>\n<p>Receba not\u00edcias do<strong>\u00a0acidade on<\/strong>\u00a0no WhatsApp. Para entrar no grupo,\u00a0basta\u00a0<a href=\"https:\/\/chat.whatsapp.com\/I4nieTEMKlf50pJ28aMemC?mode=ac_t\" target=\"_blank\" rel=\"noreferrer noopener\">clicar aqui<\/a>. Ou, acesse o nosso\u00a0Canal\u00a0<a href=\"https:\/\/whatsapp.com\/channel\/0029Vb6IQl1JENyAeS57fk2p\" target=\"_blank\" rel=\"noreferrer noopener\">clicando aqui<\/a>.<\/p>\n<p>Fa\u00e7a uma den\u00fancia ou sugira uma reportagem sobre Ribeir\u00e3o Preto e regi\u00e3o pelo WhatsApp: 16 99117 7802.<\/p>\n<p>VEJA TAMB\u00c9M<br \/>Quem \u00e9 o pai de Jo\u00e9lly em \u2018Tr\u00eas Gra\u00e7as\u2019?<\/p>\n<p><!-- AI CONTENT END 1 -->\n<\/div>\n<p><script async src=\"\/\/www.instagram.com\/embed.js\"><\/script><br \/>\n<br \/><br \/>\n<br \/><a href=\"https:\/\/www.acidadeon.com\/ribeiraopreto\/lazer-e-cultura\/filme-sobre-mauricio-de-sousa-chega-aos-cinemas-confira-os-lancamentos\/\">Source link <\/a><\/p>\n<!-- CONTENT END 1 -->\n","protected":false},"excerpt":{"rendered":"<p>Os cinemas de Ribeir\u00e3o Preto recebem nesta quinta-feira (23) tr\u00eas novos filmes na programa\u00e7\u00e3o. Entre os destaques est\u00e3o a cinebiografia \u201cMauricio de Sousa: O Filme\u201d&#8230;<\/p>\n","protected":false},"author":1,"featured_media":79053,"comment_status":"open","ping_status":"open","sticky":false,"template":"","format":"standard","meta":{"advanced_seo_description":"","jetpack_seo_html_title":"","jetpack_seo_noindex":false,"jetpack_post_was_ever_published":false,"_jetpack_newsletter_access":"","_jetpack_dont_email_post_to_subs":false,"_jetpack_newsletter_tier_id":0,"_jetpack_memberships_contains_paywalled_content":false,"_jetpack_memberships_contains_paid_content":false,"footnotes":"","jetpack_publicize_message":"","jetpack_publicize_feature_enabled":true,"jetpack_social_post_already_shared":true,"jetpack_social_options":{"image_generator_settings":{"template":"highway","default_image_id":0,"font":"","enabled":false},"version":2}},"categories":[11],"tags":[],"class_list":["post-79051","post","type-post","status-publish","format-standard","has-post-thumbnail","hentry","category-noticias-de-ribeirao-preto-sp-e-regiao-ismael-colosi"],"jetpack_publicize_connections":[],"jetpack_featured_media_url":"https:\/\/i0.wp.com\/noticiasribeiraopreto.com.br\/wp-content\/uploads\/2025\/10\/mauriciodesousaofilmeplanocritico_2025-10-23_13-13-39.webp.webp?fit=1170%2C780&ssl=1","jetpack-related-posts":[{"id":79062,"url":"https:\/\/noticiasribeiraopreto.com.br\/index.php\/2025\/10\/23\/produtor-de-ribeirao-preto-fala-sobre-bastidores-do-filme-sobre-mauricio-de-sousa\/","url_meta":{"origin":79051,"position":0},"title":"Produtor de Ribeir\u00e3o Preto fala sobre bastidores do filme sobre Mauricio de Sousa","author":"noticiasribeiraopreto.com.br","date":"23 de October de 2025","format":false,"excerpt":"A cinebiografia de Mauricio de Sousa, um dos maiores cartunistas brasileiros, estreia nesta quinta-feira (23) nos cinemas de Ribeir\u00e3o Preto. O longa \u00e9 protagonizado por Mauro Sousa, filho do desenhista, e retrata a inf\u00e2ncia do criador da Turma da M\u00f4nica, sua rela\u00e7\u00e3o com os pais e os primeiros passos que\u2026","rel":"","context":"In &quot;Not\u00edcias de Ribeir\u00e3o Preto-SP e Regi\u00e3o&quot;","block_context":{"text":"Not\u00edcias de Ribeir\u00e3o Preto-SP e Regi\u00e3o","link":"https:\/\/noticiasribeiraopreto.com.br\/index.php\/category\/noticias-de-ribeirao-preto-sp-e-regiao-ismael-colosi\/"},"img":{"alt_text":"","src":"https:\/\/i0.wp.com\/noticiasribeiraopreto.com.br\/wp-content\/uploads\/2025\/10\/Vanderci-Pessotti-4_2025-10-23_16-51-09.webp.webp?fit=1200%2C675&ssl=1&resize=350%2C200","width":350,"height":200,"srcset":"https:\/\/i0.wp.com\/noticiasribeiraopreto.com.br\/wp-content\/uploads\/2025\/10\/Vanderci-Pessotti-4_2025-10-23_16-51-09.webp.webp?fit=1200%2C675&ssl=1&resize=350%2C200 1x, https:\/\/i0.wp.com\/noticiasribeiraopreto.com.br\/wp-content\/uploads\/2025\/10\/Vanderci-Pessotti-4_2025-10-23_16-51-09.webp.webp?fit=1200%2C675&ssl=1&resize=525%2C300 1.5x, https:\/\/i0.wp.com\/noticiasribeiraopreto.com.br\/wp-content\/uploads\/2025\/10\/Vanderci-Pessotti-4_2025-10-23_16-51-09.webp.webp?fit=1200%2C675&ssl=1&resize=700%2C400 2x, https:\/\/i0.wp.com\/noticiasribeiraopreto.com.br\/wp-content\/uploads\/2025\/10\/Vanderci-Pessotti-4_2025-10-23_16-51-09.webp.webp?fit=1200%2C675&ssl=1&resize=1050%2C600 3x"},"classes":[]},{"id":51092,"url":"https:\/\/noticiasribeiraopreto.com.br\/index.php\/2024\/05\/23\/feira-do-livro-na-regiao-de-ribeirao-tem-oficinas-e-shows-veja-a-programacao\/","url_meta":{"origin":79051,"position":1},"title":"Feira do Livro na regi\u00e3o de Ribeir\u00e3o tem oficinas e shows; Veja a programa\u00e7\u00e3o","author":"noticiasribeiraopreto.com.br","date":"23 de May de 2024","format":false,"excerpt":"A 5\u00aa Feira do Livro de Ipu\u00e3 (Fecodi), cidade a aproximadamente 100 quil\u00f4metros de Ribeir\u00e3o Preto, inicia nesta quinta-feira (23) e segue at\u00e9 s\u00e1bado (25). A edi\u00e7\u00e3o homenageia o cartunista Mauricio de Sousa. Confira a programa\u00e7\u00e3o completa abaixo. O evento ter\u00e1 atividades di\u00e1rias no Parque de Exposi\u00e7\u00f5es Oswaldo Ribeiro de\u2026","rel":"","context":"In &quot;Not\u00edcias de Ribeir\u00e3o Preto-SP e Regi\u00e3o&quot;","block_context":{"text":"Not\u00edcias de Ribeir\u00e3o Preto-SP e Regi\u00e3o","link":"https:\/\/noticiasribeiraopreto.com.br\/index.php\/category\/noticias-de-ribeirao-preto-sp-e-regiao-ismael-colosi\/"},"img":{"alt_text":"","src":"https:\/\/i0.wp.com\/noticiasribeiraopreto.com.br\/wp-content\/uploads\/2024\/05\/Copia-de-Copia-de-TAMANHO-EXATO-PARA-FOTOS-NO-SISTEMA-NOVO_2024-05-23_11-35-28_jpg_2024-05-23_11-35-28.webp.webp?fit=1200%2C675&ssl=1&resize=350%2C200","width":350,"height":200,"srcset":"https:\/\/i0.wp.com\/noticiasribeiraopreto.com.br\/wp-content\/uploads\/2024\/05\/Copia-de-Copia-de-TAMANHO-EXATO-PARA-FOTOS-NO-SISTEMA-NOVO_2024-05-23_11-35-28_jpg_2024-05-23_11-35-28.webp.webp?fit=1200%2C675&ssl=1&resize=350%2C200 1x, https:\/\/i0.wp.com\/noticiasribeiraopreto.com.br\/wp-content\/uploads\/2024\/05\/Copia-de-Copia-de-TAMANHO-EXATO-PARA-FOTOS-NO-SISTEMA-NOVO_2024-05-23_11-35-28_jpg_2024-05-23_11-35-28.webp.webp?fit=1200%2C675&ssl=1&resize=525%2C300 1.5x, https:\/\/i0.wp.com\/noticiasribeiraopreto.com.br\/wp-content\/uploads\/2024\/05\/Copia-de-Copia-de-TAMANHO-EXATO-PARA-FOTOS-NO-SISTEMA-NOVO_2024-05-23_11-35-28_jpg_2024-05-23_11-35-28.webp.webp?fit=1200%2C675&ssl=1&resize=700%2C400 2x, https:\/\/i0.wp.com\/noticiasribeiraopreto.com.br\/wp-content\/uploads\/2024\/05\/Copia-de-Copia-de-TAMANHO-EXATO-PARA-FOTOS-NO-SISTEMA-NOVO_2024-05-23_11-35-28_jpg_2024-05-23_11-35-28.webp.webp?fit=1200%2C675&ssl=1&resize=1050%2C600 3x"},"classes":[]},{"id":63217,"url":"https:\/\/noticiasribeiraopreto.com.br\/index.php\/2025\/02\/06\/emilia-perez-e-blindado-chegam-aos-cinemas-de-ribeirao-preto-veja-os-trailers\/","url_meta":{"origin":79051,"position":2},"title":"\u2018Emilia P\u00e9rez\u2019 e \u2018Blindado\u2019 chegam aos cinemas de Ribeir\u00e3o Preto; Veja os trailers","author":"noticiasribeiraopreto.com.br","date":"6 de February de 2025","format":false,"excerpt":"Os cinemas de Ribeir\u00e3o Preto t\u00eam quatro estreias nesta quinta-feira (6). Entre os filmes em cartaz est\u00e3o o filme indicado ao Oscar 2025 \u201cEmilia P\u00e9rez\u201d e o novo longa de a\u00e7\u00e3o com Sylvester Stallone, \u201cBlindado\u201d. Confira a programa\u00e7\u00e3o completa abaixo. Ribeir\u00e3o Preto conta com quatro cinemas: o UCI localizado no\u2026","rel":"","context":"In &quot;Not\u00edcias de Ribeir\u00e3o Preto-SP e Regi\u00e3o&quot;","block_context":{"text":"Not\u00edcias de Ribeir\u00e3o Preto-SP e Regi\u00e3o","link":"https:\/\/noticiasribeiraopreto.com.br\/index.php\/category\/noticias-de-ribeirao-preto-sp-e-regiao-ismael-colosi\/"},"img":{"alt_text":"","src":"https:\/\/i0.wp.com\/noticiasribeiraopreto.com.br\/wp-content\/uploads\/2025\/02\/emilia-perez-1155x770-1_2025-02-06_15-11-00.webp.webp?fit=1155%2C770&ssl=1&resize=350%2C200","width":350,"height":200,"srcset":"https:\/\/i0.wp.com\/noticiasribeiraopreto.com.br\/wp-content\/uploads\/2025\/02\/emilia-perez-1155x770-1_2025-02-06_15-11-00.webp.webp?fit=1155%2C770&ssl=1&resize=350%2C200 1x, https:\/\/i0.wp.com\/noticiasribeiraopreto.com.br\/wp-content\/uploads\/2025\/02\/emilia-perez-1155x770-1_2025-02-06_15-11-00.webp.webp?fit=1155%2C770&ssl=1&resize=525%2C300 1.5x, https:\/\/i0.wp.com\/noticiasribeiraopreto.com.br\/wp-content\/uploads\/2025\/02\/emilia-perez-1155x770-1_2025-02-06_15-11-00.webp.webp?fit=1155%2C770&ssl=1&resize=700%2C400 2x, https:\/\/i0.wp.com\/noticiasribeiraopreto.com.br\/wp-content\/uploads\/2025\/02\/emilia-perez-1155x770-1_2025-02-06_15-11-00.webp.webp?fit=1155%2C770&ssl=1&resize=1050%2C600 3x"},"classes":[]},{"id":54024,"url":"https:\/\/noticiasribeiraopreto.com.br\/index.php\/2024\/06\/27\/to-de-graca-e-um-lugar-silencioso-entram-em-cartaz-nos-cinemas-nesta-quinta-feira-confira\/","url_meta":{"origin":79051,"position":3},"title":"\u2018T\u00f4 De Gra\u00e7a\u2019 e \u2018Um Lugar Silencioso\u2019 entram em cartaz nos cinemas nesta quinta-feira; Confira","author":"noticiasribeiraopreto.com.br","date":"27 de June de 2024","format":false,"excerpt":"Nesta quinta-feira (27), os cinemas de Ribeir\u00e3o Preto recebem filmes nacionais e internacionais. Entre os longas que entram em cartaz, os destaques s\u00e3o: \u201cT\u00f4 De Gra\u00e7a \u2013 O Filme\u201d e \u201cUm Lugar Silencioso: Dia Um\u201d. Ribeir\u00e3o Preto conta com quatro cinemas, o UCI localizado no Ribeir\u00e3o Shopping, o Cinep\u00f3lis nos\u2026","rel":"","context":"In &quot;Not\u00edcias de Ribeir\u00e3o Preto-SP e Regi\u00e3o&quot;","block_context":{"text":"Not\u00edcias de Ribeir\u00e3o Preto-SP e Regi\u00e3o","link":"https:\/\/noticiasribeiraopreto.com.br\/index.php\/category\/noticias-de-ribeirao-preto-sp-e-regiao-ismael-colosi\/"},"img":{"alt_text":"","src":"https:\/\/i0.wp.com\/noticiasribeiraopreto.com.br\/wp-content\/uploads\/2024\/06\/Capturar_2024-06-27_12-20-49_jpg_2024-06-27_12-20-49.webp.webp?fit=768%2C417&ssl=1&resize=350%2C200","width":350,"height":200,"srcset":"https:\/\/i0.wp.com\/noticiasribeiraopreto.com.br\/wp-content\/uploads\/2024\/06\/Capturar_2024-06-27_12-20-49_jpg_2024-06-27_12-20-49.webp.webp?fit=768%2C417&ssl=1&resize=350%2C200 1x, https:\/\/i0.wp.com\/noticiasribeiraopreto.com.br\/wp-content\/uploads\/2024\/06\/Capturar_2024-06-27_12-20-49_jpg_2024-06-27_12-20-49.webp.webp?fit=768%2C417&ssl=1&resize=525%2C300 1.5x, https:\/\/i0.wp.com\/noticiasribeiraopreto.com.br\/wp-content\/uploads\/2024\/06\/Capturar_2024-06-27_12-20-49_jpg_2024-06-27_12-20-49.webp.webp?fit=768%2C417&ssl=1&resize=700%2C400 2x"},"classes":[]},{"id":62751,"url":"https:\/\/noticiasribeiraopreto.com.br\/index.php\/2025\/01\/23\/ainda-estou-aqui-e-indicado-em-tres-categorias-do-oscar-2025\/","url_meta":{"origin":79051,"position":4},"title":"\u2018Ainda Estou Aqui\u2019 \u00e9 indicado em tr\u00eas categorias do Oscar 2025","author":"noticiasribeiraopreto.com.br","date":"23 de January de 2025","format":false,"excerpt":"A produ\u00e7\u00e3o brasileira \u201cAinda Estou Aqui\u201d foi indicada a tr\u00eas categorias do Oscar 2025. O an\u00fancio aconteceu na manh\u00e3 desta quinta-feira (25). Esta \u00e9 a primeira vez em que um filme brasileiro \u00e9 indicado na disputa da principal categoria do Oscar, a de Melhor Filme Al\u00e9m disso, o filme dirigido\u2026","rel":"","context":"In &quot;Not\u00edcias de Ribeir\u00e3o Preto-SP e Regi\u00e3o&quot;","block_context":{"text":"Not\u00edcias de Ribeir\u00e3o Preto-SP e Regi\u00e3o","link":"https:\/\/noticiasribeiraopreto.com.br\/index.php\/category\/noticias-de-ribeirao-preto-sp-e-regiao-ismael-colosi\/"},"img":{"alt_text":"","src":"https:\/\/i0.wp.com\/noticiasribeiraopreto.com.br\/wp-content\/uploads\/2025\/01\/ainda-estou-aqui_2025-01-23_14-48-39_jpg_2025-01-23_14-48-39.webp.webp?fit=1155%2C630&ssl=1&resize=350%2C200","width":350,"height":200,"srcset":"https:\/\/i0.wp.com\/noticiasribeiraopreto.com.br\/wp-content\/uploads\/2025\/01\/ainda-estou-aqui_2025-01-23_14-48-39_jpg_2025-01-23_14-48-39.webp.webp?fit=1155%2C630&ssl=1&resize=350%2C200 1x, https:\/\/i0.wp.com\/noticiasribeiraopreto.com.br\/wp-content\/uploads\/2025\/01\/ainda-estou-aqui_2025-01-23_14-48-39_jpg_2025-01-23_14-48-39.webp.webp?fit=1155%2C630&ssl=1&resize=525%2C300 1.5x, https:\/\/i0.wp.com\/noticiasribeiraopreto.com.br\/wp-content\/uploads\/2025\/01\/ainda-estou-aqui_2025-01-23_14-48-39_jpg_2025-01-23_14-48-39.webp.webp?fit=1155%2C630&ssl=1&resize=700%2C400 2x, https:\/\/i0.wp.com\/noticiasribeiraopreto.com.br\/wp-content\/uploads\/2025\/01\/ainda-estou-aqui_2025-01-23_14-48-39_jpg_2025-01-23_14-48-39.webp.webp?fit=1155%2C630&ssl=1&resize=1050%2C600 3x"},"classes":[]},{"id":75341,"url":"https:\/\/noticiasribeiraopreto.com.br\/index.php\/2025\/08\/07\/confira-os-filmes-que-estreiam-nos-cinemas-de-ribeirao-preto-nesta-quinta-feira\/","url_meta":{"origin":79051,"position":5},"title":"Confira os filmes que estreiam nos cinemas de Ribeir\u00e3o Preto nesta quinta-feira","author":"noticiasribeiraopreto.com.br","date":"7 de August de 2025","format":false,"excerpt":"Nesta quinta-feira (7), chegam aos cinemas de Ribeir\u00e3o Preto cinco novos filmes. Trazendo um toque de nostalgia, entre os destaques est\u00e1 \u201cUma Sexta-Feira Mais Louca Ainda\u201d, sequ\u00eancia do cl\u00e1ssico da Disney que marca o retorno de Lindsay Lohan e Jamie Lee Cutis. Veja mais op\u00e7\u00f5es de filme em cartaz abaixo.\u2026","rel":"","context":"In &quot;Not\u00edcias de Ribeir\u00e3o Preto-SP e Regi\u00e3o&quot;","block_context":{"text":"Not\u00edcias de Ribeir\u00e3o Preto-SP e Regi\u00e3o","link":"https:\/\/noticiasribeiraopreto.com.br\/index.php\/category\/noticias-de-ribeirao-preto-sp-e-regiao-ismael-colosi\/"},"img":{"alt_text":"","src":"https:\/\/i0.wp.com\/noticiasribeiraopreto.com.br\/wp-content\/uploads\/2025\/08\/Freakier-Friday-23.webp.webp?fit=1200%2C900&ssl=1&resize=350%2C200","width":350,"height":200,"srcset":"https:\/\/i0.wp.com\/noticiasribeiraopreto.com.br\/wp-content\/uploads\/2025\/08\/Freakier-Friday-23.webp.webp?fit=1200%2C900&ssl=1&resize=350%2C200 1x, https:\/\/i0.wp.com\/noticiasribeiraopreto.com.br\/wp-content\/uploads\/2025\/08\/Freakier-Friday-23.webp.webp?fit=1200%2C900&ssl=1&resize=525%2C300 1.5x, https:\/\/i0.wp.com\/noticiasribeiraopreto.com.br\/wp-content\/uploads\/2025\/08\/Freakier-Friday-23.webp.webp?fit=1200%2C900&ssl=1&resize=700%2C400 2x, https:\/\/i0.wp.com\/noticiasribeiraopreto.com.br\/wp-content\/uploads\/2025\/08\/Freakier-Friday-23.webp.webp?fit=1200%2C900&ssl=1&resize=1050%2C600 3x"},"classes":[]}],"jetpack_sharing_enabled":true,"jetpack_shortlink":"https:\/\/wp.me\/peQAOb-kz1","_links":{"self":[{"href":"https:\/\/noticiasribeiraopreto.com.br\/index.php\/wp-json\/wp\/v2\/posts\/79051","targetHints":{"allow":["GET"]}}],"collection":[{"href":"https:\/\/noticiasribeiraopreto.com.br\/index.php\/wp-json\/wp\/v2\/posts"}],"about":[{"href":"https:\/\/noticiasribeiraopreto.com.br\/index.php\/wp-json\/wp\/v2\/types\/post"}],"author":[{"embeddable":true,"href":"https:\/\/noticiasribeiraopreto.com.br\/index.php\/wp-json\/wp\/v2\/users\/1"}],"replies":[{"embeddable":true,"href":"https:\/\/noticiasribeiraopreto.com.br\/index.php\/wp-json\/wp\/v2\/comments?post=79051"}],"version-history":[{"count":0,"href":"https:\/\/noticiasribeiraopreto.com.br\/index.php\/wp-json\/wp\/v2\/posts\/79051\/revisions"}],"wp:featuredmedia":[{"embeddable":true,"href":"https:\/\/noticiasribeiraopreto.com.br\/index.php\/wp-json\/wp\/v2\/media\/79053"}],"wp:attachment":[{"href":"https:\/\/noticiasribeiraopreto.com.br\/index.php\/wp-json\/wp\/v2\/media?parent=79051"}],"wp:term":[{"taxonomy":"category","embeddable":true,"href":"https:\/\/noticiasribeiraopreto.com.br\/index.php\/wp-json\/wp\/v2\/categories?post=79051"},{"taxonomy":"post_tag","embeddable":true,"href":"https:\/\/noticiasribeiraopreto.com.br\/index.php\/wp-json\/wp\/v2\/tags?post=79051"}],"curies":[{"name":"wp","href":"https:\/\/api.w.org\/{rel}","templated":true}]}}