{"id":79054,"date":"2025-10-23T13:44:26","date_gmt":"2025-10-23T16:44:26","guid":{"rendered":"https:\/\/noticiasribeiraopreto.com.br\/index.php\/2025\/10\/23\/acidente-trava-o-transito-no-anel-viario-sul-de-ribeirao-preto\/"},"modified":"2025-10-23T13:44:26","modified_gmt":"2025-10-23T16:44:26","slug":"acidente-trava-o-transito-no-anel-viario-sul-de-ribeirao-preto","status":"publish","type":"post","link":"https:\/\/noticiasribeiraopreto.com.br\/index.php\/2025\/10\/23\/acidente-trava-o-transito-no-anel-viario-sul-de-ribeirao-preto\/","title":{"rendered":"Acidente trava o tr\u00e2nsito no Anel Vi\u00e1rio Sul de Ribeir\u00e3o Preto"},"content":{"rendered":"<div class='code-block code-block-1' style='margin: 8px 0 8px auto; text-align: right; display: block; clear: both;'>\n<p><a href=\"https:\/\/wa.link\/vpicfd\"><img data-recalc-dims=\"1\" class=\"wp-image-4922\" style=\"aspect-ratio: 2.0253164556962027; width: 561px; height: auto;\" src=\"https:\/\/i0.wp.com\/ismaelcolosi.com.br\/wp-content\/uploads\/2023\/11\/grupo-de-empregos-whatsapp-e-facebook-ismael-colosi-vagas.jpg?ssl=1\" alt=\"\" \/><\/a><\/p>\n<!-- \/wp:image -->\n<\/div>\n<p> <br \/>\n<\/p>\n<div data-td-block-uid=\"tdi_95\">\n<div class=\"tdb-block-inner td-fix-index\">\n<p><strong>Um acidente causou transtornos aos motoristas na manh\u00e3 desta quinta-feira (23), no Anel Vi\u00e1rio Sul (rodovia Prefeito Ant\u00f4nio Duarte Nogueira, SP-322), em Ribeir\u00e3o Preto.<\/strong><\/p>\n<p>O <strong>tr\u00e2nsito <\/strong>ficou <strong>congestionado <\/strong>na <strong>pista sentido <\/strong>a <strong>Sert\u00e3ozinho<\/strong>, na altura do <strong>km 311<\/strong>.<\/p>\n<p>Segundo informa\u00e7\u00f5es, dois ve\u00edculos se envolveram em uma colis\u00e3o leve em hor\u00e1rio de tr\u00e2nsito intenso. A pista, contudo, j\u00e1 est\u00e1 liberada.<\/p>\n<p>N\u00e3o h\u00e1 informa\u00e7\u00f5es sobre v\u00edtimas.<\/p>\n<p>As causas ainda dever\u00e3o ser apuradas.<\/p>\n<p>SAIBA MAIS<\/p>\n<p>Boiada \u00e9 flagrada em ruas de bairro na zona Oeste de Ribeir\u00e3o Preto; V\u00eddeo<\/p>\n<h2 class=\"wp-block-heading\"><strong>FIQUE ON<\/strong><\/h2>\n<p>Fique ligado em tudo que acontece em Ribeir\u00e3o Preto e regi\u00e3o. Siga os perfis do\u00a0<strong>acidade on<\/strong>\u00a0no\u00a0<a href=\"https:\/\/www.instagram.com\/acidadeonribeirao\" target=\"_blank\" rel=\"noreferrer noopener\">Instagram\u00a0<\/a>e no<a href=\"https:\/\/www.facebook.com\/acidadeonribeirao\/\" target=\"_blank\" rel=\"noreferrer noopener\">\u00a0Facebook<\/a>.<\/p>\n<p>Receba not\u00edcias do\u00a0<strong>acidade on<\/strong>\u00a0no WhatsApp. Para entrar no grupo,\u00a0basta\u00a0<a href=\"https:\/\/chat.whatsapp.com\/I4nieTEMKlf50pJ28aMemC?mode=ac_t\" target=\"_blank\" rel=\"noreferrer noopener\">clicar aqui<\/a>. Ou, acesse o nosso\u00a0Canal<a href=\"https:\/\/whatsapp.com\/channel\/0029Vb6IQl1JENyAeS57fk2p\" target=\"_blank\" rel=\"noreferrer noopener\">\u00a0clicando aqui<\/a>.<\/p>\n<p>Fa\u00e7a uma den\u00fancia ou sugira uma reportagem sobre Ribeir\u00e3o Preto e regi\u00e3o pelo WhatsApp: 16 99117 7802.<\/p>\n<p>VEJA TAMB\u00c9M<\/p>\n<p>Final de \u2018Stranger Things\u2019 ser\u00e1 exibido nos cinemas brasileiros?<\/p>\n<p><!-- AI CONTENT END 1 -->\n<\/div>\n<\/div>\n<p><script async src=\"\/\/www.instagram.com\/embed.js\"><\/script><br \/>\n<br \/><br \/>\n<br \/><a href=\"https:\/\/www.acidadeon.com\/ribeiraopreto\/cotidiano\/acidente-trava-o-transito-no-anel-viario-sul-de-ribeirao-preto\/\">Source link <\/a><\/p>\n<!-- CONTENT END 1 -->\n","protected":false},"excerpt":{"rendered":"<p>Um acidente causou transtornos aos motoristas na manh\u00e3 desta quinta-feira (23), no Anel Vi\u00e1rio Sul (rodovia Prefeito Ant\u00f4nio Duarte Nogueira, SP-322), em Ribeir\u00e3o Preto. O&#8230;<\/p>\n","protected":false},"author":1,"featured_media":79055,"comment_status":"open","ping_status":"open","sticky":false,"template":"","format":"standard","meta":{"advanced_seo_description":"","jetpack_seo_html_title":"","jetpack_seo_noindex":false,"jetpack_post_was_ever_published":false,"_jetpack_newsletter_access":"","_jetpack_dont_email_post_to_subs":false,"_jetpack_newsletter_tier_id":0,"_jetpack_memberships_contains_paywalled_content":false,"_jetpack_memberships_contains_paid_content":false,"footnotes":"","jetpack_publicize_message":"","jetpack_publicize_feature_enabled":true,"jetpack_social_post_already_shared":true,"jetpack_social_options":{"image_generator_settings":{"template":"highway","default_image_id":0,"font":"","enabled":false},"version":2}},"categories":[11],"tags":[],"class_list":["post-79054","post","type-post","status-publish","format-standard","has-post-thumbnail","hentry","category-noticias-de-ribeirao-preto-sp-e-regiao-ismael-colosi"],"jetpack_publicize_connections":[],"jetpack_featured_media_url":"https:\/\/i0.wp.com\/noticiasribeiraopreto.com.br\/wp-content\/uploads\/2025\/10\/CONGESTIONAMENTO_2025-10-23_13-34-30.webp.webp?fit=1200%2C961&ssl=1","jetpack-related-posts":[{"id":70183,"url":"https:\/\/noticiasribeiraopreto.com.br\/index.php\/2025\/05\/23\/acidente-envolve-quatro-carros-no-anel-viario-norte-de-ribeirao-preto\/","url_meta":{"origin":79054,"position":0},"title":"Acidente envolve quatro carros no Anel Vi\u00e1rio Norte de Ribeir\u00e3o Preto","author":"noticiasribeiraopreto.com.br","date":"23 de May de 2025","format":false,"excerpt":"Um acidente envolveu quatro carros na manh\u00e3 desta sexta-feira (23), no km 326 do Anel Vi\u00e1rio Norte (rodovia Alexandre Balbo, SP-328), em Ribeir\u00e3o Preto. Assista ao v\u00eddeo abaixo. Segundo a concession\u00e1ria Entrevias, duas faixas no sentido Sul est\u00e3o interditadas e o tr\u00e2nsito foi desviado para o acostamento. N\u00e3o h\u00e1 informa\u00e7\u00f5es\u2026","rel":"","context":"In &quot;Not\u00edcias de Ribeir\u00e3o Preto-SP e Regi\u00e3o&quot;","block_context":{"text":"Not\u00edcias de Ribeir\u00e3o Preto-SP e Regi\u00e3o","link":"https:\/\/noticiasribeiraopreto.com.br\/index.php\/category\/noticias-de-ribeirao-preto-sp-e-regiao-ismael-colosi\/"},"img":{"alt_text":"","src":"https:\/\/i0.wp.com\/noticiasribeiraopreto.com.br\/wp-content\/uploads\/2025\/05\/ACIDENTE_2025-05-23_12-36-39.webp.webp?fit=1200%2C721&ssl=1&resize=350%2C200","width":350,"height":200,"srcset":"https:\/\/i0.wp.com\/noticiasribeiraopreto.com.br\/wp-content\/uploads\/2025\/05\/ACIDENTE_2025-05-23_12-36-39.webp.webp?fit=1200%2C721&ssl=1&resize=350%2C200 1x, https:\/\/i0.wp.com\/noticiasribeiraopreto.com.br\/wp-content\/uploads\/2025\/05\/ACIDENTE_2025-05-23_12-36-39.webp.webp?fit=1200%2C721&ssl=1&resize=525%2C300 1.5x, https:\/\/i0.wp.com\/noticiasribeiraopreto.com.br\/wp-content\/uploads\/2025\/05\/ACIDENTE_2025-05-23_12-36-39.webp.webp?fit=1200%2C721&ssl=1&resize=700%2C400 2x, https:\/\/i0.wp.com\/noticiasribeiraopreto.com.br\/wp-content\/uploads\/2025\/05\/ACIDENTE_2025-05-23_12-36-39.webp.webp?fit=1200%2C721&ssl=1&resize=1050%2C600 3x"},"classes":[]},{"id":78200,"url":"https:\/\/noticiasribeiraopreto.com.br\/index.php\/2025\/10\/04\/acidente-com-bmw-deixa-uma-pessoa-morta-e-cinco-feridas-no-anel-viario-sul\/","url_meta":{"origin":79054,"position":1},"title":"Acidente com BMW deixa uma pessoa morta e cinco feridas no Anel Vi\u00e1rio Sul","author":"noticiasribeiraopreto.com.br","date":"4 de October de 2025","format":false,"excerpt":"Uma pessoa morreu e outras cinco ficaram feridas ap\u00f3s um acidente de tr\u00e2nsito no Anel Vi\u00e1rio Sul (rodovia Ant\u00f4nio Duarte Nogueira, SP-322), em Ribeir\u00e3o Preto, no final da noite desta sexta-feira (3). De acordo com informa\u00e7\u00f5es do Centro de Controle de Informa\u00e7\u00f5es (CCI) da Artesp, uma BMW seguia no sentido\u2026","rel":"","context":"In &quot;Not\u00edcias de Ribeir\u00e3o Preto-SP e Regi\u00e3o&quot;","block_context":{"text":"Not\u00edcias de Ribeir\u00e3o Preto-SP e Regi\u00e3o","link":"https:\/\/noticiasribeiraopreto.com.br\/index.php\/category\/noticias-de-ribeirao-preto-sp-e-regiao-ismael-colosi\/"},"img":{"alt_text":"","src":"https:\/\/i0.wp.com\/noticiasribeiraopreto.com.br\/wp-content\/uploads\/2025\/10\/download-43_2025-10-04_13-28-33.webp.webp?fit=1200%2C675&ssl=1&resize=350%2C200","width":350,"height":200,"srcset":"https:\/\/i0.wp.com\/noticiasribeiraopreto.com.br\/wp-content\/uploads\/2025\/10\/download-43_2025-10-04_13-28-33.webp.webp?fit=1200%2C675&ssl=1&resize=350%2C200 1x, https:\/\/i0.wp.com\/noticiasribeiraopreto.com.br\/wp-content\/uploads\/2025\/10\/download-43_2025-10-04_13-28-33.webp.webp?fit=1200%2C675&ssl=1&resize=525%2C300 1.5x, https:\/\/i0.wp.com\/noticiasribeiraopreto.com.br\/wp-content\/uploads\/2025\/10\/download-43_2025-10-04_13-28-33.webp.webp?fit=1200%2C675&ssl=1&resize=700%2C400 2x, https:\/\/i0.wp.com\/noticiasribeiraopreto.com.br\/wp-content\/uploads\/2025\/10\/download-43_2025-10-04_13-28-33.webp.webp?fit=1200%2C675&ssl=1&resize=1050%2C600 3x"},"classes":[]},{"id":62903,"url":"https:\/\/noticiasribeiraopreto.com.br\/index.php\/2025\/01\/28\/anel-viario-sul-e-parcialmente-interditado-apos-carga-de-carreta-cair-na-pista-veja-video\/","url_meta":{"origin":79054,"position":2},"title":"Anel Vi\u00e1rio Sul \u00e9 parcialmente interditado ap\u00f3s carga de carreta cair na pista; Veja v\u00eddeo","author":"noticiasribeiraopreto.com.br","date":"28 de January de 2025","format":false,"excerpt":"O Anel Vi\u00e1rio Sul (rodovia Prefeito Ant\u00f4nio Duarte Nogueira, SP-322) de Ribeir\u00e3o Preto foi parcialmente interditado ap\u00f3s a carga de uma carreta prancha tombar na pista no sentido Leste, pr\u00f3ximo ao km 317. De acordo com a Entrevias, concession\u00e1ria que administra o trecho, a carga \u00e9 composta por chapas de\u2026","rel":"","context":"In &quot;Not\u00edcias de Ribeir\u00e3o Preto-SP e Regi\u00e3o&quot;","block_context":{"text":"Not\u00edcias de Ribeir\u00e3o Preto-SP e Regi\u00e3o","link":"https:\/\/noticiasribeiraopreto.com.br\/index.php\/category\/noticias-de-ribeirao-preto-sp-e-regiao-ismael-colosi\/"},"img":{"alt_text":"","src":"https:\/\/i0.wp.com\/noticiasribeiraopreto.com.br\/wp-content\/uploads\/2025\/01\/Copia-de-Copia-de-Copia-de-TAMANHO-EXATO-PARA-FOTOS-NO-SISTEMA-NOVO-2025-01-28T094724.809_2025-01-28_12-47-34_png_2025-01-28_12-47-34.webp.webp?fit=1200%2C675&ssl=1&resize=350%2C200","width":350,"height":200,"srcset":"https:\/\/i0.wp.com\/noticiasribeiraopreto.com.br\/wp-content\/uploads\/2025\/01\/Copia-de-Copia-de-Copia-de-TAMANHO-EXATO-PARA-FOTOS-NO-SISTEMA-NOVO-2025-01-28T094724.809_2025-01-28_12-47-34_png_2025-01-28_12-47-34.webp.webp?fit=1200%2C675&ssl=1&resize=350%2C200 1x, https:\/\/i0.wp.com\/noticiasribeiraopreto.com.br\/wp-content\/uploads\/2025\/01\/Copia-de-Copia-de-Copia-de-TAMANHO-EXATO-PARA-FOTOS-NO-SISTEMA-NOVO-2025-01-28T094724.809_2025-01-28_12-47-34_png_2025-01-28_12-47-34.webp.webp?fit=1200%2C675&ssl=1&resize=525%2C300 1.5x, https:\/\/i0.wp.com\/noticiasribeiraopreto.com.br\/wp-content\/uploads\/2025\/01\/Copia-de-Copia-de-Copia-de-TAMANHO-EXATO-PARA-FOTOS-NO-SISTEMA-NOVO-2025-01-28T094724.809_2025-01-28_12-47-34_png_2025-01-28_12-47-34.webp.webp?fit=1200%2C675&ssl=1&resize=700%2C400 2x, https:\/\/i0.wp.com\/noticiasribeiraopreto.com.br\/wp-content\/uploads\/2025\/01\/Copia-de-Copia-de-Copia-de-TAMANHO-EXATO-PARA-FOTOS-NO-SISTEMA-NOVO-2025-01-28T094724.809_2025-01-28_12-47-34_png_2025-01-28_12-47-34.webp.webp?fit=1200%2C675&ssl=1&resize=1050%2C600 3x"},"classes":[]},{"id":53707,"url":"https:\/\/noticiasribeiraopreto.com.br\/index.php\/2024\/06\/23\/identificada-mulher-que-morreu-em-acidente-no-anel-viario-norte-em-ribeirao-preto\/","url_meta":{"origin":79054,"position":3},"title":"Identificada mulher que morreu em acidente no Anel Vi\u00e1rio Norte em Ribeir\u00e3o Preto","author":"noticiasribeiraopreto.com.br","date":"23 de June de 2024","format":false,"excerpt":"A mulher que morreu ap\u00f3s um acidente de tr\u00e2nsito no Anel Vi\u00e1rio Norte, em Ribeir\u00e3o Preto, na tarde deste s\u00e1bado (22), foi identificada como Wania dos Anjos. A confirma\u00e7\u00e3o da identidade da v\u00edtima foi feita pela diretoria da subsede de Ribeir\u00e3o Preto do Sindicato dos Professores do Ensino Oficial do\u2026","rel":"","context":"In &quot;Not\u00edcias de Ribeir\u00e3o Preto-SP e Regi\u00e3o&quot;","block_context":{"text":"Not\u00edcias de Ribeir\u00e3o Preto-SP e Regi\u00e3o","link":"https:\/\/noticiasribeiraopreto.com.br\/index.php\/category\/noticias-de-ribeirao-preto-sp-e-regiao-ismael-colosi\/"},"img":{"alt_text":"","src":"https:\/\/i0.wp.com\/noticiasribeiraopreto.com.br\/wp-content\/uploads\/2024\/06\/Copia-de-Copia-de-TAMANHO-EXATO-PARA-FOTOS-NO-SISTEMA-NOVO-92_2024-06-23_15-56-26_png_2024-06-23_15-56-26.webp.webp?fit=1200%2C675&ssl=1&resize=350%2C200","width":350,"height":200,"srcset":"https:\/\/i0.wp.com\/noticiasribeiraopreto.com.br\/wp-content\/uploads\/2024\/06\/Copia-de-Copia-de-TAMANHO-EXATO-PARA-FOTOS-NO-SISTEMA-NOVO-92_2024-06-23_15-56-26_png_2024-06-23_15-56-26.webp.webp?fit=1200%2C675&ssl=1&resize=350%2C200 1x, https:\/\/i0.wp.com\/noticiasribeiraopreto.com.br\/wp-content\/uploads\/2024\/06\/Copia-de-Copia-de-TAMANHO-EXATO-PARA-FOTOS-NO-SISTEMA-NOVO-92_2024-06-23_15-56-26_png_2024-06-23_15-56-26.webp.webp?fit=1200%2C675&ssl=1&resize=525%2C300 1.5x, https:\/\/i0.wp.com\/noticiasribeiraopreto.com.br\/wp-content\/uploads\/2024\/06\/Copia-de-Copia-de-TAMANHO-EXATO-PARA-FOTOS-NO-SISTEMA-NOVO-92_2024-06-23_15-56-26_png_2024-06-23_15-56-26.webp.webp?fit=1200%2C675&ssl=1&resize=700%2C400 2x, https:\/\/i0.wp.com\/noticiasribeiraopreto.com.br\/wp-content\/uploads\/2024\/06\/Copia-de-Copia-de-TAMANHO-EXATO-PARA-FOTOS-NO-SISTEMA-NOVO-92_2024-06-23_15-56-26_png_2024-06-23_15-56-26.webp.webp?fit=1200%2C675&ssl=1&resize=1050%2C600 3x"},"classes":[]},{"id":70717,"url":"https:\/\/noticiasribeiraopreto.com.br\/index.php\/2025\/05\/29\/video-acidente-trava-transito-em-rodovia-de-rp\/","url_meta":{"origin":79054,"position":4},"title":"V\u00cdDEO &#8211; Acidente trava tr\u00e2nsito em rodovia de RP","author":"noticiasribeiraopreto.com.br","date":"29 de May de 2025","format":false,"excerpt":"Caminh\u00e3o e carreta bateram e ca\u00e7ambas ca\u00edram na pista do sentido oposto, interditando parcialmente as duas pistas 29 de maio de 2025 09:453 Compartilhar1 Por: Adalberto Luque Um acidente entre uma carreta e um caminh\u00e3o que carrega ca\u00e7ambas causou um grande congestionamento, na manh\u00e3 desta quinta-feira (28). A colis\u00e3o ocorreu\u2026","rel":"","context":"In &quot;Not\u00edcias de Ribeir\u00e3o Preto-SP e Regi\u00e3o&quot;","block_context":{"text":"Not\u00edcias de Ribeir\u00e3o Preto-SP e Regi\u00e3o","link":"https:\/\/noticiasribeiraopreto.com.br\/index.php\/category\/noticias-de-ribeirao-preto-sp-e-regiao-ismael-colosi\/"},"img":{"alt_text":"","src":"https:\/\/i0.wp.com\/noticiasribeiraopreto.com.br\/wp-content\/uploads\/2025\/05\/29-mai-2025-acidentebiagi4.jpg?fit=1059%2C842&ssl=1&resize=350%2C200","width":350,"height":200,"srcset":"https:\/\/i0.wp.com\/noticiasribeiraopreto.com.br\/wp-content\/uploads\/2025\/05\/29-mai-2025-acidentebiagi4.jpg?fit=1059%2C842&ssl=1&resize=350%2C200 1x, https:\/\/i0.wp.com\/noticiasribeiraopreto.com.br\/wp-content\/uploads\/2025\/05\/29-mai-2025-acidentebiagi4.jpg?fit=1059%2C842&ssl=1&resize=525%2C300 1.5x, https:\/\/i0.wp.com\/noticiasribeiraopreto.com.br\/wp-content\/uploads\/2025\/05\/29-mai-2025-acidentebiagi4.jpg?fit=1059%2C842&ssl=1&resize=700%2C400 2x, https:\/\/i0.wp.com\/noticiasribeiraopreto.com.br\/wp-content\/uploads\/2025\/05\/29-mai-2025-acidentebiagi4.jpg?fit=1059%2C842&ssl=1&resize=1050%2C600 3x"},"classes":[]},{"id":58685,"url":"https:\/\/noticiasribeiraopreto.com.br\/index.php\/2024\/10\/03\/acidente-entre-carros-e-moto-deixa-cinco-pessoas-feridas-no-anel-viario-sul-em-ribeirao\/","url_meta":{"origin":79054,"position":5},"title":"Acidente entre carros e moto deixa cinco pessoas feridas no Anel Vi\u00e1rio Sul em Ribeir\u00e3o","author":"noticiasribeiraopreto.com.br","date":"3 de October de 2024","format":false,"excerpt":"Cinco pessoas ficaram feridas ap\u00f3s um acidente envolvendo dois ve\u00edculos e uma motocicleta na rodovia Ant\u00f4nio Duarte Nogueira (SP-322), Anel Vi\u00e1rio Sul, no final da tarde desta quinta-feira (3). Conforme apura\u00e7\u00e3o da CBN Ribeir\u00e3o, entre os envolvidos est\u00e1 um beb\u00ea que estava em um dos carros. Ainda n\u00e3o h\u00e1 informa\u00e7\u00f5es\u2026","rel":"","context":"In &quot;Not\u00edcias de Ribeir\u00e3o Preto-SP e Regi\u00e3o&quot;","block_context":{"text":"Not\u00edcias de Ribeir\u00e3o Preto-SP e Regi\u00e3o","link":"https:\/\/noticiasribeiraopreto.com.br\/index.php\/category\/noticias-de-ribeirao-preto-sp-e-regiao-ismael-colosi\/"},"img":{"alt_text":"","src":"https:\/\/i0.wp.com\/noticiasribeiraopreto.com.br\/wp-content\/uploads\/2024\/10\/WhatsApp-Image-2024-10-03-at-18.13.29_2024-10-03_21-21-38_jpeg_2024-10-03_21-21-39-scaled.webp.webp?fit=1200%2C900&ssl=1&resize=350%2C200","width":350,"height":200,"srcset":"https:\/\/i0.wp.com\/noticiasribeiraopreto.com.br\/wp-content\/uploads\/2024\/10\/WhatsApp-Image-2024-10-03-at-18.13.29_2024-10-03_21-21-38_jpeg_2024-10-03_21-21-39-scaled.webp.webp?fit=1200%2C900&ssl=1&resize=350%2C200 1x, https:\/\/i0.wp.com\/noticiasribeiraopreto.com.br\/wp-content\/uploads\/2024\/10\/WhatsApp-Image-2024-10-03-at-18.13.29_2024-10-03_21-21-38_jpeg_2024-10-03_21-21-39-scaled.webp.webp?fit=1200%2C900&ssl=1&resize=525%2C300 1.5x, https:\/\/i0.wp.com\/noticiasribeiraopreto.com.br\/wp-content\/uploads\/2024\/10\/WhatsApp-Image-2024-10-03-at-18.13.29_2024-10-03_21-21-38_jpeg_2024-10-03_21-21-39-scaled.webp.webp?fit=1200%2C900&ssl=1&resize=700%2C400 2x, https:\/\/i0.wp.com\/noticiasribeiraopreto.com.br\/wp-content\/uploads\/2024\/10\/WhatsApp-Image-2024-10-03-at-18.13.29_2024-10-03_21-21-38_jpeg_2024-10-03_21-21-39-scaled.webp.webp?fit=1200%2C900&ssl=1&resize=1050%2C600 3x"},"classes":[]}],"jetpack_sharing_enabled":true,"jetpack_shortlink":"https:\/\/wp.me\/peQAOb-kz4","_links":{"self":[{"href":"https:\/\/noticiasribeiraopreto.com.br\/index.php\/wp-json\/wp\/v2\/posts\/79054","targetHints":{"allow":["GET"]}}],"collection":[{"href":"https:\/\/noticiasribeiraopreto.com.br\/index.php\/wp-json\/wp\/v2\/posts"}],"about":[{"href":"https:\/\/noticiasribeiraopreto.com.br\/index.php\/wp-json\/wp\/v2\/types\/post"}],"author":[{"embeddable":true,"href":"https:\/\/noticiasribeiraopreto.com.br\/index.php\/wp-json\/wp\/v2\/users\/1"}],"replies":[{"embeddable":true,"href":"https:\/\/noticiasribeiraopreto.com.br\/index.php\/wp-json\/wp\/v2\/comments?post=79054"}],"version-history":[{"count":0,"href":"https:\/\/noticiasribeiraopreto.com.br\/index.php\/wp-json\/wp\/v2\/posts\/79054\/revisions"}],"wp:featuredmedia":[{"embeddable":true,"href":"https:\/\/noticiasribeiraopreto.com.br\/index.php\/wp-json\/wp\/v2\/media\/79055"}],"wp:attachment":[{"href":"https:\/\/noticiasribeiraopreto.com.br\/index.php\/wp-json\/wp\/v2\/media?parent=79054"}],"wp:term":[{"taxonomy":"category","embeddable":true,"href":"https:\/\/noticiasribeiraopreto.com.br\/index.php\/wp-json\/wp\/v2\/categories?post=79054"},{"taxonomy":"post_tag","embeddable":true,"href":"https:\/\/noticiasribeiraopreto.com.br\/index.php\/wp-json\/wp\/v2\/tags?post=79054"}],"curies":[{"name":"wp","href":"https:\/\/api.w.org\/{rel}","templated":true}]}}