{"id":79056,"date":"2025-10-23T13:51:42","date_gmt":"2025-10-23T16:51:42","guid":{"rendered":"https:\/\/noticiasribeiraopreto.com.br\/index.php\/2025\/10\/23\/fillipe-soutto-volta-ao-botafogo-como-gerente-de-futebol\/"},"modified":"2025-10-23T13:51:42","modified_gmt":"2025-10-23T16:51:42","slug":"fillipe-soutto-volta-ao-botafogo-como-gerente-de-futebol","status":"publish","type":"post","link":"https:\/\/noticiasribeiraopreto.com.br\/index.php\/2025\/10\/23\/fillipe-soutto-volta-ao-botafogo-como-gerente-de-futebol\/","title":{"rendered":"Fillipe Soutto volta ao Botafogo como gerente de futebol"},"content":{"rendered":"<p> <br \/>\n<\/p>\n<div id=\"\">\n<h2 class=\"penci-post-subtitle\">Ex-volante e capit\u00e3o do Pantera ser\u00e1, ao lado de Andr\u00e9 Leite, respons\u00e1vel pelo Departamento de Futebol do clube<\/h2>\n<p>\n\t\t\t\t\t\t\t\t\t<span class=\"entry-meta-item penci-posted-on\"><i class=\"fa fa-clock-o\"\/><time class=\"entry-date published\" datetime=\"2025-10-23T13:46:02-03:00\">23 de outubro de 2025 13:46<\/time><time class=\"updated\" datetime=\"2025-10-23T13:49:52-03:00\">23 de outubro de 2025 13:49<\/time><\/span><span class=\"entry-meta-item penci-post-countview\"><span class=\"entry-meta-item penci-post-countview penci_post-meta_item\"><i class=\"fa fa-eye\"\/><span class=\"penci-post-countview-number penci-post-countview-p443836\">9<\/span><\/span><\/span>\t\t\t\t\t\t\t\t<\/p>\n<p><!-- .entry-meta --><br \/>\n\t\t\t\t\t\t\t\t<span class=\"penci-social-buttons penci-social-share-footer\"><span class=\"penci-social-share-text\">Compartilhar<\/span><a href=\"#\" class=\"penci-post-like penci_post-meta_item  single-like-button penci-social-item like\" data-post_id=\"443836\" title=\"Like\" data-like=\"Like\" data-unlike=\"Unlike\"><i class=\"fa fa-thumbs-o-up\"\/><span class=\"penci-share-number\">1<\/span><\/a><i class=\"fa fa-facebook\"\/><a class=\"penci-social-item twitter\" target=\"_blank\" rel=\"noopener\" title=\"\" href=\"https:\/\/twitter.com\/intent\/tweet?text=Fillipe%20Soutto%20volta%20ao%20Botafogo%20como%20gerente%20de%20futebol%20-%20https:\/\/www.tribunaribeirao.com.br\/fillipe-soutto-volta-ao-botafogo-como-gerente-de-futebol\/\"><i class=\"fa fa-twitter\"\/><\/a><i class=\"fa fa-linkedin\"\/><i class=\"fa fa-whatsapp\"\/><i class=\"fa fa-telegram\"\/><i class=\"fa fa-envelope\"\/><\/span>\t\t\t\t\t\t\t<\/div>\n<div>\n<p><em><strong>Por Hugo Luque<\/strong><\/em><\/p>\n<p>O Botafogo anunciou, nesta quinta-feira (23), o retorno de Fillipe Soutto ao clube, agora para ocupar o cargo de gerente de futebol do clube. O ex-volante de 34 anos, que se aposentou recentemente dos gramados, ser\u00e1 respons\u00e1vel por comandar o novo Departamento de Futebol do Pantera ao lado diretor de futebol Andr\u00e9 Leite, que atuava como coordenador das categorias de base desde 2022 e j\u00e1 havia sido promovido no in\u00edcio desta semana.<\/p>\n<p>A defini\u00e7\u00e3o da dupla ocorreu durante reuni\u00e3o com Adalberto Baptista, presidente do Conselho de Administra\u00e7\u00e3o da SA. A ideia \u00e9 reestruturar o departamento depois de confirmar a sa\u00edda de Toninho Cec\u00edlio do cargo de executivo de futebol.<\/p>\n<p>\u201cO Andr\u00e9 \u00e9 um profissional muito qualificado e mostrou compet\u00eancia durante toda a sua carreira e agora nessas tr\u00eas temporadas que est\u00e1 trabalhando no Botafogo. Conversamos muito nos \u00faltimos dias e tenho a convic\u00e7\u00e3o de que ele \u00e9 o profissional ideal para assumir o comando do Departamento de Futebol. Ele trabalhar\u00e1 junto com o Fillipe Soutto, que tem uma grande identifica\u00e7\u00e3o com o clube, e \u00e9 um profissional com viv\u00eancia no futebol. Nos \u00faltimos anos, o Soutto se preparou para assumir esse cargo\u201d, disse Baptista.<\/p>\n<p>Fillipe Soutto chegou ao Botafogo em 2022 e rapidamente se tornou um l\u00edder no vesti\u00e1rio. Ap\u00f3s o acesso \u00e0 S\u00e9rie B do Campeonato Brasileiro logo na primeira temporada, permaneceu no clube at\u00e9 o ano passado.<\/p>\n<p>No per\u00edodo, se tornou um s\u00edmbolo da torcida e alternou momentos entre o time titular e o banco de reservas. O \u00faltimo time do ex-volante, que foi capit\u00e3o do Tricolor, foi o Betim-MG, na disputa do Campeonato Mineiro deste ano.<\/p>\n<p>O Botafogo vive mais uma temporada de luta contra o rebaixamento na S\u00e9rie B. A equipe comandada por Ivan Izzo tem 34 pontos e est\u00e1 na 18\u00aa posi\u00e7\u00e3o. O pr\u00f3ximo desafio \u00e9 nesta sexta-feira, \u00e0s 19h, fora de casa, contra o Novorizontino.<\/p>\n<p>\u00a0<\/p>\n<p><!-- CONTENT END 3 -->\n<\/div>\n<p><script async src=\"\/\/platform.twitter.com\/widgets.js\" charset=\"utf-8\"><\/script><br \/>\n<br \/><br \/>\n<br \/><a href=\"https:\/\/www.tribunaribeirao.com.br\/fillipe-soutto-volta-ao-botafogo-como-gerente-de-futebol\/\">Source link <\/a><\/p>\n","protected":false},"excerpt":{"rendered":"<p>Ex-volante e capit\u00e3o do Pantera ser\u00e1, ao lado de Andr\u00e9 Leite, respons\u00e1vel pelo Departamento de Futebol do clube 23 de outubro de 2025 13:4623 de&#8230;<\/p>\n","protected":false},"author":1,"featured_media":79057,"comment_status":"open","ping_status":"open","sticky":false,"template":"","format":"standard","meta":{"advanced_seo_description":"","jetpack_seo_html_title":"","jetpack_seo_noindex":false,"jetpack_post_was_ever_published":false,"_jetpack_newsletter_access":"","_jetpack_dont_email_post_to_subs":false,"_jetpack_newsletter_tier_id":0,"_jetpack_memberships_contains_paywalled_content":false,"_jetpack_memberships_contains_paid_content":false,"footnotes":"","jetpack_publicize_message":"","jetpack_publicize_feature_enabled":true,"jetpack_social_post_already_shared":true,"jetpack_social_options":{"image_generator_settings":{"template":"highway","default_image_id":0,"font":"","enabled":false},"version":2}},"categories":[11],"tags":[],"class_list":["post-79056","post","type-post","status-publish","format-standard","has-post-thumbnail","hentry","category-noticias-de-ribeirao-preto-sp-e-regiao-ismael-colosi"],"jetpack_publicize_connections":[],"jetpack_featured_media_url":"https:\/\/i0.wp.com\/noticiasribeiraopreto.com.br\/wp-content\/uploads\/2025\/10\/VOL-Fillipe-Soutto-Raul-Ramos.jpg?fit=799%2C533&ssl=1","jetpack-related-posts":[{"id":78918,"url":"https:\/\/noticiasribeiraopreto.com.br\/index.php\/2025\/10\/21\/botafogo-comunica-a-saida-do-executivo-de-futebol-toninho-cecilio\/","url_meta":{"origin":79056,"position":0},"title":"Botafogo comunica a sa\u00edda do executivo de futebol Toninho Cec\u00edlio","author":"noticiasribeiraopreto.com.br","date":"21 de October de 2025","format":false,"excerpt":"21 de outubro de 2025 09:2521 de outubro de 2025 09:308 Compartilhar0 A Botafogo Futebol SA comunica\u00a0 nesta manh\u00e3 a sa\u00edda de Toninho Cec\u00edlio, que exercia o cargo de executivo de futebol. A decis\u00e3o\u00a0 da demiss\u00e3o de Toninho Cec\u00edlio \u00e9 mais um epis\u00f3dio do ano tenebroso do Botafogo e ocorreu\u2026","rel":"","context":"In &quot;Not\u00edcias de Ribeir\u00e3o Preto-SP e Regi\u00e3o&quot;","block_context":{"text":"Not\u00edcias de Ribeir\u00e3o Preto-SP e Regi\u00e3o","link":"https:\/\/noticiasribeiraopreto.com.br\/index.php\/category\/noticias-de-ribeirao-preto-sp-e-regiao-ismael-colosi\/"},"img":{"alt_text":"","src":"https:\/\/i0.wp.com\/noticiasribeiraopreto.com.br\/wp-content\/uploads\/2025\/10\/Cecilio-.jpg?fit=960%2C539&ssl=1&resize=350%2C200","width":350,"height":200,"srcset":"https:\/\/i0.wp.com\/noticiasribeiraopreto.com.br\/wp-content\/uploads\/2025\/10\/Cecilio-.jpg?fit=960%2C539&ssl=1&resize=350%2C200 1x, https:\/\/i0.wp.com\/noticiasribeiraopreto.com.br\/wp-content\/uploads\/2025\/10\/Cecilio-.jpg?fit=960%2C539&ssl=1&resize=525%2C300 1.5x, https:\/\/i0.wp.com\/noticiasribeiraopreto.com.br\/wp-content\/uploads\/2025\/10\/Cecilio-.jpg?fit=960%2C539&ssl=1&resize=700%2C400 2x"},"classes":[]},{"id":26046,"url":"https:\/\/noticiasribeiraopreto.com.br\/index.php\/2024\/01\/09\/franz-beckenbauer-idolo-do-futebol-alemao-morre-aos-78-anos\/","url_meta":{"origin":79056,"position":1},"title":"Franz Beckenbauer, \u00eddolo do futebol alem\u00e3o, morre aos 78 anos","author":"noticiasribeiraopreto.com.br","date":"9 de January de 2024","format":false,"excerpt":"8 de janeiro de 2024 | 15:078 de janeiro de 2024 | 15:09 0Franz Beckenbauer, considerado o maior nome da hist\u00f3ria do futebol alem\u00e3o, morreu na noite de domingo, dia 07, aos 78 anos.O ex-jogador morreu enquanto dormia, de acordo com a nota da fam\u00edlia.Segundo o jornal\u00a0Bild, Beckenbauer enfrentava muitos\u2026","rel":"","context":"In &quot;Not\u00edcias de Ribeir\u00e3o Preto-SP e Regi\u00e3o&quot;","block_context":{"text":"Not\u00edcias de Ribeir\u00e3o Preto-SP e Regi\u00e3o","link":"https:\/\/noticiasribeiraopreto.com.br\/index.php\/category\/noticias-de-ribeirao-preto-sp-e-regiao-ismael-colosi\/"},"img":{"alt_text":"","src":"https:\/\/i0.wp.com\/noticiasribeiraopreto.com.br\/wp-content\/uploads\/2024\/01\/d1d49807-d901-4c0c-b1ce-61ca7a7d5299.jpg?fit=652%2C408&ssl=1&resize=350%2C200","width":350,"height":200,"srcset":"https:\/\/i0.wp.com\/noticiasribeiraopreto.com.br\/wp-content\/uploads\/2024\/01\/d1d49807-d901-4c0c-b1ce-61ca7a7d5299.jpg?fit=652%2C408&ssl=1&resize=350%2C200 1x, https:\/\/i0.wp.com\/noticiasribeiraopreto.com.br\/wp-content\/uploads\/2024\/01\/d1d49807-d901-4c0c-b1ce-61ca7a7d5299.jpg?fit=652%2C408&ssl=1&resize=525%2C300 1.5x"},"classes":[]},{"id":78227,"url":"https:\/\/noticiasribeiraopreto.com.br\/index.php\/2025\/10\/07\/botafogo-celebra-107-anos-com-festa-beneficente-entrada-e-gratuita\/","url_meta":{"origin":79056,"position":2},"title":"Botafogo celebra 107 anos com festa beneficente; entrada \u00e9 gratuita","author":"noticiasribeiraopreto.com.br","date":"7 de October de 2025","format":false,"excerpt":"O Botafogo celebra 107 anos de hist\u00f3ria com uma festa beneficente no s\u00e1bado (11), a partir das 17h, em frente aos campos da escola de futebol, na zona Leste de Ribeir\u00e3o Preto. A programa\u00e7\u00e3o gratuita oferecer\u00e1 m\u00fasica ao vivo com as apresenta\u00e7\u00f5es de Doni Max e DJ Menor, barracas de\u2026","rel":"","context":"In &quot;Not\u00edcias de Ribeir\u00e3o Preto-SP e Regi\u00e3o&quot;","block_context":{"text":"Not\u00edcias de Ribeir\u00e3o Preto-SP e Regi\u00e3o","link":"https:\/\/noticiasribeiraopreto.com.br\/index.php\/category\/noticias-de-ribeirao-preto-sp-e-regiao-ismael-colosi\/"},"img":{"alt_text":"","src":"https:\/\/i0.wp.com\/noticiasribeiraopreto.com.br\/wp-content\/uploads\/2025\/10\/botafogo-aniversario_2025-10-07_12-42-55.webp.webp?fit=1200%2C675&ssl=1&resize=350%2C200","width":350,"height":200,"srcset":"https:\/\/i0.wp.com\/noticiasribeiraopreto.com.br\/wp-content\/uploads\/2025\/10\/botafogo-aniversario_2025-10-07_12-42-55.webp.webp?fit=1200%2C675&ssl=1&resize=350%2C200 1x, https:\/\/i0.wp.com\/noticiasribeiraopreto.com.br\/wp-content\/uploads\/2025\/10\/botafogo-aniversario_2025-10-07_12-42-55.webp.webp?fit=1200%2C675&ssl=1&resize=525%2C300 1.5x, https:\/\/i0.wp.com\/noticiasribeiraopreto.com.br\/wp-content\/uploads\/2025\/10\/botafogo-aniversario_2025-10-07_12-42-55.webp.webp?fit=1200%2C675&ssl=1&resize=700%2C400 2x, https:\/\/i0.wp.com\/noticiasribeiraopreto.com.br\/wp-content\/uploads\/2025\/10\/botafogo-aniversario_2025-10-07_12-42-55.webp.webp?fit=1200%2C675&ssl=1&resize=1050%2C600 3x"},"classes":[]},{"id":78054,"url":"https:\/\/noticiasribeiraopreto.com.br\/index.php\/2025\/10\/01\/cbf-revoluciona-calendario-do-futebol-brasileiro-para-2026\/","url_meta":{"origin":79056,"position":3},"title":"CBF revoluciona calend\u00e1rio do futebol brasileiro para 2026","author":"noticiasribeiraopreto.com.br","date":"1 de October de 2025","format":false,"excerpt":"Brasileir\u00e3o come\u00e7a em janeiro; entidade cria novas competi\u00e7\u00f5es regionais e altera torneios nacionais 1 de outubro de 2025 13:221 de outubro de 2025 13:244 Compartilhar1 A Confedera\u00e7\u00e3o Brasileira de Futebol (CBF) oficializou nesta quarta-feira (1\u00ba) o novo calend\u00e1rio do futebol brasileiro, que entrar\u00e1 em vigor para o pr\u00f3ximo quadri\u00eanio, entre\u2026","rel":"","context":"In &quot;Not\u00edcias de Ribeir\u00e3o Preto-SP e Regi\u00e3o&quot;","block_context":{"text":"Not\u00edcias de Ribeir\u00e3o Preto-SP e Regi\u00e3o","link":"https:\/\/noticiasribeiraopreto.com.br\/index.php\/category\/noticias-de-ribeirao-preto-sp-e-regiao-ismael-colosi\/"},"img":{"alt_text":"","src":"https:\/\/i0.wp.com\/noticiasribeiraopreto.com.br\/wp-content\/uploads\/2025\/10\/4-Novo-calendario-CBF-Rafael-Ribeiro_CBF.jpg?fit=799%2C515&ssl=1&resize=350%2C200","width":350,"height":200,"srcset":"https:\/\/i0.wp.com\/noticiasribeiraopreto.com.br\/wp-content\/uploads\/2025\/10\/4-Novo-calendario-CBF-Rafael-Ribeiro_CBF.jpg?fit=799%2C515&ssl=1&resize=350%2C200 1x, https:\/\/i0.wp.com\/noticiasribeiraopreto.com.br\/wp-content\/uploads\/2025\/10\/4-Novo-calendario-CBF-Rafael-Ribeiro_CBF.jpg?fit=799%2C515&ssl=1&resize=525%2C300 1.5x, https:\/\/i0.wp.com\/noticiasribeiraopreto.com.br\/wp-content\/uploads\/2025\/10\/4-Novo-calendario-CBF-Rafael-Ribeiro_CBF.jpg?fit=799%2C515&ssl=1&resize=700%2C400 2x"},"classes":[]},{"id":25296,"url":"https:\/\/noticiasribeiraopreto.com.br\/index.php\/2024\/01\/06\/de-soldado-do-exercito-a-unico-tetracampeao-mundial-de-futebol-veja-os-numeros-da-carreira-de-zagallo\/","url_meta":{"origin":79056,"position":4},"title":"De soldado do Ex\u00e9rcito a \u00fanico tetracampe\u00e3o mundial de futebol; veja os n\u00fameros da carreira de Zagallo\u00a0","author":"noticiasribeiraopreto.com.br","date":"6 de January de 2024","format":false,"excerpt":"O futebol e o Brasil est\u00e3o de luto mais uma vez. Depois de um ano e uma semana da morte do Rei Pel\u00e9, hoje o dia \u00e9 de despedida do \u201cVelho Lobo\u201d, o Zagallo.\u00a0 A lenda M\u00e1rio Jorge Lobo Zagallo se despediu do campo da vida nesta sexta-feira (5), no\u2026","rel":"","context":"In &quot;Dinheiro e Investimento&quot;","block_context":{"text":"Dinheiro e Investimento","link":"https:\/\/noticiasribeiraopreto.com.br\/index.php\/category\/dinheiro-e-investimento-como-fazer-como-ganhar\/"},"img":{"alt_text":"","src":"https:\/\/i0.wp.com\/noticiasribeiraopreto.com.br\/wp-content\/uploads\/2024\/01\/Design-sem-nome-8-715x402.png?fit=715%2C402&ssl=1&resize=350%2C200","width":350,"height":200,"srcset":"https:\/\/i0.wp.com\/noticiasribeiraopreto.com.br\/wp-content\/uploads\/2024\/01\/Design-sem-nome-8-715x402.png?fit=715%2C402&ssl=1&resize=350%2C200 1x, https:\/\/i0.wp.com\/noticiasribeiraopreto.com.br\/wp-content\/uploads\/2024\/01\/Design-sem-nome-8-715x402.png?fit=715%2C402&ssl=1&resize=525%2C300 1.5x, https:\/\/i0.wp.com\/noticiasribeiraopreto.com.br\/wp-content\/uploads\/2024\/01\/Design-sem-nome-8-715x402.png?fit=715%2C402&ssl=1&resize=700%2C400 2x"},"classes":[]},{"id":7678,"url":"https:\/\/noticiasribeiraopreto.com.br\/index.php\/2023\/11\/28\/pantera-contrata-sergio-dimas-para-cargo-de-executivo-de-futebol\/","url_meta":{"origin":79056,"position":5},"title":"Pantera contrata S\u00e9rgio Dimas para cargo de executivo de futebol\u00a0\u00a0","author":"noticiasribeiraopreto.com.br","date":"28 de November de 2023","format":false,"excerpt":"28 de novembro de 2023 | 16:3328 de novembro de 2023 | 14:30 0O Botafogo tem um novo profissional no seu departamento de futebol. Trata-se de S\u00e9rgio Dimas, de 43 anos, que exercer\u00e1 o cargo de gerente executivo de futebol.\u00a0Ele trabalhar\u00e1 juntamente com Paulo Pelaipe, atual diretor de futebol do\u2026","rel":"","context":"In &quot;Not\u00edcias de Ribeir\u00e3o Preto-SP e Regi\u00e3o&quot;","block_context":{"text":"Not\u00edcias de Ribeir\u00e3o Preto-SP e Regi\u00e3o","link":"https:\/\/noticiasribeiraopreto.com.br\/index.php\/category\/noticias-de-ribeirao-preto-sp-e-regiao-ismael-colosi\/"},"img":{"alt_text":"","src":"https:\/\/i0.wp.com\/noticiasribeiraopreto.com.br\/wp-content\/uploads\/2023\/11\/Botafogoo.jpg?fit=1200%2C601&ssl=1&resize=350%2C200","width":350,"height":200,"srcset":"https:\/\/i0.wp.com\/noticiasribeiraopreto.com.br\/wp-content\/uploads\/2023\/11\/Botafogoo.jpg?fit=1200%2C601&ssl=1&resize=350%2C200 1x, https:\/\/i0.wp.com\/noticiasribeiraopreto.com.br\/wp-content\/uploads\/2023\/11\/Botafogoo.jpg?fit=1200%2C601&ssl=1&resize=525%2C300 1.5x, https:\/\/i0.wp.com\/noticiasribeiraopreto.com.br\/wp-content\/uploads\/2023\/11\/Botafogoo.jpg?fit=1200%2C601&ssl=1&resize=700%2C400 2x, https:\/\/i0.wp.com\/noticiasribeiraopreto.com.br\/wp-content\/uploads\/2023\/11\/Botafogoo.jpg?fit=1200%2C601&ssl=1&resize=1050%2C600 3x"},"classes":[]}],"jetpack_sharing_enabled":true,"jetpack_shortlink":"https:\/\/wp.me\/peQAOb-kz6","_links":{"self":[{"href":"https:\/\/noticiasribeiraopreto.com.br\/index.php\/wp-json\/wp\/v2\/posts\/79056","targetHints":{"allow":["GET"]}}],"collection":[{"href":"https:\/\/noticiasribeiraopreto.com.br\/index.php\/wp-json\/wp\/v2\/posts"}],"about":[{"href":"https:\/\/noticiasribeiraopreto.com.br\/index.php\/wp-json\/wp\/v2\/types\/post"}],"author":[{"embeddable":true,"href":"https:\/\/noticiasribeiraopreto.com.br\/index.php\/wp-json\/wp\/v2\/users\/1"}],"replies":[{"embeddable":true,"href":"https:\/\/noticiasribeiraopreto.com.br\/index.php\/wp-json\/wp\/v2\/comments?post=79056"}],"version-history":[{"count":0,"href":"https:\/\/noticiasribeiraopreto.com.br\/index.php\/wp-json\/wp\/v2\/posts\/79056\/revisions"}],"wp:featuredmedia":[{"embeddable":true,"href":"https:\/\/noticiasribeiraopreto.com.br\/index.php\/wp-json\/wp\/v2\/media\/79057"}],"wp:attachment":[{"href":"https:\/\/noticiasribeiraopreto.com.br\/index.php\/wp-json\/wp\/v2\/media?parent=79056"}],"wp:term":[{"taxonomy":"category","embeddable":true,"href":"https:\/\/noticiasribeiraopreto.com.br\/index.php\/wp-json\/wp\/v2\/categories?post=79056"},{"taxonomy":"post_tag","embeddable":true,"href":"https:\/\/noticiasribeiraopreto.com.br\/index.php\/wp-json\/wp\/v2\/tags?post=79056"}],"curies":[{"name":"wp","href":"https:\/\/api.w.org\/{rel}","templated":true}]}}