{"id":79058,"date":"2025-10-23T13:55:14","date_gmt":"2025-10-23T16:55:14","guid":{"rendered":"https:\/\/noticiasribeiraopreto.com.br\/index.php\/2025\/10\/23\/assessoria-da-xp-anuncia-compra-de-escritorio-em-ribeirao-preto\/"},"modified":"2025-10-23T13:55:14","modified_gmt":"2025-10-23T16:55:14","slug":"assessoria-da-xp-anuncia-compra-de-escritorio-em-ribeirao-preto","status":"publish","type":"post","link":"https:\/\/noticiasribeiraopreto.com.br\/index.php\/2025\/10\/23\/assessoria-da-xp-anuncia-compra-de-escritorio-em-ribeirao-preto\/","title":{"rendered":"Assessoria da XP anuncia compra de escrit\u00f3rio em Ribeir\u00e3o Preto"},"content":{"rendered":"<div class='code-block code-block-1' style='margin: 8px 0 8px auto; text-align: right; display: block; clear: both;'>\n<p><a href=\"https:\/\/wa.link\/vpicfd\"><img data-recalc-dims=\"1\" class=\"wp-image-4922\" style=\"aspect-ratio: 2.0253164556962027; width: 561px; height: auto;\" src=\"https:\/\/i0.wp.com\/ismaelcolosi.com.br\/wp-content\/uploads\/2023\/11\/grupo-de-empregos-whatsapp-e-facebook-ismael-colosi-vagas.jpg?ssl=1\" alt=\"\" \/><\/a><\/p>\n<!-- \/wp:image -->\n<\/div>\n<p> <br \/>\n<\/p>\n<div data-td-block-uid=\"tdi_95\">\n<div class=\"tdb-block-inner td-fix-index\">\n<p>A <strong>Manchester Investimentos<\/strong>, escrit\u00f3rio do ecossistema<strong> XP<\/strong>, anunciou nesta quinta-feira (23) a compra da<strong> Ficus Capital<\/strong>, que conta com escrit\u00f3rio em<strong> Ribeir\u00e3o Preto<\/strong>. De acordo com o comunicado, a incorpora\u00e7\u00e3o traz para cust\u00f3dia da Manchester R$ 2,5 bilh\u00f5es, que j\u00e1 conta com R$ 20 bilh\u00f5es sob guarda.<\/p>\n<p>A integra\u00e7\u00e3o representa um aumento aproximado de 12% do AuC (ativos sob cust\u00f3dia) da Manchester. Para <strong>Henrique Baggenstoss<\/strong>, CEO da Manchester, a chegada da Ficus permite consolidar a presen\u00e7a do escrit\u00f3rio em pra\u00e7as estrat\u00e9gicas no Sudeste e ampliar o alcance do atendimento.<\/p>\n<figure class=\"wp-block-image size-large\"><img data-recalc-dims=\"1\" fetchpriority=\"high\" decoding=\"async\" width=\"1024\" height=\"717\" src=\"https:\/\/i0.wp.com\/cdn.media-acidadeon.com.br\/ribeiraopreto\/wp-content\/uploads\/sites\/3\/2025\/10\/manchester-ficus_2025-10-23_13-00-08-1024x717.webp?resize=1024%2C717&#038;ssl=1\" alt=\"manchester ficus 2025 10 23 13 00 08\" class=\"wp-image-133229\" title=\"Assessoria da XP anuncia compra de escrit\u00f3rio em Ribeir\u00e3o Preto 1\" srcset=\"https:\/\/cdn.media-acidadeon.com.br\/ribeiraopreto\/wp-content\/uploads\/sites\/3\/2025\/10\/manchester-ficus_2025-10-23_13-00-08-1024x717.webp 1024w, https:\/\/cdn.media-acidadeon.com.br\/ribeiraopreto\/wp-content\/uploads\/sites\/3\/2025\/10\/manchester-ficus_2025-10-23_13-00-08-300x210.webp 300w, https:\/\/cdn.media-acidadeon.com.br\/ribeiraopreto\/wp-content\/uploads\/sites\/3\/2025\/10\/manchester-ficus_2025-10-23_13-00-08-768x538.webp 768w, https:\/\/cdn.media-acidadeon.com.br\/ribeiraopreto\/wp-content\/uploads\/sites\/3\/2025\/10\/manchester-ficus_2025-10-23_13-00-08-696x487.webp 696w, https:\/\/cdn.media-acidadeon.com.br\/ribeiraopreto\/wp-content\/uploads\/sites\/3\/2025\/10\/manchester-ficus_2025-10-23_13-00-08-1068x748.webp 1068w, https:\/\/cdn.media-acidadeon.com.br\/ribeiraopreto\/wp-content\/uploads\/sites\/3\/2025\/10\/manchester-ficus_2025-10-23_13-00-08.webp 1200w\" sizes=\"(max-width: 1024px) 100vw, 1024px\"\/><figcaption class=\"wp-element-caption\">Tadeu Salom\u00e3o, s\u00f3cio fundador da Ficus Capital, e Henrique \u00a0Baggenstoss, CEO da Manchester Investimentos (Foto: divulga\u00e7\u00e3o)<\/figcaption><\/figure>\n<p>\u201cMais do que volume, enxergamos na uni\u00e3o com a Ficus a oportunidade de oferecer uma assessoria ainda mais completa e integrada\u201d, afirma Henrique. Al\u00e9m disso, os 30 profissionais da Ficus Capital em Ribeir\u00e3o Preto ser\u00e3o integrados.<\/p>\n<p>\u201cEsta uni\u00e3o potencializa nossa capacidade de crescimento e garante aos nossos clientes acesso a uma estrutura ainda mais robusta\u201d, disse <strong>Tadeu Salom\u00e3o<\/strong>, da Ficus Investimentos.<\/p>\n<p>SAIBA MAIS<br \/>Ar seco ganha for\u00e7a e deixa interior de SP em alerta; Confira a previs\u00e3o<\/p>\n<h2 class=\"wp-block-heading\"><strong>FIQUE ON<\/strong><\/h2>\n<p>Fique ligado em tudo que acontece em Ribeir\u00e3o Preto e regi\u00e3o. Siga os perfis do<strong>\u00a0acidade on\u00a0<\/strong>no\u00a0<a href=\"https:\/\/www.instagram.com\/acidadeonribeirao\" data-type=\"link\" data-id=\"https:\/\/www.instagram.com\/acidadeonribeirao\" target=\"_blank\" rel=\"noopener\">Instagram<\/a>\u00a0e no\u00a0<a href=\"https:\/\/www.facebook.com\/acidadeonribeirao\/\" data-type=\"link\" data-id=\"https:\/\/www.facebook.com\/acidadeonribeirao\/\" target=\"_blank\" rel=\"noopener\">Facebook<\/a>.<\/p>\n<p>Receba not\u00edcias do\u00a0<strong>acidade on<\/strong>\u00a0no WhatsApp. Para entrar no grupo,\u00a0basta <a href=\"https:\/\/chat.whatsapp.com\/I4nieTEMKlf50pJ28aMemC?mode=ac_t\" data-type=\"link\" data-id=\"https:\/\/chat.whatsapp.com\/I4nieTEMKlf50pJ28aMemC?mode=ac_t\" target=\"_blank\" rel=\"noopener\">clicar aqui<\/a>. Ou, acesse o nosso\u00a0Canal <a href=\"https:\/\/whatsapp.com\/channel\/0029Vb6IQl1JENyAeS57fk2p\" data-type=\"link\" data-id=\"https:\/\/whatsapp.com\/channel\/0029Vb6IQl1JENyAeS57fk2p\" target=\"_blank\" rel=\"noopener\">clicando aqui<\/a>.<\/p>\n<p>Fa\u00e7a uma den\u00fancia ou sugira uma reportagem sobre Ribeir\u00e3o Preto e regi\u00e3o pelo WhatsApp: 16 99117 7802.<\/p>\n<p>VEJA TAMB\u00c9M<br \/>Tend\u00eancias de 2026 no mercado de alugu\u00e9is no interior de SP<\/p>\n<p><!-- AI CONTENT END 1 -->\n<\/div>\n<\/div>\n<p><script async src=\"\/\/www.instagram.com\/embed.js\"><\/script><br \/>\n<br \/><br \/>\n<br \/><a href=\"https:\/\/www.acidadeon.com\/ribeiraopreto\/economia\/assessoria-da-xp-anuncia-compra-de-escritorio-em-ribeirao-preto\/\">Source link <\/a><\/p>\n<!-- CONTENT END 1 -->\n","protected":false},"excerpt":{"rendered":"<p>A Manchester Investimentos, escrit\u00f3rio do ecossistema XP, anunciou nesta quinta-feira (23) a compra da Ficus Capital, que conta com escrit\u00f3rio em Ribeir\u00e3o Preto. De acordo&#8230;<\/p>\n","protected":false},"author":1,"featured_media":79059,"comment_status":"open","ping_status":"open","sticky":false,"template":"","format":"standard","meta":{"advanced_seo_description":"","jetpack_seo_html_title":"","jetpack_seo_noindex":false,"jetpack_post_was_ever_published":false,"_jetpack_newsletter_access":"","_jetpack_dont_email_post_to_subs":false,"_jetpack_newsletter_tier_id":0,"_jetpack_memberships_contains_paywalled_content":false,"_jetpack_memberships_contains_paid_content":false,"footnotes":"","jetpack_publicize_message":"","jetpack_publicize_feature_enabled":true,"jetpack_social_post_already_shared":true,"jetpack_social_options":{"image_generator_settings":{"template":"highway","default_image_id":0,"font":"","enabled":false},"version":2}},"categories":[11],"tags":[],"class_list":["post-79058","post","type-post","status-publish","format-standard","has-post-thumbnail","hentry","category-noticias-de-ribeirao-preto-sp-e-regiao-ismael-colosi"],"jetpack_publicize_connections":[],"jetpack_featured_media_url":"https:\/\/i0.wp.com\/noticiasribeiraopreto.com.br\/wp-content\/uploads\/2025\/10\/negocios_2025-10-23_13-01-54.webp.webp?fit=1200%2C821&ssl=1","jetpack-related-posts":[{"id":76468,"url":"https:\/\/noticiasribeiraopreto.com.br\/index.php\/2025\/08\/29\/escritorio-em-ribeirao-preto-e-suspeito-de-lavar-r-47-bilhoes-ligados-ao-pcc\/","url_meta":{"origin":79058,"position":0},"title":"Escrit\u00f3rio em Ribeir\u00e3o Preto \u00e9 suspeito de lavar R$ 47 bilh\u00f5es ligados ao PCC","author":"noticiasribeiraopreto.com.br","date":"29 de August de 2025","format":false,"excerpt":"Um escrit\u00f3rio no Jardim Paulista, zona Leste de Ribeir\u00e3o Preto, \u00e9 investigado por suspeita de lavar R$ 47 bilh\u00f5es em um esquema de fraudes no setor de combust\u00edveis, comandado por integrantes do PCC (Primeiro Comando da Capital). O esquema foi alvo de uma megaopera\u00e7\u00e3o da Receita e Pol\u00edcia Federal, na\u2026","rel":"","context":"In &quot;Not\u00edcias de Ribeir\u00e3o Preto-SP e Regi\u00e3o&quot;","block_context":{"text":"Not\u00edcias de Ribeir\u00e3o Preto-SP e Regi\u00e3o","link":"https:\/\/noticiasribeiraopreto.com.br\/index.php\/category\/noticias-de-ribeirao-preto-sp-e-regiao-ismael-colosi\/"},"img":{"alt_text":"","src":"https:\/\/i0.wp.com\/noticiasribeiraopreto.com.br\/wp-content\/uploads\/2025\/08\/WhatsApp-Image-2025-08-28-at-10.13.52_2025-08-28_15-26-35.webp.webp?fit=1200%2C900&ssl=1&resize=350%2C200","width":350,"height":200,"srcset":"https:\/\/i0.wp.com\/noticiasribeiraopreto.com.br\/wp-content\/uploads\/2025\/08\/WhatsApp-Image-2025-08-28-at-10.13.52_2025-08-28_15-26-35.webp.webp?fit=1200%2C900&ssl=1&resize=350%2C200 1x, https:\/\/i0.wp.com\/noticiasribeiraopreto.com.br\/wp-content\/uploads\/2025\/08\/WhatsApp-Image-2025-08-28-at-10.13.52_2025-08-28_15-26-35.webp.webp?fit=1200%2C900&ssl=1&resize=525%2C300 1.5x, https:\/\/i0.wp.com\/noticiasribeiraopreto.com.br\/wp-content\/uploads\/2025\/08\/WhatsApp-Image-2025-08-28-at-10.13.52_2025-08-28_15-26-35.webp.webp?fit=1200%2C900&ssl=1&resize=700%2C400 2x, https:\/\/i0.wp.com\/noticiasribeiraopreto.com.br\/wp-content\/uploads\/2025\/08\/WhatsApp-Image-2025-08-28-at-10.13.52_2025-08-28_15-26-35.webp.webp?fit=1200%2C900&ssl=1&resize=1050%2C600 3x"},"classes":[]},{"id":76119,"url":"https:\/\/noticiasribeiraopreto.com.br\/index.php\/2025\/08\/22\/rsm-expande-presenca-com-novo-escritorio-em-ribeirao-preto\/","url_meta":{"origin":79058,"position":1},"title":"RSM expande presen\u00e7a com novo escrit\u00f3rio em Ribeir\u00e3o Preto","author":"noticiasribeiraopreto.com.br","date":"22 de August de 2025","format":false,"excerpt":"A RSM, \u2013 6\u00aa maior empresa de Auditoria, Consultoria, Tributos e Contabilidade do mundo, com atua\u00e7\u00e3o local e internacional \u2013 amplia sua presen\u00e7a no estado paulista com a abertura de um escrit\u00f3rio em Ribeir\u00e3o Preto\/SP, reconhecida como um polo regional, com grande influ\u00eancia no agroneg\u00f3cio, com\u00e9rcio e servi\u00e7os, al\u00e9m de\u2026","rel":"","context":"In &quot;Not\u00edcias de Ribeir\u00e3o Preto-SP e Regi\u00e3o&quot;","block_context":{"text":"Not\u00edcias de Ribeir\u00e3o Preto-SP e Regi\u00e3o","link":"https:\/\/noticiasribeiraopreto.com.br\/index.php\/category\/noticias-de-ribeirao-preto-sp-e-regiao-ismael-colosi\/"},"img":{"alt_text":"","src":"https:\/\/i0.wp.com\/noticiasribeiraopreto.com.br\/wp-content\/uploads\/2025\/08\/1-12_2025-08-22_13-25-29.webp.webp?fit=1200%2C800&ssl=1&resize=350%2C200","width":350,"height":200,"srcset":"https:\/\/i0.wp.com\/noticiasribeiraopreto.com.br\/wp-content\/uploads\/2025\/08\/1-12_2025-08-22_13-25-29.webp.webp?fit=1200%2C800&ssl=1&resize=350%2C200 1x, https:\/\/i0.wp.com\/noticiasribeiraopreto.com.br\/wp-content\/uploads\/2025\/08\/1-12_2025-08-22_13-25-29.webp.webp?fit=1200%2C800&ssl=1&resize=525%2C300 1.5x, https:\/\/i0.wp.com\/noticiasribeiraopreto.com.br\/wp-content\/uploads\/2025\/08\/1-12_2025-08-22_13-25-29.webp.webp?fit=1200%2C800&ssl=1&resize=700%2C400 2x, https:\/\/i0.wp.com\/noticiasribeiraopreto.com.br\/wp-content\/uploads\/2025\/08\/1-12_2025-08-22_13-25-29.webp.webp?fit=1200%2C800&ssl=1&resize=1050%2C600 3x"},"classes":[]},{"id":68944,"url":"https:\/\/noticiasribeiraopreto.com.br\/index.php\/2025\/04\/30\/ribeirao-tera-escritorio-tecnico-da-regiao-metropolitana\/","url_meta":{"origin":79058,"position":2},"title":"Ribeir\u00e3o ter\u00e1 Escrit\u00f3rio T\u00e9cnico da Regi\u00e3o Metropolitana","author":"noticiasribeiraopreto.com.br","date":"30 de April de 2025","format":false,"excerpt":"30 de abril de 2025 15:372 Compartilhar0 O Governo de S\u00e3o Paulo anunciou, nesta quarta-feira, 30 de abril, durante a 29\u00aa reuni\u00e3o do Conselho de Desenvolvimento da Regi\u00e3o Metropolitana de Ribeir\u00e3o Preto, a instala\u00e7\u00e3o do Escrit\u00f3rio T\u00e9cnico da Regi\u00e3o Metropolitana de Ribeir\u00e3o Preto (RMRP). A Regi\u00e3o Metropolitana de Ribeir\u00e3o Preto\u2026","rel":"","context":"In &quot;Not\u00edcias de Ribeir\u00e3o Preto-SP e Regi\u00e3o&quot;","block_context":{"text":"Not\u00edcias de Ribeir\u00e3o Preto-SP e Regi\u00e3o","link":"https:\/\/noticiasribeiraopreto.com.br\/index.php\/category\/noticias-de-ribeirao-preto-sp-e-regiao-ismael-colosi\/"},"img":{"alt_text":"","src":"https:\/\/i0.wp.com\/noticiasribeiraopreto.com.br\/wp-content\/uploads\/2025\/04\/escritorio-scaled.jpeg?fit=750%2C500&ssl=1&resize=350%2C200","width":350,"height":200,"srcset":"https:\/\/i0.wp.com\/noticiasribeiraopreto.com.br\/wp-content\/uploads\/2025\/04\/escritorio-scaled.jpeg?fit=750%2C500&ssl=1&resize=350%2C200 1x, https:\/\/i0.wp.com\/noticiasribeiraopreto.com.br\/wp-content\/uploads\/2025\/04\/escritorio-scaled.jpeg?fit=750%2C500&ssl=1&resize=525%2C300 1.5x, https:\/\/i0.wp.com\/noticiasribeiraopreto.com.br\/wp-content\/uploads\/2025\/04\/escritorio-scaled.jpeg?fit=750%2C500&ssl=1&resize=700%2C400 2x"},"classes":[]},{"id":75606,"url":"https:\/\/noticiasribeiraopreto.com.br\/index.php\/2025\/08\/12\/totvs-inaugura-novo-escritorio-em-ribeirao-preto\/","url_meta":{"origin":79058,"position":3},"title":"TOTVS inaugura novo escrit\u00f3rio em Ribeir\u00e3o Preto","author":"noticiasribeiraopreto.com.br","date":"12 de August de 2025","format":false,"excerpt":"A TOTVS, maior empresa de tecnologia do Brasil, anuncia a inaugura\u00e7\u00e3o de seu novo escrit\u00f3rio em Ribeir\u00e3o Preto (SP). Maior e mais moderno, o novo espa\u00e7o est\u00e1 localizado na Av. Presidente Vargas, uma das principais da cidade. O movimento faz parte da estrat\u00e9gia de fortalecimento da presen\u00e7a da TOTVS na\u2026","rel":"","context":"In &quot;Not\u00edcias de Ribeir\u00e3o Preto-SP e Regi\u00e3o&quot;","block_context":{"text":"Not\u00edcias de Ribeir\u00e3o Preto-SP e Regi\u00e3o","link":"https:\/\/noticiasribeiraopreto.com.br\/index.php\/category\/noticias-de-ribeirao-preto-sp-e-regiao-ismael-colosi\/"},"img":{"alt_text":"","src":"https:\/\/i0.wp.com\/noticiasribeiraopreto.com.br\/wp-content\/uploads\/2025\/08\/1-2025-08-12T102407.246_2025-08-12_13-28-21.webp.webp?fit=1200%2C800&ssl=1&resize=350%2C200","width":350,"height":200,"srcset":"https:\/\/i0.wp.com\/noticiasribeiraopreto.com.br\/wp-content\/uploads\/2025\/08\/1-2025-08-12T102407.246_2025-08-12_13-28-21.webp.webp?fit=1200%2C800&ssl=1&resize=350%2C200 1x, https:\/\/i0.wp.com\/noticiasribeiraopreto.com.br\/wp-content\/uploads\/2025\/08\/1-2025-08-12T102407.246_2025-08-12_13-28-21.webp.webp?fit=1200%2C800&ssl=1&resize=525%2C300 1.5x, https:\/\/i0.wp.com\/noticiasribeiraopreto.com.br\/wp-content\/uploads\/2025\/08\/1-2025-08-12T102407.246_2025-08-12_13-28-21.webp.webp?fit=1200%2C800&ssl=1&resize=700%2C400 2x, https:\/\/i0.wp.com\/noticiasribeiraopreto.com.br\/wp-content\/uploads\/2025\/08\/1-2025-08-12T102407.246_2025-08-12_13-28-21.webp.webp?fit=1200%2C800&ssl=1&resize=1050%2C600 3x"},"classes":[]},{"id":12214,"url":"https:\/\/noticiasribeiraopreto.com.br\/index.php\/2023\/12\/07\/suno-anuncia-compra-eleven-financial-e-entra-no-mercado-b2b\/","url_meta":{"origin":79058,"position":4},"title":"Suno anuncia compra Eleven Financial e entra no mercado B2B","author":"noticiasribeiraopreto.com.br","date":"7 de December de 2023","format":false,"excerpt":"A Suno anunciou nesta quinta-feira (7) sua entrada no mercado de atendimento de empresas com a compra da casa de an\u00e1lise Eleven Financial Research. O valor da transa\u00e7\u00e3o n\u00e3o foi revelado. Desde 2021, a Eleven pertencia ao Modalmais e, no ano passado, o banco passou a operar sob o guarda-chuva\u2026","rel":"","context":"In &quot;Dinheiro e Investimento&quot;","block_context":{"text":"Dinheiro e Investimento","link":"https:\/\/noticiasribeiraopreto.com.br\/index.php\/category\/dinheiro-e-investimento-como-fazer-como-ganhar\/"},"img":{"alt_text":"","src":"https:\/\/i0.wp.com\/noticiasribeiraopreto.com.br\/wp-content\/uploads\/2023\/12\/O-imperio-bilionario-de-luxo-hermes-2-715x402.jpg?fit=715%2C402&ssl=1&resize=350%2C200","width":350,"height":200,"srcset":"https:\/\/i0.wp.com\/noticiasribeiraopreto.com.br\/wp-content\/uploads\/2023\/12\/O-imperio-bilionario-de-luxo-hermes-2-715x402.jpg?fit=715%2C402&ssl=1&resize=350%2C200 1x, https:\/\/i0.wp.com\/noticiasribeiraopreto.com.br\/wp-content\/uploads\/2023\/12\/O-imperio-bilionario-de-luxo-hermes-2-715x402.jpg?fit=715%2C402&ssl=1&resize=525%2C300 1.5x, https:\/\/i0.wp.com\/noticiasribeiraopreto.com.br\/wp-content\/uploads\/2023\/12\/O-imperio-bilionario-de-luxo-hermes-2-715x402.jpg?fit=715%2C402&ssl=1&resize=700%2C400 2x"},"classes":[]},{"id":15786,"url":"https:\/\/noticiasribeiraopreto.com.br\/index.php\/2023\/12\/14\/itausa-itsa4-conclui-divorcio-com-a-xp-e-vende-as-ultimas-acoes-da-empresa-por-mais-de-r-1-bilhao\/","url_meta":{"origin":79058,"position":5},"title":"Ita\u00fasa (ITSA4) conclui div\u00f3rcio com a XP e vende as \u00faltimas a\u00e7\u00f5es da empresa por mais de R$ 1 bilh\u00e3o","author":"noticiasribeiraopreto.com.br","date":"14 de December de 2023","format":false,"excerpt":"Uma das separa\u00e7\u00f5es mais duradouras dos \u00faltimos anos finalmente chegou ao fim. A Ita\u00fasa (ITSA4), holding que controla o Ita\u00fa Unibanco (ITUB4), assinou nesta quinta-feira (14) os pap\u00e9is do div\u00f3rcio com a XP Inc. A holding se desfez de mais de 14 milh\u00f5es de a\u00e7\u00f5es que ainda detinha na corretora\u2026","rel":"","context":"In &quot;Dinheiro e Investimento&quot;","block_context":{"text":"Dinheiro e Investimento","link":"https:\/\/noticiasribeiraopreto.com.br\/index.php\/category\/dinheiro-e-investimento-como-fazer-como-ganhar\/"},"img":{"alt_text":"","src":"https:\/\/i0.wp.com\/noticiasribeiraopreto.com.br\/wp-content\/uploads\/2023\/12\/shutterstock_1923986351-628x353.jpg?fit=628%2C353&ssl=1&resize=350%2C200","width":350,"height":200,"srcset":"https:\/\/i0.wp.com\/noticiasribeiraopreto.com.br\/wp-content\/uploads\/2023\/12\/shutterstock_1923986351-628x353.jpg?fit=628%2C353&ssl=1&resize=350%2C200 1x, https:\/\/i0.wp.com\/noticiasribeiraopreto.com.br\/wp-content\/uploads\/2023\/12\/shutterstock_1923986351-628x353.jpg?fit=628%2C353&ssl=1&resize=525%2C300 1.5x"},"classes":[]}],"jetpack_sharing_enabled":true,"jetpack_shortlink":"https:\/\/wp.me\/peQAOb-kz8","_links":{"self":[{"href":"https:\/\/noticiasribeiraopreto.com.br\/index.php\/wp-json\/wp\/v2\/posts\/79058","targetHints":{"allow":["GET"]}}],"collection":[{"href":"https:\/\/noticiasribeiraopreto.com.br\/index.php\/wp-json\/wp\/v2\/posts"}],"about":[{"href":"https:\/\/noticiasribeiraopreto.com.br\/index.php\/wp-json\/wp\/v2\/types\/post"}],"author":[{"embeddable":true,"href":"https:\/\/noticiasribeiraopreto.com.br\/index.php\/wp-json\/wp\/v2\/users\/1"}],"replies":[{"embeddable":true,"href":"https:\/\/noticiasribeiraopreto.com.br\/index.php\/wp-json\/wp\/v2\/comments?post=79058"}],"version-history":[{"count":0,"href":"https:\/\/noticiasribeiraopreto.com.br\/index.php\/wp-json\/wp\/v2\/posts\/79058\/revisions"}],"wp:featuredmedia":[{"embeddable":true,"href":"https:\/\/noticiasribeiraopreto.com.br\/index.php\/wp-json\/wp\/v2\/media\/79059"}],"wp:attachment":[{"href":"https:\/\/noticiasribeiraopreto.com.br\/index.php\/wp-json\/wp\/v2\/media?parent=79058"}],"wp:term":[{"taxonomy":"category","embeddable":true,"href":"https:\/\/noticiasribeiraopreto.com.br\/index.php\/wp-json\/wp\/v2\/categories?post=79058"},{"taxonomy":"post_tag","embeddable":true,"href":"https:\/\/noticiasribeiraopreto.com.br\/index.php\/wp-json\/wp\/v2\/tags?post=79058"}],"curies":[{"name":"wp","href":"https:\/\/api.w.org\/{rel}","templated":true}]}}