{"id":79060,"date":"2025-10-23T15:38:45","date_gmt":"2025-10-23T18:38:45","guid":{"rendered":"https:\/\/noticiasribeiraopreto.com.br\/index.php\/2025\/10\/23\/conselho-do-comercial-agenda-assembleia-para-definir-saf\/"},"modified":"2025-10-23T15:38:45","modified_gmt":"2025-10-23T18:38:45","slug":"conselho-do-comercial-agenda-assembleia-para-definir-saf","status":"publish","type":"post","link":"https:\/\/noticiasribeiraopreto.com.br\/index.php\/2025\/10\/23\/conselho-do-comercial-agenda-assembleia-para-definir-saf\/","title":{"rendered":"Conselho do Comercial agenda assembleia para definir SAF"},"content":{"rendered":"<p> <br \/>\n<\/p>\n<div id=\"\">\n<h2 class=\"penci-post-subtitle\">Le\u00e3o do Norte tem duas propostas oficiais para escolher<\/h2>\n<p>\n\t\t\t\t\t\t\t\t\t<span class=\"entry-meta-item penci-posted-on\"><i class=\"fa fa-clock-o\"\/><time class=\"entry-date published updated\" datetime=\"2025-10-23T15:36:53-03:00\">23 de outubro de 2025 15:36<\/time><\/span><span class=\"entry-meta-item penci-post-countview\"><span class=\"entry-meta-item penci-post-countview penci_post-meta_item\"><i class=\"fa fa-eye\"\/><span class=\"penci-post-countview-number penci-post-countview-p443853\">2<\/span><\/span><\/span>\t\t\t\t\t\t\t\t<\/p>\n<p><!-- .entry-meta --><br \/>\n\t\t\t\t\t\t\t\t<span class=\"penci-social-buttons penci-social-share-footer\"><span class=\"penci-social-share-text\">Compartilhar<\/span><a href=\"#\" class=\"penci-post-like penci_post-meta_item  single-like-button penci-social-item like\" data-post_id=\"443853\" title=\"Like\" data-like=\"Like\" data-unlike=\"Unlike\"><i class=\"fa fa-thumbs-o-up\"\/><span class=\"penci-share-number\">1<\/span><\/a><i class=\"fa fa-facebook\"\/><a class=\"penci-social-item twitter\" target=\"_blank\" rel=\"noopener\" title=\"\" href=\"https:\/\/twitter.com\/intent\/tweet?text=Conselho%20do%20Comercial%20agenda%20assembleia%20para%20definir%20SAF%20-%20https:\/\/www.tribunaribeirao.com.br\/conselho-do-comercial-agenda-assembleia-para-definir-saf\/\"><i class=\"fa fa-twitter\"\/><\/a><i class=\"fa fa-linkedin\"\/><i class=\"fa fa-whatsapp\"\/><i class=\"fa fa-telegram\"\/><i class=\"fa fa-envelope\"\/><\/span>\t\t\t\t\t\t\t<\/div>\n<div>\n<p><strong><em>Por Hugo Luque<\/em><\/strong><\/p>\n<p>O Conselho Deliberativo do Comercial marcou para a pr\u00f3xima quinta-feira (30), \u00e0s 19h30, no Palma Travassos, a assembleia que deve definir qual proposta ser\u00e1 aceita para a transforma\u00e7\u00e3o do clube em Sociedade An\u00f4nima do Futebol (SAF). De acordo com o que foi apresentado na \u00faltima reuni\u00e3o entre os conselheiros, duas empresas buscam comandar o futebol alvinegro.<\/p>\n<p>A primeira a realizar uma oferta foi a Total Player, comandada pelos irm\u00e3os e ex-jogadores Calucho e Paulo Jamelli. O objetivo da dupla \u00e9 investir cerca de R$ 100 milh\u00f5es ao longo de dez anos para melhorar a estrutura e o desempenho dentro de campo do Le\u00e3o do Norte.<\/p>\n<p>No entanto, ao longo das \u00faltimas semanas, uma nova interessada surgiu: a Worldwide Soccer Academies (WWSA), do austr\u00edaco Markus Schruf, que trabalha h\u00e1 25 anos na \u00e1rea de gerenciamento esportivo e foi respons\u00e1vel pela expans\u00e3o de escolinhas ligadas \u00e0 Internazionale de Mil\u00e3o, da It\u00e1lia em territ\u00f3rio nacional. Schruf tamb\u00e9m busca efetuar melhoras estruturais e esportivas no Bafo.<\/p>\n<p>Um grupo de empres\u00e1rios chamado \u201cRaiz Comercialina\u201d tamb\u00e9m demonstrou interesse, mas a proposta envolvia uma \u201cSAF h\u00edbrida\u201d que levaria at\u00e9 o final do mandato do presidente Ant\u00f4nio Carlos Campanelli para ser totalmente implementada, o que n\u00e3o convenceu o Conselho e deve for\u00e7ar uma reformula\u00e7\u00e3o no projeto antes que um novo conceito seja apresentado. Tanto a Total Player como a WWSA querem a transforma\u00e7\u00e3o imediata do Comercial em SAF.<\/p>\n<p>Na assembleia da pr\u00f3xima semana, os conselheiros votar\u00e3o para definir qual das duas propostas seguir\u00e1 para a pr\u00f3xima etapa de negocia\u00e7\u00f5es, que envolve uma an\u00e1lise feita pelo pr\u00f3prio investidor e uma oferta final, que tamb\u00e9m ser\u00e1 votada. Tamb\u00e9m est\u00e3o na pauta a aprova\u00e7\u00e3o de contrato de parceria e terceiriza\u00e7\u00e3o, aprova\u00e7\u00e3o para aquisi\u00e7\u00e3o de equipamentos de som e imagem, assim como assuntos gerais.<\/p>\n<p>A assembleia do dia 30 ter\u00e1 primeira convoca\u00e7\u00e3o \u00e0s 19h30, com a presen\u00e7a m\u00ednima de dois ter\u00e7os dos conselheiros, ou, em segunda convoca\u00e7\u00e3o, \u00e0s 20h, com qualquer n\u00famero de presentes.<\/p>\n<p><!-- CONTENT END 3 -->\n<\/div>\n<p><script async src=\"\/\/platform.twitter.com\/widgets.js\" charset=\"utf-8\"><\/script><br \/>\n<br \/><br \/>\n<br \/><a href=\"https:\/\/www.tribunaribeirao.com.br\/conselho-do-comercial-agenda-assembleia-para-definir-saf\/\">Source link <\/a><\/p>\n","protected":false},"excerpt":{"rendered":"<p>Le\u00e3o do Norte tem duas propostas oficiais para escolher 23 de outubro de 2025 15:362 Compartilhar1 Por Hugo Luque O Conselho Deliberativo do Comercial marcou&#8230;<\/p>\n","protected":false},"author":1,"featured_media":79061,"comment_status":"open","ping_status":"open","sticky":false,"template":"","format":"standard","meta":{"advanced_seo_description":"","jetpack_seo_html_title":"","jetpack_seo_noindex":false,"jetpack_post_was_ever_published":false,"_jetpack_newsletter_access":"","_jetpack_dont_email_post_to_subs":false,"_jetpack_newsletter_tier_id":0,"_jetpack_memberships_contains_paywalled_content":false,"_jetpack_memberships_contains_paid_content":false,"footnotes":"","jetpack_publicize_message":"","jetpack_publicize_feature_enabled":true,"jetpack_social_post_already_shared":true,"jetpack_social_options":{"image_generator_settings":{"template":"highway","default_image_id":0,"font":"","enabled":false},"version":2}},"categories":[11],"tags":[],"class_list":["post-79060","post","type-post","status-publish","format-standard","has-post-thumbnail","hentry","category-noticias-de-ribeirao-preto-sp-e-regiao-ismael-colosi"],"jetpack_publicize_connections":[],"jetpack_featured_media_url":"https:\/\/i0.wp.com\/noticiasribeiraopreto.com.br\/wp-content\/uploads\/2025\/10\/1-Palma-Travassos-Raul-Ramos-2.jpg?fit=799%2C533&ssl=1","jetpack-related-posts":[{"id":46478,"url":"https:\/\/noticiasribeiraopreto.com.br\/index.php\/2024\/04\/11\/vaga-para-tecnico-de-controle-de-qualidade-em-ribeirao-preto\/","url_meta":{"origin":79060,"position":0},"title":"Vaga para T\u00e9cnico de Controle de Qualidade em Ribeir\u00e3o Preto","author":"noticiasribeiraopreto.com.br","date":"11 de April de 2024","format":false,"excerpt":"Vaga para T\u00e9cnico de Controle de Qualidade em Ribeir\u00e3o Preto 1 vaga para Supervisor de Produ\u00e7\u00e3o em Ribeir\u00e3o Preto - SPh\u00e1 4 horas 1 vaga para Auxiliar de Produ\u00e7\u00e3o - PCD em Ribeir\u00e3o Preto - SPh\u00e1 4 horas Vaga para Analista de Departamento Pessoal em Ribeir\u00e3o Pretoh\u00e1 5 horas Vaga\u2026","rel":"","context":"In &quot;Vagas de Emprego em Ribeir\u00e3o Preto-SP&quot;","block_context":{"text":"Vagas de Emprego em Ribeir\u00e3o Preto-SP","link":"https:\/\/noticiasribeiraopreto.com.br\/index.php\/category\/empregos-classificados-vagas-trabalho\/vagas-de-empregos-em-ribeirao-preto-regiao-brasil\/"},"img":{"alt_text":"","src":"","width":0,"height":0},"classes":[]},{"id":42237,"url":"https:\/\/noticiasribeiraopreto.com.br\/index.php\/2024\/03\/13\/grupo-o-boticario-abriu-vagas-home-office-para-trabalhar-de-casa-com-salario-de-ate-4-mil-para-assistente-de-recebimento-fiscal\/","url_meta":{"origin":79060,"position":1},"title":"Grupo O Botic\u00e1rio abriu vagas HOME OFFICE para TRABALHAR DE CASA com sal\u00e1rio de at\u00e9 4 MIL para Assistente de Recebimento Fiscal","author":"noticiasribeiraopreto.com.br","date":"13 de March de 2024","format":false,"excerpt":"Home Office Grupo O Botic\u00e1rio abriu vagas HOME OFFICE para TRABALHAR DE CASA com sal\u00e1rio de at\u00e9 4 MIL para Assistente de Recebimento Fiscal Home Office Trabalhe de Casa somente 4 dias na Semana! Ef\u00ed by contrata para HOME OFFICE com Faixa salarial de R$ 3.600,00 MIL por m\u00eas Home\u2026","rel":"","context":"In &quot;Vagas de Emprego Remoto - Home Office&quot;","block_context":{"text":"Vagas de Emprego Remoto - Home Office","link":"https:\/\/noticiasribeiraopreto.com.br\/index.php\/category\/empregos-classificados-vagas-trabalho\/vagas-de-empregos-em-ribeirao-preto-regiao-brasil\/vagas-de-emprego-para-trabalhar-de-casa-home-office-remoto\/"},"img":{"alt_text":"","src":"https:\/\/i0.wp.com\/noticiasribeiraopreto.com.br\/wp-content\/uploads\/2024\/03\/Assistente-de-Recebimento-Fiscal-761x492.webp?fit=761%2C492&ssl=1&resize=350%2C200","width":350,"height":200,"srcset":"https:\/\/i0.wp.com\/noticiasribeiraopreto.com.br\/wp-content\/uploads\/2024\/03\/Assistente-de-Recebimento-Fiscal-761x492.webp?fit=761%2C492&ssl=1&resize=350%2C200 1x, https:\/\/i0.wp.com\/noticiasribeiraopreto.com.br\/wp-content\/uploads\/2024\/03\/Assistente-de-Recebimento-Fiscal-761x492.webp?fit=761%2C492&ssl=1&resize=525%2C300 1.5x, https:\/\/i0.wp.com\/noticiasribeiraopreto.com.br\/wp-content\/uploads\/2024\/03\/Assistente-de-Recebimento-Fiscal-761x492.webp?fit=761%2C492&ssl=1&resize=700%2C400 2x"},"classes":[]},{"id":54871,"url":"https:\/\/noticiasribeiraopreto.com.br\/index.php\/2024\/07\/25\/vaga-para-operador-de-pa-carregadeira-em-catanduva-banco-de-talentosha-3-horas\/","url_meta":{"origin":79060,"position":2},"title":"Vaga para Operador de P\u00e1 Carregadeira em Catanduva &#8211; Banco de Talentosh\u00e1 3 horas","author":"noticiasribeiraopreto.com.br","date":"25 de July de 2024","format":false,"excerpt":"1 vaga para Operador de Produ\u00e7\u00e3o - Banco de Talentos em Santos - SPh\u00e1 2 horas Vaga para Operador de P\u00e1 Carregadeira em Catanduva - Banco de Talentosh\u00e1 3 horas Vaga para T\u00e9cnico de Instala\u00e7\u00e3o em Ara\u00e7atuba - SPh\u00e1 1 dia Vaga para T\u00e9cnico de Instala\u00e7\u00e3o em Botucatu - SPh\u00e1\u2026","rel":"","context":"In &quot;Vagas de Emprego em Ribeir\u00e3o Preto-SP&quot;","block_context":{"text":"Vagas de Emprego em Ribeir\u00e3o Preto-SP","link":"https:\/\/noticiasribeiraopreto.com.br\/index.php\/category\/empregos-classificados-vagas-trabalho\/vagas-de-empregos-em-ribeirao-preto-regiao-brasil\/"},"img":{"alt_text":"","src":"","width":0,"height":0},"classes":[]},{"id":17460,"url":"https:\/\/noticiasribeiraopreto.com.br\/index.php\/2023\/12\/18\/cai-expectativa-de-inflacao-para-este-ano\/","url_meta":{"origin":79060,"position":3},"title":"Cai expectativa de infla\u00e7\u00e3o para este ano","author":"noticiasribeiraopreto.com.br","date":"18 de December de 2023","format":false,"excerpt":"A expectativa para a infla\u00e7\u00e3o deste ano recuou mais uma vez no Boletim Focus divulgado nesta segunda-feira, 18. A proje\u00e7\u00e3o para 2023 passou de 4,51% para 4,49%. Um m\u00eas antes, a mediana era de 4,55%. Para 2024, foco da pol\u00edtica monet\u00e1ria, a proje\u00e7\u00e3o se manteve em 3,93%. H\u00e1 um m\u00eas,\u2026","rel":"","context":"In &quot;Not\u00edcias de Ribeir\u00e3o Preto-SP e Regi\u00e3o&quot;","block_context":{"text":"Not\u00edcias de Ribeir\u00e3o Preto-SP e Regi\u00e3o","link":"https:\/\/noticiasribeiraopreto.com.br\/index.php\/category\/noticias-de-ribeirao-preto-sp-e-regiao-ismael-colosi\/"},"img":{"alt_text":"","src":"https:\/\/i0.wp.com\/noticiasribeiraopreto.com.br\/wp-content\/uploads\/2023\/12\/banco_central_mcajr_abr_0104222276-scaled.jpg?fit=1000%2C598&ssl=1&resize=350%2C200","width":350,"height":200,"srcset":"https:\/\/i0.wp.com\/noticiasribeiraopreto.com.br\/wp-content\/uploads\/2023\/12\/banco_central_mcajr_abr_0104222276-scaled.jpg?fit=1000%2C598&ssl=1&resize=350%2C200 1x, https:\/\/i0.wp.com\/noticiasribeiraopreto.com.br\/wp-content\/uploads\/2023\/12\/banco_central_mcajr_abr_0104222276-scaled.jpg?fit=1000%2C598&ssl=1&resize=525%2C300 1.5x, https:\/\/i0.wp.com\/noticiasribeiraopreto.com.br\/wp-content\/uploads\/2023\/12\/banco_central_mcajr_abr_0104222276-scaled.jpg?fit=1000%2C598&ssl=1&resize=700%2C400 2x"},"classes":[]},{"id":40072,"url":"https:\/\/noticiasribeiraopreto.com.br\/index.php\/2024\/02\/29\/aluguel-tem-deflacao-de-052-em-fevereiro\/","url_meta":{"origin":79060,"position":4},"title":"Aluguel tem defla\u00e7\u00e3o\u00a0de 0,52% em fevereiro\u00a0","author":"noticiasribeiraopreto.com.br","date":"29 de February de 2024","format":false,"excerpt":"29 de fevereiro de 2024 | 18:0029 de fevereiro de 2024 | 11:59 0O \u00cdndice Geral de Pre\u00e7os \u2013 Mercado (IGP-M) caiu 0,52% em fevereiro, ap\u00f3s alta de 0,07% em janeiro, informou nesta quarta-feira, 28 de fevereiro, a Funda\u00e7\u00e3o Get\u00falio Vargas (FGV). Com esse resultado o \u00edndice acumula queda de\u2026","rel":"","context":"In &quot;Not\u00edcias de Ribeir\u00e3o Preto-SP e Regi\u00e3o&quot;","block_context":{"text":"Not\u00edcias de Ribeir\u00e3o Preto-SP e Regi\u00e3o","link":"https:\/\/noticiasribeiraopreto.com.br\/index.php\/category\/noticias-de-ribeirao-preto-sp-e-regiao-ismael-colosi\/"},"img":{"alt_text":"","src":"https:\/\/i0.wp.com\/noticiasribeiraopreto.com.br\/wp-content\/uploads\/2024\/02\/AluguelRP-Alfredo-Risk-scaled.jpg?fit=1000%2C519&ssl=1&resize=350%2C200","width":350,"height":200,"srcset":"https:\/\/i0.wp.com\/noticiasribeiraopreto.com.br\/wp-content\/uploads\/2024\/02\/AluguelRP-Alfredo-Risk-scaled.jpg?fit=1000%2C519&ssl=1&resize=350%2C200 1x, https:\/\/i0.wp.com\/noticiasribeiraopreto.com.br\/wp-content\/uploads\/2024\/02\/AluguelRP-Alfredo-Risk-scaled.jpg?fit=1000%2C519&ssl=1&resize=525%2C300 1.5x, https:\/\/i0.wp.com\/noticiasribeiraopreto.com.br\/wp-content\/uploads\/2024\/02\/AluguelRP-Alfredo-Risk-scaled.jpg?fit=1000%2C519&ssl=1&resize=700%2C400 2x"},"classes":[]},{"id":50582,"url":"https:\/\/noticiasribeiraopreto.com.br\/index.php\/2024\/05\/17\/trabalhe-de-casa-epharmer-abriu-vagas-home-office-com-salario-de-r-1-87100-para-assistente-de-relacionamento\/","url_meta":{"origin":79060,"position":5},"title":"Trabalhe de Casa! Epharmer abriu vagas HOME OFFICE com sal\u00e1rio de R$ 1.871,00 para Assistente de Relacionamento","author":"noticiasribeiraopreto.com.br","date":"17 de May de 2024","format":false,"excerpt":"Home Office Trabalhe de Casa! Coca-Cola anuncia vaga 100% HOME OFFICE para Assistente Administrativo Faturamento Home Office 100% Remoto! Instituto Infnet abre vaga HOME OFFICE para Auxiliar Administrativo com sal\u00e1rio de R$ 1.412,00 por m\u00eas Home Office 100% Home Office! Grupo Prisma abre vagas HOME OFFICE para Operadores de Telemarketing\u2026","rel":"","context":"In &quot;Vagas de Emprego Remoto - Home Office&quot;","block_context":{"text":"Vagas de Emprego Remoto - Home Office","link":"https:\/\/noticiasribeiraopreto.com.br\/index.php\/category\/empregos-classificados-vagas-trabalho\/vagas-de-empregos-em-ribeirao-preto-regiao-brasil\/vagas-de-emprego-para-trabalhar-de-casa-home-office-remoto\/"},"img":{"alt_text":"Trabalhe de Casa! Coca-Cola anuncia vaga 100% HOME OFFICE para Assistente Administrativo Faturamento","src":"https:\/\/i0.wp.com\/www.capitalvagas.com.br\/wp-content\/uploads\/2024\/05\/coca-cola-761x492.webp?resize=350%2C200&ssl=1","width":350,"height":200,"srcset":"https:\/\/i0.wp.com\/www.capitalvagas.com.br\/wp-content\/uploads\/2024\/05\/coca-cola-761x492.webp?resize=350%2C200&ssl=1 1x, https:\/\/i0.wp.com\/www.capitalvagas.com.br\/wp-content\/uploads\/2024\/05\/coca-cola-761x492.webp?resize=525%2C300&ssl=1 1.5x, https:\/\/i0.wp.com\/www.capitalvagas.com.br\/wp-content\/uploads\/2024\/05\/coca-cola-761x492.webp?resize=700%2C400&ssl=1 2x"},"classes":[]}],"jetpack_sharing_enabled":true,"jetpack_shortlink":"https:\/\/wp.me\/peQAOb-kza","_links":{"self":[{"href":"https:\/\/noticiasribeiraopreto.com.br\/index.php\/wp-json\/wp\/v2\/posts\/79060","targetHints":{"allow":["GET"]}}],"collection":[{"href":"https:\/\/noticiasribeiraopreto.com.br\/index.php\/wp-json\/wp\/v2\/posts"}],"about":[{"href":"https:\/\/noticiasribeiraopreto.com.br\/index.php\/wp-json\/wp\/v2\/types\/post"}],"author":[{"embeddable":true,"href":"https:\/\/noticiasribeiraopreto.com.br\/index.php\/wp-json\/wp\/v2\/users\/1"}],"replies":[{"embeddable":true,"href":"https:\/\/noticiasribeiraopreto.com.br\/index.php\/wp-json\/wp\/v2\/comments?post=79060"}],"version-history":[{"count":0,"href":"https:\/\/noticiasribeiraopreto.com.br\/index.php\/wp-json\/wp\/v2\/posts\/79060\/revisions"}],"wp:featuredmedia":[{"embeddable":true,"href":"https:\/\/noticiasribeiraopreto.com.br\/index.php\/wp-json\/wp\/v2\/media\/79061"}],"wp:attachment":[{"href":"https:\/\/noticiasribeiraopreto.com.br\/index.php\/wp-json\/wp\/v2\/media?parent=79060"}],"wp:term":[{"taxonomy":"category","embeddable":true,"href":"https:\/\/noticiasribeiraopreto.com.br\/index.php\/wp-json\/wp\/v2\/categories?post=79060"},{"taxonomy":"post_tag","embeddable":true,"href":"https:\/\/noticiasribeiraopreto.com.br\/index.php\/wp-json\/wp\/v2\/tags?post=79060"}],"curies":[{"name":"wp","href":"https:\/\/api.w.org\/{rel}","templated":true}]}}