{"id":79062,"date":"2025-10-23T16:13:05","date_gmt":"2025-10-23T19:13:05","guid":{"rendered":"https:\/\/noticiasribeiraopreto.com.br\/index.php\/2025\/10\/23\/produtor-de-ribeirao-preto-fala-sobre-bastidores-do-filme-sobre-mauricio-de-sousa\/"},"modified":"2025-10-23T16:13:05","modified_gmt":"2025-10-23T19:13:05","slug":"produtor-de-ribeirao-preto-fala-sobre-bastidores-do-filme-sobre-mauricio-de-sousa","status":"publish","type":"post","link":"https:\/\/noticiasribeiraopreto.com.br\/index.php\/2025\/10\/23\/produtor-de-ribeirao-preto-fala-sobre-bastidores-do-filme-sobre-mauricio-de-sousa\/","title":{"rendered":"Produtor de Ribeir\u00e3o Preto fala sobre bastidores do filme sobre Mauricio de Sousa"},"content":{"rendered":"<div class='code-block code-block-1' style='margin: 8px 0 8px auto; text-align: right; display: block; clear: both;'>\n<p><a href=\"https:\/\/wa.link\/vpicfd\"><img data-recalc-dims=\"1\" class=\"wp-image-4922\" style=\"aspect-ratio: 2.0253164556962027; width: 561px; height: auto;\" src=\"https:\/\/i0.wp.com\/ismaelcolosi.com.br\/wp-content\/uploads\/2023\/11\/grupo-de-empregos-whatsapp-e-facebook-ismael-colosi-vagas.jpg?ssl=1\" alt=\"\" \/><\/a><\/p>\n<!-- \/wp:image -->\n<\/div>\n<p> <br \/>\n<\/p>\n<div>\n<p>A cinebiografia de <strong>Mauricio de Sousa<\/strong>, um dos maiores cartunistas brasileiros, estreia nesta <strong>quinta-feira (23)<\/strong> nos cinemas de <strong>Ribeir\u00e3o Preto<\/strong>. O longa \u00e9 protagonizado por <strong>Mauro Sousa<\/strong>, filho do desenhista, e retrata a inf\u00e2ncia do criador da<strong> Turma da M\u00f4nica<\/strong>, sua rela\u00e7\u00e3o com os pais e os primeiros passos que tornaram realidade o sonho de se tornar desenhista. A classifica\u00e7\u00e3o indicativa \u00e9 livre.<\/p>\n<p>Entre os nomes que ajudaram a dar vida ao projeto est\u00e1 <strong>Tato Siansi<\/strong>, coprodutor ribeir\u00e3o-pretano. Em entrevista ao <strong>acidade on Ribeir\u00e3o<\/strong>, ele falou sobre a experi\u00eancia de participar do filme e sobre o significado de levar a hist\u00f3ria de um grande artista \u00e0s telas.<\/p>\n<h2 class=\"wp-block-heading\"><strong>A produ\u00e7\u00e3o<\/strong><\/h2>\n<p>Para <strong>Tato<\/strong>, fazer parte da equipe que conta a hist\u00f3ria de <strong>Mauricio de Sousa <\/strong>foi algo marcante.<\/p>\n<figure class=\"wp-block-pullquote\">\n<blockquote>\n<p>Na verdade, faltam palavras pra descrever o que foi participar da produ\u00e7\u00e3o desse projeto. Poder contribuir pra contar a hist\u00f3ria de um dos maiores \u00edcones do Brasil, uma pessoa que ensinou tantas crian\u00e7as a ler atrav\u00e9s dos seus gibis, \u00e9 algo realmente inexplic\u00e1vel. Sou muito grato pela oportunidade de fazer parte dessa homenagem a um verdadeiro g\u00eanio brasileiro.<\/p>\n<p><cite>Tato Siansi<\/cite><\/p><\/blockquote>\n<\/figure>\n<div class=\"wp-block-image\">\n<figure class=\"aligncenter size-large is-resized\"><img data-recalc-dims=\"1\" fetchpriority=\"high\" decoding=\"async\" width=\"1024\" height=\"683\" src=\"https:\/\/i0.wp.com\/cdn.media-acidadeon.com.br\/ribeiraopreto\/wp-content\/uploads\/sites\/3\/2025\/10\/mauriciodesousaofilmeplanocritico_2025-10-23_13-13-39-1024x683.webp?resize=1024%2C683&#038;ssl=1\" alt=\"Cinemas\" class=\"wp-image-133240\" style=\"width:825px;height:auto\" title=\"Produtor de Ribeir\u00e3o Preto fala sobre bastidores do filme sobre Mauricio de Sousa 1\" srcset=\"https:\/\/cdn.media-acidadeon.com.br\/ribeiraopreto\/wp-content\/uploads\/sites\/3\/2025\/10\/mauriciodesousaofilmeplanocritico_2025-10-23_13-13-39-1024x683.webp 1024w, https:\/\/cdn.media-acidadeon.com.br\/ribeiraopreto\/wp-content\/uploads\/sites\/3\/2025\/10\/mauriciodesousaofilmeplanocritico_2025-10-23_13-13-39-300x200.webp 300w, https:\/\/cdn.media-acidadeon.com.br\/ribeiraopreto\/wp-content\/uploads\/sites\/3\/2025\/10\/mauriciodesousaofilmeplanocritico_2025-10-23_13-13-39-768x512.webp 768w, https:\/\/cdn.media-acidadeon.com.br\/ribeiraopreto\/wp-content\/uploads\/sites\/3\/2025\/10\/mauriciodesousaofilmeplanocritico_2025-10-23_13-13-39-696x464.webp 696w, https:\/\/cdn.media-acidadeon.com.br\/ribeiraopreto\/wp-content\/uploads\/sites\/3\/2025\/10\/mauriciodesousaofilmeplanocritico_2025-10-23_13-13-39-1068x712.webp 1068w, https:\/\/cdn.media-acidadeon.com.br\/ribeiraopreto\/wp-content\/uploads\/sites\/3\/2025\/10\/mauriciodesousaofilmeplanocritico_2025-10-23_13-13-39.webp 1170w\" sizes=\"(max-width: 1024px) 100vw, 1024px\"\/><figcaption class=\"wp-element-caption\">Filme sobre a vida de Mauricio de Sousa  chega aos cinemas \u2013 Foto: Vantoen Pereira Jr.<\/figcaption><\/figure>\n<\/div>\n<p>Segundo o produtor, o p\u00fablico pode esperar um olhar in\u00e9dito sobre o universo de <strong>Mauricio<\/strong>.<\/p>\n<figure class=\"wp-block-pullquote\">\n<blockquote>\n<p>O que eu acho que o p\u00fablico pode mais esperar desse filme \u00e9 conhecer um pouco da cabe\u00e7a do criador da Turma da M\u00f4nica, entender como surgiram os personagens, o que inspirou cada um deles. Eu mesmo me surpreendi com v\u00e1rias hist\u00f3rias. Tem coisas que eu nem imaginava sobre o processo de cria\u00e7\u00e3o. Acho que esse \u00e9 o grande diferencial: o filme mostra de onde veio toda essa genialidade e como funciona a mente do Maur\u00edcio de Sousa.<\/p>\n<p><cite>Tato Siansi<\/cite><\/p><\/blockquote>\n<\/figure>\n<figure class=\"wp-block-gallery has-nested-images columns-default is-cropped wp-block-gallery-1 is-layout-flex wp-block-gallery-is-layout-flex\">\n<figure class=\"wp-block-image size-large\"><img data-recalc-dims=\"1\" loading=\"lazy\" decoding=\"async\" width=\"1024\" height=\"1024\" data-id=\"133279\" src=\"https:\/\/i0.wp.com\/cdn.media-acidadeon.com.br\/ribeiraopreto\/wp-content\/uploads\/sites\/3\/2025\/10\/25-05-07_MAURICIO-DE-SOUSA_0907-1-1024x1024.webp?resize=1024%2C1024&#038;ssl=1\" alt=\"Tato Siansi Mauricio de Sousa \" class=\"wp-image-133279\" title=\"Produtor de Ribeir\u00e3o Preto fala sobre bastidores do filme sobre Mauricio de Sousa 2\" srcset=\"https:\/\/cdn.media-acidadeon.com.br\/ribeiraopreto\/wp-content\/uploads\/sites\/3\/2025\/10\/25-05-07_MAURICIO-DE-SOUSA_0907-1-1024x1024.webp 1024w, https:\/\/cdn.media-acidadeon.com.br\/ribeiraopreto\/wp-content\/uploads\/sites\/3\/2025\/10\/25-05-07_MAURICIO-DE-SOUSA_0907-1-300x300.webp 300w, https:\/\/cdn.media-acidadeon.com.br\/ribeiraopreto\/wp-content\/uploads\/sites\/3\/2025\/10\/25-05-07_MAURICIO-DE-SOUSA_0907-1-150x150.webp 150w, https:\/\/cdn.media-acidadeon.com.br\/ribeiraopreto\/wp-content\/uploads\/sites\/3\/2025\/10\/25-05-07_MAURICIO-DE-SOUSA_0907-1-768x768.webp 768w, https:\/\/cdn.media-acidadeon.com.br\/ribeiraopreto\/wp-content\/uploads\/sites\/3\/2025\/10\/25-05-07_MAURICIO-DE-SOUSA_0907-1-696x696.webp 696w, https:\/\/cdn.media-acidadeon.com.br\/ribeiraopreto\/wp-content\/uploads\/sites\/3\/2025\/10\/25-05-07_MAURICIO-DE-SOUSA_0907-1-1068x1068.webp 1068w, https:\/\/cdn.media-acidadeon.com.br\/ribeiraopreto\/wp-content\/uploads\/sites\/3\/2025\/10\/25-05-07_MAURICIO-DE-SOUSA_0907-1.webp 1200w\" sizes=\"auto, (max-width: 1024px) 100vw, 1024px\"\/><figcaption class=\"wp-element-caption\">Mauricio de Sousa e o filho Mauro Sousa \u2014 Foto: Divulga\u00e7\u00e3o\/Mateus Augusto Rubim<br \/>\n<\/figcaption><\/figure>\n<figure class=\"wp-block-image size-large\"><img loading=\"lazy\" decoding=\"async\" width=\"984\" height=\"1476\" data-id=\"133280\" src=\"https:\/\/www.acidadeon.com\/ribeiraopreto\/wp-content\/uploads\/sites\/3\/2025\/10\/credito-mateus-augusto-rubim.avif\" alt=\"Tato Siansi Mauricio de Sousa\" class=\"wp-image-133280\" title=\"Produtor de Ribeir\u00e3o Preto fala sobre bastidores do filme sobre Mauricio de Sousa 3\"\/><figcaption class=\"wp-element-caption\">Mauricio de Sousa e o filho Mauro Sousa \u2014 Foto: Divulga\u00e7\u00e3o\/Mateus Augusto Rubim<br \/>\n<\/figcaption><\/figure>\n<\/figure>\n<p>Durante a produ\u00e7\u00e3o do filme, de acordo com o produtor, ele encontrou alguns desafios como em qualquer outra produ\u00e7\u00e3o cinematogr\u00e1fica: a falta de investimentos. <\/p>\n<figure class=\"wp-block-pullquote\">\n<blockquote>\n<p>O que eu acho que \u00e9 um grande desafio, e n\u00e3o s\u00f3 nesse filme, mas em produzir cinema no Brasil em geral \u00e9 a parte financeira. Fazer um longa envolve muita gente, muitos profissionais, e isso exige grandes investimentos. \u00c9 a\u00ed que geralmente est\u00e1 o maior obst\u00e1culo. Por isso, \u00e9 importante destacar o papel das leis de incentivo, que ajudam esses projetos a sa\u00edrem do papel. Esse filme, por exemplo, contou tamb\u00e9m com financiamento do PROAC e da PNAB, por meio da Secretaria de Cultura do Estado de S\u00e3o Paulo, e isso foi essencial pra que a obra pudesse ser realizada.<\/p>\n<p><cite>Tato Siansi <\/cite><\/p><\/blockquote>\n<\/figure>\n<h2 class=\"wp-block-heading\"><strong>Bastidores<\/strong><\/h2>\n<p>Entre todas as emo\u00e7\u00f5es do bastidores, <strong>Tato Siansi<\/strong> destacou como o momento mais marcante, a atua\u00e7\u00e3o de <strong>Mauro Sousa<\/strong> como o protagonista do filme. <\/p>\n<figure class=\"wp-block-pullquote\">\n<blockquote>\n<p>Um dos processos criativos que mais me marcou foi o fato do personagem principal ser o Mauro Sousa, que \u00e9 o filho do Maur\u00edcio de Sousa. Eles t\u00eam uma semelhan\u00e7a f\u00edsica muito grande, mas o que mais me tocou foi ver o filho interpretando o pr\u00f3prio pai, mostrando como ele era. Acho que isso traz uma verdade e uma emo\u00e7\u00e3o \u00fanicas pro filme.<\/p>\n<p><cite>Tato Siansi <\/cite><\/p><\/blockquote>\n<\/figure>\n<div class=\"wp-block-image\">\n<figure class=\"aligncenter size-full\"><img data-recalc-dims=\"1\" loading=\"lazy\" decoding=\"async\" width=\"408\" height=\"547\" src=\"https:\/\/i0.wp.com\/cdn.media-acidadeon.com.br\/ribeiraopreto\/wp-content\/uploads\/sites\/3\/2025\/10\/mauro-mauricio_2025-10-23_16-35-12.webp?resize=408%2C547&#038;ssl=1\" alt=\"Mauricio de Sousa \" class=\"wp-image-133282\" title=\"Produtor de Ribeir\u00e3o Preto fala sobre bastidores do filme sobre Mauricio de Sousa 4\" srcset=\"https:\/\/cdn.media-acidadeon.com.br\/ribeiraopreto\/wp-content\/uploads\/sites\/3\/2025\/10\/mauro-mauricio_2025-10-23_16-35-12.webp 408w, https:\/\/cdn.media-acidadeon.com.br\/ribeiraopreto\/wp-content\/uploads\/sites\/3\/2025\/10\/mauro-mauricio_2025-10-23_16-35-12-224x300.webp 224w\" sizes=\"auto, (max-width: 408px) 100vw, 408px\"\/><figcaption class=\"wp-element-caption\">Foto de Mauricio de Sousa acima e abaixo Mauro Sousa interpretando o pai  \u2013 Foto: Reprodu\u00e7\u00e3o \/ Redes Sociais<\/figcaption><\/figure>\n<\/div>\n<p>O filme traz uma hist\u00f3ria marcada pela luta, a for\u00e7a de acreditar nos sonhos e na fam\u00edlia. <strong>Mauricio de Sousa<\/strong> se consagrou na carreira de cartunistas com os quadrinhos e desenhos da <strong>Turma da M\u00f4nica<\/strong>, onde buscou inspira\u00e7\u00e3o em amigos e familiares para cria\u00e7\u00e3o de seus personagens. E a rela\u00e7\u00e3o intima de <strong>Mauricio<\/strong> com a fam\u00edlia fica clara ao decorrer do longa. <\/p>\n<figure class=\"wp-block-pullquote\">\n<blockquote>\n<p>O filme traz v\u00e1rias mensagens, mas a que eu mais destacaria \u00e9 a import\u00e2ncia da fam\u00edlia. \u00c9 algo que o Maur\u00edcio sempre levou pra vida dele. Ele olhou pra dentro, olhou pra fam\u00edlia, que \u00e9 a base de tudo e foi da\u00ed que ele construiu toda essa trajet\u00f3ria. Acho que essa \u00e9 a grande mensagem que o filme deixa pra gente.<\/p>\n<p><cite>Tato Siansi<\/cite><\/p><\/blockquote>\n<\/figure>\n<p>O produtor tamb\u00e9m refor\u00e7a o car\u00e1ter afetivo do projeto. <\/p>\n<figure class=\"wp-block-pullquote\">\n<blockquote>\n<p>Al\u00e9m de preservar a hist\u00f3ria, poder mostrar essa trajet\u00f3ria pras pessoas que est\u00e3o vindo agora e pras pr\u00f3ximas gera\u00e7\u00f5es. Mas, acima de tudo, esse filme \u00e9 uma homenagem em vida. A gente tem o costume de retratar as pessoas s\u00f3 depois que elas se v\u00e3o, e poder presentear o Mauricio, no anivers\u00e1rio de 90 anos dele, com essa obra, \u00e9 algo muito especial. Fazer essa homenagem em vida, com ele podendo assistir e sentir esse carinho, \u00e9 um dos maiores m\u00e9ritos desse filme.<\/p>\n<p><cite>Tato Siansi <\/cite><\/p><\/blockquote>\n<\/figure>\n<h2 class=\"wp-block-heading\"><strong>De Ribeir\u00e3o Preto para o mundo<\/strong><\/h2>\n<p>Apesar das filmagens se concentrarem em outras regi\u00f5es do <strong>Brasil<\/strong>, o produtor, nascido e criado em <strong>Ribeir\u00e3o Preto<\/strong>, faz quest\u00e3o de relembrar suas ra\u00edzes. \u201cNo audiovisual, a gente sabe que a maioria das coisas acontece nas grandes capitais, mas eu sempre quis fazer a li\u00e7\u00e3o dentro de casa, mostrar que \u00e9 poss\u00edvel produzir com qualidade aqui tamb\u00e9m\u201d, comenta ele<\/p>\n<p>Ap\u00f3s o filme de <strong>Mauricio de Sousa<\/strong>, <strong>Tato<\/strong> j\u00e1 tem novos trabalhos em andamento.<\/p>\n<figure class=\"wp-block-pullquote\">\n<blockquote>\n<p>Depois desse projeto, tem muita coisa boa vindo pela frente. A gente t\u00e1 em fase de finaliza\u00e7\u00e3o do longa-metragem \u2018Cora\u00e7\u00e3o Sertanejo\u2019, que foi rodado em Ribeir\u00e3o Preto e tamb\u00e9m em Juruc\u00ea. Usamos uma equipe quase totalmente local, ent\u00e3o \u00e9 um filme que realmente nasceu aqui. Ribeir\u00e3o \u00e9 praticamente um personagem da hist\u00f3ria. Al\u00e9m disso, estamos em fase de lan\u00e7amento do document\u00e1rio \u2018PRA-7\u2019, que conta a hist\u00f3ria da primeira r\u00e1dio do interior e a s\u00e9tima do Brasil. \u00c9 um projeto muito especial tamb\u00e9m, porque resgata parte importante da nossa mem\u00f3ria cultural.<\/p>\n<p><cite>Tato Siansi <\/cite><\/p><\/blockquote>\n<\/figure>\n<p><strong>Assista ao trailer de Mauricio de Sousa: O Filme<\/strong><\/p>\n<figure class=\"wp-block-embed is-type-video is-provider-youtube wp-block-embed-youtube wp-embed-aspect-16-9 wp-has-aspect-ratio\">\n<p>\n<iframe loading=\"lazy\" title=\"MAURICIO DE SOUSA - O FILME | TEASER OFICIAL | 23 DE OUTUBRO NOS CINEMAS\" width=\"500\" height=\"281\" src=\"https:\/\/www.youtube.com\/embed\/3u9ropiyMtY?feature=oembed\" frameborder=\"0\" allow=\"accelerometer; autoplay; clipboard-write; encrypted-media; gyroscope; picture-in-picture; web-share\" referrerpolicy=\"strict-origin-when-cross-origin\" allowfullscreen><\/iframe>\n<\/p>\n<\/figure>\n<p>SAIBA MAIS<br \/>Filme sobre Mauricio de Sousa chega aos cinemas; Confira os lan\u00e7amentos<\/p>\n<h2 class=\"wp-block-heading\"><strong>FIQUE ON<\/strong><\/h2>\n<p>Fique ligado em tudo que acontece em Ribeir\u00e3o Preto e regi\u00e3o. Siga os perfis do\u00a0<strong>acidade on<\/strong>\u00a0no<a href=\"https:\/\/www.instagram.com\/acidadeonribeirao\" target=\"_blank\" rel=\"noreferrer noopener\">\u00a0Instagram\u00a0<\/a>e no\u00a0<a href=\"https:\/\/www.facebook.com\/acidadeonribeirao\/\" target=\"_blank\" rel=\"noreferrer noopener\">Facebook<\/a>.<\/p>\n<p>Receba not\u00edcias do<strong>\u00a0acidade on<\/strong>\u00a0no WhatsApp. Para entrar no grupo,\u00a0basta\u00a0<a href=\"https:\/\/chat.whatsapp.com\/I4nieTEMKlf50pJ28aMemC?mode=ac_t\" target=\"_blank\" rel=\"noreferrer noopener\">clicar aqui<\/a>. Ou, acesse o nosso\u00a0Canal\u00a0<a href=\"https:\/\/whatsapp.com\/channel\/0029Vb6IQl1JENyAeS57fk2p\" target=\"_blank\" rel=\"noreferrer noopener\">clicando aqui<\/a>.<\/p>\n<p>Fa\u00e7a uma den\u00fancia ou sugira uma reportagem sobre Ribeir\u00e3o Preto e regi\u00e3o pelo WhatsApp: 16 99117 7802.<\/p>\n<p>VEJA TAMB\u00c9M<br \/>Gaby Spanic, de \u2018A Usurpadora\u2019, vai estar em \u2018Beleza Fatal 2\u2019?<\/p>\n<p><!-- AI CONTENT END 1 -->\n<\/div>\n<p><script async src=\"\/\/www.instagram.com\/embed.js\"><\/script><br \/>\n<br \/><br \/>\n<br \/><a href=\"https:\/\/www.acidadeon.com\/ribeiraopreto\/lazer-e-cultura\/produtor-de-ribeirao-preto-fala-sobre-bastidores-do-filme-sobre-mauricio-de-sousa\/\">Source link <\/a><\/p>\n<!-- CONTENT END 1 -->\n","protected":false},"excerpt":{"rendered":"<p>A cinebiografia de Mauricio de Sousa, um dos maiores cartunistas brasileiros, estreia nesta quinta-feira (23) nos cinemas de Ribeir\u00e3o Preto. O longa \u00e9 protagonizado por&#8230;<\/p>\n","protected":false},"author":1,"featured_media":79063,"comment_status":"open","ping_status":"open","sticky":false,"template":"","format":"standard","meta":{"advanced_seo_description":"","jetpack_seo_html_title":"","jetpack_seo_noindex":false,"jetpack_post_was_ever_published":false,"_jetpack_newsletter_access":"","_jetpack_dont_email_post_to_subs":false,"_jetpack_newsletter_tier_id":0,"_jetpack_memberships_contains_paywalled_content":false,"_jetpack_memberships_contains_paid_content":false,"footnotes":"","jetpack_publicize_message":"","jetpack_publicize_feature_enabled":true,"jetpack_social_post_already_shared":true,"jetpack_social_options":{"image_generator_settings":{"template":"highway","default_image_id":0,"font":"","enabled":false},"version":2}},"categories":[11],"tags":[],"class_list":["post-79062","post","type-post","status-publish","format-standard","has-post-thumbnail","hentry","category-noticias-de-ribeirao-preto-sp-e-regiao-ismael-colosi"],"jetpack_publicize_connections":[],"jetpack_featured_media_url":"https:\/\/i0.wp.com\/noticiasribeiraopreto.com.br\/wp-content\/uploads\/2025\/10\/Vanderci-Pessotti-4_2025-10-23_16-51-09.webp.webp?fit=1200%2C675&ssl=1","jetpack-related-posts":[{"id":79051,"url":"https:\/\/noticiasribeiraopreto.com.br\/index.php\/2025\/10\/23\/filme-sobre-mauricio-de-sousa-chega-aos-cinemas-confira-os-lancamentos\/","url_meta":{"origin":79062,"position":0},"title":"Filme sobre Mauricio de Sousa chega aos cinemas; Confira os lan\u00e7amentos","author":"noticiasribeiraopreto.com.br","date":"23 de October de 2025","format":false,"excerpt":"Os cinemas de Ribeir\u00e3o Preto recebem nesta quinta-feira (23) tr\u00eas novos filmes na programa\u00e7\u00e3o. Entre os destaques est\u00e3o a cinebiografia \u201cMauricio de Sousa: O Filme\u201d e \u201cSe N\u00e3o Fosse Voc\u00ea\u201d, adapta\u00e7\u00e3o da obra de Colleen Hoover. Confira os filmes dispon\u00edveis nesta semana: Mauricio de Sousa: O Filme A cinebriografia de\u2026","rel":"","context":"In &quot;Not\u00edcias de Ribeir\u00e3o Preto-SP e Regi\u00e3o&quot;","block_context":{"text":"Not\u00edcias de Ribeir\u00e3o Preto-SP e Regi\u00e3o","link":"https:\/\/noticiasribeiraopreto.com.br\/index.php\/category\/noticias-de-ribeirao-preto-sp-e-regiao-ismael-colosi\/"},"img":{"alt_text":"","src":"https:\/\/i0.wp.com\/noticiasribeiraopreto.com.br\/wp-content\/uploads\/2025\/10\/mauriciodesousaofilmeplanocritico_2025-10-23_13-13-39.webp.webp?fit=1170%2C780&ssl=1&resize=350%2C200","width":350,"height":200,"srcset":"https:\/\/i0.wp.com\/noticiasribeiraopreto.com.br\/wp-content\/uploads\/2025\/10\/mauriciodesousaofilmeplanocritico_2025-10-23_13-13-39.webp.webp?fit=1170%2C780&ssl=1&resize=350%2C200 1x, https:\/\/i0.wp.com\/noticiasribeiraopreto.com.br\/wp-content\/uploads\/2025\/10\/mauriciodesousaofilmeplanocritico_2025-10-23_13-13-39.webp.webp?fit=1170%2C780&ssl=1&resize=525%2C300 1.5x, https:\/\/i0.wp.com\/noticiasribeiraopreto.com.br\/wp-content\/uploads\/2025\/10\/mauriciodesousaofilmeplanocritico_2025-10-23_13-13-39.webp.webp?fit=1170%2C780&ssl=1&resize=700%2C400 2x, https:\/\/i0.wp.com\/noticiasribeiraopreto.com.br\/wp-content\/uploads\/2025\/10\/mauriciodesousaofilmeplanocritico_2025-10-23_13-13-39.webp.webp?fit=1170%2C780&ssl=1&resize=1050%2C600 3x"},"classes":[]},{"id":51092,"url":"https:\/\/noticiasribeiraopreto.com.br\/index.php\/2024\/05\/23\/feira-do-livro-na-regiao-de-ribeirao-tem-oficinas-e-shows-veja-a-programacao\/","url_meta":{"origin":79062,"position":1},"title":"Feira do Livro na regi\u00e3o de Ribeir\u00e3o tem oficinas e shows; Veja a programa\u00e7\u00e3o","author":"noticiasribeiraopreto.com.br","date":"23 de May de 2024","format":false,"excerpt":"A 5\u00aa Feira do Livro de Ipu\u00e3 (Fecodi), cidade a aproximadamente 100 quil\u00f4metros de Ribeir\u00e3o Preto, inicia nesta quinta-feira (23) e segue at\u00e9 s\u00e1bado (25). A edi\u00e7\u00e3o homenageia o cartunista Mauricio de Sousa. Confira a programa\u00e7\u00e3o completa abaixo. O evento ter\u00e1 atividades di\u00e1rias no Parque de Exposi\u00e7\u00f5es Oswaldo Ribeiro de\u2026","rel":"","context":"In &quot;Not\u00edcias de Ribeir\u00e3o Preto-SP e Regi\u00e3o&quot;","block_context":{"text":"Not\u00edcias de Ribeir\u00e3o Preto-SP e Regi\u00e3o","link":"https:\/\/noticiasribeiraopreto.com.br\/index.php\/category\/noticias-de-ribeirao-preto-sp-e-regiao-ismael-colosi\/"},"img":{"alt_text":"","src":"https:\/\/i0.wp.com\/noticiasribeiraopreto.com.br\/wp-content\/uploads\/2024\/05\/Copia-de-Copia-de-TAMANHO-EXATO-PARA-FOTOS-NO-SISTEMA-NOVO_2024-05-23_11-35-28_jpg_2024-05-23_11-35-28.webp.webp?fit=1200%2C675&ssl=1&resize=350%2C200","width":350,"height":200,"srcset":"https:\/\/i0.wp.com\/noticiasribeiraopreto.com.br\/wp-content\/uploads\/2024\/05\/Copia-de-Copia-de-TAMANHO-EXATO-PARA-FOTOS-NO-SISTEMA-NOVO_2024-05-23_11-35-28_jpg_2024-05-23_11-35-28.webp.webp?fit=1200%2C675&ssl=1&resize=350%2C200 1x, https:\/\/i0.wp.com\/noticiasribeiraopreto.com.br\/wp-content\/uploads\/2024\/05\/Copia-de-Copia-de-TAMANHO-EXATO-PARA-FOTOS-NO-SISTEMA-NOVO_2024-05-23_11-35-28_jpg_2024-05-23_11-35-28.webp.webp?fit=1200%2C675&ssl=1&resize=525%2C300 1.5x, https:\/\/i0.wp.com\/noticiasribeiraopreto.com.br\/wp-content\/uploads\/2024\/05\/Copia-de-Copia-de-TAMANHO-EXATO-PARA-FOTOS-NO-SISTEMA-NOVO_2024-05-23_11-35-28_jpg_2024-05-23_11-35-28.webp.webp?fit=1200%2C675&ssl=1&resize=700%2C400 2x, https:\/\/i0.wp.com\/noticiasribeiraopreto.com.br\/wp-content\/uploads\/2024\/05\/Copia-de-Copia-de-TAMANHO-EXATO-PARA-FOTOS-NO-SISTEMA-NOVO_2024-05-23_11-35-28_jpg_2024-05-23_11-35-28.webp.webp?fit=1200%2C675&ssl=1&resize=1050%2C600 3x"},"classes":[]},{"id":63440,"url":"https:\/\/noticiasribeiraopreto.com.br\/index.php\/2025\/02\/13\/livro-sobre-bastidores-da-sevandija-e-lancado-em-sessao-de-autografos-em-ribeirao-preto\/","url_meta":{"origin":79062,"position":2},"title":"Livro sobre bastidores da Sevandija \u00e9 lan\u00e7ado em sess\u00e3o de aut\u00f3grafos em Ribeir\u00e3o Preto","author":"noticiasribeiraopreto.com.br","date":"13 de February de 2025","format":false,"excerpt":"O jornalista Cristiano Pavini lan\u00e7ou na noite da \u00faltima quarta-feira (12) o livro \u201cSevandija \u2013 A hist\u00f3ria da opera\u00e7\u00e3o contra corrup\u00e7\u00e3o que estremeceu uma das maiores cidades brasileiras\u201d, pela editora Terra da Gente. A obra revela os bastidores sobre a opera\u00e7\u00e3o deflagrada em 2016, que mudou a hist\u00f3ria de Ribeir\u00e3o\u2026","rel":"","context":"In &quot;Not\u00edcias de Ribeir\u00e3o Preto-SP e Regi\u00e3o&quot;","block_context":{"text":"Not\u00edcias de Ribeir\u00e3o Preto-SP e Regi\u00e3o","link":"https:\/\/noticiasribeiraopreto.com.br\/index.php\/category\/noticias-de-ribeirao-preto-sp-e-regiao-ismael-colosi\/"},"img":{"alt_text":"","src":"https:\/\/i0.wp.com\/noticiasribeiraopreto.com.br\/wp-content\/uploads\/2025\/02\/pavini-livro_2025-02-13_14-57-46_jpeg_2025-02-13_14-57-46.webp.webp?fit=1080%2C864&ssl=1&resize=350%2C200","width":350,"height":200,"srcset":"https:\/\/i0.wp.com\/noticiasribeiraopreto.com.br\/wp-content\/uploads\/2025\/02\/pavini-livro_2025-02-13_14-57-46_jpeg_2025-02-13_14-57-46.webp.webp?fit=1080%2C864&ssl=1&resize=350%2C200 1x, https:\/\/i0.wp.com\/noticiasribeiraopreto.com.br\/wp-content\/uploads\/2025\/02\/pavini-livro_2025-02-13_14-57-46_jpeg_2025-02-13_14-57-46.webp.webp?fit=1080%2C864&ssl=1&resize=525%2C300 1.5x, https:\/\/i0.wp.com\/noticiasribeiraopreto.com.br\/wp-content\/uploads\/2025\/02\/pavini-livro_2025-02-13_14-57-46_jpeg_2025-02-13_14-57-46.webp.webp?fit=1080%2C864&ssl=1&resize=700%2C400 2x, https:\/\/i0.wp.com\/noticiasribeiraopreto.com.br\/wp-content\/uploads\/2025\/02\/pavini-livro_2025-02-13_14-57-46_jpeg_2025-02-13_14-57-46.webp.webp?fit=1080%2C864&ssl=1&resize=1050%2C600 3x"},"classes":[]},{"id":52606,"url":"https:\/\/noticiasribeiraopreto.com.br\/index.php\/2024\/06\/10\/carro-oficial-e-roubado-em-rancho-e-abandonado-na-regiao-de-ribeirao-preto\/","url_meta":{"origin":79062,"position":3},"title":"Carro oficial \u00e9 roubado em rancho e abandonado na regi\u00e3o de Ribeir\u00e3o Preto","author":"noticiasribeiraopreto.com.br","date":"10 de June de 2024","format":false,"excerpt":"Um carro oficial da C\u00e2mara de Miguel\u00f3polis, cidade a aproximadamente 130 quil\u00f4metros de Ribeir\u00e3o Preto, foi roubado em um rancho na madrugada desta segunda-feira (10). Segundo o boletim de ocorr\u00eancia (BO) da PM (Pol\u00edcia Militar), no rancho, localizado na \u00e1rea rural de Miguel\u00f3polis, estaria ocorrendo uma confraterniza\u00e7\u00e3o com cinco pessoas,\u2026","rel":"","context":"In &quot;Not\u00edcias de Ribeir\u00e3o Preto-SP e Regi\u00e3o&quot;","block_context":{"text":"Not\u00edcias de Ribeir\u00e3o Preto-SP e Regi\u00e3o","link":"https:\/\/noticiasribeiraopreto.com.br\/index.php\/category\/noticias-de-ribeirao-preto-sp-e-regiao-ismael-colosi\/"},"img":{"alt_text":"","src":"https:\/\/i0.wp.com\/noticiasribeiraopreto.com.br\/wp-content\/uploads\/2024\/06\/WhatsApp-Image-2024-06-10-at-08.56.56_2024-06-10_17-28-16_jpeg_2024-06-10_17-28-17.webp.webp?fit=1200%2C675&ssl=1&resize=350%2C200","width":350,"height":200,"srcset":"https:\/\/i0.wp.com\/noticiasribeiraopreto.com.br\/wp-content\/uploads\/2024\/06\/WhatsApp-Image-2024-06-10-at-08.56.56_2024-06-10_17-28-16_jpeg_2024-06-10_17-28-17.webp.webp?fit=1200%2C675&ssl=1&resize=350%2C200 1x, https:\/\/i0.wp.com\/noticiasribeiraopreto.com.br\/wp-content\/uploads\/2024\/06\/WhatsApp-Image-2024-06-10-at-08.56.56_2024-06-10_17-28-16_jpeg_2024-06-10_17-28-17.webp.webp?fit=1200%2C675&ssl=1&resize=525%2C300 1.5x, https:\/\/i0.wp.com\/noticiasribeiraopreto.com.br\/wp-content\/uploads\/2024\/06\/WhatsApp-Image-2024-06-10-at-08.56.56_2024-06-10_17-28-16_jpeg_2024-06-10_17-28-17.webp.webp?fit=1200%2C675&ssl=1&resize=700%2C400 2x, https:\/\/i0.wp.com\/noticiasribeiraopreto.com.br\/wp-content\/uploads\/2024\/06\/WhatsApp-Image-2024-06-10-at-08.56.56_2024-06-10_17-28-16_jpeg_2024-06-10_17-28-17.webp.webp?fit=1200%2C675&ssl=1&resize=1050%2C600 3x"},"classes":[]},{"id":68238,"url":"https:\/\/noticiasribeiraopreto.com.br\/index.php\/2025\/04\/23\/crianca-socorrida-apos-carro-cair-em-ribanceira-e-transferida-para-ribeirao-preto\/","url_meta":{"origin":79062,"position":4},"title":"Crian\u00e7a socorrida ap\u00f3s carro cair em ribanceira \u00e9 transferida para Ribeir\u00e3o Preto","author":"noticiasribeiraopreto.com.br","date":"23 de April de 2025","format":false,"excerpt":"Uma crian\u00e7a de 7 anos v\u00edtima de um acidente na madrugada desta ter\u00e7a-feira (22), na rodovia Prefeito Jos\u00e9 Andr\u00e9 de Lima (SP-340), em Mococa, foi transferida para o Hospital das Cl\u00ednicas \u2013 Unidade de Emerg\u00eancia (HC-UE), em Ribeir\u00e3o Preto. Os pais morreram ap\u00f3s o carro da fam\u00edlia bater contra a\u2026","rel":"","context":"In &quot;Not\u00edcias de Ribeir\u00e3o Preto-SP e Regi\u00e3o&quot;","block_context":{"text":"Not\u00edcias de Ribeir\u00e3o Preto-SP e Regi\u00e3o","link":"https:\/\/noticiasribeiraopreto.com.br\/index.php\/category\/noticias-de-ribeirao-preto-sp-e-regiao-ismael-colosi\/"},"img":{"alt_text":"","src":"https:\/\/i0.wp.com\/noticiasribeiraopreto.com.br\/wp-content\/uploads\/2025\/04\/vitima_2025-04-23_15-20-03.webp.webp?fit=1200%2C841&ssl=1&resize=350%2C200","width":350,"height":200,"srcset":"https:\/\/i0.wp.com\/noticiasribeiraopreto.com.br\/wp-content\/uploads\/2025\/04\/vitima_2025-04-23_15-20-03.webp.webp?fit=1200%2C841&ssl=1&resize=350%2C200 1x, https:\/\/i0.wp.com\/noticiasribeiraopreto.com.br\/wp-content\/uploads\/2025\/04\/vitima_2025-04-23_15-20-03.webp.webp?fit=1200%2C841&ssl=1&resize=525%2C300 1.5x, https:\/\/i0.wp.com\/noticiasribeiraopreto.com.br\/wp-content\/uploads\/2025\/04\/vitima_2025-04-23_15-20-03.webp.webp?fit=1200%2C841&ssl=1&resize=700%2C400 2x, https:\/\/i0.wp.com\/noticiasribeiraopreto.com.br\/wp-content\/uploads\/2025\/04\/vitima_2025-04-23_15-20-03.webp.webp?fit=1200%2C841&ssl=1&resize=1050%2C600 3x"},"classes":[]},{"id":43853,"url":"https:\/\/noticiasribeiraopreto.com.br\/index.php\/2024\/03\/23\/voce-sabia-que-ribeirao-preto-ja-foi-cenario-de-filme-de-faroeste\/","url_meta":{"origin":79062,"position":5},"title":"Voc\u00ea sabia que Ribeir\u00e3o Preto j\u00e1 foi cen\u00e1rio de filme de faroeste?","author":"noticiasribeiraopreto.com.br","date":"23 de March de 2024","format":false,"excerpt":"Ribeir\u00e3o Preto j\u00e1 serviu de cen\u00e1rio para um filme de faroeste que contou com a participa\u00e7\u00e3o de integrantes de uma banda de rock que fez sucesso no Brasil entre os anos 1960 e 1970. \u201cConflito em San Diego\u201d, foi dirigido por Maur\u00edcio Miguel em 1972, mas lan\u00e7ado apenas em 1981.\u2026","rel":"","context":"In &quot;Not\u00edcias de Ribeir\u00e3o Preto-SP e Regi\u00e3o&quot;","block_context":{"text":"Not\u00edcias de Ribeir\u00e3o Preto-SP e Regi\u00e3o","link":"https:\/\/noticiasribeiraopreto.com.br\/index.php\/category\/noticias-de-ribeirao-preto-sp-e-regiao-ismael-colosi\/"},"img":{"alt_text":"","src":"https:\/\/i0.wp.com\/noticiasribeiraopreto.com.br\/wp-content\/uploads\/2024\/03\/AnyConv.com__conflito-em-san-diego.webp.webp?fit=786%2C473&ssl=1&resize=350%2C200","width":350,"height":200,"srcset":"https:\/\/i0.wp.com\/noticiasribeiraopreto.com.br\/wp-content\/uploads\/2024\/03\/AnyConv.com__conflito-em-san-diego.webp.webp?fit=786%2C473&ssl=1&resize=350%2C200 1x, https:\/\/i0.wp.com\/noticiasribeiraopreto.com.br\/wp-content\/uploads\/2024\/03\/AnyConv.com__conflito-em-san-diego.webp.webp?fit=786%2C473&ssl=1&resize=525%2C300 1.5x, https:\/\/i0.wp.com\/noticiasribeiraopreto.com.br\/wp-content\/uploads\/2024\/03\/AnyConv.com__conflito-em-san-diego.webp.webp?fit=786%2C473&ssl=1&resize=700%2C400 2x"},"classes":[]}],"jetpack_sharing_enabled":true,"jetpack_shortlink":"https:\/\/wp.me\/peQAOb-kzc","_links":{"self":[{"href":"https:\/\/noticiasribeiraopreto.com.br\/index.php\/wp-json\/wp\/v2\/posts\/79062","targetHints":{"allow":["GET"]}}],"collection":[{"href":"https:\/\/noticiasribeiraopreto.com.br\/index.php\/wp-json\/wp\/v2\/posts"}],"about":[{"href":"https:\/\/noticiasribeiraopreto.com.br\/index.php\/wp-json\/wp\/v2\/types\/post"}],"author":[{"embeddable":true,"href":"https:\/\/noticiasribeiraopreto.com.br\/index.php\/wp-json\/wp\/v2\/users\/1"}],"replies":[{"embeddable":true,"href":"https:\/\/noticiasribeiraopreto.com.br\/index.php\/wp-json\/wp\/v2\/comments?post=79062"}],"version-history":[{"count":0,"href":"https:\/\/noticiasribeiraopreto.com.br\/index.php\/wp-json\/wp\/v2\/posts\/79062\/revisions"}],"wp:featuredmedia":[{"embeddable":true,"href":"https:\/\/noticiasribeiraopreto.com.br\/index.php\/wp-json\/wp\/v2\/media\/79063"}],"wp:attachment":[{"href":"https:\/\/noticiasribeiraopreto.com.br\/index.php\/wp-json\/wp\/v2\/media?parent=79062"}],"wp:term":[{"taxonomy":"category","embeddable":true,"href":"https:\/\/noticiasribeiraopreto.com.br\/index.php\/wp-json\/wp\/v2\/categories?post=79062"},{"taxonomy":"post_tag","embeddable":true,"href":"https:\/\/noticiasribeiraopreto.com.br\/index.php\/wp-json\/wp\/v2\/tags?post=79062"}],"curies":[{"name":"wp","href":"https:\/\/api.w.org\/{rel}","templated":true}]}}