{"id":79064,"date":"2025-10-23T16:20:29","date_gmt":"2025-10-23T19:20:29","guid":{"rendered":"https:\/\/noticiasribeiraopreto.com.br\/index.php\/2025\/10\/23\/vai-fazer-o-enem-2025-saiba-como-consultar-seu-local-de-prova\/"},"modified":"2025-10-23T16:20:29","modified_gmt":"2025-10-23T19:20:29","slug":"vai-fazer-o-enem-2025-saiba-como-consultar-seu-local-de-prova","status":"publish","type":"post","link":"https:\/\/noticiasribeiraopreto.com.br\/index.php\/2025\/10\/23\/vai-fazer-o-enem-2025-saiba-como-consultar-seu-local-de-prova\/","title":{"rendered":"Vai fazer o Enem 2025? Saiba como consultar seu local de prova"},"content":{"rendered":"<div class='code-block code-block-1' style='margin: 8px 0 8px auto; text-align: right; display: block; clear: both;'>\n<p><a href=\"https:\/\/wa.link\/vpicfd\"><img data-recalc-dims=\"1\" class=\"wp-image-4922\" style=\"aspect-ratio: 2.0253164556962027; width: 561px; height: auto;\" src=\"https:\/\/i0.wp.com\/ismaelcolosi.com.br\/wp-content\/uploads\/2023\/11\/grupo-de-empregos-whatsapp-e-facebook-ismael-colosi-vagas.jpg?ssl=1\" alt=\"\" \/><\/a><\/p>\n<!-- \/wp:image -->\n<\/div>\n<p> <br \/>\n<\/p>\n<div data-td-block-uid=\"tdi_95\">\n<div class=\"tdb-block-inner td-fix-index\">\n<p>Os participantes inscritos no <strong>Exame Nacional do Ensino M\u00e9dio (Enem) 2025)<\/strong> j\u00e1 podem acessar o <strong>cart\u00e3o de confirma\u00e7\u00e3o de inscri\u00e7\u00e3o<\/strong>, dispon\u00edvel desde esta quinta-feira (23) na <strong><a href=\"https:\/\/enem.inep.gov.br\/participante\/#!\/\" data-type=\"link\" data-id=\"https:\/\/enem.inep.gov.br\/participante\/#!\/\" target=\"_blank\" rel=\"noopener\">p\u00e1gina do participante<\/a><\/strong>. O documento revela o <strong>local de prova<\/strong>, al\u00e9m de informa\u00e7\u00f5es como <strong>datas do exame, idioma escolhido (ingl\u00eas ou espanhol)<\/strong> e <strong>atendimentos especializados<\/strong> para candidatos que solicitaram recursos espec\u00edficos.<\/p>\n<p>Em <strong>Ribeir\u00e3o Preto<\/strong>, mais de <strong>17 mil estudantes<\/strong> se preparam para as provas, que acontecer\u00e3o nos dias <strong>9 e 16 de novembro<\/strong>.<\/p>\n<h2 class=\"wp-block-heading\"><strong>Como consultar?<\/strong><\/h2>\n<p>Para consultar o cart\u00e3o, o candidato deve entrar <strong>na p\u00e1gina do participante<\/strong>, utilizando o <strong>login do gov.br (CPF e senha)<\/strong>. O acesso \u00e9 essencial para confirmar o local e evitar imprevistos.<\/p>\n<div class=\"wp-block-image\">\n<figure class=\"aligncenter size-large is-resized\"><img data-recalc-dims=\"1\" fetchpriority=\"high\" decoding=\"async\" width=\"1024\" height=\"594\" src=\"https:\/\/i0.wp.com\/cdn.media-acidadeon.com.br\/ribeiraopreto\/wp-content\/uploads\/sites\/3\/2025\/10\/riwoer_2025-10-23_18-19-35-1024x594.webp?resize=1024%2C594&#038;ssl=1\" alt=\"Enem \" class=\"wp-image-133304\" style=\"width:1024px;height:auto\" title=\"Vai fazer o Enem 2025? Saiba como consultar seu local de prova 1\" srcset=\"https:\/\/cdn.media-acidadeon.com.br\/ribeiraopreto\/wp-content\/uploads\/sites\/3\/2025\/10\/riwoer_2025-10-23_18-19-35-1024x594.webp 1024w, https:\/\/cdn.media-acidadeon.com.br\/ribeiraopreto\/wp-content\/uploads\/sites\/3\/2025\/10\/riwoer_2025-10-23_18-19-35-300x174.webp 300w, https:\/\/cdn.media-acidadeon.com.br\/ribeiraopreto\/wp-content\/uploads\/sites\/3\/2025\/10\/riwoer_2025-10-23_18-19-35-768x446.webp 768w, https:\/\/cdn.media-acidadeon.com.br\/ribeiraopreto\/wp-content\/uploads\/sites\/3\/2025\/10\/riwoer_2025-10-23_18-19-35-696x404.webp 696w, https:\/\/cdn.media-acidadeon.com.br\/ribeiraopreto\/wp-content\/uploads\/sites\/3\/2025\/10\/riwoer_2025-10-23_18-19-35.webp 1044w\" sizes=\"(max-width: 1024px) 100vw, 1024px\"\/><figcaption class=\"wp-element-caption\">Reprodu\u00e7\u00e3o \/ Inep<\/figcaption><\/figure>\n<\/div>\n<p>Embora <strong>n\u00e3o seja obrigat\u00f3rio apresentar o cart\u00e3o<\/strong> no dia da prova, o <strong>Inep recomenda imprimir o documento<\/strong> e lev\u00e1-lo, garantindo mais seguran\u00e7a durante a aplica\u00e7\u00e3o.<\/p>\n<h3 class=\"wp-block-heading\"><strong>Dicas para o dia da prova<\/strong><\/h3>\n<p>Ap\u00f3s consultar o cart\u00e3o, os estudantes devem:<\/p>\n<ul class=\"wp-block-list\">\n<li><strong>Pesquisar o endere\u00e7o<\/strong> do local de prova com anteced\u00eancia<\/li>\n<li><strong>Verificar a dist\u00e2ncia e o tempo de deslocamento<\/strong> at\u00e9 o local<\/li>\n<li><strong>Simular o percurso em um domingo<\/strong>, para entender como estar\u00e1 o tr\u00e2nsito e o transporte p\u00fablico<\/li>\n<\/ul>\n<p><strong>Aten\u00e7\u00e3o:<\/strong> os <strong>port\u00f5es fecham \u00e0s 13h<\/strong>, mas o <strong>Inep orienta chegar at\u00e9 as 12h<\/strong> para evitar atrasos.<\/p>\n<h2 class=\"wp-block-heading\"><strong>Enem 2025<\/strong><\/h2>\n<p>O <strong>Enem 2025<\/strong> ser\u00e1 aplicado em <strong>dois domingos de novembro<\/strong>, com exce\u00e7\u00e3o de <strong>Bel\u00e9m, Ananindeua e Marituba (PA)<\/strong>, onde as provas ocorrer\u00e3o em <strong>30 de novembro e 7 de dezembro<\/strong>.<\/p>\n<h3 class=\"wp-block-heading\"><strong>1\u00ba dia de provas \u2013 9 de novembro<\/strong><\/h3>\n<ul class=\"wp-block-list\">\n<li>45 quest\u00f5es de <strong>Linguagens<\/strong> (40 de L\u00edngua Portuguesa e 5 de Ingl\u00eas ou Espanhol)<\/li>\n<li>45 quest\u00f5es de <strong>Ci\u00eancias Humanas<\/strong><\/li>\n<li><strong>Reda\u00e7\u00e3o<\/strong><\/li>\n<\/ul>\n<h3 class=\"wp-block-heading\"><strong>2\u00ba dia de provas \u2013 16 de novembro<\/strong><\/h3>\n<ul class=\"wp-block-list\">\n<li>45 quest\u00f5es de <strong>Matem\u00e1tica<\/strong><\/li>\n<li>45 quest\u00f5es de <strong>Ci\u00eancias da Natureza<\/strong><\/li>\n<\/ul>\n<h3 class=\"wp-block-heading\"><strong>O que levar no dia da prova?<\/strong><\/h3>\n<ul class=\"wp-block-list\">\n<li><strong>Documento oficial com foto<\/strong> (f\u00edsico ou digital)<br \/><sub><sup>O candidato deve mostrar o <strong>aplicativo oficial<\/strong>, pois <strong>capturas de tela n\u00e3o s\u00e3o aceitas<\/strong>. Ap\u00f3s entrar na sala, o uso do celular \u00e9 proibido.<\/sup><\/sub><\/li>\n<li><strong>Caneta esferogr\u00e1fica preta e transparente<\/strong> (leve duas unidades)<\/li>\n<li><strong>Cart\u00e3o de confirma\u00e7\u00e3o de inscri\u00e7\u00e3o<\/strong><\/li>\n<li><strong>Lanche leve<\/strong> (chocolates, castanhas, barras de cereal) e <strong>\u00e1gua em garrafa transparente sem r\u00f3tulo<\/strong>.<\/li>\n<\/ul>\n<hr class=\"wp-block-separator has-alpha-channel-opacity\"\/>\n<p>SAIBA MAIS<\/p>\n<p>Saiba o que a defesa de Bigodini alegou ao Conselho de \u00c9tica em processo de cassa\u00e7\u00e3o<\/p>\n<p><strong>FIQUE ON<\/strong><\/p>\n<p>Fique ligado em tudo que acontece em Ribeir\u00e3o Preto e regi\u00e3o. Siga os perfis do\u00a0<strong>acidade on<\/strong>\u00a0no\u00a0<a href=\"https:\/\/www.instagram.com\/acidadeonribeirao\" target=\"_blank\" rel=\"noreferrer noopener\">Instagram\u00a0<\/a>e no<a href=\"https:\/\/www.facebook.com\/acidadeonribeirao\/\" target=\"_blank\" rel=\"noreferrer noopener\">\u00a0Facebook<\/a>.<\/p>\n<p>Receba not\u00edcias do\u00a0<strong>acidade on<\/strong>\u00a0no WhatsApp. Para entrar no grupo,\u00a0basta\u00a0<a href=\"https:\/\/chat.whatsapp.com\/I4nieTEMKlf50pJ28aMemC?mode=ac_t\" target=\"_blank\" rel=\"noreferrer noopener\">clicar aqui<\/a>. Ou, acesse o nosso\u00a0Canal<a href=\"https:\/\/whatsapp.com\/channel\/0029Vb6IQl1JENyAeS57fk2p\" target=\"_blank\" rel=\"noreferrer noopener\">\u00a0clicando aqui<\/a>.<\/p>\n<p>Fa\u00e7a uma den\u00fancia ou sugira uma reportagem sobre Ribeir\u00e3o Preto e regi\u00e3o pelo WhatsApp: 16 99117 7802.<\/p>\n<p>VEJA TAMB\u00c9M<\/p>\n<p>Final de \u2018Stranger Things\u2019 ser\u00e1 exibido nos cinemas brasileiros?<\/p>\n<p><!-- AI CONTENT END 1 -->\n<\/div>\n<\/div>\n<p><script async src=\"\/\/www.instagram.com\/embed.js\"><\/script><br \/>\n<br \/><br \/>\n<br \/><a href=\"https:\/\/www.acidadeon.com\/ribeiraopreto\/cotidiano\/vai-fazer-o-enem-2025-saiba-como-consultar-seu-local-de-prova\/\">Source link <\/a><\/p>\n<!-- CONTENT END 1 -->\n","protected":false},"excerpt":{"rendered":"<p>Os participantes inscritos no Exame Nacional do Ensino M\u00e9dio (Enem) 2025) j\u00e1 podem acessar o cart\u00e3o de confirma\u00e7\u00e3o de inscri\u00e7\u00e3o, dispon\u00edvel desde esta quinta-feira (23)&#8230;<\/p>\n","protected":false},"author":1,"featured_media":79065,"comment_status":"open","ping_status":"open","sticky":false,"template":"","format":"standard","meta":{"advanced_seo_description":"","jetpack_seo_html_title":"","jetpack_seo_noindex":false,"jetpack_post_was_ever_published":false,"_jetpack_newsletter_access":"","_jetpack_dont_email_post_to_subs":false,"_jetpack_newsletter_tier_id":0,"_jetpack_memberships_contains_paywalled_content":false,"_jetpack_memberships_contains_paid_content":false,"footnotes":"","jetpack_publicize_message":"","jetpack_publicize_feature_enabled":true,"jetpack_social_post_already_shared":true,"jetpack_social_options":{"image_generator_settings":{"template":"highway","default_image_id":0,"font":"","enabled":false},"version":2}},"categories":[11],"tags":[],"class_list":["post-79064","post","type-post","status-publish","format-standard","has-post-thumbnail","hentry","category-noticias-de-ribeirao-preto-sp-e-regiao-ismael-colosi"],"jetpack_publicize_connections":[],"jetpack_featured_media_url":"https:\/\/i0.wp.com\/noticiasribeiraopreto.com.br\/wp-content\/uploads\/2025\/10\/enem.jpeg?fit=768%2C420&ssl=1","jetpack-related-posts":[{"id":59360,"url":"https:\/\/noticiasribeiraopreto.com.br\/index.php\/2024\/10\/22\/vai-fazer-o-enem-veja-como-consultar-o-local-de-prova\/","url_meta":{"origin":79064,"position":0},"title":"Vai fazer o Enem? Veja como consultar o local de prova","author":"noticiasribeiraopreto.com.br","date":"22 de October de 2024","format":false,"excerpt":"O Inep (Instituto Nacional de Estudos e Pesquisas Educacionais An\u00edsio Teixeira) disponibilizou nesta ter\u00e7a-feira (22) o Cart\u00e3o de Confirma\u00e7\u00e3o de Inscri\u00e7\u00e3o do Enem (Exame Nacional do Ensino M\u00e9dio) 2024. Nele, o estudante pode consultar informa\u00e7\u00f5es como o local de prova, n\u00famero de inscri\u00e7\u00e3o e hora das provas. No cart\u00e3o de\u2026","rel":"","context":"In &quot;Not\u00edcias de Ribeir\u00e3o Preto-SP e Regi\u00e3o&quot;","block_context":{"text":"Not\u00edcias de Ribeir\u00e3o Preto-SP e Regi\u00e3o","link":"https:\/\/noticiasribeiraopreto.com.br\/index.php\/category\/noticias-de-ribeirao-preto-sp-e-regiao-ismael-colosi\/"},"img":{"alt_text":"","src":"https:\/\/i0.wp.com\/noticiasribeiraopreto.com.br\/wp-content\/uploads\/2024\/10\/enem_2024-10-22_15-08-29_jpg_2024-10-22_15-08-30.webp.webp?fit=1166%2C696&ssl=1&resize=350%2C200","width":350,"height":200,"srcset":"https:\/\/i0.wp.com\/noticiasribeiraopreto.com.br\/wp-content\/uploads\/2024\/10\/enem_2024-10-22_15-08-29_jpg_2024-10-22_15-08-30.webp.webp?fit=1166%2C696&ssl=1&resize=350%2C200 1x, https:\/\/i0.wp.com\/noticiasribeiraopreto.com.br\/wp-content\/uploads\/2024\/10\/enem_2024-10-22_15-08-29_jpg_2024-10-22_15-08-30.webp.webp?fit=1166%2C696&ssl=1&resize=525%2C300 1.5x, https:\/\/i0.wp.com\/noticiasribeiraopreto.com.br\/wp-content\/uploads\/2024\/10\/enem_2024-10-22_15-08-29_jpg_2024-10-22_15-08-30.webp.webp?fit=1166%2C696&ssl=1&resize=700%2C400 2x, https:\/\/i0.wp.com\/noticiasribeiraopreto.com.br\/wp-content\/uploads\/2024\/10\/enem_2024-10-22_15-08-29_jpg_2024-10-22_15-08-30.webp.webp?fit=1166%2C696&ssl=1&resize=1050%2C600 3x"},"classes":[]},{"id":59919,"url":"https:\/\/noticiasribeiraopreto.com.br\/index.php\/2024\/11\/01\/confira-tudo-o-que-voce-precisa-saber-para-realizar-o-enem\/","url_meta":{"origin":79064,"position":1},"title":"Confira tudo o que voc\u00ea precisa saber para realizar o Enem","author":"noticiasribeiraopreto.com.br","date":"1 de November de 2024","format":false,"excerpt":"O Exame Nacional do Ensino M\u00e9dio (Enem) acontece nos dois pr\u00f3ximos domingos (3 e 10 de novembro) e mais de 15,5 mil pessoas v\u00e3o fazer a prova em Ribeir\u00e3o Preto, de acordo o Minist\u00e9rio da Educa\u00e7\u00e3o (Mec). As provas avaliam o desempenho escolar dos estudantes ao t\u00e9rmino da educa\u00e7\u00e3o b\u00e1sica\u2026","rel":"","context":"In &quot;Not\u00edcias de Ribeir\u00e3o Preto-SP e Regi\u00e3o&quot;","block_context":{"text":"Not\u00edcias de Ribeir\u00e3o Preto-SP e Regi\u00e3o","link":"https:\/\/noticiasribeiraopreto.com.br\/index.php\/category\/noticias-de-ribeirao-preto-sp-e-regiao-ismael-colosi\/"},"img":{"alt_text":"","src":"https:\/\/i0.wp.com\/noticiasribeiraopreto.com.br\/wp-content\/uploads\/2024\/11\/redacao-enem.jpg?fit=1170%2C700&ssl=1&resize=350%2C200","width":350,"height":200,"srcset":"https:\/\/i0.wp.com\/noticiasribeiraopreto.com.br\/wp-content\/uploads\/2024\/11\/redacao-enem.jpg?fit=1170%2C700&ssl=1&resize=350%2C200 1x, https:\/\/i0.wp.com\/noticiasribeiraopreto.com.br\/wp-content\/uploads\/2024\/11\/redacao-enem.jpg?fit=1170%2C700&ssl=1&resize=525%2C300 1.5x, https:\/\/i0.wp.com\/noticiasribeiraopreto.com.br\/wp-content\/uploads\/2024\/11\/redacao-enem.jpg?fit=1170%2C700&ssl=1&resize=700%2C400 2x, https:\/\/i0.wp.com\/noticiasribeiraopreto.com.br\/wp-content\/uploads\/2024\/11\/redacao-enem.jpg?fit=1170%2C700&ssl=1&resize=1050%2C600 3x"},"classes":[]},{"id":55909,"url":"https:\/\/noticiasribeiraopreto.com.br\/index.php\/2024\/08\/07\/veja-quantas-pessoas-farao-o-enem-dos-concursos-em-ribeirao-preto\/","url_meta":{"origin":79064,"position":2},"title":"Veja quantas pessoas far\u00e3o o &#8216;Enem dos concursos&#8217; em Ribeir\u00e3o Preto","author":"noticiasribeiraopreto.com.br","date":"7 de August de 2024","format":false,"excerpt":"O Minist\u00e9rio da Gest\u00e3o e Inova\u00e7\u00e3o em Servi\u00e7os P\u00fablicos (MIG) divulgou, nesta quarta-feira (7), o cart\u00e3o de confirma\u00e7\u00e3o de inscri\u00e7\u00e3o do \u201cEnem dos concursos\u201d. Em Ribeir\u00e3o Preto, mais de 14,2 mil pessoas v\u00e3o participar do Concurso P\u00fablico Nacional Unificado (CNU). A prova ser\u00e1 no dia 18 de agosto e a\u2026","rel":"","context":"In &quot;Not\u00edcias de Ribeir\u00e3o Preto-SP e Regi\u00e3o&quot;","block_context":{"text":"Not\u00edcias de Ribeir\u00e3o Preto-SP e Regi\u00e3o","link":"https:\/\/noticiasribeiraopreto.com.br\/index.php\/category\/noticias-de-ribeirao-preto-sp-e-regiao-ismael-colosi\/"},"img":{"alt_text":"","src":"https:\/\/i0.wp.com\/noticiasribeiraopreto.com.br\/wp-content\/uploads\/2024\/08\/eu-amo-ribeirao-preto.jpeg?fit=1200%2C800&ssl=1&resize=350%2C200","width":350,"height":200,"srcset":"https:\/\/i0.wp.com\/noticiasribeiraopreto.com.br\/wp-content\/uploads\/2024\/08\/eu-amo-ribeirao-preto.jpeg?fit=1200%2C800&ssl=1&resize=350%2C200 1x, https:\/\/i0.wp.com\/noticiasribeiraopreto.com.br\/wp-content\/uploads\/2024\/08\/eu-amo-ribeirao-preto.jpeg?fit=1200%2C800&ssl=1&resize=525%2C300 1.5x, https:\/\/i0.wp.com\/noticiasribeiraopreto.com.br\/wp-content\/uploads\/2024\/08\/eu-amo-ribeirao-preto.jpeg?fit=1200%2C800&ssl=1&resize=700%2C400 2x, https:\/\/i0.wp.com\/noticiasribeiraopreto.com.br\/wp-content\/uploads\/2024\/08\/eu-amo-ribeirao-preto.jpeg?fit=1200%2C800&ssl=1&resize=1050%2C600 3x"},"classes":[]},{"id":2191,"url":"https:\/\/noticiasribeiraopreto.com.br\/index.php\/2023\/11\/14\/gabarito-do-enem-ja-esta-disponivel-para-consulta-veja-como-acessar\/","url_meta":{"origin":79064,"position":3},"title":"Gabarito do Enem j\u00e1 est\u00e1 dispon\u00edvel para consulta; Veja como acessar","author":"noticiasribeiraopreto.com.br","date":"14 de November de 2023","format":false,"excerpt":"Os candidatos que fizeram as provas do Exame Nacional do Ensino M\u00e9dio (Enem) neste ano j\u00e1 podem consultar o\u00a0gabarito oficial\u00a0e os cadernos de quest\u00f5es. As informa\u00e7\u00f5es est\u00e3o dispon\u00edveis no\u00a0portal\u00a0do Instituto Nacional de Estudos e Pesquisas Educacionais An\u00edsio Teixeira (Inep) e podem ser acessadas clicando aqui. J\u00e1 o resultado final do\u2026","rel":"","context":"In &quot;Not\u00edcias de Ribeir\u00e3o Preto-SP e Regi\u00e3o&quot;","block_context":{"text":"Not\u00edcias de Ribeir\u00e3o Preto-SP e Regi\u00e3o","link":"https:\/\/noticiasribeiraopreto.com.br\/index.php\/category\/noticias-de-ribeirao-preto-sp-e-regiao-ismael-colosi\/"},"img":{"alt_text":"","src":"https:\/\/i0.wp.com\/noticiasribeiraopreto.com.br\/wp-content\/uploads\/2023\/11\/Enem-scaled.jpg?fit=1000%2C598&ssl=1&resize=350%2C200","width":350,"height":200,"srcset":"https:\/\/i0.wp.com\/noticiasribeiraopreto.com.br\/wp-content\/uploads\/2023\/11\/Enem-scaled.jpg?fit=1000%2C598&ssl=1&resize=350%2C200 1x, https:\/\/i0.wp.com\/noticiasribeiraopreto.com.br\/wp-content\/uploads\/2023\/11\/Enem-scaled.jpg?fit=1000%2C598&ssl=1&resize=525%2C300 1.5x, https:\/\/i0.wp.com\/noticiasribeiraopreto.com.br\/wp-content\/uploads\/2023\/11\/Enem-scaled.jpg?fit=1000%2C598&ssl=1&resize=700%2C400 2x"},"classes":[]},{"id":79853,"url":"https:\/\/noticiasribeiraopreto.com.br\/index.php\/2025\/11\/09\/tudo-sobre-o-1o-dia-do-enem-em-ribeirao-preto-mais-de-15-mil-candidatos-participam-da-prova\/","url_meta":{"origin":79064,"position":4},"title":"Tudo sobre o 1\u00ba dia do Enem em Ribeir\u00e3o Preto; mais de 15 mil candidatos participam da prova","author":"noticiasribeiraopreto.com.br","date":"9 de November de 2025","format":false,"excerpt":"Mais de 4,8 milh\u00f5es de candidatos em todo o Brasil participam, neste domingo (9), do primeiro dia de provas do Exame Nacional do Ensino M\u00e9dio (Enem) 2025. Em Ribeir\u00e3o Preto, s\u00e3o 15.157 inscritos confirmados. De acordo com o Instituto Nacional de Estudos e Pesquisas Educacionais (Inep), a aplica\u00e7\u00e3o do exame\u2026","rel":"","context":"In &quot;Not\u00edcias de Ribeir\u00e3o Preto-SP e Regi\u00e3o&quot;","block_context":{"text":"Not\u00edcias de Ribeir\u00e3o Preto-SP e Regi\u00e3o","link":"https:\/\/noticiasribeiraopreto.com.br\/index.php\/category\/noticias-de-ribeirao-preto-sp-e-regiao-ismael-colosi\/"},"img":{"alt_text":"","src":"https:\/\/i0.wp.com\/noticiasribeiraopreto.com.br\/wp-content\/uploads\/2025\/11\/redacao-enem.jpg?fit=1170%2C700&ssl=1&resize=350%2C200","width":350,"height":200,"srcset":"https:\/\/i0.wp.com\/noticiasribeiraopreto.com.br\/wp-content\/uploads\/2025\/11\/redacao-enem.jpg?fit=1170%2C700&ssl=1&resize=350%2C200 1x, https:\/\/i0.wp.com\/noticiasribeiraopreto.com.br\/wp-content\/uploads\/2025\/11\/redacao-enem.jpg?fit=1170%2C700&ssl=1&resize=525%2C300 1.5x, https:\/\/i0.wp.com\/noticiasribeiraopreto.com.br\/wp-content\/uploads\/2025\/11\/redacao-enem.jpg?fit=1170%2C700&ssl=1&resize=700%2C400 2x, https:\/\/i0.wp.com\/noticiasribeiraopreto.com.br\/wp-content\/uploads\/2025\/11\/redacao-enem.jpg?fit=1170%2C700&ssl=1&resize=1050%2C600 3x"},"classes":[]},{"id":47224,"url":"https:\/\/noticiasribeiraopreto.com.br\/index.php\/2024\/04\/25\/enem-dos-concursos-saiba-como-consultar-local-e-horario-de-prova\/","url_meta":{"origin":79064,"position":5},"title":"\u2018Enem dos concursos\u2019: saiba como consultar local e hor\u00e1rio de prova","author":"noticiasribeiraopreto.com.br","date":"25 de April de 2024","format":false,"excerpt":"Da reda\u00e7\u00e3oi Da reda\u00e7\u00e3o 24\/04\/2024 - 10:33 No pr\u00f3ximo dia 5 de maio, os candidatos inscritos no Concurso P\u00fablico Nacional Unificado (CPNU), o chamado \u201cEnem dos Concursos\u201c, disputar\u00e3o 6.640 vagas. A partir desta quinta-feira, 25, \u00e0queles que ir\u00e3o realizar a prova poder\u00e3o conferir o Cart\u00e3o de Confirma\u00e7\u00e3o de Inscri\u00e7\u00e3o do\u2026","rel":"","context":"In &quot;Empregos - Classificados&quot;","block_context":{"text":"Empregos - Classificados","link":"https:\/\/noticiasribeiraopreto.com.br\/index.php\/category\/empregos-classificados-vagas-trabalho\/"},"img":{"alt_text":"","src":"https:\/\/i0.wp.com\/noticiasribeiraopreto.com.br\/wp-content\/uploads\/2024\/04\/615-1.jpg?fit=1000%2C667&ssl=1&resize=350%2C200","width":350,"height":200,"srcset":"https:\/\/i0.wp.com\/noticiasribeiraopreto.com.br\/wp-content\/uploads\/2024\/04\/615-1.jpg?fit=1000%2C667&ssl=1&resize=350%2C200 1x, https:\/\/i0.wp.com\/noticiasribeiraopreto.com.br\/wp-content\/uploads\/2024\/04\/615-1.jpg?fit=1000%2C667&ssl=1&resize=525%2C300 1.5x, https:\/\/i0.wp.com\/noticiasribeiraopreto.com.br\/wp-content\/uploads\/2024\/04\/615-1.jpg?fit=1000%2C667&ssl=1&resize=700%2C400 2x"},"classes":[]}],"jetpack_sharing_enabled":true,"jetpack_shortlink":"https:\/\/wp.me\/peQAOb-kze","_links":{"self":[{"href":"https:\/\/noticiasribeiraopreto.com.br\/index.php\/wp-json\/wp\/v2\/posts\/79064","targetHints":{"allow":["GET"]}}],"collection":[{"href":"https:\/\/noticiasribeiraopreto.com.br\/index.php\/wp-json\/wp\/v2\/posts"}],"about":[{"href":"https:\/\/noticiasribeiraopreto.com.br\/index.php\/wp-json\/wp\/v2\/types\/post"}],"author":[{"embeddable":true,"href":"https:\/\/noticiasribeiraopreto.com.br\/index.php\/wp-json\/wp\/v2\/users\/1"}],"replies":[{"embeddable":true,"href":"https:\/\/noticiasribeiraopreto.com.br\/index.php\/wp-json\/wp\/v2\/comments?post=79064"}],"version-history":[{"count":0,"href":"https:\/\/noticiasribeiraopreto.com.br\/index.php\/wp-json\/wp\/v2\/posts\/79064\/revisions"}],"wp:featuredmedia":[{"embeddable":true,"href":"https:\/\/noticiasribeiraopreto.com.br\/index.php\/wp-json\/wp\/v2\/media\/79065"}],"wp:attachment":[{"href":"https:\/\/noticiasribeiraopreto.com.br\/index.php\/wp-json\/wp\/v2\/media?parent=79064"}],"wp:term":[{"taxonomy":"category","embeddable":true,"href":"https:\/\/noticiasribeiraopreto.com.br\/index.php\/wp-json\/wp\/v2\/categories?post=79064"},{"taxonomy":"post_tag","embeddable":true,"href":"https:\/\/noticiasribeiraopreto.com.br\/index.php\/wp-json\/wp\/v2\/tags?post=79064"}],"curies":[{"name":"wp","href":"https:\/\/api.w.org\/{rel}","templated":true}]}}