{"id":79067,"date":"2025-10-23T16:37:57","date_gmt":"2025-10-23T19:37:57","guid":{"rendered":"https:\/\/noticiasribeiraopreto.com.br\/index.php\/2025\/10\/23\/apos-frente-fria-e-minima-de-12oc-ribeirao-preto-entra-em-alerta-para-baixa-umidade\/"},"modified":"2025-10-23T16:37:57","modified_gmt":"2025-10-23T19:37:57","slug":"apos-frente-fria-e-minima-de-12oc-ribeirao-preto-entra-em-alerta-para-baixa-umidade","status":"publish","type":"post","link":"https:\/\/noticiasribeiraopreto.com.br\/index.php\/2025\/10\/23\/apos-frente-fria-e-minima-de-12oc-ribeirao-preto-entra-em-alerta-para-baixa-umidade\/","title":{"rendered":"Ap\u00f3s frente fria e m\u00ednima de 12\u00bac, Ribeir\u00e3o Preto entra em alerta para baixa umidade"},"content":{"rendered":"<div class='code-block code-block-1' style='margin: 8px 0 8px auto; text-align: right; display: block; clear: both;'>\n<p><a href=\"https:\/\/wa.link\/vpicfd\"><img data-recalc-dims=\"1\" class=\"wp-image-4922\" style=\"aspect-ratio: 2.0253164556962027; width: 561px; height: auto;\" src=\"https:\/\/i0.wp.com\/ismaelcolosi.com.br\/wp-content\/uploads\/2023\/11\/grupo-de-empregos-whatsapp-e-facebook-ismael-colosi-vagas.jpg?ssl=1\" alt=\"\" \/><\/a><\/p>\n<!-- \/wp:image -->\n<\/div>\n<p> <br \/>\n<\/p>\n<div data-td-block-uid=\"tdi_95\">\n<div class=\"tdb-block-inner td-fix-index\">\n<p>O <strong><a href=\"https:\/\/alertas2.inmet.gov.br\/52047\" data-type=\"link\" data-id=\"https:\/\/alertas2.inmet.gov.br\/52047\" target=\"_blank\" rel=\"noopener\">Instituto Nacional de Meteorologia (Inmet)<\/a><\/strong> emitiu um <strong>alerta de<mark style=\"background-color:rgba(0, 0, 0, 0)\" class=\"has-inline-color has-luminous-vivid-amber-color\"> \u201cperigo potencial\u201d<\/mark><\/strong> para diversas regi\u00f5es do estado de S\u00e3o Paulo, incluindo <strong>Ribeir\u00e3o Preto<\/strong>, devido \u00e0 <strong>baixa umidade do ar<\/strong>.<\/p>\n<p>O <strong>alerta amarelo<\/strong>, que representa o <strong>n\u00edvel mais baixo na escala de severidade<\/strong> do Inmet, <strong>permanece v\u00e1lido at\u00e9 as 10h desta sexta-feira (24)<\/strong>. O \u00f3rg\u00e3o poder\u00e1 <strong>renovar o aviso<\/strong> caso as condi\u00e7\u00f5es de tempo seco continuem.<\/p>\n<p>O ar frio e seco aumenta o desconforto t\u00e9rmico e favorece <strong>queda na umidade relativa do ar<\/strong>, que pode variar entre <strong>30% e 20%<\/strong> \u2014 valores abaixo do ideal para a sa\u00fade.<\/p>\n<div class=\"wp-block-image\">\n<figure class=\"aligncenter size-full\"><img data-recalc-dims=\"1\" fetchpriority=\"high\" decoding=\"async\" width=\"775\" height=\"613\" src=\"https:\/\/i0.wp.com\/cdn.media-acidadeon.com.br\/ribeiraopreto\/wp-content\/uploads\/sites\/3\/2025\/10\/ieqw_2025-10-23_17-49-19.webp?resize=775%2C613&#038;ssl=1\" alt=\"ieqw 2025 10 23 17 49 19\" class=\"wp-image-133299\" title=\"Ap\u00f3s frente fria e m\u00ednima de 12\u00bac, Ribeir\u00e3o Preto entra em alerta para baixa umidade 1\" srcset=\"https:\/\/cdn.media-acidadeon.com.br\/ribeiraopreto\/wp-content\/uploads\/sites\/3\/2025\/10\/ieqw_2025-10-23_17-49-19.webp 775w, https:\/\/cdn.media-acidadeon.com.br\/ribeiraopreto\/wp-content\/uploads\/sites\/3\/2025\/10\/ieqw_2025-10-23_17-49-19-300x237.webp 300w, https:\/\/cdn.media-acidadeon.com.br\/ribeiraopreto\/wp-content\/uploads\/sites\/3\/2025\/10\/ieqw_2025-10-23_17-49-19-768x607.webp 768w, https:\/\/cdn.media-acidadeon.com.br\/ribeiraopreto\/wp-content\/uploads\/sites\/3\/2025\/10\/ieqw_2025-10-23_17-49-19-696x551.webp 696w\" sizes=\"(max-width: 775px) 100vw, 775px\"\/><figcaption class=\"wp-element-caption\">Reprodu\u00e7\u00e3o \/ Inmet<\/figcaption><\/figure>\n<\/div>\n<h3 class=\"wp-block-heading\"><strong>O que diz o alerta do Inmet?<\/strong><\/h3>\n<ul class=\"wp-block-list\">\n<li>Umidade relativa do ar entre 30% e 20%<\/li>\n<li>Baixo risco de inc\u00eandios florestais e \u00e0 sa\u00fade<\/li>\n<\/ul>\n<h3 class=\"wp-block-heading\"><strong>Orienta\u00e7\u00f5es do Inmet<\/strong><\/h3>\n<ul class=\"wp-block-list\">\n<li>Beba bastante l\u00edquido ao longo do dia<\/li>\n<li>Evite atividades f\u00edsicas intensas nas horas mais secas<\/li>\n<li>Redobre os cuidados com a hidrata\u00e7\u00e3o da pele e dos olhos<\/li>\n<li>Evite exposi\u00e7\u00e3o direta ao sol entre 10h e 16h<\/li>\n<\/ul>\n<hr class=\"wp-block-separator has-alpha-channel-opacity\"\/>\n<p>SAIBA MAIS<\/p>\n<p>Saiba o que a defesa de Bigodini alegou ao Conselho de \u00c9tica em processo de cassa\u00e7\u00e3o<\/p>\n<p><strong>FIQUE ON<\/strong><\/p>\n<p>Fique ligado em tudo que acontece em Ribeir\u00e3o Preto e regi\u00e3o. Siga os perfis do\u00a0<strong>acidade on<\/strong>\u00a0no\u00a0<a href=\"https:\/\/www.instagram.com\/acidadeonribeirao\" target=\"_blank\" rel=\"noreferrer noopener\">Instagram\u00a0<\/a>e no<a href=\"https:\/\/www.facebook.com\/acidadeonribeirao\/\" target=\"_blank\" rel=\"noreferrer noopener\">\u00a0Facebook<\/a>.<\/p>\n<p>Receba not\u00edcias do\u00a0<strong>acidade on<\/strong>\u00a0no WhatsApp. Para entrar no grupo,\u00a0basta\u00a0<a href=\"https:\/\/chat.whatsapp.com\/I4nieTEMKlf50pJ28aMemC?mode=ac_t\" target=\"_blank\" rel=\"noreferrer noopener\">clicar aqui<\/a>. Ou, acesse o nosso\u00a0Canal<a href=\"https:\/\/whatsapp.com\/channel\/0029Vb6IQl1JENyAeS57fk2p\" target=\"_blank\" rel=\"noreferrer noopener\">\u00a0clicando aqui<\/a>.<\/p>\n<p>Fa\u00e7a uma den\u00fancia ou sugira uma reportagem sobre Ribeir\u00e3o Preto e regi\u00e3o pelo WhatsApp: 16 99117 7802.<\/p>\n<p>VEJA TAMB\u00c9M<\/p>\n<p>Final de \u2018Stranger Things\u2019 ser\u00e1 exibido nos cinemas brasileiros?<\/p>\n<p><!-- AI CONTENT END 1 -->\n<\/div>\n<\/div>\n<p><script async src=\"\/\/www.instagram.com\/embed.js\"><\/script><br \/>\n<br \/><br \/>\n<br \/><a href=\"https:\/\/www.acidadeon.com\/ribeiraopreto\/cotidiano\/apos-frente-fria-e-minima-de-12o-ribeirao-preto-entra-em-alerta-para-baixa-umidade\/\">Source link <\/a><\/p>\n<!-- CONTENT END 1 -->\n","protected":false},"excerpt":{"rendered":"<p>O Instituto Nacional de Meteorologia (Inmet) emitiu um alerta de \u201cperigo potencial\u201d para diversas regi\u00f5es do estado de S\u00e3o Paulo, incluindo Ribeir\u00e3o Preto, devido \u00e0&#8230;<\/p>\n","protected":false},"author":1,"featured_media":79068,"comment_status":"open","ping_status":"open","sticky":false,"template":"","format":"standard","meta":{"advanced_seo_description":"","jetpack_seo_html_title":"","jetpack_seo_noindex":false,"jetpack_post_was_ever_published":false,"_jetpack_newsletter_access":"","_jetpack_dont_email_post_to_subs":false,"_jetpack_newsletter_tier_id":0,"_jetpack_memberships_contains_paywalled_content":false,"_jetpack_memberships_contains_paid_content":false,"footnotes":"","jetpack_publicize_message":"","jetpack_publicize_feature_enabled":true,"jetpack_social_post_already_shared":true,"jetpack_social_options":{"image_generator_settings":{"template":"highway","default_image_id":0,"font":"","enabled":false},"version":2}},"categories":[11],"tags":[],"class_list":["post-79067","post","type-post","status-publish","format-standard","has-post-thumbnail","hentry","category-noticias-de-ribeirao-preto-sp-e-regiao-ismael-colosi"],"jetpack_publicize_connections":[],"jetpack_featured_media_url":"https:\/\/i0.wp.com\/noticiasribeiraopreto.com.br\/wp-content\/uploads\/2025\/10\/Copia-de-Copia-de-Copia-de-TAMANHO-EXATO-PARA-FOTOS-NO-SISTEMA-NOVO-2025-10-23T145322.008_2025-10-23_17-53-43.webp.webp?fit=1200%2C675&ssl=1","jetpack-related-posts":[{"id":85013,"url":"https:\/\/noticiasribeiraopreto.com.br\/index.php\/2026\/04\/20\/semana-comeca-com-alerta-do-inmet-para-risco-de-baixa-umidade-no-interior-de-sp\/","url_meta":{"origin":79067,"position":0},"title":"Semana come\u00e7a com alerta do Inmet para risco de baixa umidade no interior de SP","author":"noticiasribeiraopreto.com.br","date":"20 de April de 2026","format":false,"excerpt":"Ler o resumo da not\u00edcia O Inmet emitiu alerta para risco de baixa umidade no interior de SP nesta semana. Climatempo indica que ar seco predominar\u00e1 devido a um sistema de alta press\u00e3o em n\u00edveis m\u00e9dios. As cidades afetadas incluem Presidente Prudente, S\u00e3o Jos\u00e9 do Rio Preto, Campinas, Bauru, Piracicaba,\u2026","rel":"","context":"In &quot;Not\u00edcias de Ribeir\u00e3o Preto-SP e Regi\u00e3o&quot;","block_context":{"text":"Not\u00edcias de Ribeir\u00e3o Preto-SP e Regi\u00e3o","link":"https:\/\/noticiasribeiraopreto.com.br\/index.php\/category\/noticias-de-ribeirao-preto-sp-e-regiao-ismael-colosi\/"},"img":{"alt_text":"","src":"https:\/\/i0.wp.com\/noticiasribeiraopreto.com.br\/wp-content\/uploads\/2026\/04\/mapa-sp_2026-04-20_11-27-58.webp.webp?fit=1200%2C875&ssl=1&resize=350%2C200","width":350,"height":200,"srcset":"https:\/\/i0.wp.com\/noticiasribeiraopreto.com.br\/wp-content\/uploads\/2026\/04\/mapa-sp_2026-04-20_11-27-58.webp.webp?fit=1200%2C875&ssl=1&resize=350%2C200 1x, https:\/\/i0.wp.com\/noticiasribeiraopreto.com.br\/wp-content\/uploads\/2026\/04\/mapa-sp_2026-04-20_11-27-58.webp.webp?fit=1200%2C875&ssl=1&resize=525%2C300 1.5x, https:\/\/i0.wp.com\/noticiasribeiraopreto.com.br\/wp-content\/uploads\/2026\/04\/mapa-sp_2026-04-20_11-27-58.webp.webp?fit=1200%2C875&ssl=1&resize=700%2C400 2x, https:\/\/i0.wp.com\/noticiasribeiraopreto.com.br\/wp-content\/uploads\/2026\/04\/mapa-sp_2026-04-20_11-27-58.webp.webp?fit=1200%2C875&ssl=1&resize=1050%2C600 3x"},"classes":[]},{"id":57641,"url":"https:\/\/noticiasribeiraopreto.com.br\/index.php\/2024\/09\/06\/inmet-emite-alerta-laranja-de-baixa-umidade-para-16-estados\/","url_meta":{"origin":79067,"position":1},"title":"Inmet Emite Alerta Laranja de Baixa Umidade para 16 Estados","author":"noticiasribeiraopreto.com.br","date":"6 de September de 2024","format":false,"excerpt":"O Instituto Nacional de Meteorologia (Inmet) emitiu um alerta laranja de perigo devido \u00e0 baixa umidade relativa do ar para 16 estados e o Distrito Federal. Este alerta indica condi\u00e7\u00f5es clim\u00e1ticas que podem representar riscos significativos \u00e0 sa\u00fade e ao meio ambiente, com a umidade do ar variando entre 12%\u2026","rel":"","context":"In &quot;Not\u00edcias de Ribeir\u00e3o Preto-SP e Regi\u00e3o&quot;","block_context":{"text":"Not\u00edcias de Ribeir\u00e3o Preto-SP e Regi\u00e3o","link":"https:\/\/noticiasribeiraopreto.com.br\/index.php\/category\/noticias-de-ribeirao-preto-sp-e-regiao-ismael-colosi\/"},"img":{"alt_text":"","src":"","width":0,"height":0},"classes":[]},{"id":52494,"url":"https:\/\/noticiasribeiraopreto.com.br\/index.php\/2024\/06\/07\/interior-de-sp-esta-em-alerta-para-baixa-umidade-do-ar-veja-regioes-afetadas\/","url_meta":{"origin":79067,"position":2},"title":"Interior de SP est\u00e1 em alerta para baixa umidade do ar; Veja regi\u00f5es afetadas","author":"noticiasribeiraopreto.com.br","date":"7 de June de 2024","format":false,"excerpt":"Uma grande massa de ar seco predomina sobre o Brasil e influencia \u00e1reas de todas as regi\u00f5es do pa\u00eds, neste final de semana, de acordo com a Climatempo. Devido a esse cen\u00e1rio, o Instituto Nacional de Meteorologia (Inmet) emitiu um alerta de baixa umidade para o interior do estado de\u2026","rel":"","context":"In &quot;Not\u00edcias de Ribeir\u00e3o Preto-SP e Regi\u00e3o&quot;","block_context":{"text":"Not\u00edcias de Ribeir\u00e3o Preto-SP e Regi\u00e3o","link":"https:\/\/noticiasribeiraopreto.com.br\/index.php\/category\/noticias-de-ribeirao-preto-sp-e-regiao-ismael-colosi\/"},"img":{"alt_text":"","src":"https:\/\/i0.wp.com\/noticiasribeiraopreto.com.br\/wp-content\/uploads\/2024\/06\/calor-onda.jpeg?fit=1200%2C675&ssl=1&resize=350%2C200","width":350,"height":200,"srcset":"https:\/\/i0.wp.com\/noticiasribeiraopreto.com.br\/wp-content\/uploads\/2024\/06\/calor-onda.jpeg?fit=1200%2C675&ssl=1&resize=350%2C200 1x, https:\/\/i0.wp.com\/noticiasribeiraopreto.com.br\/wp-content\/uploads\/2024\/06\/calor-onda.jpeg?fit=1200%2C675&ssl=1&resize=525%2C300 1.5x, https:\/\/i0.wp.com\/noticiasribeiraopreto.com.br\/wp-content\/uploads\/2024\/06\/calor-onda.jpeg?fit=1200%2C675&ssl=1&resize=700%2C400 2x, https:\/\/i0.wp.com\/noticiasribeiraopreto.com.br\/wp-content\/uploads\/2024\/06\/calor-onda.jpeg?fit=1200%2C675&ssl=1&resize=1050%2C600 3x"},"classes":[]},{"id":55792,"url":"https:\/\/noticiasribeiraopreto.com.br\/index.php\/2024\/08\/06\/ribeirao-preto-e-regiao-sofrem-com-incendios-e-fumaca-inmet-alerta-para-baixa-umidade\/","url_meta":{"origin":79067,"position":3},"title":"Ribeir\u00e3o Preto e regi\u00e3o sofrem com inc\u00eandios e fuma\u00e7a; Inmet alerta para baixa umidade","author":"noticiasribeiraopreto.com.br","date":"6 de August de 2024","format":false,"excerpt":"A fuma\u00e7a de uma queimada encobriu o sol de Ribeir\u00e3o Preto, na tarde desta ter\u00e7a-feira (6) \u2013 veja o v\u00eddeo abaixo. Al\u00e9m deste, diversos focos de inc\u00eandio foram registrados em cidades da regi\u00e3o, como Cruz das Posses, Jardin\u00f3polis, Sert\u00e3ozinho e Pontal. Em Orl\u00e2ndia, por exemplo, o fogo atingiu uma planta\u00e7\u00e3o\u2026","rel":"","context":"In &quot;Not\u00edcias de Ribeir\u00e3o Preto-SP e Regi\u00e3o&quot;","block_context":{"text":"Not\u00edcias de Ribeir\u00e3o Preto-SP e Regi\u00e3o","link":"https:\/\/noticiasribeiraopreto.com.br\/index.php\/category\/noticias-de-ribeirao-preto-sp-e-regiao-ismael-colosi\/"},"img":{"alt_text":"","src":"https:\/\/i0.wp.com\/noticiasribeiraopreto.com.br\/wp-content\/uploads\/2024\/08\/Copia-de-Copia-de-TAMANHO-EXATO-PARA-FOTOS-NO-SISTEMA-NOVO-2024-08-06T175532.003_2024-08-06_20-56-36_png_2024-08-06_20-56-36.webp.webp?fit=1200%2C675&ssl=1&resize=350%2C200","width":350,"height":200,"srcset":"https:\/\/i0.wp.com\/noticiasribeiraopreto.com.br\/wp-content\/uploads\/2024\/08\/Copia-de-Copia-de-TAMANHO-EXATO-PARA-FOTOS-NO-SISTEMA-NOVO-2024-08-06T175532.003_2024-08-06_20-56-36_png_2024-08-06_20-56-36.webp.webp?fit=1200%2C675&ssl=1&resize=350%2C200 1x, https:\/\/i0.wp.com\/noticiasribeiraopreto.com.br\/wp-content\/uploads\/2024\/08\/Copia-de-Copia-de-TAMANHO-EXATO-PARA-FOTOS-NO-SISTEMA-NOVO-2024-08-06T175532.003_2024-08-06_20-56-36_png_2024-08-06_20-56-36.webp.webp?fit=1200%2C675&ssl=1&resize=525%2C300 1.5x, https:\/\/i0.wp.com\/noticiasribeiraopreto.com.br\/wp-content\/uploads\/2024\/08\/Copia-de-Copia-de-TAMANHO-EXATO-PARA-FOTOS-NO-SISTEMA-NOVO-2024-08-06T175532.003_2024-08-06_20-56-36_png_2024-08-06_20-56-36.webp.webp?fit=1200%2C675&ssl=1&resize=700%2C400 2x, https:\/\/i0.wp.com\/noticiasribeiraopreto.com.br\/wp-content\/uploads\/2024\/08\/Copia-de-Copia-de-TAMANHO-EXATO-PARA-FOTOS-NO-SISTEMA-NOVO-2024-08-06T175532.003_2024-08-06_20-56-36_png_2024-08-06_20-56-36.webp.webp?fit=1200%2C675&ssl=1&resize=1050%2C600 3x"},"classes":[]},{"id":77082,"url":"https:\/\/noticiasribeiraopreto.com.br\/index.php\/2025\/09\/11\/ribeirao-recebe-alerta-sonoro-para-baixa-umidade-do-ar-pelo-segundo-dia-consecutivo\/","url_meta":{"origin":79067,"position":4},"title":"Ribeir\u00e3o recebe alerta sonoro para baixa umidade do ar pelo segundo dia consecutivo","author":"noticiasribeiraopreto.com.br","date":"11 de September de 2025","format":false,"excerpt":"Pelo segundo dia consecutivo, Ribeir\u00e3o Preto recebeu o alerta sonoro da Defesa Civil de S\u00e3o Paulo, indicando n\u00edveis cr\u00edticos de baixa umidade. A mensagem foi enviada para celulares conectados \u00e0s redes 4G e 5G pelo sistema Cell Broadcast por volta das 12h25 desta quinta-feira (11). De acordo com a mensagem,\u2026","rel":"","context":"In &quot;Not\u00edcias de Ribeir\u00e3o Preto-SP e Regi\u00e3o&quot;","block_context":{"text":"Not\u00edcias de Ribeir\u00e3o Preto-SP e Regi\u00e3o","link":"https:\/\/noticiasribeiraopreto.com.br\/index.php\/category\/noticias-de-ribeirao-preto-sp-e-regiao-ismael-colosi\/"},"img":{"alt_text":"","src":"https:\/\/i0.wp.com\/noticiasribeiraopreto.com.br\/wp-content\/uploads\/2025\/09\/Copia-de-Copia-de-Copia-de-TAMANHO-EXATO-PARA-FOTOS-NO-SISTEMA-NOVO-2025-09-11T123559.368_2025-09-11_15-36-02.webp.webp?fit=1200%2C675&ssl=1&resize=350%2C200","width":350,"height":200,"srcset":"https:\/\/i0.wp.com\/noticiasribeiraopreto.com.br\/wp-content\/uploads\/2025\/09\/Copia-de-Copia-de-Copia-de-TAMANHO-EXATO-PARA-FOTOS-NO-SISTEMA-NOVO-2025-09-11T123559.368_2025-09-11_15-36-02.webp.webp?fit=1200%2C675&ssl=1&resize=350%2C200 1x, https:\/\/i0.wp.com\/noticiasribeiraopreto.com.br\/wp-content\/uploads\/2025\/09\/Copia-de-Copia-de-Copia-de-TAMANHO-EXATO-PARA-FOTOS-NO-SISTEMA-NOVO-2025-09-11T123559.368_2025-09-11_15-36-02.webp.webp?fit=1200%2C675&ssl=1&resize=525%2C300 1.5x, https:\/\/i0.wp.com\/noticiasribeiraopreto.com.br\/wp-content\/uploads\/2025\/09\/Copia-de-Copia-de-Copia-de-TAMANHO-EXATO-PARA-FOTOS-NO-SISTEMA-NOVO-2025-09-11T123559.368_2025-09-11_15-36-02.webp.webp?fit=1200%2C675&ssl=1&resize=700%2C400 2x, https:\/\/i0.wp.com\/noticiasribeiraopreto.com.br\/wp-content\/uploads\/2025\/09\/Copia-de-Copia-de-Copia-de-TAMANHO-EXATO-PARA-FOTOS-NO-SISTEMA-NOVO-2025-09-11T123559.368_2025-09-11_15-36-02.webp.webp?fit=1200%2C675&ssl=1&resize=1050%2C600 3x"},"classes":[]},{"id":78220,"url":"https:\/\/noticiasribeiraopreto.com.br\/index.php\/2025\/10\/04\/interior-de-sp-esta-em-alerta-de-perigo-potencial-veja-regioes\/","url_meta":{"origin":79067,"position":5},"title":"Interior de SP est\u00e1 em alerta de perigo potencial; Veja regi\u00f5es","author":"noticiasribeiraopreto.com.br","date":"4 de October de 2025","format":false,"excerpt":"O Inmet (Instituto Nacional de Meteorologia) emitiu neste s\u00e1bado (4) um alerta de perigo potencial para o interior do estado de S\u00e3o Paulo. De acordo com o \u00f3rg\u00e3o, diversas regi\u00f5es podem ser afetadas pela baixa umidade do ar. O alerta \u00e9 v\u00e1lido at\u00e9 \u00e0s 10h deste domingo (5). Interior de\u2026","rel":"","context":"In &quot;Not\u00edcias de Ribeir\u00e3o Preto-SP e Regi\u00e3o&quot;","block_context":{"text":"Not\u00edcias de Ribeir\u00e3o Preto-SP e Regi\u00e3o","link":"https:\/\/noticiasribeiraopreto.com.br\/index.php\/category\/noticias-de-ribeirao-preto-sp-e-regiao-ismael-colosi\/"},"img":{"alt_text":"","src":"https:\/\/i0.wp.com\/noticiasribeiraopreto.com.br\/wp-content\/uploads\/2025\/06\/WhatsApp-Image-2025-06-17-at-14.27.19_2025-06-17_17-29-48.webp.webp?fit=1200%2C540&ssl=1&resize=350%2C200","width":350,"height":200,"srcset":"https:\/\/i0.wp.com\/noticiasribeiraopreto.com.br\/wp-content\/uploads\/2025\/06\/WhatsApp-Image-2025-06-17-at-14.27.19_2025-06-17_17-29-48.webp.webp?fit=1200%2C540&ssl=1&resize=350%2C200 1x, https:\/\/i0.wp.com\/noticiasribeiraopreto.com.br\/wp-content\/uploads\/2025\/06\/WhatsApp-Image-2025-06-17-at-14.27.19_2025-06-17_17-29-48.webp.webp?fit=1200%2C540&ssl=1&resize=525%2C300 1.5x, https:\/\/i0.wp.com\/noticiasribeiraopreto.com.br\/wp-content\/uploads\/2025\/06\/WhatsApp-Image-2025-06-17-at-14.27.19_2025-06-17_17-29-48.webp.webp?fit=1200%2C540&ssl=1&resize=700%2C400 2x, https:\/\/i0.wp.com\/noticiasribeiraopreto.com.br\/wp-content\/uploads\/2025\/06\/WhatsApp-Image-2025-06-17-at-14.27.19_2025-06-17_17-29-48.webp.webp?fit=1200%2C540&ssl=1&resize=1050%2C600 3x"},"classes":[]}],"jetpack_sharing_enabled":true,"jetpack_shortlink":"https:\/\/wp.me\/peQAOb-kzh","_links":{"self":[{"href":"https:\/\/noticiasribeiraopreto.com.br\/index.php\/wp-json\/wp\/v2\/posts\/79067","targetHints":{"allow":["GET"]}}],"collection":[{"href":"https:\/\/noticiasribeiraopreto.com.br\/index.php\/wp-json\/wp\/v2\/posts"}],"about":[{"href":"https:\/\/noticiasribeiraopreto.com.br\/index.php\/wp-json\/wp\/v2\/types\/post"}],"author":[{"embeddable":true,"href":"https:\/\/noticiasribeiraopreto.com.br\/index.php\/wp-json\/wp\/v2\/users\/1"}],"replies":[{"embeddable":true,"href":"https:\/\/noticiasribeiraopreto.com.br\/index.php\/wp-json\/wp\/v2\/comments?post=79067"}],"version-history":[{"count":0,"href":"https:\/\/noticiasribeiraopreto.com.br\/index.php\/wp-json\/wp\/v2\/posts\/79067\/revisions"}],"wp:featuredmedia":[{"embeddable":true,"href":"https:\/\/noticiasribeiraopreto.com.br\/index.php\/wp-json\/wp\/v2\/media\/79068"}],"wp:attachment":[{"href":"https:\/\/noticiasribeiraopreto.com.br\/index.php\/wp-json\/wp\/v2\/media?parent=79067"}],"wp:term":[{"taxonomy":"category","embeddable":true,"href":"https:\/\/noticiasribeiraopreto.com.br\/index.php\/wp-json\/wp\/v2\/categories?post=79067"},{"taxonomy":"post_tag","embeddable":true,"href":"https:\/\/noticiasribeiraopreto.com.br\/index.php\/wp-json\/wp\/v2\/tags?post=79067"}],"curies":[{"name":"wp","href":"https:\/\/api.w.org\/{rel}","templated":true}]}}