{"id":79069,"date":"2025-10-23T16:45:26","date_gmt":"2025-10-23T19:45:26","guid":{"rendered":"https:\/\/noticiasribeiraopreto.com.br\/index.php\/2025\/10\/23\/camara-de-ribeirao-preto-quer-entregar-titulo-para-bolsonaro-em-prisao-domiciliar\/"},"modified":"2025-10-23T16:45:26","modified_gmt":"2025-10-23T19:45:26","slug":"camara-de-ribeirao-preto-quer-entregar-titulo-para-bolsonaro-em-prisao-domiciliar","status":"publish","type":"post","link":"https:\/\/noticiasribeiraopreto.com.br\/index.php\/2025\/10\/23\/camara-de-ribeirao-preto-quer-entregar-titulo-para-bolsonaro-em-prisao-domiciliar\/","title":{"rendered":"C\u00e2mara de Ribeir\u00e3o Preto quer entregar t\u00edtulo para Bolsonaro em pris\u00e3o domiciliar"},"content":{"rendered":"<div class='code-block code-block-1' style='margin: 8px 0 8px auto; text-align: right; display: block; clear: both;'>\n<p><a href=\"https:\/\/wa.link\/vpicfd\"><img data-recalc-dims=\"1\" class=\"wp-image-4922\" style=\"aspect-ratio: 2.0253164556962027; width: 561px; height: auto;\" src=\"https:\/\/i0.wp.com\/ismaelcolosi.com.br\/wp-content\/uploads\/2023\/11\/grupo-de-empregos-whatsapp-e-facebook-ismael-colosi-vagas.jpg?ssl=1\" alt=\"\" \/><\/a><\/p>\n<!-- \/wp:image -->\n<\/div>\n<p> <br \/>\n<\/p>\n<div>\n<p>O presidente da <strong>C\u00e2mara Municipal de Ribeir\u00e3o Preto<\/strong>, vereador <strong>Isaac Antunes (PL)<\/strong>, solicitou autoriza\u00e7\u00e3o ao ministro do <strong>Supremo Tribunal Federal (STF)<\/strong>, <strong>Alexandre de Moraes<\/strong>, para entregar pessoalmente o <strong>t\u00edtulo de Cidad\u00e3o Ribeir\u00e3o-Pretano<\/strong> ao ex-presidente <strong>Jair Messias Bolsonaro<\/strong>.<\/p>\n<p>O pedido foi apresentado no processo em que o ex-presidente <strong>cumpre pris\u00e3o domiciliar em Bras\u00edlia-DF<\/strong> e busca autoriza\u00e7\u00e3o espec\u00edfica para a <strong>visita institucional<\/strong> e <strong>entrega simb\u00f3lica da honraria<\/strong>, aprovada em fevereiro deste ano pelo Legislativo.<\/p>\n<p>De acordo com <strong>Antunes<\/strong>, o pedido <strong>n\u00e3o viola nenhuma das restri\u00e7\u00f5es impostas pelo STF<\/strong> e todas as <strong>determina\u00e7\u00f5es judiciais ser\u00e3o cumpridas<\/strong>, incluindo a proibi\u00e7\u00e3o do uso de celulares e redes sociais durante o ato.<\/p>\n<p>Caso seja autorizada, a entrega dever\u00e1 ocorrer na resid\u00eancia do ex-presidente em Bras\u00edlia,<strong> em data ainda a ser definida<\/strong>, seguindo todas as regras estabelecidas pelo STF.<\/p>\n<div class=\"wp-block-image\">\n<figure class=\"aligncenter size-large is-resized\"><img data-recalc-dims=\"1\" fetchpriority=\"high\" decoding=\"async\" width=\"1024\" height=\"576\" src=\"https:\/\/i0.wp.com\/cdn.media-acidadeon.com.br\/ribeiraopreto\/wp-content\/uploads\/sites\/3\/2025\/10\/Copia-de-Copia-de-Copia-de-TAMANHO-EXATO-PARA-FOTOS-NO-SISTEMA-NOVO-2025-10-23T143203.169_2025-10-23_17-32-18-1024x576.webp?resize=1024%2C576&#038;ssl=1\" alt=\"Vereador Isaac Antunes, segurando o t\u00edtulo de Cidad\u00e3o Ribeir\u00e3o-Pretano ao ex-presidente Jair Bolsonaro - Foto: reprodu\u00e7\u00e3o\/ redes sociais.\" class=\"wp-image-133293\" style=\"width:654px\" title=\"C\u00e2mara de Ribeir\u00e3o Preto quer entregar t\u00edtulo para Bolsonaro em pris\u00e3o domiciliar 1\" srcset=\"https:\/\/cdn.media-acidadeon.com.br\/ribeiraopreto\/wp-content\/uploads\/sites\/3\/2025\/10\/Copia-de-Copia-de-Copia-de-TAMANHO-EXATO-PARA-FOTOS-NO-SISTEMA-NOVO-2025-10-23T143203.169_2025-10-23_17-32-18-1024x576.webp 1024w, https:\/\/cdn.media-acidadeon.com.br\/ribeiraopreto\/wp-content\/uploads\/sites\/3\/2025\/10\/Copia-de-Copia-de-Copia-de-TAMANHO-EXATO-PARA-FOTOS-NO-SISTEMA-NOVO-2025-10-23T143203.169_2025-10-23_17-32-18-300x169.webp 300w, https:\/\/cdn.media-acidadeon.com.br\/ribeiraopreto\/wp-content\/uploads\/sites\/3\/2025\/10\/Copia-de-Copia-de-Copia-de-TAMANHO-EXATO-PARA-FOTOS-NO-SISTEMA-NOVO-2025-10-23T143203.169_2025-10-23_17-32-18-768x432.webp 768w, https:\/\/cdn.media-acidadeon.com.br\/ribeiraopreto\/wp-content\/uploads\/sites\/3\/2025\/10\/Copia-de-Copia-de-Copia-de-TAMANHO-EXATO-PARA-FOTOS-NO-SISTEMA-NOVO-2025-10-23T143203.169_2025-10-23_17-32-18-696x392.webp 696w, https:\/\/cdn.media-acidadeon.com.br\/ribeiraopreto\/wp-content\/uploads\/sites\/3\/2025\/10\/Copia-de-Copia-de-Copia-de-TAMANHO-EXATO-PARA-FOTOS-NO-SISTEMA-NOVO-2025-10-23T143203.169_2025-10-23_17-32-18-1068x601.webp 1068w, https:\/\/cdn.media-acidadeon.com.br\/ribeiraopreto\/wp-content\/uploads\/sites\/3\/2025\/10\/Copia-de-Copia-de-Copia-de-TAMANHO-EXATO-PARA-FOTOS-NO-SISTEMA-NOVO-2025-10-23T143203.169_2025-10-23_17-32-18.webp 1200w\" sizes=\"(max-width: 1024px) 100vw, 1024px\"\/><figcaption class=\"wp-element-caption\">Vereador Isaac Antunes, segurando o t\u00edtulo de Cidad\u00e3o Ribeir\u00e3o-Pretano ao ex-presidente Jair Bolsonaro \u2013 Foto: reprodu\u00e7\u00e3o\/ redes sociais.<\/figcaption><\/figure>\n<\/div>\n<h2 class=\"wp-block-heading\"><strong>Pris\u00e3o de Bolsonaro tem restri\u00e7\u00f5es<\/strong><\/h2>\n<p>O <strong>ex-presidente Jair Messias Bolsonaro<\/strong> cumpre pris\u00e3o domiciliar desde 4 de agosto de 2025. Por determina\u00e7\u00e3o do ministro<strong> Alexandre de Moraes<\/strong>, as seguintes medidas devem ser cumpridas:<\/p>\n<ul class=\"wp-block-list\">\n<li>Bolsonaro deve permanecer com tornozeleira eletr\u00f4nica;<\/li>\n<li>Fica proibido de receber visitas sem autoriza\u00e7\u00e3o do STF e de usar telefone celular;<\/li>\n<li>Apenas advogados e pessoas que residem com o ex-presidente podem ter contato com ele, incluindo a ex-primeira-dama Michele Bolsonaro e a filha do casal;<\/li>\n<li>Visitantes autorizados n\u00e3o podem usar celulares, tirar fotos ou gravar imagens;<\/li>\n<li>Continuam mantidas todas as demais medidas cautelares decretadas anteriormente.<\/li>\n<\/ul>\n<div class=\"wp-block-image\">\n<figure class=\"aligncenter size-large is-resized\"><img data-recalc-dims=\"1\" loading=\"lazy\" decoding=\"async\" width=\"1024\" height=\"576\" src=\"https:\/\/i0.wp.com\/cdn.media-acidadeon.com.br\/ribeiraopreto\/wp-content\/uploads\/sites\/3\/2025\/09\/Copia-de-Copia-de-Copia-de-TAMANHO-EXATO-PARA-FOTOS-NO-SISTEMA-NOVO-2025-09-09T090856.652_2025-09-09_12-09-15-1024x576.webp?resize=1024%2C576&#038;ssl=1\" alt=\"O ex-presidente Jair Bolsonaro - Foto: Alan Santos \/ PR.\" class=\"wp-image-128382\" style=\"width:654px\" title=\"C\u00e2mara de Ribeir\u00e3o Preto quer entregar t\u00edtulo para Bolsonaro em pris\u00e3o domiciliar 2\" srcset=\"https:\/\/cdn.media-acidadeon.com.br\/ribeiraopreto\/wp-content\/uploads\/sites\/3\/2025\/09\/Copia-de-Copia-de-Copia-de-TAMANHO-EXATO-PARA-FOTOS-NO-SISTEMA-NOVO-2025-09-09T090856.652_2025-09-09_12-09-15-1024x576.webp 1024w, https:\/\/cdn.media-acidadeon.com.br\/ribeiraopreto\/wp-content\/uploads\/sites\/3\/2025\/09\/Copia-de-Copia-de-Copia-de-TAMANHO-EXATO-PARA-FOTOS-NO-SISTEMA-NOVO-2025-09-09T090856.652_2025-09-09_12-09-15-300x169.webp 300w, https:\/\/cdn.media-acidadeon.com.br\/ribeiraopreto\/wp-content\/uploads\/sites\/3\/2025\/09\/Copia-de-Copia-de-Copia-de-TAMANHO-EXATO-PARA-FOTOS-NO-SISTEMA-NOVO-2025-09-09T090856.652_2025-09-09_12-09-15-768x432.webp 768w, https:\/\/cdn.media-acidadeon.com.br\/ribeiraopreto\/wp-content\/uploads\/sites\/3\/2025\/09\/Copia-de-Copia-de-Copia-de-TAMANHO-EXATO-PARA-FOTOS-NO-SISTEMA-NOVO-2025-09-09T090856.652_2025-09-09_12-09-15-696x392.webp 696w, https:\/\/cdn.media-acidadeon.com.br\/ribeiraopreto\/wp-content\/uploads\/sites\/3\/2025\/09\/Copia-de-Copia-de-Copia-de-TAMANHO-EXATO-PARA-FOTOS-NO-SISTEMA-NOVO-2025-09-09T090856.652_2025-09-09_12-09-15-1068x601.webp 1068w, https:\/\/cdn.media-acidadeon.com.br\/ribeiraopreto\/wp-content\/uploads\/sites\/3\/2025\/09\/Copia-de-Copia-de-Copia-de-TAMANHO-EXATO-PARA-FOTOS-NO-SISTEMA-NOVO-2025-09-09T090856.652_2025-09-09_12-09-15.webp 1200w\" sizes=\"auto, (max-width: 1024px) 100vw, 1024px\"\/><figcaption class=\"wp-element-caption\">O ex-presidente Jair Bolsonaro \u2013 Foto: Alan Santos \/ PR.<\/figcaption><\/figure>\n<\/div>\n<h2 class=\"wp-block-heading\"><strong>Ex-presidente condenado<\/strong><\/h2>\n<p><strong>Bolsonaro <\/strong>foi condenado a 27 anos e tr\u00eas meses de pris\u00e3o por crimes contra a democracia, entre outros, em setembro deste ano. Al\u00e9m dele, <strong>sete de seus antigos aliados<\/strong>, integrantes do chamado N\u00facleo 1 da trama golpista (ou N\u00facleo crucial), <strong>tamb\u00e9m foram condenados<\/strong>.<\/p>\n<p><strong>Nenhum dos r\u00e9us come\u00e7ou a cumprir pena.<\/strong> Isso porque ainda <strong>restam recursos poss\u00edveis \u00e0 pr\u00f3pria Primeira Turma<\/strong>. Pelo regimento interno do Supremo, n\u00e3o cabe recurso ao plen\u00e1rio, mas apenas ao pr\u00f3prio colegiado que julgou a a\u00e7\u00e3o.<\/p>\n<p>Para as defesas, \u00e9 poss\u00edvel apresentar ainda os chamados embargos de declara\u00e7\u00e3o, em que os advogados podem apontar omiss\u00f5es e obscuridades no texto da decis\u00e3o publicada. <mark style=\"background-color:#fcb900\" class=\"has-inline-color\">Em geral, esse tipo de apelo n\u00e3o tem o efeito de reverter decis\u00f5es judiciais, mas apenas esclarec\u00ea-las.<\/mark><\/p>\n<p>J\u00e1 os embargos infringentes, mais amplos, podem se valer dos votos divergentes como argumento para ainda tentar reverter o resultado do julgamento. Para esse tipo de recurso ser aceito, contudo, <strong>seriam necess\u00e1rios ao menos dois votos divergentes<\/strong>.<\/p>\n<p>No julgamento do n\u00facleo principal do golpe, votaram pela condena\u00e7\u00e3o os ministros Alexandre de Moraes, Fl\u00e1vio Dino, C\u00e1rmen L\u00facia e Cristiano Zanin. <strong>Apenas o ministro Luiz Fux divergiu, votando primeiro pela anula\u00e7\u00e3o da a\u00e7\u00e3o penal, e em seguida, no m\u00e9rito, pediu a absolvi\u00e7\u00e3o de todos os acusados.<\/strong><\/p>\n<p>Os advogados dos r\u00e9us podem apelar a Moraes, relator do caso, que aceite os embargos do tipo infringentes mesmo com apenas um voto divergente \u2013 do ministro Fux.<\/p>\n<p><em>*Com informa\u00e7\u00f5es de Felipe Pontes, rep\u00f3rter da Ag\u00eancia Brasil<\/em><\/p>\n<div class=\"wp-block-image\">\n<figure class=\"aligncenter size-large is-resized\"><img data-recalc-dims=\"1\" loading=\"lazy\" decoding=\"async\" width=\"1024\" height=\"576\" src=\"https:\/\/i0.wp.com\/cdn.media-acidadeon.com.br\/ribeiraopreto\/wp-content\/uploads\/sites\/3\/2025\/10\/Copia-de-Copia-de-Copia-de-TAMANHO-EXATO-PARA-FOTOS-NO-SISTEMA-NOVO-2025-10-23T143602.154_2025-10-23_17-36-14-1024x576.webp?resize=1024%2C576&#038;ssl=1\" alt=\"Vereador Isaac Antunes (PL) e ex-presidente Jair Messias Bolsonaro - Foto: reprodu\u00e7\u00e3o\/ Instagram.\" class=\"wp-image-133297\" style=\"width:654px\" title=\"C\u00e2mara de Ribeir\u00e3o Preto quer entregar t\u00edtulo para Bolsonaro em pris\u00e3o domiciliar 3\" srcset=\"https:\/\/cdn.media-acidadeon.com.br\/ribeiraopreto\/wp-content\/uploads\/sites\/3\/2025\/10\/Copia-de-Copia-de-Copia-de-TAMANHO-EXATO-PARA-FOTOS-NO-SISTEMA-NOVO-2025-10-23T143602.154_2025-10-23_17-36-14-1024x576.webp 1024w, https:\/\/cdn.media-acidadeon.com.br\/ribeiraopreto\/wp-content\/uploads\/sites\/3\/2025\/10\/Copia-de-Copia-de-Copia-de-TAMANHO-EXATO-PARA-FOTOS-NO-SISTEMA-NOVO-2025-10-23T143602.154_2025-10-23_17-36-14-300x169.webp 300w, https:\/\/cdn.media-acidadeon.com.br\/ribeiraopreto\/wp-content\/uploads\/sites\/3\/2025\/10\/Copia-de-Copia-de-Copia-de-TAMANHO-EXATO-PARA-FOTOS-NO-SISTEMA-NOVO-2025-10-23T143602.154_2025-10-23_17-36-14-768x432.webp 768w, https:\/\/cdn.media-acidadeon.com.br\/ribeiraopreto\/wp-content\/uploads\/sites\/3\/2025\/10\/Copia-de-Copia-de-Copia-de-TAMANHO-EXATO-PARA-FOTOS-NO-SISTEMA-NOVO-2025-10-23T143602.154_2025-10-23_17-36-14-696x392.webp 696w, https:\/\/cdn.media-acidadeon.com.br\/ribeiraopreto\/wp-content\/uploads\/sites\/3\/2025\/10\/Copia-de-Copia-de-Copia-de-TAMANHO-EXATO-PARA-FOTOS-NO-SISTEMA-NOVO-2025-10-23T143602.154_2025-10-23_17-36-14-1068x601.webp 1068w, https:\/\/cdn.media-acidadeon.com.br\/ribeiraopreto\/wp-content\/uploads\/sites\/3\/2025\/10\/Copia-de-Copia-de-Copia-de-TAMANHO-EXATO-PARA-FOTOS-NO-SISTEMA-NOVO-2025-10-23T143602.154_2025-10-23_17-36-14.webp 1200w\" sizes=\"auto, (max-width: 1024px) 100vw, 1024px\"\/><figcaption class=\"wp-element-caption\">Vereador Isaac Antunes (PL) e ex-presidente Jair Messias Bolsonaro \u2013 Foto: reprodu\u00e7\u00e3o\/ Instagram.<\/figcaption><\/figure>\n<\/div>\n<hr class=\"wp-block-separator has-alpha-channel-opacity\"\/>\n<p>SAIBA MAIS<\/p>\n<p>Saiba o que a defesa de Bigodini alegou ao Conselho de \u00c9tica em processo de cassa\u00e7\u00e3o<\/p>\n<h2 class=\"wp-block-heading\"><strong>FIQUE ON<\/strong><\/h2>\n<p>Fique ligado em tudo que acontece em Ribeir\u00e3o Preto e regi\u00e3o. Siga os perfis do\u00a0<strong>acidade on<\/strong>\u00a0no\u00a0<a href=\"https:\/\/www.instagram.com\/acidadeonribeirao\" target=\"_blank\" rel=\"noreferrer noopener\">Instagram\u00a0<\/a>e no<a href=\"https:\/\/www.facebook.com\/acidadeonribeirao\/\" target=\"_blank\" rel=\"noreferrer noopener\">\u00a0Facebook<\/a>.<\/p>\n<p>Receba not\u00edcias do\u00a0<strong>acidade on<\/strong>\u00a0no WhatsApp. Para entrar no grupo,\u00a0basta\u00a0<a href=\"https:\/\/chat.whatsapp.com\/I4nieTEMKlf50pJ28aMemC?mode=ac_t\" target=\"_blank\" rel=\"noreferrer noopener\">clicar aqui<\/a>. Ou, acesse o nosso\u00a0Canal<a href=\"https:\/\/whatsapp.com\/channel\/0029Vb6IQl1JENyAeS57fk2p\" target=\"_blank\" rel=\"noreferrer noopener\">\u00a0clicando aqui<\/a>.<\/p>\n<p>Fa\u00e7a uma den\u00fancia ou sugira uma reportagem sobre Ribeir\u00e3o Preto e regi\u00e3o pelo WhatsApp: 16 99117 7802.<\/p>\n<p>VEJA TAMB\u00c9M<\/p>\n<p>Final de \u2018Stranger Things\u2019 ser\u00e1 exibido nos cinemas brasileiros?<\/p>\n<p><!-- AI CONTENT END 1 -->\n<\/div>\n<p><script async src=\"\/\/www.instagram.com\/embed.js\"><\/script><br \/>\n<br \/><br \/>\n<br \/><a href=\"https:\/\/www.acidadeon.com\/ribeiraopreto\/politica\/camara-de-ribeirao-preto-quer-entregar-titulo-para-bolsonaro-em-prisao-domiciliar\/\">Source link <\/a><\/p>\n<!-- CONTENT END 1 -->\n","protected":false},"excerpt":{"rendered":"<p>O presidente da C\u00e2mara Municipal de Ribeir\u00e3o Preto, vereador Isaac Antunes (PL), solicitou autoriza\u00e7\u00e3o ao ministro do Supremo Tribunal Federal (STF), Alexandre de Moraes, para&#8230;<\/p>\n","protected":false},"author":1,"featured_media":76632,"comment_status":"open","ping_status":"open","sticky":false,"template":"","format":"standard","meta":{"advanced_seo_description":"","jetpack_seo_html_title":"","jetpack_seo_noindex":false,"jetpack_post_was_ever_published":false,"_jetpack_newsletter_access":"","_jetpack_dont_email_post_to_subs":false,"_jetpack_newsletter_tier_id":0,"_jetpack_memberships_contains_paywalled_content":false,"_jetpack_memberships_contains_paid_content":false,"footnotes":"","jetpack_publicize_message":"","jetpack_publicize_feature_enabled":true,"jetpack_social_post_already_shared":true,"jetpack_social_options":{"image_generator_settings":{"template":"highway","default_image_id":0,"font":"","enabled":false},"version":2}},"categories":[11],"tags":[],"class_list":["post-79069","post","type-post","status-publish","format-standard","has-post-thumbnail","hentry","category-noticias-de-ribeirao-preto-sp-e-regiao-ismael-colosi"],"jetpack_publicize_connections":[],"jetpack_featured_media_url":"https:\/\/i0.wp.com\/noticiasribeiraopreto.com.br\/wp-content\/uploads\/2025\/09\/lula5925.webp.webp?fit=1170%2C700&ssl=1","jetpack-related-posts":[{"id":79040,"url":"https:\/\/noticiasribeiraopreto.com.br\/index.php\/2025\/10\/23\/o-nao-ja-tem-tribuna-ribeirao\/","url_meta":{"origin":79069,"position":0},"title":"O n\u00e3o j\u00e1 tem&#8230; &#8211; Tribuna Ribeir\u00e3o","author":"noticiasribeiraopreto.com.br","date":"23 de October de 2025","format":false,"excerpt":"23 de outubro de 2025 12:175 Compartilhar0 O presidente da C\u00e2mara Municipal de Ribeir\u00e3o Preto, Isaac Antunes (PL), protocolou no Supremo Tribunal Federal (STF) um pedido ao ministro Alexandre de Moraes para visitar o ex-presidente Jair Bolsonaro (PL) \u2013 que cumpre pris\u00e3o domiciliar em Bras\u00edlia \u2013 e entregar pessoalmente o\u2026","rel":"","context":"In &quot;Not\u00edcias de Ribeir\u00e3o Preto-SP e Regi\u00e3o&quot;","block_context":{"text":"Not\u00edcias de Ribeir\u00e3o Preto-SP e Regi\u00e3o","link":"https:\/\/noticiasribeiraopreto.com.br\/index.php\/category\/noticias-de-ribeirao-preto-sp-e-regiao-ismael-colosi\/"},"img":{"alt_text":"","src":"https:\/\/i0.wp.com\/noticiasribeiraopreto.com.br\/wp-content\/uploads\/2025\/10\/1761232732_confessionario.jpg?fit=700%2C392&ssl=1&resize=350%2C200","width":350,"height":200,"srcset":"https:\/\/i0.wp.com\/noticiasribeiraopreto.com.br\/wp-content\/uploads\/2025\/10\/1761232732_confessionario.jpg?fit=700%2C392&ssl=1&resize=350%2C200 1x, https:\/\/i0.wp.com\/noticiasribeiraopreto.com.br\/wp-content\/uploads\/2025\/10\/1761232732_confessionario.jpg?fit=700%2C392&ssl=1&resize=525%2C300 1.5x, https:\/\/i0.wp.com\/noticiasribeiraopreto.com.br\/wp-content\/uploads\/2025\/10\/1761232732_confessionario.jpg?fit=700%2C392&ssl=1&resize=700%2C400 2x"},"classes":[]},{"id":82900,"url":"https:\/\/noticiasribeiraopreto.com.br\/index.php\/2026\/03\/02\/moraes-nega-prisao-domiciliar-a-bolsonaro\/","url_meta":{"origin":79069,"position":1},"title":"Moraes nega pris\u00e3o domiciliar a Bolsonaro","author":"noticiasribeiraopreto.com.br","date":"2 de March de 2026","format":false,"excerpt":"\r \r \r 2 de mar\u00e7o de 2026 16:22 \r Compartilhar0 O ministro Alexandre de Moraes, do Supremo Tribunal Federal (STF), negou nesta segunda-feira (2) pedido de pris\u00e3o domiciliar ao ex-presidente Jair Bolsonaro. Na decis\u00e3o, o Moraes disse que as instala\u00e7\u00f5es da Papudinha, em Bras\u00edlia, onde o ex-presidente est\u00e1 preso,\u2026","rel":"","context":"In &quot;Not\u00edcias de Ribeir\u00e3o Preto-SP e Regi\u00e3o&quot;","block_context":{"text":"Not\u00edcias de Ribeir\u00e3o Preto-SP e Regi\u00e3o","link":"https:\/\/noticiasribeiraopreto.com.br\/index.php\/category\/noticias-de-ribeirao-preto-sp-e-regiao-ismael-colosi\/"},"img":{"alt_text":"","src":"https:\/\/i0.wp.com\/noticiasribeiraopreto.com.br\/wp-content\/uploads\/2026\/03\/cela-bolsonaro.jpg?fit=1170%2C700&ssl=1&resize=350%2C200","width":350,"height":200,"srcset":"https:\/\/i0.wp.com\/noticiasribeiraopreto.com.br\/wp-content\/uploads\/2026\/03\/cela-bolsonaro.jpg?fit=1170%2C700&ssl=1&resize=350%2C200 1x, https:\/\/i0.wp.com\/noticiasribeiraopreto.com.br\/wp-content\/uploads\/2026\/03\/cela-bolsonaro.jpg?fit=1170%2C700&ssl=1&resize=525%2C300 1.5x, https:\/\/i0.wp.com\/noticiasribeiraopreto.com.br\/wp-content\/uploads\/2026\/03\/cela-bolsonaro.jpg?fit=1170%2C700&ssl=1&resize=700%2C400 2x, https:\/\/i0.wp.com\/noticiasribeiraopreto.com.br\/wp-content\/uploads\/2026\/03\/cela-bolsonaro.jpg?fit=1170%2C700&ssl=1&resize=1050%2C600 3x"},"classes":[]},{"id":75155,"url":"https:\/\/noticiasribeiraopreto.com.br\/index.php\/2025\/08\/04\/jair-bolsonaro-tem-prisao-domiciliar-decretada\/","url_meta":{"origin":79069,"position":2},"title":"Jair Bolsonaro tem pris\u00e3o domiciliar decretada","author":"noticiasribeiraopreto.com.br","date":"4 de August de 2025","format":false,"excerpt":"O ministro Alexandre de Moraes, do Supremo Tribunal Federal (STF), determinou nesta segunda-feira (4) que o ex-presidente Jair Bolsonaro (PL) cumpra pris\u00e3o domiciliar. A decis\u00e3o ocorre no \u00e2mbito da investiga\u00e7\u00e3o sobre a tentativa de golpe de Estado ap\u00f3s as elei\u00e7\u00f5es de 2022. Descumprimento de medidas cautelares Moraes apontou que Bolsonaro\u2026","rel":"","context":"In &quot;Not\u00edcias de Ribeir\u00e3o Preto-SP e Regi\u00e3o&quot;","block_context":{"text":"Not\u00edcias de Ribeir\u00e3o Preto-SP e Regi\u00e3o","link":"https:\/\/noticiasribeiraopreto.com.br\/index.php\/category\/noticias-de-ribeirao-preto-sp-e-regiao-ismael-colosi\/"},"img":{"alt_text":"","src":"https:\/\/i0.wp.com\/noticiasribeiraopreto.com.br\/wp-content\/uploads\/2025\/08\/bolsonaro.jpg?fit=1200%2C798&ssl=1&resize=350%2C200","width":350,"height":200,"srcset":"https:\/\/i0.wp.com\/noticiasribeiraopreto.com.br\/wp-content\/uploads\/2025\/08\/bolsonaro.jpg?fit=1200%2C798&ssl=1&resize=350%2C200 1x, https:\/\/i0.wp.com\/noticiasribeiraopreto.com.br\/wp-content\/uploads\/2025\/08\/bolsonaro.jpg?fit=1200%2C798&ssl=1&resize=525%2C300 1.5x, https:\/\/i0.wp.com\/noticiasribeiraopreto.com.br\/wp-content\/uploads\/2025\/08\/bolsonaro.jpg?fit=1200%2C798&ssl=1&resize=700%2C400 2x, https:\/\/i0.wp.com\/noticiasribeiraopreto.com.br\/wp-content\/uploads\/2025\/08\/bolsonaro.jpg?fit=1200%2C798&ssl=1&resize=1050%2C600 3x"},"classes":[]},{"id":63683,"url":"https:\/\/noticiasribeiraopreto.com.br\/index.php\/2025\/02\/19\/vereadores-desarquivam-projeto-de-titulo-de-cidadao-ribeirao-pretano-para-bolsonaro\/","url_meta":{"origin":79069,"position":3},"title":"Vereadores desarquivam projeto de t\u00edtulo de cidad\u00e3o ribeir\u00e3o-pretano para Bolsonaro","author":"noticiasribeiraopreto.com.br","date":"19 de February de 2025","format":false,"excerpt":"A C\u00e2mara de Ribeir\u00e3o Preto aprovou na \u00faltima ter\u00e7a-feira (18) um requerimento do presidente da Mesa Diretora Isaac Antunes (PL), que desarquiva o projeto que concede o t\u00edtulo de cidad\u00e3o ribeir\u00e3o-pretano para o ex-presidente Jair Bolsonaro. O projeto tamb\u00e9m tem autoria do presidente do Legislativo e alega que o ex-presidente\u2026","rel":"","context":"In &quot;Not\u00edcias de Ribeir\u00e3o Preto-SP e Regi\u00e3o&quot;","block_context":{"text":"Not\u00edcias de Ribeir\u00e3o Preto-SP e Regi\u00e3o","link":"https:\/\/noticiasribeiraopreto.com.br\/index.php\/category\/noticias-de-ribeirao-preto-sp-e-regiao-ismael-colosi\/"},"img":{"alt_text":"","src":"https:\/\/i0.wp.com\/noticiasribeiraopreto.com.br\/wp-content\/uploads\/2025\/02\/bolsonaro.jpg?fit=1200%2C798&ssl=1&resize=350%2C200","width":350,"height":200,"srcset":"https:\/\/i0.wp.com\/noticiasribeiraopreto.com.br\/wp-content\/uploads\/2025\/02\/bolsonaro.jpg?fit=1200%2C798&ssl=1&resize=350%2C200 1x, https:\/\/i0.wp.com\/noticiasribeiraopreto.com.br\/wp-content\/uploads\/2025\/02\/bolsonaro.jpg?fit=1200%2C798&ssl=1&resize=525%2C300 1.5x, https:\/\/i0.wp.com\/noticiasribeiraopreto.com.br\/wp-content\/uploads\/2025\/02\/bolsonaro.jpg?fit=1200%2C798&ssl=1&resize=700%2C400 2x, https:\/\/i0.wp.com\/noticiasribeiraopreto.com.br\/wp-content\/uploads\/2025\/02\/bolsonaro.jpg?fit=1200%2C798&ssl=1&resize=1050%2C600 3x"},"classes":[]},{"id":63767,"url":"https:\/\/noticiasribeiraopreto.com.br\/index.php\/2025\/02\/20\/camara-aprova-titulo-de-cidadao-ribeirao-pretano-para-bolsonaro\/","url_meta":{"origin":79069,"position":4},"title":"C\u00e2mara aprova t\u00edtulo de cidad\u00e3o ribeir\u00e3o-pretano para Bolsonaro","author":"noticiasribeiraopreto.com.br","date":"20 de February de 2025","format":false,"excerpt":"A C\u00e2mara de Ribeir\u00e3o Preto aprovou nesta quinta-feira (20), o projeto de decreto legislativo n\u00ba 19\/2023 que concede o t\u00edtulo de cidad\u00e3o ribeir\u00e3o-pretano para o ex-presidente Jair Bolsonaro. O projeto, de autoria do presidente do Legislativo, Isaac Antunes (PL), foi aprovado com 16 votos favor\u00e1veis e 4 contr\u00e1rios \u2013 veja\u2026","rel":"","context":"In &quot;Not\u00edcias de Ribeir\u00e3o Preto-SP e Regi\u00e3o&quot;","block_context":{"text":"Not\u00edcias de Ribeir\u00e3o Preto-SP e Regi\u00e3o","link":"https:\/\/noticiasribeiraopreto.com.br\/index.php\/category\/noticias-de-ribeirao-preto-sp-e-regiao-ismael-colosi\/"},"img":{"alt_text":"","src":"https:\/\/i0.wp.com\/noticiasribeiraopreto.com.br\/wp-content\/uploads\/2025\/02\/air_bolsonaro_1024x576_04032021172313.jpg?fit=1024%2C575&ssl=1&resize=350%2C200","width":350,"height":200,"srcset":"https:\/\/i0.wp.com\/noticiasribeiraopreto.com.br\/wp-content\/uploads\/2025\/02\/air_bolsonaro_1024x576_04032021172313.jpg?fit=1024%2C575&ssl=1&resize=350%2C200 1x, https:\/\/i0.wp.com\/noticiasribeiraopreto.com.br\/wp-content\/uploads\/2025\/02\/air_bolsonaro_1024x576_04032021172313.jpg?fit=1024%2C575&ssl=1&resize=525%2C300 1.5x, https:\/\/i0.wp.com\/noticiasribeiraopreto.com.br\/wp-content\/uploads\/2025\/02\/air_bolsonaro_1024x576_04032021172313.jpg?fit=1024%2C575&ssl=1&resize=700%2C400 2x"},"classes":[]},{"id":83727,"url":"https:\/\/noticiasribeiraopreto.com.br\/index.php\/2026\/03\/24\/moraes-autoriza-que-bolsonaro-cumpra-pena-em-prisao-domiciliar\/","url_meta":{"origin":79069,"position":5},"title":"Moraes autoriza que Bolsonaro cumpra pena em pris\u00e3o domiciliar","author":"noticiasribeiraopreto.com.br","date":"24 de March de 2026","format":false,"excerpt":"O ministro Alexandre de Moraes autorizou, nesta ter\u00e7a-feira (24), a pris\u00e3o domiciliar tempor\u00e1ria do ex-presidente Jair Bolsonaro. A decis\u00e3o acontece enquanto Bolsonaro permanece internado em um hospital de Bras\u00edlia, onde trata complica\u00e7\u00f5es de sa\u00fade. A pris\u00e3o domiciliar tem validade de 90 dias e ser\u00e1 reanalisada pelo ministro ap\u00f3s esse prazo.\u2026","rel":"","context":"In &quot;Not\u00edcias de Ribeir\u00e3o Preto-SP e Regi\u00e3o&quot;","block_context":{"text":"Not\u00edcias de Ribeir\u00e3o Preto-SP e Regi\u00e3o","link":"https:\/\/noticiasribeiraopreto.com.br\/index.php\/category\/noticias-de-ribeirao-preto-sp-e-regiao-ismael-colosi\/"},"img":{"alt_text":"","src":"https:\/\/i0.wp.com\/noticiasribeiraopreto.com.br\/wp-content\/uploads\/2026\/03\/Copia-de-Copia-de-Copia-de-TAMANHO-EXATO-PARA-FOTOS-NO-SISTEMA-NOVO-2025-09-09T090856.652_2025-09-09_12-09-15.webp.webp?fit=1200%2C675&ssl=1&resize=350%2C200","width":350,"height":200,"srcset":"https:\/\/i0.wp.com\/noticiasribeiraopreto.com.br\/wp-content\/uploads\/2026\/03\/Copia-de-Copia-de-Copia-de-TAMANHO-EXATO-PARA-FOTOS-NO-SISTEMA-NOVO-2025-09-09T090856.652_2025-09-09_12-09-15.webp.webp?fit=1200%2C675&ssl=1&resize=350%2C200 1x, https:\/\/i0.wp.com\/noticiasribeiraopreto.com.br\/wp-content\/uploads\/2026\/03\/Copia-de-Copia-de-Copia-de-TAMANHO-EXATO-PARA-FOTOS-NO-SISTEMA-NOVO-2025-09-09T090856.652_2025-09-09_12-09-15.webp.webp?fit=1200%2C675&ssl=1&resize=525%2C300 1.5x, https:\/\/i0.wp.com\/noticiasribeiraopreto.com.br\/wp-content\/uploads\/2026\/03\/Copia-de-Copia-de-Copia-de-TAMANHO-EXATO-PARA-FOTOS-NO-SISTEMA-NOVO-2025-09-09T090856.652_2025-09-09_12-09-15.webp.webp?fit=1200%2C675&ssl=1&resize=700%2C400 2x, https:\/\/i0.wp.com\/noticiasribeiraopreto.com.br\/wp-content\/uploads\/2026\/03\/Copia-de-Copia-de-Copia-de-TAMANHO-EXATO-PARA-FOTOS-NO-SISTEMA-NOVO-2025-09-09T090856.652_2025-09-09_12-09-15.webp.webp?fit=1200%2C675&ssl=1&resize=1050%2C600 3x"},"classes":[]}],"jetpack_sharing_enabled":true,"jetpack_shortlink":"https:\/\/wp.me\/peQAOb-kzj","_links":{"self":[{"href":"https:\/\/noticiasribeiraopreto.com.br\/index.php\/wp-json\/wp\/v2\/posts\/79069","targetHints":{"allow":["GET"]}}],"collection":[{"href":"https:\/\/noticiasribeiraopreto.com.br\/index.php\/wp-json\/wp\/v2\/posts"}],"about":[{"href":"https:\/\/noticiasribeiraopreto.com.br\/index.php\/wp-json\/wp\/v2\/types\/post"}],"author":[{"embeddable":true,"href":"https:\/\/noticiasribeiraopreto.com.br\/index.php\/wp-json\/wp\/v2\/users\/1"}],"replies":[{"embeddable":true,"href":"https:\/\/noticiasribeiraopreto.com.br\/index.php\/wp-json\/wp\/v2\/comments?post=79069"}],"version-history":[{"count":0,"href":"https:\/\/noticiasribeiraopreto.com.br\/index.php\/wp-json\/wp\/v2\/posts\/79069\/revisions"}],"wp:featuredmedia":[{"embeddable":true,"href":"https:\/\/noticiasribeiraopreto.com.br\/index.php\/wp-json\/wp\/v2\/media\/76632"}],"wp:attachment":[{"href":"https:\/\/noticiasribeiraopreto.com.br\/index.php\/wp-json\/wp\/v2\/media?parent=79069"}],"wp:term":[{"taxonomy":"category","embeddable":true,"href":"https:\/\/noticiasribeiraopreto.com.br\/index.php\/wp-json\/wp\/v2\/categories?post=79069"},{"taxonomy":"post_tag","embeddable":true,"href":"https:\/\/noticiasribeiraopreto.com.br\/index.php\/wp-json\/wp\/v2\/tags?post=79069"}],"curies":[{"name":"wp","href":"https:\/\/api.w.org\/{rel}","templated":true}]}}