{"id":79070,"date":"2025-10-23T16:53:51","date_gmt":"2025-10-23T19:53:51","guid":{"rendered":"https:\/\/noticiasribeiraopreto.com.br\/index.php\/2025\/10\/23\/lo-borges-e-internado-e-tem-show-cancelado-em-ribeirao-preto\/"},"modified":"2025-10-23T16:53:51","modified_gmt":"2025-10-23T19:53:51","slug":"lo-borges-e-internado-e-tem-show-cancelado-em-ribeirao-preto","status":"publish","type":"post","link":"https:\/\/noticiasribeiraopreto.com.br\/index.php\/2025\/10\/23\/lo-borges-e-internado-e-tem-show-cancelado-em-ribeirao-preto\/","title":{"rendered":"L\u00f4\u00a0Borges\u00a0\u00e9 internado e tem show cancelado em Ribeir\u00e3o Preto"},"content":{"rendered":"<div class='code-block code-block-1' style='margin: 8px 0 8px auto; text-align: right; display: block; clear: both;'>\n<p><a href=\"https:\/\/wa.link\/vpicfd\"><img data-recalc-dims=\"1\" class=\"wp-image-4922\" style=\"aspect-ratio: 2.0253164556962027; width: 561px; height: auto;\" src=\"https:\/\/i0.wp.com\/ismaelcolosi.com.br\/wp-content\/uploads\/2023\/11\/grupo-de-empregos-whatsapp-e-facebook-ismael-colosi-vagas.jpg?ssl=1\" alt=\"\" \/><\/a><\/p>\n<!-- \/wp:image -->\n<\/div>\n<p> <br \/>\n<\/p>\n<div data-td-block-uid=\"tdi_95\">\n<div class=\"tdb-block-inner td-fix-index\">\n<p><strong>O show de L\u00f4 Borges e Beto Guedes, Esquina &amp; Can\u00e7\u00f5es, que seria realizado no pr\u00f3ximo dia 31 de outubro, em Ribeir\u00e3o Preto, foi cancelado. <\/strong>O <strong>motivo <\/strong>\u00e9 a <strong>interna\u00e7\u00e3o <\/strong>de <strong>L\u00f4 Borges<\/strong>, de <strong>73 anos<\/strong>, com um quadro de <strong>intoxica\u00e7\u00e3o <\/strong>por <strong>medicamentos<\/strong>.<\/p>\n<p><mark style=\"background-color:#fcb900\" class=\"has-inline-color has-black-color\">Em comunicado emitido pelo Multiplan Hall, haver\u00e1 reembolso integral dos ingressos, incluindo taxa de conveni\u00eancia.<\/mark><\/p>\n<h2 class=\"wp-block-heading\"><strong>Veja como ser\u00e1 o reembolso:<\/strong><\/h2>\n<p><em>Compras online<\/em><\/p>\n<ul class=\"wp-block-list\">\n<li>Cart\u00e3o de cr\u00e9dito: at\u00e9 2 ciclos da fatura<\/li>\n<li>Pix: at\u00e9 10 dias \u00fateis<\/li>\n<\/ul>\n<p><em>Compras presenciais<\/em><\/p>\n<ul class=\"wp-block-list\">\n<li>Cart\u00e3o de cr\u00e9dito: at\u00e9 2 ciclos da fatura<\/li>\n<li>Cart\u00e3o de d\u00e9bito: at\u00e9 10 dias \u00fateis<\/li>\n<\/ul>\n<p>Para d\u00favidas, clique <a href=\"https:\/\/www.ticketmaster.com.br\/\" data-type=\"link\" data-id=\"https:\/\/www.ticketmaster.com.br\/\" target=\"_blank\" rel=\"noopener\">aqui<\/a><\/p>\n<h3 class=\"wp-block-heading\"><strong>Sa\u00fade<\/strong><\/h3>\n<p>L\u00f4 Borges, um dos fundadores e principais expoentes do Movimento Clube da Esquina, foi internado no \u00faltimo dia 17 de outubro, em um hospital particular de Belo Horizonte (MG), ap\u00f3s passar mal.<\/p>\n<p>A assessoria de\u00a0L\u00f4\u00a0afirmou ao Estad\u00e3o que o artista est\u00e1 passando por novos exames para que a equipe m\u00e9dica tenha um diagn\u00f3stico mais preciso. Apesar de o cantor ter apresentado melhora entre sexta e esta quarta-feira (22), ainda n\u00e3o h\u00e1 previs\u00e3o de alta hospitalar.<\/p>\n<p>Entre os sucessos lan\u00e7ados por\u00a0L\u00f4 Borges\u00a0est\u00e3o \u201cUm Girassol da Cor do Seu Cabelo\u201d, \u201cO Trem Azul\u201d, \u201cCravo e Canela\u201d e \u201cCanela\u201d. (Com Estad\u00e3o Conte\u00fado)<\/p>\n<p>SAIBA MAIS<\/p>\n<p>Nando Reis chega a Ribeir\u00e3o Preto com turn\u00ea \u2018Nando Hits\u2019; ainda h\u00e1 ingressos<\/p>\n<h4 class=\"wp-block-heading\"><strong>FIQUE ON<\/strong><\/h4>\n<p>Fique ligado em tudo que acontece em Ribeir\u00e3o Preto e regi\u00e3o. Siga os perfis do\u00a0<strong>acidade on<\/strong>\u00a0no\u00a0<a href=\"https:\/\/www.instagram.com\/acidadeonribeirao\" target=\"_blank\" rel=\"noreferrer noopener\">Instagram\u00a0<\/a>e no<a href=\"https:\/\/www.facebook.com\/acidadeonribeirao\/\" target=\"_blank\" rel=\"noreferrer noopener\">\u00a0Facebook<\/a>.<\/p>\n<p>Receba not\u00edcias do\u00a0<strong>acidade on<\/strong>\u00a0no WhatsApp. Para entrar no grupo,\u00a0basta\u00a0<a href=\"https:\/\/chat.whatsapp.com\/I4nieTEMKlf50pJ28aMemC?mode=ac_t\" target=\"_blank\" rel=\"noreferrer noopener\">clicar aqui<\/a>. Ou, acesse o nosso\u00a0Canal<a href=\"https:\/\/whatsapp.com\/channel\/0029Vb6IQl1JENyAeS57fk2p\" target=\"_blank\" rel=\"noreferrer noopener\">\u00a0clicando aqui<\/a>.<\/p>\n<p>Fa\u00e7a uma den\u00fancia ou sugira uma reportagem sobre Ribeir\u00e3o Preto e regi\u00e3o pelo WhatsApp: 16 99117 7802.<\/p>\n<p>VEJA TAMB\u00c9M<\/p>\n<p>Qual atriz saiu de \u2018The Morning Show\u2019?<\/p>\n<p><!-- AI CONTENT END 1 -->\n<\/div>\n<\/div>\n<p><script async src=\"\/\/www.instagram.com\/embed.js\"><\/script><br \/>\n<br \/><br \/>\n<br \/><a href=\"https:\/\/www.acidadeon.com\/ribeiraopreto\/lazer-e-cultura\/lo-borges-e-internado-e-tem-show-cancelado-em-ribeirao-preto\/\">Source link <\/a><\/p>\n<!-- CONTENT END 1 -->\n","protected":false},"excerpt":{"rendered":"<p>O show de L\u00f4 Borges e Beto Guedes, Esquina &amp; Can\u00e7\u00f5es, que seria realizado no pr\u00f3ximo dia 31 de outubro, em Ribeir\u00e3o Preto, foi cancelado&#8230;.<\/p>\n","protected":false},"author":1,"featured_media":79071,"comment_status":"open","ping_status":"open","sticky":false,"template":"","format":"standard","meta":{"advanced_seo_description":"","jetpack_seo_html_title":"","jetpack_seo_noindex":false,"jetpack_post_was_ever_published":false,"_jetpack_newsletter_access":"","_jetpack_dont_email_post_to_subs":false,"_jetpack_newsletter_tier_id":0,"_jetpack_memberships_contains_paywalled_content":false,"_jetpack_memberships_contains_paid_content":false,"footnotes":"","jetpack_publicize_message":"","jetpack_publicize_feature_enabled":true,"jetpack_social_post_already_shared":true,"jetpack_social_options":{"image_generator_settings":{"template":"highway","default_image_id":0,"font":"","enabled":false},"version":2}},"categories":[11],"tags":[],"class_list":["post-79070","post","type-post","status-publish","format-standard","has-post-thumbnail","hentry","category-noticias-de-ribeirao-preto-sp-e-regiao-ismael-colosi"],"jetpack_publicize_connections":[],"jetpack_featured_media_url":"https:\/\/i0.wp.com\/noticiasribeiraopreto.com.br\/wp-content\/uploads\/2025\/10\/WhatsApp-Image-2025-10-23-at-14.07.23_2025-10-23_17-13-31.webp.webp?fit=1200%2C675&ssl=1","jetpack-related-posts":[{"id":21587,"url":"https:\/\/noticiasribeiraopreto.com.br\/index.php\/2023\/12\/28\/cartao-de-credito-instituicoes-financeiras-estao-limitadas-a-cobrar-ate-o-dobro-da-divida-entenda\/","url_meta":{"origin":79070,"position":0},"title":"Cart\u00e3o de Cr\u00e9dito: Institui\u00e7\u00f5es Financeiras est\u00e3o limitadas a cobrar at\u00e9 o DOBRO da d\u00edvida; entenda","author":"noticiasribeiraopreto.com.br","date":"28 de December de 2023","format":false,"excerpt":"Em decis\u00e3o recente, o Conselho Monet\u00e1rio Nacional (CMN) imp\u00f4s restri\u00e7\u00f5es \u00e0 cobran\u00e7a de juros em d\u00edvidas de cart\u00e3o de cr\u00e9dito. A partir de janeiro, as institui\u00e7\u00f5es financeiras est\u00e3o limitadas a cobrar at\u00e9 o dobro da d\u00edvida em cart\u00e3o de cr\u00e9dito. O Cart\u00e3o de Cr\u00e9dito e o Endividamento no Brasil O\u2026","rel":"","context":"In &quot;Vagas de Emprego em Ribeir\u00e3o Preto-SP&quot;","block_context":{"text":"Vagas de Emprego em Ribeir\u00e3o Preto-SP","link":"https:\/\/noticiasribeiraopreto.com.br\/index.php\/category\/empregos-classificados-vagas-trabalho\/vagas-de-empregos-em-ribeirao-preto-regiao-brasil\/"},"img":{"alt_text":"","src":"","width":0,"height":0},"classes":[]},{"id":17289,"url":"https:\/\/noticiasribeiraopreto.com.br\/index.php\/2023\/12\/18\/como-aumentar-o-limite-do-cartao-de-credito-5-dicas-infaliveis\/","url_meta":{"origin":79070,"position":1},"title":"Como aumentar o limite do cart\u00e3o de cr\u00e9dito? 5 dicas infal\u00edveis","author":"noticiasribeiraopreto.com.br","date":"18 de December de 2023","format":false,"excerpt":"Voc\u00ea j\u00e1 passou pela situa\u00e7\u00e3o de querer comprar algo com o seu cart\u00e3o de cr\u00e9dito, mas descobrir que o seu limite n\u00e3o era suficiente? Ou de precisar parcelar uma compra em mais vezes, mas n\u00e3o ter margem para isso? Se voc\u00ea respondeu sim a alguma dessas perguntas, saiba que voc\u00ea\u2026","rel":"","context":"In &quot;Vagas de Emprego em Ribeir\u00e3o Preto-SP&quot;","block_context":{"text":"Vagas de Emprego em Ribeir\u00e3o Preto-SP","link":"https:\/\/noticiasribeiraopreto.com.br\/index.php\/category\/empregos-classificados-vagas-trabalho\/vagas-de-empregos-em-ribeirao-preto-regiao-brasil\/"},"img":{"alt_text":"","src":"https:\/\/i0.wp.com\/noticiasribeiraopreto.com.br\/wp-content\/uploads\/2023\/12\/noticiasconcursos.com_.br-como-aumentar-o-limite-do-cartao-de-credito-5-dicas-infaliveis-reproducao-canva-11.jpg?fit=1200%2C800&ssl=1&resize=350%2C200","width":350,"height":200,"srcset":"https:\/\/i0.wp.com\/noticiasribeiraopreto.com.br\/wp-content\/uploads\/2023\/12\/noticiasconcursos.com_.br-como-aumentar-o-limite-do-cartao-de-credito-5-dicas-infaliveis-reproducao-canva-11.jpg?fit=1200%2C800&ssl=1&resize=350%2C200 1x, https:\/\/i0.wp.com\/noticiasribeiraopreto.com.br\/wp-content\/uploads\/2023\/12\/noticiasconcursos.com_.br-como-aumentar-o-limite-do-cartao-de-credito-5-dicas-infaliveis-reproducao-canva-11.jpg?fit=1200%2C800&ssl=1&resize=525%2C300 1.5x, https:\/\/i0.wp.com\/noticiasribeiraopreto.com.br\/wp-content\/uploads\/2023\/12\/noticiasconcursos.com_.br-como-aumentar-o-limite-do-cartao-de-credito-5-dicas-infaliveis-reproducao-canva-11.jpg?fit=1200%2C800&ssl=1&resize=700%2C400 2x, https:\/\/i0.wp.com\/noticiasribeiraopreto.com.br\/wp-content\/uploads\/2023\/12\/noticiasconcursos.com_.br-como-aumentar-o-limite-do-cartao-de-credito-5-dicas-infaliveis-reproducao-canva-11.jpg?fit=1200%2C800&ssl=1&resize=1050%2C600 3x"},"classes":[]},{"id":17293,"url":"https:\/\/noticiasribeiraopreto.com.br\/index.php\/2023\/12\/18\/dividas-com-cartao-de-credito-veja-dicas-para-negociar-as-taxas-e-juros\/","url_meta":{"origin":79070,"position":2},"title":"D\u00edvidas com cart\u00e3o de cr\u00e9dito? Veja dicas para negociar as taxas e juros","author":"noticiasribeiraopreto.com.br","date":"18 de December de 2023","format":false,"excerpt":"Se voc\u00ea est\u00e1 com d\u00edvidas no cart\u00e3o de cr\u00e9dito, saiba que n\u00e3o est\u00e1 sozinho. Segundo dados do Banco Central, o Brasil tem mais de 208 milh\u00f5es de cart\u00f5es de cr\u00e9dito em circula\u00e7\u00e3o. Atualmente, cerca de 60% deles est\u00e3o com algum tipo de atraso no pagamento. Isso significa que milh\u00f5es de\u2026","rel":"","context":"In &quot;Vagas de Emprego em Ribeir\u00e3o Preto-SP&quot;","block_context":{"text":"Vagas de Emprego em Ribeir\u00e3o Preto-SP","link":"https:\/\/noticiasribeiraopreto.com.br\/index.php\/category\/empregos-classificados-vagas-trabalho\/vagas-de-empregos-em-ribeirao-preto-regiao-brasil\/"},"img":{"alt_text":"","src":"https:\/\/i0.wp.com\/noticiasribeiraopreto.com.br\/wp-content\/uploads\/2023\/12\/noticiasconcursos.com_.br-dividas-com-cartao-de-credito-veja-dicas-para-negociar-as-taxas-e-juros-reproducao-canva-7.jpg?fit=1200%2C800&ssl=1&resize=350%2C200","width":350,"height":200,"srcset":"https:\/\/i0.wp.com\/noticiasribeiraopreto.com.br\/wp-content\/uploads\/2023\/12\/noticiasconcursos.com_.br-dividas-com-cartao-de-credito-veja-dicas-para-negociar-as-taxas-e-juros-reproducao-canva-7.jpg?fit=1200%2C800&ssl=1&resize=350%2C200 1x, https:\/\/i0.wp.com\/noticiasribeiraopreto.com.br\/wp-content\/uploads\/2023\/12\/noticiasconcursos.com_.br-dividas-com-cartao-de-credito-veja-dicas-para-negociar-as-taxas-e-juros-reproducao-canva-7.jpg?fit=1200%2C800&ssl=1&resize=525%2C300 1.5x, https:\/\/i0.wp.com\/noticiasribeiraopreto.com.br\/wp-content\/uploads\/2023\/12\/noticiasconcursos.com_.br-dividas-com-cartao-de-credito-veja-dicas-para-negociar-as-taxas-e-juros-reproducao-canva-7.jpg?fit=1200%2C800&ssl=1&resize=700%2C400 2x, https:\/\/i0.wp.com\/noticiasribeiraopreto.com.br\/wp-content\/uploads\/2023\/12\/noticiasconcursos.com_.br-dividas-com-cartao-de-credito-veja-dicas-para-negociar-as-taxas-e-juros-reproducao-canva-7.jpg?fit=1200%2C800&ssl=1&resize=1050%2C600 3x"},"classes":[]},{"id":23455,"url":"https:\/\/noticiasribeiraopreto.com.br\/index.php\/2024\/01\/02\/como-usar-cartao-de-credito-de-forma-responsavel\/","url_meta":{"origin":79070,"position":3},"title":"Como Usar Cart\u00e3o de Cr\u00e9dito de Forma Respons\u00e1vel","author":"noticiasribeiraopreto.com.br","date":"2 de January de 2024","format":false,"excerpt":"Em um cen\u00e1rio onde a praticidade das transa\u00e7\u00f5es financeiras \u00e9 essencial, entender como usar cart\u00e3o de cr\u00e9dito de maneira inteligente torna-se crucial. Por isso, ao longo deste guia voc\u00ea vai descobrir dicas pr\u00e1ticas, estrat\u00e9gias inteligentes e respostas \u00e0s perguntas mais frequentes sobre o tema.\u00a0 Este conte\u00fado \u00e9 destinado a todos\u2026","rel":"","context":"In &quot;Dinheiro e Investimento&quot;","block_context":{"text":"Dinheiro e Investimento","link":"https:\/\/noticiasribeiraopreto.com.br\/index.php\/category\/dinheiro-e-investimento-como-fazer-como-ganhar\/"},"img":{"alt_text":"","src":"https:\/\/i0.wp.com\/noticiasribeiraopreto.com.br\/wp-content\/uploads\/2024\/01\/Como-Usar-Cartao-de-Credito-1.jpg?fit=667%2C1000&ssl=1&resize=350%2C200","width":350,"height":200,"srcset":"https:\/\/i0.wp.com\/noticiasribeiraopreto.com.br\/wp-content\/uploads\/2024\/01\/Como-Usar-Cartao-de-Credito-1.jpg?fit=667%2C1000&ssl=1&resize=350%2C200 1x, https:\/\/i0.wp.com\/noticiasribeiraopreto.com.br\/wp-content\/uploads\/2024\/01\/Como-Usar-Cartao-de-Credito-1.jpg?fit=667%2C1000&ssl=1&resize=525%2C300 1.5x"},"classes":[]},{"id":46464,"url":"https:\/\/noticiasribeiraopreto.com.br\/index.php\/2024\/04\/11\/bb-anuncia-pre-venda-de-novas-datas-da-turne-caetanobethania\/","url_meta":{"origin":79070,"position":4},"title":"BB anuncia pr\u00e9-venda de novas datas da turn\u00ea Caetano&#038;Beth\u00e2nia","author":"noticiasribeiraopreto.com.br","date":"11 de April de 2024","format":false,"excerpt":"BB anuncia pr\u00e9-venda de novas datas da turn\u00ea Caetano&Beth\u00e2niaDevido \u00e0 alta demanda e para maior conforto do p\u00fablico, show de Bel\u00e9m ser\u00e1 em novo e maior local (Est\u00e1dio Mangueir\u00e3o) e ser\u00e1 transferido de um domingo para um s\u00e1bado (28\/9) Atendendo aos pedidos dos f\u00e3s, a turn\u00ea Caetano&Beth\u00e2nia, patrocinada pelo Banco\u2026","rel":"","context":"In &quot;Not\u00edcias de Ribeir\u00e3o Preto-SP e Regi\u00e3o&quot;","block_context":{"text":"Not\u00edcias de Ribeir\u00e3o Preto-SP e Regi\u00e3o","link":"https:\/\/noticiasribeiraopreto.com.br\/index.php\/category\/noticias-de-ribeirao-preto-sp-e-regiao-ismael-colosi\/"},"img":{"alt_text":"","src":"https:\/\/i0.wp.com\/noticiasribeiraopreto.com.br\/wp-content\/uploads\/2024\/04\/Maria-Bethania-e-Caetano-Veloso.jpg?fit=1200%2C675&ssl=1&resize=350%2C200","width":350,"height":200,"srcset":"https:\/\/i0.wp.com\/noticiasribeiraopreto.com.br\/wp-content\/uploads\/2024\/04\/Maria-Bethania-e-Caetano-Veloso.jpg?fit=1200%2C675&ssl=1&resize=350%2C200 1x, https:\/\/i0.wp.com\/noticiasribeiraopreto.com.br\/wp-content\/uploads\/2024\/04\/Maria-Bethania-e-Caetano-Veloso.jpg?fit=1200%2C675&ssl=1&resize=525%2C300 1.5x, https:\/\/i0.wp.com\/noticiasribeiraopreto.com.br\/wp-content\/uploads\/2024\/04\/Maria-Bethania-e-Caetano-Veloso.jpg?fit=1200%2C675&ssl=1&resize=700%2C400 2x, https:\/\/i0.wp.com\/noticiasribeiraopreto.com.br\/wp-content\/uploads\/2024\/04\/Maria-Bethania-e-Caetano-Veloso.jpg?fit=1200%2C675&ssl=1&resize=1050%2C600 3x"},"classes":[]},{"id":20471,"url":"https:\/\/noticiasribeiraopreto.com.br\/index.php\/2023\/12\/25\/atencao-limite-de-juros-para-divida-em-cartao-de-credito-e-estabelecido-em-100\/","url_meta":{"origin":79070,"position":5},"title":"ATEN\u00c7\u00c3O: Limite de Juros para D\u00edvida em Cart\u00e3o de Cr\u00e9dito \u00e9 Estabelecido em 100%","author":"noticiasribeiraopreto.com.br","date":"25 de December de 2023","format":false,"excerpt":"O Conselho Monet\u00e1rio Nacional (CMN) adotou uma medida impactante que alterar\u00e1 diretamente a vida financeira dos brasileiros. A partir de 3 de janeiro de 2023, os juros referentes \u00e0 d\u00edvida rotativa do cart\u00e3o de cr\u00e9dito e \u00e0 fatura parcelada ser\u00e3o limitados a 100% da d\u00edvida. Isso aconteceu ap\u00f3s o t\u00e9rmino\u2026","rel":"","context":"In &quot;Vagas de Emprego em Ribeir\u00e3o Preto-SP&quot;","block_context":{"text":"Vagas de Emprego em Ribeir\u00e3o Preto-SP","link":"https:\/\/noticiasribeiraopreto.com.br\/index.php\/category\/empregos-classificados-vagas-trabalho\/vagas-de-empregos-em-ribeirao-preto-regiao-brasil\/"},"img":{"alt_text":"","src":"","width":0,"height":0},"classes":[]}],"jetpack_sharing_enabled":true,"jetpack_shortlink":"https:\/\/wp.me\/peQAOb-kzk","_links":{"self":[{"href":"https:\/\/noticiasribeiraopreto.com.br\/index.php\/wp-json\/wp\/v2\/posts\/79070","targetHints":{"allow":["GET"]}}],"collection":[{"href":"https:\/\/noticiasribeiraopreto.com.br\/index.php\/wp-json\/wp\/v2\/posts"}],"about":[{"href":"https:\/\/noticiasribeiraopreto.com.br\/index.php\/wp-json\/wp\/v2\/types\/post"}],"author":[{"embeddable":true,"href":"https:\/\/noticiasribeiraopreto.com.br\/index.php\/wp-json\/wp\/v2\/users\/1"}],"replies":[{"embeddable":true,"href":"https:\/\/noticiasribeiraopreto.com.br\/index.php\/wp-json\/wp\/v2\/comments?post=79070"}],"version-history":[{"count":0,"href":"https:\/\/noticiasribeiraopreto.com.br\/index.php\/wp-json\/wp\/v2\/posts\/79070\/revisions"}],"wp:featuredmedia":[{"embeddable":true,"href":"https:\/\/noticiasribeiraopreto.com.br\/index.php\/wp-json\/wp\/v2\/media\/79071"}],"wp:attachment":[{"href":"https:\/\/noticiasribeiraopreto.com.br\/index.php\/wp-json\/wp\/v2\/media?parent=79070"}],"wp:term":[{"taxonomy":"category","embeddable":true,"href":"https:\/\/noticiasribeiraopreto.com.br\/index.php\/wp-json\/wp\/v2\/categories?post=79070"},{"taxonomy":"post_tag","embeddable":true,"href":"https:\/\/noticiasribeiraopreto.com.br\/index.php\/wp-json\/wp\/v2\/tags?post=79070"}],"curies":[{"name":"wp","href":"https:\/\/api.w.org\/{rel}","templated":true}]}}