{"id":79072,"date":"2025-10-23T17:02:48","date_gmt":"2025-10-23T20:02:48","guid":{"rendered":"https:\/\/noticiasribeiraopreto.com.br\/index.php\/2025\/10\/23\/tentativa-de-furto-de-combustivel-provoca-catastrofe-de-grandes-proporcoes-diz-secretario\/"},"modified":"2025-10-23T17:02:48","modified_gmt":"2025-10-23T20:02:48","slug":"tentativa-de-furto-de-combustivel-provoca-catastrofe-de-grandes-proporcoes-diz-secretario","status":"publish","type":"post","link":"https:\/\/noticiasribeiraopreto.com.br\/index.php\/2025\/10\/23\/tentativa-de-furto-de-combustivel-provoca-catastrofe-de-grandes-proporcoes-diz-secretario\/","title":{"rendered":"Tentativa de furto de combust\u00edvel provoca \u201ccat\u00e1strofe de grandes propor\u00e7\u00f5es\u201d, diz secret\u00e1rio"},"content":{"rendered":"<div class='code-block code-block-1' style='margin: 8px 0 8px auto; text-align: right; display: block; clear: both;'>\n<p><a href=\"https:\/\/wa.link\/vpicfd\"><img data-recalc-dims=\"1\" class=\"wp-image-4922\" style=\"aspect-ratio: 2.0253164556962027; width: 561px; height: auto;\" src=\"https:\/\/i0.wp.com\/ismaelcolosi.com.br\/wp-content\/uploads\/2023\/11\/grupo-de-empregos-whatsapp-e-facebook-ismael-colosi-vagas.jpg?ssl=1\" alt=\"\" \/><\/a><\/p>\n<!-- \/wp:image -->\n<\/div>\n<p> <br \/>\n<\/p>\n<div>\n<p>Uma tentativa de <strong>furto de combust\u00edvel<\/strong> em um oleoduto da <strong>Petrobras <\/strong>provocou uma \u201ccat\u00e1strofe de enormes propor\u00e7\u00f5es\u201d, segundo o secret\u00e1rio de Seguran\u00e7a de Orl\u00e2ndia, <strong>Fabi\u00e3o Junqueira<\/strong> \u2013 veja v\u00eddeo abaixo.<\/p>\n<p>O incidente ocorreu na madrugada desta quinta-feira (23), nas proximidades da Fazenda Monte Belo, na zona rural que faz divisa entre <strong>Orl\u00e2ndia <\/strong>e <strong>Sales Oliveira<\/strong>, na <strong>regi\u00e3o de Ribeir\u00e3o Preto<\/strong>.<\/p>\n<p>De acordo com informa\u00e7\u00f5es iniciais, criminosos teriam ido ao local para furtar o combust\u00edvel, mas foram surpreendidos por seguran\u00e7as e fugiram. Conforme o secret\u00e1rio, o caminh\u00e3o utilizado na a\u00e7\u00e3o foi abandonado no local.<\/p>\n<p>Conforme apura\u00e7\u00e3o da <strong>EPTV<\/strong>, um homem foi preso e est\u00e1 sendo conduzido \u00e0 delegacia. Ele foi <strong>encontrado em um matagal pr\u00f3ximo \u00e0 rodovia Anhanguera (SP-330)<\/strong> e <strong>confessou o crime<\/strong>. <mark style=\"background-color:#fcb900\" class=\"has-inline-color\">Ainda afirmou que foi at\u00e9 a fazenda <strong>em um carro com quatro pessoas<\/strong>, que conseguiram <strong>fugir<\/strong>. <\/mark><\/p>\n<p>Segundo a <strong>Prefeitura de Orl\u00e2ndia<\/strong>, equipes municipais e estaduais est\u00e3o atuando na regi\u00e3o para controlar o risco e garantir a seguran\u00e7a da popula\u00e7\u00e3o. <strong>O local est\u00e1 totalmente isolado.<\/strong><\/p>\n<figure class=\"wp-block-pullquote\">\n<blockquote>\n<p>Houve, \u00e0 noite, uma tentativa de estouro aqui no oleoduto da Petrobr\u00e1s. O cheiro est\u00e1 fort\u00edssimo, por\u00e9m aquilo \u00e9 gasolina pura, o que est\u00e1 jorrando \u00e9 gasolina. H\u00e1 uma cat\u00e1strofe de enormes propor\u00e7\u00f5es, inclusive, estamos em uma \u00e1rea de risco<\/p>\n<p><cite>secret\u00e1rio de Seguran\u00e7a de Orl\u00e2ndia, Fabi\u00e3o Junqueira<\/cite><\/p><\/blockquote>\n<\/figure>\n<blockquote class=\"instagram-media\" data-instgrm-permalink=\"https:\/\/www.instagram.com\/reel\/DQKIpfbjl7j\/?utm_source=ig_embed&amp;utm_campaign=loading\" data-instgrm-version=\"14\" style=\" background:#FFF; border:0; border-radius:3px; box-shadow:0 0 1px 0 rgba(0,0,0,0.5),0 1px 10px 0 rgba(0,0,0,0.15); margin: 1px; max-width:540px; min-width:326px; padding:0; width:99.375%; width:-webkit-calc(100% - 2px); width:calc(100% - 2px);\"\/>\n<h2 class=\"wp-block-heading\"><strong>\u201cChafariz de gasolina\u201d<\/strong><\/h2>\n<p>Nas imagens abaixo, \u00e9 poss\u00edvel ver o <strong>vazamento de gasolina<\/strong>, que chegou a<strong> jorrar a v\u00e1rios metros de altura<\/strong>. Segundo a <strong>Prefeitura de Orl\u00e2ndia<\/strong>, al\u00e9m do risco de explos\u00e3o, <mark style=\"background-color:#fcb900\" class=\"has-inline-color\">o incidente tamb\u00e9m representa risco de contamina\u00e7\u00e3o ambiental.<\/mark><\/p>\n<figure class=\"wp-block-pullquote\">\n<blockquote>\n<p>A Prefeitura de Orl\u00e2ndia, por meio da Defesa Civil, Guarda Civil Municipal e Secretaria de Seguran\u00e7a P\u00fablica, enviou imediatamente suas equipes para atuar em apoio \u00e0s autoridades competentes no controle da situa\u00e7\u00e3o<\/p>\n<p><cite>disse o \u00f3rg\u00e3o<\/cite><\/p><\/blockquote>\n<\/figure>\n<p>No local est\u00e3o equipes do <strong>Corpo de Bombeiros<\/strong>, <strong>Defesa Civil<\/strong>, <strong>Patrulha Rural<\/strong>, <strong>GCM<\/strong>, <strong>PM<\/strong>, <strong>t\u00e9cnicos da Petrobras<\/strong> e <strong>brigadas de usinas da regi\u00e3o<\/strong>. \u201cH\u00e1 forte odor de combust\u00edvel no local e risco eminente de explos\u00e3o. Por seguran\u00e7a, pedimos que a popula\u00e7\u00e3o evite se aproximar da \u00e1rea at\u00e9 a completa libera\u00e7\u00e3o das autoridades competentes\u201d, disse a Prefeitura.<\/p>\n<p>Em nota, a <strong>Transpetro<\/strong>, maior subsidi\u00e1ria da <strong>Petrobras<\/strong>, informou que \u201cequipes foram imediatamente acionadas para o local, que se encontra isolado, e a opera\u00e7\u00e3o do duto foi interrompida. Todos os recursos foram mobilizados para conter o vazamento\u201d.<\/p>\n<p>Al\u00e9m disso, a empresa informou que \u201c\u00e9 v\u00edtima do crime de furto de petr\u00f3leo e derivados em dutos e tem como maior preocupa\u00e7\u00e3o a preserva\u00e7\u00e3o da vida e a seguran\u00e7a das pessoas e do meio ambiente\u201d.<\/p>\n<figure class=\"wp-block-gallery has-nested-images columns-default is-cropped wp-block-gallery-1 is-layout-flex wp-block-gallery-is-layout-flex\">\n<figure class=\"wp-block-image size-large\"><img data-recalc-dims=\"1\" fetchpriority=\"high\" decoding=\"async\" width=\"1024\" height=\"576\" data-id=\"133275\" src=\"https:\/\/i0.wp.com\/cdn.media-acidadeon.com.br\/ribeiraopreto\/wp-content\/uploads\/sites\/3\/2025\/10\/Copia-de-Copia-de-Copia-de-TAMANHO-EXATO-PARA-FOTOS-NO-SISTEMA-NOVO-2025-10-23T131036.650_2025-10-23_16-20-40-1024x576.webp?resize=1024%2C576&#038;ssl=1\" alt=\"Criminosos tentam furtar combust\u00edvel e provocam risco de explos\u00e3o em Orl\u00e2ndia - Foto: reprodu\u00e7\u00e3o\/ redes sociais.\" class=\"wp-image-133275\" title=\"Tentativa de furto de combust\u00edvel provoca \u201ccat\u00e1strofe de grandes propor\u00e7\u00f5es\u201d, diz secret\u00e1rio 1\" srcset=\"https:\/\/cdn.media-acidadeon.com.br\/ribeiraopreto\/wp-content\/uploads\/sites\/3\/2025\/10\/Copia-de-Copia-de-Copia-de-TAMANHO-EXATO-PARA-FOTOS-NO-SISTEMA-NOVO-2025-10-23T131036.650_2025-10-23_16-20-40-1024x576.webp 1024w, https:\/\/cdn.media-acidadeon.com.br\/ribeiraopreto\/wp-content\/uploads\/sites\/3\/2025\/10\/Copia-de-Copia-de-Copia-de-TAMANHO-EXATO-PARA-FOTOS-NO-SISTEMA-NOVO-2025-10-23T131036.650_2025-10-23_16-20-40-300x169.webp 300w, https:\/\/cdn.media-acidadeon.com.br\/ribeiraopreto\/wp-content\/uploads\/sites\/3\/2025\/10\/Copia-de-Copia-de-Copia-de-TAMANHO-EXATO-PARA-FOTOS-NO-SISTEMA-NOVO-2025-10-23T131036.650_2025-10-23_16-20-40-768x432.webp 768w, https:\/\/cdn.media-acidadeon.com.br\/ribeiraopreto\/wp-content\/uploads\/sites\/3\/2025\/10\/Copia-de-Copia-de-Copia-de-TAMANHO-EXATO-PARA-FOTOS-NO-SISTEMA-NOVO-2025-10-23T131036.650_2025-10-23_16-20-40-696x392.webp 696w, https:\/\/cdn.media-acidadeon.com.br\/ribeiraopreto\/wp-content\/uploads\/sites\/3\/2025\/10\/Copia-de-Copia-de-Copia-de-TAMANHO-EXATO-PARA-FOTOS-NO-SISTEMA-NOVO-2025-10-23T131036.650_2025-10-23_16-20-40-1068x601.webp 1068w, https:\/\/cdn.media-acidadeon.com.br\/ribeiraopreto\/wp-content\/uploads\/sites\/3\/2025\/10\/Copia-de-Copia-de-Copia-de-TAMANHO-EXATO-PARA-FOTOS-NO-SISTEMA-NOVO-2025-10-23T131036.650_2025-10-23_16-20-40.webp 1200w\" sizes=\"(max-width: 1024px) 100vw, 1024px\"\/><figcaption class=\"wp-element-caption\">Criminosos tentam furtar combust\u00edvel e provocam risco de explos\u00e3o em Orl\u00e2ndia \u2013 Foto: reprodu\u00e7\u00e3o\/ redes sociais.<\/figcaption><\/figure>\n<figure class=\"wp-block-image size-large\"><img data-recalc-dims=\"1\" loading=\"lazy\" decoding=\"async\" width=\"768\" height=\"1024\" data-id=\"133276\" src=\"https:\/\/i0.wp.com\/cdn.media-acidadeon.com.br\/ribeiraopreto\/wp-content\/uploads\/sites\/3\/2025\/10\/WhatsApp-Image-2025-10-23-at-12.21.28_2025-10-23_16-20-42-768x1024.webp?resize=768%2C1024&#038;ssl=1\" alt=\"Criminosos tentam furtar combust\u00edvel e provocam risco de explos\u00e3o em Orl\u00e2ndia - Foto: reprodu\u00e7\u00e3o\/ redes sociais.\" class=\"wp-image-133276\" title=\"Tentativa de furto de combust\u00edvel provoca \u201ccat\u00e1strofe de grandes propor\u00e7\u00f5es\u201d, diz secret\u00e1rio 2\" srcset=\"https:\/\/cdn.media-acidadeon.com.br\/ribeiraopreto\/wp-content\/uploads\/sites\/3\/2025\/10\/WhatsApp-Image-2025-10-23-at-12.21.28_2025-10-23_16-20-42-768x1024.webp 768w, https:\/\/cdn.media-acidadeon.com.br\/ribeiraopreto\/wp-content\/uploads\/sites\/3\/2025\/10\/WhatsApp-Image-2025-10-23-at-12.21.28_2025-10-23_16-20-42-225x300.webp 225w, https:\/\/cdn.media-acidadeon.com.br\/ribeiraopreto\/wp-content\/uploads\/sites\/3\/2025\/10\/WhatsApp-Image-2025-10-23-at-12.21.28_2025-10-23_16-20-42-696x928.webp 696w, https:\/\/cdn.media-acidadeon.com.br\/ribeiraopreto\/wp-content\/uploads\/sites\/3\/2025\/10\/WhatsApp-Image-2025-10-23-at-12.21.28_2025-10-23_16-20-42.webp 960w\" sizes=\"auto, (max-width: 768px) 100vw, 768px\"\/><figcaption class=\"wp-element-caption\">Criminosos tentam furtar combust\u00edvel e provocam risco de explos\u00e3o em Orl\u00e2ndia \u2013 Foto: reprodu\u00e7\u00e3o\/ redes sociais.<\/figcaption><\/figure>\n<figure class=\"wp-block-image size-large\"><img data-recalc-dims=\"1\" loading=\"lazy\" decoding=\"async\" width=\"768\" height=\"1024\" data-id=\"133277\" src=\"https:\/\/i0.wp.com\/cdn.media-acidadeon.com.br\/ribeiraopreto\/wp-content\/uploads\/sites\/3\/2025\/10\/WhatsApp-Image-2025-10-23-at-12.21.26_2025-10-23_16-20-45-768x1024.webp?resize=768%2C1024&#038;ssl=1\" alt=\"Criminosos tentam furtar combust\u00edvel e provocam risco de explos\u00e3o em Orl\u00e2ndia - Foto: reprodu\u00e7\u00e3o\/ redes sociais.\" class=\"wp-image-133277\" title=\"Tentativa de furto de combust\u00edvel provoca \u201ccat\u00e1strofe de grandes propor\u00e7\u00f5es\u201d, diz secret\u00e1rio 3\" srcset=\"https:\/\/cdn.media-acidadeon.com.br\/ribeiraopreto\/wp-content\/uploads\/sites\/3\/2025\/10\/WhatsApp-Image-2025-10-23-at-12.21.26_2025-10-23_16-20-45-768x1024.webp 768w, https:\/\/cdn.media-acidadeon.com.br\/ribeiraopreto\/wp-content\/uploads\/sites\/3\/2025\/10\/WhatsApp-Image-2025-10-23-at-12.21.26_2025-10-23_16-20-45-225x300.webp 225w, https:\/\/cdn.media-acidadeon.com.br\/ribeiraopreto\/wp-content\/uploads\/sites\/3\/2025\/10\/WhatsApp-Image-2025-10-23-at-12.21.26_2025-10-23_16-20-45-696x928.webp 696w, https:\/\/cdn.media-acidadeon.com.br\/ribeiraopreto\/wp-content\/uploads\/sites\/3\/2025\/10\/WhatsApp-Image-2025-10-23-at-12.21.26_2025-10-23_16-20-45.webp 960w\" sizes=\"auto, (max-width: 768px) 100vw, 768px\"\/><figcaption class=\"wp-element-caption\">Criminosos tentam furtar combust\u00edvel e provocam risco de explos\u00e3o em Orl\u00e2ndia \u2013 Foto: reprodu\u00e7\u00e3o\/ redes sociais.<\/figcaption><\/figure>\n<\/figure>\n<hr class=\"wp-block-separator has-alpha-channel-opacity\"\/>\n<p>SAIBA MAIS<\/p>\n<p>Caso Larissa: m\u00e9dico acusado de matar professora admite ter sentido ci\u00fames da amante durante audi\u00eancia; V\u00eddeo<\/p>\n<h2 class=\"wp-block-heading\"><strong>FIQUE ON<\/strong><\/h2>\n<p>Fique ligado em tudo que acontece em Ribeir\u00e3o Preto e regi\u00e3o. Siga os perfis do\u00a0<strong>acidade on<\/strong>\u00a0no\u00a0<a href=\"https:\/\/www.instagram.com\/acidadeonribeirao\" target=\"_blank\" rel=\"noreferrer noopener\">Instagram\u00a0<\/a>e no<a href=\"https:\/\/www.facebook.com\/acidadeonribeirao\/\" target=\"_blank\" rel=\"noreferrer noopener\">\u00a0Facebook<\/a>.<\/p>\n<p>Receba not\u00edcias do\u00a0<strong>acidade on<\/strong>\u00a0no WhatsApp. Para entrar no grupo,\u00a0basta\u00a0<a href=\"https:\/\/chat.whatsapp.com\/I4nieTEMKlf50pJ28aMemC?mode=ac_t\" target=\"_blank\" rel=\"noreferrer noopener\">clicar aqui<\/a>. Ou, acesse o nosso\u00a0Canal<a href=\"https:\/\/whatsapp.com\/channel\/0029Vb6IQl1JENyAeS57fk2p\" target=\"_blank\" rel=\"noreferrer noopener\">\u00a0clicando aqui<\/a>.<\/p>\n<p>Fa\u00e7a uma den\u00fancia ou sugira uma reportagem sobre Ribeir\u00e3o Preto e regi\u00e3o pelo WhatsApp: 16 99117 7802.<\/p>\n<p>VEJA TAMB\u00c9M<\/p>\n<p>Gaby Spanic, de \u2018A Usurpadora\u2019, vai estar em \u2018Beleza Fatal 2\u2019?<\/p>\n<p><!-- AI CONTENT END 1 -->\n<\/div>\n<p><script async src=\"\/\/www.instagram.com\/embed.js\"><\/script><br \/>\n<br \/><br \/>\n<br \/><a href=\"https:\/\/www.acidadeon.com\/ribeiraopreto\/cotidiano\/tentativa-de-furto-de-combustivel-provoca-catastrofe-de-grandes-proporcoes-diz-secretario\/\">Source link <\/a><\/p>\n<!-- CONTENT END 1 -->\n","protected":false},"excerpt":{"rendered":"<p>Uma tentativa de furto de combust\u00edvel em um oleoduto da Petrobras provocou uma \u201ccat\u00e1strofe de enormes propor\u00e7\u00f5es\u201d, segundo o secret\u00e1rio de Seguran\u00e7a de Orl\u00e2ndia, Fabi\u00e3o&#8230;<\/p>\n","protected":false},"author":1,"featured_media":79073,"comment_status":"open","ping_status":"open","sticky":false,"template":"","format":"standard","meta":{"advanced_seo_description":"","jetpack_seo_html_title":"","jetpack_seo_noindex":false,"jetpack_post_was_ever_published":false,"_jetpack_newsletter_access":"","_jetpack_dont_email_post_to_subs":false,"_jetpack_newsletter_tier_id":0,"_jetpack_memberships_contains_paywalled_content":false,"_jetpack_memberships_contains_paid_content":false,"footnotes":"","jetpack_publicize_message":"","jetpack_publicize_feature_enabled":true,"jetpack_social_post_already_shared":true,"jetpack_social_options":{"image_generator_settings":{"template":"highway","default_image_id":0,"font":"","enabled":false},"version":2}},"categories":[11],"tags":[],"class_list":["post-79072","post","type-post","status-publish","format-standard","has-post-thumbnail","hentry","category-noticias-de-ribeirao-preto-sp-e-regiao-ismael-colosi"],"jetpack_publicize_connections":[],"jetpack_featured_media_url":"https:\/\/i0.wp.com\/noticiasribeiraopreto.com.br\/wp-content\/uploads\/2025\/10\/Copia-de-Copia-de-Copia-de-TAMANHO-EXATO-PARA-FOTOS-NO-SISTEMA-NOVO-2025-10-23T130040.411_2025-10-23_16-03-11.webp.webp?fit=1200%2C675&ssl=1","jetpack-related-posts":[{"id":79044,"url":"https:\/\/noticiasribeiraopreto.com.br\/index.php\/2025\/10\/23\/tentativa-de-furto-faz-combustivel-jorrar-na-regiao\/","url_meta":{"origin":79072,"position":0},"title":"Tentativa de furto faz combust\u00edvel jorrar na regi\u00e3o","author":"noticiasribeiraopreto.com.br","date":"23 de October de 2025","format":false,"excerpt":"\u00c1rea foi interditada por risco de explos\u00e3o e v\u00e1rios \u00f3rg\u00e3os atuam para conter o vazamento 23 de outubro de 2025 13:041 Compartilhar0 Por: Adalberto Luque Uma tentativa de furto, ocorrida na madrugada desta quinta-feira, 23 de outubro, fez com que a gasolina transportada por um duto passasse a jorrar incessantemente,\u2026","rel":"","context":"In &quot;Not\u00edcias de Ribeir\u00e3o Preto-SP e Regi\u00e3o&quot;","block_context":{"text":"Not\u00edcias de Ribeir\u00e3o Preto-SP e Regi\u00e3o","link":"https:\/\/noticiasribeiraopreto.com.br\/index.php\/category\/noticias-de-ribeirao-preto-sp-e-regiao-ismael-colosi\/"},"img":{"alt_text":"","src":"https:\/\/i0.wp.com\/noticiasribeiraopreto.com.br\/wp-content\/uploads\/2025\/10\/23-out-2025-furtocombustivel-scaled.jpg?fit=869%2C780&ssl=1&resize=350%2C200","width":350,"height":200,"srcset":"https:\/\/i0.wp.com\/noticiasribeiraopreto.com.br\/wp-content\/uploads\/2025\/10\/23-out-2025-furtocombustivel-scaled.jpg?fit=869%2C780&ssl=1&resize=350%2C200 1x, https:\/\/i0.wp.com\/noticiasribeiraopreto.com.br\/wp-content\/uploads\/2025\/10\/23-out-2025-furtocombustivel-scaled.jpg?fit=869%2C780&ssl=1&resize=525%2C300 1.5x, https:\/\/i0.wp.com\/noticiasribeiraopreto.com.br\/wp-content\/uploads\/2025\/10\/23-out-2025-furtocombustivel-scaled.jpg?fit=869%2C780&ssl=1&resize=700%2C400 2x"},"classes":[]},{"id":79082,"url":"https:\/\/noticiasribeiraopreto.com.br\/index.php\/2025\/10\/23\/video-mostra-gasolina-jorrando-em-oleoduto-apos-tentativa-de-furto-assista\/","url_meta":{"origin":79072,"position":1},"title":"V\u00eddeo mostra gasolina jorrando em oleoduto ap\u00f3s tentativa de furto; Assista","author":"noticiasribeiraopreto.com.br","date":"23 de October de 2025","format":false,"excerpt":"Um v\u00eddeo mostra a gasolina jorrando ap\u00f3s tentativa de furto entre Orl\u00e2ndia e Sales Oliveira, no interior de S\u00e3o Paulo. O crime aconteceu nesta quinta-feira (23) e o jato chegou a mais de 20 metros de altura e, segundo as autoridades, o vazamento representa risco de explos\u00e3o e contamina\u00e7\u00e3o ambiental.\u2026","rel":"","context":"In &quot;Not\u00edcias de Ribeir\u00e3o Preto-SP e Regi\u00e3o&quot;","block_context":{"text":"Not\u00edcias de Ribeir\u00e3o Preto-SP e Regi\u00e3o","link":"https:\/\/noticiasribeiraopreto.com.br\/index.php\/category\/noticias-de-ribeirao-preto-sp-e-regiao-ismael-colosi\/"},"img":{"alt_text":"","src":"https:\/\/i0.wp.com\/noticiasribeiraopreto.com.br\/wp-content\/uploads\/2025\/10\/gasolina-jorrando_2025-10-23_20-00-07.webp.webp?fit=1200%2C1038&ssl=1&resize=350%2C200","width":350,"height":200,"srcset":"https:\/\/i0.wp.com\/noticiasribeiraopreto.com.br\/wp-content\/uploads\/2025\/10\/gasolina-jorrando_2025-10-23_20-00-07.webp.webp?fit=1200%2C1038&ssl=1&resize=350%2C200 1x, https:\/\/i0.wp.com\/noticiasribeiraopreto.com.br\/wp-content\/uploads\/2025\/10\/gasolina-jorrando_2025-10-23_20-00-07.webp.webp?fit=1200%2C1038&ssl=1&resize=525%2C300 1.5x, https:\/\/i0.wp.com\/noticiasribeiraopreto.com.br\/wp-content\/uploads\/2025\/10\/gasolina-jorrando_2025-10-23_20-00-07.webp.webp?fit=1200%2C1038&ssl=1&resize=700%2C400 2x, https:\/\/i0.wp.com\/noticiasribeiraopreto.com.br\/wp-content\/uploads\/2025\/10\/gasolina-jorrando_2025-10-23_20-00-07.webp.webp?fit=1200%2C1038&ssl=1&resize=1050%2C600 3x"},"classes":[]},{"id":67243,"url":"https:\/\/noticiasribeiraopreto.com.br\/index.php\/2025\/04\/11\/mulher-acusa-vizinho-de-furto-de-combustivel-de-moto-em-condominio-de-ribeirao-preto\/","url_meta":{"origin":79072,"position":2},"title":"Mulher acusa vizinho de furto de combust\u00edvel de moto em condom\u00ednio de Ribeir\u00e3o Preto","author":"noticiasribeiraopreto.com.br","date":"11 de April de 2025","format":false,"excerpt":"Uma mulher denunciou o vizinho \u00e0 Pol\u00edcia Civil por furto de combust\u00edvel de sua moto, em um condom\u00ednio na Vila Guiomar, zona Oeste de Ribeir\u00e3o Preto. Ela disse que chegou a gastar com mec\u00e2nico, mas nenhum defeito foi encontrado no ve\u00edculo, e que por vezes ficou parada na rua sem\u2026","rel":"","context":"In &quot;Not\u00edcias de Ribeir\u00e3o Preto-SP e Regi\u00e3o&quot;","block_context":{"text":"Not\u00edcias de Ribeir\u00e3o Preto-SP e Regi\u00e3o","link":"https:\/\/noticiasribeiraopreto.com.br\/index.php\/category\/noticias-de-ribeirao-preto-sp-e-regiao-ismael-colosi\/"},"img":{"alt_text":"","src":"https:\/\/noticiasribeiraopreto.com.br\/wp-content\/uploads\/2024\/02\/whatsapp_image_2022-08-14_at_12_10_03.jpe","width":350,"height":200,"srcset":"https:\/\/noticiasribeiraopreto.com.br\/wp-content\/uploads\/2024\/02\/whatsapp_image_2022-08-14_at_12_10_03.jpe 1x, https:\/\/noticiasribeiraopreto.com.br\/wp-content\/uploads\/2024\/02\/whatsapp_image_2022-08-14_at_12_10_03.jpe 1.5x, https:\/\/noticiasribeiraopreto.com.br\/wp-content\/uploads\/2024\/02\/whatsapp_image_2022-08-14_at_12_10_03.jpe 2x, https:\/\/noticiasribeiraopreto.com.br\/wp-content\/uploads\/2024\/02\/whatsapp_image_2022-08-14_at_12_10_03.jpe 3x"},"classes":[]},{"id":48855,"url":"https:\/\/noticiasribeiraopreto.com.br\/index.php\/2024\/05\/07\/dois-homens-sao-presos-por-furto-de-combustivel-em-ribeirao-preto\/","url_meta":{"origin":79072,"position":3},"title":"Dois homens s\u00e3o presos por furto de combust\u00edvel em Ribeir\u00e3o Preto","author":"noticiasribeiraopreto.com.br","date":"7 de May de 2024","format":false,"excerpt":"Dois homens foram presos em flagrante por furto de combust\u00edvel na noite da \u00faltima segunda-feira (6), em Ribeir\u00e3o Preto. Os criminosos foram detidos na rodovia Alexandre Balbo (Anel Vi\u00e1rio Norte), pr\u00f3ximo de uma distribuidora de combust\u00edveis. Segundo o BO (boletim de ocorr\u00eancia), agentes da Pol\u00edcia Militar Rodovi\u00e1ria patrulhava pela \u00e1rea\u2026","rel":"","context":"In &quot;Not\u00edcias de Ribeir\u00e3o Preto-SP e Regi\u00e3o&quot;","block_context":{"text":"Not\u00edcias de Ribeir\u00e3o Preto-SP e Regi\u00e3o","link":"https:\/\/noticiasribeiraopreto.com.br\/index.php\/category\/noticias-de-ribeirao-preto-sp-e-regiao-ismael-colosi\/"},"img":{"alt_text":"","src":"https:\/\/i0.wp.com\/noticiasribeiraopreto.com.br\/wp-content\/uploads\/2024\/05\/policia_militar_1024x576_17072021134619.jpg?fit=1024%2C576&ssl=1&resize=350%2C200","width":350,"height":200,"srcset":"https:\/\/i0.wp.com\/noticiasribeiraopreto.com.br\/wp-content\/uploads\/2024\/05\/policia_militar_1024x576_17072021134619.jpg?fit=1024%2C576&ssl=1&resize=350%2C200 1x, https:\/\/i0.wp.com\/noticiasribeiraopreto.com.br\/wp-content\/uploads\/2024\/05\/policia_militar_1024x576_17072021134619.jpg?fit=1024%2C576&ssl=1&resize=525%2C300 1.5x, https:\/\/i0.wp.com\/noticiasribeiraopreto.com.br\/wp-content\/uploads\/2024\/05\/policia_militar_1024x576_17072021134619.jpg?fit=1024%2C576&ssl=1&resize=700%2C400 2x"},"classes":[]},{"id":37339,"url":"https:\/\/noticiasribeiraopreto.com.br\/index.php\/2024\/02\/15\/sem-combustivel-adolescente-e-detido-apos-furto-de-moto-em-ribeirao-preto\/","url_meta":{"origin":79072,"position":4},"title":"Sem combust\u00edvel: Adolescente \u00e9 detido ap\u00f3s furto de moto em Ribeir\u00e3o Preto","author":"noticiasribeiraopreto.com.br","date":"15 de February de 2024","format":false,"excerpt":"Um adolescente de 14 anos foi apreendido pela Pol\u00edcia Militar ap\u00f3s ter sido flagrado empurrando uma moto que ele tinha furtado em Ribeir\u00e3o Preto. O crime aconteceu na noite da \u00faltima quarta-feira (14), por volta das 22h. De acordo com o B.O. (boletim de ocorr\u00eancia), os agentes realizam patrulhamento na\u2026","rel":"","context":"In &quot;Not\u00edcias de Ribeir\u00e3o Preto-SP e Regi\u00e3o&quot;","block_context":{"text":"Not\u00edcias de Ribeir\u00e3o Preto-SP e Regi\u00e3o","link":"https:\/\/noticiasribeiraopreto.com.br\/index.php\/category\/noticias-de-ribeirao-preto-sp-e-regiao-ismael-colosi\/"},"img":{"alt_text":"","src":"https:\/\/i0.wp.com\/noticiasribeiraopreto.com.br\/wp-content\/uploads\/2024\/02\/WhatsApp-Image-2023-12-09-at-13.55.44.jpeg?fit=1024%2C576&ssl=1&resize=350%2C200","width":350,"height":200,"srcset":"https:\/\/i0.wp.com\/noticiasribeiraopreto.com.br\/wp-content\/uploads\/2024\/02\/WhatsApp-Image-2023-12-09-at-13.55.44.jpeg?fit=1024%2C576&ssl=1&resize=350%2C200 1x, https:\/\/i0.wp.com\/noticiasribeiraopreto.com.br\/wp-content\/uploads\/2024\/02\/WhatsApp-Image-2023-12-09-at-13.55.44.jpeg?fit=1024%2C576&ssl=1&resize=525%2C300 1.5x, https:\/\/i0.wp.com\/noticiasribeiraopreto.com.br\/wp-content\/uploads\/2024\/02\/WhatsApp-Image-2023-12-09-at-13.55.44.jpeg?fit=1024%2C576&ssl=1&resize=700%2C400 2x"},"classes":[]},{"id":45315,"url":"https:\/\/noticiasribeiraopreto.com.br\/index.php\/2024\/04\/03\/homem-e-preso-por-tentativa-de-furto-de-r-8-mil-em-chocolates\/","url_meta":{"origin":79072,"position":5},"title":"Homem \u00e9 preso por tentativa de furto de R$ 8 mil em chocolates","author":"noticiasribeiraopreto.com.br","date":"3 de April de 2024","format":false,"excerpt":"3 de abril de 2024 | 16:30 0 Um homem foi preso suspeito de tentativa de furto de chocolates avaliados em R$ 8 mil, na noite desta ter\u00e7a (2). Segundo o\u00a0boletim de ocorr\u00eancia (BO), o\u00a0homem de 39 anos, foi\u00a0detido\u00a0pela seguran\u00e7a do\u00a0Assa\u00ed na zona leste de Ribeir\u00e3o Preto, j\u00e1 no\u00a0estacionamento\u00a0da unidade\u2026","rel":"","context":"In &quot;Not\u00edcias de Ribeir\u00e3o Preto-SP e Regi\u00e3o&quot;","block_context":{"text":"Not\u00edcias de Ribeir\u00e3o Preto-SP e Regi\u00e3o","link":"https:\/\/noticiasribeiraopreto.com.br\/index.php\/category\/noticias-de-ribeirao-preto-sp-e-regiao-ismael-colosi\/"},"img":{"alt_text":"","src":"https:\/\/i0.wp.com\/noticiasribeiraopreto.com.br\/wp-content\/uploads\/2024\/04\/Hs_5Ce8ecmXodh-AdEVHyT07irPaZ-zAAhYkKYRJgS5CVzHKs0cAAdyeAF9TIgyh4KI5gqYmyuIDwJnf2f9wCdNvJ5WbQOlSoRr5zmmzMalyR1-RQxvlOtTZkJq9G_GPUiVZ6_WX-1-1-1536x1024-1.jpeg?fit=750%2C500&ssl=1&resize=350%2C200","width":350,"height":200,"srcset":"https:\/\/i0.wp.com\/noticiasribeiraopreto.com.br\/wp-content\/uploads\/2024\/04\/Hs_5Ce8ecmXodh-AdEVHyT07irPaZ-zAAhYkKYRJgS5CVzHKs0cAAdyeAF9TIgyh4KI5gqYmyuIDwJnf2f9wCdNvJ5WbQOlSoRr5zmmzMalyR1-RQxvlOtTZkJq9G_GPUiVZ6_WX-1-1-1536x1024-1.jpeg?fit=750%2C500&ssl=1&resize=350%2C200 1x, https:\/\/i0.wp.com\/noticiasribeiraopreto.com.br\/wp-content\/uploads\/2024\/04\/Hs_5Ce8ecmXodh-AdEVHyT07irPaZ-zAAhYkKYRJgS5CVzHKs0cAAdyeAF9TIgyh4KI5gqYmyuIDwJnf2f9wCdNvJ5WbQOlSoRr5zmmzMalyR1-RQxvlOtTZkJq9G_GPUiVZ6_WX-1-1-1536x1024-1.jpeg?fit=750%2C500&ssl=1&resize=525%2C300 1.5x, https:\/\/i0.wp.com\/noticiasribeiraopreto.com.br\/wp-content\/uploads\/2024\/04\/Hs_5Ce8ecmXodh-AdEVHyT07irPaZ-zAAhYkKYRJgS5CVzHKs0cAAdyeAF9TIgyh4KI5gqYmyuIDwJnf2f9wCdNvJ5WbQOlSoRr5zmmzMalyR1-RQxvlOtTZkJq9G_GPUiVZ6_WX-1-1-1536x1024-1.jpeg?fit=750%2C500&ssl=1&resize=700%2C400 2x"},"classes":[]}],"jetpack_sharing_enabled":true,"jetpack_shortlink":"https:\/\/wp.me\/peQAOb-kzm","_links":{"self":[{"href":"https:\/\/noticiasribeiraopreto.com.br\/index.php\/wp-json\/wp\/v2\/posts\/79072","targetHints":{"allow":["GET"]}}],"collection":[{"href":"https:\/\/noticiasribeiraopreto.com.br\/index.php\/wp-json\/wp\/v2\/posts"}],"about":[{"href":"https:\/\/noticiasribeiraopreto.com.br\/index.php\/wp-json\/wp\/v2\/types\/post"}],"author":[{"embeddable":true,"href":"https:\/\/noticiasribeiraopreto.com.br\/index.php\/wp-json\/wp\/v2\/users\/1"}],"replies":[{"embeddable":true,"href":"https:\/\/noticiasribeiraopreto.com.br\/index.php\/wp-json\/wp\/v2\/comments?post=79072"}],"version-history":[{"count":0,"href":"https:\/\/noticiasribeiraopreto.com.br\/index.php\/wp-json\/wp\/v2\/posts\/79072\/revisions"}],"wp:featuredmedia":[{"embeddable":true,"href":"https:\/\/noticiasribeiraopreto.com.br\/index.php\/wp-json\/wp\/v2\/media\/79073"}],"wp:attachment":[{"href":"https:\/\/noticiasribeiraopreto.com.br\/index.php\/wp-json\/wp\/v2\/media?parent=79072"}],"wp:term":[{"taxonomy":"category","embeddable":true,"href":"https:\/\/noticiasribeiraopreto.com.br\/index.php\/wp-json\/wp\/v2\/categories?post=79072"},{"taxonomy":"post_tag","embeddable":true,"href":"https:\/\/noticiasribeiraopreto.com.br\/index.php\/wp-json\/wp\/v2\/tags?post=79072"}],"curies":[{"name":"wp","href":"https:\/\/api.w.org\/{rel}","templated":true}]}}