{"id":79074,"date":"2025-10-23T17:11:53","date_gmt":"2025-10-23T20:11:53","guid":{"rendered":"https:\/\/noticiasribeiraopreto.com.br\/index.php\/2025\/10\/23\/ator-de-serie-da-netflix-e-o-novo-gerente-de-futebol-do-botafogo-entenda\/"},"modified":"2025-10-23T17:11:53","modified_gmt":"2025-10-23T20:11:53","slug":"ator-de-serie-da-netflix-e-o-novo-gerente-de-futebol-do-botafogo-entenda","status":"publish","type":"post","link":"https:\/\/noticiasribeiraopreto.com.br\/index.php\/2025\/10\/23\/ator-de-serie-da-netflix-e-o-novo-gerente-de-futebol-do-botafogo-entenda\/","title":{"rendered":"\u2018Ator\u2019 de s\u00e9rie da Netflix \u00e9 o novo gerente de futebol do Botafogo; Entenda"},"content":{"rendered":"<div class='code-block code-block-1' style='margin: 8px 0 8px auto; text-align: right; display: block; clear: both;'>\n<p><a href=\"https:\/\/wa.link\/vpicfd\"><img data-recalc-dims=\"1\" class=\"wp-image-4922\" style=\"aspect-ratio: 2.0253164556962027; width: 561px; height: auto;\" src=\"https:\/\/i0.wp.com\/ismaelcolosi.com.br\/wp-content\/uploads\/2023\/11\/grupo-de-empregos-whatsapp-e-facebook-ismael-colosi-vagas.jpg?ssl=1\" alt=\"\" \/><\/a><\/p>\n<!-- \/wp:image -->\n<\/div>\n<p> <br \/>\n<\/p>\n<div>\n<p>O Botafogo anunciou nesta quinta-feira (23) o ex-jogador <strong>Fillipe Soutto <\/strong>como<strong> gerente de futebol<\/strong>. Fora dos gramados, Fillipe Soutto tamb\u00e9m interpretou o papel de Gerson em s\u00e9rie da Netflix sobre o tricampeonato mundial da sele\u00e7\u00e3o brasileira.<\/p>\n<p>Al\u00e9m do novo gerente de futebol, o Botafogo oficializou Andr\u00e9 Leite como diretor de futebol. Os novos respons\u00e1veis pelo departamento de futebol do clube de Ribeir\u00e3o Preto foram definidos ap\u00f3s reuni\u00e3o com Adalberto Baptista, presidente do conselho de administra\u00e7\u00e3o da Botafogo S.A.<\/p>\n<h2 class=\"wp-block-heading\"><strong>Departamento de futebol<\/strong><\/h2>\n<p>Andr\u00e9 Leite j\u00e1 havia assumido a fun\u00e7\u00e3o ap\u00f3s a demiss\u00e3o de Toninho Cec\u00edlio, na \u00faltima ter\u00e7a-feira (21). O novo diretor \u00e9 coordenador das categorias de base do Tricolor desde 2022. Assim, ser\u00e1 o principal respons\u00e1vel pela \u00e1rea, que incluir\u00e1 tamb\u00e9m a base.<\/p>\n<p>J\u00e1 Fillipe Soutto jogou no Botafogo entre 2022 e 2024, quando conquistou o acesso \u00e0 S\u00e9rie B. O jogador\/ator tamb\u00e9m anunciou a aposentadoria dos gramados nesta quinta-feira.<\/p>\n<figure class=\"wp-block-image size-full\"><img data-recalc-dims=\"1\" fetchpriority=\"high\" decoding=\"async\" width=\"960\" height=\"539\" src=\"https:\/\/i0.wp.com\/cdn.media-acidadeon.com.br\/ribeiraopreto\/wp-content\/uploads\/sites\/3\/2025\/10\/andre-leite-fillipe-soutto_2025-10-23_16-13-09.webp?resize=960%2C539&#038;ssl=1\" alt=\"andre leite fillipe soutto 2025 10 23 16 13 09\" class=\"wp-image-133272\" title=\"\u2018Ator\u2019 de s\u00e9rie da Netflix \u00e9 o novo gerente de futebol do Botafogo; Entenda 1\" srcset=\"https:\/\/cdn.media-acidadeon.com.br\/ribeiraopreto\/wp-content\/uploads\/sites\/3\/2025\/10\/andre-leite-fillipe-soutto_2025-10-23_16-13-09.webp 960w, https:\/\/cdn.media-acidadeon.com.br\/ribeiraopreto\/wp-content\/uploads\/sites\/3\/2025\/10\/andre-leite-fillipe-soutto_2025-10-23_16-13-09-300x168.webp 300w, https:\/\/cdn.media-acidadeon.com.br\/ribeiraopreto\/wp-content\/uploads\/sites\/3\/2025\/10\/andre-leite-fillipe-soutto_2025-10-23_16-13-09-768x431.webp 768w, https:\/\/cdn.media-acidadeon.com.br\/ribeiraopreto\/wp-content\/uploads\/sites\/3\/2025\/10\/andre-leite-fillipe-soutto_2025-10-23_16-13-09-696x391.webp 696w\" sizes=\"(max-width: 960px) 100vw, 960px\"\/><figcaption class=\"wp-element-caption\">Andr\u00e9 Leite assume como diretor de futebol e Fillipe Soutto como gerente de futebol (Foto: divulga\u00e7\u00e3o\/Ag\u00eancia Botafogo)<\/figcaption><\/figure>\n<p>\u201cO Andr\u00e9 \u00e9 um profissional muito qualificado e mostrou compet\u00eancia durante toda a sua carreira e agora nessas tr\u00eas temporadas que est\u00e1 trabalhando no Botafogo. Conversamos muito nos \u00faltimos dias e tenho a convic\u00e7\u00e3o de que ele \u00e9 o profissional ideal para assumir o comando do Departamento de Futebol. Ele trabalhar\u00e1 junto com o Fillipe Soutto, que tem uma grande identifica\u00e7\u00e3o com o clube, e \u00e9 um profissional com viv\u00eancia no futebol. Nos \u00faltimos anos, o Soutto se preparou para assumir esse cargo\u201d, disse Adalberto Baptista.<\/p>\n<p>Fora dos campos e das telas, Fillipe Soutto \u00e9 formado em administra\u00e7\u00e3o de empresas e fez cursos de gest\u00e3o t\u00e9cnica de futebol, gest\u00e3o de futebol, gest\u00e3o esportiva e aperfei\u00e7oamento em gest\u00e3o estrat\u00e9gica de esportes na Universidade do Futebol, na CBF e na Conmebol.<\/p>\n<p>\u201cTenho muita confian\u00e7a de que Andr\u00e9 Leite e Fillipe Soutto far\u00e3o uma dupla de sucesso e que voltaremos a dar muitas alegrias para a nossa coletividade\u201d, acrescentou Adalberto Baptista.<\/p>\n<h2 class=\"wp-block-heading\"><strong>S\u00e9rie gravada<\/strong><\/h2>\n<p>A s\u00e9rie da Netflix <strong>\u201cBrasil 70, A Saga do Tri\u201d<\/strong>, que retrata os bastidores da conquista do tricampeonato mundial j\u00e1 foi gravada, de acordo com Fillipe Soutto. Nas redes sociais, o novo gerente de futebol do Botafogo comentou a experi\u00eancia. \u201cFoi desafiador, intenso, dif\u00edcil. Tudo novo, um mundo de descobertas, e de infinitas possibilidades\u201d, escreveu no Instagram.<\/p>\n<p>\u201cPor 6 meses, sa\u00ed completamente da zona de conforto pessoal e profissional em que estava inserido. Respirei o Canhota de Ouro 24h por dia, a fim de representar com o melhor de mim pelo menos um pouquinho do que ele foi como jogador, e ainda \u00e9 como patrim\u00f4nio do esporte nacional. Apesar de ainda n\u00e3o conhecer pessoalmente, sou f\u00e3 do cara que transformou a posi\u00e7\u00e3o de volante no futebol, encantando os amantes do esporte mais popular do planeta, por tantas gera\u00e7\u00f5es\u201d, completou.<\/p>\n<p>A s\u00e9rie ainda re\u00fane nomes como <strong>Rodrigo Santoro<\/strong>, <strong>Bruno Mazzeo<\/strong>,<strong> Bruna Mascarenhas<\/strong>, <strong>Ravel Andrade<\/strong>, <strong>Caio Cabral<\/strong> e <strong>Daniel Blanco<\/strong>. A produ\u00e7\u00e3o ter\u00e1 estreia prevista para 2026.<\/p>\n<p>SAIBA MAIS<br \/>Ar seco ganha for\u00e7a e deixa interior de SP em alerta; Confira a previs\u00e3o<\/p>\n<h2 class=\"wp-block-heading\"><strong>FIQUE ON<\/strong><\/h2>\n<p>Fique ligado em tudo que acontece em Ribeir\u00e3o Preto e regi\u00e3o. Siga os perfis do<strong>\u00a0acidade on\u00a0<\/strong>no\u00a0<a href=\"https:\/\/www.instagram.com\/acidadeonribeirao\" target=\"_blank\" rel=\"noreferrer noopener\">Instagram<\/a>\u00a0e no\u00a0<a href=\"https:\/\/www.facebook.com\/acidadeonribeirao\/\" target=\"_blank\" rel=\"noreferrer noopener\">Facebook<\/a>.<\/p>\n<p>Receba not\u00edcias do\u00a0<strong>acidade on<\/strong>\u00a0no WhatsApp. Para entrar no grupo,\u00a0basta\u00a0<a href=\"https:\/\/chat.whatsapp.com\/I4nieTEMKlf50pJ28aMemC?mode=ac_t\" target=\"_blank\" rel=\"noreferrer noopener\">clicar aqui<\/a>. Ou, acesse o nosso\u00a0Canal\u00a0<a href=\"https:\/\/whatsapp.com\/channel\/0029Vb6IQl1JENyAeS57fk2p\" target=\"_blank\" rel=\"noreferrer noopener\">clicando aqui<\/a>.<\/p>\n<p>Fa\u00e7a uma den\u00fancia ou sugira uma reportagem sobre Ribeir\u00e3o Preto e regi\u00e3o pelo WhatsApp: 16 99117 7802.<\/p>\n<p>VEJA TAMB\u00c9M<br \/>Tend\u00eancias de 2026 no mercado de alugu\u00e9is no interior de SP<\/p>\n<p><!-- AI CONTENT END 1 -->\n<\/div>\n<p><script async src=\"\/\/www.instagram.com\/embed.js\"><\/script><br \/>\n<br \/><br \/>\n<br \/><a href=\"https:\/\/www.acidadeon.com\/ribeiraopreto\/esportes\/ator-de-serie-da-netflix-e-o-novo-gerente-de-futebol-do-botafogo-entenda\/\">Source link <\/a><\/p>\n<!-- CONTENT END 1 -->\n","protected":false},"excerpt":{"rendered":"<p>O Botafogo anunciou nesta quinta-feira (23) o ex-jogador Fillipe Soutto como gerente de futebol. Fora dos gramados, Fillipe Soutto tamb\u00e9m interpretou o papel de Gerson&#8230;<\/p>\n","protected":false},"author":1,"featured_media":79075,"comment_status":"open","ping_status":"open","sticky":false,"template":"","format":"standard","meta":{"advanced_seo_description":"","jetpack_seo_html_title":"","jetpack_seo_noindex":false,"jetpack_post_was_ever_published":false,"_jetpack_newsletter_access":"","_jetpack_dont_email_post_to_subs":false,"_jetpack_newsletter_tier_id":0,"_jetpack_memberships_contains_paywalled_content":false,"_jetpack_memberships_contains_paid_content":false,"footnotes":"","jetpack_publicize_message":"","jetpack_publicize_feature_enabled":true,"jetpack_social_post_already_shared":true,"jetpack_social_options":{"image_generator_settings":{"template":"highway","default_image_id":0,"font":"","enabled":false},"version":2}},"categories":[11],"tags":[],"class_list":["post-79074","post","type-post","status-publish","format-standard","has-post-thumbnail","hentry","category-noticias-de-ribeirao-preto-sp-e-regiao-ismael-colosi"],"jetpack_publicize_connections":[],"jetpack_featured_media_url":"https:\/\/i0.wp.com\/noticiasribeiraopreto.com.br\/wp-content\/uploads\/2025\/10\/fillipe-soutto-e-bruno-mazzeo_2025-10-23_16-11-53.webp.webp?fit=1078%2C824&ssl=1","jetpack-related-posts":[{"id":79056,"url":"https:\/\/noticiasribeiraopreto.com.br\/index.php\/2025\/10\/23\/fillipe-soutto-volta-ao-botafogo-como-gerente-de-futebol\/","url_meta":{"origin":79074,"position":0},"title":"Fillipe Soutto volta ao Botafogo como gerente de futebol","author":"noticiasribeiraopreto.com.br","date":"23 de October de 2025","format":false,"excerpt":"Ex-volante e capit\u00e3o do Pantera ser\u00e1, ao lado de Andr\u00e9 Leite, respons\u00e1vel pelo Departamento de Futebol do clube 23 de outubro de 2025 13:4623 de outubro de 2025 13:499 Compartilhar1 Por Hugo Luque O Botafogo anunciou, nesta quinta-feira (23), o retorno de Fillipe Soutto ao clube, agora para ocupar o\u2026","rel":"","context":"In &quot;Not\u00edcias de Ribeir\u00e3o Preto-SP e Regi\u00e3o&quot;","block_context":{"text":"Not\u00edcias de Ribeir\u00e3o Preto-SP e Regi\u00e3o","link":"https:\/\/noticiasribeiraopreto.com.br\/index.php\/category\/noticias-de-ribeirao-preto-sp-e-regiao-ismael-colosi\/"},"img":{"alt_text":"","src":"https:\/\/i0.wp.com\/noticiasribeiraopreto.com.br\/wp-content\/uploads\/2025\/10\/VOL-Fillipe-Soutto-Raul-Ramos.jpg?fit=799%2C533&ssl=1&resize=350%2C200","width":350,"height":200,"srcset":"https:\/\/i0.wp.com\/noticiasribeiraopreto.com.br\/wp-content\/uploads\/2025\/10\/VOL-Fillipe-Soutto-Raul-Ramos.jpg?fit=799%2C533&ssl=1&resize=350%2C200 1x, https:\/\/i0.wp.com\/noticiasribeiraopreto.com.br\/wp-content\/uploads\/2025\/10\/VOL-Fillipe-Soutto-Raul-Ramos.jpg?fit=799%2C533&ssl=1&resize=525%2C300 1.5x, https:\/\/i0.wp.com\/noticiasribeiraopreto.com.br\/wp-content\/uploads\/2025\/10\/VOL-Fillipe-Soutto-Raul-Ramos.jpg?fit=799%2C533&ssl=1&resize=700%2C400 2x"},"classes":[]},{"id":78918,"url":"https:\/\/noticiasribeiraopreto.com.br\/index.php\/2025\/10\/21\/botafogo-comunica-a-saida-do-executivo-de-futebol-toninho-cecilio\/","url_meta":{"origin":79074,"position":1},"title":"Botafogo comunica a sa\u00edda do executivo de futebol Toninho Cec\u00edlio","author":"noticiasribeiraopreto.com.br","date":"21 de October de 2025","format":false,"excerpt":"21 de outubro de 2025 09:2521 de outubro de 2025 09:308 Compartilhar0 A Botafogo Futebol SA comunica\u00a0 nesta manh\u00e3 a sa\u00edda de Toninho Cec\u00edlio, que exercia o cargo de executivo de futebol. A decis\u00e3o\u00a0 da demiss\u00e3o de Toninho Cec\u00edlio \u00e9 mais um epis\u00f3dio do ano tenebroso do Botafogo e ocorreu\u2026","rel":"","context":"In &quot;Not\u00edcias de Ribeir\u00e3o Preto-SP e Regi\u00e3o&quot;","block_context":{"text":"Not\u00edcias de Ribeir\u00e3o Preto-SP e Regi\u00e3o","link":"https:\/\/noticiasribeiraopreto.com.br\/index.php\/category\/noticias-de-ribeirao-preto-sp-e-regiao-ismael-colosi\/"},"img":{"alt_text":"","src":"https:\/\/i0.wp.com\/noticiasribeiraopreto.com.br\/wp-content\/uploads\/2025\/10\/Cecilio-.jpg?fit=960%2C539&ssl=1&resize=350%2C200","width":350,"height":200,"srcset":"https:\/\/i0.wp.com\/noticiasribeiraopreto.com.br\/wp-content\/uploads\/2025\/10\/Cecilio-.jpg?fit=960%2C539&ssl=1&resize=350%2C200 1x, https:\/\/i0.wp.com\/noticiasribeiraopreto.com.br\/wp-content\/uploads\/2025\/10\/Cecilio-.jpg?fit=960%2C539&ssl=1&resize=525%2C300 1.5x, https:\/\/i0.wp.com\/noticiasribeiraopreto.com.br\/wp-content\/uploads\/2025\/10\/Cecilio-.jpg?fit=960%2C539&ssl=1&resize=700%2C400 2x"},"classes":[]},{"id":75145,"url":"https:\/\/noticiasribeiraopreto.com.br\/index.php\/2025\/08\/04\/do-campo-ao-streaming-ex-jogador-do-botafogo-de-ribeirao-atuara-em-serie-da-netflix\/","url_meta":{"origin":79074,"position":2},"title":"Do campo ao streaming: ex-jogador do Botafogo de Ribeir\u00e3o atuar\u00e1 em s\u00e9rie da Netflix","author":"noticiasribeiraopreto.com.br","date":"4 de August de 2025","format":false,"excerpt":"A Netflix iniciou a produ\u00e7\u00e3o da s\u00e9rie \u201cBrasil 70, A Saga do Tri\u201d, que retrata os bastidores da conquista do tricampeonato mundial da Sele\u00e7\u00e3o Brasileira. O elenco conta com atores que interpretar\u00e3o nomes hist\u00f3ricos do futebol, como Pel\u00e9, Tost\u00e3o, Jairzinho, Rivellino, Carlos Alberto, entre outros. O ex-volante Fillipe Soutto, que\u2026","rel":"","context":"In &quot;Not\u00edcias de Ribeir\u00e3o Preto-SP e Regi\u00e3o&quot;","block_context":{"text":"Not\u00edcias de Ribeir\u00e3o Preto-SP e Regi\u00e3o","link":"https:\/\/noticiasribeiraopreto.com.br\/index.php\/category\/noticias-de-ribeirao-preto-sp-e-regiao-ismael-colosi\/"},"img":{"alt_text":"","src":"https:\/\/i0.wp.com\/noticiasribeiraopreto.com.br\/wp-content\/uploads\/2025\/08\/Copia-de-Copia-de-Copia-de-TAMANHO-EXATO-PARA-FOTOS-NO-SISTEMA-NOVO-2025-08-04T150550.019_2025-08-04_18-06-21.webp.webp?fit=1200%2C675&ssl=1&resize=350%2C200","width":350,"height":200,"srcset":"https:\/\/i0.wp.com\/noticiasribeiraopreto.com.br\/wp-content\/uploads\/2025\/08\/Copia-de-Copia-de-Copia-de-TAMANHO-EXATO-PARA-FOTOS-NO-SISTEMA-NOVO-2025-08-04T150550.019_2025-08-04_18-06-21.webp.webp?fit=1200%2C675&ssl=1&resize=350%2C200 1x, https:\/\/i0.wp.com\/noticiasribeiraopreto.com.br\/wp-content\/uploads\/2025\/08\/Copia-de-Copia-de-Copia-de-TAMANHO-EXATO-PARA-FOTOS-NO-SISTEMA-NOVO-2025-08-04T150550.019_2025-08-04_18-06-21.webp.webp?fit=1200%2C675&ssl=1&resize=525%2C300 1.5x, https:\/\/i0.wp.com\/noticiasribeiraopreto.com.br\/wp-content\/uploads\/2025\/08\/Copia-de-Copia-de-Copia-de-TAMANHO-EXATO-PARA-FOTOS-NO-SISTEMA-NOVO-2025-08-04T150550.019_2025-08-04_18-06-21.webp.webp?fit=1200%2C675&ssl=1&resize=700%2C400 2x, https:\/\/i0.wp.com\/noticiasribeiraopreto.com.br\/wp-content\/uploads\/2025\/08\/Copia-de-Copia-de-Copia-de-TAMANHO-EXATO-PARA-FOTOS-NO-SISTEMA-NOVO-2025-08-04T150550.019_2025-08-04_18-06-21.webp.webp?fit=1200%2C675&ssl=1&resize=1050%2C600 3x"},"classes":[]},{"id":41502,"url":"https:\/\/noticiasribeiraopreto.com.br\/index.php\/2024\/03\/08\/botafogo-perde-gerente-de-futebol-para-selecao-brasileira-entenda\/","url_meta":{"origin":79074,"position":3},"title":"Botafogo perde gerente de futebol para sele\u00e7\u00e3o brasileira; Entenda","author":"noticiasribeiraopreto.com.br","date":"8 de March de 2024","format":false,"excerpt":"O gerente executivo de futebol do Botafogo, S\u00e9rgio Dimas, acertou a sa\u00edda do clube de Ribeir\u00e3o Preto para virar o supervisor geral de sele\u00e7\u00f5es masculinas da CBF (Confedera\u00e7\u00e3o Brasileira de Futebol). S\u00e9rgio Dimas foi indicado pelo novo t\u00e9cnico da sele\u00e7\u00e3o e, ex-jogador do Botafogo, Dorival J\u00fanior. \u201cO Botafogo Futebol SA\u2026","rel":"","context":"In &quot;Not\u00edcias de Ribeir\u00e3o Preto-SP e Regi\u00e3o&quot;","block_context":{"text":"Not\u00edcias de Ribeir\u00e3o Preto-SP e Regi\u00e3o","link":"https:\/\/noticiasribeiraopreto.com.br\/index.php\/category\/noticias-de-ribeirao-preto-sp-e-regiao-ismael-colosi\/"},"img":{"alt_text":"","src":"https:\/\/i0.wp.com\/noticiasribeiraopreto.com.br\/wp-content\/uploads\/2024\/03\/sergio-dimas.jpg?fit=960%2C539&ssl=1&resize=350%2C200","width":350,"height":200,"srcset":"https:\/\/i0.wp.com\/noticiasribeiraopreto.com.br\/wp-content\/uploads\/2024\/03\/sergio-dimas.jpg?fit=960%2C539&ssl=1&resize=350%2C200 1x, https:\/\/i0.wp.com\/noticiasribeiraopreto.com.br\/wp-content\/uploads\/2024\/03\/sergio-dimas.jpg?fit=960%2C539&ssl=1&resize=525%2C300 1.5x, https:\/\/i0.wp.com\/noticiasribeiraopreto.com.br\/wp-content\/uploads\/2024\/03\/sergio-dimas.jpg?fit=960%2C539&ssl=1&resize=700%2C400 2x"},"classes":[]},{"id":78932,"url":"https:\/\/noticiasribeiraopreto.com.br\/index.php\/2025\/10\/21\/botafogo-anuncia-demissao-de-executivo-de-futebol-veja-quem-fica-no-lugar\/","url_meta":{"origin":79074,"position":4},"title":"Botafogo anuncia demiss\u00e3o de executivo de futebol; Veja quem fica no lugar","author":"noticiasribeiraopreto.com.br","date":"21 de October de 2025","format":false,"excerpt":"O Botafogo SA anunciou nesta ter\u00e7a-feira (21) a demiss\u00e3o do executivo de futebol Toninho Cec\u00edlio. Ele estava no cargo na equipe de Ribeir\u00e3o Preto desde agosto de 2024. Segundo o Pantera, o coordenador das categorias de base do Botafogo, Andr\u00e9 Leite assumir\u00e1 tamb\u00e9m a fun\u00e7\u00e3o de executivo de futebol at\u00e9\u2026","rel":"","context":"In &quot;Not\u00edcias de Ribeir\u00e3o Preto-SP e Regi\u00e3o&quot;","block_context":{"text":"Not\u00edcias de Ribeir\u00e3o Preto-SP e Regi\u00e3o","link":"https:\/\/noticiasribeiraopreto.com.br\/index.php\/category\/noticias-de-ribeirao-preto-sp-e-regiao-ismael-colosi\/"},"img":{"alt_text":"","src":"https:\/\/i0.wp.com\/noticiasribeiraopreto.com.br\/wp-content\/uploads\/2025\/10\/toninho-cecilio_2025-10-21_12-48-41.webp.webp?fit=960%2C539&ssl=1&resize=350%2C200","width":350,"height":200,"srcset":"https:\/\/i0.wp.com\/noticiasribeiraopreto.com.br\/wp-content\/uploads\/2025\/10\/toninho-cecilio_2025-10-21_12-48-41.webp.webp?fit=960%2C539&ssl=1&resize=350%2C200 1x, https:\/\/i0.wp.com\/noticiasribeiraopreto.com.br\/wp-content\/uploads\/2025\/10\/toninho-cecilio_2025-10-21_12-48-41.webp.webp?fit=960%2C539&ssl=1&resize=525%2C300 1.5x, https:\/\/i0.wp.com\/noticiasribeiraopreto.com.br\/wp-content\/uploads\/2025\/10\/toninho-cecilio_2025-10-21_12-48-41.webp.webp?fit=960%2C539&ssl=1&resize=700%2C400 2x"},"classes":[]},{"id":21534,"url":"https:\/\/noticiasribeiraopreto.com.br\/index.php\/2023\/12\/27\/botafogo-inicia-pre-temporada-visando-2024\/","url_meta":{"origin":79074,"position":5},"title":"Botafogo inicia pr\u00e9-temporada visando 2024\u00a0\u00a0","author":"noticiasribeiraopreto.com.br","date":"27 de December de 2023","format":false,"excerpt":"O Botafogo iniciou oficialmente nesta ter\u00e7a-feira (26) a prepara\u00e7\u00e3o para a pr\u00f3xima temporada.\u00a0No per\u00edodo da manh\u00e3, Paulo Pelaipe, diretor de futebol do Botafogo, se reuniu com a comiss\u00e3o t\u00e9cnica e o departamento de futebol no audit\u00f3rio do Hotel Z, inaugurado em maio do ano passado.\u00a0Logo ap\u00f3s o almo\u00e7o, o novo\u2026","rel":"","context":"In &quot;Not\u00edcias de Ribeir\u00e3o Preto-SP e Regi\u00e3o&quot;","block_context":{"text":"Not\u00edcias de Ribeir\u00e3o Preto-SP e Regi\u00e3o","link":"https:\/\/noticiasribeiraopreto.com.br\/index.php\/category\/noticias-de-ribeirao-preto-sp-e-regiao-ismael-colosi\/"},"img":{"alt_text":"","src":"https:\/\/i0.wp.com\/noticiasribeiraopreto.com.br\/wp-content\/uploads\/2023\/12\/Botafogo-2-3-scaled.jpg?fit=967%2C645&ssl=1&resize=350%2C200","width":350,"height":200,"srcset":"https:\/\/i0.wp.com\/noticiasribeiraopreto.com.br\/wp-content\/uploads\/2023\/12\/Botafogo-2-3-scaled.jpg?fit=967%2C645&ssl=1&resize=350%2C200 1x, https:\/\/i0.wp.com\/noticiasribeiraopreto.com.br\/wp-content\/uploads\/2023\/12\/Botafogo-2-3-scaled.jpg?fit=967%2C645&ssl=1&resize=525%2C300 1.5x, https:\/\/i0.wp.com\/noticiasribeiraopreto.com.br\/wp-content\/uploads\/2023\/12\/Botafogo-2-3-scaled.jpg?fit=967%2C645&ssl=1&resize=700%2C400 2x"},"classes":[]}],"jetpack_sharing_enabled":true,"jetpack_shortlink":"https:\/\/wp.me\/peQAOb-kzo","_links":{"self":[{"href":"https:\/\/noticiasribeiraopreto.com.br\/index.php\/wp-json\/wp\/v2\/posts\/79074","targetHints":{"allow":["GET"]}}],"collection":[{"href":"https:\/\/noticiasribeiraopreto.com.br\/index.php\/wp-json\/wp\/v2\/posts"}],"about":[{"href":"https:\/\/noticiasribeiraopreto.com.br\/index.php\/wp-json\/wp\/v2\/types\/post"}],"author":[{"embeddable":true,"href":"https:\/\/noticiasribeiraopreto.com.br\/index.php\/wp-json\/wp\/v2\/users\/1"}],"replies":[{"embeddable":true,"href":"https:\/\/noticiasribeiraopreto.com.br\/index.php\/wp-json\/wp\/v2\/comments?post=79074"}],"version-history":[{"count":0,"href":"https:\/\/noticiasribeiraopreto.com.br\/index.php\/wp-json\/wp\/v2\/posts\/79074\/revisions"}],"wp:featuredmedia":[{"embeddable":true,"href":"https:\/\/noticiasribeiraopreto.com.br\/index.php\/wp-json\/wp\/v2\/media\/79075"}],"wp:attachment":[{"href":"https:\/\/noticiasribeiraopreto.com.br\/index.php\/wp-json\/wp\/v2\/media?parent=79074"}],"wp:term":[{"taxonomy":"category","embeddable":true,"href":"https:\/\/noticiasribeiraopreto.com.br\/index.php\/wp-json\/wp\/v2\/categories?post=79074"},{"taxonomy":"post_tag","embeddable":true,"href":"https:\/\/noticiasribeiraopreto.com.br\/index.php\/wp-json\/wp\/v2\/tags?post=79074"}],"curies":[{"name":"wp","href":"https:\/\/api.w.org\/{rel}","templated":true}]}}