{"id":79076,"date":"2025-10-23T19:17:12","date_gmt":"2025-10-23T22:17:12","guid":{"rendered":"https:\/\/noticiasribeiraopreto.com.br\/index.php\/2025\/10\/23\/banda-faz-tributo-ao-disco-fruto-proibido\/"},"modified":"2025-10-23T19:17:12","modified_gmt":"2025-10-23T22:17:12","slug":"banda-faz-tributo-ao-disco-fruto-proibido","status":"publish","type":"post","link":"https:\/\/noticiasribeiraopreto.com.br\/index.php\/2025\/10\/23\/banda-faz-tributo-ao-disco-fruto-proibido\/","title":{"rendered":"Banda faz tributo ao disco Fruto Proibido"},"content":{"rendered":"<p> <br \/>\n<\/p>\n<div id=\"\">\n<p>\n\t\t\t\t\t\t\t\t\t<span class=\"entry-meta-item penci-posted-on\"><i class=\"fa fa-clock-o\"\/><time class=\"entry-date published updated\" datetime=\"2025-10-23T19:13:24-03:00\">23 de outubro de 2025 19:13<\/time><\/span><span class=\"entry-meta-item penci-post-countview\"><span class=\"entry-meta-item penci-post-countview penci_post-meta_item\"><i class=\"fa fa-eye\"\/><span class=\"penci-post-countview-number penci-post-countview-p443862\">3<\/span><\/span><\/span>\t\t\t\t\t\t\t\t<\/p>\n<p><!-- .entry-meta --><br \/>\n\t\t\t\t\t\t\t\t<span class=\"penci-social-buttons penci-social-share-footer\"><span class=\"penci-social-share-text\">Compartilhar<\/span><a href=\"#\" class=\"penci-post-like penci_post-meta_item  single-like-button penci-social-item like\" data-post_id=\"443862\" title=\"Like\" data-like=\"Like\" data-unlike=\"Unlike\"><i class=\"fa fa-thumbs-o-up\"\/><span class=\"penci-share-number\">0<\/span><\/a><i class=\"fa fa-facebook\"\/><a class=\"penci-social-item twitter\" target=\"_blank\" rel=\"noopener\" title=\"\" href=\"https:\/\/twitter.com\/intent\/tweet?text=Banda%20faz%20tributo%20ao%20disco%20Fruto%20Proibido%20-%20https:\/\/www.tribunaribeirao.com.br\/banda-faz-tributo-ao-disco-fruto-proibido-4\/\"><i class=\"fa fa-twitter\"\/><\/a><i class=\"fa fa-linkedin\"\/><i class=\"fa fa-whatsapp\"\/><i class=\"fa fa-telegram\"\/><i class=\"fa fa-envelope\"\/><\/span>\t\t\t\t\t\t\t<\/div>\n<div>\n<p>Nesta sexta-feira, 24 de outubro, a partir das 22 horas, a banda Regis Martins &amp; Cia Fantasma, projeto criado em 2013 pelo guitarrista e vocalista da banda Motormama junto com Gisele Z (vocais), Alessandro Per\u00ea (teclados) e Rodolfo B\u00e1rbara (bateria), estar\u00e1 na F\u00e1brica de Extintores para prestar mais um tributo a um dos \u00e1lbuns seminais do rock nacional: \u201cFruto Proibido \u2013 50 anos\u201d.<\/p>\n<p>O long play (LP) traz as can\u00e7\u00f5es que colocaram Rita Lee e a banda Tutti Frutti no Olimpo da m\u00fasica brasileira. Gravado em 1975, o disco foi um divisor de \u00e1guas na m\u00fasica pop feita em terras tropicais. Tem sucessos como Esse tal de Roque Enrow, Agora S\u00f3 Falta Voc\u00ea, Ovelha Negra, Luz del Fuego, Dan\u00e7ar pra N\u00e3o Dan\u00e7ar, Fruto Proibido, Pirataria, O Toque e Cart\u00e3o Postal.<\/p>\n<p>Na grava\u00e7\u00e3o do \u00e1lbum, o Tutti Frutti que acompanhou Rita Lee era formado por Luis S\u00e9rgio Carlini (guitarra), Lee Marcucci (baixo), Franklin Paolillo (bateria), Gilberto e Rubens Nardo (vocais) e Guilherme Bueno (teclados) \u2013 que s\u00f3 tocaria no disco, n\u00e3o aparecendo nem nas fotos.<\/p>\n<p>Ainda contou com a participa\u00e7\u00e3o do multi-instrumentista Manito, da banda Os Incr\u00edveis. A F\u00e1brica de Extintores fica na rua Fl\u00e1vio Uch\u00f4a n\u00ba 2.161, no bairro Campos El\u00edseos, na Zona Norte de Ribeir\u00e3o Preto. O ingresso individual custa R$ 15 at\u00e9 as 23h30 para quem tem nome na lista. Depois passa para R$ 20. O show \u00e9 proibido para menores de 18 anos.<\/p>\n<p>R\u00e9gis Martins &amp; Cia Fantasma \u00e9 um projeto criado em 2013 pelo guitarrista da banda paulista Motormama (fundada em 1999 e com cinco discos no curr\u00edculo, al\u00e9m de shows no pa\u00eds em locais como o Sesc Pompeia e Vila Mariana e internacionais em festivais como Pop Montreal, no Canad\u00e1, e Primavera Sound, em Barcelona).<\/p>\n<p>O trio lan\u00e7ou os EPs Ondas Curtas (2015), Atl\u00e2ntico Blues e o full album Frequ\u00eancia Modulada sempre em parceria com o selo Midsummer Madness.\u00a0 Apresentando timbres lo-fi, baterias eletr\u00f4nicas\/ac\u00fasticas, teclados vintage e letras surreais, o grupo une folk, blues e psicodelia de forma bem humorada e \u00fanica. \u00c9 formado por R\u00e9gis Martins, Gisele Z. , Alessandro Per\u00ea e Rodolfo B\u00e1rbara.<\/p>\n<p>Divulga\u00e7\u00e3o<em\/><\/p>\n<p><!-- CONTENT END 3 -->\n<\/div>\n<p><script async src=\"\/\/platform.twitter.com\/widgets.js\" charset=\"utf-8\"><\/script><br \/>\n<br \/><br \/>\n<br \/><a href=\"https:\/\/www.tribunaribeirao.com.br\/banda-faz-tributo-ao-disco-fruto-proibido-4\/\">Source link <\/a><\/p>\n","protected":false},"excerpt":{"rendered":"<p>23 de outubro de 2025 19:133 Compartilhar0 Nesta sexta-feira, 24 de outubro, a partir das 22 horas, a banda Regis Martins &amp; Cia Fantasma, projeto&#8230;<\/p>\n","protected":false},"author":1,"featured_media":79077,"comment_status":"open","ping_status":"open","sticky":false,"template":"","format":"standard","meta":{"advanced_seo_description":"","jetpack_seo_html_title":"","jetpack_seo_noindex":false,"jetpack_post_was_ever_published":false,"_jetpack_newsletter_access":"","_jetpack_dont_email_post_to_subs":false,"_jetpack_newsletter_tier_id":0,"_jetpack_memberships_contains_paywalled_content":false,"_jetpack_memberships_contains_paid_content":false,"footnotes":"","jetpack_publicize_message":"","jetpack_publicize_feature_enabled":true,"jetpack_social_post_already_shared":true,"jetpack_social_options":{"image_generator_settings":{"template":"highway","default_image_id":0,"font":"","enabled":false},"version":2}},"categories":[11],"tags":[],"class_list":["post-79076","post","type-post","status-publish","format-standard","has-post-thumbnail","hentry","category-noticias-de-ribeirao-preto-sp-e-regiao-ismael-colosi"],"jetpack_publicize_connections":[],"jetpack_featured_media_url":"https:\/\/i0.wp.com\/noticiasribeiraopreto.com.br\/wp-content\/uploads\/2025\/10\/Regis-Divulgacao.jpg?fit=720%2C695&ssl=1","jetpack-related-posts":[{"id":76830,"url":"https:\/\/noticiasribeiraopreto.com.br\/index.php\/2025\/09\/06\/pedra-leticia-celebra-20-anos-com-show-em-ribeirao-preto\/","url_meta":{"origin":79076,"position":0},"title":"Pedra Let\u00edcia celebra 20 anos com show em Ribeir\u00e3o Preto","author":"noticiasribeiraopreto.com.br","date":"6 de September de 2025","format":false,"excerpt":"Ribeir\u00e3o Preto recebe no dia 15 de outubro um show especial da banda Pedra Let\u00edcia, que comemora 20 anos de carreira levando aos palcos um repert\u00f3rio que mistura rock e humor irreverente. A apresenta\u00e7\u00e3o acontece no Theatro Pedro II, \u00e0s 20h. A banda foi formada em Goi\u00e2nia, em 2005. O\u2026","rel":"","context":"In &quot;Not\u00edcias de Ribeir\u00e3o Preto-SP e Regi\u00e3o&quot;","block_context":{"text":"Not\u00edcias de Ribeir\u00e3o Preto-SP e Regi\u00e3o","link":"https:\/\/noticiasribeiraopreto.com.br\/index.php\/category\/noticias-de-ribeirao-preto-sp-e-regiao-ismael-colosi\/"},"img":{"alt_text":"","src":"https:\/\/i0.wp.com\/noticiasribeiraopreto.com.br\/wp-content\/uploads\/2025\/09\/PedraLeticiaFoto01_2025-09-06_14-18-47.webp.webp?fit=1200%2C1200&ssl=1&resize=350%2C200","width":350,"height":200,"srcset":"https:\/\/i0.wp.com\/noticiasribeiraopreto.com.br\/wp-content\/uploads\/2025\/09\/PedraLeticiaFoto01_2025-09-06_14-18-47.webp.webp?fit=1200%2C1200&ssl=1&resize=350%2C200 1x, https:\/\/i0.wp.com\/noticiasribeiraopreto.com.br\/wp-content\/uploads\/2025\/09\/PedraLeticiaFoto01_2025-09-06_14-18-47.webp.webp?fit=1200%2C1200&ssl=1&resize=525%2C300 1.5x, https:\/\/i0.wp.com\/noticiasribeiraopreto.com.br\/wp-content\/uploads\/2025\/09\/PedraLeticiaFoto01_2025-09-06_14-18-47.webp.webp?fit=1200%2C1200&ssl=1&resize=700%2C400 2x, https:\/\/i0.wp.com\/noticiasribeiraopreto.com.br\/wp-content\/uploads\/2025\/09\/PedraLeticiaFoto01_2025-09-06_14-18-47.webp.webp?fit=1200%2C1200&ssl=1&resize=1050%2C600 3x"},"classes":[]},{"id":73446,"url":"https:\/\/noticiasribeiraopreto.com.br\/index.php\/2025\/07\/02\/ribeirao-preto-exibe-filme-com-trilha-ao-vivo-do-universo-de-pink-floyd\/","url_meta":{"origin":79076,"position":1},"title":"Ribeir\u00e3o Preto exibe filme com trilha ao vivo do universo de Pink Floyd","author":"noticiasribeiraopreto.com.br","date":"2 de July de 2025","format":false,"excerpt":"A experi\u00eancia imersiva que combina cinema, m\u00fasica ao vivo e hist\u00f3ria do rock progressivo chega ao Teatro de Arena de Ribeir\u00e3o Preto, neste s\u00e1bado (5), a partir das 17h, com o evento \u201cArena The Wall \u2013 O Filme\u201c. O espet\u00e1culo \u00e9 dividido em dois atos, sendo o primeiro a exibi\u00e7\u00e3o\u2026","rel":"","context":"In &quot;Not\u00edcias de Ribeir\u00e3o Preto-SP e Regi\u00e3o&quot;","block_context":{"text":"Not\u00edcias de Ribeir\u00e3o Preto-SP e Regi\u00e3o","link":"https:\/\/noticiasribeiraopreto.com.br\/index.php\/category\/noticias-de-ribeirao-preto-sp-e-regiao-ismael-colosi\/"},"img":{"alt_text":"","src":"https:\/\/i0.wp.com\/noticiasribeiraopreto.com.br\/wp-content\/uploads\/2025\/07\/f292e014-570a-4aea-8311-7ea5e53c5a87_2025-07-02_13-33-57.webp.webp?fit=1200%2C800&ssl=1&resize=350%2C200","width":350,"height":200,"srcset":"https:\/\/i0.wp.com\/noticiasribeiraopreto.com.br\/wp-content\/uploads\/2025\/07\/f292e014-570a-4aea-8311-7ea5e53c5a87_2025-07-02_13-33-57.webp.webp?fit=1200%2C800&ssl=1&resize=350%2C200 1x, https:\/\/i0.wp.com\/noticiasribeiraopreto.com.br\/wp-content\/uploads\/2025\/07\/f292e014-570a-4aea-8311-7ea5e53c5a87_2025-07-02_13-33-57.webp.webp?fit=1200%2C800&ssl=1&resize=525%2C300 1.5x, https:\/\/i0.wp.com\/noticiasribeiraopreto.com.br\/wp-content\/uploads\/2025\/07\/f292e014-570a-4aea-8311-7ea5e53c5a87_2025-07-02_13-33-57.webp.webp?fit=1200%2C800&ssl=1&resize=700%2C400 2x, https:\/\/i0.wp.com\/noticiasribeiraopreto.com.br\/wp-content\/uploads\/2025\/07\/f292e014-570a-4aea-8311-7ea5e53c5a87_2025-07-02_13-33-57.webp.webp?fit=1200%2C800&ssl=1&resize=1050%2C600 3x"},"classes":[]},{"id":61521,"url":"https:\/\/noticiasribeiraopreto.com.br\/index.php\/2024\/12\/15\/digao-dos-raimundos-se-apresenta-em-ribeirao-preto-nesta-semana\/","url_meta":{"origin":79076,"position":2},"title":"Dig\u00e3o dos Raimundos se apresenta em Ribeir\u00e3o Preto nesta semana","author":"noticiasribeiraopreto.com.br","date":"15 de December de 2024","format":false,"excerpt":"O vocalista dos Raimundos, Dig\u00e3o, se apresenta na pr\u00f3xima quinta-feira (19), no Hard Rock Cafe, em Ribeir\u00e3o Preto. No show, Dig\u00e3o estar\u00e1 acompanhado da banda Nice Trip, formada por Tiago e Rafael Adorno. Os ingressos j\u00e1 est\u00e3o \u00e0 venda pela internet (clique aqui). No repert\u00f3rio n\u00e3o podem faltar os cl\u00e1ssicos\u2026","rel":"","context":"In &quot;Not\u00edcias de Ribeir\u00e3o Preto-SP e Regi\u00e3o&quot;","block_context":{"text":"Not\u00edcias de Ribeir\u00e3o Preto-SP e Regi\u00e3o","link":"https:\/\/noticiasribeiraopreto.com.br\/index.php\/category\/noticias-de-ribeirao-preto-sp-e-regiao-ismael-colosi\/"},"img":{"alt_text":"","src":"https:\/\/i0.wp.com\/noticiasribeiraopreto.com.br\/wp-content\/uploads\/2024\/12\/digao-nice-trip_2024-12-15_16-15-40_jpg_2024-12-15_16-15-40.webp.webp?fit=1200%2C800&ssl=1&resize=350%2C200","width":350,"height":200,"srcset":"https:\/\/i0.wp.com\/noticiasribeiraopreto.com.br\/wp-content\/uploads\/2024\/12\/digao-nice-trip_2024-12-15_16-15-40_jpg_2024-12-15_16-15-40.webp.webp?fit=1200%2C800&ssl=1&resize=350%2C200 1x, https:\/\/i0.wp.com\/noticiasribeiraopreto.com.br\/wp-content\/uploads\/2024\/12\/digao-nice-trip_2024-12-15_16-15-40_jpg_2024-12-15_16-15-40.webp.webp?fit=1200%2C800&ssl=1&resize=525%2C300 1.5x, https:\/\/i0.wp.com\/noticiasribeiraopreto.com.br\/wp-content\/uploads\/2024\/12\/digao-nice-trip_2024-12-15_16-15-40_jpg_2024-12-15_16-15-40.webp.webp?fit=1200%2C800&ssl=1&resize=700%2C400 2x, https:\/\/i0.wp.com\/noticiasribeiraopreto.com.br\/wp-content\/uploads\/2024\/12\/digao-nice-trip_2024-12-15_16-15-40_jpg_2024-12-15_16-15-40.webp.webp?fit=1200%2C800&ssl=1&resize=1050%2C600 3x"},"classes":[]},{"id":68755,"url":"https:\/\/noticiasribeiraopreto.com.br\/index.php\/2025\/04\/28\/festival-com-entrada-gratuita-reune-torresmo-chope-artesanal-e-musica-em-ribeirao-preto\/","url_meta":{"origin":79076,"position":3},"title":"Festival com entrada gratuita re\u00fane torresmo, chope artesanal e m\u00fasica em Ribeir\u00e3o Preto","author":"noticiasribeiraopreto.com.br","date":"28 de April de 2025","format":false,"excerpt":"O Torremofest acontece em Ribeir\u00e3o Preto entre os dias 30 de abril e 4 de maio, na Pra\u00e7a Jo\u00e3o Marchesi, no Jardim S\u00e3o Luiz. O evento tem entrada gratuita e funciona diariamente das 12h \u00e0s 23h. Com estrutura de 4.500 m\u00b2 em \u00e1rea ao ar livre, o festival oferece mesas,\u2026","rel":"","context":"In &quot;Not\u00edcias de Ribeir\u00e3o Preto-SP e Regi\u00e3o&quot;","block_context":{"text":"Not\u00edcias de Ribeir\u00e3o Preto-SP e Regi\u00e3o","link":"https:\/\/noticiasribeiraopreto.com.br\/index.php\/category\/noticias-de-ribeirao-preto-sp-e-regiao-ismael-colosi\/"},"img":{"alt_text":"","src":"https:\/\/i0.wp.com\/noticiasribeiraopreto.com.br\/wp-content\/uploads\/2025\/04\/Copia-de-Copia-de-Copia-de-TAMANHO-EXATO-PARA-FOTOS-NO-SISTEMA-NOVO-23_2025-04-28_20-00-08.webp.webp?fit=1200%2C675&ssl=1&resize=350%2C200","width":350,"height":200,"srcset":"https:\/\/i0.wp.com\/noticiasribeiraopreto.com.br\/wp-content\/uploads\/2025\/04\/Copia-de-Copia-de-Copia-de-TAMANHO-EXATO-PARA-FOTOS-NO-SISTEMA-NOVO-23_2025-04-28_20-00-08.webp.webp?fit=1200%2C675&ssl=1&resize=350%2C200 1x, https:\/\/i0.wp.com\/noticiasribeiraopreto.com.br\/wp-content\/uploads\/2025\/04\/Copia-de-Copia-de-Copia-de-TAMANHO-EXATO-PARA-FOTOS-NO-SISTEMA-NOVO-23_2025-04-28_20-00-08.webp.webp?fit=1200%2C675&ssl=1&resize=525%2C300 1.5x, https:\/\/i0.wp.com\/noticiasribeiraopreto.com.br\/wp-content\/uploads\/2025\/04\/Copia-de-Copia-de-Copia-de-TAMANHO-EXATO-PARA-FOTOS-NO-SISTEMA-NOVO-23_2025-04-28_20-00-08.webp.webp?fit=1200%2C675&ssl=1&resize=700%2C400 2x, https:\/\/i0.wp.com\/noticiasribeiraopreto.com.br\/wp-content\/uploads\/2025\/04\/Copia-de-Copia-de-Copia-de-TAMANHO-EXATO-PARA-FOTOS-NO-SISTEMA-NOVO-23_2025-04-28_20-00-08.webp.webp?fit=1200%2C675&ssl=1&resize=1050%2C600 3x"},"classes":[]},{"id":72470,"url":"https:\/\/noticiasribeiraopreto.com.br\/index.php\/2025\/06\/17\/teatro-de-arena-recebe-festival-de-cerveja-artesanal-com-shows-ao-vivo-veja-quando\/","url_meta":{"origin":79076,"position":4},"title":"Teatro de Arena recebe festival de cerveja artesanal com shows ao vivo; Veja quando","author":"noticiasribeiraopreto.com.br","date":"17 de June de 2025","format":false,"excerpt":"O Teatro de Arena, em Ribeir\u00e3o Preto, ser\u00e1 palco da terceira edi\u00e7\u00e3o do Maltesa Beer Rock, nos dias 21 e 22 de junho. O evento conta com entrada gratuita e programa\u00e7\u00e3o para todas as idades. A atividade faz parte das comemora\u00e7\u00f5es oficiais do anivers\u00e1rio de 169 anos da cidade \u2013\u2026","rel":"","context":"In &quot;Not\u00edcias de Ribeir\u00e3o Preto-SP e Regi\u00e3o&quot;","block_context":{"text":"Not\u00edcias de Ribeir\u00e3o Preto-SP e Regi\u00e3o","link":"https:\/\/noticiasribeiraopreto.com.br\/index.php\/category\/noticias-de-ribeirao-preto-sp-e-regiao-ismael-colosi\/"},"img":{"alt_text":"","src":"https:\/\/i0.wp.com\/noticiasribeiraopreto.com.br\/wp-content\/uploads\/2025\/06\/cerveja-artesanal_2025-06-17_14-49-37.webp.webp?fit=1200%2C675&ssl=1&resize=350%2C200","width":350,"height":200,"srcset":"https:\/\/i0.wp.com\/noticiasribeiraopreto.com.br\/wp-content\/uploads\/2025\/06\/cerveja-artesanal_2025-06-17_14-49-37.webp.webp?fit=1200%2C675&ssl=1&resize=350%2C200 1x, https:\/\/i0.wp.com\/noticiasribeiraopreto.com.br\/wp-content\/uploads\/2025\/06\/cerveja-artesanal_2025-06-17_14-49-37.webp.webp?fit=1200%2C675&ssl=1&resize=525%2C300 1.5x, https:\/\/i0.wp.com\/noticiasribeiraopreto.com.br\/wp-content\/uploads\/2025\/06\/cerveja-artesanal_2025-06-17_14-49-37.webp.webp?fit=1200%2C675&ssl=1&resize=700%2C400 2x, https:\/\/i0.wp.com\/noticiasribeiraopreto.com.br\/wp-content\/uploads\/2025\/06\/cerveja-artesanal_2025-06-17_14-49-37.webp.webp?fit=1200%2C675&ssl=1&resize=1050%2C600 3x"},"classes":[]},{"id":40337,"url":"https:\/\/noticiasribeiraopreto.com.br\/index.php\/2024\/03\/02\/dead-fish-faz-show-em-ribeirao-preto-veja-como-comprar-ingressos\/","url_meta":{"origin":79076,"position":5},"title":"Dead Fish faz show em Ribeir\u00e3o Preto; Veja como comprar ingressos","author":"noticiasribeiraopreto.com.br","date":"2 de March de 2024","format":false,"excerpt":"A banda de hardcore Dead Fish chega aos palcos de Ribeir\u00e3o Preto, no dia 29 de mar\u00e7o, no Goa Lounge, casa noturna na zona Sul da cidade. Os ingressos j\u00e1 est\u00e3o \u00e0 venda. A banda que se formou em Vit\u00f3ria-ES em 1991 lan\u00e7ou quadro discos e \u00e9 respons\u00e1vel por hits\u2026","rel":"","context":"In &quot;Not\u00edcias de Ribeir\u00e3o Preto-SP e Regi\u00e3o&quot;","block_context":{"text":"Not\u00edcias de Ribeir\u00e3o Preto-SP e Regi\u00e3o","link":"https:\/\/noticiasribeiraopreto.com.br\/index.php\/category\/noticias-de-ribeirao-preto-sp-e-regiao-ismael-colosi\/"},"img":{"alt_text":"","src":"https:\/\/i0.wp.com\/noticiasribeiraopreto.com.br\/wp-content\/uploads\/2024\/03\/Design-sem-nome-8.jpg?fit=960%2C693&ssl=1&resize=350%2C200","width":350,"height":200,"srcset":"https:\/\/i0.wp.com\/noticiasribeiraopreto.com.br\/wp-content\/uploads\/2024\/03\/Design-sem-nome-8.jpg?fit=960%2C693&ssl=1&resize=350%2C200 1x, https:\/\/i0.wp.com\/noticiasribeiraopreto.com.br\/wp-content\/uploads\/2024\/03\/Design-sem-nome-8.jpg?fit=960%2C693&ssl=1&resize=525%2C300 1.5x, https:\/\/i0.wp.com\/noticiasribeiraopreto.com.br\/wp-content\/uploads\/2024\/03\/Design-sem-nome-8.jpg?fit=960%2C693&ssl=1&resize=700%2C400 2x"},"classes":[]}],"jetpack_sharing_enabled":true,"jetpack_shortlink":"https:\/\/wp.me\/peQAOb-kzq","_links":{"self":[{"href":"https:\/\/noticiasribeiraopreto.com.br\/index.php\/wp-json\/wp\/v2\/posts\/79076","targetHints":{"allow":["GET"]}}],"collection":[{"href":"https:\/\/noticiasribeiraopreto.com.br\/index.php\/wp-json\/wp\/v2\/posts"}],"about":[{"href":"https:\/\/noticiasribeiraopreto.com.br\/index.php\/wp-json\/wp\/v2\/types\/post"}],"author":[{"embeddable":true,"href":"https:\/\/noticiasribeiraopreto.com.br\/index.php\/wp-json\/wp\/v2\/users\/1"}],"replies":[{"embeddable":true,"href":"https:\/\/noticiasribeiraopreto.com.br\/index.php\/wp-json\/wp\/v2\/comments?post=79076"}],"version-history":[{"count":0,"href":"https:\/\/noticiasribeiraopreto.com.br\/index.php\/wp-json\/wp\/v2\/posts\/79076\/revisions"}],"wp:featuredmedia":[{"embeddable":true,"href":"https:\/\/noticiasribeiraopreto.com.br\/index.php\/wp-json\/wp\/v2\/media\/79077"}],"wp:attachment":[{"href":"https:\/\/noticiasribeiraopreto.com.br\/index.php\/wp-json\/wp\/v2\/media?parent=79076"}],"wp:term":[{"taxonomy":"category","embeddable":true,"href":"https:\/\/noticiasribeiraopreto.com.br\/index.php\/wp-json\/wp\/v2\/categories?post=79076"},{"taxonomy":"post_tag","embeddable":true,"href":"https:\/\/noticiasribeiraopreto.com.br\/index.php\/wp-json\/wp\/v2\/tags?post=79076"}],"curies":[{"name":"wp","href":"https:\/\/api.w.org\/{rel}","templated":true}]}}