{"id":79080,"date":"2025-10-23T19:33:08","date_gmt":"2025-10-23T22:33:08","guid":{"rendered":"https:\/\/noticiasribeiraopreto.com.br\/index.php\/2025\/10\/23\/caso-larissa-elizabete-arrabaca-disse-que-tomou-o-mesmo-remedio-dado-a-vitima-video\/"},"modified":"2025-10-23T19:33:08","modified_gmt":"2025-10-23T22:33:08","slug":"caso-larissa-elizabete-arrabaca-disse-que-tomou-o-mesmo-remedio-dado-a-vitima-video","status":"publish","type":"post","link":"https:\/\/noticiasribeiraopreto.com.br\/index.php\/2025\/10\/23\/caso-larissa-elizabete-arrabaca-disse-que-tomou-o-mesmo-remedio-dado-a-vitima-video\/","title":{"rendered":"Caso Larissa: Elizabete Arraba\u00e7a disse que tomou o mesmo rem\u00e9dio dado \u00e0 v\u00edtima; V\u00eddeo"},"content":{"rendered":"<div class='code-block code-block-1' style='margin: 8px 0 8px auto; text-align: right; display: block; clear: both;'>\n<p><a href=\"https:\/\/wa.link\/vpicfd\"><img data-recalc-dims=\"1\" class=\"wp-image-4922\" style=\"aspect-ratio: 2.0253164556962027; width: 561px; height: auto;\" src=\"https:\/\/i0.wp.com\/ismaelcolosi.com.br\/wp-content\/uploads\/2023\/11\/grupo-de-empregos-whatsapp-e-facebook-ismael-colosi-vagas.jpg?ssl=1\" alt=\"\" \/><\/a><\/p>\n<!-- \/wp:image -->\n<\/div>\n<p> <br \/>\n<\/p>\n<div>\n<p><strong>Elizabete Arraba\u00e7a<\/strong> afirmou durante depoimento, <strong>que entregou um frasco com comprimidos para dor de est\u00f4mago<\/strong> \u00e0 professora Larissa Rodrigues, morta em mar\u00e7o por envenenamento em Ribeir\u00e3o Preto, na noite anterior ao crime, <strong>e que tomou o mesmo rem\u00e9dio<\/strong>.<\/p>\n<p>A suspeita fez o relato durante a \u00faltima audi\u00eancia de instru\u00e7\u00e3o, realizada no dia 14 de outubro. Al\u00e9m dela, o filho e marido de Larissa, <strong>Luiz Ant\u00f4nio Garnica<\/strong>, tamb\u00e9m \u00e9 investigado pelo crime. <strong>Os dois sempre negaram participa\u00e7\u00e3o no crime.<\/strong><\/p>\n<p>Segundo <strong>Arraba\u00e7a<\/strong>, Larissa teria reclamado de dor no est\u00f4mago e pedido um medicamento que ela costumava carregar na bolsa. <mark style=\"background-color:#fcb900\" class=\"has-inline-color\">Na sequ\u00eancia, teria tomado o mesmo rem\u00e9dio dado \u00e0 v\u00edtima.<\/mark><\/p>\n<figure class=\"wp-block-pullquote\">\n<blockquote>\n<p>Ela s\u00f3 falou que n\u00e3o estava muito bem do est\u00f4mago, se eu tinha omeprazol, e eu tinha, andava sempre com ele na bolsa, era costume. Eu peguei o vidro e dei dos que eu tomava mesmo. Ela deve ter tomado um s\u00f3. Eu tomei tamb\u00e9m. Pus um na m\u00e3o e tomei tamb\u00e9m<\/p>\n<p><cite>Elizabete Arraba\u00e7a<\/cite><\/p><\/blockquote>\n<\/figure>\n<blockquote class=\"tiktok-embed\" cite=\"https:\/\/www.tiktok.com\/@acidadeon\/video\/7564510868457721106\" data-video-id=\"7564510868457721106\" style=\"max-width: 605px;min-width: 325px;\">\n<section> <a target=\"_blank\" title=\"@acidadeon\" href=\"https:\/\/www.tiktok.com\/@acidadeon?refer=embed\" rel=\"noopener\">@acidadeon<\/a> \ud83d\udc8a Elizabete Arraba\u00e7a afirmou durante depoimento, que entregou um frasco com comprimidos para dor de est\u00f4mago \u00e0 professora Larissa Rodrigues, morta em mar\u00e7o por envenenamento em Ribeir\u00e3o Preto, na noite anterior ao crime, e que tomou o mesmo rem\u00e9dio. \u27a1\ufe0f A suspeita fez o relato durante a \u00faltima audi\u00eancia de instru\u00e7\u00e3o, realizada no dia 14 de outubro. Al\u00e9m dela, o filho e marido de Larissa, Luiz Ant\u00f4nio Garnica, tamb\u00e9m \u00e9 investigado pelo crime. Os dois sempre negaram participa\u00e7\u00e3o no crime. \u203c\ufe0f Segundo Arraba\u00e7a, Larissa teria reclamado de dor no est\u00f4mago e pedido um medicamento que ela costumava carregar na bolsa. Na sequ\u00eancia, teria tomado o mesmo rem\u00e9dio dado \u00e0 v\u00edtima. \ud83d\udcf2\ud83d\udcbb Saiba mais no site \ud83c\udf0e acidadeon.com\/ribeiraopreto \ud83c\udfa5 Reprodu\u00e7\u00e3o\/ EPTV <a title=\"acidadeon\" target=\"_blank\" href=\"https:\/\/www.tiktok.com\/tag\/acidadeon?refer=embed\" rel=\"noopener\">#acidadeon<\/a> <a title=\"fiqueon\" target=\"_blank\" href=\"https:\/\/www.tiktok.com\/tag\/fiqueon?refer=embed\" rel=\"noopener\">#fiqueon<\/a> <a title=\"ribeir\u00e3opreto\" target=\"_blank\" href=\"https:\/\/www.tiktok.com\/tag\/ribeir%C3%A3opreto?refer=embed\" rel=\"noopener\">#ribeir\u00e3opreto<\/a> <a target=\"_blank\" title=\"\u266c som original - acidade on\" href=\"https:\/\/www.tiktok.com\/music\/som-original-7564510900032441104?refer=embed\" rel=\"noopener\">\u266c som original \u2013 acidade on<\/a> <\/section>\n<\/blockquote>\n<h2 class=\"wp-block-heading\"><strong>Sogra desqualificou as alega\u00e7\u00f5es feitas<\/strong><\/h2>\n<p>Ainda durante a audi\u00eancia, <strong>Elizabete desqualificou as alega\u00e7\u00f5es feitas na carta enviada da pris\u00e3o no dia 31 de maio<\/strong>, onde dizia que o medicamento que Larissa e ela, supostamente, tomaram continha <strong>veneno de rato<\/strong>.<\/p>\n<p>Na \u00e9poca em que escreveu a carta, <strong>Elizabete <\/strong>afirmou que sua filha, <strong>Nath\u00e1lia Garnica<\/strong>, que morreu um m\u00eas antes de Larissa, teria relatado que moradores de ch\u00e1caras em Pontal haviam pedido sua ajuda para conseguir veneno para ratos.<\/p>\n<p>Segundo a acusada, <strong>Nath\u00e1lia<\/strong>, que era chefe da Vigil\u00e2ncia Sanit\u00e1ria do munic\u00edpio, teria obtido o produto com a justificativa de que usaria em pequenas doses para eliminar os roedores. <mark style=\"background-color:#fcb900\" class=\"has-inline-color\">Ainda de acordo com Elizabete, a filha teria colocado o chumbinho em c\u00e1psulas de omeprazol.<\/mark><\/p>\n<figure class=\"wp-block-pullquote\">\n<blockquote>\n<p>Eu achei que ia morrer, por isso que eu escrevi aquilo, mas n\u00e3o tem fundamento nenhum o que eu escrevi. Foi um momento de medo [\u2026] Eu escrevi aquelas coisas e depois eu vi que n\u00e3o tinha fundamento nenhum. Foi [um momento] de apavoramento mesmo, de achar que eu ia morrer e que eu queria que falar para investigar<\/p>\n<p><cite>disse Elizabete Arraba\u00e7a<\/cite><\/p><\/blockquote>\n<\/figure>\n<div class=\"wp-block-image\">\n<figure class=\"aligncenter size-large is-resized\"><img data-recalc-dims=\"1\" fetchpriority=\"high\" decoding=\"async\" width=\"1024\" height=\"576\" src=\"https:\/\/i0.wp.com\/cdn.media-acidadeon.com.br\/ribeiraopreto\/wp-content\/uploads\/sites\/3\/2025\/06\/Copia-de-Copia-de-Copia-de-TAMANHO-EXATO-PARA-FOTOS-NO-SISTEMA-NOVO-2025-06-28T184923.591_2025-06-28_21-49-29-1024x576.webp?resize=1024%2C576&#038;ssl=1\" alt=\"Elizabete Arraba\u00e7a - Foto: reprodu\u00e7\u00e3o\/ redes sociais\/ EPTV.\" class=\"wp-image-121140\" style=\"width:654px\" title=\"Caso Larissa: Elizabete Arraba\u00e7a disse que tomou o mesmo rem\u00e9dio dado \u00e0 v\u00edtima; V\u00eddeo 1\" srcset=\"https:\/\/cdn.media-acidadeon.com.br\/ribeiraopreto\/wp-content\/uploads\/sites\/3\/2025\/06\/Copia-de-Copia-de-Copia-de-TAMANHO-EXATO-PARA-FOTOS-NO-SISTEMA-NOVO-2025-06-28T184923.591_2025-06-28_21-49-29-1024x576.webp 1024w, https:\/\/cdn.media-acidadeon.com.br\/ribeiraopreto\/wp-content\/uploads\/sites\/3\/2025\/06\/Copia-de-Copia-de-Copia-de-TAMANHO-EXATO-PARA-FOTOS-NO-SISTEMA-NOVO-2025-06-28T184923.591_2025-06-28_21-49-29-300x169.webp 300w, https:\/\/cdn.media-acidadeon.com.br\/ribeiraopreto\/wp-content\/uploads\/sites\/3\/2025\/06\/Copia-de-Copia-de-Copia-de-TAMANHO-EXATO-PARA-FOTOS-NO-SISTEMA-NOVO-2025-06-28T184923.591_2025-06-28_21-49-29-768x432.webp 768w, https:\/\/cdn.media-acidadeon.com.br\/ribeiraopreto\/wp-content\/uploads\/sites\/3\/2025\/06\/Copia-de-Copia-de-Copia-de-TAMANHO-EXATO-PARA-FOTOS-NO-SISTEMA-NOVO-2025-06-28T184923.591_2025-06-28_21-49-29-696x392.webp 696w, https:\/\/cdn.media-acidadeon.com.br\/ribeiraopreto\/wp-content\/uploads\/sites\/3\/2025\/06\/Copia-de-Copia-de-Copia-de-TAMANHO-EXATO-PARA-FOTOS-NO-SISTEMA-NOVO-2025-06-28T184923.591_2025-06-28_21-49-29-1068x601.webp 1068w, https:\/\/cdn.media-acidadeon.com.br\/ribeiraopreto\/wp-content\/uploads\/sites\/3\/2025\/06\/Copia-de-Copia-de-Copia-de-TAMANHO-EXATO-PARA-FOTOS-NO-SISTEMA-NOVO-2025-06-28T184923.591_2025-06-28_21-49-29.webp 1200w\" sizes=\"(max-width: 1024px) 100vw, 1024px\"\/><figcaption class=\"wp-element-caption\">Elizabete Arraba\u00e7a \u2013 Foto: reprodu\u00e7\u00e3o\/ redes sociais\/ EPTV.<\/figcaption><\/figure>\n<\/div>\n<h2 class=\"wp-block-heading\"><strong>Pr\u00f3ximos passos<\/strong><\/h2>\n<p>Encerradas as audi\u00eancias de instru\u00e7\u00e3o, foi iniciado o per\u00edodo para que as defesas e o<strong> Minist\u00e9rio P\u00fablico de S\u00e3o Paulo (MP-SP)<\/strong> apresentem suas manifesta\u00e7\u00f5es. <strong>Conclu\u00edda essa etapa, o juiz do caso poder\u00e1 definir os pr\u00f3ximos passos do processo.<\/strong><\/p>\n<hr class=\"wp-block-separator has-alpha-channel-opacity\"\/>\n<p>SAIBA MAIS<\/p>\n<p>Caso Larissa: m\u00e9dico mant\u00e9m acusa\u00e7\u00e3o contra m\u00e3e por morte da professora em Ribeir\u00e3o<\/p>\n<h2 class=\"wp-block-heading\"><strong>FIQUE ON<\/strong><\/h2>\n<p>Fique ligado em tudo que acontece em Ribeir\u00e3o Preto e regi\u00e3o. Siga os perfis do\u00a0<strong>acidade on\u00a0<\/strong>no\u00a0<a href=\"https:\/\/www.instagram.com\/acidadeonribeirao\" target=\"_blank\" rel=\"noreferrer noopener\">Instagram<\/a>\u00a0e no<a href=\"https:\/\/www.facebook.com\/acidadeonribeirao\/\" target=\"_blank\" rel=\"noreferrer noopener\">\u00a0Facebook<\/a>.<\/p>\n<p>Receba not\u00edcias do<strong>\u00a0acidade on<\/strong>\u00a0no WhatsApp. Para entrar no grupo,\u00a0basta\u00a0<a href=\"https:\/\/chat.whatsapp.com\/I4nieTEMKlf50pJ28aMemC?mode=ac_t\" target=\"_blank\" rel=\"noreferrer noopener\">clicar aqui<\/a>. Ou, acesse o nosso\u00a0Canal\u00a0<a href=\"https:\/\/whatsapp.com\/channel\/0029Vb6IQl1JENyAeS57fk2p\" target=\"_blank\" rel=\"noreferrer noopener\">clicando aqui<\/a>.<\/p>\n<p>Fa\u00e7a uma den\u00fancia ou sugira uma reportagem sobre Ribeir\u00e3o Preto e regi\u00e3o pelo WhatsApp: 16 99117 7802.<\/p>\n<p>VEJA TAMB\u00c9M<\/p>\n<p>O que aconteceu com a prima da Ana Castela?<\/p>\n<p><!-- AI CONTENT END 1 -->\n<\/div>\n<p><script async src=\"\/\/www.instagram.com\/embed.js\"><\/script><script async src=\"\/\/www.tiktok.com\/embed.js\"><\/script><br \/>\n<br \/><br \/>\n<br \/><a href=\"https:\/\/www.acidadeon.com\/ribeiraopreto\/cotidiano\/caso-larissa-elizabete-arrabaca-disse-que-tomou-o-mesmo-remedio-dado-a-vitima-video\/\">Source link <\/a><\/p>\n<!-- CONTENT END 1 -->\n","protected":false},"excerpt":{"rendered":"<p>Elizabete Arraba\u00e7a afirmou durante depoimento, que entregou um frasco com comprimidos para dor de est\u00f4mago \u00e0 professora Larissa Rodrigues, morta em mar\u00e7o por envenenamento em&#8230;<\/p>\n","protected":false},"author":1,"featured_media":79081,"comment_status":"open","ping_status":"open","sticky":false,"template":"","format":"standard","meta":{"advanced_seo_description":"","jetpack_seo_html_title":"","jetpack_seo_noindex":false,"jetpack_post_was_ever_published":false,"_jetpack_newsletter_access":"","_jetpack_dont_email_post_to_subs":false,"_jetpack_newsletter_tier_id":0,"_jetpack_memberships_contains_paywalled_content":false,"_jetpack_memberships_contains_paid_content":false,"footnotes":"","jetpack_publicize_message":"","jetpack_publicize_feature_enabled":true,"jetpack_social_post_already_shared":true,"jetpack_social_options":{"image_generator_settings":{"template":"highway","default_image_id":0,"font":"","enabled":false},"version":2}},"categories":[11],"tags":[],"class_list":["post-79080","post","type-post","status-publish","format-standard","has-post-thumbnail","hentry","category-noticias-de-ribeirao-preto-sp-e-regiao-ismael-colosi"],"jetpack_publicize_connections":[],"jetpack_featured_media_url":"https:\/\/i0.wp.com\/noticiasribeiraopreto.com.br\/wp-content\/uploads\/2025\/10\/Copia-de-Copia-de-Copia-de-TAMANHO-EXATO-PARA-FOTOS-NO-SISTEMA-NOVO-2025-10-23T164404.451_2025-10-23_19-44-10.webp.webp?fit=1200%2C675&ssl=1","jetpack-related-posts":[{"id":71261,"url":"https:\/\/noticiasribeiraopreto.com.br\/index.php\/2025\/06\/04\/caso-larissa-sogra-da-professora-diz-que-a-nora-tomou-remedio-com-chumbinho\/","url_meta":{"origin":79080,"position":0},"title":"Caso Larissa: sogra da professora diz que a nora tomou rem\u00e9dio com chumbinho","author":"noticiasribeiraopreto.com.br","date":"4 de June de 2025","format":false,"excerpt":"A sogra da professora Larissa Talle Le\u00f4ncio Rodrigues, Elizabete Arraba\u00e7a, disse que a nora tomou rem\u00e9dio com chumbinho. Larissa foi encontrada morta no \u00faltimo dia 22 de mar\u00e7o no apartamento em que morava com o marido, o m\u00e9dico Luiz Ant\u00f4nio Garnica, no Jardim Bot\u00e2nico, na zona Sul de Ribeir\u00e3o Preto.\u2026","rel":"","context":"In &quot;Not\u00edcias de Ribeir\u00e3o Preto-SP e Regi\u00e3o&quot;","block_context":{"text":"Not\u00edcias de Ribeir\u00e3o Preto-SP e Regi\u00e3o","link":"https:\/\/noticiasribeiraopreto.com.br\/index.php\/category\/noticias-de-ribeirao-preto-sp-e-regiao-ismael-colosi\/"},"img":{"alt_text":"","src":"https:\/\/i0.wp.com\/noticiasribeiraopreto.com.br\/wp-content\/uploads\/2025\/05\/Copia-de-Copia-de-Copia-de-TAMANHO-EXATO-PARA-FOTOS-NO-SISTEMA-NOVO-45_2025-05-06_21-21-57.webp.webp?fit=1200%2C675&ssl=1&resize=350%2C200","width":350,"height":200,"srcset":"https:\/\/i0.wp.com\/noticiasribeiraopreto.com.br\/wp-content\/uploads\/2025\/05\/Copia-de-Copia-de-Copia-de-TAMANHO-EXATO-PARA-FOTOS-NO-SISTEMA-NOVO-45_2025-05-06_21-21-57.webp.webp?fit=1200%2C675&ssl=1&resize=350%2C200 1x, https:\/\/i0.wp.com\/noticiasribeiraopreto.com.br\/wp-content\/uploads\/2025\/05\/Copia-de-Copia-de-Copia-de-TAMANHO-EXATO-PARA-FOTOS-NO-SISTEMA-NOVO-45_2025-05-06_21-21-57.webp.webp?fit=1200%2C675&ssl=1&resize=525%2C300 1.5x, https:\/\/i0.wp.com\/noticiasribeiraopreto.com.br\/wp-content\/uploads\/2025\/05\/Copia-de-Copia-de-Copia-de-TAMANHO-EXATO-PARA-FOTOS-NO-SISTEMA-NOVO-45_2025-05-06_21-21-57.webp.webp?fit=1200%2C675&ssl=1&resize=700%2C400 2x, https:\/\/i0.wp.com\/noticiasribeiraopreto.com.br\/wp-content\/uploads\/2025\/05\/Copia-de-Copia-de-Copia-de-TAMANHO-EXATO-PARA-FOTOS-NO-SISTEMA-NOVO-45_2025-05-06_21-21-57.webp.webp?fit=1200%2C675&ssl=1&resize=1050%2C600 3x"},"classes":[]},{"id":71293,"url":"https:\/\/noticiasribeiraopreto.com.br\/index.php\/2025\/06\/04\/caso-larissa-sem-a-menor-comprovacao-diz-promotor-sobre-carta-de-elizabete-arrabaca\/","url_meta":{"origin":79080,"position":1},"title":"Caso Larissa: \u2018Sem a menor comprova\u00e7\u00e3o\u2019, diz promotor sobre carta de Elizabete Arraba\u00e7a","author":"noticiasribeiraopreto.com.br","date":"4 de June de 2025","format":false,"excerpt":"O promotor Marcus T\u00falio Nicolino disse que a carta enviada por Elizabete Eug\u00eanio Arraba\u00e7a \u00e0 Justi\u00e7a tem o intuito de excluir a participa\u00e7\u00e3o do filho dela, o m\u00e9dico Luiz Ant\u00f4nio Garnica, na morte da professora Larissa Talle Le\u00f4ncio Rodrigues, no \u00faltimo m\u00eas de mar\u00e7o, no Jardim Bot\u00e2nico, em Ribeir\u00e3o Preto.\u2026","rel":"","context":"In &quot;Not\u00edcias de Ribeir\u00e3o Preto-SP e Regi\u00e3o&quot;","block_context":{"text":"Not\u00edcias de Ribeir\u00e3o Preto-SP e Regi\u00e3o","link":"https:\/\/noticiasribeiraopreto.com.br\/index.php\/category\/noticias-de-ribeirao-preto-sp-e-regiao-ismael-colosi\/"},"img":{"alt_text":"","src":"https:\/\/i0.wp.com\/noticiasribeiraopreto.com.br\/wp-content\/uploads\/2025\/05\/LARISSA_2025-05-05_14-47-10.webp.webp?fit=1200%2C785&ssl=1&resize=350%2C200","width":350,"height":200,"srcset":"https:\/\/i0.wp.com\/noticiasribeiraopreto.com.br\/wp-content\/uploads\/2025\/05\/LARISSA_2025-05-05_14-47-10.webp.webp?fit=1200%2C785&ssl=1&resize=350%2C200 1x, https:\/\/i0.wp.com\/noticiasribeiraopreto.com.br\/wp-content\/uploads\/2025\/05\/LARISSA_2025-05-05_14-47-10.webp.webp?fit=1200%2C785&ssl=1&resize=525%2C300 1.5x, https:\/\/i0.wp.com\/noticiasribeiraopreto.com.br\/wp-content\/uploads\/2025\/05\/LARISSA_2025-05-05_14-47-10.webp.webp?fit=1200%2C785&ssl=1&resize=700%2C400 2x, https:\/\/i0.wp.com\/noticiasribeiraopreto.com.br\/wp-content\/uploads\/2025\/05\/LARISSA_2025-05-05_14-47-10.webp.webp?fit=1200%2C785&ssl=1&resize=1050%2C600 3x"},"classes":[]},{"id":71290,"url":"https:\/\/noticiasribeiraopreto.com.br\/index.php\/2025\/06\/04\/leia-a-integra-da-carta-escrita-na-cadeia-pela-sogra-suspeita-de-matar-larissa-envenenada\/","url_meta":{"origin":79080,"position":2},"title":"Leia a \u00edntegra da carta escrita na cadeia pela sogra suspeita de matar Larissa envenenada","author":"noticiasribeiraopreto.com.br","date":"4 de June de 2025","format":false,"excerpt":"A sogra da professora\u00a0Larissa Talle Le\u00f4ncio Rodrigues,\u00a0Elizabete Arraba\u00e7a, disse em uma carta escrita na cadeia e encaminhada \u00e0 Justi\u00e7a que a nora tomou rem\u00e9dio com chumbinho. Leia a carta na \u00edntegra abaixo. LEIA MAIS >>> Caso Larissa: sogra da professora diz que a nora tomou rem\u00e9dio com chumbinho Larissa foi\u2026","rel":"","context":"In &quot;Not\u00edcias de Ribeir\u00e3o Preto-SP e Regi\u00e3o&quot;","block_context":{"text":"Not\u00edcias de Ribeir\u00e3o Preto-SP e Regi\u00e3o","link":"https:\/\/noticiasribeiraopreto.com.br\/index.php\/category\/noticias-de-ribeirao-preto-sp-e-regiao-ismael-colosi\/"},"img":{"alt_text":"","src":"https:\/\/i0.wp.com\/noticiasribeiraopreto.com.br\/wp-content\/uploads\/2025\/05\/WhatsApp-Image-2025-05-07-at-08.08.58_2025-05-07_11-09-16.webp.webp?fit=1200%2C675&ssl=1&resize=350%2C200","width":350,"height":200,"srcset":"https:\/\/i0.wp.com\/noticiasribeiraopreto.com.br\/wp-content\/uploads\/2025\/05\/WhatsApp-Image-2025-05-07-at-08.08.58_2025-05-07_11-09-16.webp.webp?fit=1200%2C675&ssl=1&resize=350%2C200 1x, https:\/\/i0.wp.com\/noticiasribeiraopreto.com.br\/wp-content\/uploads\/2025\/05\/WhatsApp-Image-2025-05-07-at-08.08.58_2025-05-07_11-09-16.webp.webp?fit=1200%2C675&ssl=1&resize=525%2C300 1.5x, https:\/\/i0.wp.com\/noticiasribeiraopreto.com.br\/wp-content\/uploads\/2025\/05\/WhatsApp-Image-2025-05-07-at-08.08.58_2025-05-07_11-09-16.webp.webp?fit=1200%2C675&ssl=1&resize=700%2C400 2x, https:\/\/i0.wp.com\/noticiasribeiraopreto.com.br\/wp-content\/uploads\/2025\/05\/WhatsApp-Image-2025-05-07-at-08.08.58_2025-05-07_11-09-16.webp.webp?fit=1200%2C675&ssl=1&resize=1050%2C600 3x"},"classes":[]},{"id":78621,"url":"https:\/\/noticiasribeiraopreto.com.br\/index.php\/2025\/10\/14\/caso-larissa-medico-mantem-acusacao-contra-mae-por-morte-da-professora-em-ribeirao\/","url_meta":{"origin":79080,"position":3},"title":"Caso Larissa: m\u00e9dico mant\u00e9m acusa\u00e7\u00e3o contra m\u00e3e por morte da professora em Ribeir\u00e3o","author":"noticiasribeiraopreto.com.br","date":"14 de October de 2025","format":false,"excerpt":"Durante audi\u00eancia de instru\u00e7\u00e3o, realizada nesta ter\u00e7a-feira (14), o m\u00e9dico Luiz Ant\u00f4nio Garnica manteve a acusa\u00e7\u00e3o contra a m\u00e3e, Elizabete Arraba\u00e7a, pela morte da professora de pilates Larissa Rodrigues, em mar\u00e7o deste ano em Ribeir\u00e3o Preto. >>> FIQUE POR DENTRO: Confira a cobertura completa sobre o \u2018Caso Larissa\u2019 clicando aqui\u2026","rel":"","context":"In &quot;Not\u00edcias de Ribeir\u00e3o Preto-SP e Regi\u00e3o&quot;","block_context":{"text":"Not\u00edcias de Ribeir\u00e3o Preto-SP e Regi\u00e3o","link":"https:\/\/noticiasribeiraopreto.com.br\/index.php\/category\/noticias-de-ribeirao-preto-sp-e-regiao-ismael-colosi\/"},"img":{"alt_text":"","src":"https:\/\/i0.wp.com\/noticiasribeiraopreto.com.br\/wp-content\/uploads\/2025\/07\/Copia-de-Copia-de-Copia-de-TAMANHO-EXATO-PARA-FOTOS-NO-SISTEMA-NOVO-2025-07-01T135245.697_2025-07-01_16-52-51.webp.webp?fit=1200%2C675&ssl=1&resize=350%2C200","width":350,"height":200,"srcset":"https:\/\/i0.wp.com\/noticiasribeiraopreto.com.br\/wp-content\/uploads\/2025\/07\/Copia-de-Copia-de-Copia-de-TAMANHO-EXATO-PARA-FOTOS-NO-SISTEMA-NOVO-2025-07-01T135245.697_2025-07-01_16-52-51.webp.webp?fit=1200%2C675&ssl=1&resize=350%2C200 1x, https:\/\/i0.wp.com\/noticiasribeiraopreto.com.br\/wp-content\/uploads\/2025\/07\/Copia-de-Copia-de-Copia-de-TAMANHO-EXATO-PARA-FOTOS-NO-SISTEMA-NOVO-2025-07-01T135245.697_2025-07-01_16-52-51.webp.webp?fit=1200%2C675&ssl=1&resize=525%2C300 1.5x, https:\/\/i0.wp.com\/noticiasribeiraopreto.com.br\/wp-content\/uploads\/2025\/07\/Copia-de-Copia-de-Copia-de-TAMANHO-EXATO-PARA-FOTOS-NO-SISTEMA-NOVO-2025-07-01T135245.697_2025-07-01_16-52-51.webp.webp?fit=1200%2C675&ssl=1&resize=700%2C400 2x, https:\/\/i0.wp.com\/noticiasribeiraopreto.com.br\/wp-content\/uploads\/2025\/07\/Copia-de-Copia-de-Copia-de-TAMANHO-EXATO-PARA-FOTOS-NO-SISTEMA-NOVO-2025-07-01T135245.697_2025-07-01_16-52-51.webp.webp?fit=1200%2C675&ssl=1&resize=1050%2C600 3x"},"classes":[]},{"id":79344,"url":"https:\/\/noticiasribeiraopreto.com.br\/index.php\/2025\/10\/29\/mp-denuncia-elizabete-arrabaca-por-feminicidio-contra-a-propria-filha-na-regiao-de-ribeirao-preto\/","url_meta":{"origin":79080,"position":4},"title":"MP denuncia Elizabete Arraba\u00e7a por feminic\u00eddio contra a pr\u00f3pria filha na regi\u00e3o de Ribeir\u00e3o Preto","author":"noticiasribeiraopreto.com.br","date":"29 de October de 2025","format":false,"excerpt":"O Minist\u00e9rio P\u00fablico de S\u00e3o Paulo denunciou Elizabete Arraba\u00e7a por matar a pr\u00f3pria filha, Nath\u00e1lia Garnica, com veneno conhecido como chumbinho. O crime ocorreu em 9 de fevereiro de 2025, em uma casa no Residencial S\u00e3o Benedito, em Pontal, na regi\u00e3o de Ribeir\u00e3o Preto. Segundo a den\u00fancia, Elizabete agiu com\u2026","rel":"","context":"In &quot;Not\u00edcias de Ribeir\u00e3o Preto-SP e Regi\u00e3o&quot;","block_context":{"text":"Not\u00edcias de Ribeir\u00e3o Preto-SP e Regi\u00e3o","link":"https:\/\/noticiasribeiraopreto.com.br\/index.php\/category\/noticias-de-ribeirao-preto-sp-e-regiao-ismael-colosi\/"},"img":{"alt_text":"","src":"https:\/\/i0.wp.com\/noticiasribeiraopreto.com.br\/wp-content\/uploads\/2025\/06\/Copia-de-Copia-de-Copia-de-TAMANHO-EXATO-PARA-FOTOS-NO-SISTEMA-NOVO-2025-06-28T184923.591_2025-06-28_21-49-29.webp.webp?fit=1200%2C675&ssl=1&resize=350%2C200","width":350,"height":200,"srcset":"https:\/\/i0.wp.com\/noticiasribeiraopreto.com.br\/wp-content\/uploads\/2025\/06\/Copia-de-Copia-de-Copia-de-TAMANHO-EXATO-PARA-FOTOS-NO-SISTEMA-NOVO-2025-06-28T184923.591_2025-06-28_21-49-29.webp.webp?fit=1200%2C675&ssl=1&resize=350%2C200 1x, https:\/\/i0.wp.com\/noticiasribeiraopreto.com.br\/wp-content\/uploads\/2025\/06\/Copia-de-Copia-de-Copia-de-TAMANHO-EXATO-PARA-FOTOS-NO-SISTEMA-NOVO-2025-06-28T184923.591_2025-06-28_21-49-29.webp.webp?fit=1200%2C675&ssl=1&resize=525%2C300 1.5x, https:\/\/i0.wp.com\/noticiasribeiraopreto.com.br\/wp-content\/uploads\/2025\/06\/Copia-de-Copia-de-Copia-de-TAMANHO-EXATO-PARA-FOTOS-NO-SISTEMA-NOVO-2025-06-28T184923.591_2025-06-28_21-49-29.webp.webp?fit=1200%2C675&ssl=1&resize=700%2C400 2x, https:\/\/i0.wp.com\/noticiasribeiraopreto.com.br\/wp-content\/uploads\/2025\/06\/Copia-de-Copia-de-Copia-de-TAMANHO-EXATO-PARA-FOTOS-NO-SISTEMA-NOVO-2025-06-28T184923.591_2025-06-28_21-49-29.webp.webp?fit=1200%2C675&ssl=1&resize=1050%2C600 3x"},"classes":[]},{"id":80560,"url":"https:\/\/noticiasribeiraopreto.com.br\/index.php\/2025\/12\/06\/elizabete-arrabaca-e-indiciada-pelo-3o-crime-envolvendo-veneno-no-interior-de-sp\/","url_meta":{"origin":79080,"position":5},"title":"Elizabete Arraba\u00e7a \u00e9 indiciada pelo 3\u00ba crime envolvendo veneno no interior de SP","author":"noticiasribeiraopreto.com.br","date":"6 de December de 2025","format":false,"excerpt":"A Pol\u00edcia Civil indiciou Elizabete Arraba\u00e7a pela tentativa de homic\u00eddio de uma amiga em 2017, em Pontal, no interior de S\u00e3o Paulo. O caso se tornou o terceiro epis\u00f3dio que envolve o uso de veneno pela idosa. A investiga\u00e7\u00e3o aponta que a v\u00edtima, de 78 anos, passou cinco dias internada\u2026","rel":"","context":"In &quot;Not\u00edcias de Ribeir\u00e3o Preto-SP e Regi\u00e3o&quot;","block_context":{"text":"Not\u00edcias de Ribeir\u00e3o Preto-SP e Regi\u00e3o","link":"https:\/\/noticiasribeiraopreto.com.br\/index.php\/category\/noticias-de-ribeirao-preto-sp-e-regiao-ismael-colosi\/"},"img":{"alt_text":"","src":"https:\/\/i0.wp.com\/noticiasribeiraopreto.com.br\/wp-content\/uploads\/2025\/06\/ret_2025-06-26_17-04-24.webp.webp?fit=1200%2C675&ssl=1&resize=350%2C200","width":350,"height":200,"srcset":"https:\/\/i0.wp.com\/noticiasribeiraopreto.com.br\/wp-content\/uploads\/2025\/06\/ret_2025-06-26_17-04-24.webp.webp?fit=1200%2C675&ssl=1&resize=350%2C200 1x, https:\/\/i0.wp.com\/noticiasribeiraopreto.com.br\/wp-content\/uploads\/2025\/06\/ret_2025-06-26_17-04-24.webp.webp?fit=1200%2C675&ssl=1&resize=525%2C300 1.5x, https:\/\/i0.wp.com\/noticiasribeiraopreto.com.br\/wp-content\/uploads\/2025\/06\/ret_2025-06-26_17-04-24.webp.webp?fit=1200%2C675&ssl=1&resize=700%2C400 2x, https:\/\/i0.wp.com\/noticiasribeiraopreto.com.br\/wp-content\/uploads\/2025\/06\/ret_2025-06-26_17-04-24.webp.webp?fit=1200%2C675&ssl=1&resize=1050%2C600 3x"},"classes":[]}],"jetpack_sharing_enabled":true,"jetpack_shortlink":"https:\/\/wp.me\/peQAOb-kzu","_links":{"self":[{"href":"https:\/\/noticiasribeiraopreto.com.br\/index.php\/wp-json\/wp\/v2\/posts\/79080","targetHints":{"allow":["GET"]}}],"collection":[{"href":"https:\/\/noticiasribeiraopreto.com.br\/index.php\/wp-json\/wp\/v2\/posts"}],"about":[{"href":"https:\/\/noticiasribeiraopreto.com.br\/index.php\/wp-json\/wp\/v2\/types\/post"}],"author":[{"embeddable":true,"href":"https:\/\/noticiasribeiraopreto.com.br\/index.php\/wp-json\/wp\/v2\/users\/1"}],"replies":[{"embeddable":true,"href":"https:\/\/noticiasribeiraopreto.com.br\/index.php\/wp-json\/wp\/v2\/comments?post=79080"}],"version-history":[{"count":0,"href":"https:\/\/noticiasribeiraopreto.com.br\/index.php\/wp-json\/wp\/v2\/posts\/79080\/revisions"}],"wp:featuredmedia":[{"embeddable":true,"href":"https:\/\/noticiasribeiraopreto.com.br\/index.php\/wp-json\/wp\/v2\/media\/79081"}],"wp:attachment":[{"href":"https:\/\/noticiasribeiraopreto.com.br\/index.php\/wp-json\/wp\/v2\/media?parent=79080"}],"wp:term":[{"taxonomy":"category","embeddable":true,"href":"https:\/\/noticiasribeiraopreto.com.br\/index.php\/wp-json\/wp\/v2\/categories?post=79080"},{"taxonomy":"post_tag","embeddable":true,"href":"https:\/\/noticiasribeiraopreto.com.br\/index.php\/wp-json\/wp\/v2\/tags?post=79080"}],"curies":[{"name":"wp","href":"https:\/\/api.w.org\/{rel}","templated":true}]}}