{"id":79082,"date":"2025-10-23T19:42:08","date_gmt":"2025-10-23T22:42:08","guid":{"rendered":"https:\/\/noticiasribeiraopreto.com.br\/index.php\/2025\/10\/23\/video-mostra-gasolina-jorrando-em-oleoduto-apos-tentativa-de-furto-assista\/"},"modified":"2025-10-23T19:42:08","modified_gmt":"2025-10-23T22:42:08","slug":"video-mostra-gasolina-jorrando-em-oleoduto-apos-tentativa-de-furto-assista","status":"publish","type":"post","link":"https:\/\/noticiasribeiraopreto.com.br\/index.php\/2025\/10\/23\/video-mostra-gasolina-jorrando-em-oleoduto-apos-tentativa-de-furto-assista\/","title":{"rendered":"V\u00eddeo mostra gasolina jorrando em oleoduto ap\u00f3s tentativa de furto; Assista"},"content":{"rendered":"<div class='code-block code-block-1' style='margin: 8px 0 8px auto; text-align: right; display: block; clear: both;'>\n<p><a href=\"https:\/\/wa.link\/vpicfd\"><img data-recalc-dims=\"1\" class=\"wp-image-4922\" style=\"aspect-ratio: 2.0253164556962027; width: 561px; height: auto;\" src=\"https:\/\/i0.wp.com\/ismaelcolosi.com.br\/wp-content\/uploads\/2023\/11\/grupo-de-empregos-whatsapp-e-facebook-ismael-colosi-vagas.jpg?ssl=1\" alt=\"\" \/><\/a><\/p>\n<!-- \/wp:image -->\n<\/div>\n<p> <br \/>\n<\/p>\n<div>\n<p>Um v\u00eddeo mostra a <strong>gasolina<\/strong> jorrando ap\u00f3s tentativa de furto entre <strong>Orl\u00e2ndia <\/strong>e <strong>Sales Oliveira<\/strong>, no<strong> interior de S\u00e3o Paulo<\/strong>. O crime aconteceu nesta quinta-feira (23) e o jato chegou a mais de 20 metros de altura e, segundo as autoridades, o vazamento representa risco de explos\u00e3o e contamina\u00e7\u00e3o ambiental.<\/p>\n<blockquote class=\"instagram-media\" data-instgrm-permalink=\"https:\/\/www.instagram.com\/reel\/DQKhwIaDnrZ\/?utm_source=ig_embed&amp;utm_campaign=loading\" data-instgrm-version=\"14\" style=\" background:#FFF; border:0; border-radius:3px; box-shadow:0 0 1px 0 rgba(0,0,0,0.5),0 1px 10px 0 rgba(0,0,0,0.15); margin: 1px; max-width:540px; min-width:326px; padding:0; width:99.375%; width:-webkit-calc(100% - 2px); width:calc(100% - 2px);\"\/>\n<p>Em nota, a <strong>Prefeitura de Orl\u00e2ndia<\/strong> informa que, devido a uma tentativa de furto de combust\u00edvel no oleoduto da <strong>Petrobras<\/strong>, equipes municipais e estaduais est\u00e3o atuando na regi\u00e3o para controlar o risco e garantir a seguran\u00e7a da popula\u00e7\u00e3o.<\/p>\n<p>O local foi totalmente isolado e conta com a presen\u00e7a do Corpo de Bombeiros, Defesa Civil, Patrulha Rural, GCM, PM, t\u00e9cnicos da Petrobras e brigadas de usinas da regi\u00e3o, que trabalham de forma integrada para conter o problema e eliminar riscos.<\/p>\n<p>Conforme apura\u00e7\u00e3o da<strong> EPTV<\/strong>, um homem foi preso e est\u00e1 sendo conduzido \u00e0 delegacia. Ele foi encontrado em um matagal pr\u00f3ximo \u00e0 rodovia Anhanguera (SP-330) e confessou o crime. Ainda afirmou que foi at\u00e9 a fazenda em um carro com quatro pessoas, que conseguiram fugir.<\/p>\n<h2 class=\"wp-block-heading\"><strong>Opera\u00e7\u00e3o do duto foi interrompida<\/strong><\/h2>\n<p>Em nota, a Petrobras informou que por conta da tentativa de furto e, consequentemente, do vazamento de gasolina, a opera\u00e7\u00e3o do duto foi interrompida. \u201cA Transpetro \u00e9 v\u00edtima do crime de furto de petr\u00f3leo e derivados em dutos e tem como maior preocupa\u00e7\u00e3o a preserva\u00e7\u00e3o da vida e a seguran\u00e7a das pessoas e do meio ambiente\u201d, informa.<\/p>\n<p>SAIBA MAIS<\/p>\n<p>Caso Larissa: m\u00e9dico acusado de matar professora admite ter sentido ci\u00fames da amante durante audi\u00eancia; V\u00eddeo<\/p>\n<h2 class=\"wp-block-heading\"><strong>FIQUE ON<\/strong><\/h2>\n<p>Fique ligado em tudo que acontece em Ribeir\u00e3o Preto e regi\u00e3o. Siga os perfis do\u00a0<strong>acidade on<\/strong>\u00a0no\u00a0<a href=\"https:\/\/www.instagram.com\/acidadeonribeirao\" target=\"_blank\" rel=\"noreferrer noopener\">Instagram\u00a0<\/a>e no<a href=\"https:\/\/www.facebook.com\/acidadeonribeirao\/\" target=\"_blank\" rel=\"noreferrer noopener\">\u00a0Facebook<\/a>.<\/p>\n<p>Receba not\u00edcias do\u00a0<strong>acidade on<\/strong>\u00a0no WhatsApp. Para entrar no grupo,\u00a0basta\u00a0<a href=\"https:\/\/chat.whatsapp.com\/I4nieTEMKlf50pJ28aMemC?mode=ac_t\" target=\"_blank\" rel=\"noreferrer noopener\">clicar aqui<\/a>. Ou, acesse o nosso\u00a0Canal<a href=\"https:\/\/whatsapp.com\/channel\/0029Vb6IQl1JENyAeS57fk2p\" target=\"_blank\" rel=\"noreferrer noopener\">\u00a0clicando aqui<\/a>.<\/p>\n<p>Fa\u00e7a uma den\u00fancia ou sugira uma reportagem sobre Ribeir\u00e3o Preto e regi\u00e3o pelo WhatsApp: 16 99117 7802.<\/p>\n<p>VEJA TAMB\u00c9M<\/p>\n<p>Gaby Spanic, de \u2018A Usurpadora\u2019, vai estar em \u2018Beleza Fatal 2\u2019?<a href=\"https:\/\/www.acidadeon.com\/ribeiraopreto\/cotidiano\/caso-larissa-medico-acusado-de-matar-professora-admite-ter-sentido-ciumes-da-amante-durante-audiencia-video\/\" target=\"_blank\" rel=\"noreferrer noopener\"\/><\/p>\n<p><!-- AI CONTENT END 1 -->\n<\/div>\n<p><script async src=\"\/\/www.instagram.com\/embed.js\"><\/script><br \/>\n<br \/><br \/>\n<br \/><a href=\"https:\/\/www.acidadeon.com\/ribeiraopreto\/cotidiano\/video-mostra-gasolina-jorrando-oleoduto-apos-tentativa-de-furto-assista\/\">Source link <\/a><\/p>\n<!-- CONTENT END 1 -->\n","protected":false},"excerpt":{"rendered":"<p>Um v\u00eddeo mostra a gasolina jorrando ap\u00f3s tentativa de furto entre Orl\u00e2ndia e Sales Oliveira, no interior de S\u00e3o Paulo. O crime aconteceu nesta quinta-feira&#8230;<\/p>\n","protected":false},"author":1,"featured_media":79083,"comment_status":"open","ping_status":"open","sticky":false,"template":"","format":"standard","meta":{"advanced_seo_description":"","jetpack_seo_html_title":"","jetpack_seo_noindex":false,"jetpack_post_was_ever_published":false,"_jetpack_newsletter_access":"","_jetpack_dont_email_post_to_subs":false,"_jetpack_newsletter_tier_id":0,"_jetpack_memberships_contains_paywalled_content":false,"_jetpack_memberships_contains_paid_content":false,"footnotes":"","jetpack_publicize_message":"","jetpack_publicize_feature_enabled":true,"jetpack_social_post_already_shared":true,"jetpack_social_options":{"image_generator_settings":{"template":"highway","default_image_id":0,"font":"","enabled":false},"version":2}},"categories":[11],"tags":[],"class_list":["post-79082","post","type-post","status-publish","format-standard","has-post-thumbnail","hentry","category-noticias-de-ribeirao-preto-sp-e-regiao-ismael-colosi"],"jetpack_publicize_connections":[],"jetpack_featured_media_url":"https:\/\/i0.wp.com\/noticiasribeiraopreto.com.br\/wp-content\/uploads\/2025\/10\/gasolina-jorrando_2025-10-23_20-00-07.webp.webp?fit=1200%2C1038&ssl=1","jetpack-related-posts":[{"id":79044,"url":"https:\/\/noticiasribeiraopreto.com.br\/index.php\/2025\/10\/23\/tentativa-de-furto-faz-combustivel-jorrar-na-regiao\/","url_meta":{"origin":79082,"position":0},"title":"Tentativa de furto faz combust\u00edvel jorrar na regi\u00e3o","author":"noticiasribeiraopreto.com.br","date":"23 de October de 2025","format":false,"excerpt":"\u00c1rea foi interditada por risco de explos\u00e3o e v\u00e1rios \u00f3rg\u00e3os atuam para conter o vazamento 23 de outubro de 2025 13:041 Compartilhar0 Por: Adalberto Luque Uma tentativa de furto, ocorrida na madrugada desta quinta-feira, 23 de outubro, fez com que a gasolina transportada por um duto passasse a jorrar incessantemente,\u2026","rel":"","context":"In &quot;Not\u00edcias de Ribeir\u00e3o Preto-SP e Regi\u00e3o&quot;","block_context":{"text":"Not\u00edcias de Ribeir\u00e3o Preto-SP e Regi\u00e3o","link":"https:\/\/noticiasribeiraopreto.com.br\/index.php\/category\/noticias-de-ribeirao-preto-sp-e-regiao-ismael-colosi\/"},"img":{"alt_text":"","src":"https:\/\/i0.wp.com\/noticiasribeiraopreto.com.br\/wp-content\/uploads\/2025\/10\/23-out-2025-furtocombustivel-scaled.jpg?fit=869%2C780&ssl=1&resize=350%2C200","width":350,"height":200,"srcset":"https:\/\/i0.wp.com\/noticiasribeiraopreto.com.br\/wp-content\/uploads\/2025\/10\/23-out-2025-furtocombustivel-scaled.jpg?fit=869%2C780&ssl=1&resize=350%2C200 1x, https:\/\/i0.wp.com\/noticiasribeiraopreto.com.br\/wp-content\/uploads\/2025\/10\/23-out-2025-furtocombustivel-scaled.jpg?fit=869%2C780&ssl=1&resize=525%2C300 1.5x, https:\/\/i0.wp.com\/noticiasribeiraopreto.com.br\/wp-content\/uploads\/2025\/10\/23-out-2025-furtocombustivel-scaled.jpg?fit=869%2C780&ssl=1&resize=700%2C400 2x"},"classes":[]},{"id":79072,"url":"https:\/\/noticiasribeiraopreto.com.br\/index.php\/2025\/10\/23\/tentativa-de-furto-de-combustivel-provoca-catastrofe-de-grandes-proporcoes-diz-secretario\/","url_meta":{"origin":79082,"position":1},"title":"Tentativa de furto de combust\u00edvel provoca \u201ccat\u00e1strofe de grandes propor\u00e7\u00f5es\u201d, diz secret\u00e1rio","author":"noticiasribeiraopreto.com.br","date":"23 de October de 2025","format":false,"excerpt":"Uma tentativa de furto de combust\u00edvel em um oleoduto da Petrobras provocou uma \u201ccat\u00e1strofe de enormes propor\u00e7\u00f5es\u201d, segundo o secret\u00e1rio de Seguran\u00e7a de Orl\u00e2ndia, Fabi\u00e3o Junqueira \u2013 veja v\u00eddeo abaixo. O incidente ocorreu na madrugada desta quinta-feira (23), nas proximidades da Fazenda Monte Belo, na zona rural que faz divisa\u2026","rel":"","context":"In &quot;Not\u00edcias de Ribeir\u00e3o Preto-SP e Regi\u00e3o&quot;","block_context":{"text":"Not\u00edcias de Ribeir\u00e3o Preto-SP e Regi\u00e3o","link":"https:\/\/noticiasribeiraopreto.com.br\/index.php\/category\/noticias-de-ribeirao-preto-sp-e-regiao-ismael-colosi\/"},"img":{"alt_text":"","src":"https:\/\/i0.wp.com\/noticiasribeiraopreto.com.br\/wp-content\/uploads\/2025\/10\/Copia-de-Copia-de-Copia-de-TAMANHO-EXATO-PARA-FOTOS-NO-SISTEMA-NOVO-2025-10-23T130040.411_2025-10-23_16-03-11.webp.webp?fit=1200%2C675&ssl=1&resize=350%2C200","width":350,"height":200,"srcset":"https:\/\/i0.wp.com\/noticiasribeiraopreto.com.br\/wp-content\/uploads\/2025\/10\/Copia-de-Copia-de-Copia-de-TAMANHO-EXATO-PARA-FOTOS-NO-SISTEMA-NOVO-2025-10-23T130040.411_2025-10-23_16-03-11.webp.webp?fit=1200%2C675&ssl=1&resize=350%2C200 1x, https:\/\/i0.wp.com\/noticiasribeiraopreto.com.br\/wp-content\/uploads\/2025\/10\/Copia-de-Copia-de-Copia-de-TAMANHO-EXATO-PARA-FOTOS-NO-SISTEMA-NOVO-2025-10-23T130040.411_2025-10-23_16-03-11.webp.webp?fit=1200%2C675&ssl=1&resize=525%2C300 1.5x, https:\/\/i0.wp.com\/noticiasribeiraopreto.com.br\/wp-content\/uploads\/2025\/10\/Copia-de-Copia-de-Copia-de-TAMANHO-EXATO-PARA-FOTOS-NO-SISTEMA-NOVO-2025-10-23T130040.411_2025-10-23_16-03-11.webp.webp?fit=1200%2C675&ssl=1&resize=700%2C400 2x, https:\/\/i0.wp.com\/noticiasribeiraopreto.com.br\/wp-content\/uploads\/2025\/10\/Copia-de-Copia-de-Copia-de-TAMANHO-EXATO-PARA-FOTOS-NO-SISTEMA-NOVO-2025-10-23T130040.411_2025-10-23_16-03-11.webp.webp?fit=1200%2C675&ssl=1&resize=1050%2C600 3x"},"classes":[]},{"id":49656,"url":"https:\/\/noticiasribeiraopreto.com.br\/index.php\/2024\/05\/12\/furtos-de-hidrometros-deixam-agua-jorrando-em-vicinal-da-zona-norte-de-ribeirao-preto\/","url_meta":{"origin":79082,"position":2},"title":"Furtos de hidr\u00f4metros deixam \u00e1gua jorrando em vicinal da zona Norte de Ribeir\u00e3o Preto","author":"noticiasribeiraopreto.com.br","date":"12 de May de 2024","format":false,"excerpt":"Ao menos seis hidr\u00f4metros foram furtados na madrugada de domingo (12), na vicinal da avenida Eduardo Andr\u00e9a Matarazzo (Via Norte), na zona Norte de Ribeir\u00e3o Preto. Sem os equipamentos, muita \u00e1gua ficou jorrando no local por horas, at\u00e9 que os pr\u00f3prios comerciantes conseguiram interromper os vazamentos, j\u00e1 que a equipe\u2026","rel":"","context":"In &quot;Not\u00edcias de Ribeir\u00e3o Preto-SP e Regi\u00e3o&quot;","block_context":{"text":"Not\u00edcias de Ribeir\u00e3o Preto-SP e Regi\u00e3o","link":"https:\/\/noticiasribeiraopreto.com.br\/index.php\/category\/noticias-de-ribeirao-preto-sp-e-regiao-ismael-colosi\/"},"img":{"alt_text":"","src":"https:\/\/i0.wp.com\/noticiasribeiraopreto.com.br\/wp-content\/uploads\/2024\/05\/WhatsApp-Image-2024-05-12-at-13.27.45_2024-05-12_16-55-45_jpeg_2024-05-12_16-55-46.webp.webp?fit=1200%2C672&ssl=1&resize=350%2C200","width":350,"height":200,"srcset":"https:\/\/i0.wp.com\/noticiasribeiraopreto.com.br\/wp-content\/uploads\/2024\/05\/WhatsApp-Image-2024-05-12-at-13.27.45_2024-05-12_16-55-45_jpeg_2024-05-12_16-55-46.webp.webp?fit=1200%2C672&ssl=1&resize=350%2C200 1x, https:\/\/i0.wp.com\/noticiasribeiraopreto.com.br\/wp-content\/uploads\/2024\/05\/WhatsApp-Image-2024-05-12-at-13.27.45_2024-05-12_16-55-45_jpeg_2024-05-12_16-55-46.webp.webp?fit=1200%2C672&ssl=1&resize=525%2C300 1.5x, https:\/\/i0.wp.com\/noticiasribeiraopreto.com.br\/wp-content\/uploads\/2024\/05\/WhatsApp-Image-2024-05-12-at-13.27.45_2024-05-12_16-55-45_jpeg_2024-05-12_16-55-46.webp.webp?fit=1200%2C672&ssl=1&resize=700%2C400 2x, https:\/\/i0.wp.com\/noticiasribeiraopreto.com.br\/wp-content\/uploads\/2024\/05\/WhatsApp-Image-2024-05-12-at-13.27.45_2024-05-12_16-55-45_jpeg_2024-05-12_16-55-46.webp.webp?fit=1200%2C672&ssl=1&resize=1050%2C600 3x"},"classes":[]},{"id":45315,"url":"https:\/\/noticiasribeiraopreto.com.br\/index.php\/2024\/04\/03\/homem-e-preso-por-tentativa-de-furto-de-r-8-mil-em-chocolates\/","url_meta":{"origin":79082,"position":3},"title":"Homem \u00e9 preso por tentativa de furto de R$ 8 mil em chocolates","author":"noticiasribeiraopreto.com.br","date":"3 de April de 2024","format":false,"excerpt":"3 de abril de 2024 | 16:30 0 Um homem foi preso suspeito de tentativa de furto de chocolates avaliados em R$ 8 mil, na noite desta ter\u00e7a (2). Segundo o\u00a0boletim de ocorr\u00eancia (BO), o\u00a0homem de 39 anos, foi\u00a0detido\u00a0pela seguran\u00e7a do\u00a0Assa\u00ed na zona leste de Ribeir\u00e3o Preto, j\u00e1 no\u00a0estacionamento\u00a0da unidade\u2026","rel":"","context":"In &quot;Not\u00edcias de Ribeir\u00e3o Preto-SP e Regi\u00e3o&quot;","block_context":{"text":"Not\u00edcias de Ribeir\u00e3o Preto-SP e Regi\u00e3o","link":"https:\/\/noticiasribeiraopreto.com.br\/index.php\/category\/noticias-de-ribeirao-preto-sp-e-regiao-ismael-colosi\/"},"img":{"alt_text":"","src":"https:\/\/i0.wp.com\/noticiasribeiraopreto.com.br\/wp-content\/uploads\/2024\/04\/Hs_5Ce8ecmXodh-AdEVHyT07irPaZ-zAAhYkKYRJgS5CVzHKs0cAAdyeAF9TIgyh4KI5gqYmyuIDwJnf2f9wCdNvJ5WbQOlSoRr5zmmzMalyR1-RQxvlOtTZkJq9G_GPUiVZ6_WX-1-1-1536x1024-1.jpeg?fit=750%2C500&ssl=1&resize=350%2C200","width":350,"height":200,"srcset":"https:\/\/i0.wp.com\/noticiasribeiraopreto.com.br\/wp-content\/uploads\/2024\/04\/Hs_5Ce8ecmXodh-AdEVHyT07irPaZ-zAAhYkKYRJgS5CVzHKs0cAAdyeAF9TIgyh4KI5gqYmyuIDwJnf2f9wCdNvJ5WbQOlSoRr5zmmzMalyR1-RQxvlOtTZkJq9G_GPUiVZ6_WX-1-1-1536x1024-1.jpeg?fit=750%2C500&ssl=1&resize=350%2C200 1x, https:\/\/i0.wp.com\/noticiasribeiraopreto.com.br\/wp-content\/uploads\/2024\/04\/Hs_5Ce8ecmXodh-AdEVHyT07irPaZ-zAAhYkKYRJgS5CVzHKs0cAAdyeAF9TIgyh4KI5gqYmyuIDwJnf2f9wCdNvJ5WbQOlSoRr5zmmzMalyR1-RQxvlOtTZkJq9G_GPUiVZ6_WX-1-1-1536x1024-1.jpeg?fit=750%2C500&ssl=1&resize=525%2C300 1.5x, https:\/\/i0.wp.com\/noticiasribeiraopreto.com.br\/wp-content\/uploads\/2024\/04\/Hs_5Ce8ecmXodh-AdEVHyT07irPaZ-zAAhYkKYRJgS5CVzHKs0cAAdyeAF9TIgyh4KI5gqYmyuIDwJnf2f9wCdNvJ5WbQOlSoRr5zmmzMalyR1-RQxvlOtTZkJq9G_GPUiVZ6_WX-1-1-1536x1024-1.jpeg?fit=750%2C500&ssl=1&resize=700%2C400 2x"},"classes":[]},{"id":62387,"url":"https:\/\/noticiasribeiraopreto.com.br\/index.php\/2025\/01\/13\/dois-sao-presos-por-tentativa-de-furto-de-telhas-em-casa-de-ribeirao-preto\/","url_meta":{"origin":79082,"position":4},"title":"Dois s\u00e3o presos por tentativa de furto de telhas em casa de Ribeir\u00e3o Preto","author":"noticiasribeiraopreto.com.br","date":"13 de January de 2025","format":false,"excerpt":"Dois homens foram presos neste domingo (12) suspeitos de tentativa de furto de telhas em uma resid\u00eancia no Jardim Anhanguera, zona Leste de Ribeir\u00e3o Preto. Segundo o boletim de ocorr\u00eancia (B), a GCM (Guarda Civil Metropolitana) foi chamada at\u00e9 ao im\u00f3vel, na avenida Bar\u00e3o do Bananal, onde encontrou um dos\u2026","rel":"","context":"In &quot;Not\u00edcias de Ribeir\u00e3o Preto-SP e Regi\u00e3o&quot;","block_context":{"text":"Not\u00edcias de Ribeir\u00e3o Preto-SP e Regi\u00e3o","link":"https:\/\/noticiasribeiraopreto.com.br\/index.php\/category\/noticias-de-ribeirao-preto-sp-e-regiao-ismael-colosi\/"},"img":{"alt_text":"","src":"https:\/\/i0.wp.com\/noticiasribeiraopreto.com.br\/wp-content\/uploads\/2025\/01\/cpj_1024x576_21012021092745.jpg?fit=1024%2C575&ssl=1&resize=350%2C200","width":350,"height":200,"srcset":"https:\/\/i0.wp.com\/noticiasribeiraopreto.com.br\/wp-content\/uploads\/2025\/01\/cpj_1024x576_21012021092745.jpg?fit=1024%2C575&ssl=1&resize=350%2C200 1x, https:\/\/i0.wp.com\/noticiasribeiraopreto.com.br\/wp-content\/uploads\/2025\/01\/cpj_1024x576_21012021092745.jpg?fit=1024%2C575&ssl=1&resize=525%2C300 1.5x, https:\/\/i0.wp.com\/noticiasribeiraopreto.com.br\/wp-content\/uploads\/2025\/01\/cpj_1024x576_21012021092745.jpg?fit=1024%2C575&ssl=1&resize=700%2C400 2x"},"classes":[]},{"id":49060,"url":"https:\/\/noticiasribeiraopreto.com.br\/index.php\/2024\/05\/08\/ladrao-cai-do-telhado-apos-tentativa-de-furto-em-escola-de-ribeirao-preto\/","url_meta":{"origin":79082,"position":5},"title":"Ladr\u00e3o cai do telhado ap\u00f3s tentativa de furto em escola de Ribeir\u00e3o Preto","author":"noticiasribeiraopreto.com.br","date":"8 de May de 2024","format":false,"excerpt":"Um ladr\u00e3o caiu do telhado da escola estadual Walter Paiva, ap\u00f3s tentar furtar os fios de energia da unidade, que fica localizada na rua Tupinamb\u00e1, no bairro Ipiranga, na zona Norte de Ribeir\u00e3o Preto. O caso aconteceu na noite da \u00faltima ter\u00e7a-feira (7). Consta no BO (boletim de ocorr\u00eancia), que\u2026","rel":"","context":"In &quot;Not\u00edcias de Ribeir\u00e3o Preto-SP e Regi\u00e3o&quot;","block_context":{"text":"Not\u00edcias de Ribeir\u00e3o Preto-SP e Regi\u00e3o","link":"https:\/\/noticiasribeiraopreto.com.br\/index.php\/category\/noticias-de-ribeirao-preto-sp-e-regiao-ismael-colosi\/"},"img":{"alt_text":"","src":"https:\/\/i0.wp.com\/noticiasribeiraopreto.com.br\/wp-content\/uploads\/2024\/05\/walter-paiva_2024-05-08_14-16-43_jpg_2024-05-08_14-16-43.webp.webp?fit=1096%2C839&ssl=1&resize=350%2C200","width":350,"height":200,"srcset":"https:\/\/i0.wp.com\/noticiasribeiraopreto.com.br\/wp-content\/uploads\/2024\/05\/walter-paiva_2024-05-08_14-16-43_jpg_2024-05-08_14-16-43.webp.webp?fit=1096%2C839&ssl=1&resize=350%2C200 1x, https:\/\/i0.wp.com\/noticiasribeiraopreto.com.br\/wp-content\/uploads\/2024\/05\/walter-paiva_2024-05-08_14-16-43_jpg_2024-05-08_14-16-43.webp.webp?fit=1096%2C839&ssl=1&resize=525%2C300 1.5x, https:\/\/i0.wp.com\/noticiasribeiraopreto.com.br\/wp-content\/uploads\/2024\/05\/walter-paiva_2024-05-08_14-16-43_jpg_2024-05-08_14-16-43.webp.webp?fit=1096%2C839&ssl=1&resize=700%2C400 2x, https:\/\/i0.wp.com\/noticiasribeiraopreto.com.br\/wp-content\/uploads\/2024\/05\/walter-paiva_2024-05-08_14-16-43_jpg_2024-05-08_14-16-43.webp.webp?fit=1096%2C839&ssl=1&resize=1050%2C600 3x"},"classes":[]}],"jetpack_sharing_enabled":true,"jetpack_shortlink":"https:\/\/wp.me\/peQAOb-kzw","_links":{"self":[{"href":"https:\/\/noticiasribeiraopreto.com.br\/index.php\/wp-json\/wp\/v2\/posts\/79082","targetHints":{"allow":["GET"]}}],"collection":[{"href":"https:\/\/noticiasribeiraopreto.com.br\/index.php\/wp-json\/wp\/v2\/posts"}],"about":[{"href":"https:\/\/noticiasribeiraopreto.com.br\/index.php\/wp-json\/wp\/v2\/types\/post"}],"author":[{"embeddable":true,"href":"https:\/\/noticiasribeiraopreto.com.br\/index.php\/wp-json\/wp\/v2\/users\/1"}],"replies":[{"embeddable":true,"href":"https:\/\/noticiasribeiraopreto.com.br\/index.php\/wp-json\/wp\/v2\/comments?post=79082"}],"version-history":[{"count":0,"href":"https:\/\/noticiasribeiraopreto.com.br\/index.php\/wp-json\/wp\/v2\/posts\/79082\/revisions"}],"wp:featuredmedia":[{"embeddable":true,"href":"https:\/\/noticiasribeiraopreto.com.br\/index.php\/wp-json\/wp\/v2\/media\/79083"}],"wp:attachment":[{"href":"https:\/\/noticiasribeiraopreto.com.br\/index.php\/wp-json\/wp\/v2\/media?parent=79082"}],"wp:term":[{"taxonomy":"category","embeddable":true,"href":"https:\/\/noticiasribeiraopreto.com.br\/index.php\/wp-json\/wp\/v2\/categories?post=79082"},{"taxonomy":"post_tag","embeddable":true,"href":"https:\/\/noticiasribeiraopreto.com.br\/index.php\/wp-json\/wp\/v2\/tags?post=79082"}],"curies":[{"name":"wp","href":"https:\/\/api.w.org\/{rel}","templated":true}]}}