{"id":79109,"date":"2025-10-24T13:57:51","date_gmt":"2025-10-24T16:57:51","guid":{"rendered":"https:\/\/noticiasribeiraopreto.com.br\/index.php\/2025\/10\/24\/nando-reis-mostra-japao-e-marco-luque-veja-as-opcoes-para-curtir-o-fim-de-semana-em-ribeirao-preto\/"},"modified":"2025-10-24T13:57:51","modified_gmt":"2025-10-24T16:57:51","slug":"nando-reis-mostra-japao-e-marco-luque-veja-as-opcoes-para-curtir-o-fim-de-semana-em-ribeirao-preto","status":"publish","type":"post","link":"https:\/\/noticiasribeiraopreto.com.br\/index.php\/2025\/10\/24\/nando-reis-mostra-japao-e-marco-luque-veja-as-opcoes-para-curtir-o-fim-de-semana-em-ribeirao-preto\/","title":{"rendered":"Nando Reis, Mostra Jap\u00e3o e Marco Luque: Veja as op\u00e7\u00f5es para curtir o fim de semana em Ribeir\u00e3o Preto"},"content":{"rendered":"<div class='code-block code-block-1' style='margin: 8px 0 8px auto; text-align: right; display: block; clear: both;'>\n<p><a href=\"https:\/\/wa.link\/vpicfd\"><img data-recalc-dims=\"1\" class=\"wp-image-4922\" style=\"aspect-ratio: 2.0253164556962027; width: 561px; height: auto;\" src=\"https:\/\/i0.wp.com\/ismaelcolosi.com.br\/wp-content\/uploads\/2023\/11\/grupo-de-empregos-whatsapp-e-facebook-ismael-colosi-vagas.jpg?ssl=1\" alt=\"\" \/><\/a><\/p>\n<!-- \/wp:image -->\n<\/div>\n<p> <br \/>\n<\/p>\n<div>\n<p><strong>Ribeir\u00e3o Preto<\/strong> conta com diversas op\u00e7\u00f5es para curtir o fim de semana. Os destaques da programa\u00e7\u00e3o s\u00e3o o show de <strong>Nando Reis<\/strong>, com a turn\u00ea \u201c<strong>Nando Hits<\/strong>\u201c, a<strong> Mostra Jap\u00e3o<\/strong>, e <strong>Marco Luque<\/strong> com o espet\u00e1culo \u201c<strong>\u00c9 Disso Que Eu To Falando<\/strong>\u201c. Confira a programa\u00e7\u00e3o abaixo.<\/p>\n<h2 class=\"wp-block-heading\"><strong>Mostra Jap\u00e3o<\/strong><\/h2>\n<p>Come\u00e7a nesta sexta-feira (24), \u00e0s 18h, a <strong>Mostra Jap\u00e3o<\/strong>, que segue at\u00e9 domingo (26), no<strong> Parque Permanente de Exposi\u00e7\u00f5es de Ribeir\u00e3o Preto<\/strong>. O evento contar\u00e1 com 70 expositores, comida oriental e apresenta\u00e7\u00f5es culturais. O primeiro dia do evento tem entrada gratuita e no s\u00e1bado (25) e domingo (26) a entrada custa R$ 20\/R$ 10 no caso de doa\u00e7\u00e3o de 1kg de alimento n\u00e3o perec\u00edvel.<\/p>\n<p><strong>Quando:<\/strong> De hoje (24) at\u00e9 domingo (26)<br \/><strong>Onde:<\/strong> Parque Permanente de Exposi\u00e7\u00f5es de Ribeir\u00e3o Preto<br \/>Sexta (24): Das 18h \u00e0s 22h \u2013 entrada gratuita<br \/>S\u00e1bado (25) e domingo (26): Das 11h \u00e0s 22h \u2013 R$ 20 (inteira) \/ R$ 10 com doa\u00e7\u00e3o de um quilo de alimento n\u00e3o perec\u00edvel<br \/><strong>Isen\u00e7\u00e3o:<\/strong> Professores, cosplayers caracterizados e crian\u00e7as de at\u00e9 7 anos n\u00e3o pagam ingresso<br \/><strong>Ingressos antecipados:<\/strong> Pelo site Sympla (clique aqui)<\/p>\n<h2 class=\"wp-block-heading\"><strong>Nando Reis <\/strong><\/h2>\n<p>O cantor e compositor\u00a0<strong>Nando Reis<\/strong>\u00a0se apresenta em\u00a0<strong>Ribeir\u00e3o Preto<\/strong>\u00a0nesta sexta-feira (24), \u00e0s\u00a0<strong>21h<\/strong>, no\u00a0<strong>Multiplan Hall<\/strong>. O show faz parte da turn\u00ea\u00a0<strong>\u201cNando Hits\u201d<\/strong>, que celebra os\u00a0<strong>40 anos de carreira<\/strong>\u00a0do artista. Durante a apresenta\u00e7\u00e3o, o cantor revisita sucessos que marcaram sua trajet\u00f3ria. Os ingressos podem ser adquiridos\u00a0<strong>de forma online<\/strong>\u00a0(<a href=\"https:\/\/www.ticketmaster.com.br\/event\/nando-reis-ribeirao-preto\" target=\"_blank\" rel=\"noreferrer noopener\">clique aqui<\/a>) ou diretamente na bilheteria do\u00a0<strong>Multiplan Hall<\/strong>.<\/p>\n<p><strong>Quando:<\/strong> 24 de outubro, sexta-feira <br \/><strong>Hor\u00e1rio:<\/strong> 21h | port\u00f5es abrem \u00e0s 19h <br \/><strong>Local:<\/strong> Multiplan Hall |avenida Coronel Fernando Ferreira Leite, 1540 \u2013 Jardim Nova Alian\u00e7a \u2013 Ribeir\u00e3o Preto<br \/><strong>Ingressos:<\/strong> A partir de R$ 132,50<\/p>\n<h2 class=\"wp-block-heading\"><strong>Marco Luque<\/strong><\/h2>\n<p>Neste\u00a0<strong>s\u00e1bado (25)<\/strong>, o\u00a0<strong>Theatro Pedro II<\/strong>, em\u00a0<strong>Ribeir\u00e3o Preto<\/strong>, recebe o humorista\u00a0<strong>Marco Luque<\/strong>, \u00e0s\u00a0<strong>20h<\/strong>, com o show \u201c<strong>\u00c9 disso que eu to falando<\/strong>\u201d, trazendo quatro personagens que marcaram sua trajet\u00f3ria, sendo eles, Jackson Five, Mustafary, Mary Help e Silas Simplesmente.\u00a0<mark style=\"background-color:#fcb900\" class=\"has-inline-color\">O show n\u00e3o \u00e9 recomendado para menores de 14 anos.<\/mark> Os ingressos custam entre\u00a0<strong>R$ 50 a R$ 120<\/strong>\u00a0e podem ser adquiridos presencialmente na\u00a0<strong>bilheteria<\/strong>\u00a0do Theatro, ou ent\u00e3o,\u00a0<strong>on-line\u00a0<a href=\"https:\/\/www.ingressodigital.com\/evento\/16213\/marco-luque-e-disso-que-eu-to-falando\" target=\"_blank\" rel=\"noreferrer noopener\">(clique aqui)<\/a><\/strong>.<\/p>\n<p><strong>Quando:<\/strong> 25 de outubro, s\u00e1bado<br \/><strong>Hor\u00e1rio:<\/strong> 20h <br \/><strong>Local:<\/strong> Theatro Pedro II |rua \u00c1lvares Cabral, 370 \u2013 Centro \u2013 Ribeir\u00e3o Preto<br \/><strong>Ingressos:<\/strong> A partir de R$ 50<\/p>\n<h2 class=\"wp-block-heading\"><strong>Festival Liter\u00e1rio de Primavera<\/strong><\/h2>\n<p>Entre os dias 24 de outubro e 2 de novembro, Ribeir\u00e3o Preto sedia o\u00a0<strong>Festival Liter\u00e1rio de Primavera<\/strong>, na livraria\u00a0<strong>A Degustadora de Hist\u00f3rias<\/strong>, na\u00a0<strong>Rua Garibaldi, 485, Centro<\/strong>. A programa\u00e7\u00e3o oferece bate-papos, lan\u00e7amentos de livros, oficinas e clubes de leitura. O festival come\u00e7a nesta sexta-feira (24), \u00e0s 19h, com\u00a0<strong>Joaquim Maria Botelho<\/strong>, escritor e jornalista, em conversa com\u00a0<strong>Menalton Braff<\/strong>. O autor vai discutir\u00a0<strong>literatura<\/strong>,\u00a0<strong>mem\u00f3ria\u00a0<\/strong>e\u00a0<strong>heran\u00e7a intelectual<\/strong>, destacando a obra de sua m\u00e3e,\u00a0<strong>Ruth Guimar\u00e3es<\/strong>, autora de\u00a0<em>\u00c1gua Funda<\/em>, leitura obrigat\u00f3ria da Fuvest 2025\/2026.<\/p>\n<p><strong>Quando:<\/strong>\u00a024\/10 a 02\/11\/2025<br \/><strong>Local:<\/strong>\u00a0Livraria A Degustadora de Hist\u00f3rias \u2013 rua Garibaldi, 485, Centro \u2013 Ribeir\u00e3o Preto<\/p>\n<h2 class=\"wp-block-heading\"><strong>Caminhada e C\u00e3ominhada do Movimento Que Faz Bem<\/strong><\/h2>\n<p><strong>Ribeir\u00e3o Preto<\/strong>\u00a0ter\u00e1 uma\u00a0<strong>manh\u00e3 de atividades abertas ao p\u00fablico\u00a0<\/strong>neste domingo (26), no Parque Luiz Roberto J\u00e1bali, o\u00a0<strong>Curupira<\/strong>. Os participantes do evento poder\u00e3o escolher entre participar de\u00a0<strong>caminhada<\/strong>\u00a0ou\u00a0<strong>c\u00e3ominhada<\/strong>,\u00a0 em trajetos de 1,5km e 3km, a partir das 8h. A programa\u00e7\u00e3o tamb\u00e9m inclui\u00a0<strong>aula de dan\u00e7a<\/strong>,\u00a0<strong>pintura facial<\/strong>,\u00a0<strong>corrida de saco para crian\u00e7as<\/strong>\u00a0e\u00a0<strong>a\u00e7\u00f5es de sa\u00fade<\/strong>, al\u00e9m de pontos de distribui\u00e7\u00e3o de \u00e1gua, frutas e brindes.<\/p>\n<p><strong>Quando:<\/strong> 26 de outubro, domingo<br \/><strong>Hor\u00e1rio:<\/strong> das 8h \u00e0s 12h<br \/><strong>Local:<\/strong> Parque Prefeito Luiz Roberto J\u00e1bali | avenida Cost\u00e1bile Romano, s\/n \u2013 Bairro Ribeir\u00e2nia \u2013 Ribeir\u00e3o Preto<br \/><strong>Evento gratuito<\/strong><\/p>\n<h2 class=\"wp-block-heading\"><strong>Linha de Contorno<\/strong><\/h2>\n<p>O\u00a0<strong>Instituto Figueiredo Ferraz (IFF)<\/strong>, em\u00a0<strong>Ribeir\u00e3o Preto<\/strong>, abre neste\u00a0<strong>s\u00e1bado (25)<\/strong>, a exposi\u00e7\u00e3o \u201c<strong>Linha de Contorno<\/strong>\u201d, da artista\u00a0<strong>Marcia Pastore<\/strong>. O evento de abertura acontece das\u00a0<strong>16h \u00e0s 19h<\/strong>, na sede do instituto, localizada na\u00a0<strong>rua Maestro Ign\u00e1cio Stabile, 200<\/strong>. A mostra re\u00fane\u00a0<strong>oito obras<\/strong>\u00a0com propostas que transitam entre v\u00eddeo-performance, esculturas e instala\u00e7\u00f5es feitas com materiais como tijolos e redes de pesca. A exposi\u00e7\u00e3o \u201c<strong>Linha de Contorno<\/strong>\u201d fica dispon\u00edvel para visita\u00e7\u00e3o at\u00e9 o dia\u00a0<strong>13 de dezembro<\/strong>, de ter\u00e7a a s\u00e1bado, das\u00a0<strong>14h\u00a0<\/strong>\u00e0s\u00a0<strong>18h<\/strong>.<\/p>\n<p><strong>Quando:<\/strong>\u00a025 de outubro, s\u00e1bado<br \/><strong>Hor\u00e1rio:<\/strong>\u00a0Das 16h \u00e0s 19h<br \/><strong>Local:<\/strong>\u00a0Instituto Figueiredo Ferraz | rua Maestro Ign\u00e1cio Stabile, 200 \u2013 Ribeir\u00e3o Preto<br \/><strong>Entrada gratuita<\/strong><\/p>\n<h2 class=\"wp-block-heading\"><strong>Maria Clara e JP<\/strong><\/h2>\n<p>Neste\u00a0<strong>s\u00e1bado (25)<\/strong>, o\u00a0<strong>Theatro Pedro II<\/strong>, em\u00a0<strong>Ribeir\u00e3o Preto<\/strong>, recebe os bonecos da dupla que \u00e9 um dos maiores fen\u00f4menos do p\u00fablico infantil:\u00a0<strong>Maria Clara e JP<\/strong>, com duas apresenta\u00e7\u00f5es marcadas, uma \u00e0s\u00a0<strong>14h<\/strong>\u00a0e outra \u00e0s\u00a0<strong>16h<\/strong>. O show \u201c<strong>Brincar e Imaginar<\/strong>\u201d conta com os hits \u201c<strong>O ch\u00e3o \u00e9 lava<\/strong>\u201d, \u201c<strong>Ser crian\u00e7a \u00e9<\/strong>\u201d e \u201c<strong>A hist\u00f3ria do homem-biscoito<\/strong>\u201d. O espet\u00e1culo conta com um grupo de dan\u00e7arinos formados por b-boys, b-girls e acr\u00f3batas. Os ingressos custam entre\u00a0<strong>R$ 40\u00a0<\/strong>a\u00a0<strong>R$ 100<\/strong>\u00a0e podem ser adquiridos na\u00a0<strong>bilheteria\u00a0<\/strong>do teatro ou\u00a0<strong>on-line\u00a0<a href=\"https:\/\/www.ingressodigital.com\/evento\/17592,18236\/maria-clara-e-jp-brincar-e-imaginar\" target=\"_blank\" rel=\"noreferrer noopener\">(clique aqui)<\/a><\/strong><a href=\"https:\/\/www.ingressodigital.com\/evento\/17592,18236\/maria-clara-e-jp-brincar-e-imaginar\" target=\"_blank\" rel=\"noreferrer noopener\">.<\/a><\/p>\n<p><strong>Quando:<\/strong>\u00a025 de outubro, s\u00e1bado<br \/><strong>Hor\u00e1rio:<\/strong>\u00a0\u00c0s 14h e \u00e0s 16h <br \/><strong>Local:<\/strong>\u00a0Theatro Pedro II | rua \u00c1lvares Cabral, 370 \u2013 Centro \u2013 Ribeir\u00e3o Preto<br \/><strong>Ingressos: <\/strong>A partir de R$ 40<\/p>\n<h2 class=\"wp-block-heading\"><strong>Feira de Vinil e Quadrinhos da Unaerp<\/strong><\/h2>\n<p><strong>Ribeir\u00e3o Preto<\/strong>\u00a0recebe neste\u00a0<strong>s\u00e1bado (25)\u00a0<\/strong>a\u00a0<strong>Feira de Vinil e Quadrinhos da Unaerp<\/strong>. O evento, com\u00a0<strong>entrada gratuita<\/strong>, re\u00fane expositores, m\u00fasica ao vivo e op\u00e7\u00f5es gastron\u00f4micas das\u00a0<strong>10h<\/strong>\u00a0\u00e0s\u00a0<strong>17h<\/strong>, no\u00a0<strong>bloco de Arte e Cultura<\/strong>\u00a0da universidade, com acesso pela\u00a0<strong>rua Pedro Pegoraro<\/strong>. Entre as atra\u00e7\u00f5es est\u00e3o os nomes <strong>Vit\u00f3ria Sassaki\u00a0<\/strong>e\u00a0<strong>Pedro Carvalho<\/strong>,\u00a0<strong>DJ Spin<\/strong>,\u00a0<strong>DJ Enzo<\/strong>\u00a0e as bandas<strong>\u00a0Petr\u00f3leo Tropical<\/strong>,\u00a0<strong>The Voodoos<\/strong>,\u00a0<strong>Katraka<\/strong>\u00a0e\u00a0<strong>Going Home<\/strong>.<\/p>\n<p><strong>Quando:\u00a0<\/strong>25 de outubro, s\u00e1bado<strong><br \/>Hor\u00e1rio:\u00a0<\/strong>Das 10h \u00e0s 17h<strong><br \/>Local:\u00a0<\/strong>Bloco de Arte e Cultura da Unaerp | entrada pela rua Pedro Pegoraro \u2013 Ribeir\u00e3o Preto<strong><br \/>Entrada gratuita<\/strong><\/p>\n<h2 class=\"wp-block-heading\"><strong>Asas da imagina\u00e7\u00e3o \u2013 a vida e as inven\u00e7\u00f5es de Santos Dumont<\/strong><\/h2>\n<p>A\u00a0<strong>Biblioteca Padre Euclides<\/strong>, no\u00a0<strong>Centro<\/strong>\u00a0de\u00a0<strong>Ribeir\u00e3o Preto<\/strong>, promove neste\u00a0<strong>s\u00e1bado (25)<\/strong>, \u00e0s\u00a0<strong>10h<\/strong>, a palestra \u201c<strong>Asas da imagina\u00e7\u00e3o \u2013 a vida e as inven\u00e7\u00f5es de Santos Dumont<\/strong>\u201d, promovida por\u00a0<strong>Vanderci Pesotti<\/strong>. Al\u00e9m da exposi\u00e7\u00e3o de uma cole\u00e7\u00e3o tem\u00e1tica.\u00a0A entrada \u00e9 gratuita. A exposi\u00e7\u00e3o contar\u00e1 com medalhas e livros escritos pelo pr\u00f3prio, transcritos em ingl\u00eas e franc\u00eas.<\/p>\n<p><strong>Quando:<\/strong>\u00a025 de outubro, s\u00e1bado<br \/><strong>Hor\u00e1rio:\u00a0<\/strong>10h<br \/><strong>Local:<\/strong>\u00a0Biblioteca Padre Euclides | rua Visconde de Inha\u00fama, 490 \u2013 1\u00b0 andar \u2013 Centro \u2013 Ribeir\u00e3o Preto<br \/><strong>Entrada gratuita<\/strong><\/p>\n<h2 class=\"wp-block-heading\"><strong>T\u00e1ssia Guarnieri \u2013 Turn\u00ea\u00a0Cartola<\/strong><\/h2>\n<p>A\u00a0<strong>cantora T\u00e1ssia Guarnieri se apresenta nesta sexta-feira (24)<\/strong>, \u00e0s 20h30, no Segundo Andar Speakeasy, em Ribeir\u00e3o Preto. No palco, T\u00e1ssia se junta ao Caipira Jazz Duo, formado por Matheus Tagliatti (contrabaixo) e Daniel Zivko (guitarra). O trio apresenta releituras de cl\u00e1ssicos do sambista Cartola, com arranjos minimalistas e uma proposta instrumental pouco convencional para o g\u00eanero.<\/p>\n<p><strong>Quando: <\/strong>Sexta-feira, 24 de outubro<br \/><strong>Hor\u00e1rio: <\/strong>Abertura da casa \u00e0s 19h | Show \u00e0s 20h30<br \/><strong>Onde:<\/strong> Segundo Andar Speakeasy \u2013 Av. Anhanguera, Ribeir\u00e3o Preto<\/p>\n<h2 class=\"wp-block-heading\"><strong>Procura-se Um Defunto<\/strong><\/h2>\n<p>O <strong>Teatro Municipal de Ribeir\u00e3o Preto<\/strong> recebe a pe\u00e7a <strong>\u201cProcura-se Um Defunto\u201d<\/strong> neste s\u00e1bado (25), a partir das 19h. A pe\u00e7a aborda a hist\u00f3ria do ardiloso prefeito Odorico Paragua\u00e7u, com suas tramoias e planos para a inaugura\u00e7\u00e3o do cemit\u00e9rio, que tanto prometeu ao penoso povo da cidade de Sucupira. Uma com\u00e9dia cl\u00e1ssica da dramaturgia nacional apresentada de um jeito novo, com m\u00fasicas conhecidas pelo grande p\u00fablico e um toque de regionalidade caipira. Os ingressos custam R$ 20 (<a href=\"https:\/\/www.sympla.com.br\/evento\/procura-se-um-defunto\/3142767?referrer=teatromunicipalrp.blogspot.com&amp;referrer=teatromunicipalrp.blogspot.com\" data-type=\"link\" data-id=\"https:\/\/www.sympla.com.br\/evento\/procura-se-um-defunto\/3142767?referrer=teatromunicipalrp.blogspot.com&amp;referrer=teatromunicipalrp.blogspot.com\" target=\"_blank\" rel=\"noopener\">clique aqui<\/a>).<\/p>\n<p><strong>Quando:<\/strong> s\u00e1bado, 25 de outubro, a partir das 19h<br \/><strong>Onde: <\/strong>Teatro Municipal de Ribeir\u00e3o Preto<br \/><strong>Ingressos: <\/strong>pela internet (<a href=\"https:\/\/www.sympla.com.br\/evento\/procura-se-um-defunto\/3142767?referrer=teatromunicipalrp.blogspot.com&amp;referrer=teatromunicipalrp.blogspot.com\" data-type=\"link\" data-id=\"https:\/\/www.sympla.com.br\/evento\/procura-se-um-defunto\/3142767?referrer=teatromunicipalrp.blogspot.com&amp;referrer=teatromunicipalrp.blogspot.com\" target=\"_blank\" rel=\"noopener\">clique aqui<\/a>)<\/p>\n<p>SAIBA MAIS<\/p>\n<p>Bigodini apresenta terceiro atestado m\u00e9dico e se afasta da C\u00e2mara de Ribeir\u00e3o Preto por mais 10 dias<\/p>\n<h3 class=\"wp-block-heading\"><strong>FIQUE ON<\/strong><\/h3>\n<p>Fique ligado em tudo que acontece em Ribeir\u00e3o Preto e regi\u00e3o. Siga os perfis do\u00a0<strong>acidade on\u00a0<\/strong>no\u00a0<a href=\"https:\/\/www.instagram.com\/acidadeonribeirao\" target=\"_blank\" rel=\"noreferrer noopener\">Instagram<\/a>\u00a0e no<a href=\"https:\/\/www.facebook.com\/acidadeonribeirao\/\" target=\"_blank\" rel=\"noreferrer noopener\">\u00a0Facebook<\/a>.<\/p>\n<p>Receba not\u00edcias do<strong>\u00a0acidade on<\/strong>\u00a0no WhatsApp. Para entrar no grupo,\u00a0basta\u00a0<a href=\"https:\/\/chat.whatsapp.com\/I4nieTEMKlf50pJ28aMemC?mode=ac_t\" target=\"_blank\" rel=\"noreferrer noopener\">clicar aqui<\/a>. Ou, acesse o nosso\u00a0Canal\u00a0<a href=\"https:\/\/whatsapp.com\/channel\/0029Vb6IQl1JENyAeS57fk2p\" target=\"_blank\" rel=\"noreferrer noopener\">clicando aqui<\/a>.<\/p>\n<p>Fa\u00e7a uma den\u00fancia ou sugira uma reportagem sobre Ribeir\u00e3o Preto e regi\u00e3o pelo WhatsApp: 16 99117 7802.<\/p>\n<p>VEJA TAMB\u00c9M<\/p>\n<p>O que aconteceu com a prima da Ana Castela?<\/p>\n<p><!-- AI CONTENT END 1 -->\n<\/div>\n<p><script async src=\"\/\/www.instagram.com\/embed.js\"><\/script><br \/>\n<br \/><br \/>\n<br \/><a href=\"https:\/\/www.acidadeon.com\/ribeiraopreto\/lazer-e-cultura\/nando-reis-mostra-japao-e-marco-luque-veja-as-opcoes-para-curtir-o-fim-de-semana-em-ribeirao-preto\/\">Source link <\/a><\/p>\n<!-- CONTENT END 1 -->\n","protected":false},"excerpt":{"rendered":"<p>Ribeir\u00e3o Preto conta com diversas op\u00e7\u00f5es para curtir o fim de semana. Os destaques da programa\u00e7\u00e3o s\u00e3o o show de Nando Reis, com a turn\u00ea&#8230;<\/p>\n","protected":false},"author":1,"featured_media":79110,"comment_status":"open","ping_status":"open","sticky":false,"template":"","format":"standard","meta":{"advanced_seo_description":"","jetpack_seo_html_title":"","jetpack_seo_noindex":false,"jetpack_post_was_ever_published":false,"_jetpack_newsletter_access":"","_jetpack_dont_email_post_to_subs":false,"_jetpack_newsletter_tier_id":0,"_jetpack_memberships_contains_paywalled_content":false,"_jetpack_memberships_contains_paid_content":false,"footnotes":"","jetpack_publicize_message":"","jetpack_publicize_feature_enabled":true,"jetpack_social_post_already_shared":true,"jetpack_social_options":{"image_generator_settings":{"template":"highway","default_image_id":0,"font":"","enabled":false},"version":2}},"categories":[11],"tags":[],"class_list":["post-79109","post","type-post","status-publish","format-standard","has-post-thumbnail","hentry","category-noticias-de-ribeirao-preto-sp-e-regiao-ismael-colosi"],"jetpack_publicize_connections":[],"jetpack_featured_media_url":"https:\/\/i0.wp.com\/noticiasribeiraopreto.com.br\/wp-content\/uploads\/2025\/10\/mostra-japao-marco-luque-nando-reis_2025-10-24_15-43-10.webp.webp?fit=1200%2C674&ssl=1","jetpack-related-posts":[{"id":79113,"url":"https:\/\/noticiasribeiraopreto.com.br\/index.php\/2025\/10\/24\/mostra-japao-acontece-a-partir-de-hoje-em-ribeirao-preto-veja-as-atracoes\/","url_meta":{"origin":79109,"position":0},"title":"Mostra Jap\u00e3o acontece a partir de hoje em Ribeir\u00e3o Preto; Veja as atra\u00e7\u00f5es","author":"noticiasribeiraopreto.com.br","date":"24 de October de 2025","format":false,"excerpt":"Come\u00e7a nesta sexta-feira (24), \u00e0s 18h, a Mostra Jap\u00e3o, que segue at\u00e9 domingo (26), no Parque Permanente de Exposi\u00e7\u00f5es de Ribeir\u00e3o Preto. O evento contar\u00e1 com 70 expositores, comida oriental e apresenta\u00e7\u00f5es culturais. A Mostra Jap\u00e3o, em sua 40\u00aa edi\u00e7\u00e3o, estreia em Ribeir\u00e3o Preto. Confira os destaques da programa\u00e7\u00e3o: Entrada\u2026","rel":"","context":"In &quot;Not\u00edcias de Ribeir\u00e3o Preto-SP e Regi\u00e3o&quot;","block_context":{"text":"Not\u00edcias de Ribeir\u00e3o Preto-SP e Regi\u00e3o","link":"https:\/\/noticiasribeiraopreto.com.br\/index.php\/category\/noticias-de-ribeirao-preto-sp-e-regiao-ismael-colosi\/"},"img":{"alt_text":"","src":"https:\/\/i0.wp.com\/noticiasribeiraopreto.com.br\/wp-content\/uploads\/2025\/10\/mostra-japao_2025-10-24_14-27-01.webp.webp?fit=1200%2C800&ssl=1&resize=350%2C200","width":350,"height":200,"srcset":"https:\/\/i0.wp.com\/noticiasribeiraopreto.com.br\/wp-content\/uploads\/2025\/10\/mostra-japao_2025-10-24_14-27-01.webp.webp?fit=1200%2C800&ssl=1&resize=350%2C200 1x, https:\/\/i0.wp.com\/noticiasribeiraopreto.com.br\/wp-content\/uploads\/2025\/10\/mostra-japao_2025-10-24_14-27-01.webp.webp?fit=1200%2C800&ssl=1&resize=525%2C300 1.5x, https:\/\/i0.wp.com\/noticiasribeiraopreto.com.br\/wp-content\/uploads\/2025\/10\/mostra-japao_2025-10-24_14-27-01.webp.webp?fit=1200%2C800&ssl=1&resize=700%2C400 2x, https:\/\/i0.wp.com\/noticiasribeiraopreto.com.br\/wp-content\/uploads\/2025\/10\/mostra-japao_2025-10-24_14-27-01.webp.webp?fit=1200%2C800&ssl=1&resize=1050%2C600 3x"},"classes":[]},{"id":78564,"url":"https:\/\/noticiasribeiraopreto.com.br\/index.php\/2025\/10\/13\/mostra-japao-chega-a-ribeirao-com-atracoes-culturais-gastronomia-e-concurso-de-cosplay\/","url_meta":{"origin":79109,"position":1},"title":"Mostra Jap\u00e3o chega a Ribeir\u00e3o com atra\u00e7\u00f5es culturais, gastronomia e concurso de cosplay","author":"noticiasribeiraopreto.com.br","date":"13 de October de 2025","format":false,"excerpt":"Ribeir\u00e3o Preto ser\u00e1 sede da 40\u00aa edi\u00e7\u00e3o da Mostra Jap\u00e3o, o maior evento itinerante da cultura japonesa no estado de S\u00e3o Paulo. O evento acontece entre os dias 24 e 26 de outubro, no Parque Permanente de Exposi\u00e7\u00f5es. A Mostra Jap\u00e3o contar\u00e1 com mais de 70 expositores, oferecendo gastronomia, moda,\u2026","rel":"","context":"In &quot;Not\u00edcias de Ribeir\u00e3o Preto-SP e Regi\u00e3o&quot;","block_context":{"text":"Not\u00edcias de Ribeir\u00e3o Preto-SP e Regi\u00e3o","link":"https:\/\/noticiasribeiraopreto.com.br\/index.php\/category\/noticias-de-ribeirao-preto-sp-e-regiao-ismael-colosi\/"},"img":{"alt_text":"","src":"https:\/\/i0.wp.com\/noticiasribeiraopreto.com.br\/wp-content\/uploads\/2025\/10\/f825d45d629fd7dfbd66edeaf4c5a9b4_2025-10-13_19-50-11.webp.webp?fit=1200%2C800&ssl=1&resize=350%2C200","width":350,"height":200,"srcset":"https:\/\/i0.wp.com\/noticiasribeiraopreto.com.br\/wp-content\/uploads\/2025\/10\/f825d45d629fd7dfbd66edeaf4c5a9b4_2025-10-13_19-50-11.webp.webp?fit=1200%2C800&ssl=1&resize=350%2C200 1x, https:\/\/i0.wp.com\/noticiasribeiraopreto.com.br\/wp-content\/uploads\/2025\/10\/f825d45d629fd7dfbd66edeaf4c5a9b4_2025-10-13_19-50-11.webp.webp?fit=1200%2C800&ssl=1&resize=525%2C300 1.5x, https:\/\/i0.wp.com\/noticiasribeiraopreto.com.br\/wp-content\/uploads\/2025\/10\/f825d45d629fd7dfbd66edeaf4c5a9b4_2025-10-13_19-50-11.webp.webp?fit=1200%2C800&ssl=1&resize=700%2C400 2x, https:\/\/i0.wp.com\/noticiasribeiraopreto.com.br\/wp-content\/uploads\/2025\/10\/f825d45d629fd7dfbd66edeaf4c5a9b4_2025-10-13_19-50-11.webp.webp?fit=1200%2C800&ssl=1&resize=1050%2C600 3x"},"classes":[]},{"id":79184,"url":"https:\/\/noticiasribeiraopreto.com.br\/index.php\/2025\/10\/26\/jovem-de-20-anos-vence-concurso-de-cosplay-na-mostra-japao-em-ribeirao-preto-fotos\/","url_meta":{"origin":79109,"position":2},"title":"Jovem de 20 anos vence concurso de cosplay na Mostra Jap\u00e3o em Ribeir\u00e3o Preto; Fotos","author":"noticiasribeiraopreto.com.br","date":"26 de October de 2025","format":false,"excerpt":"A jovem Isabella Luz, de 20 anos, venceu o concurso de cosplay da 40\u00aa edi\u00e7\u00e3o da Mostra Jap\u00e3o neste s\u00e1bado (25), no Parque Permanente de Exposi\u00e7\u00f5es, em Ribeir\u00e3o Preto. A participante, que se caracterizou da personagem Bayonetta, protagonista da s\u00e9rie de jogos eletr\u00f4nicos, levou o pr\u00eamio no valor de R$\u2026","rel":"","context":"In &quot;Not\u00edcias de Ribeir\u00e3o Preto-SP e Regi\u00e3o&quot;","block_context":{"text":"Not\u00edcias de Ribeir\u00e3o Preto-SP e Regi\u00e3o","link":"https:\/\/noticiasribeiraopreto.com.br\/index.php\/category\/noticias-de-ribeirao-preto-sp-e-regiao-ismael-colosi\/"},"img":{"alt_text":"","src":"https:\/\/i0.wp.com\/noticiasribeiraopreto.com.br\/wp-content\/uploads\/2025\/10\/cosplay-1_2025-10-26_14-31-49.webp.webp?fit=1200%2C772&ssl=1&resize=350%2C200","width":350,"height":200,"srcset":"https:\/\/i0.wp.com\/noticiasribeiraopreto.com.br\/wp-content\/uploads\/2025\/10\/cosplay-1_2025-10-26_14-31-49.webp.webp?fit=1200%2C772&ssl=1&resize=350%2C200 1x, https:\/\/i0.wp.com\/noticiasribeiraopreto.com.br\/wp-content\/uploads\/2025\/10\/cosplay-1_2025-10-26_14-31-49.webp.webp?fit=1200%2C772&ssl=1&resize=525%2C300 1.5x, https:\/\/i0.wp.com\/noticiasribeiraopreto.com.br\/wp-content\/uploads\/2025\/10\/cosplay-1_2025-10-26_14-31-49.webp.webp?fit=1200%2C772&ssl=1&resize=700%2C400 2x, https:\/\/i0.wp.com\/noticiasribeiraopreto.com.br\/wp-content\/uploads\/2025\/10\/cosplay-1_2025-10-26_14-31-49.webp.webp?fit=1200%2C772&ssl=1&resize=1050%2C600 3x"},"classes":[]},{"id":59908,"url":"https:\/\/noticiasribeiraopreto.com.br\/index.php\/2024\/11\/01\/nando-reis-e-zeze-di-camargo-veja-o-que-fazer-no-fim-de-semana-em-ribeirao\/","url_meta":{"origin":79109,"position":3},"title":"Nando Reis e Zez\u00e9 di Camargo: Veja o que fazer no fim de semana em Ribeir\u00e3o","author":"noticiasribeiraopreto.com.br","date":"1 de November de 2024","format":false,"excerpt":"O primeiro fim de semana de novembro come\u00e7ou e Ribeir\u00e3o Preto conta com diversas atividades para diferentes gostos e idades. Entre os destaques da agenda cultural est\u00e3o os shows de Nando Reis e Zez\u00e9 di Camargo. Confira a programa\u00e7\u00e3o completa: Nando Reis O cantor\u00a0\u00a0Nando Reis realiza dois shows durante este\u2026","rel":"","context":"In &quot;Not\u00edcias de Ribeir\u00e3o Preto-SP e Regi\u00e3o&quot;","block_context":{"text":"Not\u00edcias de Ribeir\u00e3o Preto-SP e Regi\u00e3o","link":"https:\/\/noticiasribeiraopreto.com.br\/index.php\/category\/noticias-de-ribeirao-preto-sp-e-regiao-ismael-colosi\/"},"img":{"alt_text":"","src":"https:\/\/i0.wp.com\/noticiasribeiraopreto.com.br\/wp-content\/uploads\/2024\/11\/Copia-de-Copia-de-Copia-de-TAMANHO-EXATO-PARA-FOTOS-NO-SISTEMA-NOVO-24_2024-11-01_13-11-31_jpg_2024-11-01_13-11-31.webp.webp?fit=1200%2C675&ssl=1&resize=350%2C200","width":350,"height":200,"srcset":"https:\/\/i0.wp.com\/noticiasribeiraopreto.com.br\/wp-content\/uploads\/2024\/11\/Copia-de-Copia-de-Copia-de-TAMANHO-EXATO-PARA-FOTOS-NO-SISTEMA-NOVO-24_2024-11-01_13-11-31_jpg_2024-11-01_13-11-31.webp.webp?fit=1200%2C675&ssl=1&resize=350%2C200 1x, https:\/\/i0.wp.com\/noticiasribeiraopreto.com.br\/wp-content\/uploads\/2024\/11\/Copia-de-Copia-de-Copia-de-TAMANHO-EXATO-PARA-FOTOS-NO-SISTEMA-NOVO-24_2024-11-01_13-11-31_jpg_2024-11-01_13-11-31.webp.webp?fit=1200%2C675&ssl=1&resize=525%2C300 1.5x, https:\/\/i0.wp.com\/noticiasribeiraopreto.com.br\/wp-content\/uploads\/2024\/11\/Copia-de-Copia-de-Copia-de-TAMANHO-EXATO-PARA-FOTOS-NO-SISTEMA-NOVO-24_2024-11-01_13-11-31_jpg_2024-11-01_13-11-31.webp.webp?fit=1200%2C675&ssl=1&resize=700%2C400 2x, https:\/\/i0.wp.com\/noticiasribeiraopreto.com.br\/wp-content\/uploads\/2024\/11\/Copia-de-Copia-de-Copia-de-TAMANHO-EXATO-PARA-FOTOS-NO-SISTEMA-NOVO-24_2024-11-01_13-11-31_jpg_2024-11-01_13-11-31.webp.webp?fit=1200%2C675&ssl=1&resize=1050%2C600 3x"},"classes":[]},{"id":63297,"url":"https:\/\/noticiasribeiraopreto.com.br\/index.php\/2025\/02\/09\/joao-rock-inicia-venda-geral-de-ingressos-nesse-domingo-veja-valores-e-como-comprar\/","url_meta":{"origin":79109,"position":4},"title":"Jo\u00e3o Rock inicia venda geral de ingressos nesse domingo; Veja valores e como comprar","author":"noticiasribeiraopreto.com.br","date":"9 de February de 2025","format":false,"excerpt":"O Jo\u00e3o Rock inicia neste domingo (9), a venda geral de ingressos para a 22\u00aa edi\u00e7\u00e3o do festival que acontece em Ribeir\u00e3o Preto. O evento acontece no dia 14 de junho, no Parque Permanente de Exposi\u00e7\u00f5es. A programa\u00e7\u00e3o musical deste ano conta com Natiruts, Nando Reis, Vanessa da Mata, Seu\u2026","rel":"","context":"In &quot;Not\u00edcias de Ribeir\u00e3o Preto-SP e Regi\u00e3o&quot;","block_context":{"text":"Not\u00edcias de Ribeir\u00e3o Preto-SP e Regi\u00e3o","link":"https:\/\/noticiasribeiraopreto.com.br\/index.php\/category\/noticias-de-ribeirao-preto-sp-e-regiao-ismael-colosi\/"},"img":{"alt_text":"","src":"https:\/\/i0.wp.com\/noticiasribeiraopreto.com.br\/wp-content\/uploads\/2024\/04\/AnyConv.com__joao-rock-1.webp.webp?fit=1200%2C776&ssl=1&resize=350%2C200","width":350,"height":200,"srcset":"https:\/\/i0.wp.com\/noticiasribeiraopreto.com.br\/wp-content\/uploads\/2024\/04\/AnyConv.com__joao-rock-1.webp.webp?fit=1200%2C776&ssl=1&resize=350%2C200 1x, https:\/\/i0.wp.com\/noticiasribeiraopreto.com.br\/wp-content\/uploads\/2024\/04\/AnyConv.com__joao-rock-1.webp.webp?fit=1200%2C776&ssl=1&resize=525%2C300 1.5x, https:\/\/i0.wp.com\/noticiasribeiraopreto.com.br\/wp-content\/uploads\/2024\/04\/AnyConv.com__joao-rock-1.webp.webp?fit=1200%2C776&ssl=1&resize=700%2C400 2x, https:\/\/i0.wp.com\/noticiasribeiraopreto.com.br\/wp-content\/uploads\/2024\/04\/AnyConv.com__joao-rock-1.webp.webp?fit=1200%2C776&ssl=1&resize=1050%2C600 3x"},"classes":[]},{"id":78520,"url":"https:\/\/noticiasribeiraopreto.com.br\/index.php\/2025\/10\/12\/nando-reis-celebra-40-anos-de-carreira-com-apresentacao-em-ribeirao-veja-quando\/","url_meta":{"origin":79109,"position":5},"title":"Nando Reis celebra 40 anos de carreira com apresenta\u00e7\u00e3o em Ribeir\u00e3o; Veja quando","author":"noticiasribeiraopreto.com.br","date":"12 de October de 2025","format":false,"excerpt":"O cantor Nando Reis se apresenta em Ribeir\u00e3o Preto no dia 24 de outubro, \u00e0s 21h, no Multiplan Hall, espa\u00e7o de eventos na zona Sul do munic\u00edpio. Os ingressos para a turn\u00ea \u201cNando Hits\u201d est\u00e3o dispon\u00edveis e podem ser adquiridos de forma online \u2013 veja mais detalhes abaixo. A apresenta\u00e7\u00e3o\u2026","rel":"","context":"In &quot;Not\u00edcias de Ribeir\u00e3o Preto-SP e Regi\u00e3o&quot;","block_context":{"text":"Not\u00edcias de Ribeir\u00e3o Preto-SP e Regi\u00e3o","link":"https:\/\/noticiasribeiraopreto.com.br\/index.php\/category\/noticias-de-ribeirao-preto-sp-e-regiao-ismael-colosi\/"},"img":{"alt_text":"","src":"https:\/\/i0.wp.com\/noticiasribeiraopreto.com.br\/wp-content\/uploads\/2025\/10\/Copia-de-Copia-de-Copia-de-TAMANHO-EXATO-PARA-FOTOS-NO-SISTEMA-NOVO-22_2024-10-28_12-42-04_jpg_2024-10-28_12-42-05.webp.webp?fit=1200%2C675&ssl=1&resize=350%2C200","width":350,"height":200,"srcset":"https:\/\/i0.wp.com\/noticiasribeiraopreto.com.br\/wp-content\/uploads\/2025\/10\/Copia-de-Copia-de-Copia-de-TAMANHO-EXATO-PARA-FOTOS-NO-SISTEMA-NOVO-22_2024-10-28_12-42-04_jpg_2024-10-28_12-42-05.webp.webp?fit=1200%2C675&ssl=1&resize=350%2C200 1x, https:\/\/i0.wp.com\/noticiasribeiraopreto.com.br\/wp-content\/uploads\/2025\/10\/Copia-de-Copia-de-Copia-de-TAMANHO-EXATO-PARA-FOTOS-NO-SISTEMA-NOVO-22_2024-10-28_12-42-04_jpg_2024-10-28_12-42-05.webp.webp?fit=1200%2C675&ssl=1&resize=525%2C300 1.5x, https:\/\/i0.wp.com\/noticiasribeiraopreto.com.br\/wp-content\/uploads\/2025\/10\/Copia-de-Copia-de-Copia-de-TAMANHO-EXATO-PARA-FOTOS-NO-SISTEMA-NOVO-22_2024-10-28_12-42-04_jpg_2024-10-28_12-42-05.webp.webp?fit=1200%2C675&ssl=1&resize=700%2C400 2x, https:\/\/i0.wp.com\/noticiasribeiraopreto.com.br\/wp-content\/uploads\/2025\/10\/Copia-de-Copia-de-Copia-de-TAMANHO-EXATO-PARA-FOTOS-NO-SISTEMA-NOVO-22_2024-10-28_12-42-04_jpg_2024-10-28_12-42-05.webp.webp?fit=1200%2C675&ssl=1&resize=1050%2C600 3x"},"classes":[]}],"jetpack_sharing_enabled":true,"jetpack_shortlink":"https:\/\/wp.me\/peQAOb-kzX","_links":{"self":[{"href":"https:\/\/noticiasribeiraopreto.com.br\/index.php\/wp-json\/wp\/v2\/posts\/79109","targetHints":{"allow":["GET"]}}],"collection":[{"href":"https:\/\/noticiasribeiraopreto.com.br\/index.php\/wp-json\/wp\/v2\/posts"}],"about":[{"href":"https:\/\/noticiasribeiraopreto.com.br\/index.php\/wp-json\/wp\/v2\/types\/post"}],"author":[{"embeddable":true,"href":"https:\/\/noticiasribeiraopreto.com.br\/index.php\/wp-json\/wp\/v2\/users\/1"}],"replies":[{"embeddable":true,"href":"https:\/\/noticiasribeiraopreto.com.br\/index.php\/wp-json\/wp\/v2\/comments?post=79109"}],"version-history":[{"count":0,"href":"https:\/\/noticiasribeiraopreto.com.br\/index.php\/wp-json\/wp\/v2\/posts\/79109\/revisions"}],"wp:featuredmedia":[{"embeddable":true,"href":"https:\/\/noticiasribeiraopreto.com.br\/index.php\/wp-json\/wp\/v2\/media\/79110"}],"wp:attachment":[{"href":"https:\/\/noticiasribeiraopreto.com.br\/index.php\/wp-json\/wp\/v2\/media?parent=79109"}],"wp:term":[{"taxonomy":"category","embeddable":true,"href":"https:\/\/noticiasribeiraopreto.com.br\/index.php\/wp-json\/wp\/v2\/categories?post=79109"},{"taxonomy":"post_tag","embeddable":true,"href":"https:\/\/noticiasribeiraopreto.com.br\/index.php\/wp-json\/wp\/v2\/tags?post=79109"}],"curies":[{"name":"wp","href":"https:\/\/api.w.org\/{rel}","templated":true}]}}