{"id":79111,"date":"2025-10-24T14:06:25","date_gmt":"2025-10-24T17:06:25","guid":{"rendered":"https:\/\/noticiasribeiraopreto.com.br\/index.php\/2025\/10\/24\/camara-de-ribeirao-preto-vai-analisar-inquerito-que-aponta-que-bigodini-mentiu\/"},"modified":"2025-10-24T14:06:25","modified_gmt":"2025-10-24T17:06:25","slug":"camara-de-ribeirao-preto-vai-analisar-inquerito-que-aponta-que-bigodini-mentiu","status":"publish","type":"post","link":"https:\/\/noticiasribeiraopreto.com.br\/index.php\/2025\/10\/24\/camara-de-ribeirao-preto-vai-analisar-inquerito-que-aponta-que-bigodini-mentiu\/","title":{"rendered":"C\u00e2mara de Ribeir\u00e3o Preto vai analisar inqu\u00e9rito que aponta que Bigodini mentiu"},"content":{"rendered":"<div class='code-block code-block-1' style='margin: 8px 0 8px auto; text-align: right; display: block; clear: both;'>\n<p><a href=\"https:\/\/wa.link\/vpicfd\"><img data-recalc-dims=\"1\" class=\"wp-image-4922\" style=\"aspect-ratio: 2.0253164556962027; width: 561px; height: auto;\" src=\"https:\/\/i0.wp.com\/ismaelcolosi.com.br\/wp-content\/uploads\/2023\/11\/grupo-de-empregos-whatsapp-e-facebook-ismael-colosi-vagas.jpg?ssl=1\" alt=\"\" \/><\/a><\/p>\n<!-- \/wp:image -->\n<\/div>\n<p> <br \/>\n<\/p>\n<div data-td-block-uid=\"tdi_95\">\n<div class=\"tdb-block-inner td-fix-index\">\n<p><strong>O\u00a0<a href=\"https:\/\/www.camararibeiraopreto.sp.gov.br\/\" target=\"_blank\" rel=\"noreferrer noopener\">Conselho de \u00c9tica da C\u00e2mara Municipal de Ribeir\u00e3o Preto<\/a>\u00a0informou nesta sexta-feira (24), por meio de nota de imprensa, que dever\u00e1 analisar o inqu\u00e9rito conclu\u00eddo pela Pol\u00edcia Civil, que indica que o vereador Bigodini (MDB) dirigia o ve\u00edculo envolvido em acidente na madrugada de 28 de setembro.<\/strong><\/p>\n<p>O <strong>Legislativo <\/strong>disse que o <strong>Conselho <\/strong>dever\u00e1 fazer a <strong>an\u00e1lise t\u00e9cnica e jur\u00eddica dos documentos<\/strong>.<\/p>\n<p>O vereador Bigodini, que est\u00e1 afastado por atestado m\u00e9dico, foi indiciado pelos crimes de embriaguez ao volante, falsidade ideol\u00f3gica e fraude processual. <\/p>\n<p>J\u00e1 a namorada dele, Isabela de C\u00e1ssia de Andrade Faria, responde por falsidade e autoacusa\u00e7\u00e3o falsa. Ela havia sido indicada como a condutora do ve\u00edculo envolvido em uma colis\u00e3o na madruga do \u00faltimo dia 28 de setembro, na avenida do Caf\u00e9.<\/p>\n<h2 class=\"wp-block-heading\"><strong>Leia a \u00edntegra da nota da C\u00e2mara:<\/strong><\/h2>\n<p><em>\u201cO Conselho de \u00c9tica e Decoro Parlamentar informa que aguarda o recebimento oficial do inqu\u00e9rito policial referente ao vereador Bigodini (MDB), conforme previamente comunicado pela Pol\u00edcia Civil durante a tramita\u00e7\u00e3o das investiga\u00e7\u00f5es. Assim que o material for encaminhado, o Conselho far\u00e1 a an\u00e1lise t\u00e9cnica e jur\u00eddica dos autos. Caso o inqu\u00e9rito n\u00e3o seja formalmente remetido at\u00e9 a pr\u00f3xima reuni\u00e3o do Conselho, ser\u00e1 deliberado o encaminhamento de of\u00edcio \u00e0 Pol\u00edcia Civil, solicitando acesso integral aos documentos para conhecimento e eventual delibera\u00e7\u00e3o. O Conselho reafirma seu compromisso com a transpar\u00eancia, a responsabilidade institucional e o devido processo legal\u201d.<\/em><\/p>\n<p>SAIBA MAIS<\/p>\n<p>\u2018Ficou claro que ele era o motorista do ve\u00edculo\u2019, diz delegado sobre Bigodini<\/p>\n<h3 class=\"wp-block-heading\"><strong>FIQUE ON<\/strong><\/h3>\n<p>Fique ligado em tudo que acontece em Ribeir\u00e3o Preto e regi\u00e3o. Siga os perfis do\u00a0<strong>acidade on\u00a0<\/strong>no\u00a0<a href=\"https:\/\/www.instagram.com\/acidadeonribeirao\" target=\"_blank\" rel=\"noreferrer noopener\">Instagram<\/a>\u00a0e no<a href=\"https:\/\/www.facebook.com\/acidadeonribeirao\/\" target=\"_blank\" rel=\"noreferrer noopener\">\u00a0Facebook<\/a>.<\/p>\n<p>Receba not\u00edcias do<strong>\u00a0acidade on<\/strong>\u00a0no WhatsApp. Para entrar no grupo,\u00a0basta\u00a0<a href=\"https:\/\/chat.whatsapp.com\/I4nieTEMKlf50pJ28aMemC?mode=ac_t\" target=\"_blank\" rel=\"noreferrer noopener\">clicar aqui<\/a>. Ou, acesse o nosso\u00a0Canal\u00a0<a href=\"https:\/\/whatsapp.com\/channel\/0029Vb6IQl1JENyAeS57fk2p\" target=\"_blank\" rel=\"noreferrer noopener\">clicando aqui<\/a>.<\/p>\n<p>Fa\u00e7a uma den\u00fancia ou sugira uma reportagem sobre Ribeir\u00e3o Preto e regi\u00e3o pelo WhatsApp: 16 99117 7802.<\/p>\n<p>VEJA TAMB\u00c9M<\/p>\n<p>O que aconteceu com a prima da Ana Castela?<\/p>\n<p><!-- AI CONTENT END 1 -->\n<\/div>\n<\/div>\n<p><script async src=\"\/\/www.instagram.com\/embed.js\"><\/script><br \/>\n<br \/><br \/>\n<br \/><a href=\"https:\/\/www.acidadeon.com\/ribeiraopreto\/politica\/camara-de-ribeirao-preto-vai-analisar-inquerito-que-aponta-que-bigodini-mentiu\/\">Source link <\/a><\/p>\n<!-- CONTENT END 1 -->\n","protected":false},"excerpt":{"rendered":"<p>O\u00a0Conselho de \u00c9tica da C\u00e2mara Municipal de Ribeir\u00e3o Preto\u00a0informou nesta sexta-feira (24), por meio de nota de imprensa, que dever\u00e1 analisar o inqu\u00e9rito conclu\u00eddo pela&#8230;<\/p>\n","protected":false},"author":1,"featured_media":79112,"comment_status":"open","ping_status":"open","sticky":false,"template":"","format":"standard","meta":{"advanced_seo_description":"","jetpack_seo_html_title":"","jetpack_seo_noindex":false,"jetpack_post_was_ever_published":false,"_jetpack_newsletter_access":"","_jetpack_dont_email_post_to_subs":false,"_jetpack_newsletter_tier_id":0,"_jetpack_memberships_contains_paywalled_content":false,"_jetpack_memberships_contains_paid_content":false,"footnotes":"","jetpack_publicize_message":"","jetpack_publicize_feature_enabled":true,"jetpack_social_post_already_shared":true,"jetpack_social_options":{"image_generator_settings":{"template":"highway","default_image_id":0,"font":"","enabled":false},"version":2}},"categories":[11],"tags":[],"class_list":["post-79111","post","type-post","status-publish","format-standard","has-post-thumbnail","hentry","category-noticias-de-ribeirao-preto-sp-e-regiao-ismael-colosi"],"jetpack_publicize_connections":[],"jetpack_featured_media_url":"https:\/\/i0.wp.com\/noticiasribeiraopreto.com.br\/wp-content\/uploads\/2025\/10\/Copia-de-Copia-de-Copia-de-TAMANHO-EXATO-PARA-FOTOS-NO-SISTEMA-NOVO-2025-09-29T182504.035_2025-09-29_21-25-09.webp.webp?fit=1200%2C675&ssl=1","jetpack-related-posts":[{"id":79351,"url":"https:\/\/noticiasribeiraopreto.com.br\/index.php\/2025\/10\/30\/bigodini-volta-hoje-a-camara\/","url_meta":{"origin":79111,"position":0},"title":"Bigodini volta hoje \u00e0 C\u00e2mara","author":"noticiasribeiraopreto.com.br","date":"30 de October de 2025","format":false,"excerpt":"Tribuna apurou que o parlamentar decidiu retomar atividades ap\u00f3s o vencimento do terceiro atestado m\u00e9dico\u2028\u2028 O vereador Roger Ronan da Silva (MDB), o Bigodini, de 33 anos, dever\u00e1 retornar \u00e0s atividades legislativas nesta quinta-feira, 30 de outubro, cerca de um m\u00eas depois de envolver em acidente de tr\u00e2nsito, na madrugada\u2026","rel":"","context":"In &quot;Not\u00edcias de Ribeir\u00e3o Preto-SP e Regi\u00e3o&quot;","block_context":{"text":"Not\u00edcias de Ribeir\u00e3o Preto-SP e Regi\u00e3o","link":"https:\/\/noticiasribeiraopreto.com.br\/index.php\/category\/noticias-de-ribeirao-preto-sp-e-regiao-ismael-colosi\/"},"img":{"alt_text":"","src":"https:\/\/i0.wp.com\/noticiasribeiraopreto.com.br\/wp-content\/uploads\/2025\/10\/Bigodini-Max-Gallao-Mesquita-1-scaled.jpg?fit=1170%2C780&ssl=1&resize=350%2C200","width":350,"height":200,"srcset":"https:\/\/i0.wp.com\/noticiasribeiraopreto.com.br\/wp-content\/uploads\/2025\/10\/Bigodini-Max-Gallao-Mesquita-1-scaled.jpg?fit=1170%2C780&ssl=1&resize=350%2C200 1x, https:\/\/i0.wp.com\/noticiasribeiraopreto.com.br\/wp-content\/uploads\/2025\/10\/Bigodini-Max-Gallao-Mesquita-1-scaled.jpg?fit=1170%2C780&ssl=1&resize=525%2C300 1.5x, https:\/\/i0.wp.com\/noticiasribeiraopreto.com.br\/wp-content\/uploads\/2025\/10\/Bigodini-Max-Gallao-Mesquita-1-scaled.jpg?fit=1170%2C780&ssl=1&resize=700%2C400 2x, https:\/\/i0.wp.com\/noticiasribeiraopreto.com.br\/wp-content\/uploads\/2025\/10\/Bigodini-Max-Gallao-Mesquita-1-scaled.jpg?fit=1170%2C780&ssl=1&resize=1050%2C600 3x"},"classes":[]},{"id":79591,"url":"https:\/\/noticiasribeiraopreto.com.br\/index.php\/2025\/11\/04\/conselho-propoe-suspensao-de-seis-meses-para-bigodini\/","url_meta":{"origin":79111,"position":1},"title":"Conselho prop\u00f5e suspens\u00e3o de seis meses para Bigodini","author":"noticiasribeiraopreto.com.br","date":"4 de November de 2025","format":false,"excerpt":"4 de novembro de 2025 14:414 Compartilhar0 Proposta dever\u00e1 ser levada a vota\u00e7\u00e3o em plen\u00e1rio nas pr\u00f3ximas sess\u00f5es do Legislativo O Conselho de \u00c9tica e Decoro Parlamentar da C\u00e2mara Municipal de Ribeir\u00e3o Preto, prop\u00f4s em reuni\u00e3o, nesta ter\u00e7a-feira, 3 de novembro, pena de suspens\u00e3o de seis meses \u2013 180 dias\u2026","rel":"","context":"In &quot;Not\u00edcias de Ribeir\u00e3o Preto-SP e Regi\u00e3o&quot;","block_context":{"text":"Not\u00edcias de Ribeir\u00e3o Preto-SP e Regi\u00e3o","link":"https:\/\/noticiasribeiraopreto.com.br\/index.php\/category\/noticias-de-ribeirao-preto-sp-e-regiao-ismael-colosi\/"},"img":{"alt_text":"","src":"https:\/\/i0.wp.com\/noticiasribeiraopreto.com.br\/wp-content\/uploads\/2025\/11\/verador-Bigodini-02-scaled.jpeg?fit=1170%2C780&ssl=1&resize=350%2C200","width":350,"height":200,"srcset":"https:\/\/i0.wp.com\/noticiasribeiraopreto.com.br\/wp-content\/uploads\/2025\/11\/verador-Bigodini-02-scaled.jpeg?fit=1170%2C780&ssl=1&resize=350%2C200 1x, https:\/\/i0.wp.com\/noticiasribeiraopreto.com.br\/wp-content\/uploads\/2025\/11\/verador-Bigodini-02-scaled.jpeg?fit=1170%2C780&ssl=1&resize=525%2C300 1.5x, https:\/\/i0.wp.com\/noticiasribeiraopreto.com.br\/wp-content\/uploads\/2025\/11\/verador-Bigodini-02-scaled.jpeg?fit=1170%2C780&ssl=1&resize=700%2C400 2x, https:\/\/i0.wp.com\/noticiasribeiraopreto.com.br\/wp-content\/uploads\/2025\/11\/verador-Bigodini-02-scaled.jpeg?fit=1170%2C780&ssl=1&resize=1050%2C600 3x"},"classes":[]},{"id":79171,"url":"https:\/\/noticiasribeiraopreto.com.br\/index.php\/2025\/10\/26\/caso-bigodini-entenda-os-proximos-passos-apos-conclusao-da-investigacao\/","url_meta":{"origin":79111,"position":2},"title":"Caso Bigodini: entenda os pr\u00f3ximos passos ap\u00f3s conclus\u00e3o da investiga\u00e7\u00e3o","author":"noticiasribeiraopreto.com.br","date":"26 de October de 2025","format":false,"excerpt":"Com a conclus\u00e3o da investiga\u00e7\u00e3o da Pol\u00edcia Civil que confirmou que o vereador Roger Ronan da Silva, o Bigodini (MDB), estava dirigindo alcoolizado no momento em que se envolveu no acidente na avenida do Caf\u00e9 no final de setembro os holofotes se voltam aos Conselho de \u00c9tica da C\u00e2mara de\u2026","rel":"","context":"In &quot;Not\u00edcias de Ribeir\u00e3o Preto-SP e Regi\u00e3o&quot;","block_context":{"text":"Not\u00edcias de Ribeir\u00e3o Preto-SP e Regi\u00e3o","link":"https:\/\/noticiasribeiraopreto.com.br\/index.php\/category\/noticias-de-ribeirao-preto-sp-e-regiao-ismael-colosi\/"},"img":{"alt_text":"","src":"https:\/\/i0.wp.com\/noticiasribeiraopreto.com.br\/wp-content\/uploads\/2025\/10\/bigodini-na-direcao_2025-10-25_19-16-38.webp.webp?fit=1200%2C674&ssl=1&resize=350%2C200","width":350,"height":200,"srcset":"https:\/\/i0.wp.com\/noticiasribeiraopreto.com.br\/wp-content\/uploads\/2025\/10\/bigodini-na-direcao_2025-10-25_19-16-38.webp.webp?fit=1200%2C674&ssl=1&resize=350%2C200 1x, https:\/\/i0.wp.com\/noticiasribeiraopreto.com.br\/wp-content\/uploads\/2025\/10\/bigodini-na-direcao_2025-10-25_19-16-38.webp.webp?fit=1200%2C674&ssl=1&resize=525%2C300 1.5x, https:\/\/i0.wp.com\/noticiasribeiraopreto.com.br\/wp-content\/uploads\/2025\/10\/bigodini-na-direcao_2025-10-25_19-16-38.webp.webp?fit=1200%2C674&ssl=1&resize=700%2C400 2x, https:\/\/i0.wp.com\/noticiasribeiraopreto.com.br\/wp-content\/uploads\/2025\/10\/bigodini-na-direcao_2025-10-25_19-16-38.webp.webp?fit=1200%2C674&ssl=1&resize=1050%2C600 3x"},"classes":[]},{"id":79868,"url":"https:\/\/noticiasribeiraopreto.com.br\/index.php\/2025\/11\/09\/camara-de-ribeirao-preto-vota-suspensao-do-mandato-e-salario-do-vereador-bigodini\/","url_meta":{"origin":79111,"position":3},"title":"C\u00e2mara de Ribeir\u00e3o Preto vota suspens\u00e3o do mandato e sal\u00e1rio do vereador Bigodini","author":"noticiasribeiraopreto.com.br","date":"9 de November de 2025","format":false,"excerpt":"A C\u00e2mara Municipal de Ribeir\u00e3o Preto vota nesta segunda-feira (10) a suspens\u00e3o do mandato do vereador Roger Ronan da Silva, o Bigodini (MDB), pelo per\u00edodo de seis meses, al\u00e9m da suspens\u00e3o do pagamento de seu sal\u00e1rio. O pedido de cassa\u00e7\u00e3o do vereador teve in\u00edcio no dia 1\u00ba de outubro e\u2026","rel":"","context":"In &quot;Not\u00edcias de Ribeir\u00e3o Preto-SP e Regi\u00e3o&quot;","block_context":{"text":"Not\u00edcias de Ribeir\u00e3o Preto-SP e Regi\u00e3o","link":"https:\/\/noticiasribeiraopreto.com.br\/index.php\/category\/noticias-de-ribeirao-preto-sp-e-regiao-ismael-colosi\/"},"img":{"alt_text":"","src":"https:\/\/i0.wp.com\/noticiasribeiraopreto.com.br\/wp-content\/uploads\/2025\/10\/Imagem-do-WhatsApp-de-2025-10-22-as-16.13.51_ec1ee62b_2025-10-22_19-19-05.webp.webp?fit=1200%2C800&ssl=1&resize=350%2C200","width":350,"height":200,"srcset":"https:\/\/i0.wp.com\/noticiasribeiraopreto.com.br\/wp-content\/uploads\/2025\/10\/Imagem-do-WhatsApp-de-2025-10-22-as-16.13.51_ec1ee62b_2025-10-22_19-19-05.webp.webp?fit=1200%2C800&ssl=1&resize=350%2C200 1x, https:\/\/i0.wp.com\/noticiasribeiraopreto.com.br\/wp-content\/uploads\/2025\/10\/Imagem-do-WhatsApp-de-2025-10-22-as-16.13.51_ec1ee62b_2025-10-22_19-19-05.webp.webp?fit=1200%2C800&ssl=1&resize=525%2C300 1.5x, https:\/\/i0.wp.com\/noticiasribeiraopreto.com.br\/wp-content\/uploads\/2025\/10\/Imagem-do-WhatsApp-de-2025-10-22-as-16.13.51_ec1ee62b_2025-10-22_19-19-05.webp.webp?fit=1200%2C800&ssl=1&resize=700%2C400 2x, https:\/\/i0.wp.com\/noticiasribeiraopreto.com.br\/wp-content\/uploads\/2025\/10\/Imagem-do-WhatsApp-de-2025-10-22-as-16.13.51_ec1ee62b_2025-10-22_19-19-05.webp.webp?fit=1200%2C800&ssl=1&resize=1050%2C600 3x"},"classes":[]},{"id":79564,"url":"https:\/\/noticiasribeiraopreto.com.br\/index.php\/2025\/11\/04\/bigodini-volta-e-fica-em-silencio\/","url_meta":{"origin":79111,"position":4},"title":"Bigodini volta e \u2028fica em sil\u00eancio","author":"noticiasribeiraopreto.com.br","date":"4 de November de 2025","format":false,"excerpt":"Nesta segunda-feira (3), o vereador Bigodini voltou a participar das sess\u00f5es legislativas da C\u00e2mara de Ribeir\u00e3o Preto, mas n\u00e3o se manifestou\u2028 Nesta segunda-feira, 3 de novembro, o vereador Roger Ronan da Silva (MDB), o Bigodini, de 33 anos, voltou a participar das sess\u00f5es legislativas da C\u00e2mara de Ribeir\u00e3o Preto, mais\u2026","rel":"","context":"In &quot;Not\u00edcias de Ribeir\u00e3o Preto-SP e Regi\u00e3o&quot;","block_context":{"text":"Not\u00edcias de Ribeir\u00e3o Preto-SP e Regi\u00e3o","link":"https:\/\/noticiasribeiraopreto.com.br\/index.php\/category\/noticias-de-ribeirao-preto-sp-e-regiao-ismael-colosi\/"},"img":{"alt_text":"","src":"https:\/\/i0.wp.com\/noticiasribeiraopreto.com.br\/wp-content\/uploads\/2025\/11\/Bigodini-Max-Gallao-Mesquita-01-scaled.jpg?fit=1200%2C675&ssl=1&resize=350%2C200","width":350,"height":200,"srcset":"https:\/\/i0.wp.com\/noticiasribeiraopreto.com.br\/wp-content\/uploads\/2025\/11\/Bigodini-Max-Gallao-Mesquita-01-scaled.jpg?fit=1200%2C675&ssl=1&resize=350%2C200 1x, https:\/\/i0.wp.com\/noticiasribeiraopreto.com.br\/wp-content\/uploads\/2025\/11\/Bigodini-Max-Gallao-Mesquita-01-scaled.jpg?fit=1200%2C675&ssl=1&resize=525%2C300 1.5x, https:\/\/i0.wp.com\/noticiasribeiraopreto.com.br\/wp-content\/uploads\/2025\/11\/Bigodini-Max-Gallao-Mesquita-01-scaled.jpg?fit=1200%2C675&ssl=1&resize=700%2C400 2x, https:\/\/i0.wp.com\/noticiasribeiraopreto.com.br\/wp-content\/uploads\/2025\/11\/Bigodini-Max-Gallao-Mesquita-01-scaled.jpg?fit=1200%2C675&ssl=1&resize=1050%2C600 3x"},"classes":[]},{"id":79928,"url":"https:\/\/noticiasribeiraopreto.com.br\/index.php\/2025\/11\/11\/camara-chama-suplente-de-bigodini-para-assumir\/","url_meta":{"origin":79111,"position":5},"title":"C\u00e2mara chama suplente de Bigodini para assumir","author":"noticiasribeiraopreto.com.br","date":"11 de November de 2025","format":false,"excerpt":"Maria Eug\u00eania Biffi, atual secret\u00e1ria municipal de Cultura de Ribeir\u00e3o Preto, ser\u00e1 oficiada para assumir o mandato interinamente; ela ter\u00e1 cinco dias para providenciar documenta\u00e7\u00e3oA C\u00e2mara Municipal de Ribeir\u00e3o Preto vai oficiar nesta ter\u00e7a-feira, 11 de novembro, a advogada e atual secret\u00e1ria municipal de Cultura, Maria Eug\u00eania Biffi, para que\u2026","rel":"","context":"In &quot;Not\u00edcias de Ribeir\u00e3o Preto-SP e Regi\u00e3o&quot;","block_context":{"text":"Not\u00edcias de Ribeir\u00e3o Preto-SP e Regi\u00e3o","link":"https:\/\/noticiasribeiraopreto.com.br\/index.php\/category\/noticias-de-ribeirao-preto-sp-e-regiao-ismael-colosi\/"},"img":{"alt_text":"","src":"https:\/\/i0.wp.com\/noticiasribeiraopreto.com.br\/wp-content\/uploads\/2025\/11\/biffi.jpeg?fit=298%2C206&ssl=1&resize=350%2C200","width":350,"height":200},"classes":[]}],"jetpack_sharing_enabled":true,"jetpack_shortlink":"https:\/\/wp.me\/peQAOb-kzZ","_links":{"self":[{"href":"https:\/\/noticiasribeiraopreto.com.br\/index.php\/wp-json\/wp\/v2\/posts\/79111","targetHints":{"allow":["GET"]}}],"collection":[{"href":"https:\/\/noticiasribeiraopreto.com.br\/index.php\/wp-json\/wp\/v2\/posts"}],"about":[{"href":"https:\/\/noticiasribeiraopreto.com.br\/index.php\/wp-json\/wp\/v2\/types\/post"}],"author":[{"embeddable":true,"href":"https:\/\/noticiasribeiraopreto.com.br\/index.php\/wp-json\/wp\/v2\/users\/1"}],"replies":[{"embeddable":true,"href":"https:\/\/noticiasribeiraopreto.com.br\/index.php\/wp-json\/wp\/v2\/comments?post=79111"}],"version-history":[{"count":0,"href":"https:\/\/noticiasribeiraopreto.com.br\/index.php\/wp-json\/wp\/v2\/posts\/79111\/revisions"}],"wp:featuredmedia":[{"embeddable":true,"href":"https:\/\/noticiasribeiraopreto.com.br\/index.php\/wp-json\/wp\/v2\/media\/79112"}],"wp:attachment":[{"href":"https:\/\/noticiasribeiraopreto.com.br\/index.php\/wp-json\/wp\/v2\/media?parent=79111"}],"wp:term":[{"taxonomy":"category","embeddable":true,"href":"https:\/\/noticiasribeiraopreto.com.br\/index.php\/wp-json\/wp\/v2\/categories?post=79111"},{"taxonomy":"post_tag","embeddable":true,"href":"https:\/\/noticiasribeiraopreto.com.br\/index.php\/wp-json\/wp\/v2\/tags?post=79111"}],"curies":[{"name":"wp","href":"https:\/\/api.w.org\/{rel}","templated":true}]}}