{"id":79113,"date":"2025-10-24T14:13:24","date_gmt":"2025-10-24T17:13:24","guid":{"rendered":"https:\/\/noticiasribeiraopreto.com.br\/index.php\/2025\/10\/24\/mostra-japao-acontece-a-partir-de-hoje-em-ribeirao-preto-veja-as-atracoes\/"},"modified":"2025-10-24T14:13:24","modified_gmt":"2025-10-24T17:13:24","slug":"mostra-japao-acontece-a-partir-de-hoje-em-ribeirao-preto-veja-as-atracoes","status":"publish","type":"post","link":"https:\/\/noticiasribeiraopreto.com.br\/index.php\/2025\/10\/24\/mostra-japao-acontece-a-partir-de-hoje-em-ribeirao-preto-veja-as-atracoes\/","title":{"rendered":"Mostra Jap\u00e3o acontece a partir de hoje em Ribeir\u00e3o Preto; Veja as atra\u00e7\u00f5es"},"content":{"rendered":"<div class='code-block code-block-1' style='margin: 8px 0 8px auto; text-align: right; display: block; clear: both;'>\n<p><a href=\"https:\/\/wa.link\/vpicfd\"><img data-recalc-dims=\"1\" class=\"wp-image-4922\" style=\"aspect-ratio: 2.0253164556962027; width: 561px; height: auto;\" src=\"https:\/\/i0.wp.com\/ismaelcolosi.com.br\/wp-content\/uploads\/2023\/11\/grupo-de-empregos-whatsapp-e-facebook-ismael-colosi-vagas.jpg?ssl=1\" alt=\"\" \/><\/a><\/p>\n<!-- \/wp:image -->\n<\/div>\n<p> <br \/>\n<\/p>\n<div>\n<p>Come\u00e7a nesta sexta-feira (24), \u00e0s 18h, a <strong>Mostra Jap\u00e3o<\/strong>, que segue at\u00e9 domingo (26), no <strong>Parque Permanente de Exposi\u00e7\u00f5es de Ribeir\u00e3o Preto<\/strong>. O evento contar\u00e1 com 70 expositores, comida oriental e apresenta\u00e7\u00f5es culturais.<\/p>\n<p>A Mostra Jap\u00e3o, em sua 40\u00aa edi\u00e7\u00e3o, estreia em Ribeir\u00e3o Preto. Confira os destaques da programa\u00e7\u00e3o:<\/p>\n<h2 class=\"wp-block-heading\"><strong>Entrada gratuita na sexta-feira<\/strong><\/h2>\n<p>O primeiro dia do evento, hoje, ter\u00e1 entrada gratuita, em que o p\u00fablico poder\u00e1 aproveitar uma programa\u00e7\u00e3o variada, com destaque para performances de K-pop e J-pop \u2013 estilos musicais que representam o pop contempor\u00e2neo da Coreia do Sul e do Jap\u00e3o. As apresenta\u00e7\u00f5es come\u00e7am \u00e0s 20h30 e ser\u00e3o realizadas por quatro grupos de dan\u00e7a do GIRP (Grupos Independentes de Ribeir\u00e3o Preto).<\/p>\n<p>No s\u00e1bado (25) e domingo (26), a entrada acontece das 11h \u00e0s 22h e custa R$ 20 (inteira) \u2013 R$ 10 com doa\u00e7\u00e3o de um quilo de alimento n\u00e3o perec\u00edvel (<a href=\"https:\/\/www.sympla.com.br\/evento\/40-mostra-japao-ribeirao-preto\/3160943\" data-type=\"link\" data-id=\"https:\/\/www.sympla.com.br\/evento\/40-mostra-japao-ribeirao-preto\/3160943\" target=\"_blank\" rel=\"noopener\">clique aqui<\/a>).<\/p>\n<h2 class=\"wp-block-heading\"><strong>Abertura oficial<\/strong><\/h2>\n<p>A cerim\u00f4nia de abertura oficial do festival ocorre neste s\u00e1bado (25), \u00e0s 15h, com a presen\u00e7a de autoridades e a tradicional quebra simb\u00f3lica do barril de saqu\u00ea, chamada pelos japoneses de Kagami Biraki.<\/p>\n<p>Na sequ\u00eancia, \u00e0s 16h, o p\u00fablico pode aproveitar a apresenta\u00e7\u00e3o do grupo Sakura Dance Cultural, de Ribeir\u00e3o Preto, al\u00e9m de outras atra\u00e7\u00f5es, como o Karaok\u00ea Kids, com in\u00edcio \u00e0s 16h30.<\/p>\n<h2 class=\"wp-block-heading\"><strong>Concurso de Cosplay<\/strong><\/h2>\n<p>Entre os destaques da programa\u00e7\u00e3o deste s\u00e1bado, est\u00e1 o Concurso de Cosplay (hobby em que as pessoas se vestem como personagens fict\u00edcios) \u00e0s 18h. A competi\u00e7\u00e3o vai premiar os tr\u00eas primeiros colocados com valores R$ 1 mil, R$ 500 e R$ 300, respectivamente, al\u00e9m de trof\u00e9us.<\/p>\n<p>As crian\u00e7as poder\u00e3o se caracterizar e participar de um desfile especial no palco e ganhar\u00e3o medalhas pela participa\u00e7\u00e3o. As inscri\u00e7\u00f5es devem ser feitas pela internet (<a href=\"https:\/\/docs.google.com\/forms\/d\/e\/1FAIpQLSfmRUTCeBjMU2MdbVLXxO7Oqu2LPndKZ78Pp_gt0bA_ormRyQ\/viewform\" data-type=\"link\" data-id=\"https:\/\/docs.google.com\/forms\/d\/e\/1FAIpQLSfmRUTCeBjMU2MdbVLXxO7Oqu2LPndKZ78Pp_gt0bA_ormRyQ\/viewform\" target=\"_blank\" rel=\"noopener\">clique aqui<\/a>) ou no link do Instagram <a href=\"https:\/\/www.instagram.com\/girpoficial\/\" data-type=\"link\" data-id=\"https:\/\/www.instagram.com\/girpoficial\/\" target=\"_blank\" rel=\"noopener\">@girpoficial<\/a>.<\/p>\n<h2 class=\"wp-block-heading\"><strong>Atra\u00e7\u00f5es musicais e tradicionais<\/strong><\/h2>\n<p>Com o intuito de destacar a riqueza cultural do Jap\u00e3o, o p\u00fablico vai poder aproveitar atra\u00e7\u00f5es como os tambores japoneses (Taik\u00f4) e a Dan\u00e7a do Le\u00e3o (Shishimai), tradi\u00e7\u00e3o em que dan\u00e7arinos imitam movimentos de um le\u00e3o para atrair boa sorte.<\/p>\n<p>Al\u00e9m disso, a programa\u00e7\u00e3o conta com shows de artistas como Joe Hirata, Paula Hirama que \u00e9 integrante do Grupo Todos N\u00f3s, comandado por Pedro Mizutani, de Ribeir\u00e3o Preto. J\u00e1 as crian\u00e7as poder\u00e3o assistir apresenta\u00e7\u00f5es inspiradas em grandes sucessos da Broadway, em vers\u00f5es adaptadas com can\u00e7\u00f5es em japon\u00eas, ingl\u00eas e portugu\u00eas.<\/p>\n<h2 class=\"wp-block-heading\"><strong>Cultura e gastronomia<\/strong><\/h2>\n<p>O evento contar\u00e1 com 70 expositores, incluindo cerca de 50 restaurantes da culin\u00e1ria tradicional oriental, com op\u00e7\u00f5es japonesas, coreanas e mais.<\/p>\n<p>Ser\u00e3o diversas op\u00e7\u00f5es da gastronomia oriental, com destaque para os pratos japoneses, como sushi, temaki, guioza e mochi, al\u00e9m de op\u00e7\u00f5es coreanas que se tornaram sucesso nas redes sociais, como o hot dog coreano (feito no espeto e com massa crocante) e o Topokki (massa de arroz com molho picante).<\/p>\n<p>Durante os tr\u00eas dias de evento, os visitantes tamb\u00e9m poder\u00e3o aproveitar uma feira com artesanato, moda, decora\u00e7\u00e3o tem\u00e1tica e produtos geek, com valor m\u00e9dio de R$ 35.<\/p>\n<figure class=\"wp-block-image size-large\"><img data-recalc-dims=\"1\" fetchpriority=\"high\" decoding=\"async\" width=\"1024\" height=\"683\" src=\"https:\/\/i0.wp.com\/cdn.media-acidadeon.com.br\/ribeiraopreto\/wp-content\/uploads\/sites\/3\/2025\/10\/mostra-japao-comida_2025-10-24_14-27-59-1024x683.webp?resize=1024%2C683&#038;ssl=1\" alt=\"mostra japao comida 2025 10 24 14 27 59\" class=\"wp-image-133399\" title=\"Mostra Jap\u00e3o acontece a partir de hoje em Ribeir\u00e3o Preto; Veja as atra\u00e7\u00f5es 1\" srcset=\"https:\/\/cdn.media-acidadeon.com.br\/ribeiraopreto\/wp-content\/uploads\/sites\/3\/2025\/10\/mostra-japao-comida_2025-10-24_14-27-59-1024x683.webp 1024w, https:\/\/cdn.media-acidadeon.com.br\/ribeiraopreto\/wp-content\/uploads\/sites\/3\/2025\/10\/mostra-japao-comida_2025-10-24_14-27-59-300x200.webp 300w, https:\/\/cdn.media-acidadeon.com.br\/ribeiraopreto\/wp-content\/uploads\/sites\/3\/2025\/10\/mostra-japao-comida_2025-10-24_14-27-59-768x512.webp 768w, https:\/\/cdn.media-acidadeon.com.br\/ribeiraopreto\/wp-content\/uploads\/sites\/3\/2025\/10\/mostra-japao-comida_2025-10-24_14-27-59-696x464.webp 696w, https:\/\/cdn.media-acidadeon.com.br\/ribeiraopreto\/wp-content\/uploads\/sites\/3\/2025\/10\/mostra-japao-comida_2025-10-24_14-27-59-1068x712.webp 1068w, https:\/\/cdn.media-acidadeon.com.br\/ribeiraopreto\/wp-content\/uploads\/sites\/3\/2025\/10\/mostra-japao-comida_2025-10-24_14-27-59.webp 1200w\" sizes=\"(max-width: 1024px) 100vw, 1024px\"\/><figcaption class=\"wp-element-caption\">70 expositores participam da Mostra Jap\u00e3o em Ribeir\u00e3o Preto (Foto: divulga\u00e7\u00e3o)<\/figcaption><\/figure>\n<h2 class=\"wp-block-heading\"><strong>Servi\u00e7o<\/strong><\/h2>\n<p><strong>Mostra Jap\u00e3o em Ribeir\u00e3o Preto<br \/>Quando: <\/strong>De hoje (24) at\u00e9 domingo (26)<br \/><strong>Onde:<\/strong> Parque Permanente de Exposi\u00e7\u00f5es de Ribeir\u00e3o Preto<br \/>Sexta (24): Das 18h \u00e0s 22h \u2013 entrada gratuita<br \/>S\u00e1bado (25) e domingo (26): Das 11h \u00e0s 22h \u2013 R$ 20 (inteira) \/ R$ 10 com doa\u00e7\u00e3o de um quilo de alimento n\u00e3o perec\u00edvel<br \/><strong>Isen\u00e7\u00e3o<\/strong>: Professores, cosplayers caracterizados e crian\u00e7as de at\u00e9 7 anos n\u00e3o pagam ingresso<br \/><strong>Ingressos antecipados: <\/strong>Pelo site Sympla (<a href=\"https:\/\/www.sympla.com.br\/evento\/40-mostra-japao-ribeirao-preto\/3160943\" data-type=\"link\" data-id=\"https:\/\/www.sympla.com.br\/evento\/40-mostra-japao-ribeirao-preto\/3160943\" target=\"_blank\" rel=\"noopener\">clique aqui<\/a>)<\/p>\n<p>SAIBA MAIS<\/p>\n<p>Bigodini apresenta terceiro atestado m\u00e9dico e se afasta da C\u00e2mara de Ribeir\u00e3o Preto por mais 10 dias<\/p>\n<h3 class=\"wp-block-heading\"><strong>FIQUE ON<\/strong><\/h3>\n<p>Fique ligado em tudo que acontece em Ribeir\u00e3o Preto e regi\u00e3o. Siga os perfis do\u00a0<strong>acidade on\u00a0<\/strong>no\u00a0<a href=\"https:\/\/www.instagram.com\/acidadeonribeirao\" target=\"_blank\" rel=\"noreferrer noopener\">Instagram<\/a>\u00a0e no<a href=\"https:\/\/www.facebook.com\/acidadeonribeirao\/\" target=\"_blank\" rel=\"noreferrer noopener\">\u00a0Facebook<\/a>.<\/p>\n<p>Receba not\u00edcias do<strong>\u00a0acidade on<\/strong>\u00a0no WhatsApp. Para entrar no grupo,\u00a0basta\u00a0<a href=\"https:\/\/chat.whatsapp.com\/I4nieTEMKlf50pJ28aMemC?mode=ac_t\" target=\"_blank\" rel=\"noreferrer noopener\">clicar aqui<\/a>. Ou, acesse o nosso\u00a0Canal\u00a0<a href=\"https:\/\/whatsapp.com\/channel\/0029Vb6IQl1JENyAeS57fk2p\" target=\"_blank\" rel=\"noreferrer noopener\">clicando aqui<\/a>.<\/p>\n<p>Fa\u00e7a uma den\u00fancia ou sugira uma reportagem sobre Ribeir\u00e3o Preto e regi\u00e3o pelo WhatsApp: 16 99117 7802.<\/p>\n<p>VEJA TAMB\u00c9M<\/p>\n<p>O que aconteceu com a prima da Ana Castela?<\/p>\n<p><!-- AI CONTENT END 1 -->\n<\/div>\n<p><script async src=\"\/\/www.instagram.com\/embed.js\"><\/script><br \/>\n<br \/><br \/>\n<br \/><a href=\"https:\/\/www.acidadeon.com\/ribeiraopreto\/lazer-e-cultura\/mostra-japao-acontece-a-partir-de-hoje-em-ribeirao-preto-veja-as-atracoes\/\">Source link <\/a><\/p>\n<!-- CONTENT END 1 -->\n","protected":false},"excerpt":{"rendered":"<p>Come\u00e7a nesta sexta-feira (24), \u00e0s 18h, a Mostra Jap\u00e3o, que segue at\u00e9 domingo (26), no Parque Permanente de Exposi\u00e7\u00f5es de Ribeir\u00e3o Preto. O evento contar\u00e1&#8230;<\/p>\n","protected":false},"author":1,"featured_media":79114,"comment_status":"open","ping_status":"open","sticky":false,"template":"","format":"standard","meta":{"advanced_seo_description":"","jetpack_seo_html_title":"","jetpack_seo_noindex":false,"jetpack_post_was_ever_published":false,"_jetpack_newsletter_access":"","_jetpack_dont_email_post_to_subs":false,"_jetpack_newsletter_tier_id":0,"_jetpack_memberships_contains_paywalled_content":false,"_jetpack_memberships_contains_paid_content":false,"footnotes":"","jetpack_publicize_message":"","jetpack_publicize_feature_enabled":true,"jetpack_social_post_already_shared":true,"jetpack_social_options":{"image_generator_settings":{"template":"highway","default_image_id":0,"font":"","enabled":false},"version":2}},"categories":[11],"tags":[],"class_list":["post-79113","post","type-post","status-publish","format-standard","has-post-thumbnail","hentry","category-noticias-de-ribeirao-preto-sp-e-regiao-ismael-colosi"],"jetpack_publicize_connections":[],"jetpack_featured_media_url":"https:\/\/i0.wp.com\/noticiasribeiraopreto.com.br\/wp-content\/uploads\/2025\/10\/mostra-japao_2025-10-24_14-27-01.webp.webp?fit=1200%2C800&ssl=1","jetpack-related-posts":[{"id":78564,"url":"https:\/\/noticiasribeiraopreto.com.br\/index.php\/2025\/10\/13\/mostra-japao-chega-a-ribeirao-com-atracoes-culturais-gastronomia-e-concurso-de-cosplay\/","url_meta":{"origin":79113,"position":0},"title":"Mostra Jap\u00e3o chega a Ribeir\u00e3o com atra\u00e7\u00f5es culturais, gastronomia e concurso de cosplay","author":"noticiasribeiraopreto.com.br","date":"13 de October de 2025","format":false,"excerpt":"Ribeir\u00e3o Preto ser\u00e1 sede da 40\u00aa edi\u00e7\u00e3o da Mostra Jap\u00e3o, o maior evento itinerante da cultura japonesa no estado de S\u00e3o Paulo. O evento acontece entre os dias 24 e 26 de outubro, no Parque Permanente de Exposi\u00e7\u00f5es. A Mostra Jap\u00e3o contar\u00e1 com mais de 70 expositores, oferecendo gastronomia, moda,\u2026","rel":"","context":"In &quot;Not\u00edcias de Ribeir\u00e3o Preto-SP e Regi\u00e3o&quot;","block_context":{"text":"Not\u00edcias de Ribeir\u00e3o Preto-SP e Regi\u00e3o","link":"https:\/\/noticiasribeiraopreto.com.br\/index.php\/category\/noticias-de-ribeirao-preto-sp-e-regiao-ismael-colosi\/"},"img":{"alt_text":"","src":"https:\/\/i0.wp.com\/noticiasribeiraopreto.com.br\/wp-content\/uploads\/2025\/10\/f825d45d629fd7dfbd66edeaf4c5a9b4_2025-10-13_19-50-11.webp.webp?fit=1200%2C800&ssl=1&resize=350%2C200","width":350,"height":200,"srcset":"https:\/\/i0.wp.com\/noticiasribeiraopreto.com.br\/wp-content\/uploads\/2025\/10\/f825d45d629fd7dfbd66edeaf4c5a9b4_2025-10-13_19-50-11.webp.webp?fit=1200%2C800&ssl=1&resize=350%2C200 1x, https:\/\/i0.wp.com\/noticiasribeiraopreto.com.br\/wp-content\/uploads\/2025\/10\/f825d45d629fd7dfbd66edeaf4c5a9b4_2025-10-13_19-50-11.webp.webp?fit=1200%2C800&ssl=1&resize=525%2C300 1.5x, https:\/\/i0.wp.com\/noticiasribeiraopreto.com.br\/wp-content\/uploads\/2025\/10\/f825d45d629fd7dfbd66edeaf4c5a9b4_2025-10-13_19-50-11.webp.webp?fit=1200%2C800&ssl=1&resize=700%2C400 2x, https:\/\/i0.wp.com\/noticiasribeiraopreto.com.br\/wp-content\/uploads\/2025\/10\/f825d45d629fd7dfbd66edeaf4c5a9b4_2025-10-13_19-50-11.webp.webp?fit=1200%2C800&ssl=1&resize=1050%2C600 3x"},"classes":[]},{"id":79109,"url":"https:\/\/noticiasribeiraopreto.com.br\/index.php\/2025\/10\/24\/nando-reis-mostra-japao-e-marco-luque-veja-as-opcoes-para-curtir-o-fim-de-semana-em-ribeirao-preto\/","url_meta":{"origin":79113,"position":1},"title":"Nando Reis, Mostra Jap\u00e3o e Marco Luque: Veja as op\u00e7\u00f5es para curtir o fim de semana em Ribeir\u00e3o Preto","author":"noticiasribeiraopreto.com.br","date":"24 de October de 2025","format":false,"excerpt":"Ribeir\u00e3o Preto conta com diversas op\u00e7\u00f5es para curtir o fim de semana. Os destaques da programa\u00e7\u00e3o s\u00e3o o show de Nando Reis, com a turn\u00ea \u201cNando Hits\u201c, a Mostra Jap\u00e3o, e Marco Luque com o espet\u00e1culo \u201c\u00c9 Disso Que Eu To Falando\u201c. Confira a programa\u00e7\u00e3o abaixo. Mostra Jap\u00e3o Come\u00e7a nesta\u2026","rel":"","context":"In &quot;Not\u00edcias de Ribeir\u00e3o Preto-SP e Regi\u00e3o&quot;","block_context":{"text":"Not\u00edcias de Ribeir\u00e3o Preto-SP e Regi\u00e3o","link":"https:\/\/noticiasribeiraopreto.com.br\/index.php\/category\/noticias-de-ribeirao-preto-sp-e-regiao-ismael-colosi\/"},"img":{"alt_text":"","src":"https:\/\/i0.wp.com\/noticiasribeiraopreto.com.br\/wp-content\/uploads\/2025\/10\/mostra-japao-marco-luque-nando-reis_2025-10-24_15-43-10.webp.webp?fit=1200%2C674&ssl=1&resize=350%2C200","width":350,"height":200,"srcset":"https:\/\/i0.wp.com\/noticiasribeiraopreto.com.br\/wp-content\/uploads\/2025\/10\/mostra-japao-marco-luque-nando-reis_2025-10-24_15-43-10.webp.webp?fit=1200%2C674&ssl=1&resize=350%2C200 1x, https:\/\/i0.wp.com\/noticiasribeiraopreto.com.br\/wp-content\/uploads\/2025\/10\/mostra-japao-marco-luque-nando-reis_2025-10-24_15-43-10.webp.webp?fit=1200%2C674&ssl=1&resize=525%2C300 1.5x, https:\/\/i0.wp.com\/noticiasribeiraopreto.com.br\/wp-content\/uploads\/2025\/10\/mostra-japao-marco-luque-nando-reis_2025-10-24_15-43-10.webp.webp?fit=1200%2C674&ssl=1&resize=700%2C400 2x, https:\/\/i0.wp.com\/noticiasribeiraopreto.com.br\/wp-content\/uploads\/2025\/10\/mostra-japao-marco-luque-nando-reis_2025-10-24_15-43-10.webp.webp?fit=1200%2C674&ssl=1&resize=1050%2C600 3x"},"classes":[]},{"id":79184,"url":"https:\/\/noticiasribeiraopreto.com.br\/index.php\/2025\/10\/26\/jovem-de-20-anos-vence-concurso-de-cosplay-na-mostra-japao-em-ribeirao-preto-fotos\/","url_meta":{"origin":79113,"position":2},"title":"Jovem de 20 anos vence concurso de cosplay na Mostra Jap\u00e3o em Ribeir\u00e3o Preto; Fotos","author":"noticiasribeiraopreto.com.br","date":"26 de October de 2025","format":false,"excerpt":"A jovem Isabella Luz, de 20 anos, venceu o concurso de cosplay da 40\u00aa edi\u00e7\u00e3o da Mostra Jap\u00e3o neste s\u00e1bado (25), no Parque Permanente de Exposi\u00e7\u00f5es, em Ribeir\u00e3o Preto. A participante, que se caracterizou da personagem Bayonetta, protagonista da s\u00e9rie de jogos eletr\u00f4nicos, levou o pr\u00eamio no valor de R$\u2026","rel":"","context":"In &quot;Not\u00edcias de Ribeir\u00e3o Preto-SP e Regi\u00e3o&quot;","block_context":{"text":"Not\u00edcias de Ribeir\u00e3o Preto-SP e Regi\u00e3o","link":"https:\/\/noticiasribeiraopreto.com.br\/index.php\/category\/noticias-de-ribeirao-preto-sp-e-regiao-ismael-colosi\/"},"img":{"alt_text":"","src":"https:\/\/i0.wp.com\/noticiasribeiraopreto.com.br\/wp-content\/uploads\/2025\/10\/cosplay-1_2025-10-26_14-31-49.webp.webp?fit=1200%2C772&ssl=1&resize=350%2C200","width":350,"height":200,"srcset":"https:\/\/i0.wp.com\/noticiasribeiraopreto.com.br\/wp-content\/uploads\/2025\/10\/cosplay-1_2025-10-26_14-31-49.webp.webp?fit=1200%2C772&ssl=1&resize=350%2C200 1x, https:\/\/i0.wp.com\/noticiasribeiraopreto.com.br\/wp-content\/uploads\/2025\/10\/cosplay-1_2025-10-26_14-31-49.webp.webp?fit=1200%2C772&ssl=1&resize=525%2C300 1.5x, https:\/\/i0.wp.com\/noticiasribeiraopreto.com.br\/wp-content\/uploads\/2025\/10\/cosplay-1_2025-10-26_14-31-49.webp.webp?fit=1200%2C772&ssl=1&resize=700%2C400 2x, https:\/\/i0.wp.com\/noticiasribeiraopreto.com.br\/wp-content\/uploads\/2025\/10\/cosplay-1_2025-10-26_14-31-49.webp.webp?fit=1200%2C772&ssl=1&resize=1050%2C600 3x"},"classes":[]},{"id":52952,"url":"https:\/\/noticiasribeiraopreto.com.br\/index.php\/2024\/06\/14\/orquideas-parada-lgbt-e-tributo-a-michael-jackson-veja-a-agenda-do-fim-semana-em-ribeirao\/","url_meta":{"origin":79113,"position":3},"title":"Orqu\u00eddeas, Parada LGBT e tributo a Michael Jackson: Veja a agenda do fim semana em Ribeir\u00e3o","author":"noticiasribeiraopreto.com.br","date":"14 de June de 2024","format":false,"excerpt":"Ribeir\u00e3o Preto conta com uma programa\u00e7\u00e3o de eventos culturais e de lazer gratuitos e pagos neste fim de semana. Entre os destaques, est\u00e3o: Exposi\u00e7\u00e3o de Orqu\u00eddeas, Parada LGBTQIAP+ e Tributo ao Rei do Pop com Rodrigo Teaser. Confira: A tradicional Exposi\u00e7\u00e3o de Orqu\u00eddeas retorna a Ribeir\u00e3o a partir desta sexta-feira\u2026","rel":"","context":"In &quot;Not\u00edcias de Ribeir\u00e3o Preto-SP e Regi\u00e3o&quot;","block_context":{"text":"Not\u00edcias de Ribeir\u00e3o Preto-SP e Regi\u00e3o","link":"https:\/\/noticiasribeiraopreto.com.br\/index.php\/category\/noticias-de-ribeirao-preto-sp-e-regiao-ismael-colosi\/"},"img":{"alt_text":"","src":"https:\/\/i0.wp.com\/noticiasribeiraopreto.com.br\/wp-content\/uploads\/2024\/06\/Copia-de-Copia-de-TAMANHO-EXATO-PARA-FOTOS-NO-SISTEMA-NOVO-12_2024-06-14_12-24-00_jpg_2024-06-14_12-24-00.webp.webp?fit=1200%2C675&ssl=1&resize=350%2C200","width":350,"height":200,"srcset":"https:\/\/i0.wp.com\/noticiasribeiraopreto.com.br\/wp-content\/uploads\/2024\/06\/Copia-de-Copia-de-TAMANHO-EXATO-PARA-FOTOS-NO-SISTEMA-NOVO-12_2024-06-14_12-24-00_jpg_2024-06-14_12-24-00.webp.webp?fit=1200%2C675&ssl=1&resize=350%2C200 1x, https:\/\/i0.wp.com\/noticiasribeiraopreto.com.br\/wp-content\/uploads\/2024\/06\/Copia-de-Copia-de-TAMANHO-EXATO-PARA-FOTOS-NO-SISTEMA-NOVO-12_2024-06-14_12-24-00_jpg_2024-06-14_12-24-00.webp.webp?fit=1200%2C675&ssl=1&resize=525%2C300 1.5x, https:\/\/i0.wp.com\/noticiasribeiraopreto.com.br\/wp-content\/uploads\/2024\/06\/Copia-de-Copia-de-TAMANHO-EXATO-PARA-FOTOS-NO-SISTEMA-NOVO-12_2024-06-14_12-24-00_jpg_2024-06-14_12-24-00.webp.webp?fit=1200%2C675&ssl=1&resize=700%2C400 2x, https:\/\/i0.wp.com\/noticiasribeiraopreto.com.br\/wp-content\/uploads\/2024\/06\/Copia-de-Copia-de-TAMANHO-EXATO-PARA-FOTOS-NO-SISTEMA-NOVO-12_2024-06-14_12-24-00_jpg_2024-06-14_12-24-00.webp.webp?fit=1200%2C675&ssl=1&resize=1050%2C600 3x"},"classes":[]},{"id":58393,"url":"https:\/\/noticiasribeiraopreto.com.br\/index.php\/2024\/09\/26\/oktoberfest-comeca-hoje-em-ribeirao-preto-veja-a-programacao\/","url_meta":{"origin":79113,"position":4},"title":"Oktoberfest come\u00e7a hoje em Ribeir\u00e3o Preto; Veja a programa\u00e7\u00e3o","author":"noticiasribeiraopreto.com.br","date":"26 de September de 2024","format":false,"excerpt":"O Oktoberfest Ribeir\u00e3o 2024 come\u00e7a nesta quinta-feira (26), a partir das 16h, e segue at\u00e9 domingo (29) com diversas atividades no Parque Doutor Lu\u00eds Carlos Raya, em Ribeir\u00e3o Preto. A entrada \u00e9 gratuita. A proposta do evento \u00e9 proporcionar uma verdadeira imers\u00e3o no universo alem\u00e3o, com pratos t\u00edpicos e food\u2026","rel":"","context":"In &quot;Not\u00edcias de Ribeir\u00e3o Preto-SP e Regi\u00e3o&quot;","block_context":{"text":"Not\u00edcias de Ribeir\u00e3o Preto-SP e Regi\u00e3o","link":"https:\/\/noticiasribeiraopreto.com.br\/index.php\/category\/noticias-de-ribeirao-preto-sp-e-regiao-ismael-colosi\/"},"img":{"alt_text":"","src":"https:\/\/i0.wp.com\/noticiasribeiraopreto.com.br\/wp-content\/uploads\/2024\/09\/Copia-de-Copia-de-Copia-de-TAMANHO-EXATO-PARA-FOTOS-NO-SISTEMA-NOVO-13_2024-09-26_13-08-37_jpg_2024-09-26_13-08-37.webp.webp?fit=1200%2C675&ssl=1&resize=350%2C200","width":350,"height":200,"srcset":"https:\/\/i0.wp.com\/noticiasribeiraopreto.com.br\/wp-content\/uploads\/2024\/09\/Copia-de-Copia-de-Copia-de-TAMANHO-EXATO-PARA-FOTOS-NO-SISTEMA-NOVO-13_2024-09-26_13-08-37_jpg_2024-09-26_13-08-37.webp.webp?fit=1200%2C675&ssl=1&resize=350%2C200 1x, https:\/\/i0.wp.com\/noticiasribeiraopreto.com.br\/wp-content\/uploads\/2024\/09\/Copia-de-Copia-de-Copia-de-TAMANHO-EXATO-PARA-FOTOS-NO-SISTEMA-NOVO-13_2024-09-26_13-08-37_jpg_2024-09-26_13-08-37.webp.webp?fit=1200%2C675&ssl=1&resize=525%2C300 1.5x, https:\/\/i0.wp.com\/noticiasribeiraopreto.com.br\/wp-content\/uploads\/2024\/09\/Copia-de-Copia-de-Copia-de-TAMANHO-EXATO-PARA-FOTOS-NO-SISTEMA-NOVO-13_2024-09-26_13-08-37_jpg_2024-09-26_13-08-37.webp.webp?fit=1200%2C675&ssl=1&resize=700%2C400 2x, https:\/\/i0.wp.com\/noticiasribeiraopreto.com.br\/wp-content\/uploads\/2024\/09\/Copia-de-Copia-de-Copia-de-TAMANHO-EXATO-PARA-FOTOS-NO-SISTEMA-NOVO-13_2024-09-26_13-08-37_jpg_2024-09-26_13-08-37.webp.webp?fit=1200%2C675&ssl=1&resize=1050%2C600 3x"},"classes":[]},{"id":6193,"url":"https:\/\/noticiasribeiraopreto.com.br\/index.php\/2023\/11\/25\/ribeirao-preto-recebe-feira-vegana-com-entrada-gratuita\/","url_meta":{"origin":79113,"position":5},"title":"Ribeir\u00e3o Preto recebe feira vegana com entrada gratuita\u00a0","author":"noticiasribeiraopreto.com.br","date":"25 de November de 2023","format":false,"excerpt":"Ribeir\u00e3o Preto recebe, neste s\u00e1bado (25), a 4\u00b0 edi\u00e7\u00e3o da Festa das Na\u00e7\u00f5es Veg, que re\u00fane comidas t\u00edpicas de v\u00e1rios pa\u00edses e atra\u00e7\u00f5es culturais, na zona Sul. A entrada e o estacionamento s\u00e3o gratuitos. \u00a0 O evento, na sede da AEAARP, acontece das 12h \u00e0s 20h e ter\u00e1 vers\u00f5es veganas\u2026","rel":"","context":"In &quot;Not\u00edcias de Ribeir\u00e3o Preto-SP e Regi\u00e3o&quot;","block_context":{"text":"Not\u00edcias de Ribeir\u00e3o Preto-SP e Regi\u00e3o","link":"https:\/\/noticiasribeiraopreto.com.br\/index.php\/category\/noticias-de-ribeirao-preto-sp-e-regiao-ismael-colosi\/"},"img":{"alt_text":"","src":"https:\/\/i0.wp.com\/noticiasribeiraopreto.com.br\/wp-content\/uploads\/2023\/11\/398996251_18234458797246288_252744082695163226_n.jpg?fit=1080%2C721&ssl=1&resize=350%2C200","width":350,"height":200,"srcset":"https:\/\/i0.wp.com\/noticiasribeiraopreto.com.br\/wp-content\/uploads\/2023\/11\/398996251_18234458797246288_252744082695163226_n.jpg?fit=1080%2C721&ssl=1&resize=350%2C200 1x, https:\/\/i0.wp.com\/noticiasribeiraopreto.com.br\/wp-content\/uploads\/2023\/11\/398996251_18234458797246288_252744082695163226_n.jpg?fit=1080%2C721&ssl=1&resize=525%2C300 1.5x, https:\/\/i0.wp.com\/noticiasribeiraopreto.com.br\/wp-content\/uploads\/2023\/11\/398996251_18234458797246288_252744082695163226_n.jpg?fit=1080%2C721&ssl=1&resize=700%2C400 2x, https:\/\/i0.wp.com\/noticiasribeiraopreto.com.br\/wp-content\/uploads\/2023\/11\/398996251_18234458797246288_252744082695163226_n.jpg?fit=1080%2C721&ssl=1&resize=1050%2C600 3x"},"classes":[]}],"jetpack_sharing_enabled":true,"jetpack_shortlink":"https:\/\/wp.me\/peQAOb-kA1","_links":{"self":[{"href":"https:\/\/noticiasribeiraopreto.com.br\/index.php\/wp-json\/wp\/v2\/posts\/79113","targetHints":{"allow":["GET"]}}],"collection":[{"href":"https:\/\/noticiasribeiraopreto.com.br\/index.php\/wp-json\/wp\/v2\/posts"}],"about":[{"href":"https:\/\/noticiasribeiraopreto.com.br\/index.php\/wp-json\/wp\/v2\/types\/post"}],"author":[{"embeddable":true,"href":"https:\/\/noticiasribeiraopreto.com.br\/index.php\/wp-json\/wp\/v2\/users\/1"}],"replies":[{"embeddable":true,"href":"https:\/\/noticiasribeiraopreto.com.br\/index.php\/wp-json\/wp\/v2\/comments?post=79113"}],"version-history":[{"count":0,"href":"https:\/\/noticiasribeiraopreto.com.br\/index.php\/wp-json\/wp\/v2\/posts\/79113\/revisions"}],"wp:featuredmedia":[{"embeddable":true,"href":"https:\/\/noticiasribeiraopreto.com.br\/index.php\/wp-json\/wp\/v2\/media\/79114"}],"wp:attachment":[{"href":"https:\/\/noticiasribeiraopreto.com.br\/index.php\/wp-json\/wp\/v2\/media?parent=79113"}],"wp:term":[{"taxonomy":"category","embeddable":true,"href":"https:\/\/noticiasribeiraopreto.com.br\/index.php\/wp-json\/wp\/v2\/categories?post=79113"},{"taxonomy":"post_tag","embeddable":true,"href":"https:\/\/noticiasribeiraopreto.com.br\/index.php\/wp-json\/wp\/v2\/tags?post=79113"}],"curies":[{"name":"wp","href":"https:\/\/api.w.org\/{rel}","templated":true}]}}