{"id":79115,"date":"2025-10-24T14:21:25","date_gmt":"2025-10-24T17:21:25","guid":{"rendered":"https:\/\/noticiasribeiraopreto.com.br\/index.php\/2025\/10\/24\/carro-dirigido-por-bigodini-atingiu-183-km-h-no-dia-em-que-se-envolveu-em-acidente\/"},"modified":"2025-10-24T14:21:25","modified_gmt":"2025-10-24T17:21:25","slug":"carro-dirigido-por-bigodini-atingiu-183-km-h-no-dia-em-que-se-envolveu-em-acidente","status":"publish","type":"post","link":"https:\/\/noticiasribeiraopreto.com.br\/index.php\/2025\/10\/24\/carro-dirigido-por-bigodini-atingiu-183-km-h-no-dia-em-que-se-envolveu-em-acidente\/","title":{"rendered":"Carro dirigido por Bigodini atingiu 183 km\/h no dia em que se envolveu em acidente"},"content":{"rendered":"<div class='code-block code-block-1' style='margin: 8px 0 8px auto; text-align: right; display: block; clear: both;'>\n<p><a href=\"https:\/\/wa.link\/vpicfd\"><img data-recalc-dims=\"1\" class=\"wp-image-4922\" style=\"aspect-ratio: 2.0253164556962027; width: 561px; height: auto;\" src=\"https:\/\/i0.wp.com\/ismaelcolosi.com.br\/wp-content\/uploads\/2023\/11\/grupo-de-empregos-whatsapp-e-facebook-ismael-colosi-vagas.jpg?ssl=1\" alt=\"\" \/><\/a><\/p>\n<!-- \/wp:image -->\n<\/div>\n<p> <br \/>\n<\/p>\n<div>\n<p>O carro dirigido pelo vereador<strong> Roger Ronan da Silva<\/strong>, o<strong> Bigodini (MDB)<\/strong>, chegou a atingir 183 km\/h na<strong> rodovia Anhanguera<\/strong>, em <strong>Ribeir\u00e3o Preto<\/strong>, no dia em que se envolveu no acidente na avenida do Caf\u00e9.<\/p>\n<p>Nesta sexta-feira (24), o delegado seccional Gustavo Andr\u00e9 Alves concluiu o inqu\u00e9rito do caso, que comprovou que era Bigodini quem dirigia o ve\u00edculo.<\/p>\n<p>\u201cV\u00e1rios registros pela cidade em alt\u00edssima velocidade. Expondo a risco a pr\u00f3pria integridade dele, em alguns momentos a integridade da Isabela, e l\u00f3gico a integridade de terceiros de forma geral\u201d, disse.<\/p>\n<p>O vereador foi indiciado pela pol\u00edcia nos crimes de embriaguez ao volante, falsidade ideol\u00f3gica e fraude processual.<\/p>\n<blockquote class=\"instagram-media\" data-instgrm-permalink=\"https:\/\/www.instagram.com\/reel\/DQMb_8djlwI\/?utm_source=ig_embed&amp;utm_campaign=loading\" data-instgrm-version=\"14\" style=\" background:#FFF; border:0; border-radius:3px; box-shadow:0 0 1px 0 rgba(0,0,0,0.5),0 1px 10px 0 rgba(0,0,0,0.15); margin: 1px; max-width:540px; min-width:326px; padding:0; width:99.375%; width:-webkit-calc(100% - 2px); width:calc(100% - 2px);\"\/>\n<h2 class=\"wp-block-heading\"><strong>Alta velocidade<\/strong><\/h2>\n<p>O delegado conta que a investiga\u00e7\u00e3o identificou in\u00fameros registros de velocidade excessiva do ve\u00edculo em vias da cidade, muito acima do permitido e regulamentado. Confira?<\/p>\n<p>01h32 \u2013 Av. Presidente Vargas, pr\u00f3ximo n\u00b0 3069 \u2013 velocidade de 113 km\/h<\/p>\n<p>01h52 \u2013 Av. Maurilio Biagi, pr\u00f3ximo ao n\u00b0 4424 \u2013 velocidade de 131 km\/h<\/p>\n<p>02h06 \u2013 Av. Brasil, pr\u00f3ximo ao n\u00b0 3073 \u2013 velocidade de 131 km\/h<\/p>\n<p>02h08 \u2013 Rodovia Anhanguera \u2013 velocidade de 165 km\/h<\/p>\n<p>03h19 \u2013 rodovia Anhanguera \u2013 velocidade de 183 km\/h<\/p>\n<p>03h57 \u2013 Av. Brasil, pr\u00f3ximo n\u00b0 1033 \u2013 velocidade de 133 km\/h<\/p>\n<p>04h29 \u2013 Rua Flor\u00eancio de Abreu, pr\u00f3ximo n\u00b0 780 \u2013 velocidade 72 km\/h<\/p>\n<p>04h30 \u2013 Av. Caf\u00e9, n.\u00b0 94 \u2013 velocidade de 66 km\/h (poss\u00edvel momento do acidente)<\/p>\n<figure class=\"wp-block-image size-large\"><img data-recalc-dims=\"1\" fetchpriority=\"high\" decoding=\"async\" width=\"1024\" height=\"587\" src=\"https:\/\/i0.wp.com\/cdn.media-acidadeon.com.br\/ribeiraopreto\/wp-content\/uploads\/sites\/3\/2025\/10\/bigodini_2025-10-24_13-50-23-1024x587.webp?resize=1024%2C587&#038;ssl=1\" alt=\"bigodini 2025 10 24 13 50 23\" class=\"wp-image-133391\" title=\"Carro dirigido por Bigodini atingiu 183 km\/h no dia em que se envolveu em acidente 1\" srcset=\"https:\/\/cdn.media-acidadeon.com.br\/ribeiraopreto\/wp-content\/uploads\/sites\/3\/2025\/10\/bigodini_2025-10-24_13-50-23-1024x587.webp 1024w, https:\/\/cdn.media-acidadeon.com.br\/ribeiraopreto\/wp-content\/uploads\/sites\/3\/2025\/10\/bigodini_2025-10-24_13-50-23-300x172.webp 300w, https:\/\/cdn.media-acidadeon.com.br\/ribeiraopreto\/wp-content\/uploads\/sites\/3\/2025\/10\/bigodini_2025-10-24_13-50-23-768x440.webp 768w, https:\/\/cdn.media-acidadeon.com.br\/ribeiraopreto\/wp-content\/uploads\/sites\/3\/2025\/10\/bigodini_2025-10-24_13-50-23-696x399.webp 696w, https:\/\/cdn.media-acidadeon.com.br\/ribeiraopreto\/wp-content\/uploads\/sites\/3\/2025\/10\/bigodini_2025-10-24_13-50-23-1068x612.webp 1068w, https:\/\/cdn.media-acidadeon.com.br\/ribeiraopreto\/wp-content\/uploads\/sites\/3\/2025\/10\/bigodini_2025-10-24_13-50-23.webp 1200w\" sizes=\"(max-width: 1024px) 100vw, 1024px\"\/><figcaption class=\"wp-element-caption\">Bigodini dirigiu em alta velocidade por vias de Ribeir\u00e3o Preto (Foto: divulga\u00e7\u00e3o\/Pol\u00edcia Civil)<\/figcaption><\/figure>\n<p>SAIB A MAIS<\/p>\n<p>Bigodini apresenta terceiro atestado m\u00e9dico e se afasta da C\u00e2mara de Ribeir\u00e3o Preto por mais 10 dias<\/p>\n<h3 class=\"wp-block-heading\"><strong>FIQUE ON<\/strong><\/h3>\n<p>Fique ligado em tudo que acontece em Ribeir\u00e3o Preto e regi\u00e3o. Siga os perfis do\u00a0<strong>acidade on\u00a0<\/strong>no\u00a0<a href=\"https:\/\/www.instagram.com\/acidadeonribeirao\" target=\"_blank\" rel=\"noreferrer noopener\">Instagram<\/a>\u00a0e no<a href=\"https:\/\/www.facebook.com\/acidadeonribeirao\/\" target=\"_blank\" rel=\"noreferrer noopener\">\u00a0Facebook<\/a>.<\/p>\n<p>Receba not\u00edcias do<strong>\u00a0acidade on<\/strong>\u00a0no WhatsApp. Para entrar no grupo,\u00a0basta\u00a0<a href=\"https:\/\/chat.whatsapp.com\/I4nieTEMKlf50pJ28aMemC?mode=ac_t\" target=\"_blank\" rel=\"noreferrer noopener\">clicar aqui<\/a>. Ou, acesse o nosso\u00a0Canal\u00a0<a href=\"https:\/\/whatsapp.com\/channel\/0029Vb6IQl1JENyAeS57fk2p\" target=\"_blank\" rel=\"noreferrer noopener\">clicando aqui<\/a>.<\/p>\n<p>Fa\u00e7a uma den\u00fancia ou sugira uma reportagem sobre Ribeir\u00e3o Preto e regi\u00e3o pelo WhatsApp: 16 99117 7802.<\/p>\n<p>VEJA TAMB\u00c9M<\/p>\n<p>O que aconteceu com a prima da Ana Castela?<\/p>\n<p><!-- AI CONTENT END 1 -->\n<\/div>\n<p><script async src=\"\/\/www.instagram.com\/embed.js\"><\/script><br \/>\n<br \/><br \/>\n<br \/><a href=\"https:\/\/www.acidadeon.com\/ribeiraopreto\/politica\/carro-dirigido-por-bigodini-atingiu-183-km-h-no-dia-em-que-se-envolveu-em-acidente\/\">Source link <\/a><\/p>\n<!-- CONTENT END 1 -->\n","protected":false},"excerpt":{"rendered":"<p>O carro dirigido pelo vereador Roger Ronan da Silva, o Bigodini (MDB), chegou a atingir 183 km\/h na rodovia Anhanguera, em Ribeir\u00e3o Preto, no dia&#8230;<\/p>\n","protected":false},"author":1,"featured_media":79116,"comment_status":"open","ping_status":"open","sticky":false,"template":"","format":"standard","meta":{"advanced_seo_description":"","jetpack_seo_html_title":"","jetpack_seo_noindex":false,"jetpack_post_was_ever_published":false,"_jetpack_newsletter_access":"","_jetpack_dont_email_post_to_subs":false,"_jetpack_newsletter_tier_id":0,"_jetpack_memberships_contains_paywalled_content":false,"_jetpack_memberships_contains_paid_content":false,"footnotes":"","jetpack_publicize_message":"","jetpack_publicize_feature_enabled":true,"jetpack_social_post_already_shared":true,"jetpack_social_options":{"image_generator_settings":{"template":"highway","default_image_id":0,"font":"","enabled":false},"version":2}},"categories":[11],"tags":[],"class_list":["post-79115","post","type-post","status-publish","format-standard","has-post-thumbnail","hentry","category-noticias-de-ribeirao-preto-sp-e-regiao-ismael-colosi"],"jetpack_publicize_connections":[],"jetpack_featured_media_url":"https:\/\/i0.wp.com\/noticiasribeiraopreto.com.br\/wp-content\/uploads\/2025\/10\/bigodini-cerveja_2025-10-24_13-49-24.webp.webp?fit=1200%2C674&ssl=1","jetpack-related-posts":[{"id":82442,"url":"https:\/\/noticiasribeiraopreto.com.br\/index.php\/2026\/02\/14\/justica-marca-data-de-julgamento-do-vereador-bigodini-que-esta-afastado\/","url_meta":{"origin":79115,"position":0},"title":"Justi\u00e7a marca data de julgamento do vereador Bigodini, que est\u00e1 afastado","author":"noticiasribeiraopreto.com.br","date":"14 de February de 2026","format":false,"excerpt":"A audi\u00eancia de instru\u00e7\u00e3o, debates e julgamento do vereador Roger Ronan da Silva, o Bigodini (MDB), foi marcada para o dia 29 de junho, \u00e0s 14h. A decis\u00e3o da ju\u00edza Carolina Moreira Gama, da 1\u00aa Vara Criminal de Ribeir\u00e3o Preto, foi publicada nesta sexta-feira (13). O parlamentar, que cumpre suspens\u00e3o\u2026","rel":"","context":"In &quot;Not\u00edcias de Ribeir\u00e3o Preto-SP e Regi\u00e3o&quot;","block_context":{"text":"Not\u00edcias de Ribeir\u00e3o Preto-SP e Regi\u00e3o","link":"https:\/\/noticiasribeiraopreto.com.br\/index.php\/category\/noticias-de-ribeirao-preto-sp-e-regiao-ismael-colosi\/"},"img":{"alt_text":"","src":"https:\/\/i0.wp.com\/noticiasribeiraopreto.com.br\/wp-content\/uploads\/2025\/10\/bigodini-cerveja_2025-10-24_13-49-24.webp.webp?fit=1200%2C674&ssl=1&resize=350%2C200","width":350,"height":200,"srcset":"https:\/\/i0.wp.com\/noticiasribeiraopreto.com.br\/wp-content\/uploads\/2025\/10\/bigodini-cerveja_2025-10-24_13-49-24.webp.webp?fit=1200%2C674&ssl=1&resize=350%2C200 1x, https:\/\/i0.wp.com\/noticiasribeiraopreto.com.br\/wp-content\/uploads\/2025\/10\/bigodini-cerveja_2025-10-24_13-49-24.webp.webp?fit=1200%2C674&ssl=1&resize=525%2C300 1.5x, https:\/\/i0.wp.com\/noticiasribeiraopreto.com.br\/wp-content\/uploads\/2025\/10\/bigodini-cerveja_2025-10-24_13-49-24.webp.webp?fit=1200%2C674&ssl=1&resize=700%2C400 2x, https:\/\/i0.wp.com\/noticiasribeiraopreto.com.br\/wp-content\/uploads\/2025\/10\/bigodini-cerveja_2025-10-24_13-49-24.webp.webp?fit=1200%2C674&ssl=1&resize=1050%2C600 3x"},"classes":[]},{"id":85068,"url":"https:\/\/noticiasribeiraopreto.com.br\/index.php\/2026\/04\/21\/bigodini-deve-voltar-em-20-dias\/","url_meta":{"origin":79115,"position":1},"title":"Bigodini deve voltar em 20 dias","author":"noticiasribeiraopreto.com.br","date":"21 de April de 2026","format":false,"excerpt":"Vereador foi indiciado criminalmente em novembro do ano passado por embriaguez ao volante, falsidade ideol\u00f3gica e fraude processual O gancho de seis meses \u2013 180 dias \u2013 que o Conselho de \u00c9tica e Decoro Parlamentar da C\u00e2mara de Ribeir\u00e3o Preto imp\u00f4s ao vereador Roger Ronan da Silva (MDB), o Bigodini,\u2026","rel":"","context":"In &quot;Not\u00edcias de Ribeir\u00e3o Preto-SP e Regi\u00e3o&quot;","block_context":{"text":"Not\u00edcias de Ribeir\u00e3o Preto-SP e Regi\u00e3o","link":"https:\/\/noticiasribeiraopreto.com.br\/index.php\/category\/noticias-de-ribeirao-preto-sp-e-regiao-ismael-colosi\/"},"img":{"alt_text":"","src":"https:\/\/i0.wp.com\/noticiasribeiraopreto.com.br\/wp-content\/uploads\/2026\/04\/Bigodini-Big-Max-Gallao-Mesquita-Arquivo-scaled.jpg?fit=1200%2C664&ssl=1&resize=350%2C200","width":350,"height":200,"srcset":"https:\/\/i0.wp.com\/noticiasribeiraopreto.com.br\/wp-content\/uploads\/2026\/04\/Bigodini-Big-Max-Gallao-Mesquita-Arquivo-scaled.jpg?fit=1200%2C664&ssl=1&resize=350%2C200 1x, https:\/\/i0.wp.com\/noticiasribeiraopreto.com.br\/wp-content\/uploads\/2026\/04\/Bigodini-Big-Max-Gallao-Mesquita-Arquivo-scaled.jpg?fit=1200%2C664&ssl=1&resize=525%2C300 1.5x, https:\/\/i0.wp.com\/noticiasribeiraopreto.com.br\/wp-content\/uploads\/2026\/04\/Bigodini-Big-Max-Gallao-Mesquita-Arquivo-scaled.jpg?fit=1200%2C664&ssl=1&resize=700%2C400 2x, https:\/\/i0.wp.com\/noticiasribeiraopreto.com.br\/wp-content\/uploads\/2026\/04\/Bigodini-Big-Max-Gallao-Mesquita-Arquivo-scaled.jpg?fit=1200%2C664&ssl=1&resize=1050%2C600 3x"},"classes":[]},{"id":78008,"url":"https:\/\/noticiasribeiraopreto.com.br\/index.php\/2025\/09\/30\/bigodini-tinha-medida-protetiva-contra-mulher-que-estava-com-ele-no-carro-e-que-se-envolveu-em-acidente\/","url_meta":{"origin":79115,"position":2},"title":"Bigodini tinha medida protetiva contra mulher que estava com ele no carro e que se envolveu em acidente","author":"noticiasribeiraopreto.com.br","date":"30 de September de 2025","format":false,"excerpt":"Nove dias antes de se envolver em um acidente de tr\u00e2nsito na avenida do Caf\u00e9, em Ribeir\u00e3o Preto, no \u00faltimo final de semana, o vereador Bigodini (MDB), havia registrado um boletim de ocorr\u00eancia contra a passageira que estava com ele no ve\u00edculo, Isabela de C\u00e1ssia de Andrade Faria. O documento,\u2026","rel":"","context":"In &quot;Not\u00edcias de Ribeir\u00e3o Preto-SP e Regi\u00e3o&quot;","block_context":{"text":"Not\u00edcias de Ribeir\u00e3o Preto-SP e Regi\u00e3o","link":"https:\/\/noticiasribeiraopreto.com.br\/index.php\/category\/noticias-de-ribeirao-preto-sp-e-regiao-ismael-colosi\/"},"img":{"alt_text":"","src":"https:\/\/i0.wp.com\/noticiasribeiraopreto.com.br\/wp-content\/uploads\/2025\/09\/Copia-de-Copia-de-Copia-de-TAMANHO-EXATO-PARA-FOTOS-NO-SISTEMA-NOVO-2025-09-30T145514.187_2025-09-30_17-55-30.webp.webp?fit=1200%2C675&ssl=1&resize=350%2C200","width":350,"height":200,"srcset":"https:\/\/i0.wp.com\/noticiasribeiraopreto.com.br\/wp-content\/uploads\/2025\/09\/Copia-de-Copia-de-Copia-de-TAMANHO-EXATO-PARA-FOTOS-NO-SISTEMA-NOVO-2025-09-30T145514.187_2025-09-30_17-55-30.webp.webp?fit=1200%2C675&ssl=1&resize=350%2C200 1x, https:\/\/i0.wp.com\/noticiasribeiraopreto.com.br\/wp-content\/uploads\/2025\/09\/Copia-de-Copia-de-Copia-de-TAMANHO-EXATO-PARA-FOTOS-NO-SISTEMA-NOVO-2025-09-30T145514.187_2025-09-30_17-55-30.webp.webp?fit=1200%2C675&ssl=1&resize=525%2C300 1.5x, https:\/\/i0.wp.com\/noticiasribeiraopreto.com.br\/wp-content\/uploads\/2025\/09\/Copia-de-Copia-de-Copia-de-TAMANHO-EXATO-PARA-FOTOS-NO-SISTEMA-NOVO-2025-09-30T145514.187_2025-09-30_17-55-30.webp.webp?fit=1200%2C675&ssl=1&resize=700%2C400 2x, https:\/\/i0.wp.com\/noticiasribeiraopreto.com.br\/wp-content\/uploads\/2025\/09\/Copia-de-Copia-de-Copia-de-TAMANHO-EXATO-PARA-FOTOS-NO-SISTEMA-NOVO-2025-09-30T145514.187_2025-09-30_17-55-30.webp.webp?fit=1200%2C675&ssl=1&resize=1050%2C600 3x"},"classes":[]},{"id":78280,"url":"https:\/\/noticiasribeiraopreto.com.br\/index.php\/2025\/10\/07\/processo-sobre-acidente-envolvendo-bigodini-passa-a-tramitar-na-1a-vara-criminal-de-ribeirao\/","url_meta":{"origin":79115,"position":3},"title":"Processo sobre acidente envolvendo Bigodini passa a tramitar na 1\u00aa Vara Criminal de Ribeir\u00e3o","author":"noticiasribeiraopreto.com.br","date":"7 de October de 2025","format":false,"excerpt":"O processo que apura o acidente envolvendo o vereador Roger Ronan da Silva (MDB), mais conhecido como Bigodini foi transferido do Juizado Especial C\u00edvel e Criminal para a 1\u00aa Vara Criminal de Ribeir\u00e3o Preto. De acordo com as informa\u00e7\u00f5es da EPTV, o caso agora est\u00e1 sob responsabilidade do juiz Guaracy\u2026","rel":"","context":"In &quot;Not\u00edcias de Ribeir\u00e3o Preto-SP e Regi\u00e3o&quot;","block_context":{"text":"Not\u00edcias de Ribeir\u00e3o Preto-SP e Regi\u00e3o","link":"https:\/\/noticiasribeiraopreto.com.br\/index.php\/category\/noticias-de-ribeirao-preto-sp-e-regiao-ismael-colosi\/"},"img":{"alt_text":"","src":"https:\/\/i0.wp.com\/noticiasribeiraopreto.com.br\/wp-content\/uploads\/2025\/09\/sessao_ordinaria_14052025_foto_thaisa_coroado-15_2025-09-29_21-55-34.webp.webp?fit=1200%2C800&ssl=1&resize=350%2C200","width":350,"height":200,"srcset":"https:\/\/i0.wp.com\/noticiasribeiraopreto.com.br\/wp-content\/uploads\/2025\/09\/sessao_ordinaria_14052025_foto_thaisa_coroado-15_2025-09-29_21-55-34.webp.webp?fit=1200%2C800&ssl=1&resize=350%2C200 1x, https:\/\/i0.wp.com\/noticiasribeiraopreto.com.br\/wp-content\/uploads\/2025\/09\/sessao_ordinaria_14052025_foto_thaisa_coroado-15_2025-09-29_21-55-34.webp.webp?fit=1200%2C800&ssl=1&resize=525%2C300 1.5x, https:\/\/i0.wp.com\/noticiasribeiraopreto.com.br\/wp-content\/uploads\/2025\/09\/sessao_ordinaria_14052025_foto_thaisa_coroado-15_2025-09-29_21-55-34.webp.webp?fit=1200%2C800&ssl=1&resize=700%2C400 2x, https:\/\/i0.wp.com\/noticiasribeiraopreto.com.br\/wp-content\/uploads\/2025\/09\/sessao_ordinaria_14052025_foto_thaisa_coroado-15_2025-09-29_21-55-34.webp.webp?fit=1200%2C800&ssl=1&resize=1050%2C600 3x"},"classes":[]},{"id":78897,"url":"https:\/\/noticiasribeiraopreto.com.br\/index.php\/2025\/10\/20\/bigodini-apresenta-terceiro-atestado-medico-e-se-afasta-da-camara-de-ribeirao-preto-por-mais-10-dias\/","url_meta":{"origin":79115,"position":4},"title":"Bigodini apresenta terceiro atestado m\u00e9dico e se afasta da C\u00e2mara de Ribeir\u00e3o Preto por mais 10 dias","author":"noticiasribeiraopreto.com.br","date":"20 de October de 2025","format":false,"excerpt":"O vereador Bigodini (MDB) apresentou o terceiro atestado m\u00e9dico consecutivo e ampliou seu afastamento da C\u00e2mara Municipal de Ribeir\u00e3o Preto por mais dez dias. O documento \u00e9 referente \u00e0 ansiedade generalizada, conforme confirmado pela assessoria do parlamentar. Nos afastamentos anteriores, Bigodini tamb\u00e9m apresentou atestados m\u00e9dicos, permanecendo ausente das sess\u00f5es e\u2026","rel":"","context":"In &quot;Not\u00edcias de Ribeir\u00e3o Preto-SP e Regi\u00e3o&quot;","block_context":{"text":"Not\u00edcias de Ribeir\u00e3o Preto-SP e Regi\u00e3o","link":"https:\/\/noticiasribeiraopreto.com.br\/index.php\/category\/noticias-de-ribeirao-preto-sp-e-regiao-ismael-colosi\/"},"img":{"alt_text":"","src":"https:\/\/i0.wp.com\/noticiasribeiraopreto.com.br\/wp-content\/uploads\/2025\/09\/bigodini_2025-09-30_13-54-26.webp.webp?fit=1200%2C838&ssl=1&resize=350%2C200","width":350,"height":200,"srcset":"https:\/\/i0.wp.com\/noticiasribeiraopreto.com.br\/wp-content\/uploads\/2025\/09\/bigodini_2025-09-30_13-54-26.webp.webp?fit=1200%2C838&ssl=1&resize=350%2C200 1x, https:\/\/i0.wp.com\/noticiasribeiraopreto.com.br\/wp-content\/uploads\/2025\/09\/bigodini_2025-09-30_13-54-26.webp.webp?fit=1200%2C838&ssl=1&resize=525%2C300 1.5x, https:\/\/i0.wp.com\/noticiasribeiraopreto.com.br\/wp-content\/uploads\/2025\/09\/bigodini_2025-09-30_13-54-26.webp.webp?fit=1200%2C838&ssl=1&resize=700%2C400 2x, https:\/\/i0.wp.com\/noticiasribeiraopreto.com.br\/wp-content\/uploads\/2025\/09\/bigodini_2025-09-30_13-54-26.webp.webp?fit=1200%2C838&ssl=1&resize=1050%2C600 3x"},"classes":[]},{"id":78056,"url":"https:\/\/noticiasribeiraopreto.com.br\/index.php\/2025\/10\/01\/namorada-tambem-fez-bo-por-violencia-domestica-contra-o-vereador-bigodini\/","url_meta":{"origin":79115,"position":5},"title":"Namorada tamb\u00e9m fez BO por viol\u00eancia dom\u00e9stica contra o vereador Bigodini","author":"noticiasribeiraopreto.com.br","date":"1 de October de 2025","format":false,"excerpt":"Al\u00e9m da medida protetiva solicitada por Roger Ronan da Silva, o Bigodini (MDB), contra a namorada, a companheira do parlamentar tamb\u00e9m registrou um BO (boletim de ocorr\u00eancia) por viol\u00eancia dom\u00e9stica denunciando o vereador de Ribeir\u00e3o Preto. O registro foi realizado por Isabela de C\u00e1ssia de Andrade Faria no dia 20\u2026","rel":"","context":"In &quot;Not\u00edcias de Ribeir\u00e3o Preto-SP e Regi\u00e3o&quot;","block_context":{"text":"Not\u00edcias de Ribeir\u00e3o Preto-SP e Regi\u00e3o","link":"https:\/\/noticiasribeiraopreto.com.br\/index.php\/category\/noticias-de-ribeirao-preto-sp-e-regiao-ismael-colosi\/"},"img":{"alt_text":"","src":"https:\/\/i0.wp.com\/noticiasribeiraopreto.com.br\/wp-content\/uploads\/2025\/10\/BIGODINI-NA-CAMARA_2025-10-01_15-45-17.webp.webp?fit=1200%2C800&ssl=1&resize=350%2C200","width":350,"height":200,"srcset":"https:\/\/i0.wp.com\/noticiasribeiraopreto.com.br\/wp-content\/uploads\/2025\/10\/BIGODINI-NA-CAMARA_2025-10-01_15-45-17.webp.webp?fit=1200%2C800&ssl=1&resize=350%2C200 1x, https:\/\/i0.wp.com\/noticiasribeiraopreto.com.br\/wp-content\/uploads\/2025\/10\/BIGODINI-NA-CAMARA_2025-10-01_15-45-17.webp.webp?fit=1200%2C800&ssl=1&resize=525%2C300 1.5x, https:\/\/i0.wp.com\/noticiasribeiraopreto.com.br\/wp-content\/uploads\/2025\/10\/BIGODINI-NA-CAMARA_2025-10-01_15-45-17.webp.webp?fit=1200%2C800&ssl=1&resize=700%2C400 2x, https:\/\/i0.wp.com\/noticiasribeiraopreto.com.br\/wp-content\/uploads\/2025\/10\/BIGODINI-NA-CAMARA_2025-10-01_15-45-17.webp.webp?fit=1200%2C800&ssl=1&resize=1050%2C600 3x"},"classes":[]}],"jetpack_sharing_enabled":true,"jetpack_shortlink":"https:\/\/wp.me\/peQAOb-kA3","_links":{"self":[{"href":"https:\/\/noticiasribeiraopreto.com.br\/index.php\/wp-json\/wp\/v2\/posts\/79115","targetHints":{"allow":["GET"]}}],"collection":[{"href":"https:\/\/noticiasribeiraopreto.com.br\/index.php\/wp-json\/wp\/v2\/posts"}],"about":[{"href":"https:\/\/noticiasribeiraopreto.com.br\/index.php\/wp-json\/wp\/v2\/types\/post"}],"author":[{"embeddable":true,"href":"https:\/\/noticiasribeiraopreto.com.br\/index.php\/wp-json\/wp\/v2\/users\/1"}],"replies":[{"embeddable":true,"href":"https:\/\/noticiasribeiraopreto.com.br\/index.php\/wp-json\/wp\/v2\/comments?post=79115"}],"version-history":[{"count":0,"href":"https:\/\/noticiasribeiraopreto.com.br\/index.php\/wp-json\/wp\/v2\/posts\/79115\/revisions"}],"wp:featuredmedia":[{"embeddable":true,"href":"https:\/\/noticiasribeiraopreto.com.br\/index.php\/wp-json\/wp\/v2\/media\/79116"}],"wp:attachment":[{"href":"https:\/\/noticiasribeiraopreto.com.br\/index.php\/wp-json\/wp\/v2\/media?parent=79115"}],"wp:term":[{"taxonomy":"category","embeddable":true,"href":"https:\/\/noticiasribeiraopreto.com.br\/index.php\/wp-json\/wp\/v2\/categories?post=79115"},{"taxonomy":"post_tag","embeddable":true,"href":"https:\/\/noticiasribeiraopreto.com.br\/index.php\/wp-json\/wp\/v2\/tags?post=79115"}],"curies":[{"name":"wp","href":"https:\/\/api.w.org\/{rel}","templated":true}]}}