{"id":79119,"date":"2025-10-24T17:05:07","date_gmt":"2025-10-24T20:05:07","guid":{"rendered":"https:\/\/noticiasribeiraopreto.com.br\/index.php\/2025\/10\/24\/fim-do-calor-defesa-civil-emite-alerta-para-chuvas-raios-e-ventos-intensos-em-ribeirao-preto\/"},"modified":"2025-10-24T17:05:07","modified_gmt":"2025-10-24T20:05:07","slug":"fim-do-calor-defesa-civil-emite-alerta-para-chuvas-raios-e-ventos-intensos-em-ribeirao-preto","status":"publish","type":"post","link":"https:\/\/noticiasribeiraopreto.com.br\/index.php\/2025\/10\/24\/fim-do-calor-defesa-civil-emite-alerta-para-chuvas-raios-e-ventos-intensos-em-ribeirao-preto\/","title":{"rendered":"Fim do calor? Defesa Civil emite alerta para chuvas, raios e ventos intensos em Ribeir\u00e3o Preto"},"content":{"rendered":"<div class='code-block code-block-1' style='margin: 8px 0 8px auto; text-align: right; display: block; clear: both;'>\n<p><a href=\"https:\/\/wa.link\/vpicfd\"><img data-recalc-dims=\"1\" class=\"wp-image-4922\" style=\"aspect-ratio: 2.0253164556962027; width: 561px; height: auto;\" src=\"https:\/\/i0.wp.com\/ismaelcolosi.com.br\/wp-content\/uploads\/2023\/11\/grupo-de-empregos-whatsapp-e-facebook-ismael-colosi-vagas.jpg?ssl=1\" alt=\"\" \/><\/a><\/p>\n<!-- \/wp:image -->\n<\/div>\n<p> <br \/>\n<\/p>\n<div data-td-block-uid=\"tdi_95\">\n<div class=\"tdb-block-inner td-fix-index\">\n<p>A<strong> Defesa Civil do Estado de S\u00e3o Paulo<\/strong> prev\u00ea o <strong>retorno das chuvas a Ribeir\u00e3o Preto e regi\u00e3o a partir da pr\u00f3xima segunda-feira (27)<\/strong>. O avan\u00e7o de uma frente fria deve mudar as condi\u00e7\u00f5es do tempo, trazendo <strong>pancadas de chuva<\/strong>, <strong>raios <\/strong>e <strong>ventos moderados a fortes no in\u00edcio da pr\u00f3xima semana.<\/strong><\/p>\n<h3 class=\"wp-block-heading\"><strong>Fim do calor?<\/strong><\/h3>\n<p>O per\u00edodo de calor e tempo seco, que predomina at\u00e9 domingo (26), <strong>mant\u00e9m a umidade relativa do ar abaixo de 30% em v\u00e1rias cidades do interior.<\/strong> Em Ribeir\u00e3o Preto, as <strong>temperaturas variam entre 15\u00b0C e 33\u00b0C neste fim de semana.<\/strong> <\/p>\n<p>A Defesa Civil alerta para o risco de<strong> inc\u00eandios florestais<\/strong> e <strong>orienta a popula\u00e7\u00e3o a manter a hidrata\u00e7\u00e3o<\/strong> e <strong>evitar atividades ao ar livre nos hor\u00e1rios mais quentes do dia.<\/strong><\/p>\n<p>Com a chegada da frente fria, a <strong>expectativa \u00e9 de pancadas de chuva localmente fortes entre segunda (27) e quarta-feira (29)<\/strong>. As precipita\u00e7\u00f5es devem ocorrer de <strong>forma irregular<\/strong>, com <strong>possibilidade de alagamentos pontuais<\/strong>, <strong>queda de galhos<\/strong> e <strong>ventos de intensidade moderada a forte.<\/strong><\/p>\n<figure class=\"wp-block-image size-large\"><img data-recalc-dims=\"1\" fetchpriority=\"high\" decoding=\"async\" width=\"1024\" height=\"576\" src=\"https:\/\/i0.wp.com\/cdn.media-acidadeon.com.br\/ribeiraopreto\/wp-content\/uploads\/sites\/3\/2025\/10\/Copia-de-Copia-de-Copia-de-TAMANHO-EXATO-PARA-FOTOS-NO-SISTEMA-NOVO-2025-10-24T153304.165_2025-10-24_18-33-44-1024x576.webp?resize=1024%2C576&#038;ssl=1\" alt=\"Copia de Copia de Copia de TAMANHO EXATO PARA FOTOS NO SISTEMA NOVO 2025 10 24T153304.165 2025 10 24 18 33 44\" class=\"wp-image-133437\" title=\"Fim do calor? Defesa Civil emite alerta para chuvas, raios e ventos intensos em Ribeir\u00e3o Preto 1\" srcset=\"https:\/\/cdn.media-acidadeon.com.br\/ribeiraopreto\/wp-content\/uploads\/sites\/3\/2025\/10\/Copia-de-Copia-de-Copia-de-TAMANHO-EXATO-PARA-FOTOS-NO-SISTEMA-NOVO-2025-10-24T153304.165_2025-10-24_18-33-44-1024x576.webp 1024w, https:\/\/cdn.media-acidadeon.com.br\/ribeiraopreto\/wp-content\/uploads\/sites\/3\/2025\/10\/Copia-de-Copia-de-Copia-de-TAMANHO-EXATO-PARA-FOTOS-NO-SISTEMA-NOVO-2025-10-24T153304.165_2025-10-24_18-33-44-300x169.webp 300w, https:\/\/cdn.media-acidadeon.com.br\/ribeiraopreto\/wp-content\/uploads\/sites\/3\/2025\/10\/Copia-de-Copia-de-Copia-de-TAMANHO-EXATO-PARA-FOTOS-NO-SISTEMA-NOVO-2025-10-24T153304.165_2025-10-24_18-33-44-768x432.webp 768w, https:\/\/cdn.media-acidadeon.com.br\/ribeiraopreto\/wp-content\/uploads\/sites\/3\/2025\/10\/Copia-de-Copia-de-Copia-de-TAMANHO-EXATO-PARA-FOTOS-NO-SISTEMA-NOVO-2025-10-24T153304.165_2025-10-24_18-33-44-696x392.webp 696w, https:\/\/cdn.media-acidadeon.com.br\/ribeiraopreto\/wp-content\/uploads\/sites\/3\/2025\/10\/Copia-de-Copia-de-Copia-de-TAMANHO-EXATO-PARA-FOTOS-NO-SISTEMA-NOVO-2025-10-24T153304.165_2025-10-24_18-33-44-1068x601.webp 1068w, https:\/\/cdn.media-acidadeon.com.br\/ribeiraopreto\/wp-content\/uploads\/sites\/3\/2025\/10\/Copia-de-Copia-de-Copia-de-TAMANHO-EXATO-PARA-FOTOS-NO-SISTEMA-NOVO-2025-10-24T153304.165_2025-10-24_18-33-44.webp 1200w\" sizes=\"(max-width: 1024px) 100vw, 1024px\"\/><\/figure>\n<p>Em Ribeir\u00e3o Preto, as<strong> m\u00e1ximas caem para 29\u00b0C durante o per\u00edodo de instabilidade.<\/strong> Na quinta-feira (30),<strong> uma massa de ar frio deve avan\u00e7ar sobre o estado<\/strong>, reduzindo ainda mais as temperaturas e encerrando a sequ\u00eancia de dias quentes e secos.<\/p>\n<hr class=\"wp-block-separator has-alpha-channel-opacity\"\/>\n<p>SAIBA MAIS<\/p>\n<p>Conhe\u00e7a a hist\u00f3ria do L\u00e9o, cachorro de Ribeir\u00e3o Preto que luta contra a hidrocefalia<\/p>\n<h3 class=\"wp-block-heading\"><strong>FIQUE ON<\/strong><\/h3>\n<p>Fique ligado em tudo que acontece em Ribeir\u00e3o Preto e regi\u00e3o. Siga os perfis do\u00a0<strong>acidade on\u00a0<\/strong>no\u00a0<a href=\"https:\/\/www.instagram.com\/acidadeonribeirao\" target=\"_blank\" rel=\"noreferrer noopener\">Instagram<\/a>\u00a0e no<a href=\"https:\/\/www.facebook.com\/acidadeonribeirao\/\" target=\"_blank\" rel=\"noreferrer noopener\">\u00a0Facebook<\/a>.<\/p>\n<p>Receba not\u00edcias do<strong>\u00a0acidade on<\/strong>\u00a0no WhatsApp. Para entrar no grupo,\u00a0basta\u00a0<a href=\"https:\/\/chat.whatsapp.com\/I4nieTEMKlf50pJ28aMemC?mode=ac_t\" target=\"_blank\" rel=\"noreferrer noopener\">clicar aqui<\/a>. Ou, acesse o nosso\u00a0Canal\u00a0<a href=\"https:\/\/whatsapp.com\/channel\/0029Vb6IQl1JENyAeS57fk2p\" target=\"_blank\" rel=\"noreferrer noopener\">clicando aqui<\/a>.<\/p>\n<p>Fa\u00e7a uma den\u00fancia ou sugira uma reportagem sobre Ribeir\u00e3o Preto e regi\u00e3o pelo WhatsApp: 16 99117 7802.<\/p>\n<p>VEJA TAMB\u00c9M<\/p>\n<p>O que aconteceu com a prima da Ana Castela?<\/p>\n<p><!-- AI CONTENT END 1 -->\n<\/div>\n<\/div>\n<p><script async src=\"\/\/www.instagram.com\/embed.js\"><\/script><br \/>\n<br \/><br \/>\n<br \/><a href=\"https:\/\/www.acidadeon.com\/ribeiraopreto\/cotidiano\/fim-do-calor-defesa-civil-emite-alerta-para-chuvas-raios-e-ventos-intensos-em-ribeirao-preto\/\">Source link <\/a><\/p>\n<!-- CONTENT END 1 -->\n","protected":false},"excerpt":{"rendered":"<p>A Defesa Civil do Estado de S\u00e3o Paulo prev\u00ea o retorno das chuvas a Ribeir\u00e3o Preto e regi\u00e3o a partir da pr\u00f3xima segunda-feira (27). O&#8230;<\/p>\n","protected":false},"author":1,"featured_media":76372,"comment_status":"open","ping_status":"open","sticky":false,"template":"","format":"standard","meta":{"advanced_seo_description":"","jetpack_seo_html_title":"","jetpack_seo_noindex":false,"jetpack_post_was_ever_published":false,"_jetpack_newsletter_access":"","_jetpack_dont_email_post_to_subs":false,"_jetpack_newsletter_tier_id":0,"_jetpack_memberships_contains_paywalled_content":false,"_jetpack_memberships_contains_paid_content":false,"footnotes":"","jetpack_publicize_message":"","jetpack_publicize_feature_enabled":true,"jetpack_social_post_already_shared":true,"jetpack_social_options":{"image_generator_settings":{"template":"highway","default_image_id":0,"font":"","enabled":false},"version":2}},"categories":[11],"tags":[],"class_list":["post-79119","post","type-post","status-publish","format-standard","has-post-thumbnail","hentry","category-noticias-de-ribeirao-preto-sp-e-regiao-ismael-colosi"],"jetpack_publicize_connections":[],"jetpack_featured_media_url":"https:\/\/i0.wp.com\/noticiasribeiraopreto.com.br\/wp-content\/uploads\/2025\/08\/CHUVA-RIBEIRAO-PRETO_2025-03-23_20-40-26_jpg_2025-03-23_20-40-26.webp.webp?fit=1030%2C644&ssl=1","jetpack-related-posts":[{"id":79151,"url":"https:\/\/noticiasribeiraopreto.com.br\/index.php\/2025\/10\/25\/inmet-emite-alerta-de-perigo-potencial-para-o-interior-de-sp-confira-regioes-afetadas\/","url_meta":{"origin":79119,"position":0},"title":"Inmet emite alerta de perigo potencial para o interior de SP; Confira regi\u00f5es afetadas","author":"noticiasribeiraopreto.com.br","date":"25 de October de 2025","format":false,"excerpt":"O Inmet (Instituto Nacional de Meteorologia) emitiu um novo alerta de perigo potencial para abaixa umidade do ar no interior de S\u00e3o Paulo neste s\u00e1bado (25). De acordo com o \u00f3rg\u00e3o, a umidade relativa do ar pode variar entre 20% e 30% em diferentes regi\u00f5es. Apesar de baixo, o Inmet\u2026","rel":"","context":"In &quot;Not\u00edcias de Ribeir\u00e3o Preto-SP e Regi\u00e3o&quot;","block_context":{"text":"Not\u00edcias de Ribeir\u00e3o Preto-SP e Regi\u00e3o","link":"https:\/\/noticiasribeiraopreto.com.br\/index.php\/category\/noticias-de-ribeirao-preto-sp-e-regiao-ismael-colosi\/"},"img":{"alt_text":"","src":"https:\/\/i0.wp.com\/noticiasribeiraopreto.com.br\/wp-content\/uploads\/2025\/10\/20230711_174150-scaled.jpg?fit=1200%2C540&ssl=1&resize=350%2C200","width":350,"height":200,"srcset":"https:\/\/i0.wp.com\/noticiasribeiraopreto.com.br\/wp-content\/uploads\/2025\/10\/20230711_174150-scaled.jpg?fit=1200%2C540&ssl=1&resize=350%2C200 1x, https:\/\/i0.wp.com\/noticiasribeiraopreto.com.br\/wp-content\/uploads\/2025\/10\/20230711_174150-scaled.jpg?fit=1200%2C540&ssl=1&resize=525%2C300 1.5x, https:\/\/i0.wp.com\/noticiasribeiraopreto.com.br\/wp-content\/uploads\/2025\/10\/20230711_174150-scaled.jpg?fit=1200%2C540&ssl=1&resize=700%2C400 2x, https:\/\/i0.wp.com\/noticiasribeiraopreto.com.br\/wp-content\/uploads\/2025\/10\/20230711_174150-scaled.jpg?fit=1200%2C540&ssl=1&resize=1050%2C600 3x"},"classes":[]},{"id":78504,"url":"https:\/\/noticiasribeiraopreto.com.br\/index.php\/2025\/10\/12\/domingo-de-calor-e-chuva-veja-a-previsao-do-tempo-para-ribeirao-preto\/","url_meta":{"origin":79119,"position":1},"title":"Domingo de calor e chuva? Veja a previs\u00e3o do tempo para Ribeir\u00e3o Preto","author":"noticiasribeiraopreto.com.br","date":"12 de October de 2025","format":false,"excerpt":"O domingo (12) em Ribeir\u00e3o Preto deve ser marcado pela varia\u00e7\u00e3o de nebulosidade e tempo inst\u00e1vel, segundo a Climatempo. A previs\u00e3o indica sol entre muitas nuvens pela manh\u00e3, com aumento de nuvens ao longo do dia e possibilidade de garoa durante a noite. As temperaturas devem variar entre 19\u00b0C e\u2026","rel":"","context":"In &quot;Not\u00edcias de Ribeir\u00e3o Preto-SP e Regi\u00e3o&quot;","block_context":{"text":"Not\u00edcias de Ribeir\u00e3o Preto-SP e Regi\u00e3o","link":"https:\/\/noticiasribeiraopreto.com.br\/index.php\/category\/noticias-de-ribeirao-preto-sp-e-regiao-ismael-colosi\/"},"img":{"alt_text":"","src":"https:\/\/i0.wp.com\/noticiasribeiraopreto.com.br\/wp-content\/uploads\/2025\/10\/WhatsApp-Image-2025-10-12-at-09.48.30_2025-10-12_12-48-40.webp.webp?fit=1200%2C900&ssl=1&resize=350%2C200","width":350,"height":200,"srcset":"https:\/\/i0.wp.com\/noticiasribeiraopreto.com.br\/wp-content\/uploads\/2025\/10\/WhatsApp-Image-2025-10-12-at-09.48.30_2025-10-12_12-48-40.webp.webp?fit=1200%2C900&ssl=1&resize=350%2C200 1x, https:\/\/i0.wp.com\/noticiasribeiraopreto.com.br\/wp-content\/uploads\/2025\/10\/WhatsApp-Image-2025-10-12-at-09.48.30_2025-10-12_12-48-40.webp.webp?fit=1200%2C900&ssl=1&resize=525%2C300 1.5x, https:\/\/i0.wp.com\/noticiasribeiraopreto.com.br\/wp-content\/uploads\/2025\/10\/WhatsApp-Image-2025-10-12-at-09.48.30_2025-10-12_12-48-40.webp.webp?fit=1200%2C900&ssl=1&resize=700%2C400 2x, https:\/\/i0.wp.com\/noticiasribeiraopreto.com.br\/wp-content\/uploads\/2025\/10\/WhatsApp-Image-2025-10-12-at-09.48.30_2025-10-12_12-48-40.webp.webp?fit=1200%2C900&ssl=1&resize=1050%2C600 3x"},"classes":[]},{"id":64603,"url":"https:\/\/noticiasribeiraopreto.com.br\/index.php\/2025\/03\/10\/ribeirao-preto-registra-chuva-com-ventos-fortes-defesa-civil-segue-em-alerta\/","url_meta":{"origin":79119,"position":2},"title":"Ribeir\u00e3o Preto registra chuva com ventos fortes; Defesa Civil segue em alerta","author":"noticiasribeiraopreto.com.br","date":"10 de March de 2025","format":false,"excerpt":"No come\u00e7o da tarde desta segunda-feira (10), alguns bairros de Ribeir\u00e3o Preto registraram chuva e ventos fortes. A frente fria, que era esperada na regi\u00e3o, perdeu for\u00e7a no domingo (9). No entanto, pancadas de chuva ainda podem ocorrer ao longo da semana. Veja v\u00eddeo: Na ter\u00e7a-feira (11), as condi\u00e7\u00f5es continuar\u00e3o\u2026","rel":"","context":"In &quot;Not\u00edcias de Ribeir\u00e3o Preto-SP e Regi\u00e3o&quot;","block_context":{"text":"Not\u00edcias de Ribeir\u00e3o Preto-SP e Regi\u00e3o","link":"https:\/\/noticiasribeiraopreto.com.br\/index.php\/category\/noticias-de-ribeirao-preto-sp-e-regiao-ismael-colosi\/"},"img":{"alt_text":"","src":"https:\/\/i0.wp.com\/noticiasribeiraopreto.com.br\/wp-content\/uploads\/2025\/03\/Imagem-do-WhatsApp-de-2025-03-10-as-14.55.26_1805280d_2025-03-10_17-56-39_jpg_2025-03-10_17-56-39.webp.webp?fit=1200%2C900&ssl=1&resize=350%2C200","width":350,"height":200,"srcset":"https:\/\/i0.wp.com\/noticiasribeiraopreto.com.br\/wp-content\/uploads\/2025\/03\/Imagem-do-WhatsApp-de-2025-03-10-as-14.55.26_1805280d_2025-03-10_17-56-39_jpg_2025-03-10_17-56-39.webp.webp?fit=1200%2C900&ssl=1&resize=350%2C200 1x, https:\/\/i0.wp.com\/noticiasribeiraopreto.com.br\/wp-content\/uploads\/2025\/03\/Imagem-do-WhatsApp-de-2025-03-10-as-14.55.26_1805280d_2025-03-10_17-56-39_jpg_2025-03-10_17-56-39.webp.webp?fit=1200%2C900&ssl=1&resize=525%2C300 1.5x, https:\/\/i0.wp.com\/noticiasribeiraopreto.com.br\/wp-content\/uploads\/2025\/03\/Imagem-do-WhatsApp-de-2025-03-10-as-14.55.26_1805280d_2025-03-10_17-56-39_jpg_2025-03-10_17-56-39.webp.webp?fit=1200%2C900&ssl=1&resize=700%2C400 2x, https:\/\/i0.wp.com\/noticiasribeiraopreto.com.br\/wp-content\/uploads\/2025\/03\/Imagem-do-WhatsApp-de-2025-03-10-as-14.55.26_1805280d_2025-03-10_17-56-39_jpg_2025-03-10_17-56-39.webp.webp?fit=1200%2C900&ssl=1&resize=1050%2C600 3x"},"classes":[]},{"id":2995,"url":"https:\/\/noticiasribeiraopreto.com.br\/index.php\/2023\/11\/16\/apos-calorao-tempestade-de-terra-atinge-ribeirao-preto-sp-veja-video\/","url_meta":{"origin":79119,"position":3},"title":"Ap\u00f3s calor\u00e3o, tempestade de terra atinge Ribeir\u00e3o Preto (SP); veja v\u00eddeo","author":"noticiasribeiraopreto.com.br","date":"16 de November de 2023","format":false,"excerpt":"Uma tempestade de terra tomou a cidade de Ribeir\u00e3o Preto, no interior de S\u00e3o Paulo, na tarde de quarta-feira (15). Imagens registradas por moradores mostram o c\u00e9u coberto de uma poeira avermelhada.Segundo a Defesa Civil do munic\u00edpio, as fortes rajadas de vento ocasionaram quedas de \u00e1rvores e a tempestade de\u2026","rel":"","context":"In &quot;Not\u00edcias de Ribeir\u00e3o Preto-SP e Regi\u00e3o&quot;","block_context":{"text":"Not\u00edcias de Ribeir\u00e3o Preto-SP e Regi\u00e3o","link":"https:\/\/noticiasribeiraopreto.com.br\/index.php\/category\/noticias-de-ribeirao-preto-sp-e-regiao-ismael-colosi\/"},"img":{"alt_text":"","src":"https:\/\/i0.wp.com\/noticiasribeiraopreto.com.br\/wp-content\/uploads\/2023\/11\/TEMPESTADE-AREIA.jpg?fit=1200%2C673&ssl=1&resize=350%2C200","width":350,"height":200,"srcset":"https:\/\/i0.wp.com\/noticiasribeiraopreto.com.br\/wp-content\/uploads\/2023\/11\/TEMPESTADE-AREIA.jpg?fit=1200%2C673&ssl=1&resize=350%2C200 1x, https:\/\/i0.wp.com\/noticiasribeiraopreto.com.br\/wp-content\/uploads\/2023\/11\/TEMPESTADE-AREIA.jpg?fit=1200%2C673&ssl=1&resize=525%2C300 1.5x, https:\/\/i0.wp.com\/noticiasribeiraopreto.com.br\/wp-content\/uploads\/2023\/11\/TEMPESTADE-AREIA.jpg?fit=1200%2C673&ssl=1&resize=700%2C400 2x, https:\/\/i0.wp.com\/noticiasribeiraopreto.com.br\/wp-content\/uploads\/2023\/11\/TEMPESTADE-AREIA.jpg?fit=1200%2C673&ssl=1&resize=1050%2C600 3x"},"classes":[]},{"id":2522,"url":"https:\/\/noticiasribeiraopreto.com.br\/index.php\/2023\/11\/15\/defesa-civil-do-estado-de-sp-emite-alerta-para-ventos-e-tempestades\/","url_meta":{"origin":79119,"position":4},"title":"Defesa Civil do Estado de SP emite alerta para ventos e tempestades","author":"noticiasribeiraopreto.com.br","date":"15 de November de 2023","format":false,"excerpt":"A Defesa Civil do Estado de S\u00e3o Paulo emitiu, na tarde desta quinta-feira (15), um alerta para a chegada de uma frente fria que deve provocar tempestades volumosas e ventos fortes. O alerta \u00e9 para o per\u00edodo entre a sexta-feira (17) e domingo (19) e prev\u00ea chuva intensa, que pode\u2026","rel":"","context":"In &quot;Not\u00edcias de Ribeir\u00e3o Preto-SP e Regi\u00e3o&quot;","block_context":{"text":"Not\u00edcias de Ribeir\u00e3o Preto-SP e Regi\u00e3o","link":"https:\/\/noticiasribeiraopreto.com.br\/index.php\/category\/noticias-de-ribeirao-preto-sp-e-regiao-ismael-colosi\/"},"img":{"alt_text":"","src":"https:\/\/i0.wp.com\/noticiasribeiraopreto.com.br\/wp-content\/uploads\/2023\/11\/WhatsApp-Image-2023-11-15-at-18.38.17.jpeg?fit=1200%2C709&ssl=1&resize=350%2C200","width":350,"height":200,"srcset":"https:\/\/i0.wp.com\/noticiasribeiraopreto.com.br\/wp-content\/uploads\/2023\/11\/WhatsApp-Image-2023-11-15-at-18.38.17.jpeg?fit=1200%2C709&ssl=1&resize=350%2C200 1x, https:\/\/i0.wp.com\/noticiasribeiraopreto.com.br\/wp-content\/uploads\/2023\/11\/WhatsApp-Image-2023-11-15-at-18.38.17.jpeg?fit=1200%2C709&ssl=1&resize=525%2C300 1.5x, https:\/\/i0.wp.com\/noticiasribeiraopreto.com.br\/wp-content\/uploads\/2023\/11\/WhatsApp-Image-2023-11-15-at-18.38.17.jpeg?fit=1200%2C709&ssl=1&resize=700%2C400 2x, https:\/\/i0.wp.com\/noticiasribeiraopreto.com.br\/wp-content\/uploads\/2023\/11\/WhatsApp-Image-2023-11-15-at-18.38.17.jpeg?fit=1200%2C709&ssl=1&resize=1050%2C600 3x"},"classes":[]},{"id":81755,"url":"https:\/\/noticiasribeiraopreto.com.br\/index.php\/2026\/01\/16\/calor-e-temporais-veja-previsao-do-tempo-para-ribeirao-preto-no-fim-de-semana\/","url_meta":{"origin":79119,"position":5},"title":"Calor e temporais: Veja previs\u00e3o do tempo para Ribeir\u00e3o Preto no fim de semana","author":"noticiasribeiraopreto.com.br","date":"16 de January de 2026","format":false,"excerpt":"O calor e a umidade, al\u00e9m de cavados meteorol\u00f3gicos favorecem a forma\u00e7\u00e3o de instabilidades nesta sexta-feira (16), na regi\u00e3o de Ribeir\u00e3o Preto. Segundo a Climatempo, h\u00e1 risco de temporais isolados no per\u00edodo da tarde e o tempo continua abafado. J\u00e1 entre a tarde e noite, as pancadas de chuva podem\u2026","rel":"","context":"In &quot;Not\u00edcias de Ribeir\u00e3o Preto-SP e Regi\u00e3o&quot;","block_context":{"text":"Not\u00edcias de Ribeir\u00e3o Preto-SP e Regi\u00e3o","link":"https:\/\/noticiasribeiraopreto.com.br\/index.php\/category\/noticias-de-ribeirao-preto-sp-e-regiao-ismael-colosi\/"},"img":{"alt_text":"","src":"https:\/\/i0.wp.com\/noticiasribeiraopreto.com.br\/wp-content\/uploads\/2026\/01\/WhatsApp-Image-2024-02-07-at-16.31.23.jpeg?fit=1200%2C540&ssl=1&resize=350%2C200","width":350,"height":200,"srcset":"https:\/\/i0.wp.com\/noticiasribeiraopreto.com.br\/wp-content\/uploads\/2026\/01\/WhatsApp-Image-2024-02-07-at-16.31.23.jpeg?fit=1200%2C540&ssl=1&resize=350%2C200 1x, https:\/\/i0.wp.com\/noticiasribeiraopreto.com.br\/wp-content\/uploads\/2026\/01\/WhatsApp-Image-2024-02-07-at-16.31.23.jpeg?fit=1200%2C540&ssl=1&resize=525%2C300 1.5x, https:\/\/i0.wp.com\/noticiasribeiraopreto.com.br\/wp-content\/uploads\/2026\/01\/WhatsApp-Image-2024-02-07-at-16.31.23.jpeg?fit=1200%2C540&ssl=1&resize=700%2C400 2x, https:\/\/i0.wp.com\/noticiasribeiraopreto.com.br\/wp-content\/uploads\/2026\/01\/WhatsApp-Image-2024-02-07-at-16.31.23.jpeg?fit=1200%2C540&ssl=1&resize=1050%2C600 3x"},"classes":[]}],"jetpack_sharing_enabled":true,"jetpack_shortlink":"https:\/\/wp.me\/peQAOb-kA7","_links":{"self":[{"href":"https:\/\/noticiasribeiraopreto.com.br\/index.php\/wp-json\/wp\/v2\/posts\/79119","targetHints":{"allow":["GET"]}}],"collection":[{"href":"https:\/\/noticiasribeiraopreto.com.br\/index.php\/wp-json\/wp\/v2\/posts"}],"about":[{"href":"https:\/\/noticiasribeiraopreto.com.br\/index.php\/wp-json\/wp\/v2\/types\/post"}],"author":[{"embeddable":true,"href":"https:\/\/noticiasribeiraopreto.com.br\/index.php\/wp-json\/wp\/v2\/users\/1"}],"replies":[{"embeddable":true,"href":"https:\/\/noticiasribeiraopreto.com.br\/index.php\/wp-json\/wp\/v2\/comments?post=79119"}],"version-history":[{"count":0,"href":"https:\/\/noticiasribeiraopreto.com.br\/index.php\/wp-json\/wp\/v2\/posts\/79119\/revisions"}],"wp:featuredmedia":[{"embeddable":true,"href":"https:\/\/noticiasribeiraopreto.com.br\/index.php\/wp-json\/wp\/v2\/media\/76372"}],"wp:attachment":[{"href":"https:\/\/noticiasribeiraopreto.com.br\/index.php\/wp-json\/wp\/v2\/media?parent=79119"}],"wp:term":[{"taxonomy":"category","embeddable":true,"href":"https:\/\/noticiasribeiraopreto.com.br\/index.php\/wp-json\/wp\/v2\/categories?post=79119"},{"taxonomy":"post_tag","embeddable":true,"href":"https:\/\/noticiasribeiraopreto.com.br\/index.php\/wp-json\/wp\/v2\/tags?post=79119"}],"curies":[{"name":"wp","href":"https:\/\/api.w.org\/{rel}","templated":true}]}}