{"id":79120,"date":"2025-10-24T17:13:09","date_gmt":"2025-10-24T20:13:09","guid":{"rendered":"https:\/\/noticiasribeiraopreto.com.br\/index.php\/2025\/10\/24\/conheca-a-historia-do-leo-cachorro-de-ribeirao-preto-que-luta-contra-a-hidrocefalia\/"},"modified":"2025-10-24T17:13:09","modified_gmt":"2025-10-24T20:13:09","slug":"conheca-a-historia-do-leo-cachorro-de-ribeirao-preto-que-luta-contra-a-hidrocefalia","status":"publish","type":"post","link":"https:\/\/noticiasribeiraopreto.com.br\/index.php\/2025\/10\/24\/conheca-a-historia-do-leo-cachorro-de-ribeirao-preto-que-luta-contra-a-hidrocefalia\/","title":{"rendered":"Conhe\u00e7a a hist\u00f3ria do L\u00e9o, cachorro de Ribeir\u00e3o Preto que luta contra a hidrocefalia"},"content":{"rendered":"<div class='code-block code-block-1' style='margin: 8px 0 8px auto; text-align: right; display: block; clear: both;'>\n<p><a href=\"https:\/\/wa.link\/vpicfd\"><img data-recalc-dims=\"1\" class=\"wp-image-4922\" style=\"aspect-ratio: 2.0253164556962027; width: 561px; height: auto;\" src=\"https:\/\/i0.wp.com\/ismaelcolosi.com.br\/wp-content\/uploads\/2023\/11\/grupo-de-empregos-whatsapp-e-facebook-ismael-colosi-vagas.jpg?ssl=1\" alt=\"\" \/><\/a><\/p>\n<!-- \/wp:image -->\n<\/div>\n<p> <br \/>\n<\/p>\n<div>\n<p>O pequeno L\u00e9o, um<strong> filhote de malt\u00eas resgatado em Ribeir\u00e3o Preto<\/strong>, <mark style=\"background-color:#fcb900\" class=\"has-inline-color\">nasceu em um canil e seria colocado \u00e0 venda<\/mark>, mas um diagn\u00f3stico de <strong>hidrocefalia<\/strong> mudou completamente seu destino. Por conta da doen\u00e7a, o criador abriu m\u00e3o do filhote, e a protetora independente <strong>Gabrielle<\/strong>, que atua h\u00e1 cerca de um ano no resgate de animais, decidiu acolh\u00ea-lo.<\/p>\n<h3 class=\"wp-block-heading\"><strong>O diagn\u00f3stico<\/strong><\/h3>\n<p>Assim que o resgatou, Gabrielle levou L\u00e9o a uma <strong>neurologista veterin\u00e1ria<\/strong>, que confirmou a gravidade do caso. Com ajuda de amigos e apoiadores, ela conseguiu uma consulta no <strong>Hospital Veterin\u00e1rio Bar\u00e3o de Mau\u00e1<\/strong>, onde os primeiros exames mostraram o ac\u00famulo de l\u00edquido na cabe\u00e7a do filhote. <\/p>\n<p>Como o hospital n\u00e3o realiza cirurgias neurol\u00f3gicas, o caso foi encaminhado para o <strong>Hospital Veterin\u00e1rio da Unesp de Jaboticabal<\/strong>, onde os especialistas informaram que L\u00e9o precisava de uma <strong>resson\u00e2ncia magn\u00e9tica<\/strong> para avaliar o grau da hidrocefalia e decidir se uma cirurgia seria poss\u00edvel. <strong>O exame foi realizado em Ribeir\u00e3o Preto ao custo de R$ 1.900<\/strong>. O valor foi arrecadado por meio de rifas, vendas de produtos e doa\u00e7\u00f5es.<\/p>\n<div class=\"wp-block-image\">\n<figure class=\"aligncenter size-large is-resized\"><img data-recalc-dims=\"1\" fetchpriority=\"high\" decoding=\"async\" width=\"1024\" height=\"1024\" src=\"https:\/\/i0.wp.com\/cdn.media-acidadeon.com.br\/ribeiraopreto\/wp-content\/uploads\/sites\/3\/2025\/10\/Imagem-do-WhatsApp-de-2025-10-24-as-14.22.00_7c830bba_2025-10-24_17-29-36-1024x1024.webp?resize=1024%2C1024&#038;ssl=1\" alt=\"l\u00e9o\" class=\"wp-image-133421\" style=\"width:662px;height:auto\" title=\"Conhe\u00e7a a hist\u00f3ria do L\u00e9o, cachorro de Ribeir\u00e3o Preto que luta contra a hidrocefalia 1\" srcset=\"https:\/\/cdn.media-acidadeon.com.br\/ribeiraopreto\/wp-content\/uploads\/sites\/3\/2025\/10\/Imagem-do-WhatsApp-de-2025-10-24-as-14.22.00_7c830bba_2025-10-24_17-29-36-1024x1024.webp 1024w, https:\/\/cdn.media-acidadeon.com.br\/ribeiraopreto\/wp-content\/uploads\/sites\/3\/2025\/10\/Imagem-do-WhatsApp-de-2025-10-24-as-14.22.00_7c830bba_2025-10-24_17-29-36-300x300.webp 300w, https:\/\/cdn.media-acidadeon.com.br\/ribeiraopreto\/wp-content\/uploads\/sites\/3\/2025\/10\/Imagem-do-WhatsApp-de-2025-10-24-as-14.22.00_7c830bba_2025-10-24_17-29-36-150x150.webp 150w, https:\/\/cdn.media-acidadeon.com.br\/ribeiraopreto\/wp-content\/uploads\/sites\/3\/2025\/10\/Imagem-do-WhatsApp-de-2025-10-24-as-14.22.00_7c830bba_2025-10-24_17-29-36-768x768.webp 768w, https:\/\/cdn.media-acidadeon.com.br\/ribeiraopreto\/wp-content\/uploads\/sites\/3\/2025\/10\/Imagem-do-WhatsApp-de-2025-10-24-as-14.22.00_7c830bba_2025-10-24_17-29-36-696x696.webp 696w, https:\/\/cdn.media-acidadeon.com.br\/ribeiraopreto\/wp-content\/uploads\/sites\/3\/2025\/10\/Imagem-do-WhatsApp-de-2025-10-24-as-14.22.00_7c830bba_2025-10-24_17-29-36-1068x1068.webp 1068w, https:\/\/cdn.media-acidadeon.com.br\/ribeiraopreto\/wp-content\/uploads\/sites\/3\/2025\/10\/Imagem-do-WhatsApp-de-2025-10-24-as-14.22.00_7c830bba_2025-10-24_17-29-36.webp 1080w\" sizes=\"(max-width: 1024px) 100vw, 1024px\"\/><figcaption class=\"wp-element-caption\">Campanha feita para ajudar o L\u00e9o \u2013 Foto: Redes sociais<\/figcaption><\/figure>\n<\/div>\n<p>O resultado confirmou a necessidade urgente de <strong>cirurgia para coloca\u00e7\u00e3o de uma v\u00e1lvula<\/strong>, que ajudar\u00e1 a drenar o l\u00edquido acumulado e controlar a doen\u00e7a. <\/p>\n<figure class=\"wp-block-gallery has-nested-images columns-default is-cropped wp-block-gallery-1 is-layout-flex wp-block-gallery-is-layout-flex\">\n<figure class=\"wp-block-image size-large\"><img data-recalc-dims=\"1\" loading=\"lazy\" decoding=\"async\" width=\"1024\" height=\"576\" data-id=\"133423\" src=\"https:\/\/i0.wp.com\/cdn.media-acidadeon.com.br\/ribeiraopreto\/wp-content\/uploads\/sites\/3\/2025\/10\/Copia-de-Copia-de-Copia-de-TAMANHO-EXATO-PARA-FOTOS-NO-SISTEMA-NOVO-2025-10-24T143215.998_2025-10-24_17-34-21-1024x576.webp?resize=1024%2C576&#038;ssl=1\" alt=\"laudo l\u00e9o&#10;\" class=\"wp-image-133423\" title=\"Conhe\u00e7a a hist\u00f3ria do L\u00e9o, cachorro de Ribeir\u00e3o Preto que luta contra a hidrocefalia 2\" srcset=\"https:\/\/cdn.media-acidadeon.com.br\/ribeiraopreto\/wp-content\/uploads\/sites\/3\/2025\/10\/Copia-de-Copia-de-Copia-de-TAMANHO-EXATO-PARA-FOTOS-NO-SISTEMA-NOVO-2025-10-24T143215.998_2025-10-24_17-34-21-1024x576.webp 1024w, https:\/\/cdn.media-acidadeon.com.br\/ribeiraopreto\/wp-content\/uploads\/sites\/3\/2025\/10\/Copia-de-Copia-de-Copia-de-TAMANHO-EXATO-PARA-FOTOS-NO-SISTEMA-NOVO-2025-10-24T143215.998_2025-10-24_17-34-21-300x169.webp 300w, https:\/\/cdn.media-acidadeon.com.br\/ribeiraopreto\/wp-content\/uploads\/sites\/3\/2025\/10\/Copia-de-Copia-de-Copia-de-TAMANHO-EXATO-PARA-FOTOS-NO-SISTEMA-NOVO-2025-10-24T143215.998_2025-10-24_17-34-21-768x432.webp 768w, https:\/\/cdn.media-acidadeon.com.br\/ribeiraopreto\/wp-content\/uploads\/sites\/3\/2025\/10\/Copia-de-Copia-de-Copia-de-TAMANHO-EXATO-PARA-FOTOS-NO-SISTEMA-NOVO-2025-10-24T143215.998_2025-10-24_17-34-21-696x392.webp 696w, https:\/\/cdn.media-acidadeon.com.br\/ribeiraopreto\/wp-content\/uploads\/sites\/3\/2025\/10\/Copia-de-Copia-de-Copia-de-TAMANHO-EXATO-PARA-FOTOS-NO-SISTEMA-NOVO-2025-10-24T143215.998_2025-10-24_17-34-21-1068x601.webp 1068w, https:\/\/cdn.media-acidadeon.com.br\/ribeiraopreto\/wp-content\/uploads\/sites\/3\/2025\/10\/Copia-de-Copia-de-Copia-de-TAMANHO-EXATO-PARA-FOTOS-NO-SISTEMA-NOVO-2025-10-24T143215.998_2025-10-24_17-34-21.webp 1200w\" sizes=\"auto, (max-width: 1024px) 100vw, 1024px\"\/><figcaption class=\"wp-element-caption\">Laudo da resson\u00e2ncia realizada no L\u00e9o \u2013 Foto: Arquivo pessoal<\/figcaption><\/figure>\n<figure class=\"wp-block-image size-large\"><img data-recalc-dims=\"1\" loading=\"lazy\" decoding=\"async\" width=\"1024\" height=\"576\" data-id=\"133424\" src=\"https:\/\/i0.wp.com\/cdn.media-acidadeon.com.br\/ribeiraopreto\/wp-content\/uploads\/sites\/3\/2025\/10\/Copia-de-Copia-de-Copia-de-TAMANHO-EXATO-PARA-FOTOS-NO-SISTEMA-NOVO-2025-10-24T143303.350_2025-10-24_17-34-21-1024x576.webp?resize=1024%2C576&#038;ssl=1\" alt=\"imagem l\u00e9o&#10;\" class=\"wp-image-133424\" title=\"Conhe\u00e7a a hist\u00f3ria do L\u00e9o, cachorro de Ribeir\u00e3o Preto que luta contra a hidrocefalia 3\" srcset=\"https:\/\/cdn.media-acidadeon.com.br\/ribeiraopreto\/wp-content\/uploads\/sites\/3\/2025\/10\/Copia-de-Copia-de-Copia-de-TAMANHO-EXATO-PARA-FOTOS-NO-SISTEMA-NOVO-2025-10-24T143303.350_2025-10-24_17-34-21-1024x576.webp 1024w, https:\/\/cdn.media-acidadeon.com.br\/ribeiraopreto\/wp-content\/uploads\/sites\/3\/2025\/10\/Copia-de-Copia-de-Copia-de-TAMANHO-EXATO-PARA-FOTOS-NO-SISTEMA-NOVO-2025-10-24T143303.350_2025-10-24_17-34-21-300x169.webp 300w, https:\/\/cdn.media-acidadeon.com.br\/ribeiraopreto\/wp-content\/uploads\/sites\/3\/2025\/10\/Copia-de-Copia-de-Copia-de-TAMANHO-EXATO-PARA-FOTOS-NO-SISTEMA-NOVO-2025-10-24T143303.350_2025-10-24_17-34-21-768x432.webp 768w, https:\/\/cdn.media-acidadeon.com.br\/ribeiraopreto\/wp-content\/uploads\/sites\/3\/2025\/10\/Copia-de-Copia-de-Copia-de-TAMANHO-EXATO-PARA-FOTOS-NO-SISTEMA-NOVO-2025-10-24T143303.350_2025-10-24_17-34-21-696x392.webp 696w, https:\/\/cdn.media-acidadeon.com.br\/ribeiraopreto\/wp-content\/uploads\/sites\/3\/2025\/10\/Copia-de-Copia-de-Copia-de-TAMANHO-EXATO-PARA-FOTOS-NO-SISTEMA-NOVO-2025-10-24T143303.350_2025-10-24_17-34-21-1068x601.webp 1068w, https:\/\/cdn.media-acidadeon.com.br\/ribeiraopreto\/wp-content\/uploads\/sites\/3\/2025\/10\/Copia-de-Copia-de-Copia-de-TAMANHO-EXATO-PARA-FOTOS-NO-SISTEMA-NOVO-2025-10-24T143303.350_2025-10-24_17-34-21.webp 1200w\" sizes=\"auto, (max-width: 1024px) 100vw, 1024px\"\/><figcaption class=\"wp-element-caption\">Resson\u00e2ncia realizada no L\u00e9o \u2013 Foto: Arquivo pessoal<\/figcaption><\/figure>\n<\/figure>\n<h3 class=\"wp-block-heading\"><strong>E agora?<\/strong><\/h3>\n<p>O procedimento custa cerca de <strong>R$ 2.500<\/strong>, al\u00e9m das despesas com interna\u00e7\u00e3o e medica\u00e7\u00e3o. Sem recursos, Gabrielle e volunt\u00e1rios agora pedem ajuda para custear o tratamento.<\/p>\n<figure class=\"wp-block-pullquote\">\n<blockquote>\n<p>Ele gira sem parar, como se fosse um pi\u00e3o, e tem crises convulsivas. Precisamos da cirurgia o quanto antes para dar uma chance de vida digna ao L\u00e9o<\/p>\n<p><cite> explica uma das volunt\u00e1rias emocionada com a luta do pequeno malt\u00eas<\/cite><\/p><\/blockquote>\n<\/figure>\n<p>Agora, Gabriele e os volunt\u00e1rios est\u00e3o realizando uma <strong>rifa solid\u00e1ria<\/strong> para arrecadar o valor necess\u00e1rio para a cirurgia. O pr\u00eamio \u00e9 um <strong>Pix no valor de R$ 200<\/strong>, e toda a renda ser\u00e1 destinada ao tratamento do L\u00e9o. A cirurgia precisa ser feita o mais r\u00e1pido poss\u00edvel para impedir a evolu\u00e7\u00e3o da doen\u00e7a.<\/p>\n<p>Quem quiser ajudar o L\u00e9o pode participar da rifa, fazer doa\u00e7\u00f5es ou compartilhar a campanha nas redes sociais.<\/p>\n<figure class=\"wp-block-gallery has-nested-images columns-default is-cropped wp-block-gallery-2 is-layout-flex wp-block-gallery-is-layout-flex\">\n<figure class=\"wp-block-image size-large\"><img data-recalc-dims=\"1\" loading=\"lazy\" decoding=\"async\" width=\"686\" height=\"1024\" data-id=\"133427\" src=\"https:\/\/i0.wp.com\/cdn.media-acidadeon.com.br\/ribeiraopreto\/wp-content\/uploads\/sites\/3\/2025\/10\/Imagem-do-WhatsApp-de-2025-10-24-as-14.20.55_e4b64e33_2025-10-24_17-41-23-686x1024.webp?resize=686%2C1024&#038;ssl=1\" alt=\"Imagem do WhatsApp de 2025 10 24 as 14.20.55 e4b64e33 2025 10 24 17 41 23\" class=\"wp-image-133427\" title=\"Conhe\u00e7a a hist\u00f3ria do L\u00e9o, cachorro de Ribeir\u00e3o Preto que luta contra a hidrocefalia 4\" srcset=\"https:\/\/cdn.media-acidadeon.com.br\/ribeiraopreto\/wp-content\/uploads\/sites\/3\/2025\/10\/Imagem-do-WhatsApp-de-2025-10-24-as-14.20.55_e4b64e33_2025-10-24_17-41-23-686x1024.webp 686w, https:\/\/cdn.media-acidadeon.com.br\/ribeiraopreto\/wp-content\/uploads\/sites\/3\/2025\/10\/Imagem-do-WhatsApp-de-2025-10-24-as-14.20.55_e4b64e33_2025-10-24_17-41-23-201x300.webp 201w, https:\/\/cdn.media-acidadeon.com.br\/ribeiraopreto\/wp-content\/uploads\/sites\/3\/2025\/10\/Imagem-do-WhatsApp-de-2025-10-24-as-14.20.55_e4b64e33_2025-10-24_17-41-23-696x1038.webp 696w, https:\/\/cdn.media-acidadeon.com.br\/ribeiraopreto\/wp-content\/uploads\/sites\/3\/2025\/10\/Imagem-do-WhatsApp-de-2025-10-24-as-14.20.55_e4b64e33_2025-10-24_17-41-23.webp 736w\" sizes=\"auto, (max-width: 686px) 100vw, 686px\"\/><\/figure>\n<figure class=\"wp-block-image size-large\"><img data-recalc-dims=\"1\" loading=\"lazy\" decoding=\"async\" width=\"691\" height=\"1024\" data-id=\"133426\" src=\"https:\/\/i0.wp.com\/cdn.media-acidadeon.com.br\/ribeiraopreto\/wp-content\/uploads\/sites\/3\/2025\/10\/Imagem-do-WhatsApp-de-2025-10-24-as-14.20.55_2a72a28e_2025-10-24_17-41-23-691x1024.webp?resize=691%2C1024&#038;ssl=1\" alt=\"Imagem do WhatsApp de 2025 10 24 as 14.20.55 2a72a28e 2025 10 24 17 41 23\" class=\"wp-image-133426\" title=\"Conhe\u00e7a a hist\u00f3ria do L\u00e9o, cachorro de Ribeir\u00e3o Preto que luta contra a hidrocefalia 5\" srcset=\"https:\/\/cdn.media-acidadeon.com.br\/ribeiraopreto\/wp-content\/uploads\/sites\/3\/2025\/10\/Imagem-do-WhatsApp-de-2025-10-24-as-14.20.55_2a72a28e_2025-10-24_17-41-23-691x1024.webp 691w, https:\/\/cdn.media-acidadeon.com.br\/ribeiraopreto\/wp-content\/uploads\/sites\/3\/2025\/10\/Imagem-do-WhatsApp-de-2025-10-24-as-14.20.55_2a72a28e_2025-10-24_17-41-23-202x300.webp 202w, https:\/\/cdn.media-acidadeon.com.br\/ribeiraopreto\/wp-content\/uploads\/sites\/3\/2025\/10\/Imagem-do-WhatsApp-de-2025-10-24-as-14.20.55_2a72a28e_2025-10-24_17-41-23-696x1032.webp 696w, https:\/\/cdn.media-acidadeon.com.br\/ribeiraopreto\/wp-content\/uploads\/sites\/3\/2025\/10\/Imagem-do-WhatsApp-de-2025-10-24-as-14.20.55_2a72a28e_2025-10-24_17-41-23.webp 736w\" sizes=\"auto, (max-width: 691px) 100vw, 691px\"\/><\/figure>\n<figure class=\"wp-block-image size-large\"><img data-recalc-dims=\"1\" loading=\"lazy\" decoding=\"async\" width=\"708\" height=\"1024\" data-id=\"133425\" src=\"https:\/\/i0.wp.com\/cdn.media-acidadeon.com.br\/ribeiraopreto\/wp-content\/uploads\/sites\/3\/2025\/10\/Imagem-do-WhatsApp-de-2025-10-24-as-14.20.54_55b9f9cd_2025-10-24_17-41-23-708x1024.webp?resize=708%2C1024&#038;ssl=1\" alt=\"Imagem do WhatsApp de 2025 10 24 as 14.20.54 55b9f9cd 2025 10 24 17 41 23\" class=\"wp-image-133425\" title=\"Conhe\u00e7a a hist\u00f3ria do L\u00e9o, cachorro de Ribeir\u00e3o Preto que luta contra a hidrocefalia 6\" srcset=\"https:\/\/cdn.media-acidadeon.com.br\/ribeiraopreto\/wp-content\/uploads\/sites\/3\/2025\/10\/Imagem-do-WhatsApp-de-2025-10-24-as-14.20.54_55b9f9cd_2025-10-24_17-41-23-708x1024.webp 708w, https:\/\/cdn.media-acidadeon.com.br\/ribeiraopreto\/wp-content\/uploads\/sites\/3\/2025\/10\/Imagem-do-WhatsApp-de-2025-10-24-as-14.20.54_55b9f9cd_2025-10-24_17-41-23-208x300.webp 208w, https:\/\/cdn.media-acidadeon.com.br\/ribeiraopreto\/wp-content\/uploads\/sites\/3\/2025\/10\/Imagem-do-WhatsApp-de-2025-10-24-as-14.20.54_55b9f9cd_2025-10-24_17-41-23-696x1006.webp 696w, https:\/\/cdn.media-acidadeon.com.br\/ribeiraopreto\/wp-content\/uploads\/sites\/3\/2025\/10\/Imagem-do-WhatsApp-de-2025-10-24-as-14.20.54_55b9f9cd_2025-10-24_17-41-23.webp 736w\" sizes=\"auto, (max-width: 708px) 100vw, 708px\"\/><\/figure>\n<\/figure>\n<hr class=\"wp-block-separator has-alpha-channel-opacity\"\/>\n<p>SAIBA MAIS<\/p>\n<p>Bigodini apresenta terceiro atestado m\u00e9dico e se afasta da C\u00e2mara de Ribeir\u00e3o Preto por mais 10 dias<\/p>\n<h3 class=\"wp-block-heading\"><strong>FIQUE ON<\/strong><\/h3>\n<p>Fique ligado em tudo que acontece em Ribeir\u00e3o Preto e regi\u00e3o. Siga os perfis do\u00a0<strong>acidade on\u00a0<\/strong>no\u00a0<a href=\"https:\/\/www.instagram.com\/acidadeonribeirao\" target=\"_blank\" rel=\"noreferrer noopener\">Instagram<\/a>\u00a0e no<a href=\"https:\/\/www.facebook.com\/acidadeonribeirao\/\" target=\"_blank\" rel=\"noreferrer noopener\">\u00a0Facebook<\/a>.<\/p>\n<p>Receba not\u00edcias do<strong>\u00a0acidade on<\/strong>\u00a0no WhatsApp. Para entrar no grupo,\u00a0basta\u00a0<a href=\"https:\/\/chat.whatsapp.com\/I4nieTEMKlf50pJ28aMemC?mode=ac_t\" target=\"_blank\" rel=\"noreferrer noopener\">clicar aqui<\/a>. Ou, acesse o nosso\u00a0Canal\u00a0<a href=\"https:\/\/whatsapp.com\/channel\/0029Vb6IQl1JENyAeS57fk2p\" target=\"_blank\" rel=\"noreferrer noopener\">clicando aqui<\/a>.<\/p>\n<p>Fa\u00e7a uma den\u00fancia ou sugira uma reportagem sobre Ribeir\u00e3o Preto e regi\u00e3o pelo WhatsApp: 16 99117 7802.<\/p>\n<p>VEJA TAMB\u00c9M<\/p>\n<p>O que aconteceu com a prima da Ana Castela?<\/p>\n<p><!-- AI CONTENT END 1 -->\n<\/div>\n<p><script async src=\"\/\/www.instagram.com\/embed.js\"><\/script><br \/>\n<br \/><br \/>\n<br \/><a href=\"https:\/\/www.acidadeon.com\/ribeiraopreto\/cotidiano\/conheca-a-historia-do-leo-cachorro-de-ribeirao-preto-que-luta-contra-a-hidrocefalia\/\">Source link <\/a><\/p>\n<!-- CONTENT END 1 -->\n","protected":false},"excerpt":{"rendered":"<p>O pequeno L\u00e9o, um filhote de malt\u00eas resgatado em Ribeir\u00e3o Preto, nasceu em um canil e seria colocado \u00e0 venda, mas um diagn\u00f3stico de hidrocefalia&#8230;<\/p>\n","protected":false},"author":1,"featured_media":79121,"comment_status":"open","ping_status":"open","sticky":false,"template":"","format":"standard","meta":{"advanced_seo_description":"","jetpack_seo_html_title":"","jetpack_seo_noindex":false,"jetpack_post_was_ever_published":false,"_jetpack_newsletter_access":"","_jetpack_dont_email_post_to_subs":false,"_jetpack_newsletter_tier_id":0,"_jetpack_memberships_contains_paywalled_content":false,"_jetpack_memberships_contains_paid_content":false,"footnotes":"","jetpack_publicize_message":"","jetpack_publicize_feature_enabled":true,"jetpack_social_post_already_shared":true,"jetpack_social_options":{"image_generator_settings":{"template":"highway","default_image_id":0,"font":"","enabled":false},"version":2}},"categories":[11],"tags":[],"class_list":["post-79120","post","type-post","status-publish","format-standard","has-post-thumbnail","hentry","category-noticias-de-ribeirao-preto-sp-e-regiao-ismael-colosi"],"jetpack_publicize_connections":[],"jetpack_featured_media_url":"https:\/\/i0.wp.com\/noticiasribeiraopreto.com.br\/wp-content\/uploads\/2025\/10\/Copia-de-Copia-de-Copia-de-TAMANHO-EXATO-PARA-FOTOS-NO-SISTEMA-NOVO-2025-10-24T142109.625_2025-10-24_17-43-27.webp.webp?fit=1200%2C675&ssl=1","jetpack-related-posts":[{"id":52595,"url":"https:\/\/noticiasribeiraopreto.com.br\/index.php\/2024\/06\/10\/fim-da-saga-filhote-de-gato-e-resgatado-em-ribeirao-preto-e-esta-disponivel-para-adocao\/","url_meta":{"origin":79120,"position":0},"title":"Fim da saga: Filhote de gato \u00e9 resgatado em Ribeir\u00e3o Preto e est\u00e1 dispon\u00edvel para ado\u00e7\u00e3o","author":"noticiasribeiraopreto.com.br","date":"10 de June de 2024","format":false,"excerpt":"O filhote de gato que ficou preso por uma semana em cima de \u00e1rvores com mais de dez metros de altura, no bairro Parque das Andorinhas, na zona Oeste de Ribeir\u00e3o Preto, foi resgatado neste domingo (9). Um volunt\u00e1rio foi quem fez o resgate. Segundo a veterin\u00e1ria, T\u00e2nia Mara Casalli,\u2026","rel":"","context":"In &quot;Not\u00edcias de Ribeir\u00e3o Preto-SP e Regi\u00e3o&quot;","block_context":{"text":"Not\u00edcias de Ribeir\u00e3o Preto-SP e Regi\u00e3o","link":"https:\/\/noticiasribeiraopreto.com.br\/index.php\/category\/noticias-de-ribeirao-preto-sp-e-regiao-ismael-colosi\/"},"img":{"alt_text":"","src":"https:\/\/i0.wp.com\/noticiasribeiraopreto.com.br\/wp-content\/uploads\/2024\/06\/Copia-de-Copia-de-TAMANHO-EXATO-PARA-FOTOS-NO-SISTEMA-NOVO-65_2024-06-06_00-48-46_png_2024-06-06_00-48-46.webp.webp?fit=1200%2C675&ssl=1&resize=350%2C200","width":350,"height":200,"srcset":"https:\/\/i0.wp.com\/noticiasribeiraopreto.com.br\/wp-content\/uploads\/2024\/06\/Copia-de-Copia-de-TAMANHO-EXATO-PARA-FOTOS-NO-SISTEMA-NOVO-65_2024-06-06_00-48-46_png_2024-06-06_00-48-46.webp.webp?fit=1200%2C675&ssl=1&resize=350%2C200 1x, https:\/\/i0.wp.com\/noticiasribeiraopreto.com.br\/wp-content\/uploads\/2024\/06\/Copia-de-Copia-de-TAMANHO-EXATO-PARA-FOTOS-NO-SISTEMA-NOVO-65_2024-06-06_00-48-46_png_2024-06-06_00-48-46.webp.webp?fit=1200%2C675&ssl=1&resize=525%2C300 1.5x, https:\/\/i0.wp.com\/noticiasribeiraopreto.com.br\/wp-content\/uploads\/2024\/06\/Copia-de-Copia-de-TAMANHO-EXATO-PARA-FOTOS-NO-SISTEMA-NOVO-65_2024-06-06_00-48-46_png_2024-06-06_00-48-46.webp.webp?fit=1200%2C675&ssl=1&resize=700%2C400 2x, https:\/\/i0.wp.com\/noticiasribeiraopreto.com.br\/wp-content\/uploads\/2024\/06\/Copia-de-Copia-de-TAMANHO-EXATO-PARA-FOTOS-NO-SISTEMA-NOVO-65_2024-06-06_00-48-46_png_2024-06-06_00-48-46.webp.webp?fit=1200%2C675&ssl=1&resize=1050%2C600 3x"},"classes":[]},{"id":81822,"url":"https:\/\/noticiasribeiraopreto.com.br\/index.php\/2026\/01\/27\/homem-e-preso-na-regiao-acusado-de-ter-arrastado-cachorra-prenha-ate-a-morte\/","url_meta":{"origin":79120,"position":1},"title":"Homem \u00e9 preso na regi\u00e3o acusado de ter arrastado cachorra prenha at\u00e9 a morte","author":"noticiasribeiraopreto.com.br","date":"27 de January de 2026","format":false,"excerpt":"\r Al\u00e9m da cachorra, os 10 filhotes que estavam sendo gestados tamb\u00e9m morreram na a\u00e7\u00e3o; homem foi preso em flagrante\r \r 26 de janeiro de 2026 11:4126 de janeiro de 2026 11:52 \r Compartilhar5 Por: Adalberto Luque \u2013 Um homem de 65 anos, foi preso em flagrante, ap\u00f3s ter arrastado\u2026","rel":"","context":"In &quot;Not\u00edcias de Ribeir\u00e3o Preto-SP e Regi\u00e3o&quot;","block_context":{"text":"Not\u00edcias de Ribeir\u00e3o Preto-SP e Regi\u00e3o","link":"https:\/\/noticiasribeiraopreto.com.br\/index.php\/category\/noticias-de-ribeirao-preto-sp-e-regiao-ismael-colosi\/"},"img":{"alt_text":"","src":"https:\/\/i0.wp.com\/noticiasribeiraopreto.com.br\/wp-content\/uploads\/2026\/01\/26-jan-2025-arrastoucachorra0-scaled.jpg?fit=1200%2C675&ssl=1&resize=350%2C200","width":350,"height":200,"srcset":"https:\/\/i0.wp.com\/noticiasribeiraopreto.com.br\/wp-content\/uploads\/2026\/01\/26-jan-2025-arrastoucachorra0-scaled.jpg?fit=1200%2C675&ssl=1&resize=350%2C200 1x, https:\/\/i0.wp.com\/noticiasribeiraopreto.com.br\/wp-content\/uploads\/2026\/01\/26-jan-2025-arrastoucachorra0-scaled.jpg?fit=1200%2C675&ssl=1&resize=525%2C300 1.5x, https:\/\/i0.wp.com\/noticiasribeiraopreto.com.br\/wp-content\/uploads\/2026\/01\/26-jan-2025-arrastoucachorra0-scaled.jpg?fit=1200%2C675&ssl=1&resize=700%2C400 2x, https:\/\/i0.wp.com\/noticiasribeiraopreto.com.br\/wp-content\/uploads\/2026\/01\/26-jan-2025-arrastoucachorra0-scaled.jpg?fit=1200%2C675&ssl=1&resize=1050%2C600 3x"},"classes":[]},{"id":52508,"url":"https:\/\/noticiasribeiraopreto.com.br\/index.php\/2024\/06\/08\/filhote-de-gato-reaparece-e-continua-preso-em-arvore-na-zona-oeste-de-ribeirao-veja-o-video\/","url_meta":{"origin":79120,"position":2},"title":"Filhote de gato reaparece e continua preso em \u00e1rvore na zona Oeste de Ribeir\u00e3o; Veja o v\u00eddeo","author":"noticiasribeiraopreto.com.br","date":"8 de June de 2024","format":false,"excerpt":"O filhote de gato, que estava desaparecido entre \u00e1rvores com mais de dez metros de altura desde quinta-feira (6), no bairro Parque das Andorinhas, na zona Oeste de Ribeir\u00e3o Preto, foi visto novamente na manh\u00e3 deste s\u00e1bado (8). Moradores da rua Cl\u00e1udio Protti, a um quarteir\u00e3o de onde foi visto\u2026","rel":"","context":"In &quot;Not\u00edcias de Ribeir\u00e3o Preto-SP e Regi\u00e3o&quot;","block_context":{"text":"Not\u00edcias de Ribeir\u00e3o Preto-SP e Regi\u00e3o","link":"https:\/\/noticiasribeiraopreto.com.br\/index.php\/category\/noticias-de-ribeirao-preto-sp-e-regiao-ismael-colosi\/"},"img":{"alt_text":"","src":"https:\/\/i0.wp.com\/noticiasribeiraopreto.com.br\/wp-content\/uploads\/2024\/06\/WhatsApp-Image-2024-06-08-at-12.38.47_2024-06-08_15-46-08_jpeg_2024-06-08_15-46-08.webp.webp?fit=1200%2C675&ssl=1&resize=350%2C200","width":350,"height":200,"srcset":"https:\/\/i0.wp.com\/noticiasribeiraopreto.com.br\/wp-content\/uploads\/2024\/06\/WhatsApp-Image-2024-06-08-at-12.38.47_2024-06-08_15-46-08_jpeg_2024-06-08_15-46-08.webp.webp?fit=1200%2C675&ssl=1&resize=350%2C200 1x, https:\/\/i0.wp.com\/noticiasribeiraopreto.com.br\/wp-content\/uploads\/2024\/06\/WhatsApp-Image-2024-06-08-at-12.38.47_2024-06-08_15-46-08_jpeg_2024-06-08_15-46-08.webp.webp?fit=1200%2C675&ssl=1&resize=525%2C300 1.5x, https:\/\/i0.wp.com\/noticiasribeiraopreto.com.br\/wp-content\/uploads\/2024\/06\/WhatsApp-Image-2024-06-08-at-12.38.47_2024-06-08_15-46-08_jpeg_2024-06-08_15-46-08.webp.webp?fit=1200%2C675&ssl=1&resize=700%2C400 2x, https:\/\/i0.wp.com\/noticiasribeiraopreto.com.br\/wp-content\/uploads\/2024\/06\/WhatsApp-Image-2024-06-08-at-12.38.47_2024-06-08_15-46-08_jpeg_2024-06-08_15-46-08.webp.webp?fit=1200%2C675&ssl=1&resize=1050%2C600 3x"},"classes":[]},{"id":58907,"url":"https:\/\/noticiasribeiraopreto.com.br\/index.php\/2024\/10\/09\/filhote-de-veado-resgatado-em-incendio-recebe-tratamento-no-bosque-de-ribeirao\/","url_meta":{"origin":79120,"position":3},"title":"Filhote de veado resgatado em inc\u00eandio recebe tratamento no Bosque de Ribeir\u00e3o","author":"noticiasribeiraopreto.com.br","date":"9 de October de 2024","format":false,"excerpt":"Um filhote de veado v\u00edtima das queimadas passa por reabilita\u00e7\u00e3o no Bosque Zool\u00f3gico F\u00e1bio Barreto, em Ribeir\u00e3o Preto. O animal foi encontrado por um morador em Ipu\u00e3, cidade a aproximadamente 100 quil\u00f4metros de Ribeir\u00e3o. O resgate foi realizado por uma equipe da Defesa Civil e, inicialmente, o filhote foi encaminhado\u2026","rel":"","context":"In &quot;Not\u00edcias de Ribeir\u00e3o Preto-SP e Regi\u00e3o&quot;","block_context":{"text":"Not\u00edcias de Ribeir\u00e3o Preto-SP e Regi\u00e3o","link":"https:\/\/noticiasribeiraopreto.com.br\/index.php\/category\/noticias-de-ribeirao-preto-sp-e-regiao-ismael-colosi\/"},"img":{"alt_text":"","src":"https:\/\/i0.wp.com\/noticiasribeiraopreto.com.br\/wp-content\/uploads\/2024\/10\/WhatsApp-Image-2024-10-09-at-08.44.25_2024-10-09_11-44-43_jpeg_2024-10-09_11-44-43.webp.webp?fit=679%2C354&ssl=1&resize=350%2C200","width":350,"height":200,"srcset":"https:\/\/i0.wp.com\/noticiasribeiraopreto.com.br\/wp-content\/uploads\/2024\/10\/WhatsApp-Image-2024-10-09-at-08.44.25_2024-10-09_11-44-43_jpeg_2024-10-09_11-44-43.webp.webp?fit=679%2C354&ssl=1&resize=350%2C200 1x, https:\/\/i0.wp.com\/noticiasribeiraopreto.com.br\/wp-content\/uploads\/2024\/10\/WhatsApp-Image-2024-10-09-at-08.44.25_2024-10-09_11-44-43_jpeg_2024-10-09_11-44-43.webp.webp?fit=679%2C354&ssl=1&resize=525%2C300 1.5x"},"classes":[]},{"id":53051,"url":"https:\/\/noticiasribeiraopreto.com.br\/index.php\/2024\/06\/15\/filhote-de-capivara-e-encontrado-em-portao-de-casa-na-zona-oeste-de-ribeirao-veja-video\/","url_meta":{"origin":79120,"position":4},"title":"Filhote de capivara \u00e9 encontrado em port\u00e3o de casa na zona Oeste de Ribeir\u00e3o; Veja v\u00eddeo","author":"noticiasribeiraopreto.com.br","date":"15 de June de 2024","format":false,"excerpt":"Um filhote de capivara foi encontrado no port\u00e3o de entrada de uma casa na manh\u00e3 deste s\u00e1bado (15), na Vila Tib\u00e9rio, zona Oeste de Ribeir\u00e3o Preto. Assista ao v\u00eddeo abaixo. A moradora Ivone Finassi contou que percebeu o animal ao abrir o port\u00e3o da garagem da resid\u00eancia, na rua Capit\u00e3o\u2026","rel":"","context":"In &quot;Not\u00edcias de Ribeir\u00e3o Preto-SP e Regi\u00e3o&quot;","block_context":{"text":"Not\u00edcias de Ribeir\u00e3o Preto-SP e Regi\u00e3o","link":"https:\/\/noticiasribeiraopreto.com.br\/index.php\/category\/noticias-de-ribeirao-preto-sp-e-regiao-ismael-colosi\/"},"img":{"alt_text":"","src":"https:\/\/i0.wp.com\/noticiasribeiraopreto.com.br\/wp-content\/uploads\/2024\/06\/CAPIVARA_2024-06-15_16-20-33_jpg_2024-06-15_16-20-33.webp.webp?fit=1200%2C904&ssl=1&resize=350%2C200","width":350,"height":200,"srcset":"https:\/\/i0.wp.com\/noticiasribeiraopreto.com.br\/wp-content\/uploads\/2024\/06\/CAPIVARA_2024-06-15_16-20-33_jpg_2024-06-15_16-20-33.webp.webp?fit=1200%2C904&ssl=1&resize=350%2C200 1x, https:\/\/i0.wp.com\/noticiasribeiraopreto.com.br\/wp-content\/uploads\/2024\/06\/CAPIVARA_2024-06-15_16-20-33_jpg_2024-06-15_16-20-33.webp.webp?fit=1200%2C904&ssl=1&resize=525%2C300 1.5x, https:\/\/i0.wp.com\/noticiasribeiraopreto.com.br\/wp-content\/uploads\/2024\/06\/CAPIVARA_2024-06-15_16-20-33_jpg_2024-06-15_16-20-33.webp.webp?fit=1200%2C904&ssl=1&resize=700%2C400 2x, https:\/\/i0.wp.com\/noticiasribeiraopreto.com.br\/wp-content\/uploads\/2024\/06\/CAPIVARA_2024-06-15_16-20-33_jpg_2024-06-15_16-20-33.webp.webp?fit=1200%2C904&ssl=1&resize=1050%2C600 3x"},"classes":[]},{"id":67652,"url":"https:\/\/noticiasribeiraopreto.com.br\/index.php\/2025\/04\/16\/centro-de-reabilitacao-em-ribeirao-preto-recebe-filhote-de-tamandua-resgatado-em-rodovia\/","url_meta":{"origin":79120,"position":5},"title":"Centro de Reabilita\u00e7\u00e3o em Ribeir\u00e3o Preto recebe filhote de tamandu\u00e1 resgatado em rodovia","author":"noticiasribeiraopreto.com.br","date":"16 de April de 2025","format":false,"excerpt":"O Centro de Reabilita\u00e7\u00e3o e Tratamento (Cetras) Morro do S\u00e3o Bento, em Ribeir\u00e3o Preto, recebeu uma filhote de tamandu\u00e1-mirim, encontrada pela Pol\u00edcia Ambiental em uma rodovia.\u00a0 O animal, que recebeu o nome de Taisa, \u00e9 mantido sob cuidados cl\u00ednicos e nutricionais desde o \u00faltimo dia 8 de abril. O nome\u2026","rel":"","context":"In &quot;Not\u00edcias de Ribeir\u00e3o Preto-SP e Regi\u00e3o&quot;","block_context":{"text":"Not\u00edcias de Ribeir\u00e3o Preto-SP e Regi\u00e3o","link":"https:\/\/noticiasribeiraopreto.com.br\/index.php\/category\/noticias-de-ribeirao-preto-sp-e-regiao-ismael-colosi\/"},"img":{"alt_text":"","src":"https:\/\/i0.wp.com\/noticiasribeiraopreto.com.br\/wp-content\/uploads\/2025\/04\/TAMANDUA-2_2025-04-16_21-15-53_jpg_2025-04-16_21-15-53.webp.webp?fit=1000%2C666&ssl=1&resize=350%2C200","width":350,"height":200,"srcset":"https:\/\/i0.wp.com\/noticiasribeiraopreto.com.br\/wp-content\/uploads\/2025\/04\/TAMANDUA-2_2025-04-16_21-15-53_jpg_2025-04-16_21-15-53.webp.webp?fit=1000%2C666&ssl=1&resize=350%2C200 1x, https:\/\/i0.wp.com\/noticiasribeiraopreto.com.br\/wp-content\/uploads\/2025\/04\/TAMANDUA-2_2025-04-16_21-15-53_jpg_2025-04-16_21-15-53.webp.webp?fit=1000%2C666&ssl=1&resize=525%2C300 1.5x, https:\/\/i0.wp.com\/noticiasribeiraopreto.com.br\/wp-content\/uploads\/2025\/04\/TAMANDUA-2_2025-04-16_21-15-53_jpg_2025-04-16_21-15-53.webp.webp?fit=1000%2C666&ssl=1&resize=700%2C400 2x"},"classes":[]}],"jetpack_sharing_enabled":true,"jetpack_shortlink":"https:\/\/wp.me\/peQAOb-kA8","_links":{"self":[{"href":"https:\/\/noticiasribeiraopreto.com.br\/index.php\/wp-json\/wp\/v2\/posts\/79120","targetHints":{"allow":["GET"]}}],"collection":[{"href":"https:\/\/noticiasribeiraopreto.com.br\/index.php\/wp-json\/wp\/v2\/posts"}],"about":[{"href":"https:\/\/noticiasribeiraopreto.com.br\/index.php\/wp-json\/wp\/v2\/types\/post"}],"author":[{"embeddable":true,"href":"https:\/\/noticiasribeiraopreto.com.br\/index.php\/wp-json\/wp\/v2\/users\/1"}],"replies":[{"embeddable":true,"href":"https:\/\/noticiasribeiraopreto.com.br\/index.php\/wp-json\/wp\/v2\/comments?post=79120"}],"version-history":[{"count":0,"href":"https:\/\/noticiasribeiraopreto.com.br\/index.php\/wp-json\/wp\/v2\/posts\/79120\/revisions"}],"wp:featuredmedia":[{"embeddable":true,"href":"https:\/\/noticiasribeiraopreto.com.br\/index.php\/wp-json\/wp\/v2\/media\/79121"}],"wp:attachment":[{"href":"https:\/\/noticiasribeiraopreto.com.br\/index.php\/wp-json\/wp\/v2\/media?parent=79120"}],"wp:term":[{"taxonomy":"category","embeddable":true,"href":"https:\/\/noticiasribeiraopreto.com.br\/index.php\/wp-json\/wp\/v2\/categories?post=79120"},{"taxonomy":"post_tag","embeddable":true,"href":"https:\/\/noticiasribeiraopreto.com.br\/index.php\/wp-json\/wp\/v2\/tags?post=79120"}],"curies":[{"name":"wp","href":"https:\/\/api.w.org\/{rel}","templated":true}]}}