{"id":79124,"date":"2025-10-24T17:27:59","date_gmt":"2025-10-24T20:27:59","guid":{"rendered":"https:\/\/noticiasribeiraopreto.com.br\/index.php\/2025\/10\/24\/miguel-nicolelis-fala-sobre-inteligencia-artificial-e-futuro-do-trabalho-em-palestra-no-theatro-pedro-ii-video\/"},"modified":"2025-10-24T17:27:59","modified_gmt":"2025-10-24T20:27:59","slug":"miguel-nicolelis-fala-sobre-inteligencia-artificial-e-futuro-do-trabalho-em-palestra-no-theatro-pedro-ii-video","status":"publish","type":"post","link":"https:\/\/noticiasribeiraopreto.com.br\/index.php\/2025\/10\/24\/miguel-nicolelis-fala-sobre-inteligencia-artificial-e-futuro-do-trabalho-em-palestra-no-theatro-pedro-ii-video\/","title":{"rendered":"Miguel Nicolelis fala sobre intelig\u00eancia artificial e futuro do trabalho em palestra no Theatro Pedro II; V\u00eddeo"},"content":{"rendered":"<div class='code-block code-block-1' style='margin: 8px 0 8px auto; text-align: right; display: block; clear: both;'>\n<p><a href=\"https:\/\/wa.link\/vpicfd\"><img data-recalc-dims=\"1\" class=\"wp-image-4922\" style=\"aspect-ratio: 2.0253164556962027; width: 561px; height: auto;\" src=\"https:\/\/i0.wp.com\/ismaelcolosi.com.br\/wp-content\/uploads\/2023\/11\/grupo-de-empregos-whatsapp-e-facebook-ismael-colosi-vagas.jpg?ssl=1\" alt=\"\" \/><\/a><\/p>\n<!-- \/wp:image -->\n<\/div>\n<p> <br \/>\n<\/p>\n<div data-td-block-uid=\"tdi_95\">\n<div class=\"tdb-block-inner td-fix-index\">\n<p>O neurocientista <strong>Miguel Nicolelis<\/strong> apresentou nesta quinta-feira (23), a palestra \u201cFronteiras da Intelig\u00eancia: Intelig\u00eancias Humanas e Intelig\u00eancias Artificiais \u2014 o futuro do trabalho e do aprendizado\u201d, no <strong>Theatro Pedro II<\/strong>, no Centro de <strong>Ribeir\u00e3o Preto<\/strong>.<\/p>\n<p>Em entrevista ao <strong>portal acidade on<\/strong>, o cientista contou um pouco sobre a sua <strong>vis\u00e3o sobre o jornalismo<\/strong> e a utiliza\u00e7\u00e3o de plataformas de Intelig\u00eancia Artificial \u2013 veja v\u00eddeo abaixo. <\/p>\n<blockquote class=\"tiktok-embed\" cite=\"https:\/\/www.tiktok.com\/@acidadeon\/video\/7564844409959812360\" data-video-id=\"7564844409959812360\" style=\"max-width: 605px;min-width: 325px;\">\n<section> <a target=\"_blank\" title=\"@acidadeon\" href=\"https:\/\/www.tiktok.com\/@acidadeon?refer=embed\" rel=\"noopener\">@acidadeon<\/a> \ud83e\udde0 O neurocientista Miguel Nicolelis apresentou nesta quinta-feira (23), a palestra \u201cFronteiras da Intelig\u00eancia: Intelig\u00eancias Humanas e Intelig\u00eancias Artificiais \u2014 o futuro do trabalho e do aprendizado\u201d, no Theatro Pedro II, no Centro de Ribeir\u00e3o Preto. \ud83c\udfa4 Em entrevista ao @acidadeonribeirao, o cientista contou um pouco sobre a sua vis\u00e3o sobre o jornalismo e a utiliza\u00e7\u00e3o de plataformas de Intelig\u00eancia Artifical.  \ud83d\udc49 Al\u00e9m do evento, Nicolelis tamb\u00e9m lan\u00e7ou, na \u00faltima quarta-feira (22), o livro \u201cR\u00e9 Volu\u00e7\u00e3o no Pa\u00eds do Carnaval\u201d, descrito por ele como um \u201cdesabafo\u201d escrito aos 16 anos, que reflete a vis\u00e3o de um adolescente angustiado com a realidade do Brasil e que encontrou, na escrita de uma s\u00e1tira, a \u00fanica forma de expressar suas inquieta\u00e7\u00f5es. \ud83d\udcda \ud83c\udf0e acidadeon.com\/ribeiraopreto \ud83c\udfa5 V\u00edtor Neves\/ acidade on <a title=\"acidadeon\" target=\"_blank\" href=\"https:\/\/www.tiktok.com\/tag\/acidadeon?refer=embed\" rel=\"noopener\">#acidadeon<\/a> <a title=\"fiqueon\" target=\"_blank\" href=\"https:\/\/www.tiktok.com\/tag\/fiqueon?refer=embed\" rel=\"noopener\">#fiqueon<\/a> <a title=\"ribeiraopreto\" target=\"_blank\" href=\"https:\/\/www.tiktok.com\/tag\/ribeiraopreto?refer=embed\" rel=\"noopener\">#ribeiraopreto<\/a> <a title=\"noticias\" target=\"_blank\" href=\"https:\/\/www.tiktok.com\/tag\/noticias?refer=embed\" rel=\"noopener\">#noticias<\/a> <a title=\"noticiastiktok\" target=\"_blank\" href=\"https:\/\/www.tiktok.com\/tag\/noticiastiktok?refer=embed\" rel=\"noopener\">#noticiastiktok<\/a> <a target=\"_blank\" title=\"\u266c som original - acidade on\" href=\"https:\/\/www.tiktok.com\/music\/som-original-7564844540193655568?refer=embed\" rel=\"noopener\">\u266c som original \u2013 acidade on<\/a> <\/section>\n<\/blockquote>\n<h2 class=\"wp-block-heading\"><strong>Novo livro<\/strong><\/h2>\n<p>Al\u00e9m do evento, <strong>Nicolelis <\/strong>tamb\u00e9m lan\u00e7ou, na \u00faltima quarta-feira (22), o livro \u201c<strong>R\u00e9 Volu\u00e7\u00e3o no Pa\u00eds do Carnaval<\/strong>\u201d, <mark style=\"background-color:#fcb900\" class=\"has-inline-color\">descrito por ele como um \u201cdesabafo\u201d escrito aos 16 anos, que reflete a vis\u00e3o de um adolescente angustiado com a realidade do Brasil e que encontrou, na escrita de uma s\u00e1tira, a \u00fanica forma de expressar suas inquieta\u00e7\u00f5es.<\/mark><\/p>\n<p>O evento foi realizado no Cineclube Cauim, na Rua Olavo Bilac, 135, Vila Seixas, em Ribeir\u00e3o Preto. Depois da sess\u00e3o de lan\u00e7amento, o <strong>neurocientista <\/strong>participou de um bate-papo sobre <strong>ci\u00eancia <\/strong>e <strong>cidadania<\/strong>.<\/p>\n<hr class=\"wp-block-separator has-alpha-channel-opacity\"\/>\n<p>SAIBA MAIS<\/p>\n<p>Feriado? Veja por que alguns servi\u00e7os ficar\u00e3o fechados no in\u00edcio da pr\u00f3xima semana<\/p>\n<h2 class=\"wp-block-heading\"><strong>FIQUE ON<\/strong><\/h2>\n<p>Fique ligado em tudo que acontece em Ribeir\u00e3o Preto e regi\u00e3o. Siga os perfis do\u00a0<strong>acidade on\u00a0<\/strong>no\u00a0<a href=\"https:\/\/www.instagram.com\/acidadeonribeirao\" target=\"_blank\" rel=\"noreferrer noopener\">Instagram<\/a>\u00a0e no<a href=\"https:\/\/www.facebook.com\/acidadeonribeirao\/\" target=\"_blank\" rel=\"noreferrer noopener\">\u00a0Facebook<\/a>.<\/p>\n<p>Receba not\u00edcias do<strong>\u00a0acidade on<\/strong>\u00a0no WhatsApp. Para entrar no grupo,\u00a0basta\u00a0<a href=\"https:\/\/chat.whatsapp.com\/I4nieTEMKlf50pJ28aMemC?mode=ac_t\" target=\"_blank\" rel=\"noreferrer noopener\">clicar aqui<\/a>. Ou, acesse o nosso\u00a0Canal\u00a0<a href=\"https:\/\/whatsapp.com\/channel\/0029Vb6IQl1JENyAeS57fk2p\" target=\"_blank\" rel=\"noreferrer noopener\">clicando aqui<\/a>.<\/p>\n<p>Fa\u00e7a uma den\u00fancia ou sugira uma reportagem sobre Ribeir\u00e3o Preto e regi\u00e3o pelo WhatsApp: 16 99117 7802.<\/p>\n<p>VEJA TAMB\u00c9M<\/p>\n<p>Quando estreia \u2018Garota Infernal 2\u2019?<\/p>\n<p><!-- AI CONTENT END 1 -->\n<\/div>\n<\/div>\n<p><script async src=\"\/\/www.instagram.com\/embed.js\"><\/script><script async src=\"\/\/www.tiktok.com\/embed.js\"><\/script><br \/>\n<br \/><br \/>\n<br \/><a href=\"https:\/\/www.acidadeon.com\/ribeiraopreto\/lazer-e-cultura\/miguel-nicolelis-fala-sobre-inteligencia-artificial-e-futuro-do-trabalho-em-palestra-no-theatro-pedro-ii-video\/\">Source link <\/a><\/p>\n<!-- CONTENT END 1 -->\n","protected":false},"excerpt":{"rendered":"<p>O neurocientista Miguel Nicolelis apresentou nesta quinta-feira (23), a palestra \u201cFronteiras da Intelig\u00eancia: Intelig\u00eancias Humanas e Intelig\u00eancias Artificiais \u2014 o futuro do trabalho e do&#8230;<\/p>\n","protected":false},"author":1,"featured_media":79125,"comment_status":"open","ping_status":"open","sticky":false,"template":"","format":"standard","meta":{"advanced_seo_description":"","jetpack_seo_html_title":"","jetpack_seo_noindex":false,"jetpack_post_was_ever_published":false,"_jetpack_newsletter_access":"","_jetpack_dont_email_post_to_subs":false,"_jetpack_newsletter_tier_id":0,"_jetpack_memberships_contains_paywalled_content":false,"_jetpack_memberships_contains_paid_content":false,"footnotes":"","jetpack_publicize_message":"","jetpack_publicize_feature_enabled":true,"jetpack_social_post_already_shared":true,"jetpack_social_options":{"image_generator_settings":{"template":"highway","default_image_id":0,"font":"","enabled":false},"version":2}},"categories":[11],"tags":[],"class_list":["post-79124","post","type-post","status-publish","format-standard","has-post-thumbnail","hentry","category-noticias-de-ribeirao-preto-sp-e-regiao-ismael-colosi"],"jetpack_publicize_connections":[],"jetpack_featured_media_url":"https:\/\/i0.wp.com\/noticiasribeiraopreto.com.br\/wp-content\/uploads\/2025\/10\/Copia-de-Copia-de-Copia-de-TAMANHO-EXATO-PARA-FOTOS-NO-SISTEMA-NOVO-2025-10-24T143022.487_2025-10-24_17-31-06.webp.webp?fit=1200%2C675&ssl=1","jetpack-related-posts":[{"id":78060,"url":"https:\/\/noticiasribeiraopreto.com.br\/index.php\/2025\/10\/01\/theatro-pedro-ii-recebe-shows-de-odair-jose-e-wanderlea-confira\/","url_meta":{"origin":79124,"position":0},"title":"Theatro Pedro II recebe shows de Odair Jos\u00e9 e Wanderl\u00e9a; Confira","author":"noticiasribeiraopreto.com.br","date":"1 de October de 2025","format":false,"excerpt":"O\u00a0Theatro Pedro II, em\u00a0Ribeir\u00e3o Preto, recebe dois grandes nomes da m\u00fasica brasileira. Odair Jos\u00e9\u00a0se apresenta nesta quarta-feira (1\u00ba)\u00a0e\u00a0Wanderl\u00e9a\u00a0sobe ao palco na quinta-feira (2) \u2013 ambas apresenta\u00e7\u00f5es acontecem \u00e0s\u00a020h. Os ingressos ainda est\u00e3o dispon\u00edveis, no site do\u00a0Sesc Ribeir\u00e3o Preto (clique aqui), com valores entre\u00a0R$ 18 e R$ 60. O Theatro Pedro\u2026","rel":"","context":"In &quot;Not\u00edcias de Ribeir\u00e3o Preto-SP e Regi\u00e3o&quot;","block_context":{"text":"Not\u00edcias de Ribeir\u00e3o Preto-SP e Regi\u00e3o","link":"https:\/\/noticiasribeiraopreto.com.br\/index.php\/category\/noticias-de-ribeirao-preto-sp-e-regiao-ismael-colosi\/"},"img":{"alt_text":"","src":"https:\/\/i0.wp.com\/noticiasribeiraopreto.com.br\/wp-content\/uploads\/2025\/09\/agenda-2_2025-09-13_15-46-55.webp.webp?fit=1200%2C675&ssl=1&resize=350%2C200","width":350,"height":200,"srcset":"https:\/\/i0.wp.com\/noticiasribeiraopreto.com.br\/wp-content\/uploads\/2025\/09\/agenda-2_2025-09-13_15-46-55.webp.webp?fit=1200%2C675&ssl=1&resize=350%2C200 1x, https:\/\/i0.wp.com\/noticiasribeiraopreto.com.br\/wp-content\/uploads\/2025\/09\/agenda-2_2025-09-13_15-46-55.webp.webp?fit=1200%2C675&ssl=1&resize=525%2C300 1.5x, https:\/\/i0.wp.com\/noticiasribeiraopreto.com.br\/wp-content\/uploads\/2025\/09\/agenda-2_2025-09-13_15-46-55.webp.webp?fit=1200%2C675&ssl=1&resize=700%2C400 2x, https:\/\/i0.wp.com\/noticiasribeiraopreto.com.br\/wp-content\/uploads\/2025\/09\/agenda-2_2025-09-13_15-46-55.webp.webp?fit=1200%2C675&ssl=1&resize=1050%2C600 3x"},"classes":[]},{"id":40284,"url":"https:\/\/noticiasribeiraopreto.com.br\/index.php\/2024\/03\/02\/ferramenta-de-inteligencia-artificial-substitui-tradutor\/","url_meta":{"origin":79124,"position":1},"title":"Ferramenta de intelig\u00eancia artificial substitui tradutor","author":"noticiasribeiraopreto.com.br","date":"2 de March de 2024","format":false,"excerpt":"Rapidamente, a ferramente de Intelig\u00eancia Artificial baseada em nuvem traduz palestras e reuni\u00f5es em diversos idiomas O Aivia, um tradutor simult\u00e2neo que usa a Intelig\u00eancia Artificial para fazer o trabalho de int\u00e9rpretes, est\u00e1 chegando ao Brasil nesse ano. Nesse final de semana, a ferramenta de IA criada pela startup Interprefy,\u2026","rel":"","context":"In &quot;Blog&quot;","block_context":{"text":"Blog","link":"https:\/\/noticiasribeiraopreto.com.br\/index.php\/category\/blog\/"},"img":{"alt_text":"","src":"https:\/\/i0.wp.com\/noticiasribeiraopreto.com.br\/wp-content\/uploads\/2024\/03\/tech-inteligencia-artificial-1024x683.jpg?fit=1024%2C683&ssl=1&resize=350%2C200","width":350,"height":200,"srcset":"https:\/\/i0.wp.com\/noticiasribeiraopreto.com.br\/wp-content\/uploads\/2024\/03\/tech-inteligencia-artificial-1024x683.jpg?fit=1024%2C683&ssl=1&resize=350%2C200 1x, https:\/\/i0.wp.com\/noticiasribeiraopreto.com.br\/wp-content\/uploads\/2024\/03\/tech-inteligencia-artificial-1024x683.jpg?fit=1024%2C683&ssl=1&resize=525%2C300 1.5x, https:\/\/i0.wp.com\/noticiasribeiraopreto.com.br\/wp-content\/uploads\/2024\/03\/tech-inteligencia-artificial-1024x683.jpg?fit=1024%2C683&ssl=1&resize=700%2C400 2x"},"classes":[]},{"id":48205,"url":"https:\/\/noticiasribeiraopreto.com.br\/index.php\/2024\/05\/01\/drones-e-inteligencia-artificial-ganham-destaque-na-agrishow\/","url_meta":{"origin":79124,"position":2},"title":"Drones e intelig\u00eancia artificial ganham destaque na Agrishow","author":"noticiasribeiraopreto.com.br","date":"1 de May de 2024","format":false,"excerpt":"Um dos principais destaques da Agrishow 2024, que acontece em Ribeir\u00e3o Preto at\u00e9 a pr\u00f3xima sexta-feira (3), s\u00e3o os drones. E, neste ano, o equipamento ganhou a companhia da intelig\u00eancia artificial e de ferramentas para ajudar o produtor rural no trabalho do campo. Os drones podem ser utilizados para pulveriza\u00e7\u00e3o\u2026","rel":"","context":"In &quot;Not\u00edcias de Ribeir\u00e3o Preto-SP e Regi\u00e3o&quot;","block_context":{"text":"Not\u00edcias de Ribeir\u00e3o Preto-SP e Regi\u00e3o","link":"https:\/\/noticiasribeiraopreto.com.br\/index.php\/category\/noticias-de-ribeirao-preto-sp-e-regiao-ismael-colosi\/"},"img":{"alt_text":"","src":"https:\/\/i0.wp.com\/noticiasribeiraopreto.com.br\/wp-content\/uploads\/2024\/05\/AnyConv.com__drone.webp.webp?fit=1200%2C676&ssl=1&resize=350%2C200","width":350,"height":200,"srcset":"https:\/\/i0.wp.com\/noticiasribeiraopreto.com.br\/wp-content\/uploads\/2024\/05\/AnyConv.com__drone.webp.webp?fit=1200%2C676&ssl=1&resize=350%2C200 1x, https:\/\/i0.wp.com\/noticiasribeiraopreto.com.br\/wp-content\/uploads\/2024\/05\/AnyConv.com__drone.webp.webp?fit=1200%2C676&ssl=1&resize=525%2C300 1.5x, https:\/\/i0.wp.com\/noticiasribeiraopreto.com.br\/wp-content\/uploads\/2024\/05\/AnyConv.com__drone.webp.webp?fit=1200%2C676&ssl=1&resize=700%2C400 2x, https:\/\/i0.wp.com\/noticiasribeiraopreto.com.br\/wp-content\/uploads\/2024\/05\/AnyConv.com__drone.webp.webp?fit=1200%2C676&ssl=1&resize=1050%2C600 3x"},"classes":[]},{"id":63899,"url":"https:\/\/noticiasribeiraopreto.com.br\/index.php\/2025\/02\/25\/exposicao-em-ribeirao-preto-promove-debate-sobre-o-uso-da-inteligencia-artificial\/","url_meta":{"origin":79124,"position":3},"title":"Exposi\u00e7\u00e3o em Ribeir\u00e3o Preto promove debate sobre o uso da intelig\u00eancia artificial","author":"noticiasribeiraopreto.com.br","date":"25 de February de 2025","format":false,"excerpt":"Nesta ter\u00e7a-feira (25), estreia a exposi\u00e7\u00e3o \u201cCarnaval IA?\u201d, no Novo Shopping, em Ribeir\u00e3o Preto. A mostra promove um debate sobre o uso da IA, reunindo fotos de fot\u00f3grafos e imagens geradas por intelig\u00eancia artificial com tem\u00e1ticas carnavalescas. A inten\u00e7\u00e3o \u00e9 levantar uma conversa sobre o uso da ferramenta, que vem\u2026","rel":"","context":"In &quot;Not\u00edcias de Ribeir\u00e3o Preto-SP e Regi\u00e3o&quot;","block_context":{"text":"Not\u00edcias de Ribeir\u00e3o Preto-SP e Regi\u00e3o","link":"https:\/\/noticiasribeiraopreto.com.br\/index.php\/category\/noticias-de-ribeirao-preto-sp-e-regiao-ismael-colosi\/"},"img":{"alt_text":"","src":"https:\/\/i0.wp.com\/noticiasribeiraopreto.com.br\/wp-content\/uploads\/2025\/02\/a74be759-ff20-4d04-aa98-03ea65805805_2025-02-25_13-04-46_jpg_2025-02-25_13-04-47.webp.webp?fit=1200%2C806&ssl=1&resize=350%2C200","width":350,"height":200,"srcset":"https:\/\/i0.wp.com\/noticiasribeiraopreto.com.br\/wp-content\/uploads\/2025\/02\/a74be759-ff20-4d04-aa98-03ea65805805_2025-02-25_13-04-46_jpg_2025-02-25_13-04-47.webp.webp?fit=1200%2C806&ssl=1&resize=350%2C200 1x, https:\/\/i0.wp.com\/noticiasribeiraopreto.com.br\/wp-content\/uploads\/2025\/02\/a74be759-ff20-4d04-aa98-03ea65805805_2025-02-25_13-04-46_jpg_2025-02-25_13-04-47.webp.webp?fit=1200%2C806&ssl=1&resize=525%2C300 1.5x, https:\/\/i0.wp.com\/noticiasribeiraopreto.com.br\/wp-content\/uploads\/2025\/02\/a74be759-ff20-4d04-aa98-03ea65805805_2025-02-25_13-04-46_jpg_2025-02-25_13-04-47.webp.webp?fit=1200%2C806&ssl=1&resize=700%2C400 2x, https:\/\/i0.wp.com\/noticiasribeiraopreto.com.br\/wp-content\/uploads\/2025\/02\/a74be759-ff20-4d04-aa98-03ea65805805_2025-02-25_13-04-46_jpg_2025-02-25_13-04-47.webp.webp?fit=1200%2C806&ssl=1&resize=1050%2C600 3x"},"classes":[]},{"id":75996,"url":"https:\/\/noticiasribeiraopreto.com.br\/index.php\/2025\/08\/20\/feira-do-livro-de-ribeirao-tem-bate-papo-teatro-e-historias-nesta-quarta\/","url_meta":{"origin":79124,"position":4},"title":"Feira do Livro de Ribeir\u00e3o tem bate-papo, teatro e hist\u00f3rias nesta quarta","author":"noticiasribeiraopreto.com.br","date":"20 de August de 2025","format":false,"excerpt":"A 24\u00aa Feira Internacional do Livro de Ribeir\u00e3o Preto se encaminha para seu sexto dia de atividades nesta quarta-feira (20). A programa\u00e7\u00e3o gratuita inclui oficinas, palestras, visitas guiadas, teatro e m\u00fasica ao vivo, al\u00e9m de vendas e troca de livros. O tema da feira deste ano \u00e9 \u201cFuturos Poss\u00edveis: entre\u2026","rel":"","context":"In &quot;Not\u00edcias de Ribeir\u00e3o Preto-SP e Regi\u00e3o&quot;","block_context":{"text":"Not\u00edcias de Ribeir\u00e3o Preto-SP e Regi\u00e3o","link":"https:\/\/noticiasribeiraopreto.com.br\/index.php\/category\/noticias-de-ribeirao-preto-sp-e-regiao-ismael-colosi\/"},"img":{"alt_text":"","src":"https:\/\/i0.wp.com\/noticiasribeiraopreto.com.br\/wp-content\/uploads\/2025\/08\/feira-do-livro-6_2025-08-19_20-37-16.webp.webp?fit=1200%2C674&ssl=1&resize=350%2C200","width":350,"height":200,"srcset":"https:\/\/i0.wp.com\/noticiasribeiraopreto.com.br\/wp-content\/uploads\/2025\/08\/feira-do-livro-6_2025-08-19_20-37-16.webp.webp?fit=1200%2C674&ssl=1&resize=350%2C200 1x, https:\/\/i0.wp.com\/noticiasribeiraopreto.com.br\/wp-content\/uploads\/2025\/08\/feira-do-livro-6_2025-08-19_20-37-16.webp.webp?fit=1200%2C674&ssl=1&resize=525%2C300 1.5x, https:\/\/i0.wp.com\/noticiasribeiraopreto.com.br\/wp-content\/uploads\/2025\/08\/feira-do-livro-6_2025-08-19_20-37-16.webp.webp?fit=1200%2C674&ssl=1&resize=700%2C400 2x, https:\/\/i0.wp.com\/noticiasribeiraopreto.com.br\/wp-content\/uploads\/2025\/08\/feira-do-livro-6_2025-08-19_20-37-16.webp.webp?fit=1200%2C674&ssl=1&resize=1050%2C600 3x"},"classes":[]},{"id":76133,"url":"https:\/\/noticiasribeiraopreto.com.br\/index.php\/2025\/08\/22\/dupla-gerada-por-i-a-se-apresenta-nesta-sexta-feira-em-barretos\/","url_meta":{"origin":79124,"position":5},"title":"Dupla gerada por I.A se apresenta nesta sexta-feira em Barretos","author":"noticiasribeiraopreto.com.br","date":"22 de August de 2025","format":false,"excerpt":"A Festa do Pe\u00e3o de Barretos ter\u00e1 uma atra\u00e7\u00e3o in\u00e9dita em 2025. Uma dupla sertaneja virtual desenvolvida com intelig\u00eancia artificial ir\u00e1 cantar uma m\u00fasica nesta sexta-feira (22). A atra\u00e7\u00e3o acontecer\u00e1 novamente na pr\u00f3xima sexta-feira (29). Humberto Henrique e Osmar, uma \u201cdupla virtual\u201d que ser\u00e1 projetado em tel\u00f5es, vai lan\u00e7ar a\u2026","rel":"","context":"In &quot;Not\u00edcias de Ribeir\u00e3o Preto-SP e Regi\u00e3o&quot;","block_context":{"text":"Not\u00edcias de Ribeir\u00e3o Preto-SP e Regi\u00e3o","link":"https:\/\/noticiasribeiraopreto.com.br\/index.php\/category\/noticias-de-ribeirao-preto-sp-e-regiao-ismael-colosi\/"},"img":{"alt_text":"","src":"https:\/\/i0.wp.com\/noticiasribeiraopreto.com.br\/wp-content\/uploads\/2025\/08\/175581319468a7954a763e9_1755813194_3x2_md_2025-08-22_07-06-15.webp.webp?fit=768%2C512&ssl=1&resize=350%2C200","width":350,"height":200,"srcset":"https:\/\/i0.wp.com\/noticiasribeiraopreto.com.br\/wp-content\/uploads\/2025\/08\/175581319468a7954a763e9_1755813194_3x2_md_2025-08-22_07-06-15.webp.webp?fit=768%2C512&ssl=1&resize=350%2C200 1x, https:\/\/i0.wp.com\/noticiasribeiraopreto.com.br\/wp-content\/uploads\/2025\/08\/175581319468a7954a763e9_1755813194_3x2_md_2025-08-22_07-06-15.webp.webp?fit=768%2C512&ssl=1&resize=525%2C300 1.5x, https:\/\/i0.wp.com\/noticiasribeiraopreto.com.br\/wp-content\/uploads\/2025\/08\/175581319468a7954a763e9_1755813194_3x2_md_2025-08-22_07-06-15.webp.webp?fit=768%2C512&ssl=1&resize=700%2C400 2x"},"classes":[]}],"jetpack_sharing_enabled":true,"jetpack_shortlink":"https:\/\/wp.me\/peQAOb-kAc","_links":{"self":[{"href":"https:\/\/noticiasribeiraopreto.com.br\/index.php\/wp-json\/wp\/v2\/posts\/79124","targetHints":{"allow":["GET"]}}],"collection":[{"href":"https:\/\/noticiasribeiraopreto.com.br\/index.php\/wp-json\/wp\/v2\/posts"}],"about":[{"href":"https:\/\/noticiasribeiraopreto.com.br\/index.php\/wp-json\/wp\/v2\/types\/post"}],"author":[{"embeddable":true,"href":"https:\/\/noticiasribeiraopreto.com.br\/index.php\/wp-json\/wp\/v2\/users\/1"}],"replies":[{"embeddable":true,"href":"https:\/\/noticiasribeiraopreto.com.br\/index.php\/wp-json\/wp\/v2\/comments?post=79124"}],"version-history":[{"count":0,"href":"https:\/\/noticiasribeiraopreto.com.br\/index.php\/wp-json\/wp\/v2\/posts\/79124\/revisions"}],"wp:featuredmedia":[{"embeddable":true,"href":"https:\/\/noticiasribeiraopreto.com.br\/index.php\/wp-json\/wp\/v2\/media\/79125"}],"wp:attachment":[{"href":"https:\/\/noticiasribeiraopreto.com.br\/index.php\/wp-json\/wp\/v2\/media?parent=79124"}],"wp:term":[{"taxonomy":"category","embeddable":true,"href":"https:\/\/noticiasribeiraopreto.com.br\/index.php\/wp-json\/wp\/v2\/categories?post=79124"},{"taxonomy":"post_tag","embeddable":true,"href":"https:\/\/noticiasribeiraopreto.com.br\/index.php\/wp-json\/wp\/v2\/tags?post=79124"}],"curies":[{"name":"wp","href":"https:\/\/api.w.org\/{rel}","templated":true}]}}