{"id":79126,"date":"2025-10-24T17:41:16","date_gmt":"2025-10-24T20:41:16","guid":{"rendered":"https:\/\/noticiasribeiraopreto.com.br\/index.php\/2025\/10\/24\/feriado-veja-por-que-alguns-servicos-ficarao-fechados-no-inicio-da-proxima-semana\/"},"modified":"2025-10-24T17:41:16","modified_gmt":"2025-10-24T20:41:16","slug":"feriado-veja-por-que-alguns-servicos-ficarao-fechados-no-inicio-da-proxima-semana","status":"publish","type":"post","link":"https:\/\/noticiasribeiraopreto.com.br\/index.php\/2025\/10\/24\/feriado-veja-por-que-alguns-servicos-ficarao-fechados-no-inicio-da-proxima-semana\/","title":{"rendered":"Feriado? Veja por que alguns servi\u00e7os ficar\u00e3o fechados no in\u00edcio da pr\u00f3xima semana"},"content":{"rendered":"<div class='code-block code-block-1' style='margin: 8px 0 8px auto; text-align: right; display: block; clear: both;'>\n<p><a href=\"https:\/\/wa.link\/vpicfd\"><img data-recalc-dims=\"1\" class=\"wp-image-4922\" style=\"aspect-ratio: 2.0253164556962027; width: 561px; height: auto;\" src=\"https:\/\/i0.wp.com\/ismaelcolosi.com.br\/wp-content\/uploads\/2023\/11\/grupo-de-empregos-whatsapp-e-facebook-ismael-colosi-vagas.jpg?ssl=1\" alt=\"\" \/><\/a><\/p>\n<!-- \/wp:image -->\n<\/div>\n<p> <br \/>\n<\/p>\n<div>\n<p>Na pr\u00f3xima ter\u00e7a-feira (28), \u00e9 comemorado o <strong>Dia do Servidor P\u00fablico<\/strong>. Por isso, alguns servi\u00e7os ficar\u00e3o fechados em <strong>Ribeir\u00e3o Preto<\/strong> no in\u00edcio da pr\u00f3xima semana, j\u00e1 que segunda-feira (27) tamb\u00e9m \u00e9 ponto facultativo para os \u00f3rg\u00e3os p\u00fablicos.<\/p>\n<p>Institu\u00edda em 1939, a data reconhece a import\u00e2ncia dos profissionais que atuam na administra\u00e7\u00e3o p\u00fablica. <mark style=\"background-color:#fcb900\" class=\"has-inline-color has-black-color\">As atividades ser\u00e3o retomadas normalmente na quarta-feira (29), a partir das 8h.<\/mark><\/p>\n<p>Durante o per\u00edodo, os servi\u00e7os essenciais funcionar\u00e3o normalmente, como Sa\u00fade, Infraestrutura, Saerp, Assist\u00eancia Social, Coleta de Lixo, RP Mobi e Guarda Civil Metropolitana.<\/p>\n<h2 class=\"wp-block-heading\"><strong>Confira:<\/strong><\/h2>\n<h3 class=\"wp-block-heading\"><strong>Sa\u00fade<\/strong><\/h3>\n<p>UPAs 24h (todos os dias)<\/p>\n<p>UPA Leste \u2013 Av. 13 de Maio, 353 \u2013 Jardim Paulistano<\/p>\n<p>UPA Norte \u2013 Av. Euclydes de Figueiredo, 295 \u2013 Adelino Simioni<\/p>\n<p>UPA Oeste \u2013 Rua Terezina, 678 \u2013 Sumarezinho<\/p>\n<p>Pronto Atendimento Vila Virg\u00ednia \u2013 Rua Franco da Rocha, 1270<\/p>\n<p>UBS Mamoru Kobayashi (Bonfim Paulista)<\/p>\n<p>Segunda a sexta: 7h \u00e0s 21h | S\u00e1bado e domingo: 8h \u00e0s 18h<\/p>\n<p>CAPS IV \u2013 Centro de Aten\u00e7\u00e3o Psicossocial 24h \u2013 Av. Jer\u00f4nimo Gon\u00e7alves, 466 \u2013 Centro<\/p>\n<h3 class=\"wp-block-heading\"><strong>Transporte e Tr\u00e2nsito<\/strong><\/h3>\n<p>Centrais de Benef\u00edcios e de Vendas (Rua S\u00e3o Sebasti\u00e3o) e posto da Pra\u00e7a da Bandeira: funcionamento normal nos dias 27 e 28<\/p>\n<p>Terminais de \u00f4nibus e Central de Atendimento (0800 16 16 001): funcionamento normal<\/p>\n<p>Atendimento de emerg\u00eancia RP Mobi: pelos telefones 118 e (16) 3934-9500<\/p>\n<p>Sede RP Mobi (Rua General C\u00e2mara, 2910 \u2013 Vila Recreio): fechada nos dias 27 e 28, reabrindo na quarta (29)<\/p>\n<h3 class=\"wp-block-heading\"><strong>Infraestrutura<\/strong><\/h3>\n<p>Plant\u00e3o para demandas emergenciais: telefone 156<\/p>\n<p>Coleta de lixo: normal<\/p>\n<p>Ecopontos: abertos todos os dias, das 7h \u00e0s 19h<\/p>\n<h3 class=\"wp-block-heading\"><strong>Meio Ambiente<\/strong><\/h3>\n<p>Parques municipais: funcionamento normal durante todo o feriado<\/p>\n<p>Bosque Zool\u00f3gico Dr. F\u00e1bio Barreto: domingo, das 9h \u00e0s 16h, e fechado na segunda e ter\u00e7a-feira, 27 e 28, retomando na quarta-feira, 29, a partir das 9h<\/p>\n<h3 class=\"wp-block-heading\"><strong>Saerp<\/strong><\/h3>\n<p>Plant\u00e3o 24h para emerg\u00eancias: 0800 115 0 115<\/p>\n<p>Poupatempo Saerp<\/p>\n<p>S\u00e1bado (25): atendimento normal das 9h \u00e0s 13h (mediante agendamento)<\/p>\n<p>Segunda (27) e ter\u00e7a (28): fechado<\/p>\n<h3 class=\"wp-block-heading\"><strong>Outros servi\u00e7os<\/strong><\/h3>\n<p>Guarda Civil Metropolitana: atendimento 24h pelo telefone 153<\/p>\n<p>Defesa Civil: atendimento ininterrupto pelo 199<\/p>\n<p>Assist\u00eancia Social (FAS \u2013 Fale Assist\u00eancia Social): atendimento 24h pelos n\u00fameros 161, 156 ou 0800 77 30 161<\/p>\n<p>SAIBA MAIS<\/p>\n<p>Bigodini apresenta terceiro atestado m\u00e9dico e se afasta da C\u00e2mara de Ribeir\u00e3o Preto por mais 10 dias<\/p>\n<h3 class=\"wp-block-heading\"><strong>FIQUE ON<\/strong><\/h3>\n<p>Fique ligado em tudo que acontece em Ribeir\u00e3o Preto e regi\u00e3o. Siga os perfis do\u00a0<strong>acidade on\u00a0<\/strong>no\u00a0<a href=\"https:\/\/www.instagram.com\/acidadeonribeirao\" target=\"_blank\" rel=\"noreferrer noopener\">Instagram<\/a>\u00a0e no<a href=\"https:\/\/www.facebook.com\/acidadeonribeirao\/\" target=\"_blank\" rel=\"noreferrer noopener\">\u00a0Facebook<\/a>.<\/p>\n<p>Receba not\u00edcias do<strong>\u00a0acidade on<\/strong>\u00a0no WhatsApp. Para entrar no grupo,\u00a0basta\u00a0<a href=\"https:\/\/chat.whatsapp.com\/I4nieTEMKlf50pJ28aMemC?mode=ac_t\" target=\"_blank\" rel=\"noreferrer noopener\">clicar aqui<\/a>. Ou, acesse o nosso\u00a0Canal\u00a0<a href=\"https:\/\/whatsapp.com\/channel\/0029Vb6IQl1JENyAeS57fk2p\" target=\"_blank\" rel=\"noreferrer noopener\">clicando aqui<\/a>.<\/p>\n<p>Fa\u00e7a uma den\u00fancia ou sugira uma reportagem sobre Ribeir\u00e3o Preto e regi\u00e3o pelo WhatsApp: 16 99117 7802.<\/p>\n<p>VEJA TAMB\u00c9M<\/p>\n<p>O que aconteceu com a prima da Ana Castela?<\/p>\n<p><!-- AI CONTENT END 1 -->\n<\/div>\n<p><script async src=\"\/\/www.instagram.com\/embed.js\"><\/script><br \/>\n<br \/><br \/>\n<br \/><a href=\"https:\/\/www.acidadeon.com\/ribeiraopreto\/economia\/feriado-veja-por-que-alguns-servicos-ficarao-fechados-no-inicio-da-proxima-semana\/\">Source link <\/a><\/p>\n<!-- CONTENT END 1 -->\n","protected":false},"excerpt":{"rendered":"<p>Na pr\u00f3xima ter\u00e7a-feira (28), \u00e9 comemorado o Dia do Servidor P\u00fablico. Por isso, alguns servi\u00e7os ficar\u00e3o fechados em Ribeir\u00e3o Preto no in\u00edcio da pr\u00f3xima semana,&#8230;<\/p>\n","protected":false},"author":1,"featured_media":79127,"comment_status":"open","ping_status":"open","sticky":false,"template":"","format":"standard","meta":{"advanced_seo_description":"","jetpack_seo_html_title":"","jetpack_seo_noindex":false,"jetpack_post_was_ever_published":false,"_jetpack_newsletter_access":"","_jetpack_dont_email_post_to_subs":false,"_jetpack_newsletter_tier_id":0,"_jetpack_memberships_contains_paywalled_content":false,"_jetpack_memberships_contains_paid_content":false,"footnotes":"","jetpack_publicize_message":"","jetpack_publicize_feature_enabled":true,"jetpack_social_post_already_shared":true,"jetpack_social_options":{"image_generator_settings":{"template":"highway","default_image_id":0,"font":"","enabled":false},"version":2}},"categories":[11],"tags":[],"class_list":["post-79126","post","type-post","status-publish","format-standard","has-post-thumbnail","hentry","category-noticias-de-ribeirao-preto-sp-e-regiao-ismael-colosi"],"jetpack_publicize_connections":[],"jetpack_featured_media_url":"https:\/\/i0.wp.com\/noticiasribeiraopreto.com.br\/wp-content\/uploads\/2025\/10\/guilherme-sircili_2025-10-24_17-04-14.webp.webp?fit=1200%2C799&ssl=1","jetpack-related-posts":[{"id":84878,"url":"https:\/\/noticiasribeiraopreto.com.br\/index.php\/2026\/04\/17\/veja-o-funcionamento-dos-servicos-publicos-durante-o-feriado-em-ribeirao-preto\/","url_meta":{"origin":79126,"position":0},"title":"Veja o funcionamento dos servi\u00e7os p\u00fablicos durante o feriado em Ribeir\u00e3o Preto","author":"noticiasribeiraopreto.com.br","date":"17 de April de 2026","format":false,"excerpt":"Ler o resumo da not\u00edcia \r Ribeir\u00e3o Preto divulgar\u00e1 o hor\u00e1rio de funcionamento dos servi\u00e7os p\u00fablicos durante o feriado.\r A Prefeitura de Ribeir\u00e3o Preto divulgou o funcionamento dos servi\u00e7os p\u00fablicos durante o feriado prolongado de Tiradentes. De acordo com a Administra\u00e7\u00e3o, servi\u00e7os essenciais, como sa\u00fade, transporte e coleta de lixo,\u2026","rel":"","context":"In &quot;Not\u00edcias de Ribeir\u00e3o Preto-SP e Regi\u00e3o&quot;","block_context":{"text":"Not\u00edcias de Ribeir\u00e3o Preto-SP e Regi\u00e3o","link":"https:\/\/noticiasribeiraopreto.com.br\/index.php\/category\/noticias-de-ribeirao-preto-sp-e-regiao-ismael-colosi\/"},"img":{"alt_text":"","src":"https:\/\/i0.wp.com\/noticiasribeiraopreto.com.br\/wp-content\/uploads\/2026\/03\/upa-norte_2026-03-18_19-50-06.webp.webp?fit=1200%2C800&ssl=1&resize=350%2C200","width":350,"height":200,"srcset":"https:\/\/i0.wp.com\/noticiasribeiraopreto.com.br\/wp-content\/uploads\/2026\/03\/upa-norte_2026-03-18_19-50-06.webp.webp?fit=1200%2C800&ssl=1&resize=350%2C200 1x, https:\/\/i0.wp.com\/noticiasribeiraopreto.com.br\/wp-content\/uploads\/2026\/03\/upa-norte_2026-03-18_19-50-06.webp.webp?fit=1200%2C800&ssl=1&resize=525%2C300 1.5x, https:\/\/i0.wp.com\/noticiasribeiraopreto.com.br\/wp-content\/uploads\/2026\/03\/upa-norte_2026-03-18_19-50-06.webp.webp?fit=1200%2C800&ssl=1&resize=700%2C400 2x, https:\/\/i0.wp.com\/noticiasribeiraopreto.com.br\/wp-content\/uploads\/2026\/03\/upa-norte_2026-03-18_19-50-06.webp.webp?fit=1200%2C800&ssl=1&resize=1050%2C600 3x"},"classes":[]},{"id":64143,"url":"https:\/\/noticiasribeiraopreto.com.br\/index.php\/2025\/03\/03\/veja-o-abre-e-fecha-dos-servicos-durante-o-carnaval-em-ribeirao-preto\/","url_meta":{"origin":79126,"position":1},"title":"Veja o abre e fecha dos servi\u00e7os durante o Carnaval em Ribeir\u00e3o Preto","author":"noticiasribeiraopreto.com.br","date":"3 de March de 2025","format":false,"excerpt":"Al\u00e9m do com\u00e9rcio que funciona com hor\u00e1rios especiais durante o Carnaval (veja aqui), os servi\u00e7os p\u00fablicos tamb\u00e9m t\u00eam mudan\u00e7a nesta segunda-feira (3) e ter\u00e7a-feira (4). Os servi\u00e7os essenciais como sa\u00fade, Infraestrutura, Saerp, assist\u00eancia social, coleta de lixo, RP Mobi e Guarda Civil Metropolitana v\u00e3o operar normalmente. As reparti\u00e7\u00f5es p\u00fablicas permanecer\u00e3o\u2026","rel":"","context":"In &quot;Not\u00edcias de Ribeir\u00e3o Preto-SP e Regi\u00e3o&quot;","block_context":{"text":"Not\u00edcias de Ribeir\u00e3o Preto-SP e Regi\u00e3o","link":"https:\/\/noticiasribeiraopreto.com.br\/index.php\/category\/noticias-de-ribeirao-preto-sp-e-regiao-ismael-colosi\/"},"img":{"alt_text":"","src":"https:\/\/i0.wp.com\/noticiasribeiraopreto.com.br\/wp-content\/uploads\/2025\/03\/ribeirao-preto.jpg?fit=1200%2C900&ssl=1&resize=350%2C200","width":350,"height":200,"srcset":"https:\/\/i0.wp.com\/noticiasribeiraopreto.com.br\/wp-content\/uploads\/2025\/03\/ribeirao-preto.jpg?fit=1200%2C900&ssl=1&resize=350%2C200 1x, https:\/\/i0.wp.com\/noticiasribeiraopreto.com.br\/wp-content\/uploads\/2025\/03\/ribeirao-preto.jpg?fit=1200%2C900&ssl=1&resize=525%2C300 1.5x, https:\/\/i0.wp.com\/noticiasribeiraopreto.com.br\/wp-content\/uploads\/2025\/03\/ribeirao-preto.jpg?fit=1200%2C900&ssl=1&resize=700%2C400 2x, https:\/\/i0.wp.com\/noticiasribeiraopreto.com.br\/wp-content\/uploads\/2025\/03\/ribeirao-preto.jpg?fit=1200%2C900&ssl=1&resize=1050%2C600 3x"},"classes":[]},{"id":68954,"url":"https:\/\/noticiasribeiraopreto.com.br\/index.php\/2025\/04\/30\/servicos-publicos-de-ribeirao-preto-tem-horarios-alterados-no-feriado-confira\/","url_meta":{"origin":79126,"position":2},"title":"Servi\u00e7os p\u00fablicos de Ribeir\u00e3o Preto t\u00eam hor\u00e1rios alterados no feriado; confira","author":"noticiasribeiraopreto.com.br","date":"30 de April de 2025","format":false,"excerpt":"Durante o feriado do Dia do Trabalho, nesta quinta-feira (1\u00ba), e no ponto facultativo de sexta-feira (2), apenas os servi\u00e7os essenciais permanecer\u00e3o em funcionamento. As demais reparti\u00e7\u00f5es p\u00fablicas estar\u00e3o fechadas, com retorno das atividades previsto para segunda-feira, 5 de maio, a partir das 8h. Sa\u00fade As Unidades de Pronto Atendimento\u2026","rel":"","context":"In &quot;Not\u00edcias de Ribeir\u00e3o Preto-SP e Regi\u00e3o&quot;","block_context":{"text":"Not\u00edcias de Ribeir\u00e3o Preto-SP e Regi\u00e3o","link":"https:\/\/noticiasribeiraopreto.com.br\/index.php\/category\/noticias-de-ribeirao-preto-sp-e-regiao-ismael-colosi\/"},"img":{"alt_text":"","src":"https:\/\/i0.wp.com\/noticiasribeiraopreto.com.br\/wp-content\/uploads\/2025\/03\/ribeirao-preto-aerea_2025-03-21_20-24-22_jpg_2025-03-21_20-24-23.webp.webp?fit=1200%2C800&ssl=1&resize=350%2C200","width":350,"height":200,"srcset":"https:\/\/i0.wp.com\/noticiasribeiraopreto.com.br\/wp-content\/uploads\/2025\/03\/ribeirao-preto-aerea_2025-03-21_20-24-22_jpg_2025-03-21_20-24-23.webp.webp?fit=1200%2C800&ssl=1&resize=350%2C200 1x, https:\/\/i0.wp.com\/noticiasribeiraopreto.com.br\/wp-content\/uploads\/2025\/03\/ribeirao-preto-aerea_2025-03-21_20-24-22_jpg_2025-03-21_20-24-23.webp.webp?fit=1200%2C800&ssl=1&resize=525%2C300 1.5x, https:\/\/i0.wp.com\/noticiasribeiraopreto.com.br\/wp-content\/uploads\/2025\/03\/ribeirao-preto-aerea_2025-03-21_20-24-22_jpg_2025-03-21_20-24-23.webp.webp?fit=1200%2C800&ssl=1&resize=700%2C400 2x, https:\/\/i0.wp.com\/noticiasribeiraopreto.com.br\/wp-content\/uploads\/2025\/03\/ribeirao-preto-aerea_2025-03-21_20-24-22_jpg_2025-03-21_20-24-23.webp.webp?fit=1200%2C800&ssl=1&resize=1050%2C600 3x"},"classes":[]},{"id":36419,"url":"https:\/\/noticiasribeiraopreto.com.br\/index.php\/2024\/02\/09\/servicos-essenciais-serao-mantidos-no-feriado-de-carnaval\/","url_meta":{"origin":79126,"position":3},"title":"Servi\u00e7os essenciais ser\u00e3o mantidos no feriado de Carnaval","author":"noticiasribeiraopreto.com.br","date":"9 de February de 2024","format":false,"excerpt":"A prefeitura de Ribeir\u00e3o Preto manter\u00e1 em funcionamento os servi\u00e7os p\u00fablicos essenciais nas pr\u00f3ximas segunda e ter\u00e7a-feiras, 12 e 13 de fevereiro, feriado de Carnaval. Funcionar\u00e3o normalmente os servi\u00e7os de urg\u00eancia e emerg\u00eancia em sa\u00fade, assist\u00eancia social, coleta de lixo e Guarda Civil Metropolitana. J\u00e1 as reparti\u00e7\u00f5es p\u00fablicas permanecer\u00e3o fechadas,\u2026","rel":"","context":"In &quot;Not\u00edcias de Ribeir\u00e3o Preto-SP e Regi\u00e3o&quot;","block_context":{"text":"Not\u00edcias de Ribeir\u00e3o Preto-SP e Regi\u00e3o","link":"https:\/\/noticiasribeiraopreto.com.br\/index.php\/category\/noticias-de-ribeirao-preto-sp-e-regiao-ismael-colosi\/"},"img":{"alt_text":"","src":"https:\/\/i0.wp.com\/noticiasribeiraopreto.com.br\/wp-content\/uploads\/2024\/02\/abre_e_fecha_upa_norte_1_-_foto_fernando_gonzaga1-scaled.jpg?fit=970%2C645&ssl=1&resize=350%2C200","width":350,"height":200,"srcset":"https:\/\/i0.wp.com\/noticiasribeiraopreto.com.br\/wp-content\/uploads\/2024\/02\/abre_e_fecha_upa_norte_1_-_foto_fernando_gonzaga1-scaled.jpg?fit=970%2C645&ssl=1&resize=350%2C200 1x, https:\/\/i0.wp.com\/noticiasribeiraopreto.com.br\/wp-content\/uploads\/2024\/02\/abre_e_fecha_upa_norte_1_-_foto_fernando_gonzaga1-scaled.jpg?fit=970%2C645&ssl=1&resize=525%2C300 1.5x, https:\/\/i0.wp.com\/noticiasribeiraopreto.com.br\/wp-content\/uploads\/2024\/02\/abre_e_fecha_upa_norte_1_-_foto_fernando_gonzaga1-scaled.jpg?fit=970%2C645&ssl=1&resize=700%2C400 2x"},"classes":[]},{"id":81788,"url":"https:\/\/noticiasribeiraopreto.com.br\/index.php\/2026\/01\/16\/prefeitura-divulga-funcionamento-dos-servicos-durante-o-feriado-do-dia-20\/","url_meta":{"origin":79126,"position":4},"title":"Prefeitura divulga funcionamento dos servi\u00e7os durante o feriado do dia 20","author":"noticiasribeiraopreto.com.br","date":"16 de January de 2026","format":false,"excerpt":"A Prefeitura de Ribeir\u00e3o Preto divulga o funcionamento dos servi\u00e7os p\u00fablicos municipais durante o feriado de S\u00e3o Sebasti\u00e3o, padroeiro da cidade, celebrado na pr\u00f3xima ter\u00e7a-feira, dia 20 de janeiro. Na segunda-feira, dia 19, ser\u00e1 ponto facultativo, e na ter\u00e7a-feira, dia 20, feriado municipal, n\u00e3o havendo expediente nas reparti\u00e7\u00f5es p\u00fablicas. Para\u2026","rel":"","context":"In &quot;Not\u00edcias de Ribeir\u00e3o Preto-SP e Regi\u00e3o&quot;","block_context":{"text":"Not\u00edcias de Ribeir\u00e3o Preto-SP e Regi\u00e3o","link":"https:\/\/noticiasribeiraopreto.com.br\/index.php\/category\/noticias-de-ribeirao-preto-sp-e-regiao-ismael-colosi\/"},"img":{"alt_text":"","src":"https:\/\/i0.wp.com\/noticiasribeiraopreto.com.br\/wp-content\/uploads\/2026\/01\/centro_ribeirao_preto_drone_-_foto_guilherme_sircili_1601.jpg?fit=1000%2C666&ssl=1&resize=350%2C200","width":350,"height":200,"srcset":"https:\/\/i0.wp.com\/noticiasribeiraopreto.com.br\/wp-content\/uploads\/2026\/01\/centro_ribeirao_preto_drone_-_foto_guilherme_sircili_1601.jpg?fit=1000%2C666&ssl=1&resize=350%2C200 1x, https:\/\/i0.wp.com\/noticiasribeiraopreto.com.br\/wp-content\/uploads\/2026\/01\/centro_ribeirao_preto_drone_-_foto_guilherme_sircili_1601.jpg?fit=1000%2C666&ssl=1&resize=525%2C300 1.5x, https:\/\/i0.wp.com\/noticiasribeiraopreto.com.br\/wp-content\/uploads\/2026\/01\/centro_ribeirao_preto_drone_-_foto_guilherme_sircili_1601.jpg?fit=1000%2C666&ssl=1&resize=700%2C400 2x"},"classes":[]},{"id":82407,"url":"https:\/\/noticiasribeiraopreto.com.br\/index.php\/2026\/02\/13\/carnaval-2026-altera-funcionamento-dos-servicos-publicos-em-ribeirao-preto\/","url_meta":{"origin":79126,"position":5},"title":"Carnaval 2026 altera funcionamento dos servi\u00e7os p\u00fablicos em Ribeir\u00e3o Preto","author":"noticiasribeiraopreto.com.br","date":"13 de February de 2026","format":false,"excerpt":"A Prefeitura de Ribeir\u00e3o Preto mant\u00e9m os servi\u00e7os p\u00fablicos essenciais durante o Carnaval 2026. As reparti\u00e7\u00f5es municipais fecham na segunda-feira (16) e na ter\u00e7a-feira (17) e retomam o atendimento na quarta-feira (18), a partir das 13h. A administra\u00e7\u00e3o municipal divulgou o esquema especial de funcionamento para o per\u00edodo. Confira o\u2026","rel":"","context":"In &quot;Not\u00edcias de Ribeir\u00e3o Preto-SP e Regi\u00e3o&quot;","block_context":{"text":"Not\u00edcias de Ribeir\u00e3o Preto-SP e Regi\u00e3o","link":"https:\/\/noticiasribeiraopreto.com.br\/index.php\/category\/noticias-de-ribeirao-preto-sp-e-regiao-ismael-colosi\/"},"img":{"alt_text":"","src":"https:\/\/i0.wp.com\/noticiasribeiraopreto.com.br\/wp-content\/uploads\/2025\/10\/guilherme-sircili_2025-10-24_17-04-14.webp.webp?fit=1200%2C799&ssl=1&resize=350%2C200","width":350,"height":200,"srcset":"https:\/\/i0.wp.com\/noticiasribeiraopreto.com.br\/wp-content\/uploads\/2025\/10\/guilherme-sircili_2025-10-24_17-04-14.webp.webp?fit=1200%2C799&ssl=1&resize=350%2C200 1x, https:\/\/i0.wp.com\/noticiasribeiraopreto.com.br\/wp-content\/uploads\/2025\/10\/guilherme-sircili_2025-10-24_17-04-14.webp.webp?fit=1200%2C799&ssl=1&resize=525%2C300 1.5x, https:\/\/i0.wp.com\/noticiasribeiraopreto.com.br\/wp-content\/uploads\/2025\/10\/guilherme-sircili_2025-10-24_17-04-14.webp.webp?fit=1200%2C799&ssl=1&resize=700%2C400 2x, https:\/\/i0.wp.com\/noticiasribeiraopreto.com.br\/wp-content\/uploads\/2025\/10\/guilherme-sircili_2025-10-24_17-04-14.webp.webp?fit=1200%2C799&ssl=1&resize=1050%2C600 3x"},"classes":[]}],"jetpack_sharing_enabled":true,"jetpack_shortlink":"https:\/\/wp.me\/peQAOb-kAe","_links":{"self":[{"href":"https:\/\/noticiasribeiraopreto.com.br\/index.php\/wp-json\/wp\/v2\/posts\/79126","targetHints":{"allow":["GET"]}}],"collection":[{"href":"https:\/\/noticiasribeiraopreto.com.br\/index.php\/wp-json\/wp\/v2\/posts"}],"about":[{"href":"https:\/\/noticiasribeiraopreto.com.br\/index.php\/wp-json\/wp\/v2\/types\/post"}],"author":[{"embeddable":true,"href":"https:\/\/noticiasribeiraopreto.com.br\/index.php\/wp-json\/wp\/v2\/users\/1"}],"replies":[{"embeddable":true,"href":"https:\/\/noticiasribeiraopreto.com.br\/index.php\/wp-json\/wp\/v2\/comments?post=79126"}],"version-history":[{"count":0,"href":"https:\/\/noticiasribeiraopreto.com.br\/index.php\/wp-json\/wp\/v2\/posts\/79126\/revisions"}],"wp:featuredmedia":[{"embeddable":true,"href":"https:\/\/noticiasribeiraopreto.com.br\/index.php\/wp-json\/wp\/v2\/media\/79127"}],"wp:attachment":[{"href":"https:\/\/noticiasribeiraopreto.com.br\/index.php\/wp-json\/wp\/v2\/media?parent=79126"}],"wp:term":[{"taxonomy":"category","embeddable":true,"href":"https:\/\/noticiasribeiraopreto.com.br\/index.php\/wp-json\/wp\/v2\/categories?post=79126"},{"taxonomy":"post_tag","embeddable":true,"href":"https:\/\/noticiasribeiraopreto.com.br\/index.php\/wp-json\/wp\/v2\/tags?post=79126"}],"curies":[{"name":"wp","href":"https:\/\/api.w.org\/{rel}","templated":true}]}}