{"id":79128,"date":"2025-10-24T20:00:48","date_gmt":"2025-10-24T23:00:48","guid":{"rendered":"https:\/\/noticiasribeiraopreto.com.br\/index.php\/2025\/10\/24\/confira-os-feriados-de-2026-em-ribeirao-preto\/"},"modified":"2025-10-24T20:00:48","modified_gmt":"2025-10-24T23:00:48","slug":"confira-os-feriados-de-2026-em-ribeirao-preto","status":"publish","type":"post","link":"https:\/\/noticiasribeiraopreto.com.br\/index.php\/2025\/10\/24\/confira-os-feriados-de-2026-em-ribeirao-preto\/","title":{"rendered":"Confira os feriados de 2026 em Ribeir\u00e3o Preto"},"content":{"rendered":"<div class='code-block code-block-1' style='margin: 8px 0 8px auto; text-align: right; display: block; clear: both;'>\n<p><a href=\"https:\/\/wa.link\/vpicfd\"><img data-recalc-dims=\"1\" class=\"wp-image-4922\" style=\"aspect-ratio: 2.0253164556962027; width: 561px; height: auto;\" src=\"https:\/\/i0.wp.com\/ismaelcolosi.com.br\/wp-content\/uploads\/2023\/11\/grupo-de-empregos-whatsapp-e-facebook-ismael-colosi-vagas.jpg?ssl=1\" alt=\"\" \/><\/a><\/p>\n<!-- \/wp:image -->\n<\/div>\n<p> <br \/>\n<\/p>\n<div data-td-block-uid=\"tdi_95\">\n<div class=\"tdb-block-inner td-fix-index\">\n<p>A <strong>Prefeitura de Ribeir\u00e3o Preto<\/strong> divulgou nesta sexta-feira (24) o calend\u00e1rio de <strong>feriados <\/strong>e <strong>pontos facultativos<\/strong> do munic\u00edpio para o ano de 2026. Segundo publica\u00e7\u00e3o no <strong><a href=\"https:\/\/cespro.com.br\/visualizarDiarioOficial.php?cdMunicipio=9314\" data-type=\"link\" data-id=\"https:\/\/cespro.com.br\/visualizarDiarioOficial.php?cdMunicipio=9314\" target=\"_blank\" rel=\"noopener\">Di\u00e1rio Oficial<\/a><\/strong>, <mark style=\"background-color:#fcb900\" class=\"has-inline-color\">a cidade ter\u00e1 <strong>14 feriados<\/strong> e <strong>10 pontos facultativos<\/strong> ao longo do pr\u00f3ximo ano.<\/mark><\/p>\n<p>O expediente das reparti\u00e7\u00f5es p\u00fablicas, <strong>relativo ao<\/strong> <strong>dia 18 de fevereiro<\/strong> ser\u00e1 das 12h \u00e0s 18h, sendo que os servidores que cumprem a jornada de 4h di\u00e1rias encerrar\u00e3o suas atividades \u00e0s 16h.<\/p>\n<p>J\u00e1 o expediente das reparti\u00e7\u00f5es p\u00fablicas, <strong>relativos aos dias 24 e 31 de dezembro<\/strong>, ser\u00e1 das 8h \u00e0s 12h, sendo que os servidores que cumprem a jornada de 04h horas di\u00e1rias encerrar\u00e3o suas atividades \u00e0s 12h.<\/p>\n<p>De acordo com a <strong>Prefeitura<\/strong>, as horas correspondentes aos pontos facultativos, <mark style=\"background-color:#fcb900\" class=\"has-inline-color\">com exce\u00e7\u00e3o dos dias 17 de fevereiro e 28 de outubro de 2026<\/mark>, dever\u00e3o ser compensadas, conforme determina\u00e7\u00e3o de cada Secret\u00e1rio Municipal ou chefia equivalente, no caso da Administra\u00e7\u00e3o Indireta e Funda\u00e7\u00f5es.<\/p>\n<div class=\"wp-block-image\">\n<figure class=\"aligncenter size-large is-resized\"><img data-recalc-dims=\"1\" fetchpriority=\"high\" decoding=\"async\" width=\"1024\" height=\"768\" src=\"https:\/\/i0.wp.com\/cdn.media-acidadeon.com.br\/ribeiraopreto\/wp-content\/uploads\/sites\/3\/2025\/09\/calendar-gab1f19fa1_1920_2025-09-20_20-52-18-1024x768.webp?resize=1024%2C768&#038;ssl=1\" alt=\"Maior parte dos feriados de 2026 ca\u00edram em dias de semana - Foto: Pixabay.\" class=\"wp-image-129786\" style=\"width:654px\" title=\"Confira os feriados de 2026 em Ribeir\u00e3o Preto 1\" srcset=\"https:\/\/cdn.media-acidadeon.com.br\/ribeiraopreto\/wp-content\/uploads\/sites\/3\/2025\/09\/calendar-gab1f19fa1_1920_2025-09-20_20-52-18-1024x768.webp 1024w, https:\/\/cdn.media-acidadeon.com.br\/ribeiraopreto\/wp-content\/uploads\/sites\/3\/2025\/09\/calendar-gab1f19fa1_1920_2025-09-20_20-52-18-300x225.webp 300w, https:\/\/cdn.media-acidadeon.com.br\/ribeiraopreto\/wp-content\/uploads\/sites\/3\/2025\/09\/calendar-gab1f19fa1_1920_2025-09-20_20-52-18-768x576.webp 768w, https:\/\/cdn.media-acidadeon.com.br\/ribeiraopreto\/wp-content\/uploads\/sites\/3\/2025\/09\/calendar-gab1f19fa1_1920_2025-09-20_20-52-18-696x522.webp 696w, https:\/\/cdn.media-acidadeon.com.br\/ribeiraopreto\/wp-content\/uploads\/sites\/3\/2025\/09\/calendar-gab1f19fa1_1920_2025-09-20_20-52-18-1068x801.webp 1068w, https:\/\/cdn.media-acidadeon.com.br\/ribeiraopreto\/wp-content\/uploads\/sites\/3\/2025\/09\/calendar-gab1f19fa1_1920_2025-09-20_20-52-18.webp 1200w\" sizes=\"(max-width: 1024px) 100vw, 1024px\"\/><figcaption class=\"wp-element-caption\">Maior parte dos feriados de 2026 ca\u00edram em dias de semana \u2013 Foto: Pixabay.<\/figcaption><\/figure>\n<\/div>\n<h2 class=\"wp-block-heading\"><strong>Confira o calend\u00e1rio de feriados e pontos facultativos de Ribeir\u00e3o Preto em 2026<\/strong><\/h2>\n<ul class=\"wp-block-list\">\n<li>1 de janeiro de 2026 (quinta-feira) \u2013 Confraterniza\u00e7\u00e3o Universal<\/li>\n<li><strong>2 de janeiro de 2026 (sexta-feira) \u2013 Ponto facultativo<\/strong><\/li>\n<li><strong>19 de janeiro de 2026 (segunda-feira) \u2013 Ponto facultativo<\/strong><\/li>\n<li>20 de janeiro de 2026 (ter\u00e7a-feira) \u2013 Dia de S\u00e3o Sebasti\u00e3o | Feriado Municipal<\/li>\n<li><strong>16 de fevereiro de 2026 (segunda-feira) \u2013 Carnaval\/ Ponto facultativo<\/strong><\/li>\n<li><strong>17 de fevereiro de 2026 (ter\u00e7a-feira) \u2013 Carnaval\/ Ponto facultativo<\/strong><\/li>\n<li><strong>18 de fevereiro de 2026 (quarta-feira) \u2013 Quarta-feira de Cinzas\/ Ponto facultativo<\/strong><\/li>\n<li>03 de abril de 2026 (sexta-feira) \u2013 Tiradentes<\/li>\n<li><strong>20 de abril de 2026 (segunda-feira) \u2013 Ponto facultativo<\/strong><\/li>\n<li>21 de abril de 2026 (ter\u00e7a-feira) \u2013 Tiradentes<\/li>\n<li>1 de maio de 2026 (sexta-feira) \u2013 Dia do Trabalho<\/li>\n<li>4 de junho de 2026 (quinta-feira) \u2013 Corpus Christi | Feriado Municipal<\/li>\n<li>19 de junho de 2026 (sexta-feira) \u2013 Anivers\u00e1rio de Ribeir\u00e3o Preto | Feriado Municipal<\/li>\n<li>09 de julho de 2026 (quinta-feira) \u2013 Revolu\u00e7\u00e3o Constitucionalista | Feriado Estadual<\/li>\n<li><strong>10 de julho de 2026 (sexta \u2013feira) \u2013 Ponto facultativo<\/strong><\/li>\n<li>7 de setembro de 2026 (segunda-feira) \u2013 Independ\u00eancia do Brasil<\/li>\n<li>12 de outubro de 2026 (segunda-feira) \u2013 Dia De Nossa Senhora Aparecida<\/li>\n<li><strong>28 de outubro de 2026 (quarta-feira) \u2013 Dia do Servidor P\u00fablico \/ Ponto Facultativo<\/strong><\/li>\n<li>2 de novembro de 2026 (segunda-feira) \u2013 Finados<\/li>\n<li>15 de novembro de 2026 (domingo) \u2013 Proclama\u00e7\u00e3o da rep\u00fablica<\/li>\n<li>20 de novembro de 2026 (sexta-feira) \u2013 Dia Nacional da Consci\u00eancia Negra<\/li>\n<li><strong>24 de dezembro de 2026 (quinta-feira) \u2013 Ponto facultativo<\/strong><\/li>\n<li>25 de dezembro de 2026 (sexta-feira) \u2013 Natal<\/li>\n<li><strong>31 de dezembro de 2026 (quinta-feira) \u2013 Ponto facultativo<\/strong><\/li>\n<\/ul>\n<blockquote class=\"instagram-media\" data-instgrm-permalink=\"https:\/\/www.instagram.com\/reel\/DO58tVNDiO7\/?utm_source=ig_embed&amp;utm_campaign=loading\" data-instgrm-version=\"14\" style=\" background:#FFF; border:0; border-radius:3px; box-shadow:0 0 1px 0 rgba(0,0,0,0.5),0 1px 10px 0 rgba(0,0,0,0.15); margin: 1px; max-width:540px; min-width:326px; padding:0; width:99.375%; width:-webkit-calc(100% - 2px); width:calc(100% - 2px);\"\/>\n<hr class=\"wp-block-separator has-alpha-channel-opacity\"\/>\n<p>SAIBA MAIS<\/p>\n<p>Onde a cesta b\u00e1sica \u00e9 mais cara em Ribeir\u00e3o Preto? Confira os dados<\/p>\n<h2 class=\"wp-block-heading\"><strong>FIQUE ON<\/strong><\/h2>\n<p>Fique ligado em tudo que acontece em Ribeir\u00e3o Preto e regi\u00e3o. Siga os perfis do\u00a0<strong>acidade on\u00a0<\/strong>no\u00a0<a href=\"https:\/\/www.instagram.com\/acidadeonribeirao\" target=\"_blank\" rel=\"noreferrer noopener\">Instagram<\/a>\u00a0e no<a href=\"https:\/\/www.facebook.com\/acidadeonribeirao\/\" target=\"_blank\" rel=\"noreferrer noopener\">\u00a0Facebook<\/a>.<\/p>\n<p>Receba not\u00edcias do<strong>\u00a0acidade on<\/strong>\u00a0no WhatsApp. Para entrar no grupo,\u00a0basta\u00a0<a href=\"https:\/\/chat.whatsapp.com\/I4nieTEMKlf50pJ28aMemC?mode=ac_t\" target=\"_blank\" rel=\"noreferrer noopener\">clicar aqui<\/a>. Ou, acesse o nosso\u00a0Canal\u00a0<a href=\"https:\/\/whatsapp.com\/channel\/0029Vb6IQl1JENyAeS57fk2p\" target=\"_blank\" rel=\"noreferrer noopener\">clicando aqui<\/a>.<\/p>\n<p>Fa\u00e7a uma den\u00fancia ou sugira uma reportagem sobre Ribeir\u00e3o Preto e regi\u00e3o pelo WhatsApp: 16 99117 7802.<\/p>\n<p>VEJA TAMB\u00c9M<\/p>\n<p>Como conseguir ingressos para o show gr\u00e1tis do Maroon 5 no Brasil?<\/p>\n<p><!-- AI CONTENT END 1 -->\n<\/div>\n<\/div>\n<p><script async src=\"\/\/www.instagram.com\/embed.js\"><\/script><br \/>\n<br \/><br \/>\n<br \/><a href=\"https:\/\/www.acidadeon.com\/ribeiraopreto\/cotidiano\/confira-os-feriados-de-2026-em-ribeirao-preto\/\">Source link <\/a><\/p>\n<!-- CONTENT END 1 -->\n","protected":false},"excerpt":{"rendered":"<p>A Prefeitura de Ribeir\u00e3o Preto divulgou nesta sexta-feira (24) o calend\u00e1rio de feriados e pontos facultativos do munic\u00edpio para o ano de 2026. Segundo publica\u00e7\u00e3o&#8230;<\/p>\n","protected":false},"author":1,"featured_media":79129,"comment_status":"open","ping_status":"open","sticky":false,"template":"","format":"standard","meta":{"advanced_seo_description":"","jetpack_seo_html_title":"","jetpack_seo_noindex":false,"jetpack_post_was_ever_published":false,"_jetpack_newsletter_access":"","_jetpack_dont_email_post_to_subs":false,"_jetpack_newsletter_tier_id":0,"_jetpack_memberships_contains_paywalled_content":false,"_jetpack_memberships_contains_paid_content":false,"footnotes":"","jetpack_publicize_message":"","jetpack_publicize_feature_enabled":true,"jetpack_social_post_already_shared":true,"jetpack_social_options":{"image_generator_settings":{"template":"highway","default_image_id":0,"font":"","enabled":false},"version":2}},"categories":[11],"tags":[],"class_list":["post-79128","post","type-post","status-publish","format-standard","has-post-thumbnail","hentry","category-noticias-de-ribeirao-preto-sp-e-regiao-ismael-colosi"],"jetpack_publicize_connections":[],"jetpack_featured_media_url":"https:\/\/i0.wp.com\/noticiasribeiraopreto.com.br\/wp-content\/uploads\/2025\/10\/Copia-de-Copia-de-Copia-de-TAMANHO-EXATO-PARA-FOTOS-NO-SISTEMA-NOVO-2025-10-24T180452.289_2025-10-24_21-04-57.webp.webp?fit=1200%2C675&ssl=1","jetpack-related-posts":[{"id":3437,"url":"https:\/\/noticiasribeiraopreto.com.br\/index.php\/2023\/11\/18\/feriados-prolongados-ribeirao-preto-define-pontos-facultativos-para-2024\/","url_meta":{"origin":79128,"position":0},"title":"Feriados prolongados? Ribeir\u00e3o Preto define pontos facultativos para 2024","author":"noticiasribeiraopreto.com.br","date":"18 de November de 2023","format":false,"excerpt":"O prefeito de Ribeir\u00e3o Preto, Duarte Nogueira (PSDB), publicou na \u00faltima sexta-feira (17) decreto que estipula os pontos facultativos para os servi\u00e7os p\u00fablicos municipais em 2024. Ao todo, ser\u00e3o seis datas que v\u00e3o emendar com os feriados prolongados, al\u00e9m do Carnaval e do Dia do Servidor P\u00fablico, comemorado no dia\u2026","rel":"","context":"In &quot;Not\u00edcias de Ribeir\u00e3o Preto-SP e Regi\u00e3o&quot;","block_context":{"text":"Not\u00edcias de Ribeir\u00e3o Preto-SP e Regi\u00e3o","link":"https:\/\/noticiasribeiraopreto.com.br\/index.php\/category\/noticias-de-ribeirao-preto-sp-e-regiao-ismael-colosi\/"},"img":{"alt_text":"","src":"https:\/\/i0.wp.com\/noticiasribeiraopreto.com.br\/wp-content\/uploads\/2023\/11\/feriado-prolongado.jpg?fit=1200%2C800&ssl=1&resize=350%2C200","width":350,"height":200,"srcset":"https:\/\/i0.wp.com\/noticiasribeiraopreto.com.br\/wp-content\/uploads\/2023\/11\/feriado-prolongado.jpg?fit=1200%2C800&ssl=1&resize=350%2C200 1x, https:\/\/i0.wp.com\/noticiasribeiraopreto.com.br\/wp-content\/uploads\/2023\/11\/feriado-prolongado.jpg?fit=1200%2C800&ssl=1&resize=525%2C300 1.5x, https:\/\/i0.wp.com\/noticiasribeiraopreto.com.br\/wp-content\/uploads\/2023\/11\/feriado-prolongado.jpg?fit=1200%2C800&ssl=1&resize=700%2C400 2x, https:\/\/i0.wp.com\/noticiasribeiraopreto.com.br\/wp-content\/uploads\/2023\/11\/feriado-prolongado.jpg?fit=1200%2C800&ssl=1&resize=1050%2C600 3x"},"classes":[]},{"id":23170,"url":"https:\/\/noticiasribeiraopreto.com.br\/index.php\/2024\/01\/01\/veja-o-calendario-de-feriados-de-ribeirao-preto-em-2024\/","url_meta":{"origin":79128,"position":1},"title":"Veja o calend\u00e1rio de feriados de Ribeir\u00e3o Preto em 2024","author":"noticiasribeiraopreto.com.br","date":"1 de January de 2024","format":false,"excerpt":"Ribeir\u00e3o Preto ter\u00e1 14 feriados e 10 pontos facultativos em 2024, de acordo com o calend\u00e1rio da Prefeitura Municipal da cidade. Ao todo, ser\u00e3o seis datas que ir\u00e3o emendar com os feriados prolongados, al\u00e9m do Carnaval e do Dia do Servidor P\u00fablico, comemorado no dia 28 de outubro. O expediente\u2026","rel":"","context":"In &quot;Not\u00edcias de Ribeir\u00e3o Preto-SP e Regi\u00e3o&quot;","block_context":{"text":"Not\u00edcias de Ribeir\u00e3o Preto-SP e Regi\u00e3o","link":"https:\/\/noticiasribeiraopreto.com.br\/index.php\/category\/noticias-de-ribeirao-preto-sp-e-regiao-ismael-colosi\/"},"img":{"alt_text":"","src":"https:\/\/i0.wp.com\/noticiasribeiraopreto.com.br\/wp-content\/uploads\/2024\/01\/ribeirao-preto-prefeitura.jpg?fit=1200%2C900&ssl=1&resize=350%2C200","width":350,"height":200,"srcset":"https:\/\/i0.wp.com\/noticiasribeiraopreto.com.br\/wp-content\/uploads\/2024\/01\/ribeirao-preto-prefeitura.jpg?fit=1200%2C900&ssl=1&resize=350%2C200 1x, https:\/\/i0.wp.com\/noticiasribeiraopreto.com.br\/wp-content\/uploads\/2024\/01\/ribeirao-preto-prefeitura.jpg?fit=1200%2C900&ssl=1&resize=525%2C300 1.5x, https:\/\/i0.wp.com\/noticiasribeiraopreto.com.br\/wp-content\/uploads\/2024\/01\/ribeirao-preto-prefeitura.jpg?fit=1200%2C900&ssl=1&resize=700%2C400 2x, https:\/\/i0.wp.com\/noticiasribeiraopreto.com.br\/wp-content\/uploads\/2024\/01\/ribeirao-preto-prefeitura.jpg?fit=1200%2C900&ssl=1&resize=1050%2C600 3x"},"classes":[]},{"id":60581,"url":"https:\/\/noticiasribeiraopreto.com.br\/index.php\/2024\/11\/18\/confira-o-calendario-de-feriados-de-ribeirao-preto-em-2025\/","url_meta":{"origin":79128,"position":2},"title":"Confira o calend\u00e1rio de feriados de Ribeir\u00e3o Preto em 2025","author":"noticiasribeiraopreto.com.br","date":"18 de November de 2024","format":false,"excerpt":"Ribeir\u00e3o Preto ter\u00e1 12 feriados em 2025, de acordo com o calend\u00e1rio da Prefeitura Municipal da cidade. O expediente das reparti\u00e7\u00f5es p\u00fablicas municipais, relativos aos dias 2 de janeiro e 5 de mar\u00e7o, quarta-feira de cinzas, ser\u00e3o das 12h \u00e0s 18h. Servidores que cumprem a jornada de 4h horas di\u00e1rias\u2026","rel":"","context":"In &quot;Not\u00edcias de Ribeir\u00e3o Preto-SP e Regi\u00e3o&quot;","block_context":{"text":"Not\u00edcias de Ribeir\u00e3o Preto-SP e Regi\u00e3o","link":"https:\/\/noticiasribeiraopreto.com.br\/index.php\/category\/noticias-de-ribeirao-preto-sp-e-regiao-ismael-colosi\/"},"img":{"alt_text":"","src":"https:\/\/i0.wp.com\/noticiasribeiraopreto.com.br\/wp-content\/uploads\/2024\/10\/Copia-de-Copia-de-Copia-de-TAMANHO-EXATO-PARA-FOTOS-NO-SISTEMA-NOVO-21_2024-09-15_20-45-28_png_2024-09-15_20-45-28.webp.webp?fit=1200%2C675&ssl=1&resize=350%2C200","width":350,"height":200,"srcset":"https:\/\/i0.wp.com\/noticiasribeiraopreto.com.br\/wp-content\/uploads\/2024\/10\/Copia-de-Copia-de-Copia-de-TAMANHO-EXATO-PARA-FOTOS-NO-SISTEMA-NOVO-21_2024-09-15_20-45-28_png_2024-09-15_20-45-28.webp.webp?fit=1200%2C675&ssl=1&resize=350%2C200 1x, https:\/\/i0.wp.com\/noticiasribeiraopreto.com.br\/wp-content\/uploads\/2024\/10\/Copia-de-Copia-de-Copia-de-TAMANHO-EXATO-PARA-FOTOS-NO-SISTEMA-NOVO-21_2024-09-15_20-45-28_png_2024-09-15_20-45-28.webp.webp?fit=1200%2C675&ssl=1&resize=525%2C300 1.5x, https:\/\/i0.wp.com\/noticiasribeiraopreto.com.br\/wp-content\/uploads\/2024\/10\/Copia-de-Copia-de-Copia-de-TAMANHO-EXATO-PARA-FOTOS-NO-SISTEMA-NOVO-21_2024-09-15_20-45-28_png_2024-09-15_20-45-28.webp.webp?fit=1200%2C675&ssl=1&resize=700%2C400 2x, https:\/\/i0.wp.com\/noticiasribeiraopreto.com.br\/wp-content\/uploads\/2024\/10\/Copia-de-Copia-de-Copia-de-TAMANHO-EXATO-PARA-FOTOS-NO-SISTEMA-NOVO-21_2024-09-15_20-45-28_png_2024-09-15_20-45-28.webp.webp?fit=1200%2C675&ssl=1&resize=1050%2C600 3x"},"classes":[]},{"id":81232,"url":"https:\/\/noticiasribeiraopreto.com.br\/index.php\/2025\/12\/29\/sp-define-pontos-facultativos-para-2026-veja-o-calendario\/","url_meta":{"origin":79128,"position":3},"title":"SP define pontos facultativos para 2026; Veja o calend\u00e1rio","author":"noticiasribeiraopreto.com.br","date":"29 de December de 2025","format":false,"excerpt":"O Governo de S\u00e3o Paulo publicou na sexta-feira (26) o Decreto n\u00ba 70.273, que disp\u00f5e sobre o expediente dos servidores nas reparti\u00e7\u00f5es p\u00fablicas estaduais em 2026. O texto define os pontos facultativos do ano, o recesso de fim de ano e as regras para compensa\u00e7\u00e3o de horas n\u00e3o trabalhadas. Ser\u00e3o\u2026","rel":"","context":"In &quot;Not\u00edcias de Ribeir\u00e3o Preto-SP e Regi\u00e3o&quot;","block_context":{"text":"Not\u00edcias de Ribeir\u00e3o Preto-SP e Regi\u00e3o","link":"https:\/\/noticiasribeiraopreto.com.br\/index.php\/category\/noticias-de-ribeirao-preto-sp-e-regiao-ismael-colosi\/"},"img":{"alt_text":"","src":"https:\/\/i0.wp.com\/noticiasribeiraopreto.com.br\/wp-content\/uploads\/2025\/12\/Calendario-Freepik-944x531-1_2024-07-01_13-15-58_jpg_2024-07-01_13-15-58.webp.webp?fit=944%2C531&ssl=1&resize=350%2C200","width":350,"height":200,"srcset":"https:\/\/i0.wp.com\/noticiasribeiraopreto.com.br\/wp-content\/uploads\/2025\/12\/Calendario-Freepik-944x531-1_2024-07-01_13-15-58_jpg_2024-07-01_13-15-58.webp.webp?fit=944%2C531&ssl=1&resize=350%2C200 1x, https:\/\/i0.wp.com\/noticiasribeiraopreto.com.br\/wp-content\/uploads\/2025\/12\/Calendario-Freepik-944x531-1_2024-07-01_13-15-58_jpg_2024-07-01_13-15-58.webp.webp?fit=944%2C531&ssl=1&resize=525%2C300 1.5x, https:\/\/i0.wp.com\/noticiasribeiraopreto.com.br\/wp-content\/uploads\/2025\/12\/Calendario-Freepik-944x531-1_2024-07-01_13-15-58_jpg_2024-07-01_13-15-58.webp.webp?fit=944%2C531&ssl=1&resize=700%2C400 2x"},"classes":[]},{"id":72252,"url":"https:\/\/noticiasribeiraopreto.com.br\/index.php\/2025\/06\/15\/jornal-da-franca-franca-tera-feriadao-prolongado-nesta-semana-sexta-feira-20-e-ponto-facultativo\/","url_meta":{"origin":79128,"position":4},"title":"Jornal da Franca &#8211; Franca ter\u00e1 feriad\u00e3o prolongado nesta semana: sexta-feira (20) \u00e9 ponto facultativo","author":"noticiasribeiraopreto.com.br","date":"15 de June de 2025","format":false,"excerpt":"compartilhar no whatsapp compartilhar no telegram compartilhar no facebook compartilhar no linkedin O prefeito Alexandre Ferreira decretou ponto facultativo na sexta-feira ap\u00f3s a celebra\u00e7\u00e3o de Corpus Christi, na quinta-feira Em raz\u00e3o do feriado de Corpus Christi nesta quinta-feira, dia 19 de junho, e o ponto facultativo no dia seguinte, dia\u2026","rel":"","context":"In &quot;Not\u00edcias de Franca-SP&quot;","block_context":{"text":"Not\u00edcias de Franca-SP","link":"https:\/\/noticiasribeiraopreto.com.br\/index.php\/category\/noticias-de-ribeirao-preto-sp-e-regiao-ismael-colosi\/noticias-franca-sp\/"},"img":{"alt_text":"","src":"https:\/\/i0.wp.com\/noticiasribeiraopreto.com.br\/wp-content\/uploads\/2025\/06\/ced7f8be-05e0-4015-9545-310673cf98ac.jpg?fit=733%2C487&ssl=1&resize=350%2C200","width":350,"height":200,"srcset":"https:\/\/i0.wp.com\/noticiasribeiraopreto.com.br\/wp-content\/uploads\/2025\/06\/ced7f8be-05e0-4015-9545-310673cf98ac.jpg?fit=733%2C487&ssl=1&resize=350%2C200 1x, https:\/\/i0.wp.com\/noticiasribeiraopreto.com.br\/wp-content\/uploads\/2025\/06\/ced7f8be-05e0-4015-9545-310673cf98ac.jpg?fit=733%2C487&ssl=1&resize=525%2C300 1.5x, https:\/\/i0.wp.com\/noticiasribeiraopreto.com.br\/wp-content\/uploads\/2025\/06\/ced7f8be-05e0-4015-9545-310673cf98ac.jpg?fit=733%2C487&ssl=1&resize=700%2C400 2x"},"classes":[]},{"id":62132,"url":"https:\/\/noticiasribeiraopreto.com.br\/index.php\/2025\/01\/04\/ribeirao-preto-perde-um-feriado-em-2025-veja-o-calendario-municipal\/","url_meta":{"origin":79128,"position":5},"title":"Ribeir\u00e3o Preto &#8216;perde um feriado&#8217; em 2025; Veja o calend\u00e1rio municipal","author":"noticiasribeiraopreto.com.br","date":"4 de January de 2025","format":false,"excerpt":"Ribeir\u00e3o Preto \u201cperdeu um feriado\u201d em 2025. Isso porque, de acordo com o calend\u00e1rio da Prefeitura Municipal, as celebra\u00e7\u00f5es de Corpus Christi e do anivers\u00e1rio da cidade acontecem no mesmo dia neste ano, 19 de junho. Conforme publicado, ser\u00e3o 14 feriados e 12 pontos facultativos. Embora o n\u00famero de feriados\u2026","rel":"","context":"In &quot;Not\u00edcias de Ribeir\u00e3o Preto-SP e Regi\u00e3o&quot;","block_context":{"text":"Not\u00edcias de Ribeir\u00e3o Preto-SP e Regi\u00e3o","link":"https:\/\/noticiasribeiraopreto.com.br\/index.php\/category\/noticias-de-ribeirao-preto-sp-e-regiao-ismael-colosi\/"},"img":{"alt_text":"","src":"https:\/\/i0.wp.com\/noticiasribeiraopreto.com.br\/wp-content\/uploads\/2025\/01\/calendar-gad829f90c_1920.jpg?fit=1200%2C900&ssl=1&resize=350%2C200","width":350,"height":200,"srcset":"https:\/\/i0.wp.com\/noticiasribeiraopreto.com.br\/wp-content\/uploads\/2025\/01\/calendar-gad829f90c_1920.jpg?fit=1200%2C900&ssl=1&resize=350%2C200 1x, https:\/\/i0.wp.com\/noticiasribeiraopreto.com.br\/wp-content\/uploads\/2025\/01\/calendar-gad829f90c_1920.jpg?fit=1200%2C900&ssl=1&resize=525%2C300 1.5x, https:\/\/i0.wp.com\/noticiasribeiraopreto.com.br\/wp-content\/uploads\/2025\/01\/calendar-gad829f90c_1920.jpg?fit=1200%2C900&ssl=1&resize=700%2C400 2x, https:\/\/i0.wp.com\/noticiasribeiraopreto.com.br\/wp-content\/uploads\/2025\/01\/calendar-gad829f90c_1920.jpg?fit=1200%2C900&ssl=1&resize=1050%2C600 3x"},"classes":[]}],"jetpack_sharing_enabled":true,"jetpack_shortlink":"https:\/\/wp.me\/peQAOb-kAg","_links":{"self":[{"href":"https:\/\/noticiasribeiraopreto.com.br\/index.php\/wp-json\/wp\/v2\/posts\/79128","targetHints":{"allow":["GET"]}}],"collection":[{"href":"https:\/\/noticiasribeiraopreto.com.br\/index.php\/wp-json\/wp\/v2\/posts"}],"about":[{"href":"https:\/\/noticiasribeiraopreto.com.br\/index.php\/wp-json\/wp\/v2\/types\/post"}],"author":[{"embeddable":true,"href":"https:\/\/noticiasribeiraopreto.com.br\/index.php\/wp-json\/wp\/v2\/users\/1"}],"replies":[{"embeddable":true,"href":"https:\/\/noticiasribeiraopreto.com.br\/index.php\/wp-json\/wp\/v2\/comments?post=79128"}],"version-history":[{"count":0,"href":"https:\/\/noticiasribeiraopreto.com.br\/index.php\/wp-json\/wp\/v2\/posts\/79128\/revisions"}],"wp:featuredmedia":[{"embeddable":true,"href":"https:\/\/noticiasribeiraopreto.com.br\/index.php\/wp-json\/wp\/v2\/media\/79129"}],"wp:attachment":[{"href":"https:\/\/noticiasribeiraopreto.com.br\/index.php\/wp-json\/wp\/v2\/media?parent=79128"}],"wp:term":[{"taxonomy":"category","embeddable":true,"href":"https:\/\/noticiasribeiraopreto.com.br\/index.php\/wp-json\/wp\/v2\/categories?post=79128"},{"taxonomy":"post_tag","embeddable":true,"href":"https:\/\/noticiasribeiraopreto.com.br\/index.php\/wp-json\/wp\/v2\/tags?post=79128"}],"curies":[{"name":"wp","href":"https:\/\/api.w.org\/{rel}","templated":true}]}}