{"id":7913,"date":"2023-11-29T03:03:55","date_gmt":"2023-11-29T06:03:55","guid":{"rendered":"https:\/\/noticiasribeiraopreto.com.br\/index.php\/2023\/11\/29\/casa-do-porco-e-o-4o-melhor-restaurante-da-america-latina\/"},"modified":"2023-11-29T03:03:55","modified_gmt":"2023-11-29T06:03:55","slug":"casa-do-porco-e-o-4o-melhor-restaurante-da-america-latina","status":"publish","type":"post","link":"https:\/\/noticiasribeiraopreto.com.br\/index.php\/2023\/11\/29\/casa-do-porco-e-o-4o-melhor-restaurante-da-america-latina\/","title":{"rendered":"Casa do Porco \u00e9 o 4\u00ba melhor restaurante da Am\u00e9rica Latina"},"content":{"rendered":"<div class='code-block code-block-1' style='margin: 8px 0 8px auto; text-align: right; display: block; clear: both;'>\n<p><a href=\"https:\/\/wa.link\/vpicfd\"><img data-recalc-dims=\"1\" class=\"wp-image-4922\" style=\"aspect-ratio: 2.0253164556962027; width: 561px; height: auto;\" src=\"https:\/\/i0.wp.com\/ismaelcolosi.com.br\/wp-content\/uploads\/2023\/11\/grupo-de-empregos-whatsapp-e-facebook-ismael-colosi-vagas.jpg?ssl=1\" alt=\"\" \/><\/a><\/p>\n<!-- \/wp:image -->\n<\/div>\n<p> <br \/>\n<\/p>\n<div>\n<p>Mais uma vez, o restaurante <a href=\"https:\/\/acasadoporco.com.br\/\" target=\"_blank\" rel=\"noopener\">A Casa do Porco<\/a>, em S\u00e3o Paulo, foi considerado um dos 10 melhores da Am\u00e9rica Latina. A cerim\u00f4nia do pr\u00eamio <a href=\"https:\/\/www.theworlds50best.com\/latinamerica\/en\/\" target=\"_blank\" rel=\"noopener\">Latin America\u2019s 50 Best Restaurants<\/a>, o Oscar da gastronomia, aconteceu na noite desta ter\u00e7a-feira, 28, no Copacabana Palace, no Rio de Janeiro.<\/p>\n<div id=\"attachment_2221991\" class=\"wp-caption aligncenter\">\n<div class=\"d-flex justify-content-center\" data-attachment-id=\"2221991\">\n<div class=\"position-relative d-inline-block\"><img data-recalc-dims=\"1\" data-portal-copyright=\"Divulga\u00e7\u00e3o\" decoding=\"async\" fetchpriority=\"high\" class=\"wp-image-2221991 size-full\" src=\"https:\/\/i0.wp.com\/catracalivre.com.br\/wp-content\/uploads\/2022\/07\/a-casa-do-porco-melhor-do-mundo.jpg?resize=900%2C600&#038;ssl=1\" alt=\"Casa do Porco \u00e9 o 4\u00ba melhor restaurante da Am\u00e9rica Latina\" width=\"900\" height=\"600\" srcset=\"https:\/\/catracalivre.com.br\/wp-content\/uploads\/2022\/07\/a-casa-do-porco-melhor-do-mundo.jpg 900w, https:\/\/catracalivre.com.br\/wp-content\/uploads\/2022\/07\/a-casa-do-porco-melhor-do-mundo-450x300.jpg 450w, https:\/\/catracalivre.com.br\/wp-content\/uploads\/2022\/07\/a-casa-do-porco-melhor-do-mundo-768x512.jpg 768w\" sizes=\"(max-width: 900px) 100vw, 900px\"\/><\/p>\n<p>Cr\u00e9ditos: Divulga\u00e7\u00e3o<\/p>\n<\/div>\n<\/div>\n<p><span class=\"post-imagem__legenda\">Casa do Porco \u00e9 o 4\u00ba melhor restaurante da Am\u00e9rica Latina<\/span><\/p>\n<\/div>\n<p>A Casa do Porco, comandada por Janaina e Jeferson Rueda ficou na quarta coloca\u00e7\u00e3o. Ao todo, 18 restaurantes brasileiros apareceram entre os <a href=\"https:\/\/www.theworlds50best.com\/stories\/News\/latin-americas-50-best-restaurants-2023-51-100-the-list-in-pictures.html\" target=\"_blank\" rel=\"noopener\">100 melhores da Am\u00e9rica Latina<\/a>. S\u00e3o 11 estabelecimentos de S\u00e3o Paulo, quatro do Rio de Janeiro, dois de Salvador e um de Curitiba.<\/p>\n<p>O restaurante peruano Maido, em Lima, foi o eleito o melhor restaurante da Am\u00e9rica Latina, seguido pelo colombiano El Chato, em Bogot\u00e1, e do argentino Don Julio, em Buenos Aires.<\/p>\n<div id=\"attachment_2315111\" class=\"wp-caption aligncenter\">\n<div class=\"d-flex justify-content-center\" data-attachment-id=\"2315111\">\n<div class=\"position-relative d-inline-block\"><img data-recalc-dims=\"1\" loading=\"lazy\" data-portal-copyright=\"Divulga\u00e7\u00e3o\" decoding=\"async\" class=\"wp-image-2315111 size-large\" src=\"https:\/\/i0.wp.com\/catracalivre.com.br\/wp-content\/uploads\/2023\/11\/maido-lima-peru-910x593.jpg?resize=910%2C593&#038;ssl=1\" alt=\"Interior do Maido, em Lima, eleito o melhor restaurante da Am\u00e9rica Latina\" width=\"910\" height=\"593\" srcset=\"https:\/\/catracalivre.com.br\/wp-content\/uploads\/2023\/11\/maido-lima-peru-910x593.jpg 910w, https:\/\/catracalivre.com.br\/wp-content\/uploads\/2023\/11\/maido-lima-peru-450x293.jpg 450w, https:\/\/catracalivre.com.br\/wp-content\/uploads\/2023\/11\/maido-lima-peru-768x501.jpg 768w\" sizes=\"auto, (max-width: 910px) 100vw, 910px\"\/><\/p>\n<p>Cr\u00e9ditos: Divulga\u00e7\u00e3o<\/p>\n<\/div>\n<\/div>\n<p><span class=\"post-imagem__legenda\">Interior do Maido, em Lima, eleito o melhor restaurante da Am\u00e9rica Latina<\/span><\/p>\n<\/div>\n<p>\u00c9 a primeira vez que o Brasil sedia o principal pr\u00eamio de gastronomia do mundo. Cidades como Lima, Buenos Aires, Bogot\u00e1 e M\u00e9xico j\u00e1 foram anfitri\u00e3s em edi\u00e7\u00f5es anteriores. Em 2024, o evento ocorre novamente no Rio de Janeiro.<\/p>\n<h2>Os 50 melhores restaurantes da Am\u00e9rica Latina em 2023<\/h2>\n<ol>\n<li>Maido (Lima, Peru)<\/li>\n<li>El Chato (Bogot\u00e1, Col\u00f4mbia)<\/li>\n<li>Don Julio (Buenos Aires, Argentina)<\/li>\n<li><strong>A Casa do Porco (S\u00e3o Paulo)<\/strong><\/li>\n<li>Fauna (Valle de Guadalupe, M\u00e9xico)<\/li>\n<li>Maito (Cidade do Panam\u00e1, Panam\u00e1)<\/li>\n<li>Kjolle (Lima, Peru)<\/li>\n<li>Leo (Bogot\u00e1, Col\u00f4mbia)<\/li>\n<li>Borag\u00f3 (Santiago, Chile)<\/li>\n<li>Mayta (Lima, Peru)<\/li>\n<li>Nuema (Quito, Equador)<\/li>\n<li>Quintonil (Cidade do M\u00e9xico, M\u00e9xico)<\/li>\n<li>M\u00e9rito (Lima, Peru)<\/li>\n<li><strong>Lasai (Rio de Janeiro)<\/strong><\/li>\n<li>Pujol (Cidade do M\u00e9xico, M\u00e9xico)<\/li>\n<li>Celele (Cartagena, Col\u00f4mbia)<\/li>\n<li>El Preferido de Palermo (Buenos Aires, Argentina)<\/li>\n<li><strong>Metzi (S\u00e3o Paulo)<\/strong><\/li>\n<li>Villa Tor\u00e9l (Ensenada)<\/li>\n<li><strong>Oteque (Rio de Janeiro)<\/strong><\/li>\n<li><strong>Nelita (S\u00e3o Paulo)<\/strong><\/li>\n<li><strong>Ewai (S\u00e3o Paulo)<\/strong><\/li>\n<li>Gustu (La Paz, Bol\u00edvia)<\/li>\n<li>Sublime (Cidade da Guatemala, Guatemala)<\/li>\n<li>Cantina Del Tigre (Cidade do Panam\u00e1, Panam\u00e1)<\/li>\n<li>Gran Dabbang (Buenos Aires, Argentina)<\/li>\n<li>X.O. (Medel\u00edn, Col\u00f4mbia)<\/li>\n<li>Arca (Tulum, M\u00e9xico)<\/li>\n<li>Pangea (Monterrey, M\u00e9xico)<\/li>\n<li>Julia (Buenos Aires, Argentina)<\/li>\n<li>Sud 777 (Cidade do M\u00e9xico, M\u00e9xico)<\/li>\n<li>Mishiguene (Buenos Aires, Argentina)<\/li>\n<li>Osso (Lima, Peru)<\/li>\n<li><strong>Man\u00ed (S\u00e3o Paulo)<\/strong><\/li>\n<li>Manu (Curitiba)<\/li>\n<li>Rosetta (Cidade do M\u00e9xico, M\u00e9xico)<\/li>\n<li>Alcalde (Guadalajara, M\u00e9xico)<\/li>\n<li>Alo\u2019s (Buenos Aires, Argentina)<\/li>\n<li>Mil (Moray, Peru)<\/li>\n<li>Le Chique (Canc\u00fan, M\u00e9xico)<\/li>\n<li>Crizia (Buenos Aires, Argentina)<\/li>\n<li>La Mar (Lima, Peru)<\/li>\n<li>Ni\u00f1o Gordo (Buenos Aires, Argentina)<\/li>\n<li>Humo Negro (Bogot\u00e1, Col\u00f4mbia)<\/li>\n<li>Parador La Huella (Jos\u00e9 Ignacio, Uruguai)<\/li>\n<li>Rafael (Lima, Peru)<\/li>\n<li>Sikwa (San Jos\u00e9, Costa Rica)<\/li>\n<li>La Docena (Cidade do M\u00e9xico, M\u00e9xico)<\/li>\n<li>Mercado 24 (Cidade da Guatemala, Guatemala)<\/li>\n<li>Cosmee (Lima, Peru)<\/li>\n<\/ol>\n<h3>Outros brasileiros premiados<\/h3>\n<p>No \u00faltimo dia 16 de novembro, os organizadores do Latin America\u2019s 50 Best Restaurants revelou a lista dos melhores restaurantes entre as posi\u00e7\u00f5es entre 100\u00b0 e 51\u00b0 lugar. Nove brasileiros apareceram na lista. Veja abaixo:<\/p>\n<p>56 \u2013 Charco (S\u00e3o Paulo)<br \/>57 \u2013 Fame Osteria (S\u00e3o Paulo)<br \/>63 \u2013 Mocot\u00f3 (S\u00e3o Paulo)<br \/>64 \u2013 Kotori (S\u00e3o Paulo)<br \/>65 \u2013 D.O.M. (S\u00e3o Paulo)<br \/>76 \u2013 Origem (Salvador)<br \/>95 \u2013 Ristorante Hotel Cipriani (Rio de Janeiro)<br \/>96 \u2013 Ocy\u00e1 (Rio de Janeiro)<br \/>97 \u2013 Kan Suke (S\u00e3o Paulo)<\/p>\n<\/div>\n<p><script>\n\t\t! function(f, b, e, v, n, t, s) {\n\t\t\tif (f.fbq) return;\n\t\t\tn = f.fbq = function() {\n\t\t\t\tn.callMethod ?\n\t\t\t\t\tn.callMethod.apply(n, arguments) : n.queue.push(arguments)\n\t\t\t};\n\t\t\tif (!f._fbq) f._fbq = n;\n\t\t\tn.push = n;\n\t\t\tn.loaded = !0;\n\t\t\tn.version = '2.0';\n\t\t\tn.queue = [];\n\t\t\tt = b.createElement(e);\n\t\t\tt.async = !0;\n\t\t\tt.src = v;\n\t\t\ts = b.getElementsByTagName(e)[0];\n\t\t\ts.parentNode.insertBefore(t, s)\n\t\t}(window, document, 'script',\n\t\t\t'https:\/\/connect.facebook.net\/en_US\/fbevents.js');\n\t\tfbq('init', '338315473262380');\n\t\tfbq('track', 'PageView');\n\t<\/script><br \/>\n<br \/><br \/>\n<br \/><a href=\"https:\/\/catracalivre.com.br\/viagem-livre\/casa-do-porco-e-o-4o-melhor-restaurante-da-america-latina\/\">Source link <\/a><\/p>\n<!-- CONTENT END 1 -->\n","protected":false},"excerpt":{"rendered":"<p>Mais uma vez, o restaurante A Casa do Porco, em S\u00e3o Paulo, foi considerado um dos 10 melhores da Am\u00e9rica Latina. A cerim\u00f4nia do pr\u00eamio&#8230;<\/p>\n","protected":false},"author":1,"featured_media":7914,"comment_status":"open","ping_status":"open","sticky":false,"template":"","format":"standard","meta":{"advanced_seo_description":"","jetpack_seo_html_title":"","jetpack_seo_noindex":false,"jetpack_post_was_ever_published":false,"_jetpack_newsletter_access":"","_jetpack_dont_email_post_to_subs":false,"_jetpack_newsletter_tier_id":0,"_jetpack_memberships_contains_paywalled_content":false,"_jetpack_memberships_contains_paid_content":false,"footnotes":"","jetpack_publicize_message":"","jetpack_publicize_feature_enabled":true,"jetpack_social_post_already_shared":true,"jetpack_social_options":{"image_generator_settings":{"template":"highway","default_image_id":0,"font":"","enabled":false},"version":2}},"categories":[19],"tags":[],"class_list":["post-7913","post","type-post","status-publish","format-standard","has-post-thumbnail","hentry","category-variedades"],"jetpack_publicize_connections":[],"jetpack_featured_media_url":"https:\/\/i0.wp.com\/noticiasribeiraopreto.com.br\/wp-content\/uploads\/2023\/11\/a-casa-do-porco-melhor-do-mundo.jpg?fit=1200%2C638&ssl=1","jetpack-related-posts":[{"id":54124,"url":"https:\/\/noticiasribeiraopreto.com.br\/index.php\/2024\/06\/28\/como-janaina-torres-se-tornou-a-melhor-chef-do-mundo\/","url_meta":{"origin":7913,"position":0},"title":"Como Jana\u00edna Torres se tornou a melhor chef do mundo","author":"noticiasribeiraopreto.com.br","date":"28 de June de 2024","format":false,"excerpt":"Marcus SteinmeyerJana\u00edna Torres inaugurou seu primeiro neg\u00f3cio em 2008 Acessibilidade L L A- A+ \u25d0 Neste ano, ela celebra 40 anos de carreira. Nascida e criada em um corti\u00e7o do Br\u00e1s, no centro de S\u00e3o Paulo, a chef Jana\u00edna Torres, iniciou a sua trajet\u00f3ria aos 9 anos, como vendedora ambulante\u2026","rel":"","context":"In &quot;Blog&quot;","block_context":{"text":"Blog","link":"https:\/\/noticiasribeiraopreto.com.br\/index.php\/category\/blog\/"},"img":{"alt_text":"","src":"https:\/\/i0.wp.com\/noticiasribeiraopreto.com.br\/wp-content\/uploads\/2024\/06\/mulheres-de-sucesso-janaina-1024x683.jpg?fit=1024%2C683&ssl=1&resize=350%2C200","width":350,"height":200,"srcset":"https:\/\/i0.wp.com\/noticiasribeiraopreto.com.br\/wp-content\/uploads\/2024\/06\/mulheres-de-sucesso-janaina-1024x683.jpg?fit=1024%2C683&ssl=1&resize=350%2C200 1x, https:\/\/i0.wp.com\/noticiasribeiraopreto.com.br\/wp-content\/uploads\/2024\/06\/mulheres-de-sucesso-janaina-1024x683.jpg?fit=1024%2C683&ssl=1&resize=525%2C300 1.5x, https:\/\/i0.wp.com\/noticiasribeiraopreto.com.br\/wp-content\/uploads\/2024\/06\/mulheres-de-sucesso-janaina-1024x683.jpg?fit=1024%2C683&ssl=1&resize=700%2C400 2x"},"classes":[]},{"id":80517,"url":"https:\/\/noticiasribeiraopreto.com.br\/index.php\/2025\/12\/04\/usp-e-a-melhor-universidade-da-america-latina-segundo-ranking-britanico\/","url_meta":{"origin":7913,"position":1},"title":"USP \u00e9 a melhor universidade da Am\u00e9rica Latina, segundo ranking brit\u00e2nico","author":"noticiasribeiraopreto.com.br","date":"4 de December de 2025","format":false,"excerpt":"A USP (Universidade de S\u00e3o Paulo) segue como a melhor universidade da Am\u00e9rica Latina, segundo o THE Latin America University Ranking, divulgado na quarta-feira (3) pela consultoria brit\u00e2nica THE (Times Higher Education). O Brasil tem sete das dez universidades mais bem classificadas. Al\u00e9m da USP, que lidera o ranking, figuram\u2026","rel":"","context":"In &quot;Not\u00edcias de Ribeir\u00e3o Preto-SP e Regi\u00e3o&quot;","block_context":{"text":"Not\u00edcias de Ribeir\u00e3o Preto-SP e Regi\u00e3o","link":"https:\/\/noticiasribeiraopreto.com.br\/index.php\/category\/noticias-de-ribeirao-preto-sp-e-regiao-ismael-colosi\/"},"img":{"alt_text":"","src":"https:\/\/i0.wp.com\/noticiasribeiraopreto.com.br\/wp-content\/uploads\/2025\/09\/20210909_usp_fachada-1024x538-1_2025-09-17_18-42-07.webp.webp?fit=1024%2C538&ssl=1&resize=350%2C200","width":350,"height":200,"srcset":"https:\/\/i0.wp.com\/noticiasribeiraopreto.com.br\/wp-content\/uploads\/2025\/09\/20210909_usp_fachada-1024x538-1_2025-09-17_18-42-07.webp.webp?fit=1024%2C538&ssl=1&resize=350%2C200 1x, https:\/\/i0.wp.com\/noticiasribeiraopreto.com.br\/wp-content\/uploads\/2025\/09\/20210909_usp_fachada-1024x538-1_2025-09-17_18-42-07.webp.webp?fit=1024%2C538&ssl=1&resize=525%2C300 1.5x, https:\/\/i0.wp.com\/noticiasribeiraopreto.com.br\/wp-content\/uploads\/2025\/09\/20210909_usp_fachada-1024x538-1_2025-09-17_18-42-07.webp.webp?fit=1024%2C538&ssl=1&resize=700%2C400 2x"},"classes":[]},{"id":65397,"url":"https:\/\/noticiasribeiraopreto.com.br\/index.php\/2025\/03\/19\/jovem-cientista-da-usp-ribeirao-e-destaque-entre-as-25-melhores-da-america-latina\/","url_meta":{"origin":7913,"position":2},"title":"Jovem cientista da USP Ribeir\u00e3o \u00e9 destaque entre as 25 melhores da Am\u00e9rica Latina","author":"noticiasribeiraopreto.com.br","date":"19 de March de 2025","format":false,"excerpt":"L\u00edvia Luiza Pinaso, estudante do 5\u00ba ano de Medicina da Faculdade de Medicina de Ribeir\u00e3o Preto (FMRP) da USP, foi reconhecida entre as 25 melhores jovens cientistas da Am\u00e9rica Latina. O pr\u00eamio foi dado pela sua pesquisa sobre a correla\u00e7\u00e3o entre mosaicismo som\u00e1tico e risco de c\u00e2ncer de mama. O\u2026","rel":"","context":"In &quot;Not\u00edcias de Ribeir\u00e3o Preto-SP e Regi\u00e3o&quot;","block_context":{"text":"Not\u00edcias de Ribeir\u00e3o Preto-SP e Regi\u00e3o","link":"https:\/\/noticiasribeiraopreto.com.br\/index.php\/category\/noticias-de-ribeirao-preto-sp-e-regiao-ismael-colosi\/"},"img":{"alt_text":"","src":"https:\/\/i0.wp.com\/noticiasribeiraopreto.com.br\/wp-content\/uploads\/2025\/03\/Copia-de-Copia-de-Copia-de-TAMANHO-EXATO-PARA-FOTOS-NO-SISTEMA-NOVO-2025-03-19T174441.038_2025-03-19_20-44-57_png_2025-03-19_20-44-57.webp.webp?fit=1200%2C675&ssl=1&resize=350%2C200","width":350,"height":200,"srcset":"https:\/\/i0.wp.com\/noticiasribeiraopreto.com.br\/wp-content\/uploads\/2025\/03\/Copia-de-Copia-de-Copia-de-TAMANHO-EXATO-PARA-FOTOS-NO-SISTEMA-NOVO-2025-03-19T174441.038_2025-03-19_20-44-57_png_2025-03-19_20-44-57.webp.webp?fit=1200%2C675&ssl=1&resize=350%2C200 1x, https:\/\/i0.wp.com\/noticiasribeiraopreto.com.br\/wp-content\/uploads\/2025\/03\/Copia-de-Copia-de-Copia-de-TAMANHO-EXATO-PARA-FOTOS-NO-SISTEMA-NOVO-2025-03-19T174441.038_2025-03-19_20-44-57_png_2025-03-19_20-44-57.webp.webp?fit=1200%2C675&ssl=1&resize=525%2C300 1.5x, https:\/\/i0.wp.com\/noticiasribeiraopreto.com.br\/wp-content\/uploads\/2025\/03\/Copia-de-Copia-de-Copia-de-TAMANHO-EXATO-PARA-FOTOS-NO-SISTEMA-NOVO-2025-03-19T174441.038_2025-03-19_20-44-57_png_2025-03-19_20-44-57.webp.webp?fit=1200%2C675&ssl=1&resize=700%2C400 2x, https:\/\/i0.wp.com\/noticiasribeiraopreto.com.br\/wp-content\/uploads\/2025\/03\/Copia-de-Copia-de-Copia-de-TAMANHO-EXATO-PARA-FOTOS-NO-SISTEMA-NOVO-2025-03-19T174441.038_2025-03-19_20-44-57_png_2025-03-19_20-44-57.webp.webp?fit=1200%2C675&ssl=1&resize=1050%2C600 3x"},"classes":[]},{"id":75151,"url":"https:\/\/noticiasribeiraopreto.com.br\/index.php\/2025\/08\/04\/montanha-russa-mais-alta-da-america-latina-ganha-forma-no-interior-de-sao-paulo\/","url_meta":{"origin":7913,"position":3},"title":"Montanha-russa mais alta da Am\u00e9rica Latina ganha forma no interior de S\u00e3o Paulo","author":"noticiasribeiraopreto.com.br","date":"4 de August de 2025","format":false,"excerpt":"A Ghostrider, montanha-russa que est\u00e1 sendo constru\u00edda no Cacau Park, em Itu, no interior de S\u00e3o Paulo, j\u00e1 come\u00e7ou a ganhar forma. Com 55 metros de altura, a montanha-russa ser\u00e1 considerada a mais alta da Am\u00e9rica Latina quando for conclu\u00edda. Em publica\u00e7\u00e3o nas redes sociais, o Cacau Park afirma que\u2026","rel":"","context":"In &quot;Not\u00edcias de Ribeir\u00e3o Preto-SP e Regi\u00e3o&quot;","block_context":{"text":"Not\u00edcias de Ribeir\u00e3o Preto-SP e Regi\u00e3o","link":"https:\/\/noticiasribeiraopreto.com.br\/index.php\/category\/noticias-de-ribeirao-preto-sp-e-regiao-ismael-colosi\/"},"img":{"alt_text":"","src":"https:\/\/i0.wp.com\/noticiasribeiraopreto.com.br\/wp-content\/uploads\/2025\/08\/ghostrider_2025-08-04_16-45-55.webp.webp?fit=898%2C504&ssl=1&resize=350%2C200","width":350,"height":200,"srcset":"https:\/\/i0.wp.com\/noticiasribeiraopreto.com.br\/wp-content\/uploads\/2025\/08\/ghostrider_2025-08-04_16-45-55.webp.webp?fit=898%2C504&ssl=1&resize=350%2C200 1x, https:\/\/i0.wp.com\/noticiasribeiraopreto.com.br\/wp-content\/uploads\/2025\/08\/ghostrider_2025-08-04_16-45-55.webp.webp?fit=898%2C504&ssl=1&resize=525%2C300 1.5x, https:\/\/i0.wp.com\/noticiasribeiraopreto.com.br\/wp-content\/uploads\/2025\/08\/ghostrider_2025-08-04_16-45-55.webp.webp?fit=898%2C504&ssl=1&resize=700%2C400 2x"},"classes":[]},{"id":52285,"url":"https:\/\/noticiasribeiraopreto.com.br\/index.php\/2024\/06\/05\/usp-cai-em-ranking-de-universidades-veja-top-10-global\/","url_meta":{"origin":7913,"position":4},"title":"USP cai em ranking de universidades; veja top 10 global","author":"noticiasribeiraopreto.com.br","date":"5 de June de 2024","format":false,"excerpt":"\u00a0 Acessibilidade L L A- A+ \u25d0 A USP (Universidade de S\u00e3o Paulo) foi desbancada pela UBA (Universidade de Buenos Aires) e perdeu a posi\u00e7\u00e3o de n\u00famero 1 da Am\u00e9rica Latina, que havia conquistado na \u00faltima edi\u00e7\u00e3o do ranking QS World das melhores universidades do mundo. Depois de ficar pela\u2026","rel":"","context":"In &quot;Blog&quot;","block_context":{"text":"Blog","link":"https:\/\/noticiasribeiraopreto.com.br\/index.php\/category\/blog\/"},"img":{"alt_text":"","src":"https:\/\/i0.wp.com\/noticiasribeiraopreto.com.br\/wp-content\/uploads\/2024\/06\/ranking-melhores-universidades-usp-1024x683.jpg?fit=1024%2C683&ssl=1&resize=350%2C200","width":350,"height":200,"srcset":"https:\/\/i0.wp.com\/noticiasribeiraopreto.com.br\/wp-content\/uploads\/2024\/06\/ranking-melhores-universidades-usp-1024x683.jpg?fit=1024%2C683&ssl=1&resize=350%2C200 1x, https:\/\/i0.wp.com\/noticiasribeiraopreto.com.br\/wp-content\/uploads\/2024\/06\/ranking-melhores-universidades-usp-1024x683.jpg?fit=1024%2C683&ssl=1&resize=525%2C300 1.5x, https:\/\/i0.wp.com\/noticiasribeiraopreto.com.br\/wp-content\/uploads\/2024\/06\/ranking-melhores-universidades-usp-1024x683.jpg?fit=1024%2C683&ssl=1&resize=700%2C400 2x"},"classes":[]},{"id":45950,"url":"https:\/\/noticiasribeiraopreto.com.br\/index.php\/2024\/04\/08\/premiado-em-cannes-o-sabor-da-vida-estreia-nesta-quinta-nos-cinemas\/","url_meta":{"origin":7913,"position":5},"title":"Premiado em Cannes, &#8216;O Sabor da Vida&#8217; estreia nesta quinta nos cinemas","author":"noticiasribeiraopreto.com.br","date":"8 de April de 2024","format":false,"excerpt":"Premiado em Cannes, \u2018O Sabor da Vida\u2019 estreia nesta quinta nos cinemasDrama estrelado por Juliette Binoche e\u00a0Beno\u00eet Magimel foi o representante da Fran\u00e7a no Oscar 2024 Estrelado pela ganhadora do Oscar Juliette Binoche e por Beno\u00eet Magimel, o filme O SABOR DA VIDA\u00a0(The Taste of Things) estreia nesta quinta-feira, 11\u2026","rel":"","context":"In &quot;Not\u00edcias de Ribeir\u00e3o Preto-SP e Regi\u00e3o&quot;","block_context":{"text":"Not\u00edcias de Ribeir\u00e3o Preto-SP e Regi\u00e3o","link":"https:\/\/noticiasribeiraopreto.com.br\/index.php\/category\/noticias-de-ribeirao-preto-sp-e-regiao-ismael-colosi\/"},"img":{"alt_text":"","src":"https:\/\/i0.wp.com\/noticiasribeiraopreto.com.br\/wp-content\/uploads\/2024\/04\/O-Sabor-da-Vida_Diamond-Films-2.jpg?fit=1200%2C675&ssl=1&resize=350%2C200","width":350,"height":200,"srcset":"https:\/\/i0.wp.com\/noticiasribeiraopreto.com.br\/wp-content\/uploads\/2024\/04\/O-Sabor-da-Vida_Diamond-Films-2.jpg?fit=1200%2C675&ssl=1&resize=350%2C200 1x, https:\/\/i0.wp.com\/noticiasribeiraopreto.com.br\/wp-content\/uploads\/2024\/04\/O-Sabor-da-Vida_Diamond-Films-2.jpg?fit=1200%2C675&ssl=1&resize=525%2C300 1.5x, https:\/\/i0.wp.com\/noticiasribeiraopreto.com.br\/wp-content\/uploads\/2024\/04\/O-Sabor-da-Vida_Diamond-Films-2.jpg?fit=1200%2C675&ssl=1&resize=700%2C400 2x, https:\/\/i0.wp.com\/noticiasribeiraopreto.com.br\/wp-content\/uploads\/2024\/04\/O-Sabor-da-Vida_Diamond-Films-2.jpg?fit=1200%2C675&ssl=1&resize=1050%2C600 3x"},"classes":[]}],"jetpack_sharing_enabled":true,"jetpack_shortlink":"https:\/\/wp.me\/peQAOb-23D","_links":{"self":[{"href":"https:\/\/noticiasribeiraopreto.com.br\/index.php\/wp-json\/wp\/v2\/posts\/7913","targetHints":{"allow":["GET"]}}],"collection":[{"href":"https:\/\/noticiasribeiraopreto.com.br\/index.php\/wp-json\/wp\/v2\/posts"}],"about":[{"href":"https:\/\/noticiasribeiraopreto.com.br\/index.php\/wp-json\/wp\/v2\/types\/post"}],"author":[{"embeddable":true,"href":"https:\/\/noticiasribeiraopreto.com.br\/index.php\/wp-json\/wp\/v2\/users\/1"}],"replies":[{"embeddable":true,"href":"https:\/\/noticiasribeiraopreto.com.br\/index.php\/wp-json\/wp\/v2\/comments?post=7913"}],"version-history":[{"count":0,"href":"https:\/\/noticiasribeiraopreto.com.br\/index.php\/wp-json\/wp\/v2\/posts\/7913\/revisions"}],"wp:featuredmedia":[{"embeddable":true,"href":"https:\/\/noticiasribeiraopreto.com.br\/index.php\/wp-json\/wp\/v2\/media\/7914"}],"wp:attachment":[{"href":"https:\/\/noticiasribeiraopreto.com.br\/index.php\/wp-json\/wp\/v2\/media?parent=7913"}],"wp:term":[{"taxonomy":"category","embeddable":true,"href":"https:\/\/noticiasribeiraopreto.com.br\/index.php\/wp-json\/wp\/v2\/categories?post=7913"},{"taxonomy":"post_tag","embeddable":true,"href":"https:\/\/noticiasribeiraopreto.com.br\/index.php\/wp-json\/wp\/v2\/tags?post=7913"}],"curies":[{"name":"wp","href":"https:\/\/api.w.org\/{rel}","templated":true}]}}