{"id":79130,"date":"2025-10-24T20:08:41","date_gmt":"2025-10-24T23:08:41","guid":{"rendered":"https:\/\/noticiasribeiraopreto.com.br\/index.php\/2025\/10\/24\/caso-bigodini-defesa-do-vereador-se-pronuncia-apos-conclusao-das-investigacoes\/"},"modified":"2025-10-24T20:08:41","modified_gmt":"2025-10-24T23:08:41","slug":"caso-bigodini-defesa-do-vereador-se-pronuncia-apos-conclusao-das-investigacoes","status":"publish","type":"post","link":"https:\/\/noticiasribeiraopreto.com.br\/index.php\/2025\/10\/24\/caso-bigodini-defesa-do-vereador-se-pronuncia-apos-conclusao-das-investigacoes\/","title":{"rendered":"Caso Bigodini: Defesa do vereador se pronuncia ap\u00f3s conclus\u00e3o das investiga\u00e7\u00f5es"},"content":{"rendered":"<div class='code-block code-block-1' style='margin: 8px 0 8px auto; text-align: right; display: block; clear: both;'>\n<p><a href=\"https:\/\/wa.link\/vpicfd\"><img data-recalc-dims=\"1\" class=\"wp-image-4922\" style=\"aspect-ratio: 2.0253164556962027; width: 561px; height: auto;\" src=\"https:\/\/i0.wp.com\/ismaelcolosi.com.br\/wp-content\/uploads\/2023\/11\/grupo-de-empregos-whatsapp-e-facebook-ismael-colosi-vagas.jpg?ssl=1\" alt=\"\" \/><\/a><\/p>\n<!-- \/wp:image -->\n<\/div>\n<p> <br \/>\n<\/p>\n<div>\n<p>Os advogados de defesa do vereador <strong>Roger Ronan da Silva<\/strong>, conhecido como <strong>Bigodini<\/strong>, informaram nesta quinta-feira (24) que ainda n\u00e3o analisaram todas as novas provas inclu\u00eddas no inqu\u00e9rito que investiga o parlamentar.<\/p>\n<p>De acordo com a nota divulgada \u00e0 imprensa, a autoridade policial <strong>anexou 233 p\u00e1ginas ao processo<\/strong> no mesmo dia, o que, segundo a defesa, impediu a an\u00e1lise completa do conte\u00fado.<\/p>\n<div class=\"wp-block-image\">\n<figure class=\"aligncenter size-large\"><img data-recalc-dims=\"1\" fetchpriority=\"high\" decoding=\"async\" width=\"1024\" height=\"576\" src=\"https:\/\/i0.wp.com\/cdn.media-acidadeon.com.br\/ribeiraopreto\/wp-content\/uploads\/sites\/3\/2025\/10\/Copia-de-Copia-de-Copia-de-TAMANHO-EXATO-PARA-FOTOS-NO-SISTEMA-NOVO-2025-10-24T175546.003_2025-10-24_20-56-07-1024x576.webp?resize=1024%2C576&#038;ssl=1\" alt=\"nota vereador\" class=\"wp-image-133452\" title=\"Caso Bigodini: Defesa do vereador se pronuncia ap\u00f3s conclus\u00e3o das investiga\u00e7\u00f5es 1\" srcset=\"https:\/\/cdn.media-acidadeon.com.br\/ribeiraopreto\/wp-content\/uploads\/sites\/3\/2025\/10\/Copia-de-Copia-de-Copia-de-TAMANHO-EXATO-PARA-FOTOS-NO-SISTEMA-NOVO-2025-10-24T175546.003_2025-10-24_20-56-07-1024x576.webp 1024w, https:\/\/cdn.media-acidadeon.com.br\/ribeiraopreto\/wp-content\/uploads\/sites\/3\/2025\/10\/Copia-de-Copia-de-Copia-de-TAMANHO-EXATO-PARA-FOTOS-NO-SISTEMA-NOVO-2025-10-24T175546.003_2025-10-24_20-56-07-300x169.webp 300w, https:\/\/cdn.media-acidadeon.com.br\/ribeiraopreto\/wp-content\/uploads\/sites\/3\/2025\/10\/Copia-de-Copia-de-Copia-de-TAMANHO-EXATO-PARA-FOTOS-NO-SISTEMA-NOVO-2025-10-24T175546.003_2025-10-24_20-56-07-768x432.webp 768w, https:\/\/cdn.media-acidadeon.com.br\/ribeiraopreto\/wp-content\/uploads\/sites\/3\/2025\/10\/Copia-de-Copia-de-Copia-de-TAMANHO-EXATO-PARA-FOTOS-NO-SISTEMA-NOVO-2025-10-24T175546.003_2025-10-24_20-56-07-696x392.webp 696w, https:\/\/cdn.media-acidadeon.com.br\/ribeiraopreto\/wp-content\/uploads\/sites\/3\/2025\/10\/Copia-de-Copia-de-Copia-de-TAMANHO-EXATO-PARA-FOTOS-NO-SISTEMA-NOVO-2025-10-24T175546.003_2025-10-24_20-56-07-1068x601.webp 1068w, https:\/\/cdn.media-acidadeon.com.br\/ribeiraopreto\/wp-content\/uploads\/sites\/3\/2025\/10\/Copia-de-Copia-de-Copia-de-TAMANHO-EXATO-PARA-FOTOS-NO-SISTEMA-NOVO-2025-10-24T175546.003_2025-10-24_20-56-07.webp 1200w\" sizes=\"(max-width: 1024px) 100vw, 1024px\"\/><figcaption class=\"wp-element-caption\">nota vereador<\/figcaption><\/figure>\n<\/div>\n<p>Os advogados <strong>Wesley Felipe Martins dos Santos Rodrigues<\/strong> e <strong>Paulo Roberto Pereira Marques<\/strong> afirmaram que, embora o procedimento investigativo j\u00e1 esteja conclu\u00eddo, a defesa <strong>ainda n\u00e3o exerceu o contradit\u00f3rio<\/strong> sobre as provas rec\u00e9m-juntadas aos autos.<\/p>\n<p>Eles ressaltaram que o vereador <strong>permanece \u00e0 disposi\u00e7\u00e3o das autoridades<\/strong> para prestar esclarecimentos a qualquer momento.<\/p>\n<h3 class=\"wp-block-heading\"><strong>Leia na \u00edntegra:<\/strong><\/h3>\n<p><em>Os advogados <strong>WESLEY FELIPE MARTINS DOS SANTOS RODRIGUES<\/strong> e <strong>PAULO ROBERTO PEREIRA MARQUES<\/strong>, que patrocinam a defesa do vereador <strong>ROGER RONAN DA SILVA<\/strong> (popularmente conhecido como <strong>Bigodini<\/strong>) com seriedade, profissionalismo e absoluto compromisso com o devido processo legal, v\u00eam a p\u00fablico esclarecer:<\/em><\/p>\n<p><em>Que, uma vez mais, tomou conhecimento, por meio das m\u00eddias digitais, da exist\u00eancia de novos elementos probat\u00f3rios que foram juntados aos autos apenas nesta data (<strong>24\/10<\/strong>). Ressalta-se que a autoridade policial anexou <strong>233 folhas ao processo<\/strong>, motivo pelo qual n\u00e3o houve tempo h\u00e1bil para que a defesa procedesse \u00e0 an\u00e1lise minuciosa de todo o conte\u00fado apresentado.<\/em><\/p>\n<p><em>N\u00e3o por outra raz\u00e3o, embora o procedimento investigativo j\u00e1 tenha sido conclu\u00eddo, a defesa ainda n\u00e3o teve a oportunidade de exercer o contradit\u00f3rio em rela\u00e7\u00e3o aos elementos probat\u00f3rios recentemente encartados aos autos, circunst\u00e2ncia que inviabiliza a formula\u00e7\u00e3o de conclus\u00f5es temer\u00e1rias acerca de provas cuja idoneidade n\u00e3o p\u00f4de, at\u00e9 o momento, ser aferida pela pr\u00f3pria defesa.<\/em><\/p>\n<p><em>Derradeiramente, esclare\u00e7a-se que <strong>ROGER sempre esteve e permanecer\u00e1 \u00e0 disposi\u00e7\u00e3o das autoridades<\/strong> para quaisquer esclarecimentos que se fa\u00e7am necess\u00e1rios.<\/em><\/p>\n<p><strong><em>Smj, era o que havia a declarar.<\/em><\/strong><\/p>\n<p><strong><em>Ribeir\u00e3o Preto\/SP, aos 24 de outubro de 2.025<\/em><\/strong><\/p>\n<h3 class=\"wp-block-heading\"><strong>Caso Bigodini<\/strong><\/h3>\n<p>V\u00eddeos in\u00e9ditos divulgados pela <strong>Pol\u00edcia Civil<\/strong> nesta sexta-feira (24) flagraram o vereador <strong>Roger Ronan da Silva<\/strong>, o <strong>Bigodini (MDB)<\/strong>, antes do acidente de tr\u00e2nsito em que se envolveu em <strong>Ribeir\u00e3o Preto<\/strong>. As imagens mostram o parlamentar <strong>comprando bebidas alco\u00f3licas<\/strong> em uma loja de conveni\u00eancia, <strong>cambaleando<\/strong> em uma casa de shows e <strong>dirigindo em alta velocidade<\/strong>.<\/p>\n<p>Tamb\u00e9m nesta sexta, a pol\u00edcia concluiu as investiga\u00e7\u00f5es do caso e apontou que <strong>Bigodini mentiu ao afirmar que a namorada, Isabela de C\u00e1ssia de Andrade Faria, conduzia o ve\u00edculo<\/strong> no momento do acidente. <\/p>\n<p>O vereador foi <strong>indiciado por embriaguez ao volante, falsidade ideol\u00f3gica e fraude processual<\/strong>. J\u00e1 a mulher foi <strong>indiciada por falsidade ideol\u00f3gica, fraude processual e autoacusa\u00e7\u00e3o falsa<\/strong>.<\/p>\n<hr class=\"wp-block-separator has-alpha-channel-opacity\"\/>\n<p>SAIBA MAIS<\/p>\n<p>Mulher procurada ap\u00f3s roubo a pr\u00e9dio em Ribeir\u00e3o Preto consegue fugir em SC<\/p>\n<h2 class=\"wp-block-heading\"><strong>FIQUE ON<\/strong><\/h2>\n<p>Fique ligado em tudo que acontece em Ribeir\u00e3o Preto e regi\u00e3o. Siga os perfis do\u00a0<strong>acidade on\u00a0<\/strong>no\u00a0<a href=\"https:\/\/www.instagram.com\/acidadeonribeirao\" target=\"_blank\" rel=\"noreferrer noopener\">Instagram<\/a>\u00a0e no<a href=\"https:\/\/www.facebook.com\/acidadeonribeirao\/\" target=\"_blank\" rel=\"noreferrer noopener\">\u00a0Facebook<\/a>.<\/p>\n<p>Receba not\u00edcias do<strong>\u00a0acidade on<\/strong>\u00a0no WhatsApp. Para entrar no grupo,\u00a0basta\u00a0<a href=\"https:\/\/chat.whatsapp.com\/I4nieTEMKlf50pJ28aMemC?mode=ac_t\" target=\"_blank\" rel=\"noreferrer noopener\">clicar aqui<\/a>. Ou, acesse o nosso\u00a0Canal\u00a0<a href=\"https:\/\/whatsapp.com\/channel\/0029Vb6IQl1JENyAeS57fk2p\" target=\"_blank\" rel=\"noreferrer noopener\">clicando aqui<\/a>.<\/p>\n<p>Fa\u00e7a uma den\u00fancia ou sugira uma reportagem sobre Ribeir\u00e3o Preto e regi\u00e3o pelo WhatsApp: 16 99117 7802.<\/p>\n<p>VEJA TAMB\u00c9M<\/p>\n<p>Como conseguir ingressos para o show gr\u00e1tis do Maroon 5 no Brasil?<\/p>\n<p><!-- AI CONTENT END 1 -->\n<\/div>\n<p><script async src=\"\/\/www.instagram.com\/embed.js\"><\/script><br \/>\n<br \/><br \/>\n<br \/><a href=\"https:\/\/www.acidadeon.com\/ribeiraopreto\/politica\/caso-bigodini-defesa-do-vereador-se-pronuncia-apos-conclusao-das-investigacoes\/\">Source link <\/a><\/p>\n<!-- CONTENT END 1 -->\n","protected":false},"excerpt":{"rendered":"<p>Os advogados de defesa do vereador Roger Ronan da Silva, conhecido como Bigodini, informaram nesta quinta-feira (24) que ainda n\u00e3o analisaram todas as novas provas&#8230;<\/p>\n","protected":false},"author":1,"featured_media":79131,"comment_status":"open","ping_status":"open","sticky":false,"template":"","format":"standard","meta":{"advanced_seo_description":"","jetpack_seo_html_title":"","jetpack_seo_noindex":false,"jetpack_post_was_ever_published":false,"_jetpack_newsletter_access":"","_jetpack_dont_email_post_to_subs":false,"_jetpack_newsletter_tier_id":0,"_jetpack_memberships_contains_paywalled_content":false,"_jetpack_memberships_contains_paid_content":false,"footnotes":"","jetpack_publicize_message":"","jetpack_publicize_feature_enabled":true,"jetpack_social_post_already_shared":true,"jetpack_social_options":{"image_generator_settings":{"template":"highway","default_image_id":0,"font":"","enabled":false},"version":2}},"categories":[11],"tags":[],"class_list":["post-79130","post","type-post","status-publish","format-standard","has-post-thumbnail","hentry","category-noticias-de-ribeirao-preto-sp-e-regiao-ismael-colosi"],"jetpack_publicize_connections":[],"jetpack_featured_media_url":"https:\/\/i0.wp.com\/noticiasribeiraopreto.com.br\/wp-content\/uploads\/2025\/10\/Imagem-do-WhatsApp-de-2025-10-22-as-16.13.51_ec1ee62b_2025-10-22_19-19-05.webp.webp?fit=1200%2C800&ssl=1","jetpack-related-posts":[{"id":78707,"url":"https:\/\/noticiasribeiraopreto.com.br\/index.php\/2025\/10\/16\/camara-de-ribeirao-preto-recebe-defesa-de-bigodini-em-processo-de-cassacao\/","url_meta":{"origin":79130,"position":0},"title":"C\u00e2mara de Ribeir\u00e3o Preto recebe defesa de Bigodini em processo de cassa\u00e7\u00e3o","author":"noticiasribeiraopreto.com.br","date":"16 de October de 2025","format":false,"excerpt":"A C\u00e2mara de Ribeir\u00e3o Preto recebeu nesta quinta-feira (16) a defesa do vereador Roger Ronan da Silva, o Bigodini (MDB), alvo de um processo de cassa\u00e7\u00e3o. O vereador \u00e9 investigado por ter se envolvido em um acidente na avenida do Caf\u00e9 no final de setembro, no qual ele alega que\u2026","rel":"","context":"In &quot;Not\u00edcias de Ribeir\u00e3o Preto-SP e Regi\u00e3o&quot;","block_context":{"text":"Not\u00edcias de Ribeir\u00e3o Preto-SP e Regi\u00e3o","link":"https:\/\/noticiasribeiraopreto.com.br\/index.php\/category\/noticias-de-ribeirao-preto-sp-e-regiao-ismael-colosi\/"},"img":{"alt_text":"","src":"https:\/\/i0.wp.com\/noticiasribeiraopreto.com.br\/wp-content\/uploads\/2025\/09\/Copia-de-Copia-de-Copia-de-TAMANHO-EXATO-PARA-FOTOS-NO-SISTEMA-NOVO-2025-09-29T194022.694_2025-09-29_22-40-31.webp.webp?fit=1200%2C675&ssl=1&resize=350%2C200","width":350,"height":200,"srcset":"https:\/\/i0.wp.com\/noticiasribeiraopreto.com.br\/wp-content\/uploads\/2025\/09\/Copia-de-Copia-de-Copia-de-TAMANHO-EXATO-PARA-FOTOS-NO-SISTEMA-NOVO-2025-09-29T194022.694_2025-09-29_22-40-31.webp.webp?fit=1200%2C675&ssl=1&resize=350%2C200 1x, https:\/\/i0.wp.com\/noticiasribeiraopreto.com.br\/wp-content\/uploads\/2025\/09\/Copia-de-Copia-de-Copia-de-TAMANHO-EXATO-PARA-FOTOS-NO-SISTEMA-NOVO-2025-09-29T194022.694_2025-09-29_22-40-31.webp.webp?fit=1200%2C675&ssl=1&resize=525%2C300 1.5x, https:\/\/i0.wp.com\/noticiasribeiraopreto.com.br\/wp-content\/uploads\/2025\/09\/Copia-de-Copia-de-Copia-de-TAMANHO-EXATO-PARA-FOTOS-NO-SISTEMA-NOVO-2025-09-29T194022.694_2025-09-29_22-40-31.webp.webp?fit=1200%2C675&ssl=1&resize=700%2C400 2x, https:\/\/i0.wp.com\/noticiasribeiraopreto.com.br\/wp-content\/uploads\/2025\/09\/Copia-de-Copia-de-Copia-de-TAMANHO-EXATO-PARA-FOTOS-NO-SISTEMA-NOVO-2025-09-29T194022.694_2025-09-29_22-40-31.webp.webp?fit=1200%2C675&ssl=1&resize=1050%2C600 3x"},"classes":[]},{"id":79016,"url":"https:\/\/noticiasribeiraopreto.com.br\/index.php\/2025\/10\/22\/saiba-o-que-a-defesa-de-bigodini-alegou-ao-conselho-de-etica-em-processo-de-cassacao\/","url_meta":{"origin":79130,"position":1},"title":"Saiba o que a defesa de Bigodini alegou ao Conselho de \u00c9tica em processo de cassa\u00e7\u00e3o","author":"noticiasribeiraopreto.com.br","date":"22 de October de 2025","format":false,"excerpt":"O Conselho de \u00c9tica da C\u00e2mara Municipal de Ribeir\u00e3o Preto oficializou nesta quarta-feira (22) o recebimento da defesa do vereador Roger Ronan da Silva, o Bigodini (MDB), no processo de cassa\u00e7\u00e3o enfrentado pelo parlamentar. Bigodini \u00e9 investigado por quebra de decoro parlamentar ap\u00f3s ter se envolvido em um acidente de\u2026","rel":"","context":"In &quot;Not\u00edcias de Ribeir\u00e3o Preto-SP e Regi\u00e3o&quot;","block_context":{"text":"Not\u00edcias de Ribeir\u00e3o Preto-SP e Regi\u00e3o","link":"https:\/\/noticiasribeiraopreto.com.br\/index.php\/category\/noticias-de-ribeirao-preto-sp-e-regiao-ismael-colosi\/"},"img":{"alt_text":"","src":"https:\/\/i0.wp.com\/noticiasribeiraopreto.com.br\/wp-content\/uploads\/2025\/10\/Imagem-do-WhatsApp-de-2025-10-22-as-16.14.20_4d71a886_2025-10-22_19-19-07.webp.webp?fit=1200%2C800&ssl=1&resize=350%2C200","width":350,"height":200,"srcset":"https:\/\/i0.wp.com\/noticiasribeiraopreto.com.br\/wp-content\/uploads\/2025\/10\/Imagem-do-WhatsApp-de-2025-10-22-as-16.14.20_4d71a886_2025-10-22_19-19-07.webp.webp?fit=1200%2C800&ssl=1&resize=350%2C200 1x, https:\/\/i0.wp.com\/noticiasribeiraopreto.com.br\/wp-content\/uploads\/2025\/10\/Imagem-do-WhatsApp-de-2025-10-22-as-16.14.20_4d71a886_2025-10-22_19-19-07.webp.webp?fit=1200%2C800&ssl=1&resize=525%2C300 1.5x, https:\/\/i0.wp.com\/noticiasribeiraopreto.com.br\/wp-content\/uploads\/2025\/10\/Imagem-do-WhatsApp-de-2025-10-22-as-16.14.20_4d71a886_2025-10-22_19-19-07.webp.webp?fit=1200%2C800&ssl=1&resize=700%2C400 2x, https:\/\/i0.wp.com\/noticiasribeiraopreto.com.br\/wp-content\/uploads\/2025\/10\/Imagem-do-WhatsApp-de-2025-10-22-as-16.14.20_4d71a886_2025-10-22_19-19-07.webp.webp?fit=1200%2C800&ssl=1&resize=1050%2C600 3x"},"classes":[]},{"id":79033,"url":"https:\/\/noticiasribeiraopreto.com.br\/index.php\/2025\/10\/23\/defesa-de-vereador-bigodini-pede-fim-de-processo\/","url_meta":{"origin":79130,"position":2},"title":"Defesa de vereador \u2028Bigodini pede fim de processo","author":"noticiasribeiraopreto.com.br","date":"23 de October de 2025","format":false,"excerpt":"Conselho de \u00c9tica da C\u00e2mara de Ribeir\u00e3o Preto j\u00e1 est\u00e1 analisando documentos da Pol\u00edcia Civil e da defesa\u2028\u2028 Na tarde desta quarta-feira, 22 de outubro, o Conselho de \u00c9tica e Decoro Parlamentar da C\u00e2mara de Ribeir\u00e3o Preto realizou sua segunda reuni\u00e3o para dar continuidade \u00e0 an\u00e1lise do processo de cassa\u00e7\u00e3o\u2026","rel":"","context":"In &quot;Not\u00edcias de Ribeir\u00e3o Preto-SP e Regi\u00e3o&quot;","block_context":{"text":"Not\u00edcias de Ribeir\u00e3o Preto-SP e Regi\u00e3o","link":"https:\/\/noticiasribeiraopreto.com.br\/index.php\/category\/noticias-de-ribeirao-preto-sp-e-regiao-ismael-colosi\/"},"img":{"alt_text":"","src":"https:\/\/i0.wp.com\/noticiasribeiraopreto.com.br\/wp-content\/uploads\/2025\/10\/Bigodini-Thaisa-Coroado-Camara-1-scaled.jpg?fit=1170%2C780&ssl=1&resize=350%2C200","width":350,"height":200,"srcset":"https:\/\/i0.wp.com\/noticiasribeiraopreto.com.br\/wp-content\/uploads\/2025\/10\/Bigodini-Thaisa-Coroado-Camara-1-scaled.jpg?fit=1170%2C780&ssl=1&resize=350%2C200 1x, https:\/\/i0.wp.com\/noticiasribeiraopreto.com.br\/wp-content\/uploads\/2025\/10\/Bigodini-Thaisa-Coroado-Camara-1-scaled.jpg?fit=1170%2C780&ssl=1&resize=525%2C300 1.5x, https:\/\/i0.wp.com\/noticiasribeiraopreto.com.br\/wp-content\/uploads\/2025\/10\/Bigodini-Thaisa-Coroado-Camara-1-scaled.jpg?fit=1170%2C780&ssl=1&resize=700%2C400 2x, https:\/\/i0.wp.com\/noticiasribeiraopreto.com.br\/wp-content\/uploads\/2025\/10\/Bigodini-Thaisa-Coroado-Camara-1-scaled.jpg?fit=1170%2C780&ssl=1&resize=1050%2C600 3x"},"classes":[]},{"id":79910,"url":"https:\/\/noticiasribeiraopreto.com.br\/index.php\/2025\/11\/10\/camara-de-ribeirao-preto-suspende-mandato-de-bigodini-por-180-dias\/","url_meta":{"origin":79130,"position":3},"title":"C\u00e2mara de Ribeir\u00e3o Preto suspende mandato de Bigodini por 180 dias","author":"noticiasribeiraopreto.com.br","date":"10 de November de 2025","format":false,"excerpt":"O vereador Roger Ronan da Silva, conhecido como Bigodini (MDB), teve o mandato suspenso por 180 dias corridos e sem remunera\u00e7\u00e3o ap\u00f3s vota\u00e7\u00e3o realizada pela C\u00e2mara Municipal de Ribeir\u00e3o Preto nesta segunda-feira (10). Suspens\u00e3o do mandato Dos 20 vereadores presentes, 19 votaram a favor da suspens\u00e3o, acompanhando o parecer do\u2026","rel":"","context":"In &quot;Not\u00edcias de Ribeir\u00e3o Preto-SP e Regi\u00e3o&quot;","block_context":{"text":"Not\u00edcias de Ribeir\u00e3o Preto-SP e Regi\u00e3o","link":"https:\/\/noticiasribeiraopreto.com.br\/index.php\/category\/noticias-de-ribeirao-preto-sp-e-regiao-ismael-colosi\/"},"img":{"alt_text":"","src":"https:\/\/i0.wp.com\/noticiasribeiraopreto.com.br\/wp-content\/uploads\/2025\/11\/Imagem-do-WhatsApp-de-2025-11-10-as-18.36.46_a7265e05_2025-11-10_23-02-57.webp.webp?fit=1200%2C900&ssl=1&resize=350%2C200","width":350,"height":200,"srcset":"https:\/\/i0.wp.com\/noticiasribeiraopreto.com.br\/wp-content\/uploads\/2025\/11\/Imagem-do-WhatsApp-de-2025-11-10-as-18.36.46_a7265e05_2025-11-10_23-02-57.webp.webp?fit=1200%2C900&ssl=1&resize=350%2C200 1x, https:\/\/i0.wp.com\/noticiasribeiraopreto.com.br\/wp-content\/uploads\/2025\/11\/Imagem-do-WhatsApp-de-2025-11-10-as-18.36.46_a7265e05_2025-11-10_23-02-57.webp.webp?fit=1200%2C900&ssl=1&resize=525%2C300 1.5x, https:\/\/i0.wp.com\/noticiasribeiraopreto.com.br\/wp-content\/uploads\/2025\/11\/Imagem-do-WhatsApp-de-2025-11-10-as-18.36.46_a7265e05_2025-11-10_23-02-57.webp.webp?fit=1200%2C900&ssl=1&resize=700%2C400 2x, https:\/\/i0.wp.com\/noticiasribeiraopreto.com.br\/wp-content\/uploads\/2025\/11\/Imagem-do-WhatsApp-de-2025-11-10-as-18.36.46_a7265e05_2025-11-10_23-02-57.webp.webp?fit=1200%2C900&ssl=1&resize=1050%2C600 3x"},"classes":[]},{"id":78702,"url":"https:\/\/noticiasribeiraopreto.com.br\/index.php\/2025\/10\/16\/bigodini-deveria-ser-ouvido-na-policia-mas-manda-advogado-no-lugar\/","url_meta":{"origin":79130,"position":4},"title":"Bigodini deveria ser ouvido na pol\u00edcia, mas manda advogado no lugar","author":"noticiasribeiraopreto.com.br","date":"16 de October de 2025","format":false,"excerpt":"O vereador Roger Ronan da Silva, o Bigodini (MDB), n\u00e3o compareceu na delegacia seccional de Ribeir\u00e3o Preto, na manh\u00e3 desta quinta-feira (16), onde deveria prestar depoimento sobre o acidente em que se envolveu, na avenida do Caf\u00e9, no final de setembro. O vereador alega que era o passageiro no ve\u00edculo.\u2026","rel":"","context":"In &quot;Not\u00edcias de Ribeir\u00e3o Preto-SP e Regi\u00e3o&quot;","block_context":{"text":"Not\u00edcias de Ribeir\u00e3o Preto-SP e Regi\u00e3o","link":"https:\/\/noticiasribeiraopreto.com.br\/index.php\/category\/noticias-de-ribeirao-preto-sp-e-regiao-ismael-colosi\/"},"img":{"alt_text":"","src":"https:\/\/i0.wp.com\/noticiasribeiraopreto.com.br\/wp-content\/uploads\/2025\/09\/bigodini_2025-09-30_13-54-26.webp.webp?fit=1200%2C838&ssl=1&resize=350%2C200","width":350,"height":200,"srcset":"https:\/\/i0.wp.com\/noticiasribeiraopreto.com.br\/wp-content\/uploads\/2025\/09\/bigodini_2025-09-30_13-54-26.webp.webp?fit=1200%2C838&ssl=1&resize=350%2C200 1x, https:\/\/i0.wp.com\/noticiasribeiraopreto.com.br\/wp-content\/uploads\/2025\/09\/bigodini_2025-09-30_13-54-26.webp.webp?fit=1200%2C838&ssl=1&resize=525%2C300 1.5x, https:\/\/i0.wp.com\/noticiasribeiraopreto.com.br\/wp-content\/uploads\/2025\/09\/bigodini_2025-09-30_13-54-26.webp.webp?fit=1200%2C838&ssl=1&resize=700%2C400 2x, https:\/\/i0.wp.com\/noticiasribeiraopreto.com.br\/wp-content\/uploads\/2025\/09\/bigodini_2025-09-30_13-54-26.webp.webp?fit=1200%2C838&ssl=1&resize=1050%2C600 3x"},"classes":[]},{"id":78893,"url":"https:\/\/noticiasribeiraopreto.com.br\/index.php\/2025\/10\/20\/bigodini-se-afasta-por-mais-dez-dias\/","url_meta":{"origin":79130,"position":5},"title":"Bigodini se afasta por mais dez dias","author":"noticiasribeiraopreto.com.br","date":"20 de October de 2025","format":false,"excerpt":"20 de outubro de 2025 18:153 Compartilhar0 O vereador de Ribeir\u00e3o Preto, Roger Ronan da Silva, o Bigodini (MDB) protocolou nesta segunda-feira, 16 de outubro, um novo atestado m\u00e9dico com dura\u00e7\u00e3o de mais dez dias, para justificar sua aus\u00eancia das atividades parlamentares.Desde o acidente de tr\u00e2nsito em que se envolveu,\u2026","rel":"","context":"In &quot;Not\u00edcias de Ribeir\u00e3o Preto-SP e Regi\u00e3o&quot;","block_context":{"text":"Not\u00edcias de Ribeir\u00e3o Preto-SP e Regi\u00e3o","link":"https:\/\/noticiasribeiraopreto.com.br\/index.php\/category\/noticias-de-ribeirao-preto-sp-e-regiao-ismael-colosi\/"},"img":{"alt_text":"","src":"https:\/\/i0.wp.com\/noticiasribeiraopreto.com.br\/wp-content\/uploads\/2025\/10\/1760995117_bigodini-scaled.jpg?fit=1170%2C780&ssl=1&resize=350%2C200","width":350,"height":200,"srcset":"https:\/\/i0.wp.com\/noticiasribeiraopreto.com.br\/wp-content\/uploads\/2025\/10\/1760995117_bigodini-scaled.jpg?fit=1170%2C780&ssl=1&resize=350%2C200 1x, https:\/\/i0.wp.com\/noticiasribeiraopreto.com.br\/wp-content\/uploads\/2025\/10\/1760995117_bigodini-scaled.jpg?fit=1170%2C780&ssl=1&resize=525%2C300 1.5x, https:\/\/i0.wp.com\/noticiasribeiraopreto.com.br\/wp-content\/uploads\/2025\/10\/1760995117_bigodini-scaled.jpg?fit=1170%2C780&ssl=1&resize=700%2C400 2x, https:\/\/i0.wp.com\/noticiasribeiraopreto.com.br\/wp-content\/uploads\/2025\/10\/1760995117_bigodini-scaled.jpg?fit=1170%2C780&ssl=1&resize=1050%2C600 3x"},"classes":[]}],"jetpack_sharing_enabled":true,"jetpack_shortlink":"https:\/\/wp.me\/peQAOb-kAi","_links":{"self":[{"href":"https:\/\/noticiasribeiraopreto.com.br\/index.php\/wp-json\/wp\/v2\/posts\/79130","targetHints":{"allow":["GET"]}}],"collection":[{"href":"https:\/\/noticiasribeiraopreto.com.br\/index.php\/wp-json\/wp\/v2\/posts"}],"about":[{"href":"https:\/\/noticiasribeiraopreto.com.br\/index.php\/wp-json\/wp\/v2\/types\/post"}],"author":[{"embeddable":true,"href":"https:\/\/noticiasribeiraopreto.com.br\/index.php\/wp-json\/wp\/v2\/users\/1"}],"replies":[{"embeddable":true,"href":"https:\/\/noticiasribeiraopreto.com.br\/index.php\/wp-json\/wp\/v2\/comments?post=79130"}],"version-history":[{"count":0,"href":"https:\/\/noticiasribeiraopreto.com.br\/index.php\/wp-json\/wp\/v2\/posts\/79130\/revisions"}],"wp:featuredmedia":[{"embeddable":true,"href":"https:\/\/noticiasribeiraopreto.com.br\/index.php\/wp-json\/wp\/v2\/media\/79131"}],"wp:attachment":[{"href":"https:\/\/noticiasribeiraopreto.com.br\/index.php\/wp-json\/wp\/v2\/media?parent=79130"}],"wp:term":[{"taxonomy":"category","embeddable":true,"href":"https:\/\/noticiasribeiraopreto.com.br\/index.php\/wp-json\/wp\/v2\/categories?post=79130"},{"taxonomy":"post_tag","embeddable":true,"href":"https:\/\/noticiasribeiraopreto.com.br\/index.php\/wp-json\/wp\/v2\/tags?post=79130"}],"curies":[{"name":"wp","href":"https:\/\/api.w.org\/{rel}","templated":true}]}}