{"id":79132,"date":"2025-10-24T20:16:36","date_gmt":"2025-10-24T23:16:36","guid":{"rendered":"https:\/\/noticiasribeiraopreto.com.br\/index.php\/2025\/10\/24\/onde-a-cesta-basica-e-mais-cara-em-ribeirao-preto-confira-os-dados\/"},"modified":"2025-10-24T20:16:36","modified_gmt":"2025-10-24T23:16:36","slug":"onde-a-cesta-basica-e-mais-cara-em-ribeirao-preto-confira-os-dados","status":"publish","type":"post","link":"https:\/\/noticiasribeiraopreto.com.br\/index.php\/2025\/10\/24\/onde-a-cesta-basica-e-mais-cara-em-ribeirao-preto-confira-os-dados\/","title":{"rendered":"Onde a cesta b\u00e1sica \u00e9 mais cara em Ribeir\u00e3o Preto? Confira os dados"},"content":{"rendered":"<div class='code-block code-block-1' style='margin: 8px 0 8px auto; text-align: right; display: block; clear: both;'>\n<p><a href=\"https:\/\/wa.link\/vpicfd\"><img data-recalc-dims=\"1\" class=\"wp-image-4922\" style=\"aspect-ratio: 2.0253164556962027; width: 561px; height: auto;\" src=\"https:\/\/i0.wp.com\/ismaelcolosi.com.br\/wp-content\/uploads\/2023\/11\/grupo-de-empregos-whatsapp-e-facebook-ismael-colosi-vagas.jpg?ssl=1\" alt=\"\" \/><\/a><\/p>\n<!-- \/wp:image -->\n<\/div>\n<p> <br \/>\n<\/p>\n<div>\n<p>O levantamento do<strong> Instituto de Economia Maur\u00edlio Biagi (IEMB<\/strong>), em parceria com a <strong>Associa\u00e7\u00e3o Comercial e Industrial de Ribeir\u00e3o Preto <\/strong>(Acirp), revelou diferen\u00e7as expressivas no custo da cesta b\u00e1sica entre as regi\u00f5es da cidade em outubro de 2025. <\/p>\n<p>A <strong>zona Sul<\/strong> apresentou o <strong>maior valor m\u00e9dio<\/strong>, <strong>R$ 762,54<\/strong>, tornando-se a regi\u00e3o mais cara, enquanto a <strong>Oeste<\/strong> teve o menor custo, <strong>R$ 659,81<\/strong>. Confira os n\u00fameros completos:<\/p>\n<ul class=\"wp-block-list\">\n<li><strong>Norte: <\/strong><br \/>+1,01% \/<strong> R$ 675,91<\/strong><\/li>\n<li><strong>Leste: <\/strong><br \/>+2,43% \/<strong> R$ 728,63<\/strong><\/li>\n<li><strong>Oeste: <\/strong><br \/>-1,41% \/ <strong>R$ 659,81<\/strong><\/li>\n<li><strong>Sul: <\/strong><br \/>+0,18% \/<strong> R$ 762,54<\/strong><\/li>\n<li><strong>Central: <\/strong><br \/>-9,83% \/ <strong>R$ 710,35<\/strong><\/li>\n<\/ul>\n<h3 class=\"wp-block-heading\"><strong>Queda geral no custo da cesta b\u00e1sica<\/strong><\/h3>\n<p>Apesar das diferen\u00e7as regionais, o valor m\u00e9dio da cesta em Ribeir\u00e3o Preto caiu <strong>0,55% em outubro<\/strong>, atingindo <strong>R$ 705,74<\/strong>.<\/p>\n<div class=\"wp-block-image\">\n<figure class=\"aligncenter size-large\"><img data-recalc-dims=\"1\" fetchpriority=\"high\" decoding=\"async\" width=\"1024\" height=\"576\" src=\"https:\/\/i0.wp.com\/cdn.media-acidadeon.com.br\/ribeiraopreto\/wp-content\/uploads\/sites\/3\/2024\/05\/Copia-de-Copia-de-TAMANHO-EXATO-PARA-FOTOS-NO-SISTEMA-NOVO-37_2024-05-23_20-09-06_jpg_2024-05-23_20-09-06-1024x576.webp?resize=1024%2C576&#038;ssl=1\" alt=\"Copia de Copia de TAMANHO EXATO PARA FOTOS NO SISTEMA NOVO 37 2024 05 23 20 09 06 jpg 2024 05 23 20 09 06\" class=\"wp-image-82375\" title=\"Onde a cesta b\u00e1sica \u00e9 mais cara em Ribeir\u00e3o Preto? Confira os dados 1\" srcset=\"https:\/\/cdn.media-acidadeon.com.br\/ribeiraopreto\/wp-content\/uploads\/sites\/3\/2024\/05\/Copia-de-Copia-de-TAMANHO-EXATO-PARA-FOTOS-NO-SISTEMA-NOVO-37_2024-05-23_20-09-06_jpg_2024-05-23_20-09-06-1024x576.webp 1024w, https:\/\/cdn.media-acidadeon.com.br\/ribeiraopreto\/wp-content\/uploads\/sites\/3\/2024\/05\/Copia-de-Copia-de-TAMANHO-EXATO-PARA-FOTOS-NO-SISTEMA-NOVO-37_2024-05-23_20-09-06_jpg_2024-05-23_20-09-06-300x169.webp 300w, https:\/\/cdn.media-acidadeon.com.br\/ribeiraopreto\/wp-content\/uploads\/sites\/3\/2024\/05\/Copia-de-Copia-de-TAMANHO-EXATO-PARA-FOTOS-NO-SISTEMA-NOVO-37_2024-05-23_20-09-06_jpg_2024-05-23_20-09-06-768x432.webp 768w, https:\/\/cdn.media-acidadeon.com.br\/ribeiraopreto\/wp-content\/uploads\/sites\/3\/2024\/05\/Copia-de-Copia-de-TAMANHO-EXATO-PARA-FOTOS-NO-SISTEMA-NOVO-37_2024-05-23_20-09-06_jpg_2024-05-23_20-09-06-696x392.webp 696w, https:\/\/cdn.media-acidadeon.com.br\/ribeiraopreto\/wp-content\/uploads\/sites\/3\/2024\/05\/Copia-de-Copia-de-TAMANHO-EXATO-PARA-FOTOS-NO-SISTEMA-NOVO-37_2024-05-23_20-09-06_jpg_2024-05-23_20-09-06-1068x601.webp 1068w, https:\/\/cdn.media-acidadeon.com.br\/ribeiraopreto\/wp-content\/uploads\/sites\/3\/2024\/05\/Copia-de-Copia-de-TAMANHO-EXATO-PARA-FOTOS-NO-SISTEMA-NOVO-37_2024-05-23_20-09-06_jpg_2024-05-23_20-09-06.webp 1200w\" sizes=\"(max-width: 1024px) 100vw, 1024px\"\/><figcaption class=\"wp-element-caption\">Custo m\u00e9dio da cesta b\u00e1sica em Ribeir\u00e3o Preto foi de R$ 690,50 \u2013 Foto: Freepik<\/figcaption><\/figure>\n<\/div>\n<h4 class=\"wp-block-heading\"><strong>Produtos em destaque<\/strong><\/h4>\n<p>O <strong>arroz branco tipo I<\/strong> teve a maior queda, <strong>10,15%<\/strong>, e o <strong>leite longa vida<\/strong> recuou <strong>9,29%<\/strong>, devido ao aumento da produ\u00e7\u00e3o nacional e das importa\u00e7\u00f5es. Em contrapartida, <strong>\u00f3leo de soja (+8,70%)<\/strong>, <strong>batata inglesa (+8,33%)<\/strong> e <strong>tomate italiano (+5,14%)<\/strong> subiram de pre\u00e7o em raz\u00e3o da entressafra.<\/p>\n<h4 class=\"wp-block-heading\"><strong>Carnes continuam pesando no or\u00e7amento<\/strong><\/h4>\n<p>As carnes representam <strong>44,13% do total da cesta<\/strong>, seguidas por <strong>frutas e legumes (23,10%)<\/strong>, <strong>farin\u00e1ceos (20,66%)<\/strong>, <strong>latic\u00ednios (5,76%)<\/strong>, <strong>leguminosas (3,41%)<\/strong>, <strong>cereais (1,95%)<\/strong> e <strong>\u00f3leos (0,99%)<\/strong>. Com base no sal\u00e1rio m\u00ednimo l\u00edquido de <strong>R$ 1.403,85<\/strong>, um trabalhador precisou dedicar <strong>50,27% da renda<\/strong> para adquirir os itens, o equivalente a <strong>110,6 horas de trabalho<\/strong>.<\/p>\n<hr class=\"wp-block-separator has-alpha-channel-opacity\"\/>\n<p>SAIBA MAIS<\/p>\n<p>Mulher procurada ap\u00f3s roubo a pr\u00e9dio em Ribeir\u00e3o Preto consegue fugir em SC<\/p>\n<h2 class=\"wp-block-heading\"><strong>FIQUE ON<\/strong><\/h2>\n<p>Fique ligado em tudo que acontece em Ribeir\u00e3o Preto e regi\u00e3o. Siga os perfis do\u00a0<strong>acidade on\u00a0<\/strong>no\u00a0<a href=\"https:\/\/www.instagram.com\/acidadeonribeirao\" target=\"_blank\" rel=\"noreferrer noopener\">Instagram<\/a>\u00a0e no<a href=\"https:\/\/www.facebook.com\/acidadeonribeirao\/\" target=\"_blank\" rel=\"noreferrer noopener\">\u00a0Facebook<\/a>.<\/p>\n<p>Receba not\u00edcias do<strong>\u00a0acidade on<\/strong>\u00a0no WhatsApp. Para entrar no grupo,\u00a0basta\u00a0<a href=\"https:\/\/chat.whatsapp.com\/I4nieTEMKlf50pJ28aMemC?mode=ac_t\" target=\"_blank\" rel=\"noreferrer noopener\">clicar aqui<\/a>. Ou, acesse o nosso\u00a0Canal\u00a0<a href=\"https:\/\/whatsapp.com\/channel\/0029Vb6IQl1JENyAeS57fk2p\" target=\"_blank\" rel=\"noreferrer noopener\">clicando aqui<\/a>.<\/p>\n<p>Fa\u00e7a uma den\u00fancia ou sugira uma reportagem sobre Ribeir\u00e3o Preto e regi\u00e3o pelo WhatsApp: 16 99117 7802.<\/p>\n<p>VEJA TAMB\u00c9M<\/p>\n<p>Como conseguir ingressos para o show gr\u00e1tis do Maroon 5 no Brasil?<\/p>\n<p><!-- AI CONTENT END 1 -->\n<\/div>\n<p><script async src=\"\/\/www.instagram.com\/embed.js\"><\/script><br \/>\n<br \/><br \/>\n<br \/><a href=\"https:\/\/www.acidadeon.com\/ribeiraopreto\/economia\/onde-a-cesta-basica-e-mais-cara-em-ribeirao-preto-confira-os-dados\/\">Source link <\/a><\/p>\n<!-- CONTENT END 1 -->\n","protected":false},"excerpt":{"rendered":"<p>O levantamento do Instituto de Economia Maur\u00edlio Biagi (IEMB), em parceria com a Associa\u00e7\u00e3o Comercial e Industrial de Ribeir\u00e3o Preto (Acirp), revelou diferen\u00e7as expressivas no&#8230;<\/p>\n","protected":false},"author":1,"featured_media":79133,"comment_status":"open","ping_status":"open","sticky":false,"template":"","format":"standard","meta":{"advanced_seo_description":"","jetpack_seo_html_title":"","jetpack_seo_noindex":false,"jetpack_post_was_ever_published":false,"_jetpack_newsletter_access":"","_jetpack_dont_email_post_to_subs":false,"_jetpack_newsletter_tier_id":0,"_jetpack_memberships_contains_paywalled_content":false,"_jetpack_memberships_contains_paid_content":false,"footnotes":"","jetpack_publicize_message":"","jetpack_publicize_feature_enabled":true,"jetpack_social_post_already_shared":true,"jetpack_social_options":{"image_generator_settings":{"template":"highway","default_image_id":0,"font":"","enabled":false},"version":2}},"categories":[11],"tags":[],"class_list":["post-79132","post","type-post","status-publish","format-standard","has-post-thumbnail","hentry","category-noticias-de-ribeirao-preto-sp-e-regiao-ismael-colosi"],"jetpack_publicize_connections":[],"jetpack_featured_media_url":"https:\/\/i0.wp.com\/noticiasribeiraopreto.com.br\/wp-content\/uploads\/2025\/10\/Copia-de-Copia-de-Copia-de-TAMANHO-EXATO-PARA-FOTOS-NO-SISTEMA-NOVO-2025-10-24T170610.733_2025-10-24_20-06-29.webp.webp?fit=1200%2C675&ssl=1","jetpack-related-posts":[{"id":6635,"url":"https:\/\/noticiasribeiraopreto.com.br\/index.php\/2023\/11\/26\/saiba-em-qual-regiao-de-ribeirao-preto-a-cesta-basica-e-mais-cara\/","url_meta":{"origin":79132,"position":0},"title":"Saiba em qual regi\u00e3o de Ribeir\u00e3o Preto a cesta b\u00e1sica \u00e9 mais cara","author":"noticiasribeiraopreto.com.br","date":"26 de November de 2023","format":false,"excerpt":"O pre\u00e7o dos alimentos subiu mais uma vez em Ribeir\u00e3o Preto e apresentou infla\u00e7\u00e3o de 3,07% em novembro em compara\u00e7\u00e3o ao m\u00eas anterior. O custo m\u00e9dio da cesta b\u00e1sica na cidade est\u00e1 em R$ 630,83. A zona Sul \u00e9 a regi\u00e3o de Ribeir\u00e3o Preto mais cara (saiba mais abaixo). O\u2026","rel":"","context":"In &quot;Not\u00edcias de Ribeir\u00e3o Preto-SP e Regi\u00e3o&quot;","block_context":{"text":"Not\u00edcias de Ribeir\u00e3o Preto-SP e Regi\u00e3o","link":"https:\/\/noticiasribeiraopreto.com.br\/index.php\/category\/noticias-de-ribeirao-preto-sp-e-regiao-ismael-colosi\/"},"img":{"alt_text":"","src":"https:\/\/i0.wp.com\/noticiasribeiraopreto.com.br\/wp-content\/uploads\/2023\/11\/shopping-1165437_1280-1.jpg?fit=1200%2C690&ssl=1&resize=350%2C200","width":350,"height":200,"srcset":"https:\/\/i0.wp.com\/noticiasribeiraopreto.com.br\/wp-content\/uploads\/2023\/11\/shopping-1165437_1280-1.jpg?fit=1200%2C690&ssl=1&resize=350%2C200 1x, https:\/\/i0.wp.com\/noticiasribeiraopreto.com.br\/wp-content\/uploads\/2023\/11\/shopping-1165437_1280-1.jpg?fit=1200%2C690&ssl=1&resize=525%2C300 1.5x, https:\/\/i0.wp.com\/noticiasribeiraopreto.com.br\/wp-content\/uploads\/2023\/11\/shopping-1165437_1280-1.jpg?fit=1200%2C690&ssl=1&resize=700%2C400 2x, https:\/\/i0.wp.com\/noticiasribeiraopreto.com.br\/wp-content\/uploads\/2023\/11\/shopping-1165437_1280-1.jpg?fit=1200%2C690&ssl=1&resize=1050%2C600 3x"},"classes":[]},{"id":68466,"url":"https:\/\/noticiasribeiraopreto.com.br\/index.php\/2025\/04\/25\/qual-regiao-de-ribeirao-tem-a-cesta-basica-mais-cara\/","url_meta":{"origin":79132,"position":1},"title":"Qual regi\u00e3o de Ribeir\u00e3o tem a cesta b\u00e1sica mais cara?","author":"noticiasribeiraopreto.com.br","date":"25 de April de 2025","format":false,"excerpt":"Consumidores de Ribeir\u00e3o Preto pagaram mais caro pelos alimentos em abril. Isso porque o valor m\u00e9dio da cesta b\u00e1sica atingiu R$ 760,66, uma alta de 0,77% em rela\u00e7\u00e3o ao m\u00eas de mar\u00e7o. Os dados foram obtidos a partir de uma pesquisa do IEMB-Acirp (Instituto de Economia Maur\u00edlio Biagi, da Associa\u00e7\u00e3o\u2026","rel":"","context":"In &quot;Not\u00edcias de Ribeir\u00e3o Preto-SP e Regi\u00e3o&quot;","block_context":{"text":"Not\u00edcias de Ribeir\u00e3o Preto-SP e Regi\u00e3o","link":"https:\/\/noticiasribeiraopreto.com.br\/index.php\/category\/noticias-de-ribeirao-preto-sp-e-regiao-ismael-colosi\/"},"img":{"alt_text":"","src":"https:\/\/i0.wp.com\/noticiasribeiraopreto.com.br\/wp-content\/uploads\/2025\/04\/1280-x-659-header-Foto-Acirp-1-_2025-04-25_18-18-31.webp.webp?fit=1200%2C618&ssl=1&resize=350%2C200","width":350,"height":200,"srcset":"https:\/\/i0.wp.com\/noticiasribeiraopreto.com.br\/wp-content\/uploads\/2025\/04\/1280-x-659-header-Foto-Acirp-1-_2025-04-25_18-18-31.webp.webp?fit=1200%2C618&ssl=1&resize=350%2C200 1x, https:\/\/i0.wp.com\/noticiasribeiraopreto.com.br\/wp-content\/uploads\/2025\/04\/1280-x-659-header-Foto-Acirp-1-_2025-04-25_18-18-31.webp.webp?fit=1200%2C618&ssl=1&resize=525%2C300 1.5x, https:\/\/i0.wp.com\/noticiasribeiraopreto.com.br\/wp-content\/uploads\/2025\/04\/1280-x-659-header-Foto-Acirp-1-_2025-04-25_18-18-31.webp.webp?fit=1200%2C618&ssl=1&resize=700%2C400 2x, https:\/\/i0.wp.com\/noticiasribeiraopreto.com.br\/wp-content\/uploads\/2025\/04\/1280-x-659-header-Foto-Acirp-1-_2025-04-25_18-18-31.webp.webp?fit=1200%2C618&ssl=1&resize=1050%2C600 3x"},"classes":[]},{"id":82865,"url":"https:\/\/noticiasribeiraopreto.com.br\/index.php\/2026\/03\/01\/cesta-basica-tem-diferenca-de-ate-r-139-entre-regioes-de-ribeirao-veja-ranking\/","url_meta":{"origin":79132,"position":2},"title":"Cesta b\u00e1sica tem diferen\u00e7a de at\u00e9 R$ 139 entre regi\u00f5es de Ribeir\u00e3o; veja ranking","author":"noticiasribeiraopreto.com.br","date":"1 de March de 2026","format":false,"excerpt":"O valor da cesta b\u00e1sica em Ribeir\u00e3o Preto registrou alta de 0,62% em fevereiro na compara\u00e7\u00e3o com o m\u00eas anterior, segundo levantamento do Instituto de Economia Maur\u00edlio Biagi da Associa\u00e7\u00e3o Comercial e Industrial de Ribeir\u00e3o Preto (IEMB-Acirp). A regi\u00e3o central apresentou o maior custo m\u00e9dio da cesta \u2014 confira o\u2026","rel":"","context":"In &quot;Not\u00edcias de Ribeir\u00e3o Preto-SP e Regi\u00e3o&quot;","block_context":{"text":"Not\u00edcias de Ribeir\u00e3o Preto-SP e Regi\u00e3o","link":"https:\/\/noticiasribeiraopreto.com.br\/index.php\/category\/noticias-de-ribeirao-preto-sp-e-regiao-ismael-colosi\/"},"img":{"alt_text":"","src":"https:\/\/i0.wp.com\/noticiasribeiraopreto.com.br\/wp-content\/uploads\/2026\/03\/inflacao_alimentos_1024x576_09022021133744_2026-02-28_15-26-18.webp.webp?fit=1024%2C576&ssl=1&resize=350%2C200","width":350,"height":200,"srcset":"https:\/\/i0.wp.com\/noticiasribeiraopreto.com.br\/wp-content\/uploads\/2026\/03\/inflacao_alimentos_1024x576_09022021133744_2026-02-28_15-26-18.webp.webp?fit=1024%2C576&ssl=1&resize=350%2C200 1x, https:\/\/i0.wp.com\/noticiasribeiraopreto.com.br\/wp-content\/uploads\/2026\/03\/inflacao_alimentos_1024x576_09022021133744_2026-02-28_15-26-18.webp.webp?fit=1024%2C576&ssl=1&resize=525%2C300 1.5x, https:\/\/i0.wp.com\/noticiasribeiraopreto.com.br\/wp-content\/uploads\/2026\/03\/inflacao_alimentos_1024x576_09022021133744_2026-02-28_15-26-18.webp.webp?fit=1024%2C576&ssl=1&resize=700%2C400 2x"},"classes":[]},{"id":38967,"url":"https:\/\/noticiasribeiraopreto.com.br\/index.php\/2024\/02\/22\/cesta-basica-mais-cara-veja-qual-o-motivo-da-inflacao-em-ribeirao-preto\/","url_meta":{"origin":79132,"position":3},"title":"Cesta b\u00e1sica mais cara: Veja qual o motivo da infla\u00e7\u00e3o em Ribeir\u00e3o Preto","author":"noticiasribeiraopreto.com.br","date":"22 de February de 2024","format":false,"excerpt":"Pela quinta vez consecutiva, o valor dos alimentos subiu em Ribeir\u00e3o Preto e apresentou infla\u00e7\u00e3o de 3,95% em fevereiro, na compara\u00e7\u00e3o com janeiro de 2024. O impacto do clima segue afetando o pre\u00e7o final da cesta b\u00e1sica da cidade. De acordo com o levantamento da Associa\u00e7\u00e3o Comercial e Industrial de\u2026","rel":"","context":"In &quot;Not\u00edcias de Ribeir\u00e3o Preto-SP e Regi\u00e3o&quot;","block_context":{"text":"Not\u00edcias de Ribeir\u00e3o Preto-SP e Regi\u00e3o","link":"https:\/\/noticiasribeiraopreto.com.br\/index.php\/category\/noticias-de-ribeirao-preto-sp-e-regiao-ismael-colosi\/"},"img":{"alt_text":"","src":"https:\/\/i0.wp.com\/noticiasribeiraopreto.com.br\/wp-content\/uploads\/2024\/02\/1708627724_inflacao_alimentos_1024x576_09022021133744.jpg?fit=1024%2C576&ssl=1&resize=350%2C200","width":350,"height":200,"srcset":"https:\/\/i0.wp.com\/noticiasribeiraopreto.com.br\/wp-content\/uploads\/2024\/02\/1708627724_inflacao_alimentos_1024x576_09022021133744.jpg?fit=1024%2C576&ssl=1&resize=350%2C200 1x, https:\/\/i0.wp.com\/noticiasribeiraopreto.com.br\/wp-content\/uploads\/2024\/02\/1708627724_inflacao_alimentos_1024x576_09022021133744.jpg?fit=1024%2C576&ssl=1&resize=525%2C300 1.5x, https:\/\/i0.wp.com\/noticiasribeiraopreto.com.br\/wp-content\/uploads\/2024\/02\/1708627724_inflacao_alimentos_1024x576_09022021133744.jpg?fit=1024%2C576&ssl=1&resize=700%2C400 2x"},"classes":[]},{"id":38965,"url":"https:\/\/noticiasribeiraopreto.com.br\/index.php\/2024\/02\/22\/clima-impulsiona-inflacao-em-ribeirao-veja-regiao-com-cesta-basica-mais-cara\/","url_meta":{"origin":79132,"position":4},"title":"Clima impulsiona infla\u00e7\u00e3o em Ribeir\u00e3o; Veja regi\u00e3o com cesta b\u00e1sica mais cara","author":"noticiasribeiraopreto.com.br","date":"22 de February de 2024","format":false,"excerpt":"Pela quinta vez consecutiva, o valor dos alimentos subiu em Ribeir\u00e3o Preto e apresentou infla\u00e7\u00e3o de 3,95% em fevereiro, na compara\u00e7\u00e3o com janeiro de 2024. O impacto do clima segue afetando o pre\u00e7o final da cesta b\u00e1sica da cidade. De acordo com o levantamento da Associa\u00e7\u00e3o Comercial e Industrial de\u2026","rel":"","context":"In &quot;Not\u00edcias de Ribeir\u00e3o Preto-SP e Regi\u00e3o&quot;","block_context":{"text":"Not\u00edcias de Ribeir\u00e3o Preto-SP e Regi\u00e3o","link":"https:\/\/noticiasribeiraopreto.com.br\/index.php\/category\/noticias-de-ribeirao-preto-sp-e-regiao-ismael-colosi\/"},"img":{"alt_text":"","src":"https:\/\/i0.wp.com\/noticiasribeiraopreto.com.br\/wp-content\/uploads\/2024\/02\/inflacao_alimentos_1024x576_09022021133744.jpg?fit=1024%2C576&ssl=1&resize=350%2C200","width":350,"height":200,"srcset":"https:\/\/i0.wp.com\/noticiasribeiraopreto.com.br\/wp-content\/uploads\/2024\/02\/inflacao_alimentos_1024x576_09022021133744.jpg?fit=1024%2C576&ssl=1&resize=350%2C200 1x, https:\/\/i0.wp.com\/noticiasribeiraopreto.com.br\/wp-content\/uploads\/2024\/02\/inflacao_alimentos_1024x576_09022021133744.jpg?fit=1024%2C576&ssl=1&resize=525%2C300 1.5x, https:\/\/i0.wp.com\/noticiasribeiraopreto.com.br\/wp-content\/uploads\/2024\/02\/inflacao_alimentos_1024x576_09022021133744.jpg?fit=1024%2C576&ssl=1&resize=700%2C400 2x"},"classes":[]},{"id":32912,"url":"https:\/\/noticiasribeiraopreto.com.br\/index.php\/2024\/01\/26\/veja-qual-e-a-regiao-com-a-cesta-basica-mais-cara-em-ribeirao\/","url_meta":{"origin":79132,"position":5},"title":"Veja qual \u00e9 a regi\u00e3o com a cesta b\u00e1sica mais cara em Ribeir\u00e3o","author":"noticiasribeiraopreto.com.br","date":"26 de January de 2024","format":false,"excerpt":"O valor dos alimentos em Ribeir\u00e3o Preto subiu mais uma vez e apresentou infla\u00e7\u00e3o de 3,89% em janeiro, na compara\u00e7\u00e3o com dezembro de 2023. O custo m\u00e9dio da cesta b\u00e1sica na cidade est\u00e1 em R$ 675,74. Esse foi o quarto aumento consecutivo nos pre\u00e7os dos alimentos b\u00e1sicos, de acordo com\u2026","rel":"","context":"In &quot;Not\u00edcias de Ribeir\u00e3o Preto-SP e Regi\u00e3o&quot;","block_context":{"text":"Not\u00edcias de Ribeir\u00e3o Preto-SP e Regi\u00e3o","link":"https:\/\/noticiasribeiraopreto.com.br\/index.php\/category\/noticias-de-ribeirao-preto-sp-e-regiao-ismael-colosi\/"},"img":{"alt_text":"","src":"https:\/\/i0.wp.com\/noticiasribeiraopreto.com.br\/wp-content\/uploads\/2024\/01\/supermercado.jpg?fit=1200%2C800&ssl=1&resize=350%2C200","width":350,"height":200,"srcset":"https:\/\/i0.wp.com\/noticiasribeiraopreto.com.br\/wp-content\/uploads\/2024\/01\/supermercado.jpg?fit=1200%2C800&ssl=1&resize=350%2C200 1x, https:\/\/i0.wp.com\/noticiasribeiraopreto.com.br\/wp-content\/uploads\/2024\/01\/supermercado.jpg?fit=1200%2C800&ssl=1&resize=525%2C300 1.5x, https:\/\/i0.wp.com\/noticiasribeiraopreto.com.br\/wp-content\/uploads\/2024\/01\/supermercado.jpg?fit=1200%2C800&ssl=1&resize=700%2C400 2x, https:\/\/i0.wp.com\/noticiasribeiraopreto.com.br\/wp-content\/uploads\/2024\/01\/supermercado.jpg?fit=1200%2C800&ssl=1&resize=1050%2C600 3x"},"classes":[]}],"jetpack_sharing_enabled":true,"jetpack_shortlink":"https:\/\/wp.me\/peQAOb-kAk","_links":{"self":[{"href":"https:\/\/noticiasribeiraopreto.com.br\/index.php\/wp-json\/wp\/v2\/posts\/79132","targetHints":{"allow":["GET"]}}],"collection":[{"href":"https:\/\/noticiasribeiraopreto.com.br\/index.php\/wp-json\/wp\/v2\/posts"}],"about":[{"href":"https:\/\/noticiasribeiraopreto.com.br\/index.php\/wp-json\/wp\/v2\/types\/post"}],"author":[{"embeddable":true,"href":"https:\/\/noticiasribeiraopreto.com.br\/index.php\/wp-json\/wp\/v2\/users\/1"}],"replies":[{"embeddable":true,"href":"https:\/\/noticiasribeiraopreto.com.br\/index.php\/wp-json\/wp\/v2\/comments?post=79132"}],"version-history":[{"count":0,"href":"https:\/\/noticiasribeiraopreto.com.br\/index.php\/wp-json\/wp\/v2\/posts\/79132\/revisions"}],"wp:featuredmedia":[{"embeddable":true,"href":"https:\/\/noticiasribeiraopreto.com.br\/index.php\/wp-json\/wp\/v2\/media\/79133"}],"wp:attachment":[{"href":"https:\/\/noticiasribeiraopreto.com.br\/index.php\/wp-json\/wp\/v2\/media?parent=79132"}],"wp:term":[{"taxonomy":"category","embeddable":true,"href":"https:\/\/noticiasribeiraopreto.com.br\/index.php\/wp-json\/wp\/v2\/categories?post=79132"},{"taxonomy":"post_tag","embeddable":true,"href":"https:\/\/noticiasribeiraopreto.com.br\/index.php\/wp-json\/wp\/v2\/tags?post=79132"}],"curies":[{"name":"wp","href":"https:\/\/api.w.org\/{rel}","templated":true}]}}