{"id":79138,"date":"2025-10-24T23:12:06","date_gmt":"2025-10-25T02:12:06","guid":{"rendered":"https:\/\/noticiasribeiraopreto.com.br\/index.php\/2025\/10\/24\/zoologico-de-ribeirao-preto-realiza-cirurgia-historica-em-urso-renan\/"},"modified":"2025-10-24T23:12:06","modified_gmt":"2025-10-25T02:12:06","slug":"zoologico-de-ribeirao-preto-realiza-cirurgia-historica-em-urso-renan","status":"publish","type":"post","link":"https:\/\/noticiasribeiraopreto.com.br\/index.php\/2025\/10\/24\/zoologico-de-ribeirao-preto-realiza-cirurgia-historica-em-urso-renan\/","title":{"rendered":"Zool\u00f3gico de Ribeir\u00e3o Preto realiza cirurgia hist\u00f3rica em urso Renan"},"content":{"rendered":"<div class='code-block code-block-1' style='margin: 8px 0 8px auto; text-align: right; display: block; clear: both;'>\n<p><a href=\"https:\/\/wa.link\/vpicfd\"><img data-recalc-dims=\"1\" class=\"wp-image-4922\" style=\"aspect-ratio: 2.0253164556962027; width: 561px; height: auto;\" src=\"https:\/\/i0.wp.com\/ismaelcolosi.com.br\/wp-content\/uploads\/2023\/11\/grupo-de-empregos-whatsapp-e-facebook-ismael-colosi-vagas.jpg?ssl=1\" alt=\"\" \/><\/a><\/p>\n<!-- \/wp:image -->\n<\/div>\n<p> <br \/>\n<\/p>\n<div data-td-block-uid=\"tdi_95\">\n<div class=\"tdb-block-inner td-fix-index\">\n<p>O Bosque e Zool\u00f3gico Dr. F\u00e1bio Barreto, em Ribeir\u00e3o Preto, <strong>realizou uma cirurgia in\u00e9dita<\/strong> em sua hist\u00f3ria: a <strong>retirada do ba\u00e7o do urso-de-\u00f3culos Renan<\/strong>, de quase <strong>200 quilos.<\/strong> O procedimento aconteceu na segunda-feira (20) e foi conduzido integralmente pela equipe t\u00e9cnica do zool\u00f3gico.<\/p>\n<p>Segundo o respons\u00e1vel t\u00e9cnico do Bosque, Alexandre Gouvea, a interven\u00e7\u00e3o representa um marco para a institui\u00e7\u00e3o e para a medicina veterin\u00e1ria. <\/p>\n<figure class=\"wp-block-pullquote\">\n<blockquote>\n<p>Anualmente, o Renan passa por uma bateria de exames cl\u00ednicos e laboratoriais. Neste ano, identificamos uma altera\u00e7\u00e3o no ba\u00e7o com ind\u00edcios de neoplasia. Optamos pela remo\u00e7\u00e3o preventiva e j\u00e1 iniciamos as an\u00e1lises laboratoriais para confirmar a suspeita<\/p>\n<p><cite>afirma<\/cite><\/p><\/blockquote>\n<\/figure>\n<h3 class=\"wp-block-heading\"><strong>Prepara\u00e7\u00e3o e perda de peso antes da cirurgia<\/strong><\/h3>\n<p>Ap\u00f3s a identifica\u00e7\u00e3o da altera\u00e7\u00e3o, a equipe iniciou um processo de cuidados intensivos com o urso para reduzir o peso e garantir condi\u00e7\u00f5es adequadas para o procedimento. Em dois meses, <strong>Renan perdeu cerca de 20 quilos<\/strong>. Durante esse per\u00edodo, os profissionais tamb\u00e9m realizaram biometria e interven\u00e7\u00f5es odontol\u00f3gicas.<\/p>\n<figure class=\"wp-block-image aligncenter size-full\"><img data-recalc-dims=\"1\" fetchpriority=\"high\" decoding=\"async\" width=\"620\" height=\"465\" src=\"https:\/\/i0.wp.com\/cdn.media-acidadeon.com.br\/ribeiraopreto\/wp-content\/uploads\/sites\/3\/2025\/10\/image_2025-10-24_23-08-33.webp?resize=620%2C465&#038;ssl=1\" alt=\"urso renan&#10;\" class=\"wp-image-133459\" title=\"Zool\u00f3gico de Ribeir\u00e3o Preto realiza cirurgia hist\u00f3rica em urso Renan 1\" srcset=\"https:\/\/cdn.media-acidadeon.com.br\/ribeiraopreto\/wp-content\/uploads\/sites\/3\/2025\/10\/image_2025-10-24_23-08-33.webp 620w, https:\/\/cdn.media-acidadeon.com.br\/ribeiraopreto\/wp-content\/uploads\/sites\/3\/2025\/10\/image_2025-10-24_23-08-33-300x225.webp 300w\" sizes=\"(max-width: 620px) 100vw, 620px\"\/><\/figure>\n<h3 class=\"wp-block-heading\"><strong>Recupera\u00e7\u00e3o e cuidados p\u00f3s-operat\u00f3rios<\/strong><\/h3>\n<p>Renan segue sob monitoramento intensivo, com administra\u00e7\u00e3o de medicamentos anti-inflamat\u00f3rios, antibi\u00f3ticos e analg\u00e9sicos. O urso j\u00e1 se alimenta normalmente e apresenta boa resposta \u00e0 recupera\u00e7\u00e3o. <strong>A previs\u00e3o \u00e9 que ele retorne ao recinto na pr\u00f3xima quarta-feira (29).<\/strong><\/p>\n<hr class=\"wp-block-separator has-alpha-channel-opacity\"\/>\n<p>SAIBA MAIS<\/p>\n<p>Mulher procurada ap\u00f3s roubo a pr\u00e9dio em Ribeir\u00e3o Preto consegue fugir em SC<\/p>\n<h2 class=\"wp-block-heading\"><strong>FIQUE ON<\/strong><\/h2>\n<p>Fique ligado em tudo que acontece em Ribeir\u00e3o Preto e regi\u00e3o. Siga os perfis do\u00a0<strong>acidade on\u00a0<\/strong>no\u00a0<a href=\"https:\/\/www.instagram.com\/acidadeonribeirao\" target=\"_blank\" rel=\"noreferrer noopener\">Instagram<\/a>\u00a0e no<a href=\"https:\/\/www.facebook.com\/acidadeonribeirao\/\" target=\"_blank\" rel=\"noreferrer noopener\">\u00a0Facebook<\/a>.<\/p>\n<p>Receba not\u00edcias do<strong>\u00a0acidade on<\/strong>\u00a0no WhatsApp. Para entrar no grupo,\u00a0basta\u00a0<a href=\"https:\/\/chat.whatsapp.com\/I4nieTEMKlf50pJ28aMemC?mode=ac_t\" target=\"_blank\" rel=\"noreferrer noopener\">clicar aqui<\/a>. Ou, acesse o nosso\u00a0Canal\u00a0<a href=\"https:\/\/whatsapp.com\/channel\/0029Vb6IQl1JENyAeS57fk2p\" target=\"_blank\" rel=\"noreferrer noopener\">clicando aqui<\/a>.<\/p>\n<p>Fa\u00e7a uma den\u00fancia ou sugira uma reportagem sobre Ribeir\u00e3o Preto e regi\u00e3o pelo WhatsApp: 16 99117 7802.<\/p>\n<p>VEJA TAMB\u00c9M<\/p>\n<p>Como conseguir ingressos para o show gr\u00e1tis do Maroon 5 no Brasil?<\/p>\n<p><!-- AI CONTENT END 1 -->\n<\/div>\n<\/div>\n<p><script async src=\"\/\/www.instagram.com\/embed.js\"><\/script><br \/>\n<br \/><br \/>\n<br \/><a href=\"https:\/\/www.acidadeon.com\/ribeiraopreto\/cotidiano\/zoologico-de-ribeirao-preto-realiza-cirurgia-historica-em-urso-renan\/\">Source link <\/a><\/p>\n<!-- CONTENT END 1 -->\n","protected":false},"excerpt":{"rendered":"<p>O Bosque e Zool\u00f3gico Dr. F\u00e1bio Barreto, em Ribeir\u00e3o Preto, realizou uma cirurgia in\u00e9dita em sua hist\u00f3ria: a retirada do ba\u00e7o do urso-de-\u00f3culos Renan, de&#8230;<\/p>\n","protected":false},"author":1,"featured_media":79139,"comment_status":"open","ping_status":"open","sticky":false,"template":"","format":"standard","meta":{"advanced_seo_description":"","jetpack_seo_html_title":"","jetpack_seo_noindex":false,"jetpack_post_was_ever_published":false,"_jetpack_newsletter_access":"","_jetpack_dont_email_post_to_subs":false,"_jetpack_newsletter_tier_id":0,"_jetpack_memberships_contains_paywalled_content":false,"_jetpack_memberships_contains_paid_content":false,"footnotes":"","jetpack_publicize_message":"","jetpack_publicize_feature_enabled":true,"jetpack_social_post_already_shared":true,"jetpack_social_options":{"image_generator_settings":{"template":"highway","default_image_id":0,"font":"","enabled":false},"version":2}},"categories":[11],"tags":[],"class_list":["post-79138","post","type-post","status-publish","format-standard","has-post-thumbnail","hentry","category-noticias-de-ribeirao-preto-sp-e-regiao-ismael-colosi"],"jetpack_publicize_connections":[],"jetpack_featured_media_url":"https:\/\/i0.wp.com\/noticiasribeiraopreto.com.br\/wp-content\/uploads\/2025\/10\/Copia-de-Copia-de-Copia-de-TAMANHO-EXATO-PARA-FOTOS-NO-SISTEMA-NOVO-2025-10-24T201300.205_2025-10-24_23-13-11.webp.webp?fit=1200%2C675&ssl=1","jetpack-related-posts":[{"id":71940,"url":"https:\/\/noticiasribeiraopreto.com.br\/index.php\/2025\/06\/11\/urso-renan-chega-a-maioridade\/","url_meta":{"origin":79138,"position":0},"title":"Urso Renan chega \u00e0 \u2018maioridade\u2019","author":"noticiasribeiraopreto.com.br","date":"11 de June de 2025","format":false,"excerpt":"O Bosque e Zool\u00f3gico Municipal Doutor F\u00e1bio Barreto promove nesta quinta e na sexta-feira, dias 12 e 13 de junho, o \u201cArrai\u00e1 dos Bichos\u201d \u2013 um evento tem\u00e1tico com atividades de enriquecimento ambiental voltadas aos animais silvestres. A programa\u00e7\u00e3o ser\u00e1 realizada durante o per\u00edodo da manh\u00e3 e ser\u00e1 aberta ao\u2026","rel":"","context":"In &quot;Not\u00edcias de Ribeir\u00e3o Preto-SP e Regi\u00e3o&quot;","block_context":{"text":"Not\u00edcias de Ribeir\u00e3o Preto-SP e Regi\u00e3o","link":"https:\/\/noticiasribeiraopreto.com.br\/index.php\/category\/noticias-de-ribeirao-preto-sp-e-regiao-ismael-colosi\/"},"img":{"alt_text":"","src":"https:\/\/i0.wp.com\/noticiasribeiraopreto.com.br\/wp-content\/uploads\/2025\/06\/BosqueRP-Ren-JF-Pimenta-Arquivo-scaled.jpg?fit=717%2C500&ssl=1&resize=350%2C200","width":350,"height":200,"srcset":"https:\/\/i0.wp.com\/noticiasribeiraopreto.com.br\/wp-content\/uploads\/2025\/06\/BosqueRP-Ren-JF-Pimenta-Arquivo-scaled.jpg?fit=717%2C500&ssl=1&resize=350%2C200 1x, https:\/\/i0.wp.com\/noticiasribeiraopreto.com.br\/wp-content\/uploads\/2025\/06\/BosqueRP-Ren-JF-Pimenta-Arquivo-scaled.jpg?fit=717%2C500&ssl=1&resize=525%2C300 1.5x, https:\/\/i0.wp.com\/noticiasribeiraopreto.com.br\/wp-content\/uploads\/2025\/06\/BosqueRP-Ren-JF-Pimenta-Arquivo-scaled.jpg?fit=717%2C500&ssl=1&resize=700%2C400 2x"},"classes":[]},{"id":72566,"url":"https:\/\/noticiasribeiraopreto.com.br\/index.php\/2025\/06\/18\/bosque-abrira-neste-feriadao-tribuna-ribeirao\/","url_meta":{"origin":79138,"position":1},"title":"Bosque abrir\u00e1 neste feriad\u00e3o &#8211; Tribuna Ribeir\u00e3o","author":"noticiasribeiraopreto.com.br","date":"18 de June de 2025","format":false,"excerpt":"Neste feriado prolongado do anivers\u00e1rio de 169 anos de Ribeir\u00e3o Preto e do Dia de Corpus Christi, o Bosque Zool\u00f3gico Municipal Doutor F\u00e1bio Barreto, em Ribeir\u00e3o Preto, manter\u00e1 seu hor\u00e1rio normal de funcionamento. Abrir\u00e1 entre esta quarta-feira (18) e domingo, 22 de junho, das nove horas \u00e0s 16h30, inclusive no\u2026","rel":"","context":"In &quot;Not\u00edcias de Ribeir\u00e3o Preto-SP e Regi\u00e3o&quot;","block_context":{"text":"Not\u00edcias de Ribeir\u00e3o Preto-SP e Regi\u00e3o","link":"https:\/\/noticiasribeiraopreto.com.br\/index.php\/category\/noticias-de-ribeirao-preto-sp-e-regiao-ismael-colosi\/"},"img":{"alt_text":"","src":"https:\/\/i0.wp.com\/noticiasribeiraopreto.com.br\/wp-content\/uploads\/2025\/06\/BosqueRP-Guilherme-Sircili-scaled.jpg?fit=750%2C500&ssl=1&resize=350%2C200","width":350,"height":200,"srcset":"https:\/\/i0.wp.com\/noticiasribeiraopreto.com.br\/wp-content\/uploads\/2025\/06\/BosqueRP-Guilherme-Sircili-scaled.jpg?fit=750%2C500&ssl=1&resize=350%2C200 1x, https:\/\/i0.wp.com\/noticiasribeiraopreto.com.br\/wp-content\/uploads\/2025\/06\/BosqueRP-Guilherme-Sircili-scaled.jpg?fit=750%2C500&ssl=1&resize=525%2C300 1.5x, https:\/\/i0.wp.com\/noticiasribeiraopreto.com.br\/wp-content\/uploads\/2025\/06\/BosqueRP-Guilherme-Sircili-scaled.jpg?fit=750%2C500&ssl=1&resize=700%2C400 2x"},"classes":[]},{"id":64092,"url":"https:\/\/noticiasribeiraopreto.com.br\/index.php\/2025\/03\/01\/folia-no-bosque-veja-a-programacao-do-zoologico-de-ribeirao-preto\/","url_meta":{"origin":79138,"position":2},"title":"Folia no Bosque: Veja a programa\u00e7\u00e3o do zool\u00f3gico de Ribeir\u00e3o Preto","author":"noticiasribeiraopreto.com.br","date":"1 de March de 2025","format":false,"excerpt":"O Bosque Zool\u00f3gico Doutor F\u00e1bio Barreto, em Ribeir\u00e3o Preto, abre para visita\u00e7\u00e3o durante o feriado de Carnaval. Al\u00e9m disso, o local tamb\u00e9m contar\u00e1 com uma programa\u00e7\u00e3o especial com os animais. A entrada \u00e9 gratuita. O espa\u00e7o fica localizado nos Campos El\u00edseos e funciona das 9h \u00e0s 16h. As atividades acontecem\u2026","rel":"","context":"In &quot;Not\u00edcias de Ribeir\u00e3o Preto-SP e Regi\u00e3o&quot;","block_context":{"text":"Not\u00edcias de Ribeir\u00e3o Preto-SP e Regi\u00e3o","link":"https:\/\/noticiasribeiraopreto.com.br\/index.php\/category\/noticias-de-ribeirao-preto-sp-e-regiao-ismael-colosi\/"},"img":{"alt_text":"","src":"https:\/\/i0.wp.com\/noticiasribeiraopreto.com.br\/wp-content\/uploads\/2025\/03\/bosque_carnaval_1_capa_2025-03-01_16-09-33_jpeg_2025-03-01_16-09-33.webp.webp?fit=1000%2C666&ssl=1&resize=350%2C200","width":350,"height":200,"srcset":"https:\/\/i0.wp.com\/noticiasribeiraopreto.com.br\/wp-content\/uploads\/2025\/03\/bosque_carnaval_1_capa_2025-03-01_16-09-33_jpeg_2025-03-01_16-09-33.webp.webp?fit=1000%2C666&ssl=1&resize=350%2C200 1x, https:\/\/i0.wp.com\/noticiasribeiraopreto.com.br\/wp-content\/uploads\/2025\/03\/bosque_carnaval_1_capa_2025-03-01_16-09-33_jpeg_2025-03-01_16-09-33.webp.webp?fit=1000%2C666&ssl=1&resize=525%2C300 1.5x, https:\/\/i0.wp.com\/noticiasribeiraopreto.com.br\/wp-content\/uploads\/2025\/03\/bosque_carnaval_1_capa_2025-03-01_16-09-33_jpeg_2025-03-01_16-09-33.webp.webp?fit=1000%2C666&ssl=1&resize=700%2C400 2x"},"classes":[]},{"id":24951,"url":"https:\/\/noticiasribeiraopreto.com.br\/index.php\/2024\/01\/05\/bosque-fabio-barreto-reabilita-e-libera-tamandua-bandeira\/","url_meta":{"origin":79138,"position":3},"title":"Bosque F\u00e1bio Barreto reabilita e libera tamandu\u00e1-bandeira","author":"noticiasribeiraopreto.com.br","date":"5 de January de 2024","format":false,"excerpt":"5 de janeiro de 2024 | 15:005 de janeiro de 2024 | 10:55 0O Bosque Zool\u00f3gico F\u00e1bio Barreto conta com uma ampla estrutura e equipe multidisciplinar para o atendimento completo de animais silvestres vitimizados na regi\u00e3o de Ribeir\u00e3o Preto. Nesta quinta-feira, 04 de janeiro, um Tamandu\u00e1-bandeira (Mymecophaga tridactyla) foi solto\u2026","rel":"","context":"In &quot;Not\u00edcias de Ribeir\u00e3o Preto-SP e Regi\u00e3o&quot;","block_context":{"text":"Not\u00edcias de Ribeir\u00e3o Preto-SP e Regi\u00e3o","link":"https:\/\/noticiasribeiraopreto.com.br\/index.php\/category\/noticias-de-ribeirao-preto-sp-e-regiao-ismael-colosi\/"},"img":{"alt_text":"","src":"https:\/\/i0.wp.com\/noticiasribeiraopreto.com.br\/wp-content\/uploads\/2024\/01\/reintroducao_animais_silvestres-scaled.jpg?fit=895%2C645&ssl=1&resize=350%2C200","width":350,"height":200,"srcset":"https:\/\/i0.wp.com\/noticiasribeiraopreto.com.br\/wp-content\/uploads\/2024\/01\/reintroducao_animais_silvestres-scaled.jpg?fit=895%2C645&ssl=1&resize=350%2C200 1x, https:\/\/i0.wp.com\/noticiasribeiraopreto.com.br\/wp-content\/uploads\/2024\/01\/reintroducao_animais_silvestres-scaled.jpg?fit=895%2C645&ssl=1&resize=525%2C300 1.5x, https:\/\/i0.wp.com\/noticiasribeiraopreto.com.br\/wp-content\/uploads\/2024\/01\/reintroducao_animais_silvestres-scaled.jpg?fit=895%2C645&ssl=1&resize=700%2C400 2x"},"classes":[]},{"id":83556,"url":"https:\/\/noticiasribeiraopreto.com.br\/index.php\/2026\/03\/20\/apos-chuvas-fortes-bosque-de-ribeirao-preto-reabre-ao-publico\/","url_meta":{"origin":79138,"position":4},"title":"Ap\u00f3s chuvas fortes, Bosque de Ribeir\u00e3o Preto reabre ao p\u00fablico","author":"noticiasribeiraopreto.com.br","date":"20 de March de 2026","format":false,"excerpt":"O Bosque Zool\u00f3gico F\u00e1bio Barreto ser\u00e1 reaberto ao p\u00fablico neste s\u00e1bado (21), em Ribeir\u00e3o Preto, ap\u00f3s a conclus\u00e3o dos servi\u00e7os de manuten\u00e7\u00e3o realizados por causa das fortes chuvas que atingiram a cidade na \u00faltima ter\u00e7a-feira (17). Equipes da Prefeitura executaram uma for\u00e7a-tarefa durante o per\u00edodo de fechamento. Os trabalhadores removeram\u2026","rel":"","context":"In &quot;Not\u00edcias de Ribeir\u00e3o Preto-SP e Regi\u00e3o&quot;","block_context":{"text":"Not\u00edcias de Ribeir\u00e3o Preto-SP e Regi\u00e3o","link":"https:\/\/noticiasribeiraopreto.com.br\/index.php\/category\/noticias-de-ribeirao-preto-sp-e-regiao-ismael-colosi\/"},"img":{"alt_text":"","src":"https:\/\/i0.wp.com\/noticiasribeiraopreto.com.br\/wp-content\/uploads\/2026\/03\/fachada_bosque_-_foto_guilherme_sircili_20_29_2026-03-20_19-24-23.webp.webp?fit=1200%2C800&ssl=1&resize=350%2C200","width":350,"height":200,"srcset":"https:\/\/i0.wp.com\/noticiasribeiraopreto.com.br\/wp-content\/uploads\/2026\/03\/fachada_bosque_-_foto_guilherme_sircili_20_29_2026-03-20_19-24-23.webp.webp?fit=1200%2C800&ssl=1&resize=350%2C200 1x, https:\/\/i0.wp.com\/noticiasribeiraopreto.com.br\/wp-content\/uploads\/2026\/03\/fachada_bosque_-_foto_guilherme_sircili_20_29_2026-03-20_19-24-23.webp.webp?fit=1200%2C800&ssl=1&resize=525%2C300 1.5x, https:\/\/i0.wp.com\/noticiasribeiraopreto.com.br\/wp-content\/uploads\/2026\/03\/fachada_bosque_-_foto_guilherme_sircili_20_29_2026-03-20_19-24-23.webp.webp?fit=1200%2C800&ssl=1&resize=700%2C400 2x, https:\/\/i0.wp.com\/noticiasribeiraopreto.com.br\/wp-content\/uploads\/2026\/03\/fachada_bosque_-_foto_guilherme_sircili_20_29_2026-03-20_19-24-23.webp.webp?fit=1200%2C800&ssl=1&resize=1050%2C600 3x"},"classes":[]},{"id":61535,"url":"https:\/\/noticiasribeiraopreto.com.br\/index.php\/2024\/12\/16\/bosque-zoologico-de-ribeirao-vai-abrir-no-natal-e-ano-novo-confira\/","url_meta":{"origin":79138,"position":5},"title":"Bosque Zool\u00f3gico de Ribeir\u00e3o vai abrir no Natal e Ano Novo?\u00a0Confira","author":"noticiasribeiraopreto.com.br","date":"16 de December de 2024","format":false,"excerpt":"O Bosque Zool\u00f3gico F\u00e1bio Barreto, em Ribeir\u00e3o Preto, divulgou que ter\u00e1 esquema de funcionamento alterado durante o per\u00edodo de Natal e Ano Novo. Segundo a Prefeitura de Ribeir\u00e3o Preto, o espa\u00e7o ficar\u00e1 fechado para visita\u00e7\u00e3o nos dias 25 e 26 de dezembro e nos dias 1 e 2 de janeiro\u2026","rel":"","context":"In &quot;Not\u00edcias de Ribeir\u00e3o Preto-SP e Regi\u00e3o&quot;","block_context":{"text":"Not\u00edcias de Ribeir\u00e3o Preto-SP e Regi\u00e3o","link":"https:\/\/noticiasribeiraopreto.com.br\/index.php\/category\/noticias-de-ribeirao-preto-sp-e-regiao-ismael-colosi\/"},"img":{"alt_text":"","src":"https:\/\/i0.wp.com\/noticiasribeiraopreto.com.br\/wp-content\/uploads\/2024\/12\/obras_bosque_-_foto_guilherme_sircili_30.jpg?fit=1200%2C800&ssl=1&resize=350%2C200","width":350,"height":200,"srcset":"https:\/\/i0.wp.com\/noticiasribeiraopreto.com.br\/wp-content\/uploads\/2024\/12\/obras_bosque_-_foto_guilherme_sircili_30.jpg?fit=1200%2C800&ssl=1&resize=350%2C200 1x, https:\/\/i0.wp.com\/noticiasribeiraopreto.com.br\/wp-content\/uploads\/2024\/12\/obras_bosque_-_foto_guilherme_sircili_30.jpg?fit=1200%2C800&ssl=1&resize=525%2C300 1.5x, https:\/\/i0.wp.com\/noticiasribeiraopreto.com.br\/wp-content\/uploads\/2024\/12\/obras_bosque_-_foto_guilherme_sircili_30.jpg?fit=1200%2C800&ssl=1&resize=700%2C400 2x, https:\/\/i0.wp.com\/noticiasribeiraopreto.com.br\/wp-content\/uploads\/2024\/12\/obras_bosque_-_foto_guilherme_sircili_30.jpg?fit=1200%2C800&ssl=1&resize=1050%2C600 3x"},"classes":[]}],"jetpack_sharing_enabled":true,"jetpack_shortlink":"https:\/\/wp.me\/peQAOb-kAq","_links":{"self":[{"href":"https:\/\/noticiasribeiraopreto.com.br\/index.php\/wp-json\/wp\/v2\/posts\/79138","targetHints":{"allow":["GET"]}}],"collection":[{"href":"https:\/\/noticiasribeiraopreto.com.br\/index.php\/wp-json\/wp\/v2\/posts"}],"about":[{"href":"https:\/\/noticiasribeiraopreto.com.br\/index.php\/wp-json\/wp\/v2\/types\/post"}],"author":[{"embeddable":true,"href":"https:\/\/noticiasribeiraopreto.com.br\/index.php\/wp-json\/wp\/v2\/users\/1"}],"replies":[{"embeddable":true,"href":"https:\/\/noticiasribeiraopreto.com.br\/index.php\/wp-json\/wp\/v2\/comments?post=79138"}],"version-history":[{"count":0,"href":"https:\/\/noticiasribeiraopreto.com.br\/index.php\/wp-json\/wp\/v2\/posts\/79138\/revisions"}],"wp:featuredmedia":[{"embeddable":true,"href":"https:\/\/noticiasribeiraopreto.com.br\/index.php\/wp-json\/wp\/v2\/media\/79139"}],"wp:attachment":[{"href":"https:\/\/noticiasribeiraopreto.com.br\/index.php\/wp-json\/wp\/v2\/media?parent=79138"}],"wp:term":[{"taxonomy":"category","embeddable":true,"href":"https:\/\/noticiasribeiraopreto.com.br\/index.php\/wp-json\/wp\/v2\/categories?post=79138"},{"taxonomy":"post_tag","embeddable":true,"href":"https:\/\/noticiasribeiraopreto.com.br\/index.php\/wp-json\/wp\/v2\/tags?post=79138"}],"curies":[{"name":"wp","href":"https:\/\/api.w.org\/{rel}","templated":true}]}}