{"id":79141,"date":"2025-10-25T11:02:17","date_gmt":"2025-10-25T14:02:17","guid":{"rendered":"https:\/\/noticiasribeiraopreto.com.br\/index.php\/2025\/10\/25\/inflacao-desacelera-a-018-em-outubro\/"},"modified":"2025-10-25T11:02:17","modified_gmt":"2025-10-25T14:02:17","slug":"inflacao-desacelera-a-018-em-outubro","status":"publish","type":"post","link":"https:\/\/noticiasribeiraopreto.com.br\/index.php\/2025\/10\/25\/inflacao-desacelera-a-018-em-outubro\/","title":{"rendered":"Infla\u00e7\u00e3o desacelera a 0,18% em outubro"},"content":{"rendered":"<p> <br \/>\n<\/p>\n<div>\n<p>O \u00cdndice Nacional de Pre\u00e7os ao Consumidor Amplo 15 \u2013 pr\u00e9via da infla\u00e7\u00e3o oficial no pa\u00eds \u2013 desacelerou de 0,48% em setembro para 0,18% em outubro, 0,30 ponto percentual abaixo. Foi a segunda alta seguida, ap\u00f3s defla\u00e7\u00e3o de 0,14% em agosto. Houve aumento de 0,33% em julho, ap\u00f3s taxas de 0,26% em junho, 0,36% em maio, 0,43% em abril, 0,64% em mar\u00e7o, de 1,23% em fevereiro e 0,11% em janeiro.<\/p>\n<p>Os dados foram divulgados nesta sexta-feira (24) pelo Instituto Brasileiro de Geografia e Estat\u00edstica (IBGE). No mesmo per\u00edodo de 2024, o IPCA-15 tinha registrado alta de 0,54%. Em 2023, a pr\u00e9via mensal da infla\u00e7\u00e3o foi de 0,21% e, em 2022 ficou em 0,16%. O resultado de 2025 \u00e9 o mais baixo desde ent\u00e3o para o m\u00eas de outubro.<\/p>\n<p>Com o resultado, acumula aumento de 3,94% de janeiro a outubro de 2025, ante 3,76% at\u00e9 setembro. Era de 3,71% no mesmo per\u00edodo do ano passado. A taxa em doze meses est\u00e1 em 4,94%, pela primeira vez no ano abaixo de 5%. \u00c9 a mais baixa desde janeiro deste ano, quando estava em 4,50%.<\/p>\n<figure id=\"attachment_444156\" aria-describedby=\"caption-attachment-444156\" style=\"width: 209px\" class=\"wp-caption alignleft\"><img data-recalc-dims=\"1\" loading=\"lazy\" decoding=\"async\" class=\"size-medium wp-image-444156 lazyload\" src=\"https:\/\/i0.wp.com\/www.tribunaribeirao.com.br\/wp-content\/uploads\/2025\/10\/InflaIPCA-Aro-Pixabay-209x300.jpg?resize=209%2C300&#038;ssl=1\" alt=\"\" width=\"209\" height=\"300\" srcset=\"https:\/\/www.tribunaribeirao.com.br\/wp-content\/uploads\/2025\/10\/InflaIPCA-Aro-Pixabay-209x300.jpg 209w, https:\/\/www.tribunaribeirao.com.br\/wp-content\/uploads\/2025\/10\/InflaIPCA-Aro-Pixabay-279x400.jpg 279w, https:\/\/www.tribunaribeirao.com.br\/wp-content\/uploads\/2025\/10\/InflaIPCA-Aro-Pixabay-585x840.jpg 585w, https:\/\/www.tribunaribeirao.com.br\/wp-content\/uploads\/2025\/10\/InflaIPCA-Aro-Pixabay.jpg 544w\" data-sizes=\"(max-width: 209px) 100vw, 209px\" style=\"--smush-placeholder-width: 209px; --smush-placeholder-aspect-ratio: 209\/300;\"\/><figcaption id=\"caption-attachment-444156\" class=\"wp-caption-text\">Queda de 1,09% na energia residencial teve maior impacto no IPCA-15: cebola (-7,65%), ovo de galinha (-3,01%) e arroz (-1,37%) ficaram mais baratos | Reprodu\u00e7\u00e3o<\/figcaption><\/figure>\n<p>Tamb\u00e9m \u00e9 bem inferior aos 5,32% registrados at\u00e9 o m\u00eas passado \u2013 a mais alta desde maio deste ano, de 5,40%, segundo o Instituto Brasileiro de Geografia e Estat\u00edstica. De novembro de 2023 a outubro do ano passado, a infla\u00e7\u00e3o estava acumulada em 4,47%.<\/p>\n<p>Segundo os dados pr\u00e9vios, a infla\u00e7\u00e3o anual se mant\u00e9m acima da meta do governo, de 3% ao ano com toler\u00e2ncia de 1,5 ponto percentual para mais ou para menos, ou seja, indo no m\u00e1ximo a 4,50%. Est\u00e1 0,44 p.p. acima do teto. Institui\u00e7\u00f5es financeiras ouvidas pelo Boletim Focus, do Banco Central (BC), estimam que o IPCA deve terminar o ano em 4,7%.<\/p>\n<p><strong>Habita\u00e7\u00e3o \u2013 <\/strong>Os gastos das fam\u00edlias brasileiras com Habita\u00e7\u00e3o passaram de eleva\u00e7\u00e3o de 3,31% em setembro para aumento de 0,16% em outubro, contribui\u00e7\u00e3o de 0,02 ponto percentual para o IPCA-15. A energia el\u00e9trica residencial passou de alta de 12,17% para queda de 1,09%, item de maior al\u00edvio individual sobre a taxa geral do m\u00eas, contribui\u00e7\u00e3o de -0,05 p.p..<\/p>\n<p>Em setembro, houve a recomposi\u00e7\u00e3o das faturas passado o efeito do B\u00f4nus de Itaipu creditado nas faturas emitidas no m\u00eas de agosto. Al\u00e9m disso, estava em vig\u00eancia da bandeira tarif\u00e1ria vermelha patamar 2, adicionando R$ 7,877 na conta de luz a cada 100 quilowatts-hora (Kwh) consumidos.<\/p>\n<p>J\u00e1 em outubro, passou a vigorar a bandeira tarif\u00e1ria vermelha patamar 1, reduzindo a R$ 4,463 o adicional na conta de luz a cada 100 KWh consumidos. Houve aumentos nos subitens g\u00e1s de botij\u00e3o (1,44%) e aluguel residencial (0,95%).<\/p>\n<p><strong>Alimenta\u00e7\u00e3o \u2013<\/strong> O gasto das fam\u00edlias brasileiras com alimentos recuou em outubro pelo quinto m\u00eas consecutivo. O grupo Alimenta\u00e7\u00e3o e bebidas saiu de redu\u00e7\u00e3o de 0,35% em setembro para recuo de 0,02%, sem impacto sobe o IPCA-15.<\/p>\n<p>A alimenta\u00e7\u00e3o no domic\u00edlio diminuiu 0,10% em outubro, ap\u00f3s queda de 0,63% em setembro. Ficaram mais baratos a cebola (-7,65%), ovo de galinha (-3,01%), arroz (-1,37%) e leite longa vida (-1,00%). Por outro lado, houve altas no \u00f3leo de soja (4,25%) e nas frutas (2,07%).<\/p>\n<p>A alimenta\u00e7\u00e3o fora do domic\u00edlio aumentou 0,19%, ante alta de 0,36% em setembro,. A refei\u00e7\u00e3o fora de casa subiu 0,06% (houve aumento de 0,20% no m\u00eas anterior), e o lanche avan\u00e7ou 0,42% (contra eleva\u00e7\u00e3o de 0,70% no per\u00edodo antecedente.<\/p>\n<p><strong>Transportes \u2013 <\/strong>As altas nos pre\u00e7os da gasolina, passagens a\u00e9reas e etanol pressionaram juntas a infla\u00e7\u00e3o de outubro em 0,10 ponto percentual, segundo os dados do IPCA-15. Os custos das fam\u00edlias com itens do grupo Transportes passaram de queda de 0,25% em setembro para aumento de 0,41%, contribui\u00e7\u00e3o de 0,08 ponto percentual.<\/p>\n<p>Os combust\u00edveis subiram 1,16%, ap\u00f3s queda de 0,10% em setembro. O etanol avan\u00e7ou 3,09% (impacto de 0,02 ponto percentual), contra alta de 0,15% no per\u00edodo antecedente, e a gasolina subiu 0,99% (item de maior press\u00e3o no m\u00eas, 0,05 ponto), ap\u00f3s baixa de 0,13% no m\u00eas anterior.<\/p>\n<figure id=\"attachment_444157\" aria-describedby=\"caption-attachment-444157\" style=\"width: 219px\" class=\"wp-caption alignleft\"><img data-recalc-dims=\"1\" loading=\"lazy\" decoding=\"async\" class=\"size-medium wp-image-444157 lazyload\" src=\"https:\/\/i0.wp.com\/www.tribunaribeirao.com.br\/wp-content\/uploads\/2025\/10\/InflaIPCA-Luz-Pixabay-219x300.jpg?resize=219%2C300&#038;ssl=1\" alt=\"\" width=\"219\" height=\"300\" srcset=\"https:\/\/www.tribunaribeirao.com.br\/wp-content\/uploads\/2025\/10\/InflaIPCA-Luz-Pixabay-219x300.jpg 219w, https:\/\/www.tribunaribeirao.com.br\/wp-content\/uploads\/2025\/10\/InflaIPCA-Luz-Pixabay-292x400.jpg 292w, https:\/\/www.tribunaribeirao.com.br\/wp-content\/uploads\/2025\/10\/InflaIPCA-Luz-Pixabay.jpg 546w\" data-sizes=\"(max-width: 219px) 100vw, 219px\" style=\"--smush-placeholder-width: 219px; --smush-placeholder-aspect-ratio: 219\/300;\"\/><figcaption id=\"caption-attachment-444157\" class=\"wp-caption-text\">Queda de 1,09% na energia residencial teve maior impacto no IPCA-15: cebola (-7,65%), ovo de galinha (-3,01%) e arroz (-1,37%) ficaram mais baratos | Reprodu\u00e7\u00e3o<\/figcaption><\/figure>\n<p>O \u00f3leo diesel aumentou 0,01% depois de subir 0,38% em setembro, enquanto o g\u00e1s veicular teve queda de 0,40%, ap\u00f3s recuar 1,55%,. As passagens a\u00e9reas ficaram 4,39% mais caras em outubro, impacto de 0,03 ponto porcentual. No m\u00eas passado houve defla\u00e7\u00e3o de 2,61%.<\/p>\n<p><strong>Sa\u00fade <\/strong><strong>\u2013 <\/strong>Os gastos das fam\u00edlias brasileiras com Sa\u00fade e cuidados pessoais passaram de eleva\u00e7\u00e3o de 0,36% em setembro para aumento de 0,24% em outubro, contribui\u00e7\u00e3o de 0,03 ponto percentual. Houve press\u00e3o do aumento no plano de sa\u00fade, com eleva\u00e7\u00e3o de 0,50% e contribui\u00e7\u00e3o de 0,02 ponto para a infla\u00e7\u00e3o de outubro.<\/p>\n<p><strong>Despesas pessoais \u2013 <\/strong>Os gastos das fam\u00edlias brasileiras com Despesas pessoais passaram de eleva\u00e7\u00e3o de 0,20% em setembro para aumento de 0,42% em outubro, contribui\u00e7\u00e3o de 0,04 ponto percentual O resultado do grupo foi impulsionado pelos aumentos em cinema, teatro e concertos (2,05%), pacote tur\u00edstico (1,97%) e empregado dom\u00e9stico (0,52%).<br \/><strong><br \/>Grupos <\/strong><strong>\u2013<\/strong> Tr\u00eas dos nove grupos de produtos e servi\u00e7os que integram o IPCA-15 registraram quedas de pre\u00e7os em outubro. As defla\u00e7\u00f5es ocorreram em Alimenta\u00e7\u00e3o e Bebidas, queda de 0,02%, sem impacto para a alta de 0,18%do m\u00eas; Comunica\u00e7\u00e3o, redu\u00e7\u00e3o de 0,09% e tamb\u00e9m sem impacto; e Artigos de Resid\u00eancia, queda de 0,64% e impacto de -0,02 ponto percentual.<\/p>\n<p>Os aumentos foram registrados em Habita\u00e7\u00e3o, alta de 0,16% e impacto de 0,02 ponto percentual; Transportes, aumento de 0,41% e contribui\u00e7\u00e3o de 0,08 p.p.; Educa\u00e7\u00e3o, alta de 0,09% e impacto de 0,01 ponto; Sa\u00fade e cuidados pessoais, alta de 0,24%, impacto de 0,03 p.p.; Vestu\u00e1rio, aumento de 0,45%, impacto de 0,02 p.p.; e Despesas Pessoais, aumento de 0,42%, impacto de 0,04 ponto percentual.<\/p>\n<p><!-- CONTENT END 2 -->\n<\/div>\n<p><br \/>\n<br \/><a href=\"https:\/\/www.tribunaribeirao.com.br\/inflacao-desacelera-a-018-em-outubro\/\">Source link <\/a><\/p>\n","protected":false},"excerpt":{"rendered":"<p>O \u00cdndice Nacional de Pre\u00e7os ao Consumidor Amplo 15 \u2013 pr\u00e9via da infla\u00e7\u00e3o oficial no pa\u00eds \u2013 desacelerou de 0,48% em setembro para 0,18% em&#8230;<\/p>\n","protected":false},"author":1,"featured_media":79142,"comment_status":"open","ping_status":"open","sticky":false,"template":"","format":"standard","meta":{"advanced_seo_description":"","jetpack_seo_html_title":"","jetpack_seo_noindex":false,"jetpack_post_was_ever_published":false,"_jetpack_newsletter_access":"","_jetpack_dont_email_post_to_subs":false,"_jetpack_newsletter_tier_id":0,"_jetpack_memberships_contains_paywalled_content":false,"_jetpack_memberships_contains_paid_content":false,"footnotes":"","jetpack_publicize_message":"","jetpack_publicize_feature_enabled":true,"jetpack_social_post_already_shared":true,"jetpack_social_options":{"image_generator_settings":{"template":"highway","default_image_id":0,"font":"","enabled":false},"version":2}},"categories":[11],"tags":[],"class_list":["post-79141","post","type-post","status-publish","format-standard","has-post-thumbnail","hentry","category-noticias-de-ribeirao-preto-sp-e-regiao-ismael-colosi"],"jetpack_publicize_connections":[],"jetpack_featured_media_url":"https:\/\/i0.wp.com\/noticiasribeiraopreto.com.br\/wp-content\/uploads\/2025\/10\/pexels-daniel-dan-47825192-7623480-scaled.jpg?fit=1170%2C780&ssl=1","jetpack-related-posts":[{"id":68547,"url":"https:\/\/noticiasribeiraopreto.com.br\/index.php\/2025\/04\/26\/previa-da-inflacao-desacelera-a-043\/","url_meta":{"origin":79141,"position":0},"title":"Pr\u00e9via da infla\u00e7\u00e3o desacelera a 0,43% \u00a0","author":"noticiasribeiraopreto.com.br","date":"26 de April de 2025","format":false,"excerpt":"O \u00cdndice Nacional de Pre\u00e7os ao Consumidor Amplo 15 \u2013 pr\u00e9via da infla\u00e7\u00e3o oficial no pa\u00eds \u2013 desacelerou de 0,64% em mar\u00e7o para 0,43% em abril, 0,21 ponto percentual abaixo ao do m\u00eas anterior, ap\u00f3s registrar taxas de 1,23% em fevereiro, 0,11% em janeiro, 0,34% em dezembro, 0,62% em novembro\u2026","rel":"","context":"In &quot;Not\u00edcias de Ribeir\u00e3o Preto-SP e Regi\u00e3o&quot;","block_context":{"text":"Not\u00edcias de Ribeir\u00e3o Preto-SP e Regi\u00e3o","link":"https:\/\/noticiasribeiraopreto.com.br\/index.php\/category\/noticias-de-ribeirao-preto-sp-e-regiao-ismael-colosi\/"},"img":{"alt_text":"","src":"https:\/\/i0.wp.com\/noticiasribeiraopreto.com.br\/wp-content\/uploads\/2025\/04\/InflaIPCA-Pas-Fernando-Frazao-Ag.Br_-scaled.jpg?fit=800%2C479&ssl=1&resize=350%2C200","width":350,"height":200,"srcset":"https:\/\/i0.wp.com\/noticiasribeiraopreto.com.br\/wp-content\/uploads\/2025\/04\/InflaIPCA-Pas-Fernando-Frazao-Ag.Br_-scaled.jpg?fit=800%2C479&ssl=1&resize=350%2C200 1x, https:\/\/i0.wp.com\/noticiasribeiraopreto.com.br\/wp-content\/uploads\/2025\/04\/InflaIPCA-Pas-Fernando-Frazao-Ag.Br_-scaled.jpg?fit=800%2C479&ssl=1&resize=525%2C300 1.5x, https:\/\/i0.wp.com\/noticiasribeiraopreto.com.br\/wp-content\/uploads\/2025\/04\/InflaIPCA-Pas-Fernando-Frazao-Ag.Br_-scaled.jpg?fit=800%2C479&ssl=1&resize=700%2C400 2x"},"classes":[]},{"id":39833,"url":"https:\/\/noticiasribeiraopreto.com.br\/index.php\/2024\/02\/28\/previa-do-ipca-fecha-em-078\/","url_meta":{"origin":79141,"position":1},"title":"Pr\u00e9via do IPCA\u00a0fecha em 0,78% \u00a0","author":"noticiasribeiraopreto.com.br","date":"28 de February de 2024","format":false,"excerpt":"O \u00cdndice Nacional de Pre\u00e7os ao Consumidor Amplo 15 \u2013 pr\u00e9via da infla\u00e7\u00e3o oficial no pa\u00eds \u2013 disparou 0,78% em fevereiro, ante alta de 0,31% em janeiro, avan\u00e7o de 0,40% em dezembro do ano passado. A \u00faltima defla\u00e7\u00e3o ocorreu em julho, de 0,07%. Com o resultado anunciado nesta ter\u00e7a-feira, 27\u2026","rel":"","context":"In &quot;Not\u00edcias de Ribeir\u00e3o Preto-SP e Regi\u00e3o&quot;","block_context":{"text":"Not\u00edcias de Ribeir\u00e3o Preto-SP e Regi\u00e3o","link":"https:\/\/noticiasribeiraopreto.com.br\/index.php\/category\/noticias-de-ribeirao-preto-sp-e-regiao-ismael-colosi\/"},"img":{"alt_text":"","src":"https:\/\/i0.wp.com\/noticiasribeiraopreto.com.br\/wp-content\/uploads\/2024\/02\/IZa4lmensalidade-scaled.jpg?fit=968%2C645&ssl=1&resize=350%2C200","width":350,"height":200,"srcset":"https:\/\/i0.wp.com\/noticiasribeiraopreto.com.br\/wp-content\/uploads\/2024\/02\/IZa4lmensalidade-scaled.jpg?fit=968%2C645&ssl=1&resize=350%2C200 1x, https:\/\/i0.wp.com\/noticiasribeiraopreto.com.br\/wp-content\/uploads\/2024\/02\/IZa4lmensalidade-scaled.jpg?fit=968%2C645&ssl=1&resize=525%2C300 1.5x, https:\/\/i0.wp.com\/noticiasribeiraopreto.com.br\/wp-content\/uploads\/2024\/02\/IZa4lmensalidade-scaled.jpg?fit=968%2C645&ssl=1&resize=700%2C400 2x"},"classes":[]},{"id":84533,"url":"https:\/\/noticiasribeiraopreto.com.br\/index.php\/2026\/04\/11\/inflacao-sobe-a-088-em-marco\/","url_meta":{"origin":79141,"position":2},"title":"Infla\u00e7\u00e3o sobe a 0,88% em mar\u00e7o","author":"noticiasribeiraopreto.com.br","date":"11 de April de 2026","format":false,"excerpt":"O \u00cdndice Nacional de Pre\u00e7os ao Consumidor Amplo (IPCA) acelerou de 0,70% em fevereiro para 0,88% em mar\u00e7o, 0,18 ponto percentual acima, s\u00e9timo m\u00eas seguido de infla\u00e7\u00e3o e a taxa mais elevada desde fevereiro do ano passado, quando disparou 1,31%. O avan\u00e7o foi puxado pelos pre\u00e7os dos grupos Transportes e\u2026","rel":"","context":"In &quot;Not\u00edcias de Ribeir\u00e3o Preto-SP e Regi\u00e3o&quot;","block_context":{"text":"Not\u00edcias de Ribeir\u00e3o Preto-SP e Regi\u00e3o","link":"https:\/\/noticiasribeiraopreto.com.br\/index.php\/category\/noticias-de-ribeirao-preto-sp-e-regiao-ismael-colosi\/"},"img":{"alt_text":"","src":"https:\/\/i0.wp.com\/noticiasribeiraopreto.com.br\/wp-content\/uploads\/2026\/04\/InflaIPCA-Tomaz-Silva-Ag.Br_.jpg?fit=1170%2C700&ssl=1&resize=350%2C200","width":350,"height":200,"srcset":"https:\/\/i0.wp.com\/noticiasribeiraopreto.com.br\/wp-content\/uploads\/2026\/04\/InflaIPCA-Tomaz-Silva-Ag.Br_.jpg?fit=1170%2C700&ssl=1&resize=350%2C200 1x, https:\/\/i0.wp.com\/noticiasribeiraopreto.com.br\/wp-content\/uploads\/2026\/04\/InflaIPCA-Tomaz-Silva-Ag.Br_.jpg?fit=1170%2C700&ssl=1&resize=525%2C300 1.5x, https:\/\/i0.wp.com\/noticiasribeiraopreto.com.br\/wp-content\/uploads\/2026\/04\/InflaIPCA-Tomaz-Silva-Ag.Br_.jpg?fit=1170%2C700&ssl=1&resize=700%2C400 2x, https:\/\/i0.wp.com\/noticiasribeiraopreto.com.br\/wp-content\/uploads\/2026\/04\/InflaIPCA-Tomaz-Silva-Ag.Br_.jpg?fit=1170%2C700&ssl=1&resize=1050%2C600 3x"},"classes":[]},{"id":59506,"url":"https:\/\/noticiasribeiraopreto.com.br\/index.php\/2024\/10\/25\/inflacao-atinge-054-em-outubro-e-pressiona-orcamento-das-familias-brasileiras\/","url_meta":{"origin":79141,"position":3},"title":"Infla\u00e7\u00e3o Atinge 0,54% em Outubro e Pressiona Or\u00e7amento das Fam\u00edlias Brasileiras","author":"noticiasribeiraopreto.com.br","date":"25 de October de 2024","format":false,"excerpt":"O \u00edndice de infla\u00e7\u00e3o, medido pelo IPCA-15, registrou uma varia\u00e7\u00e3o de 0,54% em outubro, conforme divulgado pelo Instituto Brasileiro de Geografia e Estat\u00edstica (IBGE). Este aumento \u00e9 considerado significativo e traz impactos diretos no or\u00e7amento das fam\u00edlias brasileiras, que t\u00eam sentido o peso da alta nos pre\u00e7os de itens essenciais,\u2026","rel":"","context":"In &quot;Not\u00edcias de Ribeir\u00e3o Preto-SP e Regi\u00e3o&quot;","block_context":{"text":"Not\u00edcias de Ribeir\u00e3o Preto-SP e Regi\u00e3o","link":"https:\/\/noticiasribeiraopreto.com.br\/index.php\/category\/noticias-de-ribeirao-preto-sp-e-regiao-ismael-colosi\/"},"img":{"alt_text":"","src":"https:\/\/i0.wp.com\/noticiasribeiraopreto.com.br\/wp-content\/uploads\/2024\/10\/supermercado_economia_20220729_0889.webp.webp?fit=1170%2C700&ssl=1&resize=350%2C200","width":350,"height":200,"srcset":"https:\/\/i0.wp.com\/noticiasribeiraopreto.com.br\/wp-content\/uploads\/2024\/10\/supermercado_economia_20220729_0889.webp.webp?fit=1170%2C700&ssl=1&resize=350%2C200 1x, https:\/\/i0.wp.com\/noticiasribeiraopreto.com.br\/wp-content\/uploads\/2024\/10\/supermercado_economia_20220729_0889.webp.webp?fit=1170%2C700&ssl=1&resize=525%2C300 1.5x, https:\/\/i0.wp.com\/noticiasribeiraopreto.com.br\/wp-content\/uploads\/2024\/10\/supermercado_economia_20220729_0889.webp.webp?fit=1170%2C700&ssl=1&resize=700%2C400 2x, https:\/\/i0.wp.com\/noticiasribeiraopreto.com.br\/wp-content\/uploads\/2024\/10\/supermercado_economia_20220729_0889.webp.webp?fit=1170%2C700&ssl=1&resize=1050%2C600 3x"},"classes":[]},{"id":14684,"url":"https:\/\/noticiasribeiraopreto.com.br\/index.php\/2023\/12\/12\/inflacao-acelera-em-novembro-pressionada-por-alimentos\/","url_meta":{"origin":79141,"position":4},"title":"Infla\u00e7\u00e3o ACELERA em novembro, pressionada por alimentos","author":"noticiasribeiraopreto.com.br","date":"12 de December de 2023","format":false,"excerpt":"O \u00cdndice Nacional de Pre\u00e7os ao Consumidor Amplo (IPCA)\u00a0subiu 0,28% em novembro, acelerando\u00a0 em rela\u00e7\u00e3o ao m\u00eas anterior, quando a taxa avan\u00e7ou 0,24%. A prop\u00f3sito, o IPCA \u00e9 a infla\u00e7\u00e3o oficial do Brasil. O resultado veio levemente abaixo do esperado pelos analistas do mercado financeiro, cuja m\u00e9dia das proje\u00e7\u00f5es apontava\u2026","rel":"","context":"In &quot;Vagas de Emprego em Ribeir\u00e3o Preto-SP&quot;","block_context":{"text":"Vagas de Emprego em Ribeir\u00e3o Preto-SP","link":"https:\/\/noticiasribeiraopreto.com.br\/index.php\/category\/empregos-classificados-vagas-trabalho\/vagas-de-empregos-em-ribeirao-preto-regiao-brasil\/"},"img":{"alt_text":"","src":"https:\/\/i0.wp.com\/noticiasribeiraopreto.com.br\/wp-content\/uploads\/2023\/12\/noticiasconcursos.com_.br-inflacao-acelera-em-novembro-pressionada-pela-alta-nos-precos-dos-alimentos-carrinho-de-supermercado-agencia-brasil-750x430.jpeg?fit=750%2C430&ssl=1&resize=350%2C200","width":350,"height":200,"srcset":"https:\/\/i0.wp.com\/noticiasribeiraopreto.com.br\/wp-content\/uploads\/2023\/12\/noticiasconcursos.com_.br-inflacao-acelera-em-novembro-pressionada-pela-alta-nos-precos-dos-alimentos-carrinho-de-supermercado-agencia-brasil-750x430.jpeg?fit=750%2C430&ssl=1&resize=350%2C200 1x, https:\/\/i0.wp.com\/noticiasribeiraopreto.com.br\/wp-content\/uploads\/2023\/12\/noticiasconcursos.com_.br-inflacao-acelera-em-novembro-pressionada-pela-alta-nos-precos-dos-alimentos-carrinho-de-supermercado-agencia-brasil-750x430.jpeg?fit=750%2C430&ssl=1&resize=525%2C300 1.5x, https:\/\/i0.wp.com\/noticiasribeiraopreto.com.br\/wp-content\/uploads\/2023\/12\/noticiasconcursos.com_.br-inflacao-acelera-em-novembro-pressionada-pela-alta-nos-precos-dos-alimentos-carrinho-de-supermercado-agencia-brasil-750x430.jpeg?fit=750%2C430&ssl=1&resize=700%2C400 2x"},"classes":[]},{"id":19506,"url":"https:\/\/noticiasribeiraopreto.com.br\/index.php\/2023\/12\/22\/classe-baixa-renda-sente-inflacao-de-020\/","url_meta":{"origin":79141,"position":5},"title":"Classe baixa renda sente infla\u00e7\u00e3o de 0,20% \u00a0","author":"noticiasribeiraopreto.com.br","date":"22 de December de 2023","format":false,"excerpt":"A queda nos pre\u00e7os dos combust\u00edveis e do \u00f4nibus urbano em novembro aliviou o aumento no custo de vida percebido pelas fam\u00edlias de baixa renda, enquanto as passagens a\u00e9reas mais caras pressionaram a infla\u00e7\u00e3o sentida pelos mais ricos, informou nesta quarta-feira, 13 de dezembro, o Instituto de Pesquisa Econ\u00f4mica Aplicada\u2026","rel":"","context":"In &quot;Not\u00edcias de Ribeir\u00e3o Preto-SP e Regi\u00e3o&quot;","block_context":{"text":"Not\u00edcias de Ribeir\u00e3o Preto-SP e Regi\u00e3o","link":"https:\/\/noticiasribeiraopreto.com.br\/index.php\/category\/noticias-de-ribeirao-preto-sp-e-regiao-ismael-colosi\/"},"img":{"alt_text":"","src":"https:\/\/i0.wp.com\/noticiasribeiraopreto.com.br\/wp-content\/uploads\/2023\/12\/2-infla-Cesta-Marcelo-Camargo-Ag.Br_-scaled.jpg?fit=1000%2C598&ssl=1&resize=350%2C200","width":350,"height":200,"srcset":"https:\/\/i0.wp.com\/noticiasribeiraopreto.com.br\/wp-content\/uploads\/2023\/12\/2-infla-Cesta-Marcelo-Camargo-Ag.Br_-scaled.jpg?fit=1000%2C598&ssl=1&resize=350%2C200 1x, https:\/\/i0.wp.com\/noticiasribeiraopreto.com.br\/wp-content\/uploads\/2023\/12\/2-infla-Cesta-Marcelo-Camargo-Ag.Br_-scaled.jpg?fit=1000%2C598&ssl=1&resize=525%2C300 1.5x, https:\/\/i0.wp.com\/noticiasribeiraopreto.com.br\/wp-content\/uploads\/2023\/12\/2-infla-Cesta-Marcelo-Camargo-Ag.Br_-scaled.jpg?fit=1000%2C598&ssl=1&resize=700%2C400 2x"},"classes":[]}],"jetpack_sharing_enabled":true,"jetpack_shortlink":"https:\/\/wp.me\/peQAOb-kAt","_links":{"self":[{"href":"https:\/\/noticiasribeiraopreto.com.br\/index.php\/wp-json\/wp\/v2\/posts\/79141","targetHints":{"allow":["GET"]}}],"collection":[{"href":"https:\/\/noticiasribeiraopreto.com.br\/index.php\/wp-json\/wp\/v2\/posts"}],"about":[{"href":"https:\/\/noticiasribeiraopreto.com.br\/index.php\/wp-json\/wp\/v2\/types\/post"}],"author":[{"embeddable":true,"href":"https:\/\/noticiasribeiraopreto.com.br\/index.php\/wp-json\/wp\/v2\/users\/1"}],"replies":[{"embeddable":true,"href":"https:\/\/noticiasribeiraopreto.com.br\/index.php\/wp-json\/wp\/v2\/comments?post=79141"}],"version-history":[{"count":0,"href":"https:\/\/noticiasribeiraopreto.com.br\/index.php\/wp-json\/wp\/v2\/posts\/79141\/revisions"}],"wp:featuredmedia":[{"embeddable":true,"href":"https:\/\/noticiasribeiraopreto.com.br\/index.php\/wp-json\/wp\/v2\/media\/79142"}],"wp:attachment":[{"href":"https:\/\/noticiasribeiraopreto.com.br\/index.php\/wp-json\/wp\/v2\/media?parent=79141"}],"wp:term":[{"taxonomy":"category","embeddable":true,"href":"https:\/\/noticiasribeiraopreto.com.br\/index.php\/wp-json\/wp\/v2\/categories?post=79141"},{"taxonomy":"post_tag","embeddable":true,"href":"https:\/\/noticiasribeiraopreto.com.br\/index.php\/wp-json\/wp\/v2\/tags?post=79141"}],"curies":[{"name":"wp","href":"https:\/\/api.w.org\/{rel}","templated":true}]}}