{"id":79146,"date":"2025-10-25T11:31:50","date_gmt":"2025-10-25T14:31:50","guid":{"rendered":"https:\/\/noticiasribeiraopreto.com.br\/index.php\/2025\/10\/25\/ribeirao-preto-deve-ter-sol-e-maxima-de-33c-neste-sabado-chuva-retorna-na-proxima-semana\/"},"modified":"2025-10-25T11:31:50","modified_gmt":"2025-10-25T14:31:50","slug":"ribeirao-preto-deve-ter-sol-e-maxima-de-33c-neste-sabado-chuva-retorna-na-proxima-semana","status":"publish","type":"post","link":"https:\/\/noticiasribeiraopreto.com.br\/index.php\/2025\/10\/25\/ribeirao-preto-deve-ter-sol-e-maxima-de-33c-neste-sabado-chuva-retorna-na-proxima-semana\/","title":{"rendered":"Ribeir\u00e3o Preto deve ter sol e m\u00e1xima de 33\u00b0C neste s\u00e1bado; Chuva retorna na pr\u00f3xima semana"},"content":{"rendered":"<div class='code-block code-block-1' style='margin: 8px 0 8px auto; text-align: right; display: block; clear: both;'>\n<p><a href=\"https:\/\/wa.link\/vpicfd\"><img data-recalc-dims=\"1\" class=\"wp-image-4922\" style=\"aspect-ratio: 2.0253164556962027; width: 561px; height: auto;\" src=\"https:\/\/i0.wp.com\/ismaelcolosi.com.br\/wp-content\/uploads\/2023\/11\/grupo-de-empregos-whatsapp-e-facebook-ismael-colosi-vagas.jpg?ssl=1\" alt=\"\" \/><\/a><\/p>\n<!-- \/wp:image -->\n<\/div>\n<p> <br \/>\n<\/p>\n<div>\n<p>O <strong>s\u00e1bado (25) <\/strong>em <strong>Ribeir\u00e3o Preto<\/strong> ser\u00e1 marcado por <strong>sol <\/strong>e varia\u00e7\u00e3o de nuvens ao longo do dia. \u00c0 tarde, o c\u00e9u deve ficar parcialmente nublado, e \u00e0 noite a nebulosidade aumenta, <strong>mas sem previs\u00e3o de chuva<\/strong>.<\/p>\n<p>Segundo a <strong>Climatempo<\/strong>, o sol deve predominar durante a tarde entre poucas nuvens, favorecendo a eleva\u00e7\u00e3o das temperaturas. <mark style=\"background-color:#fcb900\" class=\"has-inline-color\">Os term\u00f4metros podem chegar a 33\u00b0C.<\/mark><\/p>\n<div class=\"wp-block-image\">\n<figure class=\"aligncenter size-large is-resized\"><img data-recalc-dims=\"1\" fetchpriority=\"high\" decoding=\"async\" width=\"1024\" height=\"768\" src=\"https:\/\/i0.wp.com\/cdn.media-acidadeon.com.br\/ribeiraopreto\/wp-content\/uploads\/sites\/3\/2025\/10\/ceu-azul-ribeirao-preto-2_2025-10-05_12-42-07-1024x768.webp?resize=1024%2C768&#038;ssl=1\" alt=\"Ribeir\u00e3o Preto ter\u00e1 dia de Sol neste s\u00e1bado -Foto: Leonardo Santos.\" class=\"wp-image-131303\" style=\"width:654px\" title=\"Ribeir\u00e3o Preto deve ter sol e m\u00e1xima de 33\u00b0C neste s\u00e1bado; Chuva retorna na pr\u00f3xima semana 1\" srcset=\"https:\/\/cdn.media-acidadeon.com.br\/ribeiraopreto\/wp-content\/uploads\/sites\/3\/2025\/10\/ceu-azul-ribeirao-preto-2_2025-10-05_12-42-07-1024x768.webp 1024w, https:\/\/cdn.media-acidadeon.com.br\/ribeiraopreto\/wp-content\/uploads\/sites\/3\/2025\/10\/ceu-azul-ribeirao-preto-2_2025-10-05_12-42-07-300x225.webp 300w, https:\/\/cdn.media-acidadeon.com.br\/ribeiraopreto\/wp-content\/uploads\/sites\/3\/2025\/10\/ceu-azul-ribeirao-preto-2_2025-10-05_12-42-07-768x576.webp 768w, https:\/\/cdn.media-acidadeon.com.br\/ribeiraopreto\/wp-content\/uploads\/sites\/3\/2025\/10\/ceu-azul-ribeirao-preto-2_2025-10-05_12-42-07-696x522.webp 696w, https:\/\/cdn.media-acidadeon.com.br\/ribeiraopreto\/wp-content\/uploads\/sites\/3\/2025\/10\/ceu-azul-ribeirao-preto-2_2025-10-05_12-42-07-1068x801.webp 1068w, https:\/\/cdn.media-acidadeon.com.br\/ribeiraopreto\/wp-content\/uploads\/sites\/3\/2025\/10\/ceu-azul-ribeirao-preto-2_2025-10-05_12-42-07.webp 1200w\" sizes=\"(max-width: 1024px) 100vw, 1024px\"\/><figcaption class=\"wp-element-caption\">Ribeir\u00e3o Preto ter\u00e1 dia de Sol neste s\u00e1bado -Foto: Leonardo Santos.<\/figcaption><\/figure>\n<\/div>\n<h2 class=\"wp-block-heading\"><strong>Quando vai chover?<\/strong><\/h2>\n<p>A <strong>Defesa Civil do Estado de S\u00e3o Paulo<\/strong> prev\u00ea o retorno das <strong>chuvas a Ribeir\u00e3o Preto e regi\u00e3o <\/strong>a partir da pr\u00f3xima<strong> segunda-feira (27)<\/strong>.<\/p>\n<p>O avan\u00e7o de uma <strong>frente fria <\/strong>deve mudar as condi\u00e7\u00f5es do tempo, trazendo pancadas de chuva, raios e ventos moderados a fortes j\u00e1 no in\u00edcio da pr\u00f3xima semana.<\/p>\n<p>Com a chegada desse sistema, a expectativa \u00e9 de <strong>pancadas de chuva<\/strong> localmente fortes entre segunda (27) e quarta-feira (29).<\/p>\n<p>As precipita\u00e7\u00f5es devem ocorrer de <strong>forma irregular<\/strong>, com <strong>possibilidade de alagamentos pontuais<\/strong>, queda de galhos e ventos de intensidade moderada a forte.<\/p>\n<div class=\"wp-block-image\">\n<figure class=\"aligncenter size-large is-resized\"><img data-recalc-dims=\"1\" loading=\"lazy\" decoding=\"async\" width=\"1024\" height=\"461\" src=\"https:\/\/i0.wp.com\/cdn.media-acidadeon.com.br\/ribeiraopreto\/wp-content\/uploads\/sites\/3\/2025\/06\/WhatsApp-Image-2025-06-23-at-13.53.17_2025-06-23_17-03-34-1024x461.webp?resize=1024%2C461&#038;ssl=1\" alt=\"Defesa Civil alerta para retorno das chuvas em Ribeir\u00e3o Preto- Foto: Ricardo Canaveze.\" class=\"wp-image-120619\" style=\"width:654px\" title=\"Ribeir\u00e3o Preto deve ter sol e m\u00e1xima de 33\u00b0C neste s\u00e1bado; Chuva retorna na pr\u00f3xima semana 2\" srcset=\"https:\/\/cdn.media-acidadeon.com.br\/ribeiraopreto\/wp-content\/uploads\/sites\/3\/2025\/06\/WhatsApp-Image-2025-06-23-at-13.53.17_2025-06-23_17-03-34-1024x461.webp 1024w, https:\/\/cdn.media-acidadeon.com.br\/ribeiraopreto\/wp-content\/uploads\/sites\/3\/2025\/06\/WhatsApp-Image-2025-06-23-at-13.53.17_2025-06-23_17-03-34-300x135.webp 300w, https:\/\/cdn.media-acidadeon.com.br\/ribeiraopreto\/wp-content\/uploads\/sites\/3\/2025\/06\/WhatsApp-Image-2025-06-23-at-13.53.17_2025-06-23_17-03-34-768x346.webp 768w, https:\/\/cdn.media-acidadeon.com.br\/ribeiraopreto\/wp-content\/uploads\/sites\/3\/2025\/06\/WhatsApp-Image-2025-06-23-at-13.53.17_2025-06-23_17-03-34-696x313.webp 696w, https:\/\/cdn.media-acidadeon.com.br\/ribeiraopreto\/wp-content\/uploads\/sites\/3\/2025\/06\/WhatsApp-Image-2025-06-23-at-13.53.17_2025-06-23_17-03-34-1068x481.webp 1068w, https:\/\/cdn.media-acidadeon.com.br\/ribeiraopreto\/wp-content\/uploads\/sites\/3\/2025\/06\/WhatsApp-Image-2025-06-23-at-13.53.17_2025-06-23_17-03-34.webp 1200w\" sizes=\"auto, (max-width: 1024px) 100vw, 1024px\"\/><figcaption class=\"wp-element-caption\">Defesa Civil alerta para retorno das chuvas em Ribeir\u00e3o Preto- Foto: Ricardo Canaveze.<\/figcaption><\/figure>\n<\/div>\n<h3 class=\"wp-block-heading\"><strong>Veja mais detalhes da previs\u00e3o para Ribeir\u00e3o Preto<\/strong><\/h3>\n<p><strong>S\u00e1bado (25):<\/strong> Sol e muitas nuvens \u00e0 tarde. \u00c0 noite o c\u00e9u ainda fica com muita nebulosidade, mas n\u00e3o chove. M\u00ednima de 18\u00baC e m\u00e1xima de 33\u00baC;<\/p>\n<p><strong>Domingo (26):<\/strong> Sol e muitas nuvens \u00e0 tarde. \u00c0 noite o c\u00e9u ainda fica com muita nebulosidade, mas n\u00e3o chove. M\u00ednima de 20\u00baC e m\u00e1xima de 35\u00baC.<\/p>\n<hr class=\"wp-block-separator has-alpha-channel-opacity\"\/>\n<p>SAIBA MAIS<\/p>\n<p>Zool\u00f3gico de Ribeir\u00e3o Preto realiza cirurgia hist\u00f3rica em urso Renan<\/p>\n<h2 class=\"wp-block-heading\"><strong>FIQUE ON<\/strong><\/h2>\n<p>Fique ligado em tudo que acontece em Ribeir\u00e3o Preto e regi\u00e3o. Siga os perfis do\u00a0<strong>acidade on\u00a0<\/strong>no\u00a0<a href=\"https:\/\/www.instagram.com\/acidadeonribeirao\" target=\"_blank\" rel=\"noreferrer noopener\">Instagram<\/a>\u00a0e no<a href=\"https:\/\/www.facebook.com\/acidadeonribeirao\/\" target=\"_blank\" rel=\"noreferrer noopener\">\u00a0Facebook<\/a>.<\/p>\n<p>Receba not\u00edcias do<strong>\u00a0acidade on<\/strong>\u00a0no WhatsApp. Para entrar no grupo,\u00a0basta\u00a0<a href=\"https:\/\/chat.whatsapp.com\/I4nieTEMKlf50pJ28aMemC?mode=ac_t\" target=\"_blank\" rel=\"noreferrer noopener\">clicar aqui<\/a>. Ou, acesse o nosso\u00a0Canal\u00a0<a href=\"https:\/\/whatsapp.com\/channel\/0029Vb6IQl1JENyAeS57fk2p\" target=\"_blank\" rel=\"noreferrer noopener\">clicando aqui<\/a>.<\/p>\n<p>Fa\u00e7a uma den\u00fancia ou sugira uma reportagem sobre Ribeir\u00e3o Preto e regi\u00e3o pelo WhatsApp: 16 99117 7802.<\/p>\n<p>VEJA TAMB\u00c9M<\/p>\n<p>\u2018O Agente Secreto\u2019 j\u00e1 ganhou quais pr\u00eamios?<\/p>\n<p><!-- AI CONTENT END 1 -->\n<\/div>\n<p><script async src=\"\/\/www.instagram.com\/embed.js\"><\/script><br \/>\n<br \/><br \/>\n<br \/><a href=\"https:\/\/www.acidadeon.com\/ribeiraopreto\/cotidiano\/ribeirao-preto-deve-ter-sol-e-maxima-de-33c-neste-sabado-chuva-retorna-na-proxima-semana\/\">Source link <\/a><\/p>\n<!-- CONTENT END 1 -->\n","protected":false},"excerpt":{"rendered":"<p>O s\u00e1bado (25) em Ribeir\u00e3o Preto ser\u00e1 marcado por sol e varia\u00e7\u00e3o de nuvens ao longo do dia. \u00c0 tarde, o c\u00e9u deve ficar parcialmente&#8230;<\/p>\n","protected":false},"author":1,"featured_media":79029,"comment_status":"open","ping_status":"open","sticky":false,"template":"","format":"standard","meta":{"advanced_seo_description":"","jetpack_seo_html_title":"","jetpack_seo_noindex":false,"jetpack_post_was_ever_published":false,"_jetpack_newsletter_access":"","_jetpack_dont_email_post_to_subs":false,"_jetpack_newsletter_tier_id":0,"_jetpack_memberships_contains_paywalled_content":false,"_jetpack_memberships_contains_paid_content":false,"footnotes":"","jetpack_publicize_message":"","jetpack_publicize_feature_enabled":true,"jetpack_social_post_already_shared":true,"jetpack_social_options":{"image_generator_settings":{"template":"highway","default_image_id":0,"font":"","enabled":false},"version":2}},"categories":[11],"tags":[],"class_list":["post-79146","post","type-post","status-publish","format-standard","has-post-thumbnail","hentry","category-noticias-de-ribeirao-preto-sp-e-regiao-ismael-colosi"],"jetpack_publicize_connections":[],"jetpack_featured_media_url":"https:\/\/i0.wp.com\/noticiasribeiraopreto.com.br\/wp-content\/uploads\/2025\/10\/WhatsApp-Image-2024-04-20-at-12.37.53-1024x576.webp.webp?fit=1024%2C576&ssl=1","jetpack-related-posts":[{"id":83630,"url":"https:\/\/noticiasribeiraopreto.com.br\/index.php\/2026\/03\/22\/saiba-a-previsao-do-tempo-para-ribeirao-preto-nos-proximos-7-dias\/","url_meta":{"origin":79146,"position":0},"title":"Saiba a previs\u00e3o do tempo para Ribeir\u00e3o Preto nos pr\u00f3ximos 7 dias","author":"noticiasribeiraopreto.com.br","date":"22 de March de 2026","format":false,"excerpt":"A semana deve come\u00e7ar em Ribeir\u00e3o Preto com possibilidade de pancadas de chuva no final da tarde, segundo a Climatempo. Contudo, os meteorologistas apontam que, a partir do final da pr\u00f3xima semana, o tempo deve permanecer firme na cidade. Veja a previs\u00e3o do tempo Segunda-feira, 23 de mar\u00e7o M\u00e1xima: 30\u00b0\u2026","rel":"","context":"In &quot;Not\u00edcias de Ribeir\u00e3o Preto-SP e Regi\u00e3o&quot;","block_context":{"text":"Not\u00edcias de Ribeir\u00e3o Preto-SP e Regi\u00e3o","link":"https:\/\/noticiasribeiraopreto.com.br\/index.php\/category\/noticias-de-ribeirao-preto-sp-e-regiao-ismael-colosi\/"},"img":{"alt_text":"","src":"https:\/\/i0.wp.com\/noticiasribeiraopreto.com.br\/wp-content\/uploads\/2026\/03\/WhatsApp-Image-2026-01-21-at-05.57.30_2026-01-21_09-40-11-e1768988461559.webp.webp?fit=834%2C553&ssl=1&resize=350%2C200","width":350,"height":200,"srcset":"https:\/\/i0.wp.com\/noticiasribeiraopreto.com.br\/wp-content\/uploads\/2026\/03\/WhatsApp-Image-2026-01-21-at-05.57.30_2026-01-21_09-40-11-e1768988461559.webp.webp?fit=834%2C553&ssl=1&resize=350%2C200 1x, https:\/\/i0.wp.com\/noticiasribeiraopreto.com.br\/wp-content\/uploads\/2026\/03\/WhatsApp-Image-2026-01-21-at-05.57.30_2026-01-21_09-40-11-e1768988461559.webp.webp?fit=834%2C553&ssl=1&resize=525%2C300 1.5x, https:\/\/i0.wp.com\/noticiasribeiraopreto.com.br\/wp-content\/uploads\/2026\/03\/WhatsApp-Image-2026-01-21-at-05.57.30_2026-01-21_09-40-11-e1768988461559.webp.webp?fit=834%2C553&ssl=1&resize=700%2C400 2x"},"classes":[]},{"id":41390,"url":"https:\/\/noticiasribeiraopreto.com.br\/index.php\/2024\/03\/07\/veja-quais-regioes-serao-afetadas-por-uma-nova-onda-de-calor-no-brasil\/","url_meta":{"origin":79146,"position":1},"title":"Veja quais regi\u00f5es ser\u00e3o afetadas por uma nova onda de calor no Brasil","author":"noticiasribeiraopreto.com.br","date":"7 de March de 2024","format":false,"excerpt":"Uma nova onda de calor deve atingir diversas regi\u00f5es do pa\u00eds nessa reta final do ver\u00e3o, segundo a plataforma Climatempo. De acordo com a meteorologia, essa ocorr\u00eancia clim\u00e1tica deve trazer a perspectiva de um aumento significativo nas temperaturas. Em alguns locais, a previs\u00e3o \u00e9 5\u00baC acima da m\u00e9dia registrada. A\u2026","rel":"","context":"In &quot;Not\u00edcias de Ribeir\u00e3o Preto-SP e Regi\u00e3o&quot;","block_context":{"text":"Not\u00edcias de Ribeir\u00e3o Preto-SP e Regi\u00e3o","link":"https:\/\/noticiasribeiraopreto.com.br\/index.php\/category\/noticias-de-ribeirao-preto-sp-e-regiao-ismael-colosi\/"},"img":{"alt_text":"","src":"https:\/\/i0.wp.com\/noticiasribeiraopreto.com.br\/wp-content\/uploads\/2024\/03\/ribeirao_preto_1024x576_13032021005744.jpg?fit=1024%2C576&ssl=1&resize=350%2C200","width":350,"height":200,"srcset":"https:\/\/i0.wp.com\/noticiasribeiraopreto.com.br\/wp-content\/uploads\/2024\/03\/ribeirao_preto_1024x576_13032021005744.jpg?fit=1024%2C576&ssl=1&resize=350%2C200 1x, https:\/\/i0.wp.com\/noticiasribeiraopreto.com.br\/wp-content\/uploads\/2024\/03\/ribeirao_preto_1024x576_13032021005744.jpg?fit=1024%2C576&ssl=1&resize=525%2C300 1.5x, https:\/\/i0.wp.com\/noticiasribeiraopreto.com.br\/wp-content\/uploads\/2024\/03\/ribeirao_preto_1024x576_13032021005744.jpg?fit=1024%2C576&ssl=1&resize=700%2C400 2x"},"classes":[]},{"id":44466,"url":"https:\/\/noticiasribeiraopreto.com.br\/index.php\/2024\/03\/27\/vai-para-o-litoral-de-sp-veja-como-fica-o-tempo-nas-praias-durante-o-feriado-prolongado\/","url_meta":{"origin":79146,"position":2},"title":"Vai para o litoral de SP? Veja como fica o tempo nas praias durante o feriado prolongado","author":"noticiasribeiraopreto.com.br","date":"27 de March de 2024","format":false,"excerpt":"Os turistas que forem para o litoral de S\u00e3o Paulo durante o feriado da Semana Santa, devem ficar atentos \u00e0 previs\u00e3o do tempo. Isso porque, de acordo com a plataforma Climatempo, o tempo deve ficar \u00famido e quente em todo o Sudeste nos \u00faltimos dias de mar\u00e7o. Esse cen\u00e1rio far\u00e1\u2026","rel":"","context":"In &quot;Not\u00edcias de Ribeir\u00e3o Preto-SP e Regi\u00e3o&quot;","block_context":{"text":"Not\u00edcias de Ribeir\u00e3o Preto-SP e Regi\u00e3o","link":"https:\/\/noticiasribeiraopreto.com.br\/index.php\/category\/noticias-de-ribeirao-preto-sp-e-regiao-ismael-colosi\/"},"img":{"alt_text":"","src":"https:\/\/i0.wp.com\/noticiasribeiraopreto.com.br\/wp-content\/uploads\/2024\/03\/praia_grande_1200x675_18112021123840.jpg?fit=1200%2C675&ssl=1&resize=350%2C200","width":350,"height":200,"srcset":"https:\/\/i0.wp.com\/noticiasribeiraopreto.com.br\/wp-content\/uploads\/2024\/03\/praia_grande_1200x675_18112021123840.jpg?fit=1200%2C675&ssl=1&resize=350%2C200 1x, https:\/\/i0.wp.com\/noticiasribeiraopreto.com.br\/wp-content\/uploads\/2024\/03\/praia_grande_1200x675_18112021123840.jpg?fit=1200%2C675&ssl=1&resize=525%2C300 1.5x, https:\/\/i0.wp.com\/noticiasribeiraopreto.com.br\/wp-content\/uploads\/2024\/03\/praia_grande_1200x675_18112021123840.jpg?fit=1200%2C675&ssl=1&resize=700%2C400 2x, https:\/\/i0.wp.com\/noticiasribeiraopreto.com.br\/wp-content\/uploads\/2024\/03\/praia_grande_1200x675_18112021123840.jpg?fit=1200%2C675&ssl=1&resize=1050%2C600 3x"},"classes":[]},{"id":82482,"url":"https:\/\/noticiasribeiraopreto.com.br\/index.php\/2026\/02\/16\/semana-comeca-com-sol-mas-chuva-se-aproxima-de-ribeirao-preto-veja-previsao\/","url_meta":{"origin":79146,"position":3},"title":"Semana come\u00e7a com sol, mas chuva se aproxima de Ribeir\u00e3o Preto; Veja previs\u00e3o","author":"noticiasribeiraopreto.com.br","date":"16 de February de 2026","format":false,"excerpt":"A segunda-feira (16) em Ribeir\u00e3o Preto deve ser de sol, com aumento de nuvens a partir da tarde, segundo a Climatempo. N\u00e3o h\u00e1 previs\u00e3o de chuva, e as temperaturas devem variar entre 20\u00b0C e 30\u00b0C. Conforme previs\u00e3o, a influ\u00eancia da Alta Press\u00e3o do Atl\u00e2ntico Sul mant\u00e9m o c\u00e9u claro e\u2026","rel":"","context":"In &quot;Not\u00edcias de Ribeir\u00e3o Preto-SP e Regi\u00e3o&quot;","block_context":{"text":"Not\u00edcias de Ribeir\u00e3o Preto-SP e Regi\u00e3o","link":"https:\/\/noticiasribeiraopreto.com.br\/index.php\/category\/noticias-de-ribeirao-preto-sp-e-regiao-ismael-colosi\/"},"img":{"alt_text":"","src":"https:\/\/i0.wp.com\/noticiasribeiraopreto.com.br\/wp-content\/uploads\/2026\/02\/palace-10_2026-02-16_10-06-31.webp.webp?fit=1200%2C675&ssl=1&resize=350%2C200","width":350,"height":200,"srcset":"https:\/\/i0.wp.com\/noticiasribeiraopreto.com.br\/wp-content\/uploads\/2026\/02\/palace-10_2026-02-16_10-06-31.webp.webp?fit=1200%2C675&ssl=1&resize=350%2C200 1x, https:\/\/i0.wp.com\/noticiasribeiraopreto.com.br\/wp-content\/uploads\/2026\/02\/palace-10_2026-02-16_10-06-31.webp.webp?fit=1200%2C675&ssl=1&resize=525%2C300 1.5x, https:\/\/i0.wp.com\/noticiasribeiraopreto.com.br\/wp-content\/uploads\/2026\/02\/palace-10_2026-02-16_10-06-31.webp.webp?fit=1200%2C675&ssl=1&resize=700%2C400 2x, https:\/\/i0.wp.com\/noticiasribeiraopreto.com.br\/wp-content\/uploads\/2026\/02\/palace-10_2026-02-16_10-06-31.webp.webp?fit=1200%2C675&ssl=1&resize=1050%2C600 3x"},"classes":[]},{"id":50435,"url":"https:\/\/noticiasribeiraopreto.com.br\/index.php\/2024\/05\/16\/interior-de-sp-tem-previsao-de-chuva-por-causa-de-nova-frente-fria-veja-quando\/","url_meta":{"origin":79146,"position":4},"title":"Interior de SP tem previs\u00e3o de chuva por causa de nova frente fria; Veja quando","author":"noticiasribeiraopreto.com.br","date":"16 de May de 2024","format":false,"excerpt":"O deslocamento de uma frente fria pode trazer chuva a interior de S\u00e3o Paulo no pr\u00f3ximo domingo (19) e na segunda-feira (20). Segundo a Climatempo, no domingo h\u00e1 expectativa da entrada de umidade no interior paulista. A frente fria deve deixar instabilidades e ajudar na forma\u00e7\u00e3o de nuvens carregadas na\u2026","rel":"","context":"In &quot;Not\u00edcias de Ribeir\u00e3o Preto-SP e Regi\u00e3o&quot;","block_context":{"text":"Not\u00edcias de Ribeir\u00e3o Preto-SP e Regi\u00e3o","link":"https:\/\/noticiasribeiraopreto.com.br\/index.php\/category\/noticias-de-ribeirao-preto-sp-e-regiao-ismael-colosi\/"},"img":{"alt_text":"","src":"https:\/\/i0.wp.com\/noticiasribeiraopreto.com.br\/wp-content\/uploads\/2024\/05\/WhatsApp-Image-2024-02-21-at-07.07.05.jpeg?fit=1200%2C623&ssl=1&resize=350%2C200","width":350,"height":200,"srcset":"https:\/\/i0.wp.com\/noticiasribeiraopreto.com.br\/wp-content\/uploads\/2024\/05\/WhatsApp-Image-2024-02-21-at-07.07.05.jpeg?fit=1200%2C623&ssl=1&resize=350%2C200 1x, https:\/\/i0.wp.com\/noticiasribeiraopreto.com.br\/wp-content\/uploads\/2024\/05\/WhatsApp-Image-2024-02-21-at-07.07.05.jpeg?fit=1200%2C623&ssl=1&resize=525%2C300 1.5x, https:\/\/i0.wp.com\/noticiasribeiraopreto.com.br\/wp-content\/uploads\/2024\/05\/WhatsApp-Image-2024-02-21-at-07.07.05.jpeg?fit=1200%2C623&ssl=1&resize=700%2C400 2x, https:\/\/i0.wp.com\/noticiasribeiraopreto.com.br\/wp-content\/uploads\/2024\/05\/WhatsApp-Image-2024-02-21-at-07.07.05.jpeg?fit=1200%2C623&ssl=1&resize=1050%2C600 3x"},"classes":[]},{"id":55709,"url":"https:\/\/noticiasribeiraopreto.com.br\/index.php\/2024\/08\/05\/frente-fria-no-interior-de-sp-confira-quando-deve-chover-em-ribeirao-preto\/","url_meta":{"origin":79146,"position":5},"title":"Frente fria no interior de SP: Confira quando deve chover em Ribeir\u00e3o Preto","author":"noticiasribeiraopreto.com.br","date":"5 de August de 2024","format":false,"excerpt":"Uma nova frente fria deve chegar ao Brasil nesta quarta-feira (7) e provocar uma virada no tempo em muitos estados do Centro-Sul do pa\u00eds, de acordo com a Climatempo. Esse ar frio come\u00e7a a entrar no pa\u00eds pela regi\u00e3o Sul e deve avan\u00e7ar ao longo da sexta-feira (09) sobre o\u2026","rel":"","context":"In &quot;Not\u00edcias de Ribeir\u00e3o Preto-SP e Regi\u00e3o&quot;","block_context":{"text":"Not\u00edcias de Ribeir\u00e3o Preto-SP e Regi\u00e3o","link":"https:\/\/noticiasribeiraopreto.com.br\/index.php\/category\/noticias-de-ribeirao-preto-sp-e-regiao-ismael-colosi\/"},"img":{"alt_text":"","src":"https:\/\/i0.wp.com\/noticiasribeiraopreto.com.br\/wp-content\/uploads\/2024\/08\/chuva_forte_1024x576_06122019161537.jpg?fit=1024%2C575&ssl=1&resize=350%2C200","width":350,"height":200,"srcset":"https:\/\/i0.wp.com\/noticiasribeiraopreto.com.br\/wp-content\/uploads\/2024\/08\/chuva_forte_1024x576_06122019161537.jpg?fit=1024%2C575&ssl=1&resize=350%2C200 1x, https:\/\/i0.wp.com\/noticiasribeiraopreto.com.br\/wp-content\/uploads\/2024\/08\/chuva_forte_1024x576_06122019161537.jpg?fit=1024%2C575&ssl=1&resize=525%2C300 1.5x, https:\/\/i0.wp.com\/noticiasribeiraopreto.com.br\/wp-content\/uploads\/2024\/08\/chuva_forte_1024x576_06122019161537.jpg?fit=1024%2C575&ssl=1&resize=700%2C400 2x"},"classes":[]}],"jetpack_sharing_enabled":true,"jetpack_shortlink":"https:\/\/wp.me\/peQAOb-kAy","_links":{"self":[{"href":"https:\/\/noticiasribeiraopreto.com.br\/index.php\/wp-json\/wp\/v2\/posts\/79146","targetHints":{"allow":["GET"]}}],"collection":[{"href":"https:\/\/noticiasribeiraopreto.com.br\/index.php\/wp-json\/wp\/v2\/posts"}],"about":[{"href":"https:\/\/noticiasribeiraopreto.com.br\/index.php\/wp-json\/wp\/v2\/types\/post"}],"author":[{"embeddable":true,"href":"https:\/\/noticiasribeiraopreto.com.br\/index.php\/wp-json\/wp\/v2\/users\/1"}],"replies":[{"embeddable":true,"href":"https:\/\/noticiasribeiraopreto.com.br\/index.php\/wp-json\/wp\/v2\/comments?post=79146"}],"version-history":[{"count":0,"href":"https:\/\/noticiasribeiraopreto.com.br\/index.php\/wp-json\/wp\/v2\/posts\/79146\/revisions"}],"wp:featuredmedia":[{"embeddable":true,"href":"https:\/\/noticiasribeiraopreto.com.br\/index.php\/wp-json\/wp\/v2\/media\/79029"}],"wp:attachment":[{"href":"https:\/\/noticiasribeiraopreto.com.br\/index.php\/wp-json\/wp\/v2\/media?parent=79146"}],"wp:term":[{"taxonomy":"category","embeddable":true,"href":"https:\/\/noticiasribeiraopreto.com.br\/index.php\/wp-json\/wp\/v2\/categories?post=79146"},{"taxonomy":"post_tag","embeddable":true,"href":"https:\/\/noticiasribeiraopreto.com.br\/index.php\/wp-json\/wp\/v2\/tags?post=79146"}],"curies":[{"name":"wp","href":"https:\/\/api.w.org\/{rel}","templated":true}]}}