{"id":79147,"date":"2025-10-25T13:04:45","date_gmt":"2025-10-25T16:04:45","guid":{"rendered":"https:\/\/noticiasribeiraopreto.com.br\/index.php\/2025\/10\/25\/operacao-prende-quatro-suspeitos-tribuna-ribeirao\/"},"modified":"2025-10-25T13:04:45","modified_gmt":"2025-10-25T16:04:45","slug":"operacao-prende-quatro-suspeitos-tribuna-ribeirao","status":"publish","type":"post","link":"https:\/\/noticiasribeiraopreto.com.br\/index.php\/2025\/10\/25\/operacao-prende-quatro-suspeitos-tribuna-ribeirao\/","title":{"rendered":"Opera\u00e7\u00e3o prende quatro suspeitos &#8211; Tribuna Ribeir\u00e3o"},"content":{"rendered":"<p> <br \/>\n<\/p>\n<div>\n<p>Por Adalberto Luque<\/p>\n<p>\u00a0<\/p>\n<p>A Pol\u00edcia Civil realizou uma megaopera\u00e7\u00e3o, na manh\u00e3 desta sexta-feira, 24 de outubro, contra integrantes da quadrilha que assaltou o Edif\u00edcio Jati\u00faca, um pr\u00e9dio de alto padr\u00e3o de um apartamento por andar (s\u00e3o 14) na rua Campos Salles, no Centro de Ribeir\u00e3o Preto, em 24 de setembro. Os bandidos levaram cerca de R$ 4 milh\u00f5es em dinheiro, joias, celulares e transfer\u00eancia via Pix.<\/p>\n<p>Segundo o delegado respons\u00e1vel pelas investiga\u00e7\u00f5es do caso, Andr\u00e9 Baldochi, foram cumpridos seis mandados de pris\u00e3o tempor\u00e1ria e 14 de busca e apreens\u00e3o. Mais quatro integrantes da organiza\u00e7\u00e3o criminosa foram presos. Outros dois identificados n\u00e3o foram encontrados e seguem sendo procurados.<\/p>\n<p>Outra identificada que segue foragida \u00e9 J\u00falia Moretti de Paula, de 21 anos, moradora de Ara\u00e7atuba (SP). Policiais civis estiveram em Itaja\u00ed (SC), onde havia not\u00edcias de que ela estaria, mas a mulher n\u00e3o foi localizada. Baldochi disse que um destes presos, Vin\u00edcius L\u00facio dos Santos, integra o n\u00facleo operacional, formado pelos homens e mulheres que participaram efetivamente do assalto aos moradores do condom\u00ednio.<\/p>\n<figure id=\"attachment_444170\" aria-describedby=\"caption-attachment-444170\" style=\"width: 323px\" class=\"wp-caption alignleft\"><img data-recalc-dims=\"1\" loading=\"lazy\" decoding=\"async\" class=\"wp-image-444170 lazyload\" src=\"https:\/\/i0.wp.com\/www.tribunaribeirao.com.br\/wp-content\/uploads\/2025\/10\/AssaltoPRE-Del-Max-Gallao-Mesquita-300x200.jpg?resize=323%2C215&#038;ssl=1\" alt=\"\" width=\"323\" height=\"215\" srcset=\"https:\/\/www.tribunaribeirao.com.br\/wp-content\/uploads\/2025\/10\/AssaltoPRE-Del-Max-Gallao-Mesquita-300x200.jpg 300w, https:\/\/www.tribunaribeirao.com.br\/wp-content\/uploads\/2025\/10\/AssaltoPRE-Del-Max-Gallao-Mesquita-1024x683.jpg 1024w, https:\/\/www.tribunaribeirao.com.br\/wp-content\/uploads\/2025\/10\/AssaltoPRE-Del-Max-Gallao-Mesquita-768x512.jpg 768w, https:\/\/www.tribunaribeirao.com.br\/wp-content\/uploads\/2025\/10\/AssaltoPRE-Del-Max-Gallao-Mesquita-480x320.jpg 480w, https:\/\/www.tribunaribeirao.com.br\/wp-content\/uploads\/2025\/10\/AssaltoPRE-Del-Max-Gallao-Mesquita-280x186.jpg 280w, https:\/\/www.tribunaribeirao.com.br\/wp-content\/uploads\/2025\/10\/AssaltoPRE-Del-Max-Gallao-Mesquita-960x640.jpg 960w, https:\/\/www.tribunaribeirao.com.br\/wp-content\/uploads\/2025\/10\/AssaltoPRE-Del-Max-Gallao-Mesquita-600x400.jpg 600w, https:\/\/www.tribunaribeirao.com.br\/wp-content\/uploads\/2025\/10\/AssaltoPRE-Del-Max-Gallao-Mesquita-585x390.jpg 585w, https:\/\/www.tribunaribeirao.com.br\/wp-content\/uploads\/2025\/10\/AssaltoPRE-Del-Max-Gallao-Mesquita.jpg 1170w\" data-sizes=\"(max-width: 323px) 100vw, 323px\" style=\"--smush-placeholder-width: 323px; --smush-placeholder-aspect-ratio: 323\/215;\"\/><figcaption id=\"caption-attachment-444170\" class=\"wp-caption-text\">Segundo o delegado Andr\u00e9 Baldochi, o grupo \u00e9 extremamente organizado, mas a Pol\u00edcia Civil respondeu da mesma forma e j\u00e1a prendeu 14 de 17 suspeitos | Foto: Max Gall\u00e3o Mesquita<\/figcaption><\/figure>\n<p>Ele \u00e9 um dos bandidos que renderam um morador idoso. Outro preso, integrante do n\u00facleo log\u00edstico, foi o respons\u00e1vel por fornecer os ve\u00edculos clonados, usados no assalto. E outros dois seriam do n\u00facleo financeiro. \u201cEles s\u00e3o receptadores das joias roubadas. Cerca de 20 minutos depois do roubo, um deles j\u00e1 estaria avaliando as joias\u201d, explica o delegado.<\/p>\n<p>A Pol\u00edcia Civil apura se h\u00e1 liga\u00e7\u00e3o entre esses dois presos e outro joalheiro, preso h\u00e1 dois meses, por recepta\u00e7\u00e3o de joias que, ap\u00f3s roubadas, foram vendidas atrav\u00e9s de um programa de televis\u00e3o produzido em Curitiba (PR). O delegado conta que o grupo \u00e9 extremamente organizado, mas que a Pol\u00edcia Civil respondeu da mesma forma. Dos 17 integrantes j\u00e1 identificados, 14 est\u00e3o presos.<\/p>\n<p>Baldochi tamb\u00e9m disse que o grupo usa m\u00e9todos sofisticados para planejar os assaltos \u2013 este n\u00e3o foi o \u00fanico. Sem citar como, para n\u00e3o prejudicar as investiga\u00e7\u00f5es, disse que n\u00e3o contaram, necessariamente, com informa\u00e7\u00f5es de algu\u00e9m que more ou trabalhe no pr\u00e9dio, mas obtiveram com outros m\u00e9todos.<\/p>\n<p>Al\u00e9m disso, o delegado explicou que eles utilizam equipamentos para clonar port\u00f5es eletr\u00f4nicos \u2013 o que tamb\u00e9m n\u00e3o teria ocorrido neste crime do Centro de Ribeir\u00e3o Preto. E conseguem sintonizar a frequ\u00eancia da Pol\u00edcia Militar.<\/p>\n<p>\u201cEles estavam calmos durante boa parte do roubo. Depois foi aquela correria, nas imagens que j\u00e1 foram divulgadas, na garagem do pr\u00e9dio, quando fugiram correndo. \u00c9 que souberam que a PM havia acabado de ser avisada sobre o roubo em andamento\u201d, revelou o delegado.<\/p>\n<p>Segundo Baldochi, a princ\u00edpio acreditava-se que os integrantes da quadrilha eram de outras regi\u00f5es. \u201cMas depois constatamos que boa parte \u00e9 mesmo de Ribeir\u00e3o Preto\u201d. Pelo menos mais quatro pessoas ainda n\u00e3o identificadas teriam participado do n\u00facleo operacional. E o delegado acredita que outros integrantes com participa\u00e7\u00e3o efetiva ou eventual atuaram no assalto ao condom\u00ednio de luxo.<\/p>\n<p>Todos os presos desta sexta-feira j\u00e1 passaram para audi\u00eancia de cust\u00f3dia e foram levados para o Centro de Deten\u00e7\u00e3o Provis\u00f3ria (CDP) de Ribeir\u00e3o Preto. As pris\u00f5es s\u00e3o tempor\u00e1rias, por 30 dias, prorrog\u00e1veis por outros 30 dias. As defesas dos envolvidos n\u00e3o foram encontradas. Os nomes de tr\u00eas dos quatro presos n\u00e3o foram divulgados para n\u00e3o atrapalhar os trabalhos da Pol\u00edcia Civil. As investiga\u00e7\u00f5es prosseguem para identificar outros envolvidos e localizar os j\u00e1 identificados e procurados.<\/p>\n<figure id=\"attachment_444171\" aria-describedby=\"caption-attachment-444171\" style=\"width: 225px\" class=\"wp-caption alignleft\"><img data-recalc-dims=\"1\" loading=\"lazy\" decoding=\"async\" class=\"size-medium wp-image-444171 lazyload\" src=\"https:\/\/i0.wp.com\/www.tribunaribeirao.com.br\/wp-content\/uploads\/2025\/10\/AssaltoPre-Edi-Alfredo-Risk-225x300.jpg?resize=225%2C300&#038;ssl=1\" alt=\"\" width=\"225\" height=\"300\" srcset=\"https:\/\/www.tribunaribeirao.com.br\/wp-content\/uploads\/2025\/10\/AssaltoPre-Edi-Alfredo-Risk-225x300.jpg 225w, https:\/\/www.tribunaribeirao.com.br\/wp-content\/uploads\/2025\/10\/AssaltoPre-Edi-Alfredo-Risk-768x1024.jpg 768w, https:\/\/www.tribunaribeirao.com.br\/wp-content\/uploads\/2025\/10\/AssaltoPre-Edi-Alfredo-Risk-1152x1536.jpg 1152w, https:\/\/www.tribunaribeirao.com.br\/wp-content\/uploads\/2025\/10\/AssaltoPre-Edi-Alfredo-Risk-1536x2048.jpg 1536w, https:\/\/www.tribunaribeirao.com.br\/wp-content\/uploads\/2025\/10\/AssaltoPre-Edi-Alfredo-Risk-1920x2560.jpg 1920w, https:\/\/www.tribunaribeirao.com.br\/wp-content\/uploads\/2025\/10\/AssaltoPre-Edi-Alfredo-Risk-960x1280.jpg 960w, https:\/\/www.tribunaribeirao.com.br\/wp-content\/uploads\/2025\/10\/AssaltoPre-Edi-Alfredo-Risk-300x400.jpg 300w, https:\/\/www.tribunaribeirao.com.br\/wp-content\/uploads\/2025\/10\/AssaltoPre-Edi-Alfredo-Risk-scaled.jpg 585w\" data-sizes=\"(max-width: 225px) 100vw, 225px\" style=\"--smush-placeholder-width: 225px; --smush-placeholder-aspect-ratio: 225\/300;\"\/><figcaption id=\"caption-attachment-444171\" class=\"wp-caption-text\">Quadrilha levou R$ 4 milh\u00f5es em dinheiro, joias, celulares e transfer\u00eancia via Pix de moradores de pr\u00e9dio de luxo: J\u00falia Moretti de Paula est\u00e1 foragida | Foto: Alfredo Risk<\/figcaption><\/figure>\n<p>Entenda o caso \u2013 Na manh\u00e3 de 24 de setembro, cerca de dez homens fortemente armados renderam moradores e funcion\u00e1rios do Edif\u00edcio Jati\u00faca, condom\u00ednio de alto padr\u00e3o na rua Campos Salles, Centro de Ribeir\u00e3o Preto. O pr\u00e9dio tem 14 andares, um apartamento por andar.<\/p>\n<p>Pelo menos quatro integrantes passaram a noite em um apartamento alugado, no 13\u00ba andar. Pela manh\u00e3, renderam zelador, porteiro, empregadas dom\u00e9sticas e moradores que desciam para a garagem. Depois subiam com as v\u00edtimas para os apartamentos, onde faziam os roubos e transfer\u00eancia via Pix usando celulares das v\u00edtimas.<\/p>\n<p>Pouco antes das 9h30, o grupo fugiu nos tr\u00eas carros, dois encontrados dois dias depois do assalto j\u00e1 queimados e o outro, um Caoa Chery Tiggo azul escuro, foi encontrado horas depois do roubo, na garagem de um pr\u00e9dio da rua Itagua\u00e7u, Ipiranga, Zona Norte de Ribeir\u00e3o Preto, usado como base de apoio para parte dos assaltantes.<\/p>\n<p>No apartamento foram encontrados v\u00e1rios objetos usados no assalto, como armas, perucas, capuzes, al\u00e9m de joias, R$ 75 mil em dinheiro e celulares. Fabiana de Paula Fernandes Miranda e Pablo Rodrigues Cardoso, ambos integrantes do n\u00facleo log\u00edstico, foram presos horas depois do assalto. A mulher teria feito o Pix do dep\u00f3sito cau\u00e7\u00e3o para a imobili\u00e1ria onde J\u00falia alugou um apartamento no pr\u00e9dio roubado, usando documento falso.<\/p>\n<p>O n\u00facleo financeiro inicialmente teve quatro homens presos. Eles seriam os respons\u00e1veis por ceder as contas banc\u00e1rias para receber as transfer\u00eancias via Pix feitas durante o assalto. Sidney Am\u00e9rico Vieira e Felipe Moreira da Mata foram presos em Itapecerica da Serra, na Grande S\u00e3o Paulo. J\u00e1 Jo\u00e3o Paulo C\u00e9sar Freires de Oliveira e Widman Henrique Am\u00e9rico Barbosa foram detidos na Esta\u00e7\u00e3o S\u00e9 do Metr\u00f4, na capital. Os quatro integrantes do grupo financeiro foram presos no dia do assalto.<\/p>\n<p>O primeiro integrante do n\u00facleo operacional foi Carlos Alberto da Silva. A pris\u00e3o ocorreu no dia 26 de setembro. Depois, na noite de 30 de setembro, foi a vez de Lu\u00eds Rinaldo da Silva, tamb\u00e9m apontado como participante do n\u00facleo operacional, ser preso na Capital. Ele foi localizado na Vila Mariana, zona Sul da capital, com R$ 7 mil em dinheiro e v\u00e1rias roupas novas compradas em um outlet pr\u00f3ximo a Ribeir\u00e3o Preto.<\/p>\n<figure id=\"attachment_444172\" aria-describedby=\"caption-attachment-444172\" style=\"width: 380px\" class=\"wp-caption alignleft\"><img data-recalc-dims=\"1\" loading=\"lazy\" decoding=\"async\" class=\"wp-image-444172 lazyload\" src=\"https:\/\/i0.wp.com\/www.tribunaribeirao.com.br\/wp-content\/uploads\/2025\/10\/AssaltoPRE-Ope-Divulgacao-Policia-Civil-300x169.jpg?resize=380%2C214&#038;ssl=1\" alt=\"\" width=\"380\" height=\"214\" srcset=\"https:\/\/www.tribunaribeirao.com.br\/wp-content\/uploads\/2025\/10\/AssaltoPRE-Ope-Divulgacao-Policia-Civil-300x169.jpg 300w, https:\/\/www.tribunaribeirao.com.br\/wp-content\/uploads\/2025\/10\/AssaltoPRE-Ope-Divulgacao-Policia-Civil-1024x576.jpg 1024w, https:\/\/www.tribunaribeirao.com.br\/wp-content\/uploads\/2025\/10\/AssaltoPRE-Ope-Divulgacao-Policia-Civil-768x432.jpg 768w, https:\/\/www.tribunaribeirao.com.br\/wp-content\/uploads\/2025\/10\/AssaltoPRE-Ope-Divulgacao-Policia-Civil-1536x864.jpg 1536w, https:\/\/www.tribunaribeirao.com.br\/wp-content\/uploads\/2025\/10\/AssaltoPRE-Ope-Divulgacao-Policia-Civil-960x540.jpg 960w, https:\/\/www.tribunaribeirao.com.br\/wp-content\/uploads\/2025\/10\/AssaltoPRE-Ope-Divulgacao-Policia-Civil-711x400.jpg 711w, https:\/\/www.tribunaribeirao.com.br\/wp-content\/uploads\/2025\/10\/AssaltoPRE-Ope-Divulgacao-Policia-Civil-585x329.jpg 585w, https:\/\/www.tribunaribeirao.com.br\/wp-content\/uploads\/2025\/10\/AssaltoPRE-Ope-Divulgacao-Policia-Civil-scaled.jpg 1200w\" data-sizes=\"(max-width: 380px) 100vw, 380px\" style=\"--smush-placeholder-width: 380px; --smush-placeholder-aspect-ratio: 380\/214;\"\/><figcaption id=\"caption-attachment-444172\" class=\"wp-caption-text\">Ontem foram cumpridos seis mandados de pris\u00e3o tempor\u00e1ria e 14 de busca e apreens\u00e3o | Divulga\u00e7\u00e3o\/Pol\u00edcia Civil<\/figcaption><\/figure>\n<p>Em 1\u00ba de outubro, Andr\u00e9 Luiz Pereira Nunes foi preso em Ribeir\u00e3o Preto. Ele estava em um ve\u00edculo que transitava pela zona Leste e foi parado pela Pol\u00edcia Civil no cruzamento das avenidas Pl\u00ednio de Castro Prado e Francisco Junqueira, no Jardim Macedo. Tamb\u00e9m foi apontado como integrante do n\u00facleo operacional.<\/p>\n<p>Quem tamb\u00e9m \u00e9 acusado de participar do assalto no pr\u00e9dio foi Henrique Eduardo Loureiro Monteiro, preso em 3 de outubro, em um apartamento no Jardim Jo\u00e3o Rossi, Zona Sul da cidade. At\u00e9 ent\u00e3o, eram dez presos, sendo dois do n\u00facleo log\u00edstico, quatro do financeiro e quatro do operacional.<\/p>\n<p>E J\u00falia Moretti de Paula, que integraria tanto o n\u00facleo log\u00edstico, quando operacional, identificada, mas foragida. Ap\u00f3s a Opera\u00e7\u00e3o Cercado, mais quatro foram presos, totalizando ent\u00e3o tr\u00eas do n\u00facleo log\u00edstico, seis do n\u00facleo financeiro e cinco do operacional. S\u00e3o 14 dos 17 j\u00e1 identificados.<\/p>\n<p><!-- CONTENT END 2 -->\n<\/div>\n<p><br \/>\n<br \/><a href=\"https:\/\/www.tribunaribeirao.com.br\/operacao-prende-quatro-suspeitos\/\">Source link <\/a><\/p>\n","protected":false},"excerpt":{"rendered":"<p>Por Adalberto Luque \u00a0 A Pol\u00edcia Civil realizou uma megaopera\u00e7\u00e3o, na manh\u00e3 desta sexta-feira, 24 de outubro, contra integrantes da quadrilha que assaltou o Edif\u00edcio&#8230;<\/p>\n","protected":false},"author":1,"featured_media":79148,"comment_status":"open","ping_status":"open","sticky":false,"template":"","format":"standard","meta":{"advanced_seo_description":"","jetpack_seo_html_title":"","jetpack_seo_noindex":false,"jetpack_post_was_ever_published":false,"_jetpack_newsletter_access":"","_jetpack_dont_email_post_to_subs":false,"_jetpack_newsletter_tier_id":0,"_jetpack_memberships_contains_paywalled_content":false,"_jetpack_memberships_contains_paid_content":false,"footnotes":"","jetpack_publicize_message":"","jetpack_publicize_feature_enabled":true,"jetpack_social_post_already_shared":true,"jetpack_social_options":{"image_generator_settings":{"template":"highway","default_image_id":0,"font":"","enabled":false},"version":2}},"categories":[11],"tags":[],"class_list":["post-79147","post","type-post","status-publish","format-standard","has-post-thumbnail","hentry","category-noticias-de-ribeirao-preto-sp-e-regiao-ismael-colosi"],"jetpack_publicize_connections":[],"jetpack_featured_media_url":"https:\/\/i0.wp.com\/noticiasribeiraopreto.com.br\/wp-content\/uploads\/2025\/10\/AssaltoPRE-Pre-Divulgacao-Policia-Civil-01.jpg?fit=960%2C572&ssl=1","jetpack-related-posts":[{"id":79106,"url":"https:\/\/noticiasribeiraopreto.com.br\/index.php\/2025\/10\/24\/policia-prende-mais-quatro-de-assalto-a-predio-do-centro\/","url_meta":{"origin":79147,"position":0},"title":"Pol\u00edcia prende mais quatro de assalto a pr\u00e9dio do Centro","author":"noticiasribeiraopreto.com.br","date":"24 de October de 2025","format":false,"excerpt":"Por: Adalberto Luque A Pol\u00edcia Civil realizou uma megaopera\u00e7\u00e3o, na manh\u00e3 desta sexta-feira, 24 de outubro, contra integrantes da quadrilha que assaltou um condom\u00ednio de apartamentos de alto padr\u00e3o, com um por andar, na rua Campos Salles, Centro de Ribeir\u00e3o Preto. O assalto ocorreu em 24 de setembro. Segundo o\u2026","rel":"","context":"In &quot;Not\u00edcias de Ribeir\u00e3o Preto-SP e Regi\u00e3o&quot;","block_context":{"text":"Not\u00edcias de Ribeir\u00e3o Preto-SP e Regi\u00e3o","link":"https:\/\/noticiasribeiraopreto.com.br\/index.php\/category\/noticias-de-ribeirao-preto-sp-e-regiao-ismael-colosi\/"},"img":{"alt_text":"","src":"https:\/\/i0.wp.com\/noticiasribeiraopreto.com.br\/wp-content\/uploads\/2025\/10\/24-out-2025-operacaocercado1-1-scaled.jpg?fit=1170%2C780&ssl=1&resize=350%2C200","width":350,"height":200,"srcset":"https:\/\/i0.wp.com\/noticiasribeiraopreto.com.br\/wp-content\/uploads\/2025\/10\/24-out-2025-operacaocercado1-1-scaled.jpg?fit=1170%2C780&ssl=1&resize=350%2C200 1x, https:\/\/i0.wp.com\/noticiasribeiraopreto.com.br\/wp-content\/uploads\/2025\/10\/24-out-2025-operacaocercado1-1-scaled.jpg?fit=1170%2C780&ssl=1&resize=525%2C300 1.5x, https:\/\/i0.wp.com\/noticiasribeiraopreto.com.br\/wp-content\/uploads\/2025\/10\/24-out-2025-operacaocercado1-1-scaled.jpg?fit=1170%2C780&ssl=1&resize=700%2C400 2x, https:\/\/i0.wp.com\/noticiasribeiraopreto.com.br\/wp-content\/uploads\/2025\/10\/24-out-2025-operacaocercado1-1-scaled.jpg?fit=1170%2C780&ssl=1&resize=1050%2C600 3x"},"classes":[]},{"id":78028,"url":"https:\/\/noticiasribeiraopreto.com.br\/index.php\/2025\/10\/01\/assaltante-preso-em-sp-e-trazido-a-rp\/","url_meta":{"origin":79147,"position":1},"title":"Assaltante preso em SP \u00e9 trazido a RP","author":"noticiasribeiraopreto.com.br","date":"1 de October de 2025","format":false,"excerpt":"Por: Adalberto Luque Lu\u00eds Rinaldo da Silva, preso na Vila Mariana, zona Sul da Capital, na noite de segunda-feira (29), chegou a Ribeir\u00e3o Preto na noite desta ter\u00e7a-feira (30). Ele passou por audi\u00eancia de cust\u00f3dia na Capital e a Justi\u00e7a confirmou sua pris\u00e3o tempor\u00e1ria. O homem chegou na Central de\u2026","rel":"","context":"In &quot;Not\u00edcias de Ribeir\u00e3o Preto-SP e Regi\u00e3o&quot;","block_context":{"text":"Not\u00edcias de Ribeir\u00e3o Preto-SP e Regi\u00e3o","link":"https:\/\/noticiasribeiraopreto.com.br\/index.php\/category\/noticias-de-ribeirao-preto-sp-e-regiao-ismael-colosi\/"},"img":{"alt_text":"","src":"https:\/\/i0.wp.com\/noticiasribeiraopreto.com.br\/wp-content\/uploads\/2025\/10\/30-set-2025-assaltopredio2.jpg?fit=602%2C756&ssl=1&resize=350%2C200","width":350,"height":200,"srcset":"https:\/\/i0.wp.com\/noticiasribeiraopreto.com.br\/wp-content\/uploads\/2025\/10\/30-set-2025-assaltopredio2.jpg?fit=602%2C756&ssl=1&resize=350%2C200 1x, https:\/\/i0.wp.com\/noticiasribeiraopreto.com.br\/wp-content\/uploads\/2025\/10\/30-set-2025-assaltopredio2.jpg?fit=602%2C756&ssl=1&resize=525%2C300 1.5x"},"classes":[]},{"id":77995,"url":"https:\/\/noticiasribeiraopreto.com.br\/index.php\/2025\/09\/30\/video-preso-mais-um-suspeito-de-roubo-milionario\/","url_meta":{"origin":79147,"position":2},"title":"V\u00cdDEO &#8211; Preso mais um suspeito de roubo milion\u00e1rio","author":"noticiasribeiraopreto.com.br","date":"30 de September de 2025","format":false,"excerpt":"Por: Adalberto Luque A Pol\u00edcia Civil prendeu, na noite desta segunda-feira (29), o oitavo integrante da quadrilha que assaltou um pr\u00e9dio de alto padr\u00e3o, no Centro de Ribeir\u00e3o Preto. O roubo ao edif\u00edcio, que tem um apartamento por andar e est\u00e1 localizado na rua Campos Salles, ocorreu na manh\u00e3 de\u2026","rel":"","context":"In &quot;Not\u00edcias de Ribeir\u00e3o Preto-SP e Regi\u00e3o&quot;","block_context":{"text":"Not\u00edcias de Ribeir\u00e3o Preto-SP e Regi\u00e3o","link":"https:\/\/noticiasribeiraopreto.com.br\/index.php\/category\/noticias-de-ribeirao-preto-sp-e-regiao-ismael-colosi\/"},"img":{"alt_text":"","src":"https:\/\/i0.wp.com\/noticiasribeiraopreto.com.br\/wp-content\/uploads\/2025\/09\/30-set-2025-assaltopredio1.jpg?fit=806%2C780&ssl=1&resize=350%2C200","width":350,"height":200,"srcset":"https:\/\/i0.wp.com\/noticiasribeiraopreto.com.br\/wp-content\/uploads\/2025\/09\/30-set-2025-assaltopredio1.jpg?fit=806%2C780&ssl=1&resize=350%2C200 1x, https:\/\/i0.wp.com\/noticiasribeiraopreto.com.br\/wp-content\/uploads\/2025\/09\/30-set-2025-assaltopredio1.jpg?fit=806%2C780&ssl=1&resize=525%2C300 1.5x, https:\/\/i0.wp.com\/noticiasribeiraopreto.com.br\/wp-content\/uploads\/2025\/09\/30-set-2025-assaltopredio1.jpg?fit=806%2C780&ssl=1&resize=700%2C400 2x"},"classes":[]},{"id":77838,"url":"https:\/\/noticiasribeiraopreto.com.br\/index.php\/2025\/09\/26\/presos-em-sp-sao-trazidos-para-rp\/","url_meta":{"origin":79147,"position":3},"title":"Presos em SP s\u00e3o trazidos para RP","author":"noticiasribeiraopreto.com.br","date":"26 de September de 2025","format":false,"excerpt":"Por: Adalberto Luque Os quatro homens presos na Grande S\u00e3o Paulo, na noite desta quarta-feira (24), por envolvimento no assalto cinematogr\u00e1fico praticado em um pr\u00e9dio de alto padr\u00e3o no Centro, chegaram a Ribeir\u00e3o Preto na noite desta quinta-feira (25). Dois dos suspeitos foram presos em Itapecerica da Serra, enquanto outros\u2026","rel":"","context":"In &quot;Not\u00edcias de Ribeir\u00e3o Preto-SP e Regi\u00e3o&quot;","block_context":{"text":"Not\u00edcias de Ribeir\u00e3o Preto-SP e Regi\u00e3o","link":"https:\/\/noticiasribeiraopreto.com.br\/index.php\/category\/noticias-de-ribeirao-preto-sp-e-regiao-ismael-colosi\/"},"img":{"alt_text":"","src":"https:\/\/i0.wp.com\/noticiasribeiraopreto.com.br\/wp-content\/uploads\/2025\/09\/26-set-2025-prisaocriminosos-scaled.jpg?fit=1200%2C712&ssl=1&resize=350%2C200","width":350,"height":200,"srcset":"https:\/\/i0.wp.com\/noticiasribeiraopreto.com.br\/wp-content\/uploads\/2025\/09\/26-set-2025-prisaocriminosos-scaled.jpg?fit=1200%2C712&ssl=1&resize=350%2C200 1x, https:\/\/i0.wp.com\/noticiasribeiraopreto.com.br\/wp-content\/uploads\/2025\/09\/26-set-2025-prisaocriminosos-scaled.jpg?fit=1200%2C712&ssl=1&resize=525%2C300 1.5x, https:\/\/i0.wp.com\/noticiasribeiraopreto.com.br\/wp-content\/uploads\/2025\/09\/26-set-2025-prisaocriminosos-scaled.jpg?fit=1200%2C712&ssl=1&resize=700%2C400 2x, https:\/\/i0.wp.com\/noticiasribeiraopreto.com.br\/wp-content\/uploads\/2025\/09\/26-set-2025-prisaocriminosos-scaled.jpg?fit=1200%2C712&ssl=1&resize=1050%2C600 3x"},"classes":[]},{"id":37019,"url":"https:\/\/noticiasribeiraopreto.com.br\/index.php\/2024\/02\/13\/gcm-recupera-nove-bicicletas-de-ciclistas-que-foram-amarrados-em-area-rural-de-ribeirao\/","url_meta":{"origin":79147,"position":4},"title":"GCM recupera nove bicicletas de ciclistas que foram amarrados em \u00e1rea rural de Ribeir\u00e3o","author":"noticiasribeiraopreto.com.br","date":"13 de February de 2024","format":false,"excerpt":"Uma equipe da Patrulha Rural da Guarda Civil Metropolitana (GCM) de Ribeir\u00e3o Preto recuperou, nesta ter\u00e7a-feira (13), nove bicicletas que haviam sido roubadas de um grupo de ciclistas. Todos estavam pedalando em uma \u00e1rea rural de Ribeir\u00e3o Preto, pr\u00f3ximo a rodovia Ant\u00f4nio Machado Sant\u2019anna (SP-255). A a\u00e7\u00e3o contou com a\u2026","rel":"","context":"In &quot;Not\u00edcias de Ribeir\u00e3o Preto-SP e Regi\u00e3o&quot;","block_context":{"text":"Not\u00edcias de Ribeir\u00e3o Preto-SP e Regi\u00e3o","link":"https:\/\/noticiasribeiraopreto.com.br\/index.php\/category\/noticias-de-ribeirao-preto-sp-e-regiao-ismael-colosi\/"},"img":{"alt_text":"","src":"https:\/\/i0.wp.com\/noticiasribeiraopreto.com.br\/wp-content\/uploads\/2024\/02\/Copia-de-Copia-de-TAMANHO-EXATO-PARA-FOTOS-NO-SISTEMA-NOVO-34.png?fit=1200%2C675&ssl=1&resize=350%2C200","width":350,"height":200,"srcset":"https:\/\/i0.wp.com\/noticiasribeiraopreto.com.br\/wp-content\/uploads\/2024\/02\/Copia-de-Copia-de-TAMANHO-EXATO-PARA-FOTOS-NO-SISTEMA-NOVO-34.png?fit=1200%2C675&ssl=1&resize=350%2C200 1x, https:\/\/i0.wp.com\/noticiasribeiraopreto.com.br\/wp-content\/uploads\/2024\/02\/Copia-de-Copia-de-TAMANHO-EXATO-PARA-FOTOS-NO-SISTEMA-NOVO-34.png?fit=1200%2C675&ssl=1&resize=525%2C300 1.5x, https:\/\/i0.wp.com\/noticiasribeiraopreto.com.br\/wp-content\/uploads\/2024\/02\/Copia-de-Copia-de-TAMANHO-EXATO-PARA-FOTOS-NO-SISTEMA-NOVO-34.png?fit=1200%2C675&ssl=1&resize=700%2C400 2x, https:\/\/i0.wp.com\/noticiasribeiraopreto.com.br\/wp-content\/uploads\/2024\/02\/Copia-de-Copia-de-TAMANHO-EXATO-PARA-FOTOS-NO-SISTEMA-NOVO-34.png?fit=1200%2C675&ssl=1&resize=1050%2C600 3x"},"classes":[]},{"id":77636,"url":"https:\/\/noticiasribeiraopreto.com.br\/index.php\/2025\/09\/23\/ribeirao-preto-e-alvo-de-megaoperacao-contra-crime-organizado\/","url_meta":{"origin":79147,"position":5},"title":"Ribeir\u00e3o Preto \u00e9 alvo de megaopera\u00e7\u00e3o contra crime organizado","author":"noticiasribeiraopreto.com.br","date":"23 de September de 2025","format":false,"excerpt":"For\u00e7a-tarefa mira procurado da Interpol e integrantes de grupo que trafica drogas e realiza lavagem de dinheiro il\u00edcito 23 de setembro de 2025 09:3423 de setembro de 2025 09:377 Compartilhar2 Por: Adalberto Luque Uma grande opera\u00e7\u00e3o foi realizada, na manh\u00e3 desta ter\u00e7a-feira (23), na cidade de Ribeir\u00e3o Preto. A segunda\u2026","rel":"","context":"In &quot;Not\u00edcias de Ribeir\u00e3o Preto-SP e Regi\u00e3o&quot;","block_context":{"text":"Not\u00edcias de Ribeir\u00e3o Preto-SP e Regi\u00e3o","link":"https:\/\/noticiasribeiraopreto.com.br\/index.php\/category\/noticias-de-ribeirao-preto-sp-e-regiao-ismael-colosi\/"},"img":{"alt_text":"","src":"https:\/\/i0.wp.com\/noticiasribeiraopreto.com.br\/wp-content\/uploads\/2025\/09\/23-set-2025-arcosul4.jpg?fit=822%2C454&ssl=1&resize=350%2C200","width":350,"height":200,"srcset":"https:\/\/i0.wp.com\/noticiasribeiraopreto.com.br\/wp-content\/uploads\/2025\/09\/23-set-2025-arcosul4.jpg?fit=822%2C454&ssl=1&resize=350%2C200 1x, https:\/\/i0.wp.com\/noticiasribeiraopreto.com.br\/wp-content\/uploads\/2025\/09\/23-set-2025-arcosul4.jpg?fit=822%2C454&ssl=1&resize=525%2C300 1.5x, https:\/\/i0.wp.com\/noticiasribeiraopreto.com.br\/wp-content\/uploads\/2025\/09\/23-set-2025-arcosul4.jpg?fit=822%2C454&ssl=1&resize=700%2C400 2x"},"classes":[]}],"jetpack_sharing_enabled":true,"jetpack_shortlink":"https:\/\/wp.me\/peQAOb-kAz","_links":{"self":[{"href":"https:\/\/noticiasribeiraopreto.com.br\/index.php\/wp-json\/wp\/v2\/posts\/79147","targetHints":{"allow":["GET"]}}],"collection":[{"href":"https:\/\/noticiasribeiraopreto.com.br\/index.php\/wp-json\/wp\/v2\/posts"}],"about":[{"href":"https:\/\/noticiasribeiraopreto.com.br\/index.php\/wp-json\/wp\/v2\/types\/post"}],"author":[{"embeddable":true,"href":"https:\/\/noticiasribeiraopreto.com.br\/index.php\/wp-json\/wp\/v2\/users\/1"}],"replies":[{"embeddable":true,"href":"https:\/\/noticiasribeiraopreto.com.br\/index.php\/wp-json\/wp\/v2\/comments?post=79147"}],"version-history":[{"count":0,"href":"https:\/\/noticiasribeiraopreto.com.br\/index.php\/wp-json\/wp\/v2\/posts\/79147\/revisions"}],"wp:featuredmedia":[{"embeddable":true,"href":"https:\/\/noticiasribeiraopreto.com.br\/index.php\/wp-json\/wp\/v2\/media\/79148"}],"wp:attachment":[{"href":"https:\/\/noticiasribeiraopreto.com.br\/index.php\/wp-json\/wp\/v2\/media?parent=79147"}],"wp:term":[{"taxonomy":"category","embeddable":true,"href":"https:\/\/noticiasribeiraopreto.com.br\/index.php\/wp-json\/wp\/v2\/categories?post=79147"},{"taxonomy":"post_tag","embeddable":true,"href":"https:\/\/noticiasribeiraopreto.com.br\/index.php\/wp-json\/wp\/v2\/tags?post=79147"}],"curies":[{"name":"wp","href":"https:\/\/api.w.org\/{rel}","templated":true}]}}