{"id":79151,"date":"2025-10-25T14:23:35","date_gmt":"2025-10-25T17:23:35","guid":{"rendered":"https:\/\/noticiasribeiraopreto.com.br\/index.php\/2025\/10\/25\/inmet-emite-alerta-de-perigo-potencial-para-o-interior-de-sp-confira-regioes-afetadas\/"},"modified":"2025-10-25T14:23:35","modified_gmt":"2025-10-25T17:23:35","slug":"inmet-emite-alerta-de-perigo-potencial-para-o-interior-de-sp-confira-regioes-afetadas","status":"publish","type":"post","link":"https:\/\/noticiasribeiraopreto.com.br\/index.php\/2025\/10\/25\/inmet-emite-alerta-de-perigo-potencial-para-o-interior-de-sp-confira-regioes-afetadas\/","title":{"rendered":"Inmet emite alerta de perigo potencial para o interior de SP; Confira regi\u00f5es afetadas"},"content":{"rendered":"<div class='code-block code-block-1' style='margin: 8px 0 8px auto; text-align: right; display: block; clear: both;'>\n<p><a href=\"https:\/\/wa.link\/vpicfd\"><img data-recalc-dims=\"1\" class=\"wp-image-4922\" style=\"aspect-ratio: 2.0253164556962027; width: 561px; height: auto;\" src=\"https:\/\/i0.wp.com\/ismaelcolosi.com.br\/wp-content\/uploads\/2023\/11\/grupo-de-empregos-whatsapp-e-facebook-ismael-colosi-vagas.jpg?ssl=1\" alt=\"\" \/><\/a><\/p>\n<!-- \/wp:image -->\n<\/div>\n<p> <br \/>\n<\/p>\n<div data-td-block-uid=\"tdi_95\">\n<div class=\"tdb-block-inner td-fix-index\">\n<p>O <strong>Inmet (Instituto Nacional de Meteorologia)<\/strong> emitiu um novo <strong>alerta de perigo potencial para abaixa umidade do ar<\/strong> no <strong>interior de S\u00e3o Paulo<\/strong> neste s\u00e1bado (25).<\/p>\n<p>De acordo com o \u00f3rg\u00e3o, <strong>a umidade relativa do ar pode variar entre 20% e 30% em diferentes regi\u00f5es<\/strong>. Apesar de baixo, o Inmet tamb\u00e9m alerta para o <strong>risco de inc\u00eandios florestais e \u00e0 sa\u00fade<\/strong>.<\/p>\n<p>Mesmo com temperaturas <strong>acima dos 30\u00baC neste fim de semana<\/strong>, <mark style=\"background-color:#fcb900\" class=\"has-inline-color\">a <strong>Defesa Civil de SP<\/strong> alerta para o retorno das chuvas a partir de segunda-feira (27), o que deve ajudar a elevar a umidade do ar \u2013 saiba mais abaixo.<\/mark><\/p>\n<h2 class=\"wp-block-heading\"><strong>Quais s\u00e3o as regi\u00f5es do interior de SP afetadas pelo alerta?<\/strong><\/h2>\n<ul class=\"wp-block-list\">\n<li>Campinas<\/li>\n<li>S\u00e3o Jos\u00e9 do Rio Preto<\/li>\n<li>Ribeir\u00e3o Preto<\/li>\n<li>Ara\u00e7atuba<\/li>\n<li>Piracicaba<\/li>\n<li>Araraquara<\/li>\n<\/ul>\n<div class=\"wp-block-image\">\n<figure class=\"aligncenter size-large is-resized\"><img data-recalc-dims=\"1\" fetchpriority=\"high\" decoding=\"async\" width=\"1024\" height=\"576\" src=\"https:\/\/i0.wp.com\/cdn.media-acidadeon.com.br\/ribeiraopreto\/wp-content\/uploads\/sites\/3\/2025\/10\/Copia-de-Copia-de-Copia-de-TAMANHO-EXATO-PARA-FOTOS-NO-SISTEMA-NOVO-2025-10-25T121446.390_2025-10-25_15-14-58-1024x576.webp?resize=1024%2C576&#038;ssl=1\" alt=\"Inmet emite alerta de perigo potencial para baixa umidade do ar no interior de SP - Foto: reprodu\u00e7\u00e3o\/ Inmet. \" class=\"wp-image-133503\" style=\"width:654px\" title=\"Inmet emite alerta de perigo potencial para o interior de SP; Confira regi\u00f5es afetadas 1\" srcset=\"https:\/\/cdn.media-acidadeon.com.br\/ribeiraopreto\/wp-content\/uploads\/sites\/3\/2025\/10\/Copia-de-Copia-de-Copia-de-TAMANHO-EXATO-PARA-FOTOS-NO-SISTEMA-NOVO-2025-10-25T121446.390_2025-10-25_15-14-58-1024x576.webp 1024w, https:\/\/cdn.media-acidadeon.com.br\/ribeiraopreto\/wp-content\/uploads\/sites\/3\/2025\/10\/Copia-de-Copia-de-Copia-de-TAMANHO-EXATO-PARA-FOTOS-NO-SISTEMA-NOVO-2025-10-25T121446.390_2025-10-25_15-14-58-300x169.webp 300w, https:\/\/cdn.media-acidadeon.com.br\/ribeiraopreto\/wp-content\/uploads\/sites\/3\/2025\/10\/Copia-de-Copia-de-Copia-de-TAMANHO-EXATO-PARA-FOTOS-NO-SISTEMA-NOVO-2025-10-25T121446.390_2025-10-25_15-14-58-768x432.webp 768w, https:\/\/cdn.media-acidadeon.com.br\/ribeiraopreto\/wp-content\/uploads\/sites\/3\/2025\/10\/Copia-de-Copia-de-Copia-de-TAMANHO-EXATO-PARA-FOTOS-NO-SISTEMA-NOVO-2025-10-25T121446.390_2025-10-25_15-14-58-696x392.webp 696w, https:\/\/cdn.media-acidadeon.com.br\/ribeiraopreto\/wp-content\/uploads\/sites\/3\/2025\/10\/Copia-de-Copia-de-Copia-de-TAMANHO-EXATO-PARA-FOTOS-NO-SISTEMA-NOVO-2025-10-25T121446.390_2025-10-25_15-14-58-1068x601.webp 1068w, https:\/\/cdn.media-acidadeon.com.br\/ribeiraopreto\/wp-content\/uploads\/sites\/3\/2025\/10\/Copia-de-Copia-de-Copia-de-TAMANHO-EXATO-PARA-FOTOS-NO-SISTEMA-NOVO-2025-10-25T121446.390_2025-10-25_15-14-58.webp 1200w\" sizes=\"(max-width: 1024px) 100vw, 1024px\"\/><figcaption class=\"wp-element-caption\">Inmet emite alerta de perigo potencial para baixa umidade do ar no interior de SP \u2013 Foto: reprodu\u00e7\u00e3o\/ Inmet. <\/figcaption><\/figure>\n<\/div>\n<h2 class=\"wp-block-heading\"><strong>Frente fria chega e traz chuva para SP<\/strong><\/h2>\n<p>A\u00a0<strong>Defesa Civil do Estado de S\u00e3o Paulo<\/strong>\u00a0prev\u00ea o retorno das\u00a0<strong>chuvas a Ribeir\u00e3o Preto e regi\u00e3o\u00a0<\/strong>a partir da pr\u00f3xima<strong>\u00a0segunda-feira (27)<\/strong>.<\/p>\n<p>O avan\u00e7o de uma\u00a0<strong>frente fria\u00a0<\/strong>deve mudar as condi\u00e7\u00f5es do tempo, trazendo pancadas de chuva, raios e ventos moderados a fortes j\u00e1 no in\u00edcio da pr\u00f3xima semana.<\/p>\n<p>Com a chegada desse sistema, a expectativa \u00e9 de\u00a0<strong>pancadas de chuva<\/strong>\u00a0localmente fortes entre segunda (27) e quarta-feira (29).<\/p>\n<p>As precipita\u00e7\u00f5es devem ocorrer de\u00a0<strong>forma irregular<\/strong>, com\u00a0<strong>possibilidade de alagamentos pontuais<\/strong>, queda de galhos e ventos de intensidade moderada a forte.<\/p>\n<div class=\"wp-block-image\">\n<figure class=\"aligncenter size-large is-resized\"><img data-recalc-dims=\"1\" loading=\"lazy\" decoding=\"async\" width=\"1024\" height=\"743\" src=\"https:\/\/i0.wp.com\/cdn.media-acidadeon.com.br\/ribeiraopreto\/wp-content\/uploads\/sites\/3\/2025\/02\/calor_chuva_sp_24_2025-02-20_20-46-45_jpg_2025-02-20_20-46-45-1024x743.webp?resize=1024%2C743&#038;ssl=1\" alt=\"Defesa Civil alerta para nova frente fria e possibilidade de chuva na pr\u00f3xima semana - Foto: Foto: Paulo Pinto\/ Ag\u00eancia Brasil. \" class=\"wp-image-108555\" style=\"width:654px\" title=\"Inmet emite alerta de perigo potencial para o interior de SP; Confira regi\u00f5es afetadas 2\" srcset=\"https:\/\/cdn.media-acidadeon.com.br\/ribeiraopreto\/wp-content\/uploads\/sites\/3\/2025\/02\/calor_chuva_sp_24_2025-02-20_20-46-45_jpg_2025-02-20_20-46-45-1024x743.webp 1024w, https:\/\/cdn.media-acidadeon.com.br\/ribeiraopreto\/wp-content\/uploads\/sites\/3\/2025\/02\/calor_chuva_sp_24_2025-02-20_20-46-45_jpg_2025-02-20_20-46-45-300x218.webp 300w, https:\/\/cdn.media-acidadeon.com.br\/ribeiraopreto\/wp-content\/uploads\/sites\/3\/2025\/02\/calor_chuva_sp_24_2025-02-20_20-46-45_jpg_2025-02-20_20-46-45-768x557.webp 768w, https:\/\/cdn.media-acidadeon.com.br\/ribeiraopreto\/wp-content\/uploads\/sites\/3\/2025\/02\/calor_chuva_sp_24_2025-02-20_20-46-45_jpg_2025-02-20_20-46-45-1536x1115.webp 1536w, https:\/\/cdn.media-acidadeon.com.br\/ribeiraopreto\/wp-content\/uploads\/sites\/3\/2025\/02\/calor_chuva_sp_24_2025-02-20_20-46-45_jpg_2025-02-20_20-46-45-2048x1486.webp 2048w, https:\/\/cdn.media-acidadeon.com.br\/ribeiraopreto\/wp-content\/uploads\/sites\/3\/2025\/02\/calor_chuva_sp_24_2025-02-20_20-46-45_jpg_2025-02-20_20-46-45-696x505.webp 696w, https:\/\/cdn.media-acidadeon.com.br\/ribeiraopreto\/wp-content\/uploads\/sites\/3\/2025\/02\/calor_chuva_sp_24_2025-02-20_20-46-45_jpg_2025-02-20_20-46-45-1068x775.webp 1068w, https:\/\/cdn.media-acidadeon.com.br\/ribeiraopreto\/wp-content\/uploads\/sites\/3\/2025\/02\/calor_chuva_sp_24_2025-02-20_20-46-45_jpg_2025-02-20_20-46-45-1920x1394.webp 1920w\" sizes=\"auto, (max-width: 1024px) 100vw, 1024px\"\/><figcaption class=\"wp-element-caption\">Defesa Civil alerta para nova frente fria e possibilidade de chuva na pr\u00f3xima semana \u2013 Foto: Foto: Paulo Pinto\/ Ag\u00eancia Brasil. <\/figcaption><\/figure>\n<\/div>\n<h3 class=\"wp-block-heading\"><strong>Como fica o tempo em Ribeir\u00e3o?<\/strong><\/h3>\n<p>Conforme a <strong>previs\u00e3o estendida <\/strong>da <strong><a href=\"https:\/\/www.climatempo.com.br\/previsao-do-tempo\/15-dias\/cidade\/530\/ribeiraopreto-sp\" data-type=\"link\" data-id=\"https:\/\/www.climatempo.com.br\/previsao-do-tempo\/15-dias\/cidade\/530\/ribeiraopreto-sp\" target=\"_blank\" rel=\"noopener\">Climatempo<\/a><\/strong>, a pr\u00f3xima semana em <strong>Ribeir\u00e3o Preto<\/strong> ser\u00e1 de sol com muitas nuvens e <strong>pancadas de chuva a qualquer momento<\/strong>. Os term\u00f4metros tamb\u00e9m devem registrar queda e temperaturas variam entre 20\u00baC e 29\u00baC. Confira:<\/p>\n<div class=\"wp-block-image\">\n<figure class=\"aligncenter size-large is-resized\"><img data-recalc-dims=\"1\" loading=\"lazy\" decoding=\"async\" width=\"1024\" height=\"576\" src=\"https:\/\/i0.wp.com\/cdn.media-acidadeon.com.br\/ribeiraopreto\/wp-content\/uploads\/sites\/3\/2025\/10\/Copia-de-Copia-de-Copia-de-TAMANHO-EXATO-PARA-FOTOS-NO-SISTEMA-NOVO-2025-10-25T122045.438_2025-10-25_15-20-54-1024x576.webp?resize=1024%2C576&#038;ssl=1\" alt=\"Apesar do alerta para baixa umidade, chuva deve atingir Ribeir\u00e3o Preto na pr\u00f3xima semana - Foto: reprodu\u00e7\u00e3o\/ Climatempo.\" class=\"wp-image-133504\" style=\"width:654px\" title=\"Inmet emite alerta de perigo potencial para o interior de SP; Confira regi\u00f5es afetadas 3\" srcset=\"https:\/\/cdn.media-acidadeon.com.br\/ribeiraopreto\/wp-content\/uploads\/sites\/3\/2025\/10\/Copia-de-Copia-de-Copia-de-TAMANHO-EXATO-PARA-FOTOS-NO-SISTEMA-NOVO-2025-10-25T122045.438_2025-10-25_15-20-54-1024x576.webp 1024w, https:\/\/cdn.media-acidadeon.com.br\/ribeiraopreto\/wp-content\/uploads\/sites\/3\/2025\/10\/Copia-de-Copia-de-Copia-de-TAMANHO-EXATO-PARA-FOTOS-NO-SISTEMA-NOVO-2025-10-25T122045.438_2025-10-25_15-20-54-300x169.webp 300w, https:\/\/cdn.media-acidadeon.com.br\/ribeiraopreto\/wp-content\/uploads\/sites\/3\/2025\/10\/Copia-de-Copia-de-Copia-de-TAMANHO-EXATO-PARA-FOTOS-NO-SISTEMA-NOVO-2025-10-25T122045.438_2025-10-25_15-20-54-768x432.webp 768w, https:\/\/cdn.media-acidadeon.com.br\/ribeiraopreto\/wp-content\/uploads\/sites\/3\/2025\/10\/Copia-de-Copia-de-Copia-de-TAMANHO-EXATO-PARA-FOTOS-NO-SISTEMA-NOVO-2025-10-25T122045.438_2025-10-25_15-20-54-696x392.webp 696w, https:\/\/cdn.media-acidadeon.com.br\/ribeiraopreto\/wp-content\/uploads\/sites\/3\/2025\/10\/Copia-de-Copia-de-Copia-de-TAMANHO-EXATO-PARA-FOTOS-NO-SISTEMA-NOVO-2025-10-25T122045.438_2025-10-25_15-20-54-1068x601.webp 1068w, https:\/\/cdn.media-acidadeon.com.br\/ribeiraopreto\/wp-content\/uploads\/sites\/3\/2025\/10\/Copia-de-Copia-de-Copia-de-TAMANHO-EXATO-PARA-FOTOS-NO-SISTEMA-NOVO-2025-10-25T122045.438_2025-10-25_15-20-54.webp 1200w\" sizes=\"auto, (max-width: 1024px) 100vw, 1024px\"\/><figcaption class=\"wp-element-caption\">Apesar do alerta para baixa umidade, chuva deve atingir Ribeir\u00e3o Preto na pr\u00f3xima semana \u2013 Foto: reprodu\u00e7\u00e3o\/ Climatempo.<\/figcaption><\/figure>\n<\/div>\n<hr class=\"wp-block-separator has-alpha-channel-opacity\"\/>\n<p>SAIBA MAIS<\/p>\n<p>Regi\u00e3o de Ribeir\u00e3o Preto recebe 4\u00ba Encontro de Truckmodelismo com entrada gratuita<\/p>\n<h2 class=\"wp-block-heading\"><strong>FIQUE ON<\/strong><\/h2>\n<p>Fique ligado em tudo que acontece em Ribeir\u00e3o Preto e regi\u00e3o. Siga os perfis do\u00a0<strong>acidade on<\/strong>\u00a0no<a href=\"https:\/\/www.instagram.com\/acidadeonribeirao\" target=\"_blank\" rel=\"noreferrer noopener\">\u00a0Instagram\u00a0<\/a>e no\u00a0<a href=\"https:\/\/www.facebook.com\/acidadeonribeirao\/\" target=\"_blank\" rel=\"noreferrer noopener\">Facebook<\/a>.<\/p>\n<p>Receba not\u00edcias do<strong>\u00a0acidade on<\/strong>\u00a0no WhatsApp. Para entrar no grupo,\u00a0basta\u00a0<a href=\"https:\/\/chat.whatsapp.com\/I4nieTEMKlf50pJ28aMemC?mode=ac_t\" target=\"_blank\" rel=\"noreferrer noopener\">clicar aqui<\/a>. Ou, acesse o nosso\u00a0Canal\u00a0<a href=\"https:\/\/whatsapp.com\/channel\/0029Vb6IQl1JENyAeS57fk2p\" target=\"_blank\" rel=\"noreferrer noopener\">clicando aqui<\/a>.<\/p>\n<p>Fa\u00e7a uma den\u00fancia ou sugira uma reportagem sobre Ribeir\u00e3o Preto e regi\u00e3o pelo WhatsApp: 16 99117 7802.<\/p>\n<p>VEJA TAMB\u00c9M<\/p>\n<p><!-- AI CONTENT END 1 -->\n<\/div>\n<\/div>\n<p><script async src=\"\/\/www.instagram.com\/embed.js\"><\/script><br \/>\n<br \/><br \/>\n<br \/><a href=\"https:\/\/www.acidadeon.com\/ribeiraopreto\/cotidiano\/inmet-emite-alerta-de-perigo-potencial-para-o-interior-de-sp-confira-regioes-afetadas\/\">Source link <\/a><\/p>\n<!-- CONTENT END 1 -->\n","protected":false},"excerpt":{"rendered":"<p>O Inmet (Instituto Nacional de Meteorologia) emitiu um novo alerta de perigo potencial para abaixa umidade do ar no interior de S\u00e3o Paulo neste s\u00e1bado&#8230;<\/p>\n","protected":false},"author":1,"featured_media":79152,"comment_status":"open","ping_status":"open","sticky":false,"template":"","format":"standard","meta":{"advanced_seo_description":"","jetpack_seo_html_title":"","jetpack_seo_noindex":false,"jetpack_post_was_ever_published":false,"_jetpack_newsletter_access":"","_jetpack_dont_email_post_to_subs":false,"_jetpack_newsletter_tier_id":0,"_jetpack_memberships_contains_paywalled_content":false,"_jetpack_memberships_contains_paid_content":false,"footnotes":"","jetpack_publicize_message":"","jetpack_publicize_feature_enabled":true,"jetpack_social_post_already_shared":true,"jetpack_social_options":{"image_generator_settings":{"template":"highway","default_image_id":0,"font":"","enabled":false},"version":2}},"categories":[11],"tags":[],"class_list":["post-79151","post","type-post","status-publish","format-standard","has-post-thumbnail","hentry","category-noticias-de-ribeirao-preto-sp-e-regiao-ismael-colosi"],"jetpack_publicize_connections":[],"jetpack_featured_media_url":"https:\/\/i0.wp.com\/noticiasribeiraopreto.com.br\/wp-content\/uploads\/2025\/10\/20230711_174150-scaled.jpg?fit=2560%2C1152&ssl=1","jetpack-related-posts":[{"id":78220,"url":"https:\/\/noticiasribeiraopreto.com.br\/index.php\/2025\/10\/04\/interior-de-sp-esta-em-alerta-de-perigo-potencial-veja-regioes\/","url_meta":{"origin":79151,"position":0},"title":"Interior de SP est\u00e1 em alerta de perigo potencial; Veja regi\u00f5es","author":"noticiasribeiraopreto.com.br","date":"4 de October de 2025","format":false,"excerpt":"O Inmet (Instituto Nacional de Meteorologia) emitiu neste s\u00e1bado (4) um alerta de perigo potencial para o interior do estado de S\u00e3o Paulo. De acordo com o \u00f3rg\u00e3o, diversas regi\u00f5es podem ser afetadas pela baixa umidade do ar. O alerta \u00e9 v\u00e1lido at\u00e9 \u00e0s 10h deste domingo (5). Interior de\u2026","rel":"","context":"In &quot;Not\u00edcias de Ribeir\u00e3o Preto-SP e Regi\u00e3o&quot;","block_context":{"text":"Not\u00edcias de Ribeir\u00e3o Preto-SP e Regi\u00e3o","link":"https:\/\/noticiasribeiraopreto.com.br\/index.php\/category\/noticias-de-ribeirao-preto-sp-e-regiao-ismael-colosi\/"},"img":{"alt_text":"","src":"https:\/\/i0.wp.com\/noticiasribeiraopreto.com.br\/wp-content\/uploads\/2025\/06\/WhatsApp-Image-2025-06-17-at-14.27.19_2025-06-17_17-29-48.webp.webp?fit=1200%2C540&ssl=1&resize=350%2C200","width":350,"height":200,"srcset":"https:\/\/i0.wp.com\/noticiasribeiraopreto.com.br\/wp-content\/uploads\/2025\/06\/WhatsApp-Image-2025-06-17-at-14.27.19_2025-06-17_17-29-48.webp.webp?fit=1200%2C540&ssl=1&resize=350%2C200 1x, https:\/\/i0.wp.com\/noticiasribeiraopreto.com.br\/wp-content\/uploads\/2025\/06\/WhatsApp-Image-2025-06-17-at-14.27.19_2025-06-17_17-29-48.webp.webp?fit=1200%2C540&ssl=1&resize=525%2C300 1.5x, https:\/\/i0.wp.com\/noticiasribeiraopreto.com.br\/wp-content\/uploads\/2025\/06\/WhatsApp-Image-2025-06-17-at-14.27.19_2025-06-17_17-29-48.webp.webp?fit=1200%2C540&ssl=1&resize=700%2C400 2x, https:\/\/i0.wp.com\/noticiasribeiraopreto.com.br\/wp-content\/uploads\/2025\/06\/WhatsApp-Image-2025-06-17-at-14.27.19_2025-06-17_17-29-48.webp.webp?fit=1200%2C540&ssl=1&resize=1050%2C600 3x"},"classes":[]},{"id":57499,"url":"https:\/\/noticiasribeiraopreto.com.br\/index.php\/2024\/09\/02\/interior-de-sp-tem-dois-novos-alertas-de-perigo-potencial-veja-regioes-afetadas\/","url_meta":{"origin":79151,"position":1},"title":"Interior de SP tem dois novos alertas de perigo potencial; Veja regi\u00f5es afetadas","author":"noticiasribeiraopreto.com.br","date":"2 de September de 2024","format":false,"excerpt":"O Instituto Nacional de Meteorologia (Inmet) emitiu dois novos alertas de perigo potencial para o interior de S\u00e3o Paulo, nesta segunda-feira (2). Um \u00e9 para onda de calor e o outro para baixa umidade do ar. De acordo com a Climatempo, o tempo seco e com temperaturas acima da m\u00e9dia\u2026","rel":"","context":"In &quot;Not\u00edcias de Ribeir\u00e3o Preto-SP e Regi\u00e3o&quot;","block_context":{"text":"Not\u00edcias de Ribeir\u00e3o Preto-SP e Regi\u00e3o","link":"https:\/\/noticiasribeiraopreto.com.br\/index.php\/category\/noticias-de-ribeirao-preto-sp-e-regiao-ismael-colosi\/"},"img":{"alt_text":"","src":"https:\/\/i0.wp.com\/noticiasribeiraopreto.com.br\/wp-content\/uploads\/2024\/09\/mulher-mais-velha-lutando-com-alta-temperatura-scaled.jpg?fit=1200%2C800&ssl=1&resize=350%2C200","width":350,"height":200,"srcset":"https:\/\/i0.wp.com\/noticiasribeiraopreto.com.br\/wp-content\/uploads\/2024\/09\/mulher-mais-velha-lutando-com-alta-temperatura-scaled.jpg?fit=1200%2C800&ssl=1&resize=350%2C200 1x, https:\/\/i0.wp.com\/noticiasribeiraopreto.com.br\/wp-content\/uploads\/2024\/09\/mulher-mais-velha-lutando-com-alta-temperatura-scaled.jpg?fit=1200%2C800&ssl=1&resize=525%2C300 1.5x, https:\/\/i0.wp.com\/noticiasribeiraopreto.com.br\/wp-content\/uploads\/2024\/09\/mulher-mais-velha-lutando-com-alta-temperatura-scaled.jpg?fit=1200%2C800&ssl=1&resize=700%2C400 2x, https:\/\/i0.wp.com\/noticiasribeiraopreto.com.br\/wp-content\/uploads\/2024\/09\/mulher-mais-velha-lutando-com-alta-temperatura-scaled.jpg?fit=1200%2C800&ssl=1&resize=1050%2C600 3x"},"classes":[]},{"id":85013,"url":"https:\/\/noticiasribeiraopreto.com.br\/index.php\/2026\/04\/20\/semana-comeca-com-alerta-do-inmet-para-risco-de-baixa-umidade-no-interior-de-sp\/","url_meta":{"origin":79151,"position":2},"title":"Semana come\u00e7a com alerta do Inmet para risco de baixa umidade no interior de SP","author":"noticiasribeiraopreto.com.br","date":"20 de April de 2026","format":false,"excerpt":"Ler o resumo da not\u00edcia O Inmet emitiu alerta para risco de baixa umidade no interior de SP nesta semana. Climatempo indica que ar seco predominar\u00e1 devido a um sistema de alta press\u00e3o em n\u00edveis m\u00e9dios. As cidades afetadas incluem Presidente Prudente, S\u00e3o Jos\u00e9 do Rio Preto, Campinas, Bauru, Piracicaba,\u2026","rel":"","context":"In &quot;Not\u00edcias de Ribeir\u00e3o Preto-SP e Regi\u00e3o&quot;","block_context":{"text":"Not\u00edcias de Ribeir\u00e3o Preto-SP e Regi\u00e3o","link":"https:\/\/noticiasribeiraopreto.com.br\/index.php\/category\/noticias-de-ribeirao-preto-sp-e-regiao-ismael-colosi\/"},"img":{"alt_text":"","src":"https:\/\/i0.wp.com\/noticiasribeiraopreto.com.br\/wp-content\/uploads\/2026\/04\/mapa-sp_2026-04-20_11-27-58.webp.webp?fit=1200%2C875&ssl=1&resize=350%2C200","width":350,"height":200,"srcset":"https:\/\/i0.wp.com\/noticiasribeiraopreto.com.br\/wp-content\/uploads\/2026\/04\/mapa-sp_2026-04-20_11-27-58.webp.webp?fit=1200%2C875&ssl=1&resize=350%2C200 1x, https:\/\/i0.wp.com\/noticiasribeiraopreto.com.br\/wp-content\/uploads\/2026\/04\/mapa-sp_2026-04-20_11-27-58.webp.webp?fit=1200%2C875&ssl=1&resize=525%2C300 1.5x, https:\/\/i0.wp.com\/noticiasribeiraopreto.com.br\/wp-content\/uploads\/2026\/04\/mapa-sp_2026-04-20_11-27-58.webp.webp?fit=1200%2C875&ssl=1&resize=700%2C400 2x, https:\/\/i0.wp.com\/noticiasribeiraopreto.com.br\/wp-content\/uploads\/2026\/04\/mapa-sp_2026-04-20_11-27-58.webp.webp?fit=1200%2C875&ssl=1&resize=1050%2C600 3x"},"classes":[]},{"id":85086,"url":"https:\/\/noticiasribeiraopreto.com.br\/index.php\/2026\/04\/21\/inmet-emite-alerta-para-o-interior-de-sp-veja-cidades-afetadas\/","url_meta":{"origin":79151,"position":3},"title":"Inmet emite alerta para o interior de SP; Veja cidades afetadas","author":"noticiasribeiraopreto.com.br","date":"21 de April de 2026","format":false,"excerpt":"Ler o resumo da not\u00edcia \r INMET emitiu alerta de calor intenso para o interior de S\u00e3o\u202fPaulo, v\u00e1lido at\u00e9 domingo,\u202f26\u202fde\u202fabril.\r Bloqueio atmosf\u00e9rico mant\u00e9m tempo firme e sem chuva, com umidade relativa entre 20\u202f% e 30\u202f%.\r Cidades afetadas incluem Ribeir\u00e3o\u202fPreto, Presidente\u202fPrudente, Campinas, Bauru, Piracicaba e outras da regi\u00e3o.\r O alerta orienta\u2026","rel":"","context":"In &quot;Not\u00edcias de Ribeir\u00e3o Preto-SP e Regi\u00e3o&quot;","block_context":{"text":"Not\u00edcias de Ribeir\u00e3o Preto-SP e Regi\u00e3o","link":"https:\/\/noticiasribeiraopreto.com.br\/index.php\/category\/noticias-de-ribeirao-preto-sp-e-regiao-ismael-colosi\/"},"img":{"alt_text":"","src":"https:\/\/i0.wp.com\/noticiasribeiraopreto.com.br\/wp-content\/uploads\/2026\/04\/mapa_2026-04-21_14-09-29.webp.webp?fit=1200%2C858&ssl=1&resize=350%2C200","width":350,"height":200,"srcset":"https:\/\/i0.wp.com\/noticiasribeiraopreto.com.br\/wp-content\/uploads\/2026\/04\/mapa_2026-04-21_14-09-29.webp.webp?fit=1200%2C858&ssl=1&resize=350%2C200 1x, https:\/\/i0.wp.com\/noticiasribeiraopreto.com.br\/wp-content\/uploads\/2026\/04\/mapa_2026-04-21_14-09-29.webp.webp?fit=1200%2C858&ssl=1&resize=525%2C300 1.5x, https:\/\/i0.wp.com\/noticiasribeiraopreto.com.br\/wp-content\/uploads\/2026\/04\/mapa_2026-04-21_14-09-29.webp.webp?fit=1200%2C858&ssl=1&resize=700%2C400 2x, https:\/\/i0.wp.com\/noticiasribeiraopreto.com.br\/wp-content\/uploads\/2026\/04\/mapa_2026-04-21_14-09-29.webp.webp?fit=1200%2C858&ssl=1&resize=1050%2C600 3x"},"classes":[]},{"id":53012,"url":"https:\/\/noticiasribeiraopreto.com.br\/index.php\/2024\/06\/14\/novo-alerta-de-perigo-potencial-e-emitido-para-o-interior-de-sp-veja-regioes-afetadas\/","url_meta":{"origin":79151,"position":4},"title":"Novo alerta de perigo potencial \u00e9 emitido para o interior de SP; Veja regi\u00f5es afetadas","author":"noticiasribeiraopreto.com.br","date":"14 de June de 2024","format":false,"excerpt":"O bloqueio atmosf\u00e9rico continua atuando sobre o estado de S\u00e3o Paulo ao longo deste fim de semana, de acordo com a Climatempo. O per\u00edodo veranico segue at\u00e9 o dia 20 de junho e, por esse motivo, as temperaturas devem ficar de 3\u00baC a 5\u00baC acima da m\u00e9dia para o per\u00edodo.\u2026","rel":"","context":"In &quot;Not\u00edcias de Ribeir\u00e3o Preto-SP e Regi\u00e3o&quot;","block_context":{"text":"Not\u00edcias de Ribeir\u00e3o Preto-SP e Regi\u00e3o","link":"https:\/\/noticiasribeiraopreto.com.br\/index.php\/category\/noticias-de-ribeirao-preto-sp-e-regiao-ismael-colosi\/"},"img":{"alt_text":"","src":"https:\/\/i0.wp.com\/noticiasribeiraopreto.com.br\/wp-content\/uploads\/2024\/06\/calcadao_comercio_1024x576_08072021112650.jpg?fit=1024%2C576&ssl=1&resize=350%2C200","width":350,"height":200,"srcset":"https:\/\/i0.wp.com\/noticiasribeiraopreto.com.br\/wp-content\/uploads\/2024\/06\/calcadao_comercio_1024x576_08072021112650.jpg?fit=1024%2C576&ssl=1&resize=350%2C200 1x, https:\/\/i0.wp.com\/noticiasribeiraopreto.com.br\/wp-content\/uploads\/2024\/06\/calcadao_comercio_1024x576_08072021112650.jpg?fit=1024%2C576&ssl=1&resize=525%2C300 1.5x, https:\/\/i0.wp.com\/noticiasribeiraopreto.com.br\/wp-content\/uploads\/2024\/06\/calcadao_comercio_1024x576_08072021112650.jpg?fit=1024%2C576&ssl=1&resize=700%2C400 2x"},"classes":[]},{"id":52494,"url":"https:\/\/noticiasribeiraopreto.com.br\/index.php\/2024\/06\/07\/interior-de-sp-esta-em-alerta-para-baixa-umidade-do-ar-veja-regioes-afetadas\/","url_meta":{"origin":79151,"position":5},"title":"Interior de SP est\u00e1 em alerta para baixa umidade do ar; Veja regi\u00f5es afetadas","author":"noticiasribeiraopreto.com.br","date":"7 de June de 2024","format":false,"excerpt":"Uma grande massa de ar seco predomina sobre o Brasil e influencia \u00e1reas de todas as regi\u00f5es do pa\u00eds, neste final de semana, de acordo com a Climatempo. Devido a esse cen\u00e1rio, o Instituto Nacional de Meteorologia (Inmet) emitiu um alerta de baixa umidade para o interior do estado de\u2026","rel":"","context":"In &quot;Not\u00edcias de Ribeir\u00e3o Preto-SP e Regi\u00e3o&quot;","block_context":{"text":"Not\u00edcias de Ribeir\u00e3o Preto-SP e Regi\u00e3o","link":"https:\/\/noticiasribeiraopreto.com.br\/index.php\/category\/noticias-de-ribeirao-preto-sp-e-regiao-ismael-colosi\/"},"img":{"alt_text":"","src":"https:\/\/i0.wp.com\/noticiasribeiraopreto.com.br\/wp-content\/uploads\/2024\/06\/calor-onda.jpeg?fit=1200%2C675&ssl=1&resize=350%2C200","width":350,"height":200,"srcset":"https:\/\/i0.wp.com\/noticiasribeiraopreto.com.br\/wp-content\/uploads\/2024\/06\/calor-onda.jpeg?fit=1200%2C675&ssl=1&resize=350%2C200 1x, https:\/\/i0.wp.com\/noticiasribeiraopreto.com.br\/wp-content\/uploads\/2024\/06\/calor-onda.jpeg?fit=1200%2C675&ssl=1&resize=525%2C300 1.5x, https:\/\/i0.wp.com\/noticiasribeiraopreto.com.br\/wp-content\/uploads\/2024\/06\/calor-onda.jpeg?fit=1200%2C675&ssl=1&resize=700%2C400 2x, https:\/\/i0.wp.com\/noticiasribeiraopreto.com.br\/wp-content\/uploads\/2024\/06\/calor-onda.jpeg?fit=1200%2C675&ssl=1&resize=1050%2C600 3x"},"classes":[]}],"jetpack_sharing_enabled":true,"jetpack_shortlink":"https:\/\/wp.me\/peQAOb-kAD","_links":{"self":[{"href":"https:\/\/noticiasribeiraopreto.com.br\/index.php\/wp-json\/wp\/v2\/posts\/79151","targetHints":{"allow":["GET"]}}],"collection":[{"href":"https:\/\/noticiasribeiraopreto.com.br\/index.php\/wp-json\/wp\/v2\/posts"}],"about":[{"href":"https:\/\/noticiasribeiraopreto.com.br\/index.php\/wp-json\/wp\/v2\/types\/post"}],"author":[{"embeddable":true,"href":"https:\/\/noticiasribeiraopreto.com.br\/index.php\/wp-json\/wp\/v2\/users\/1"}],"replies":[{"embeddable":true,"href":"https:\/\/noticiasribeiraopreto.com.br\/index.php\/wp-json\/wp\/v2\/comments?post=79151"}],"version-history":[{"count":0,"href":"https:\/\/noticiasribeiraopreto.com.br\/index.php\/wp-json\/wp\/v2\/posts\/79151\/revisions"}],"wp:featuredmedia":[{"embeddable":true,"href":"https:\/\/noticiasribeiraopreto.com.br\/index.php\/wp-json\/wp\/v2\/media\/79152"}],"wp:attachment":[{"href":"https:\/\/noticiasribeiraopreto.com.br\/index.php\/wp-json\/wp\/v2\/media?parent=79151"}],"wp:term":[{"taxonomy":"category","embeddable":true,"href":"https:\/\/noticiasribeiraopreto.com.br\/index.php\/wp-json\/wp\/v2\/categories?post=79151"},{"taxonomy":"post_tag","embeddable":true,"href":"https:\/\/noticiasribeiraopreto.com.br\/index.php\/wp-json\/wp\/v2\/tags?post=79151"}],"curies":[{"name":"wp","href":"https:\/\/api.w.org\/{rel}","templated":true}]}}