{"id":79153,"date":"2025-10-25T14:31:54","date_gmt":"2025-10-25T17:31:54","guid":{"rendered":"https:\/\/noticiasribeiraopreto.com.br\/index.php\/2025\/10\/25\/regiao-de-ribeirao-preto-recebe-4o-encontro-de-truckmodelismo-com-entrada-gratuita\/"},"modified":"2025-10-25T14:31:54","modified_gmt":"2025-10-25T17:31:54","slug":"regiao-de-ribeirao-preto-recebe-4o-encontro-de-truckmodelismo-com-entrada-gratuita","status":"publish","type":"post","link":"https:\/\/noticiasribeiraopreto.com.br\/index.php\/2025\/10\/25\/regiao-de-ribeirao-preto-recebe-4o-encontro-de-truckmodelismo-com-entrada-gratuita\/","title":{"rendered":"Regi\u00e3o de Ribeir\u00e3o Preto recebe 4\u00ba Encontro de Truckmodelismo com entrada gratuita"},"content":{"rendered":"<div class='code-block code-block-1' style='margin: 8px 0 8px auto; text-align: right; display: block; clear: both;'>\n<p><a href=\"https:\/\/wa.link\/vpicfd\"><img data-recalc-dims=\"1\" class=\"wp-image-4922\" style=\"aspect-ratio: 2.0253164556962027; width: 561px; height: auto;\" src=\"https:\/\/i0.wp.com\/ismaelcolosi.com.br\/wp-content\/uploads\/2023\/11\/grupo-de-empregos-whatsapp-e-facebook-ismael-colosi-vagas.jpg?ssl=1\" alt=\"\" \/><\/a><\/p>\n<!-- \/wp:image -->\n<\/div>\n<p> <br \/>\n<\/p>\n<div data-td-block-uid=\"tdi_95\">\n<div class=\"tdb-block-inner td-fix-index\">\n<p>O<strong> Santa Maria Outlet<\/strong>, localizado em <strong>Cravinhos<\/strong>, regi\u00e3o de <strong>Ribeir\u00e3o Preto<\/strong>, recebe at\u00e9 o <strong>domingo (26)<\/strong>, das <strong>9h \u00e0s 21h<\/strong>, \u00a0o <strong>4\u00ba Encontro RTM Ribeir\u00e3o de Truckmodelismo<\/strong>. A programa\u00e7\u00e3o conta com<em> hobbystars<\/em> e uma pista tem\u00e1tica. O evento ter\u00e1 <strong>entrada gratuita<\/strong>.<\/p>\n<p>O publico encontrar\u00e1 no evento exposi\u00e7\u00f5es e demonstra\u00e7\u00f5es de caminh\u00f5es, escavadeiras, \u00f4nibus e outros ve\u00edculos de transporte reproduzidos em escala reduzida.<\/p>\n<p>O encontro conta com <strong>mais de 100 participantes<\/strong> de diferentes estados como Cear\u00e1, Goi\u00e1s, Esp\u00edrito Santo, Paran\u00e1, Santa Catarina, Minas Gerais e S\u00e3o Paulo.<\/p>\n<figure class=\"wp-block-gallery has-nested-images columns-default is-cropped wp-block-gallery-1 is-layout-flex wp-block-gallery-is-layout-flex\">\n<figure class=\"wp-block-image size-large\"><img data-recalc-dims=\"1\" fetchpriority=\"high\" decoding=\"async\" width=\"1024\" height=\"768\" data-id=\"133497\" src=\"https:\/\/i0.wp.com\/cdn.media-acidadeon.com.br\/ribeiraopreto\/wp-content\/uploads\/sites\/3\/2025\/10\/TruckModelismo-10_2025-10-25_14-49-16-1024x768.webp?resize=1024%2C768&#038;ssl=1\" alt=\"truckmodelismo\" class=\"wp-image-133497\" title=\"Regi\u00e3o de Ribeir\u00e3o Preto recebe 4\u00ba Encontro de Truckmodelismo com entrada gratuita 1\" srcset=\"https:\/\/cdn.media-acidadeon.com.br\/ribeiraopreto\/wp-content\/uploads\/sites\/3\/2025\/10\/TruckModelismo-10_2025-10-25_14-49-16-1024x768.webp 1024w, https:\/\/cdn.media-acidadeon.com.br\/ribeiraopreto\/wp-content\/uploads\/sites\/3\/2025\/10\/TruckModelismo-10_2025-10-25_14-49-16-300x225.webp 300w, https:\/\/cdn.media-acidadeon.com.br\/ribeiraopreto\/wp-content\/uploads\/sites\/3\/2025\/10\/TruckModelismo-10_2025-10-25_14-49-16-768x576.webp 768w, https:\/\/cdn.media-acidadeon.com.br\/ribeiraopreto\/wp-content\/uploads\/sites\/3\/2025\/10\/TruckModelismo-10_2025-10-25_14-49-16-696x522.webp 696w, https:\/\/cdn.media-acidadeon.com.br\/ribeiraopreto\/wp-content\/uploads\/sites\/3\/2025\/10\/TruckModelismo-10_2025-10-25_14-49-16-1068x801.webp 1068w, https:\/\/cdn.media-acidadeon.com.br\/ribeiraopreto\/wp-content\/uploads\/sites\/3\/2025\/10\/TruckModelismo-10_2025-10-25_14-49-16.webp 1200w\" sizes=\"(max-width: 1024px) 100vw, 1024px\"\/><figcaption class=\"wp-element-caption\">Imagem: Divulga\u00e7\u00e3o<\/figcaption><\/figure>\n<figure class=\"wp-block-image size-large\"><img data-recalc-dims=\"1\" loading=\"lazy\" decoding=\"async\" width=\"1024\" height=\"461\" data-id=\"133496\" src=\"https:\/\/i0.wp.com\/cdn.media-acidadeon.com.br\/ribeiraopreto\/wp-content\/uploads\/sites\/3\/2025\/10\/TruckModelismo-2_2025-10-25_14-49-16-1024x461.webp?resize=1024%2C461&#038;ssl=1\" alt=\"truckmodelismo\" class=\"wp-image-133496\" title=\"Regi\u00e3o de Ribeir\u00e3o Preto recebe 4\u00ba Encontro de Truckmodelismo com entrada gratuita 2\" srcset=\"https:\/\/cdn.media-acidadeon.com.br\/ribeiraopreto\/wp-content\/uploads\/sites\/3\/2025\/10\/TruckModelismo-2_2025-10-25_14-49-16-1024x461.webp 1024w, https:\/\/cdn.media-acidadeon.com.br\/ribeiraopreto\/wp-content\/uploads\/sites\/3\/2025\/10\/TruckModelismo-2_2025-10-25_14-49-16-300x135.webp 300w, https:\/\/cdn.media-acidadeon.com.br\/ribeiraopreto\/wp-content\/uploads\/sites\/3\/2025\/10\/TruckModelismo-2_2025-10-25_14-49-16-768x346.webp 768w, https:\/\/cdn.media-acidadeon.com.br\/ribeiraopreto\/wp-content\/uploads\/sites\/3\/2025\/10\/TruckModelismo-2_2025-10-25_14-49-16-696x313.webp 696w, https:\/\/cdn.media-acidadeon.com.br\/ribeiraopreto\/wp-content\/uploads\/sites\/3\/2025\/10\/TruckModelismo-2_2025-10-25_14-49-16-1068x481.webp 1068w, https:\/\/cdn.media-acidadeon.com.br\/ribeiraopreto\/wp-content\/uploads\/sites\/3\/2025\/10\/TruckModelismo-2_2025-10-25_14-49-16.webp 1200w\" sizes=\"auto, (max-width: 1024px) 100vw, 1024px\"\/><figcaption class=\"wp-element-caption\">Imagem: Divulga\u00e7\u00e3o<\/figcaption><\/figure>\n<\/figure>\n<p>O <strong>s\u00e1bado (25) <\/strong>e <strong>domingo (26)<\/strong> ainda conta com demonstra\u00e7\u00f5es ao vivo em um circuito que simula situa\u00e7\u00f5es reais de tr\u00e1fego e opera\u00e7\u00e3o dos ve\u00edculos.<\/p>\n<h2 class=\"wp-block-heading\"><strong>Servi\u00e7o<\/strong><\/h2>\n<p><strong><em>4\u00ba Encontro RTM Ribeir\u00e3o Truckmodelismo<\/em><\/strong><\/p>\n<p><strong>Quando: <\/strong>25 e 26 de outubro <strong><br \/>Hor\u00e1rio: <\/strong>9h \u00e0s 21h <strong><br \/>Local: <\/strong>Santa Maria Outlet | rodovia Anhanguera, km 299 \u2013 Cravinhos, SP <strong><br \/>Entrada gratuita<\/strong><\/p>\n<p>SAIBA MAIS<br \/>Pol\u00edcia investiga se mulher que matou e enterrou namorado est\u00e1 envolvida na morte do ex-marido<\/p>\n<h2 class=\"wp-block-heading\"><strong>FIQUE ON<\/strong><\/h2>\n<p>Fique ligado em tudo que acontece em Ribeir\u00e3o Preto e regi\u00e3o. Siga os perfis do\u00a0<strong>acidade on<\/strong>\u00a0no<a href=\"https:\/\/www.instagram.com\/acidadeonribeirao\" target=\"_blank\" rel=\"noreferrer noopener\">\u00a0Instagram\u00a0<\/a>e no\u00a0<a href=\"https:\/\/www.facebook.com\/acidadeonribeirao\/\" target=\"_blank\" rel=\"noreferrer noopener\">Facebook<\/a>.<\/p>\n<p>Receba not\u00edcias do<strong>\u00a0acidade on<\/strong>\u00a0no WhatsApp. Para entrar no grupo,\u00a0basta\u00a0<a href=\"https:\/\/chat.whatsapp.com\/I4nieTEMKlf50pJ28aMemC?mode=ac_t\" target=\"_blank\" rel=\"noreferrer noopener\">clicar aqui<\/a>. Ou, acesse o nosso\u00a0Canal\u00a0<a href=\"https:\/\/whatsapp.com\/channel\/0029Vb6IQl1JENyAeS57fk2p\" target=\"_blank\" rel=\"noreferrer noopener\">clicando aqui<\/a>.<\/p>\n<p>Fa\u00e7a uma den\u00fancia ou sugira uma reportagem sobre Ribeir\u00e3o Preto e regi\u00e3o pelo WhatsApp: 16 99117 7802.<\/p>\n<p>VEJA TAMB\u00c9M<br \/>\u2018Ningu\u00e9m Quer\u2019 ter\u00e1 3\u00aa temporada?<\/p>\n<p><!-- AI CONTENT END 1 -->\n<\/div>\n<\/div>\n<p><script async src=\"\/\/www.instagram.com\/embed.js\"><\/script><br \/>\n<br \/><br \/>\n<br \/><a href=\"https:\/\/www.acidadeon.com\/ribeiraopreto\/lazer-e-cultura\/regiao-de-ribeirao-preto-recebe-4o-encontro-de-truckmodelismo-com-entrada-gratuita\/\">Source link <\/a><\/p>\n<!-- CONTENT END 1 -->\n","protected":false},"excerpt":{"rendered":"<p>O Santa Maria Outlet, localizado em Cravinhos, regi\u00e3o de Ribeir\u00e3o Preto, recebe at\u00e9 o domingo (26), das 9h \u00e0s 21h, \u00a0o 4\u00ba Encontro RTM Ribeir\u00e3o&#8230;<\/p>\n","protected":false},"author":1,"featured_media":79154,"comment_status":"open","ping_status":"open","sticky":false,"template":"","format":"standard","meta":{"advanced_seo_description":"","jetpack_seo_html_title":"","jetpack_seo_noindex":false,"jetpack_post_was_ever_published":false,"_jetpack_newsletter_access":"","_jetpack_dont_email_post_to_subs":false,"_jetpack_newsletter_tier_id":0,"_jetpack_memberships_contains_paywalled_content":false,"_jetpack_memberships_contains_paid_content":false,"footnotes":"","jetpack_publicize_message":"","jetpack_publicize_feature_enabled":true,"jetpack_social_post_already_shared":true,"jetpack_social_options":{"image_generator_settings":{"template":"highway","default_image_id":0,"font":"","enabled":false},"version":2}},"categories":[11],"tags":[],"class_list":["post-79153","post","type-post","status-publish","format-standard","has-post-thumbnail","hentry","category-noticias-de-ribeirao-preto-sp-e-regiao-ismael-colosi"],"jetpack_publicize_connections":[],"jetpack_featured_media_url":"https:\/\/i0.wp.com\/noticiasribeiraopreto.com.br\/wp-content\/uploads\/2025\/10\/TruckModelismo-8_2025-10-25_14-50-50.webp.webp?fit=1200%2C900&ssl=1","jetpack-related-posts":[{"id":63406,"url":"https:\/\/noticiasribeiraopreto.com.br\/index.php\/2025\/02\/12\/cidade-na-regiao-de-ribeirao-preto-recebe-encontro-de-carros-antigos\/","url_meta":{"origin":79153,"position":0},"title":"Cidade na regi\u00e3o de Ribeir\u00e3o Preto recebe encontro de carros antigos","author":"noticiasribeiraopreto.com.br","date":"12 de February de 2025","format":false,"excerpt":"Nos dias 15 e 16 de fevereiro, o Santa Maria Outlet, em Cravinhos, na regi\u00e3o de Ribeir\u00e3o Preto recebe um encontro de carros antigos que reunir\u00e1 mais de 20 modelos cl\u00e1ssicos. A entrada \u00e9 gratuita e o encontro acontece a partir das 9h. O evento oferece ao p\u00fablico a oportunidade\u2026","rel":"","context":"In &quot;Not\u00edcias de Ribeir\u00e3o Preto-SP e Regi\u00e3o&quot;","block_context":{"text":"Not\u00edcias de Ribeir\u00e3o Preto-SP e Regi\u00e3o","link":"https:\/\/noticiasribeiraopreto.com.br\/index.php\/category\/noticias-de-ribeirao-preto-sp-e-regiao-ismael-colosi\/"},"img":{"alt_text":"","src":"https:\/\/i0.wp.com\/noticiasribeiraopreto.com.br\/wp-content\/uploads\/2025\/02\/impala_2025-02-12_16-51-08_jpg_2025-02-12_16-51-09-scaled.webp.webp?fit=1200%2C900&ssl=1&resize=350%2C200","width":350,"height":200,"srcset":"https:\/\/i0.wp.com\/noticiasribeiraopreto.com.br\/wp-content\/uploads\/2025\/02\/impala_2025-02-12_16-51-08_jpg_2025-02-12_16-51-09-scaled.webp.webp?fit=1200%2C900&ssl=1&resize=350%2C200 1x, https:\/\/i0.wp.com\/noticiasribeiraopreto.com.br\/wp-content\/uploads\/2025\/02\/impala_2025-02-12_16-51-08_jpg_2025-02-12_16-51-09-scaled.webp.webp?fit=1200%2C900&ssl=1&resize=525%2C300 1.5x, https:\/\/i0.wp.com\/noticiasribeiraopreto.com.br\/wp-content\/uploads\/2025\/02\/impala_2025-02-12_16-51-08_jpg_2025-02-12_16-51-09-scaled.webp.webp?fit=1200%2C900&ssl=1&resize=700%2C400 2x, https:\/\/i0.wp.com\/noticiasribeiraopreto.com.br\/wp-content\/uploads\/2025\/02\/impala_2025-02-12_16-51-08_jpg_2025-02-12_16-51-09-scaled.webp.webp?fit=1200%2C900&ssl=1&resize=1050%2C600 3x"},"classes":[]},{"id":6335,"url":"https:\/\/noticiasribeiraopreto.com.br\/index.php\/2023\/11\/25\/ribeirao-tem-encontro-de-brechos-com-entrada-gratuita-neste-domingo\/","url_meta":{"origin":79153,"position":1},"title":"Ribeir\u00e3o tem encontro de brech\u00f3s com entrada gratuita\u00a0neste domingo","author":"noticiasribeiraopreto.com.br","date":"25 de November de 2023","format":false,"excerpt":"Ribeir\u00e3o Preto recebe neste domingo (26) o \u2018Encontro de Brech\u00f3s\u2019 \u2013 edi\u00e7\u00e3o especial de 1 ano -, que re\u00fane moda sustent\u00e1vel, consumo consciente e diversidade, no Jardim Sumar\u00e9, na zona Sul da cidade. \u00a0 O evento acontece das 9h \u00e0s 17h e a entrada e o estacionamento s\u00e3o gratuitos. \u00a0\u2026","rel":"","context":"In &quot;Not\u00edcias de Ribeir\u00e3o Preto-SP e Regi\u00e3o&quot;","block_context":{"text":"Not\u00edcias de Ribeir\u00e3o Preto-SP e Regi\u00e3o","link":"https:\/\/noticiasribeiraopreto.com.br\/index.php\/category\/noticias-de-ribeirao-preto-sp-e-regiao-ismael-colosi\/"},"img":{"alt_text":"","src":"https:\/\/i0.wp.com\/noticiasribeiraopreto.com.br\/wp-content\/uploads\/2023\/11\/lindo-mercado-de-segunda-mao-1-scaled.jpg?fit=1200%2C800&ssl=1&resize=350%2C200","width":350,"height":200,"srcset":"https:\/\/i0.wp.com\/noticiasribeiraopreto.com.br\/wp-content\/uploads\/2023\/11\/lindo-mercado-de-segunda-mao-1-scaled.jpg?fit=1200%2C800&ssl=1&resize=350%2C200 1x, https:\/\/i0.wp.com\/noticiasribeiraopreto.com.br\/wp-content\/uploads\/2023\/11\/lindo-mercado-de-segunda-mao-1-scaled.jpg?fit=1200%2C800&ssl=1&resize=525%2C300 1.5x, https:\/\/i0.wp.com\/noticiasribeiraopreto.com.br\/wp-content\/uploads\/2023\/11\/lindo-mercado-de-segunda-mao-1-scaled.jpg?fit=1200%2C800&ssl=1&resize=700%2C400 2x, https:\/\/i0.wp.com\/noticiasribeiraopreto.com.br\/wp-content\/uploads\/2023\/11\/lindo-mercado-de-segunda-mao-1-scaled.jpg?fit=1200%2C800&ssl=1&resize=1050%2C600 3x"},"classes":[]},{"id":63497,"url":"https:\/\/noticiasribeiraopreto.com.br\/index.php\/2025\/02\/14\/teatro-shows-e-encontro-de-carros-antigos-veja-o-que-fazer-no-fim-de-semana-em-ribeirao-e-regiao\/","url_meta":{"origin":79153,"position":2},"title":"Teatro, shows e encontro de carros antigos: Veja o que fazer no fim de semana em Ribeir\u00e3o e regi\u00e3o","author":"noticiasribeiraopreto.com.br","date":"14 de February de 2025","format":false,"excerpt":"Neste fim de semana, Ribeir\u00e3o Preto e regi\u00e3o conta em sua programa\u00e7\u00e3o com pe\u00e7as de teatro, feiras e encontro de carros antigos. A agenda cultural tamb\u00e9m tem atividades para crian\u00e7as, shows e cinema. Confira: Insignific\u00e2ncia O Teatro Municipal de Ribeir\u00e3o Preto recebe a pe\u00e7a \u201cInsignific\u00e2ncia\u201d neste domingo (16), \u00e0s 18h.\u2026","rel":"","context":"In &quot;Not\u00edcias de Ribeir\u00e3o Preto-SP e Regi\u00e3o&quot;","block_context":{"text":"Not\u00edcias de Ribeir\u00e3o Preto-SP e Regi\u00e3o","link":"https:\/\/noticiasribeiraopreto.com.br\/index.php\/category\/noticias-de-ribeirao-preto-sp-e-regiao-ismael-colosi\/"},"img":{"alt_text":"","src":"https:\/\/i0.wp.com\/noticiasribeiraopreto.com.br\/wp-content\/uploads\/2025\/01\/insignificancia_2025-01-08_12-29-47_jpg_2025-01-08_12-29-47.webp.webp?fit=877%2C567&ssl=1&resize=350%2C200","width":350,"height":200,"srcset":"https:\/\/i0.wp.com\/noticiasribeiraopreto.com.br\/wp-content\/uploads\/2025\/01\/insignificancia_2025-01-08_12-29-47_jpg_2025-01-08_12-29-47.webp.webp?fit=877%2C567&ssl=1&resize=350%2C200 1x, https:\/\/i0.wp.com\/noticiasribeiraopreto.com.br\/wp-content\/uploads\/2025\/01\/insignificancia_2025-01-08_12-29-47_jpg_2025-01-08_12-29-47.webp.webp?fit=877%2C567&ssl=1&resize=525%2C300 1.5x, https:\/\/i0.wp.com\/noticiasribeiraopreto.com.br\/wp-content\/uploads\/2025\/01\/insignificancia_2025-01-08_12-29-47_jpg_2025-01-08_12-29-47.webp.webp?fit=877%2C567&ssl=1&resize=700%2C400 2x"},"classes":[]},{"id":62597,"url":"https:\/\/noticiasribeiraopreto.com.br\/index.php\/2025\/01\/18\/ribeirao-preto-recebe-encontro-de-carros-antigos-para-celebrar-o-dia-do-fusca\/","url_meta":{"origin":79153,"position":3},"title":"Ribeir\u00e3o Preto recebe encontro de carros antigos para celebrar o dia do Fusca","author":"noticiasribeiraopreto.com.br","date":"18 de January de 2025","format":false,"excerpt":"A primeira edi\u00e7\u00e3o de 2025 do encontro de carros antigos de Ribeir\u00e3o Preto acontece neste domingo (19), a partir das 10h. O encontro acontece em celebra\u00e7\u00e3o ao Dia Nacional do Fusca, comemorado na segunda-feira (20). A entrada no evento \u00e9 gratuita. O evento ser\u00e1 realizado na rua Marcos Markarian, 377,\u2026","rel":"","context":"In &quot;Not\u00edcias de Ribeir\u00e3o Preto-SP e Regi\u00e3o&quot;","block_context":{"text":"Not\u00edcias de Ribeir\u00e3o Preto-SP e Regi\u00e3o","link":"https:\/\/noticiasribeiraopreto.com.br\/index.php\/category\/noticias-de-ribeirao-preto-sp-e-regiao-ismael-colosi\/"},"img":{"alt_text":"","src":"https:\/\/i0.wp.com\/noticiasribeiraopreto.com.br\/wp-content\/uploads\/2025\/01\/IMG-8262_2024-07-10_13-03-13_jpg_2024-07-10_13-03-15-scaled.webp.webp?fit=1200%2C800&ssl=1&resize=350%2C200","width":350,"height":200,"srcset":"https:\/\/i0.wp.com\/noticiasribeiraopreto.com.br\/wp-content\/uploads\/2025\/01\/IMG-8262_2024-07-10_13-03-13_jpg_2024-07-10_13-03-15-scaled.webp.webp?fit=1200%2C800&ssl=1&resize=350%2C200 1x, https:\/\/i0.wp.com\/noticiasribeiraopreto.com.br\/wp-content\/uploads\/2025\/01\/IMG-8262_2024-07-10_13-03-13_jpg_2024-07-10_13-03-15-scaled.webp.webp?fit=1200%2C800&ssl=1&resize=525%2C300 1.5x, https:\/\/i0.wp.com\/noticiasribeiraopreto.com.br\/wp-content\/uploads\/2025\/01\/IMG-8262_2024-07-10_13-03-13_jpg_2024-07-10_13-03-15-scaled.webp.webp?fit=1200%2C800&ssl=1&resize=700%2C400 2x, https:\/\/i0.wp.com\/noticiasribeiraopreto.com.br\/wp-content\/uploads\/2025\/01\/IMG-8262_2024-07-10_13-03-13_jpg_2024-07-10_13-03-15-scaled.webp.webp?fit=1200%2C800&ssl=1&resize=1050%2C600 3x"},"classes":[]},{"id":83363,"url":"https:\/\/noticiasribeiraopreto.com.br\/index.php\/2026\/03\/17\/ribeirao-preto-recebe-evento-com-brechos-em-homenagem-as-mulheres-veja-quando\/","url_meta":{"origin":79153,"position":4},"title":"Ribeir\u00e3o Preto recebe evento com brech\u00f3s em homenagem \u00e0s mulheres; Veja quando","author":"noticiasribeiraopreto.com.br","date":"17 de March de 2026","format":false,"excerpt":"O Encontro de Brech\u00f3s ter\u00e1 uma edi\u00e7\u00e3o especial em homenagem ao m\u00eas das mulheres em Ribeir\u00e3o Preto. O evento, que tem entrada gratuita, ser\u00e1 realizado no pr\u00f3ximo s\u00e1bado (21), das 9h \u00e0s 17h, em um hotel no Centro da cidade. Nesta edi\u00e7\u00e3o, dezenas de expositoras da regi\u00e3o levar\u00e3o ao p\u00fablico\u2026","rel":"","context":"In &quot;Not\u00edcias de Ribeir\u00e3o Preto-SP e Regi\u00e3o&quot;","block_context":{"text":"Not\u00edcias de Ribeir\u00e3o Preto-SP e Regi\u00e3o","link":"https:\/\/noticiasribeiraopreto.com.br\/index.php\/category\/noticias-de-ribeirao-preto-sp-e-regiao-ismael-colosi\/"},"img":{"alt_text":"","src":"https:\/\/i0.wp.com\/noticiasribeiraopreto.com.br\/wp-content\/uploads\/2026\/03\/Encontro07dez-44_2026-03-17_11-35-58.webp.webp?fit=1200%2C773&ssl=1&resize=350%2C200","width":350,"height":200,"srcset":"https:\/\/i0.wp.com\/noticiasribeiraopreto.com.br\/wp-content\/uploads\/2026\/03\/Encontro07dez-44_2026-03-17_11-35-58.webp.webp?fit=1200%2C773&ssl=1&resize=350%2C200 1x, https:\/\/i0.wp.com\/noticiasribeiraopreto.com.br\/wp-content\/uploads\/2026\/03\/Encontro07dez-44_2026-03-17_11-35-58.webp.webp?fit=1200%2C773&ssl=1&resize=525%2C300 1.5x, https:\/\/i0.wp.com\/noticiasribeiraopreto.com.br\/wp-content\/uploads\/2026\/03\/Encontro07dez-44_2026-03-17_11-35-58.webp.webp?fit=1200%2C773&ssl=1&resize=700%2C400 2x, https:\/\/i0.wp.com\/noticiasribeiraopreto.com.br\/wp-content\/uploads\/2026\/03\/Encontro07dez-44_2026-03-17_11-35-58.webp.webp?fit=1200%2C773&ssl=1&resize=1050%2C600 3x"},"classes":[]},{"id":77669,"url":"https:\/\/noticiasribeiraopreto.com.br\/index.php\/2025\/09\/23\/bebedouro-recebe-20o-encontro-de-ferreomodelismo-com-trens-em-miniatura-e-maquetes\/","url_meta":{"origin":79153,"position":5},"title":"Bebedouro recebe 20\u00ba Encontro de Ferreomodelismo com trens em miniatura e maquetes","author":"noticiasribeiraopreto.com.br","date":"23 de September de 2025","format":false,"excerpt":"Bebedouro, cidade na regi\u00e3o de Ribeir\u00e3o Preto, vai sediar nos dias 4 e 5 de outubro o 20\u00ba Encontro de Ferreomodelismo. A programa\u00e7\u00e3o contar\u00e1 com trens el\u00e9tricos em miniatura e maquetes detalhadas. O evento acontece na esta\u00e7\u00e3o ferrovi\u00e1ria, localizada na avenida dos Antunes, s\/n\u00ba, a partir das 9h. A entrada\u2026","rel":"","context":"In &quot;Not\u00edcias de Ribeir\u00e3o Preto-SP e Regi\u00e3o&quot;","block_context":{"text":"Not\u00edcias de Ribeir\u00e3o Preto-SP e Regi\u00e3o","link":"https:\/\/noticiasribeiraopreto.com.br\/index.php\/category\/noticias-de-ribeirao-preto-sp-e-regiao-ismael-colosi\/"},"img":{"alt_text":"","src":"https:\/\/i0.wp.com\/noticiasribeiraopreto.com.br\/wp-content\/uploads\/2025\/09\/a86799e5-7ede-4ce4-bbca-336061e2e3f9_2025-09-23_16-03-48.webp.webp?fit=1200%2C898&ssl=1&resize=350%2C200","width":350,"height":200,"srcset":"https:\/\/i0.wp.com\/noticiasribeiraopreto.com.br\/wp-content\/uploads\/2025\/09\/a86799e5-7ede-4ce4-bbca-336061e2e3f9_2025-09-23_16-03-48.webp.webp?fit=1200%2C898&ssl=1&resize=350%2C200 1x, https:\/\/i0.wp.com\/noticiasribeiraopreto.com.br\/wp-content\/uploads\/2025\/09\/a86799e5-7ede-4ce4-bbca-336061e2e3f9_2025-09-23_16-03-48.webp.webp?fit=1200%2C898&ssl=1&resize=525%2C300 1.5x, https:\/\/i0.wp.com\/noticiasribeiraopreto.com.br\/wp-content\/uploads\/2025\/09\/a86799e5-7ede-4ce4-bbca-336061e2e3f9_2025-09-23_16-03-48.webp.webp?fit=1200%2C898&ssl=1&resize=700%2C400 2x, https:\/\/i0.wp.com\/noticiasribeiraopreto.com.br\/wp-content\/uploads\/2025\/09\/a86799e5-7ede-4ce4-bbca-336061e2e3f9_2025-09-23_16-03-48.webp.webp?fit=1200%2C898&ssl=1&resize=1050%2C600 3x"},"classes":[]}],"jetpack_sharing_enabled":true,"jetpack_shortlink":"https:\/\/wp.me\/peQAOb-kAF","_links":{"self":[{"href":"https:\/\/noticiasribeiraopreto.com.br\/index.php\/wp-json\/wp\/v2\/posts\/79153","targetHints":{"allow":["GET"]}}],"collection":[{"href":"https:\/\/noticiasribeiraopreto.com.br\/index.php\/wp-json\/wp\/v2\/posts"}],"about":[{"href":"https:\/\/noticiasribeiraopreto.com.br\/index.php\/wp-json\/wp\/v2\/types\/post"}],"author":[{"embeddable":true,"href":"https:\/\/noticiasribeiraopreto.com.br\/index.php\/wp-json\/wp\/v2\/users\/1"}],"replies":[{"embeddable":true,"href":"https:\/\/noticiasribeiraopreto.com.br\/index.php\/wp-json\/wp\/v2\/comments?post=79153"}],"version-history":[{"count":0,"href":"https:\/\/noticiasribeiraopreto.com.br\/index.php\/wp-json\/wp\/v2\/posts\/79153\/revisions"}],"wp:featuredmedia":[{"embeddable":true,"href":"https:\/\/noticiasribeiraopreto.com.br\/index.php\/wp-json\/wp\/v2\/media\/79154"}],"wp:attachment":[{"href":"https:\/\/noticiasribeiraopreto.com.br\/index.php\/wp-json\/wp\/v2\/media?parent=79153"}],"wp:term":[{"taxonomy":"category","embeddable":true,"href":"https:\/\/noticiasribeiraopreto.com.br\/index.php\/wp-json\/wp\/v2\/categories?post=79153"},{"taxonomy":"post_tag","embeddable":true,"href":"https:\/\/noticiasribeiraopreto.com.br\/index.php\/wp-json\/wp\/v2\/tags?post=79153"}],"curies":[{"name":"wp","href":"https:\/\/api.w.org\/{rel}","templated":true}]}}