{"id":79155,"date":"2025-10-25T14:41:41","date_gmt":"2025-10-25T17:41:41","guid":{"rendered":"https:\/\/noticiasribeiraopreto.com.br\/index.php\/2025\/10\/25\/incendio-atinge-oficina-na-zona-norte-de-ribeirao-preto-veja-o-video\/"},"modified":"2025-10-25T14:41:41","modified_gmt":"2025-10-25T17:41:41","slug":"incendio-atinge-oficina-na-zona-norte-de-ribeirao-preto-veja-o-video","status":"publish","type":"post","link":"https:\/\/noticiasribeiraopreto.com.br\/index.php\/2025\/10\/25\/incendio-atinge-oficina-na-zona-norte-de-ribeirao-preto-veja-o-video\/","title":{"rendered":"Inc\u00eandio atinge oficina na zona Norte de Ribeir\u00e3o Preto; Veja o v\u00eddeo"},"content":{"rendered":"<div class='code-block code-block-1' style='margin: 8px 0 8px auto; text-align: right; display: block; clear: both;'>\n<p><a href=\"https:\/\/wa.link\/vpicfd\"><img data-recalc-dims=\"1\" class=\"wp-image-4922\" style=\"aspect-ratio: 2.0253164556962027; width: 561px; height: auto;\" src=\"https:\/\/i0.wp.com\/ismaelcolosi.com.br\/wp-content\/uploads\/2023\/11\/grupo-de-empregos-whatsapp-e-facebook-ismael-colosi-vagas.jpg?ssl=1\" alt=\"\" \/><\/a><\/p>\n<!-- \/wp:image -->\n<\/div>\n<p> <br \/>\n<\/p>\n<div data-td-block-uid=\"tdi_95\">\n<div class=\"tdb-block-inner td-fix-index\">\n<p>Um inc\u00eandio atingiu uma oficina de manuten\u00e7\u00e3o de ferramentas na noite da \u00faltima <strong>sexta-feira (24)<\/strong>, na <strong>avenida Marechal Costa e Silva<\/strong>, no bairro <strong>Campos El\u00edsios<\/strong>, zona Norte de <strong>Ribeir\u00e3o Preto<\/strong> \u2013 veja o v\u00eddeo abaixo.<\/p>\n<p>De acordo com o boletim de ocorr\u00eancia (BO), o propriet\u00e1rio havia deixado o local por volta das <strong>20h<\/strong>, e o fogo teria come\u00e7ado cerca de meia hora depois. Ele foi avisado por um vizinho sobre o inc\u00eandio.<\/p>\n<p><mark style=\"background-color:#fcb900\" class=\"has-inline-color\">As chamas atingiram todo o im\u00f3vel, mas <strong>ningu\u00e9m ficou ferido<\/strong>.<\/mark> O dono da oficina relatou \u00e0 pol\u00edcia que, antes do incidente, notou um poste ao lado do estabelecimento emitindo barulhos estranhos e fa\u00edscas, com luzes piscando. As causas do inc\u00eandio, contudo, ainda dever\u00e3o ser apuradas.<\/p>\n<blockquote class=\"instagram-media\" data-instgrm-permalink=\"https:\/\/www.instagram.com\/reel\/DQPGWiojqrR\/?utm_source=ig_embed&amp;utm_campaign=loading\" data-instgrm-version=\"14\" style=\" background:#FFF; border:0; border-radius:3px; box-shadow:0 0 1px 0 rgba(0,0,0,0.5),0 1px 10px 0 rgba(0,0,0,0.15); margin: 1px; max-width:540px; min-width:326px; padding:0; width:99.375%; width:-webkit-calc(100% - 2px); width:calc(100% - 2px);\"\/>\n<hr class=\"wp-block-separator has-alpha-channel-opacity\"\/>\n<p>SAIBA MAIS<br \/>Pol\u00edcia investiga se mulher que matou e enterrou namorado est\u00e1 envolvida na morte do ex-marido<\/p>\n<h2 class=\"wp-block-heading\"><strong>FIQUE ON<\/strong><\/h2>\n<p>Fique ligado em tudo que acontece em Ribeir\u00e3o Preto e regi\u00e3o. Siga os perfis do\u00a0<strong>acidade on<\/strong>\u00a0no<a href=\"https:\/\/www.instagram.com\/acidadeonribeirao\" target=\"_blank\" rel=\"noreferrer noopener\">\u00a0Instagram\u00a0<\/a>e no\u00a0<a href=\"https:\/\/www.facebook.com\/acidadeonribeirao\/\" target=\"_blank\" rel=\"noreferrer noopener\">Facebook<\/a>.<\/p>\n<p>Receba not\u00edcias do<strong>\u00a0acidade on<\/strong>\u00a0no WhatsApp. Para entrar no grupo,\u00a0basta\u00a0<a href=\"https:\/\/chat.whatsapp.com\/I4nieTEMKlf50pJ28aMemC?mode=ac_t\" target=\"_blank\" rel=\"noreferrer noopener\">clicar aqui<\/a>. Ou, acesse o nosso\u00a0Canal\u00a0<a href=\"https:\/\/whatsapp.com\/channel\/0029Vb6IQl1JENyAeS57fk2p\" target=\"_blank\" rel=\"noreferrer noopener\">clicando aqui<\/a>.<\/p>\n<p>Fa\u00e7a uma den\u00fancia ou sugira uma reportagem sobre Ribeir\u00e3o Preto e regi\u00e3o pelo WhatsApp: 16 99117 7802.<\/p>\n<p>VEJA TAMB\u00c9M<br \/>\u2018Ningu\u00e9m Quer\u2019 ter\u00e1 3\u00aa temporada?<\/p>\n<p><!-- AI CONTENT END 1 -->\n<\/div>\n<\/div>\n<p><script async src=\"\/\/www.instagram.com\/embed.js\"><\/script><br \/>\n<br \/><br \/>\n<br \/><a href=\"https:\/\/www.acidadeon.com\/ribeiraopreto\/cotidiano\/incendio-atinge-oficina-na-zona-norte-de-ribeirao-preto-veja-o-video\/\">Source link <\/a><\/p>\n<!-- CONTENT END 1 -->\n","protected":false},"excerpt":{"rendered":"<p>Um inc\u00eandio atingiu uma oficina de manuten\u00e7\u00e3o de ferramentas na noite da \u00faltima sexta-feira (24), na avenida Marechal Costa e Silva, no bairro Campos El\u00edsios,&#8230;<\/p>\n","protected":false},"author":1,"featured_media":79156,"comment_status":"open","ping_status":"open","sticky":false,"template":"","format":"standard","meta":{"advanced_seo_description":"","jetpack_seo_html_title":"","jetpack_seo_noindex":false,"jetpack_post_was_ever_published":false,"_jetpack_newsletter_access":"","_jetpack_dont_email_post_to_subs":false,"_jetpack_newsletter_tier_id":0,"_jetpack_memberships_contains_paywalled_content":false,"_jetpack_memberships_contains_paid_content":false,"footnotes":"","jetpack_publicize_message":"","jetpack_publicize_feature_enabled":true,"jetpack_social_post_already_shared":true,"jetpack_social_options":{"image_generator_settings":{"template":"highway","default_image_id":0,"font":"","enabled":false},"version":2}},"categories":[11],"tags":[],"class_list":["post-79155","post","type-post","status-publish","format-standard","has-post-thumbnail","hentry","category-noticias-de-ribeirao-preto-sp-e-regiao-ismael-colosi"],"jetpack_publicize_connections":[],"jetpack_featured_media_url":"https:\/\/i0.wp.com\/noticiasribeiraopreto.com.br\/wp-content\/uploads\/2025\/10\/Copia-de-Copia-de-Copia-de-TAMANHO-EXATO-PARA-FOTOS-NO-SISTEMA-NOVO-81_2025-10-25_14-08-43.webp.webp?fit=1200%2C675&ssl=1","jetpack-related-posts":[{"id":73453,"url":"https:\/\/noticiasribeiraopreto.com.br\/index.php\/2025\/07\/02\/video-incendio-atinge-oficina-na-zona-norte\/","url_meta":{"origin":79155,"position":0},"title":"V\u00cdDEO: Inc\u00eandio atinge oficina na zona Norte","author":"noticiasribeiraopreto.com.br","date":"2 de July de 2025","format":false,"excerpt":"2 de julho de 2025 19:110 Compartilhar0 Um inc\u00eandio atingiu uma oficina mec\u00e2nica na tarde desta quarta-feira (2), na rua Bahia, no bairro Ipiranga, zona Norte de Ribeir\u00e3o Preto. Segundo informa\u00e7\u00f5es preliminares, o fogo come\u00e7ou no amortecedor de um carro que estava sendo consertado. As chamas se espalharam rapidamente, mas\u2026","rel":"","context":"In &quot;Not\u00edcias de Ribeir\u00e3o Preto-SP e Regi\u00e3o&quot;","block_context":{"text":"Not\u00edcias de Ribeir\u00e3o Preto-SP e Regi\u00e3o","link":"https:\/\/noticiasribeiraopreto.com.br\/index.php\/category\/noticias-de-ribeirao-preto-sp-e-regiao-ismael-colosi\/"},"img":{"alt_text":"","src":"https:\/\/i0.wp.com\/noticiasribeiraopreto.com.br\/wp-content\/uploads\/2025\/07\/oficina_incendio.jpeg?fit=718%2C583&ssl=1&resize=350%2C200","width":350,"height":200,"srcset":"https:\/\/i0.wp.com\/noticiasribeiraopreto.com.br\/wp-content\/uploads\/2025\/07\/oficina_incendio.jpeg?fit=718%2C583&ssl=1&resize=350%2C200 1x, https:\/\/i0.wp.com\/noticiasribeiraopreto.com.br\/wp-content\/uploads\/2025\/07\/oficina_incendio.jpeg?fit=718%2C583&ssl=1&resize=525%2C300 1.5x, https:\/\/i0.wp.com\/noticiasribeiraopreto.com.br\/wp-content\/uploads\/2025\/07\/oficina_incendio.jpeg?fit=718%2C583&ssl=1&resize=700%2C400 2x"},"classes":[]},{"id":63376,"url":"https:\/\/noticiasribeiraopreto.com.br\/index.php\/2025\/02\/11\/incendio-atinge-teto-de-oficina-na-zona-leste-de-ribeirao-preto-veja-video\/","url_meta":{"origin":79155,"position":1},"title":"Inc\u00eandio atinge teto de oficina na zona Leste de Ribeir\u00e3o Preto; veja v\u00eddeo","author":"noticiasribeiraopreto.com.br","date":"11 de February de 2025","format":false,"excerpt":"Na tarde desta ter\u00e7a-feira (11), um inc\u00eandio de pequenas propor\u00e7\u00f5es atingiu o teto de uma oficina localizada na zona Leste de Ribeir\u00e3o Preto. O fogo foi causado por um curto-circuito no exaustor do local. O Corpo de Bombeiros foi acionado e conseguiu controlar as chamas. Segundo informa\u00e7\u00f5es da equipe de\u2026","rel":"","context":"In &quot;Not\u00edcias de Ribeir\u00e3o Preto-SP e Regi\u00e3o&quot;","block_context":{"text":"Not\u00edcias de Ribeir\u00e3o Preto-SP e Regi\u00e3o","link":"https:\/\/noticiasribeiraopreto.com.br\/index.php\/category\/noticias-de-ribeirao-preto-sp-e-regiao-ismael-colosi\/"},"img":{"alt_text":"","src":"https:\/\/i0.wp.com\/noticiasribeiraopreto.com.br\/wp-content\/uploads\/2025\/02\/Copia-de-Copia-de-Copia-de-TAMANHO-EXATO-PARA-FOTOS-NO-SISTEMA-NOVO-2025-02-11T171900.765_2025-02-11_20-19-27_png_2025-02-11_20-19-27.webp.webp?fit=1200%2C675&ssl=1&resize=350%2C200","width":350,"height":200,"srcset":"https:\/\/i0.wp.com\/noticiasribeiraopreto.com.br\/wp-content\/uploads\/2025\/02\/Copia-de-Copia-de-Copia-de-TAMANHO-EXATO-PARA-FOTOS-NO-SISTEMA-NOVO-2025-02-11T171900.765_2025-02-11_20-19-27_png_2025-02-11_20-19-27.webp.webp?fit=1200%2C675&ssl=1&resize=350%2C200 1x, https:\/\/i0.wp.com\/noticiasribeiraopreto.com.br\/wp-content\/uploads\/2025\/02\/Copia-de-Copia-de-Copia-de-TAMANHO-EXATO-PARA-FOTOS-NO-SISTEMA-NOVO-2025-02-11T171900.765_2025-02-11_20-19-27_png_2025-02-11_20-19-27.webp.webp?fit=1200%2C675&ssl=1&resize=525%2C300 1.5x, https:\/\/i0.wp.com\/noticiasribeiraopreto.com.br\/wp-content\/uploads\/2025\/02\/Copia-de-Copia-de-Copia-de-TAMANHO-EXATO-PARA-FOTOS-NO-SISTEMA-NOVO-2025-02-11T171900.765_2025-02-11_20-19-27_png_2025-02-11_20-19-27.webp.webp?fit=1200%2C675&ssl=1&resize=700%2C400 2x, https:\/\/i0.wp.com\/noticiasribeiraopreto.com.br\/wp-content\/uploads\/2025\/02\/Copia-de-Copia-de-Copia-de-TAMANHO-EXATO-PARA-FOTOS-NO-SISTEMA-NOVO-2025-02-11T171900.765_2025-02-11_20-19-27_png_2025-02-11_20-19-27.webp.webp?fit=1200%2C675&ssl=1&resize=1050%2C600 3x"},"classes":[]},{"id":76655,"url":"https:\/\/noticiasribeiraopreto.com.br\/index.php\/2025\/09\/02\/incendio-atinge-deposito-de-reciclaveis-na-zona-norte-de-ribeirao-preto-veja-video-2\/","url_meta":{"origin":79155,"position":2},"title":"Inc\u00eandio atinge dep\u00f3sito de recicl\u00e1veis na zona Norte de Ribeir\u00e3o Preto; veja v\u00eddeo","author":"noticiasribeiraopreto.com.br","date":"2 de September de 2025","format":false,"excerpt":"Na noite desta ter\u00e7a-feira (2), um inc\u00eandio foi registrado em um dep\u00f3sito de recicl\u00e1veis no Jardim Jandaia, na zona Norte de Ribeir\u00e3o Preto. O Corpo de Bombeiros foi acionado e ainda permanece no local para combater as chamas. Apesar da intensidade das chamas, n\u00e3o houve feridos. Veja v\u00eddeo: Ver essa\u2026","rel":"","context":"In &quot;Not\u00edcias de Ribeir\u00e3o Preto-SP e Regi\u00e3o&quot;","block_context":{"text":"Not\u00edcias de Ribeir\u00e3o Preto-SP e Regi\u00e3o","link":"https:\/\/noticiasribeiraopreto.com.br\/index.php\/category\/noticias-de-ribeirao-preto-sp-e-regiao-ismael-colosi\/"},"img":{"alt_text":"","src":"https:\/\/i0.wp.com\/noticiasribeiraopreto.com.br\/wp-content\/uploads\/2025\/09\/Copia-de-Copia-de-Copia-de-TAMANHO-EXATO-PARA-FOTOS-NO-SISTEMA-NOVO-2025-09-02T192407.672_2025-09-02_22-24-12.webp.webp?fit=1200%2C675&ssl=1&resize=350%2C200","width":350,"height":200,"srcset":"https:\/\/i0.wp.com\/noticiasribeiraopreto.com.br\/wp-content\/uploads\/2025\/09\/Copia-de-Copia-de-Copia-de-TAMANHO-EXATO-PARA-FOTOS-NO-SISTEMA-NOVO-2025-09-02T192407.672_2025-09-02_22-24-12.webp.webp?fit=1200%2C675&ssl=1&resize=350%2C200 1x, https:\/\/i0.wp.com\/noticiasribeiraopreto.com.br\/wp-content\/uploads\/2025\/09\/Copia-de-Copia-de-Copia-de-TAMANHO-EXATO-PARA-FOTOS-NO-SISTEMA-NOVO-2025-09-02T192407.672_2025-09-02_22-24-12.webp.webp?fit=1200%2C675&ssl=1&resize=525%2C300 1.5x, https:\/\/i0.wp.com\/noticiasribeiraopreto.com.br\/wp-content\/uploads\/2025\/09\/Copia-de-Copia-de-Copia-de-TAMANHO-EXATO-PARA-FOTOS-NO-SISTEMA-NOVO-2025-09-02T192407.672_2025-09-02_22-24-12.webp.webp?fit=1200%2C675&ssl=1&resize=700%2C400 2x, https:\/\/i0.wp.com\/noticiasribeiraopreto.com.br\/wp-content\/uploads\/2025\/09\/Copia-de-Copia-de-Copia-de-TAMANHO-EXATO-PARA-FOTOS-NO-SISTEMA-NOVO-2025-09-02T192407.672_2025-09-02_22-24-12.webp.webp?fit=1200%2C675&ssl=1&resize=1050%2C600 3x"},"classes":[]},{"id":73451,"url":"https:\/\/noticiasribeiraopreto.com.br\/index.php\/2025\/07\/02\/oficina-pega-fogo-durante-conserto-de-carro-em-ribeirao-preto-veja-video\/","url_meta":{"origin":79155,"position":3},"title":"Oficina pega fogo durante conserto de carro em Ribeir\u00e3o Preto; veja v\u00eddeo","author":"noticiasribeiraopreto.com.br","date":"2 de July de 2025","format":false,"excerpt":"Um inc\u00eandio atingiu uma oficina mec\u00e2nica na tarde desta quarta-feira (2), no Ipiranga, zona Norte de Ribeir\u00e3o Preto. O fogo come\u00e7ou durante o conserto de um carro. De acordo com testemunhas, as chamas come\u00e7aram no amortecedor e o fogo se espalhou rapidamente. Funcion\u00e1rios conseguiram sair a tempo, e ningu\u00e9m ficou\u2026","rel":"","context":"In &quot;Not\u00edcias de Ribeir\u00e3o Preto-SP e Regi\u00e3o&quot;","block_context":{"text":"Not\u00edcias de Ribeir\u00e3o Preto-SP e Regi\u00e3o","link":"https:\/\/noticiasribeiraopreto.com.br\/index.php\/category\/noticias-de-ribeirao-preto-sp-e-regiao-ismael-colosi\/"},"img":{"alt_text":"","src":"https:\/\/i0.wp.com\/noticiasribeiraopreto.com.br\/wp-content\/uploads\/2025\/07\/Copia-de-Copia-de-Copia-de-TAMANHO-EXATO-PARA-FOTOS-NO-SISTEMA-NOVO-2025-07-02T175314.697_2025-07-02_20-53-25.webp.webp?fit=1200%2C675&ssl=1&resize=350%2C200","width":350,"height":200,"srcset":"https:\/\/i0.wp.com\/noticiasribeiraopreto.com.br\/wp-content\/uploads\/2025\/07\/Copia-de-Copia-de-Copia-de-TAMANHO-EXATO-PARA-FOTOS-NO-SISTEMA-NOVO-2025-07-02T175314.697_2025-07-02_20-53-25.webp.webp?fit=1200%2C675&ssl=1&resize=350%2C200 1x, https:\/\/i0.wp.com\/noticiasribeiraopreto.com.br\/wp-content\/uploads\/2025\/07\/Copia-de-Copia-de-Copia-de-TAMANHO-EXATO-PARA-FOTOS-NO-SISTEMA-NOVO-2025-07-02T175314.697_2025-07-02_20-53-25.webp.webp?fit=1200%2C675&ssl=1&resize=525%2C300 1.5x, https:\/\/i0.wp.com\/noticiasribeiraopreto.com.br\/wp-content\/uploads\/2025\/07\/Copia-de-Copia-de-Copia-de-TAMANHO-EXATO-PARA-FOTOS-NO-SISTEMA-NOVO-2025-07-02T175314.697_2025-07-02_20-53-25.webp.webp?fit=1200%2C675&ssl=1&resize=700%2C400 2x, https:\/\/i0.wp.com\/noticiasribeiraopreto.com.br\/wp-content\/uploads\/2025\/07\/Copia-de-Copia-de-Copia-de-TAMANHO-EXATO-PARA-FOTOS-NO-SISTEMA-NOVO-2025-07-02T175314.697_2025-07-02_20-53-25.webp.webp?fit=1200%2C675&ssl=1&resize=1050%2C600 3x"},"classes":[]},{"id":58642,"url":"https:\/\/noticiasribeiraopreto.com.br\/index.php\/2024\/10\/02\/incendio-atinge-parte-de-predio-na-zona-norte-de-ribeirao-preto-veja-video\/","url_meta":{"origin":79155,"position":4},"title":"Inc\u00eandio atinge parte de pr\u00e9dio na zona Norte de Ribeir\u00e3o Preto; Veja v\u00eddeo","author":"noticiasribeiraopreto.com.br","date":"2 de October de 2024","format":false,"excerpt":"Um inc\u00eandio de atingiu parte de um pr\u00e9dio localizada na rua Amazonas, pr\u00f3ximo a avenida Saudade, zona Norte de Ribeir\u00e3o Preto, na tarde desta quarta-feira (2). De acordo com o tenente dos bombeiros, Denis Viturino, as equipes foram acionadas para controlar um foco de inc\u00eandio em uma academia. Uma pessoa\u2026","rel":"","context":"In &quot;Not\u00edcias de Ribeir\u00e3o Preto-SP e Regi\u00e3o&quot;","block_context":{"text":"Not\u00edcias de Ribeir\u00e3o Preto-SP e Regi\u00e3o","link":"https:\/\/noticiasribeiraopreto.com.br\/index.php\/category\/noticias-de-ribeirao-preto-sp-e-regiao-ismael-colosi\/"},"img":{"alt_text":"","src":"https:\/\/i0.wp.com\/noticiasribeiraopreto.com.br\/wp-content\/uploads\/2024\/10\/Copia-de-Copia-de-Copia-de-TAMANHO-EXATO-PARA-FOTOS-NO-SISTEMA-NOVO-89_2024-10-02_20-36-01_png_2024-10-02_20-36-01.webp.webp?fit=1200%2C675&ssl=1&resize=350%2C200","width":350,"height":200,"srcset":"https:\/\/i0.wp.com\/noticiasribeiraopreto.com.br\/wp-content\/uploads\/2024\/10\/Copia-de-Copia-de-Copia-de-TAMANHO-EXATO-PARA-FOTOS-NO-SISTEMA-NOVO-89_2024-10-02_20-36-01_png_2024-10-02_20-36-01.webp.webp?fit=1200%2C675&ssl=1&resize=350%2C200 1x, https:\/\/i0.wp.com\/noticiasribeiraopreto.com.br\/wp-content\/uploads\/2024\/10\/Copia-de-Copia-de-Copia-de-TAMANHO-EXATO-PARA-FOTOS-NO-SISTEMA-NOVO-89_2024-10-02_20-36-01_png_2024-10-02_20-36-01.webp.webp?fit=1200%2C675&ssl=1&resize=525%2C300 1.5x, https:\/\/i0.wp.com\/noticiasribeiraopreto.com.br\/wp-content\/uploads\/2024\/10\/Copia-de-Copia-de-Copia-de-TAMANHO-EXATO-PARA-FOTOS-NO-SISTEMA-NOVO-89_2024-10-02_20-36-01_png_2024-10-02_20-36-01.webp.webp?fit=1200%2C675&ssl=1&resize=700%2C400 2x, https:\/\/i0.wp.com\/noticiasribeiraopreto.com.br\/wp-content\/uploads\/2024\/10\/Copia-de-Copia-de-Copia-de-TAMANHO-EXATO-PARA-FOTOS-NO-SISTEMA-NOVO-89_2024-10-02_20-36-01_png_2024-10-02_20-36-01.webp.webp?fit=1200%2C675&ssl=1&resize=1050%2C600 3x"},"classes":[]},{"id":58405,"url":"https:\/\/noticiasribeiraopreto.com.br\/index.php\/2024\/09\/26\/incendio-atinge-ferro-velho-na-zona-norte-de-ribeirao-preto-veja-video\/","url_meta":{"origin":79155,"position":5},"title":"Inc\u00eandio atinge ferro velho na zona Norte de Ribeir\u00e3o Preto; Veja v\u00eddeo","author":"noticiasribeiraopreto.com.br","date":"26 de September de 2024","format":false,"excerpt":"Um inc\u00eandio de grandes propor\u00e7\u00f5es destruiu um ferro velho na rua Orlando Gabriello, no Jardim Jandaia, zona Norte de Ribeir\u00e3o Preto, na tarde desta quinta-feira (26) \u2013 veja o v\u00eddeo abaixo. Nas imagens \u00e9 poss\u00edvel ver muito papel\u00e3o queimado e ferro retorcido. Uma caminhonete utilizada pelo ferro velho tamb\u00e9m foi\u2026","rel":"","context":"In &quot;Not\u00edcias de Ribeir\u00e3o Preto-SP e Regi\u00e3o&quot;","block_context":{"text":"Not\u00edcias de Ribeir\u00e3o Preto-SP e Regi\u00e3o","link":"https:\/\/noticiasribeiraopreto.com.br\/index.php\/category\/noticias-de-ribeirao-preto-sp-e-regiao-ismael-colosi\/"},"img":{"alt_text":"","src":"https:\/\/i0.wp.com\/noticiasribeiraopreto.com.br\/wp-content\/uploads\/2024\/09\/WhatsApp-Image-2024-09-26-at-13.40.14-3_2024-09-26_18-01-32_jpeg_2024-09-26_18-01-34-scaled.webp.webp?fit=1200%2C900&ssl=1&resize=350%2C200","width":350,"height":200,"srcset":"https:\/\/i0.wp.com\/noticiasribeiraopreto.com.br\/wp-content\/uploads\/2024\/09\/WhatsApp-Image-2024-09-26-at-13.40.14-3_2024-09-26_18-01-32_jpeg_2024-09-26_18-01-34-scaled.webp.webp?fit=1200%2C900&ssl=1&resize=350%2C200 1x, https:\/\/i0.wp.com\/noticiasribeiraopreto.com.br\/wp-content\/uploads\/2024\/09\/WhatsApp-Image-2024-09-26-at-13.40.14-3_2024-09-26_18-01-32_jpeg_2024-09-26_18-01-34-scaled.webp.webp?fit=1200%2C900&ssl=1&resize=525%2C300 1.5x, https:\/\/i0.wp.com\/noticiasribeiraopreto.com.br\/wp-content\/uploads\/2024\/09\/WhatsApp-Image-2024-09-26-at-13.40.14-3_2024-09-26_18-01-32_jpeg_2024-09-26_18-01-34-scaled.webp.webp?fit=1200%2C900&ssl=1&resize=700%2C400 2x, https:\/\/i0.wp.com\/noticiasribeiraopreto.com.br\/wp-content\/uploads\/2024\/09\/WhatsApp-Image-2024-09-26-at-13.40.14-3_2024-09-26_18-01-32_jpeg_2024-09-26_18-01-34-scaled.webp.webp?fit=1200%2C900&ssl=1&resize=1050%2C600 3x"},"classes":[]}],"jetpack_sharing_enabled":true,"jetpack_shortlink":"https:\/\/wp.me\/peQAOb-kAH","_links":{"self":[{"href":"https:\/\/noticiasribeiraopreto.com.br\/index.php\/wp-json\/wp\/v2\/posts\/79155","targetHints":{"allow":["GET"]}}],"collection":[{"href":"https:\/\/noticiasribeiraopreto.com.br\/index.php\/wp-json\/wp\/v2\/posts"}],"about":[{"href":"https:\/\/noticiasribeiraopreto.com.br\/index.php\/wp-json\/wp\/v2\/types\/post"}],"author":[{"embeddable":true,"href":"https:\/\/noticiasribeiraopreto.com.br\/index.php\/wp-json\/wp\/v2\/users\/1"}],"replies":[{"embeddable":true,"href":"https:\/\/noticiasribeiraopreto.com.br\/index.php\/wp-json\/wp\/v2\/comments?post=79155"}],"version-history":[{"count":0,"href":"https:\/\/noticiasribeiraopreto.com.br\/index.php\/wp-json\/wp\/v2\/posts\/79155\/revisions"}],"wp:featuredmedia":[{"embeddable":true,"href":"https:\/\/noticiasribeiraopreto.com.br\/index.php\/wp-json\/wp\/v2\/media\/79156"}],"wp:attachment":[{"href":"https:\/\/noticiasribeiraopreto.com.br\/index.php\/wp-json\/wp\/v2\/media?parent=79155"}],"wp:term":[{"taxonomy":"category","embeddable":true,"href":"https:\/\/noticiasribeiraopreto.com.br\/index.php\/wp-json\/wp\/v2\/categories?post=79155"},{"taxonomy":"post_tag","embeddable":true,"href":"https:\/\/noticiasribeiraopreto.com.br\/index.php\/wp-json\/wp\/v2\/tags?post=79155"}],"curies":[{"name":"wp","href":"https:\/\/api.w.org\/{rel}","templated":true}]}}