{"id":79157,"date":"2025-10-25T14:49:21","date_gmt":"2025-10-25T17:49:21","guid":{"rendered":"https:\/\/noticiasribeiraopreto.com.br\/index.php\/2025\/10\/25\/justica-determina-fornecimento-de-caneta-salva-vidas-na-rede-publica-de-saude-de-ribeirao-entenda\/"},"modified":"2025-10-25T14:49:21","modified_gmt":"2025-10-25T17:49:21","slug":"justica-determina-fornecimento-de-caneta-salva-vidas-na-rede-publica-de-saude-de-ribeirao-entenda","status":"publish","type":"post","link":"https:\/\/noticiasribeiraopreto.com.br\/index.php\/2025\/10\/25\/justica-determina-fornecimento-de-caneta-salva-vidas-na-rede-publica-de-saude-de-ribeirao-entenda\/","title":{"rendered":"Justi\u00e7a determina fornecimento de &#8216;caneta salva-vidas&#8217; na rede p\u00fablica de sa\u00fade de Ribeir\u00e3o; Entenda"},"content":{"rendered":"<div class='code-block code-block-1' style='margin: 8px 0 8px auto; text-align: right; display: block; clear: both;'>\n<p><a href=\"https:\/\/wa.link\/vpicfd\"><img data-recalc-dims=\"1\" class=\"wp-image-4922\" style=\"aspect-ratio: 2.0253164556962027; width: 561px; height: auto;\" src=\"https:\/\/i0.wp.com\/ismaelcolosi.com.br\/wp-content\/uploads\/2023\/11\/grupo-de-empregos-whatsapp-e-facebook-ismael-colosi-vagas.jpg?ssl=1\" alt=\"\" \/><\/a><\/p>\n<!-- \/wp:image -->\n<\/div>\n<p> <br \/>\n<\/p>\n<div>\n<p>Pessoas com risco de <strong>rea\u00e7\u00e3o al\u00e9rgica grave a alimentos<\/strong>, <strong>produtos <\/strong>ou <strong>picadas de insetos<\/strong> ter\u00e3o acesso \u00e0 <strong>epinefrina (adrenalina) autoinjet\u00e1vel <\/strong>na rede p\u00fablica de sa\u00fade de <strong>Ribeir\u00e3o Preto<\/strong> e de outros 34 munic\u00edpios da regi\u00e3o.<\/p>\n<p>O fornecimento do medicamento, conhecido como \u201c<strong>caneta salva-vidas<\/strong>\u201d, foi determinado pela <strong>Justi\u00e7a Federal<\/strong> ap\u00f3s a\u00e7\u00e3o civil p\u00fablica movida pelo <strong>MPF (Minist\u00e9rio P\u00fablico Federal)<\/strong> contra a <strong>Uni\u00e3o <\/strong>e o <strong>Estado de S\u00e3o Paulo<\/strong>.<\/p>\n<p>De acordo com a decis\u00e3o, o poder p\u00fablico deve disponibilizar o dispositivo em unidades do<strong> SUS (Sistema \u00danico de Sa\u00fade)<\/strong>.<\/p>\n<h2 class=\"wp-block-heading\"><strong>Forma mais segura e eficiente<\/strong><\/h2>\n<p>Na a\u00e7\u00e3o, o <strong>MPF <\/strong>destacou que a caneta \u201crepresenta a forma mais segura e eficiente para aplica\u00e7\u00e3o da epinefrina em casos de choque anafil\u00e1tico \u2013 rea\u00e7\u00e3o al\u00e9rgica grave que pode levar \u00e0 morte\u201d.<\/p>\n<p><mark style=\"background-color:#fcb900\" class=\"has-inline-color\">Ainda de acordo com o \u00f3rg\u00e3o, o formato atual dispon\u00edvel no <strong>SUS <\/strong>(composto por seringa e ampola) exige t\u00e9cnica e tranquilidade no momento da aplica\u00e7\u00e3o, o que pode representar risco em situa\u00e7\u00f5es de emerg\u00eancia.<\/mark><\/p>\n<h3 class=\"wp-block-heading\"><strong>Orienta\u00e7\u00f5es aos pacientes<\/strong><\/h3>\n<p>De acordo com o MPF, para que a senten\u00e7a seja cumprida, o \u00f3rg\u00e3o solicita que pacientes com indica\u00e7\u00e3o m\u00e9dica para uso da epinefrina autoinjet\u00e1vel enviem, com urg\u00eancia, os seguintes documentos:<\/p>\n<ul class=\"wp-block-list\">\n<li>C\u00f3pia do documento de identidade;<\/li>\n<li>Endere\u00e7o atualizado, com e-mail e telefone para contato;<\/li>\n<li>C\u00f3pia do receitu\u00e1rio m\u00e9dico mais recente;<\/li>\n<li>C\u00f3pia do relat\u00f3rio m\u00e9dico;<\/li>\n<li>Informa\u00e7\u00f5es atualizadas sobre a posologia (dosagem necess\u00e1ria).<\/li>\n<\/ul>\n<figure class=\"wp-block-pullquote\">\n<blockquote>\n<p>O envio desses dados, que incluem informa\u00e7\u00f5es sens\u00edveis de sa\u00fade, \u00e9 estritamente necess\u00e1rio para o cumprimento da decis\u00e3o judicial e ser\u00e1 tratado pelo MPF em conformidade com a Lei Geral de Prote\u00e7\u00e3o de Dados (LGPD)<\/p>\n<p><cite>explicou o Minist\u00e9rio P\u00fablico<\/cite><\/p><\/blockquote>\n<\/figure>\n<p>Os documentos e informa\u00e7\u00f5es podem ser encaminhados \u00e0 Procuradoria da Rep\u00fablica em Ribeir\u00e3o Preto por meio dos seguintes canais:<\/p>\n<ul class=\"wp-block-list\">\n<li><strong>Correios<\/strong>: Rua Conde Afonso Celso, 904, Jardim Sumar\u00e9, CEP: 14025-050, Ribeir\u00e3o Preto\/SP, Gabinete do 5\u00ba Of\u00edcio;<\/li>\n<li><strong>Sistema de Peticionamento Eletr\u00f4nico do MPF, de forma online (<a href=\"https:\/\/apps.mpf.mp.br\/spe\/login\" data-type=\"link\" data-id=\"https:\/\/apps.mpf.mp.br\/spe\/login\" target=\"_blank\" rel=\"noreferrer noopener\">clique aqui<\/a>)<\/strong> \u2013 indicando o Procedimento Administrativo (PA \u2013 OUT) n\u00ba 1.34.010.000216\/2022-36.<\/li>\n<\/ul>\n<figure class=\"wp-block-pullquote\">\n<blockquote>\n<p>O levantamento dessas informa\u00e7\u00f5es pelo MPF foi determinado pelo juiz do caso e permitir\u00e1 a importa\u00e7\u00e3o da quantidade necess\u00e1ria de epinefrina autoinjet\u00e1vel para fornecimento aos munic\u00edpios<\/p>\n<\/blockquote>\n<\/figure>\n<p>Segundo o <strong>MPF<\/strong>, ap\u00f3s a apresenta\u00e7\u00e3o dos dados dos benefici\u00e1rios, a Uni\u00e3o ter\u00e1 30 dias para adquirir e disponibilizar os medicamentos.<\/p>\n<h2 class=\"wp-block-heading\"><strong>O que diz o Estado?<\/strong><\/h2>\n<p>Em nota encaminhada ao <strong>acidade on<\/strong>, a <strong>SES (Secretaria de Estado da Sa\u00fade)<\/strong> informou que o Estado ainda n\u00e3o foi intimado da decis\u00e3o judicial sobre o fornecimento da caneta de epinefrina autoinjet\u00e1vel em unidades do <strong>SUS <\/strong>na <strong>regi\u00e3o de Ribeir\u00e3o Preto<\/strong>.<\/p>\n<hr class=\"wp-block-separator has-alpha-channel-opacity\"\/>\n<p>SAIBA MAIS<\/p>\n<p>Pol\u00edcia investiga se mulher que matou e enterrou namorado est\u00e1 envolvida na morte do ex-marido<\/p>\n<h2 class=\"wp-block-heading\"><strong>FIQUE ON<\/strong><\/h2>\n<p>Fique ligado em tudo que acontece em Ribeir\u00e3o Preto e regi\u00e3o. Siga os perfis do\u00a0<strong>acidade on\u00a0<\/strong>no\u00a0<a href=\"https:\/\/www.instagram.com\/acidadeonribeirao\" target=\"_blank\" rel=\"noreferrer noopener\">Instagram<\/a>\u00a0e no<a href=\"https:\/\/www.facebook.com\/acidadeonribeirao\/\" target=\"_blank\" rel=\"noreferrer noopener\">\u00a0Facebook<\/a>.<\/p>\n<p>Receba not\u00edcias do<strong>\u00a0acidade on<\/strong>\u00a0no WhatsApp. Para entrar no grupo,\u00a0basta\u00a0<a href=\"https:\/\/chat.whatsapp.com\/I4nieTEMKlf50pJ28aMemC?mode=ac_t\" target=\"_blank\" rel=\"noreferrer noopener\">clicar aqui<\/a>. Ou, acesse o nosso\u00a0Canal\u00a0<a href=\"https:\/\/whatsapp.com\/channel\/0029Vb6IQl1JENyAeS57fk2p\" target=\"_blank\" rel=\"noreferrer noopener\">clicando aqui<\/a>.<\/p>\n<p>Fa\u00e7a uma den\u00fancia ou sugira uma reportagem sobre Ribeir\u00e3o Preto e regi\u00e3o pelo WhatsApp: 16 99117 7802.<\/p>\n<p>VEJA TAMB\u00c9M<\/p>\n<p>\u2018Ningu\u00e9m Quer\u2019 ter\u00e1 3\u00aa temporada?<\/p>\n<p><!-- AI CONTENT END 1 -->\n<\/div>\n<p><script async src=\"\/\/www.instagram.com\/embed.js\"><\/script><br \/>\n<br \/><br \/>\n<br \/><a href=\"https:\/\/www.acidadeon.com\/ribeiraopreto\/politica\/justica-determina-fornecimento-de-caneta-salva-vidas-na-rede-publica-de-saude-de-ribeirao-entenda\/\">Source link <\/a><\/p>\n<!-- CONTENT END 1 -->\n","protected":false},"excerpt":{"rendered":"<p>Pessoas com risco de rea\u00e7\u00e3o al\u00e9rgica grave a alimentos, produtos ou picadas de insetos ter\u00e3o acesso \u00e0 epinefrina (adrenalina) autoinjet\u00e1vel na rede p\u00fablica de sa\u00fade&#8230;<\/p>\n","protected":false},"author":1,"featured_media":79158,"comment_status":"open","ping_status":"open","sticky":false,"template":"","format":"standard","meta":{"advanced_seo_description":"","jetpack_seo_html_title":"","jetpack_seo_noindex":false,"jetpack_post_was_ever_published":false,"_jetpack_newsletter_access":"","_jetpack_dont_email_post_to_subs":false,"_jetpack_newsletter_tier_id":0,"_jetpack_memberships_contains_paywalled_content":false,"_jetpack_memberships_contains_paid_content":false,"footnotes":"","jetpack_publicize_message":"","jetpack_publicize_feature_enabled":true,"jetpack_social_post_already_shared":true,"jetpack_social_options":{"image_generator_settings":{"template":"highway","default_image_id":0,"font":"","enabled":false},"version":2}},"categories":[11],"tags":[],"class_list":["post-79157","post","type-post","status-publish","format-standard","has-post-thumbnail","hentry","category-noticias-de-ribeirao-preto-sp-e-regiao-ismael-colosi"],"jetpack_publicize_connections":[],"jetpack_featured_media_url":"https:\/\/i0.wp.com\/noticiasribeiraopreto.com.br\/wp-content\/uploads\/2025\/10\/caneta_autoinjetora1.webp.webp?fit=1170%2C700&ssl=1","jetpack-related-posts":[{"id":68144,"url":"https:\/\/noticiasribeiraopreto.com.br\/index.php\/2025\/04\/22\/jornal-da-franca-reacao-alergica-o-que-fazer-diante-de-um-choque-anafilatico\/","url_meta":{"origin":79157,"position":0},"title":"Jornal da Franca &#8211; Rea\u00e7\u00e3o al\u00e9rgica: o que fazer diante de um choque anafil\u00e1tico?","author":"noticiasribeiraopreto.com.br","date":"22 de April de 2025","format":false,"excerpt":"compartilhar no whatsapp compartilhar no telegram compartilhar no facebook compartilhar no linkedin Condi\u00e7\u00e3o \u00e9 resultado de uma uma rea\u00e7\u00e3o al\u00e9rgica grave e pode levar \u00e0 morte; m\u00e9dico explica os sintomas Choque anafil\u00e1tico \u00e9 a forma mais grave de rea\u00e7\u00e3o al\u00e9rgica, podendo levar a \u00f3bito \u2013 foto Shutterstock \u00a0 Voc\u00ea j\u00e1\u2026","rel":"","context":"In &quot;Not\u00edcias de Franca-SP&quot;","block_context":{"text":"Not\u00edcias de Franca-SP","link":"https:\/\/noticiasribeiraopreto.com.br\/index.php\/category\/noticias-de-ribeirao-preto-sp-e-regiao-ismael-colosi\/noticias-franca-sp\/"},"img":{"alt_text":"","src":"https:\/\/i0.wp.com\/noticiasribeiraopreto.com.br\/wp-content\/uploads\/2025\/04\/reacao-alergica-shutterstock.jpg?fit=1200%2C675&ssl=1&resize=350%2C200","width":350,"height":200,"srcset":"https:\/\/i0.wp.com\/noticiasribeiraopreto.com.br\/wp-content\/uploads\/2025\/04\/reacao-alergica-shutterstock.jpg?fit=1200%2C675&ssl=1&resize=350%2C200 1x, https:\/\/i0.wp.com\/noticiasribeiraopreto.com.br\/wp-content\/uploads\/2025\/04\/reacao-alergica-shutterstock.jpg?fit=1200%2C675&ssl=1&resize=525%2C300 1.5x, https:\/\/i0.wp.com\/noticiasribeiraopreto.com.br\/wp-content\/uploads\/2025\/04\/reacao-alergica-shutterstock.jpg?fit=1200%2C675&ssl=1&resize=700%2C400 2x, https:\/\/i0.wp.com\/noticiasribeiraopreto.com.br\/wp-content\/uploads\/2025\/04\/reacao-alergica-shutterstock.jpg?fit=1200%2C675&ssl=1&resize=1050%2C600 3x"},"classes":[]},{"id":78958,"url":"https:\/\/noticiasribeiraopreto.com.br\/index.php\/2025\/10\/21\/policia-prende-cabeleireira-suspeita-de-vender-canetas-emagrecedoras-em-salao-de-beleza\/","url_meta":{"origin":79157,"position":1},"title":"Pol\u00edcia prende cabeleireira suspeita de vender canetas emagrecedoras em sal\u00e3o de beleza","author":"noticiasribeiraopreto.com.br","date":"21 de October de 2025","format":false,"excerpt":"Uma cabeleireira de Jaboticabal, na regi\u00e3o de Ribeir\u00e3o Preto, foi presa em flagrante nesta ter\u00e7a-feira (21) por suspeita de vender canetas emagrecedoras dentro do pr\u00f3prio sal\u00e3o de beleza. A a\u00e7\u00e3o ocorreu ap\u00f3s den\u00fancia an\u00f4nima que levou a pol\u00edcia at\u00e9 o local. Os investigadores apreenderam 14 unidades do produto, prontas para\u2026","rel":"","context":"In &quot;Not\u00edcias de Ribeir\u00e3o Preto-SP e Regi\u00e3o&quot;","block_context":{"text":"Not\u00edcias de Ribeir\u00e3o Preto-SP e Regi\u00e3o","link":"https:\/\/noticiasribeiraopreto.com.br\/index.php\/category\/noticias-de-ribeirao-preto-sp-e-regiao-ismael-colosi\/"},"img":{"alt_text":"","src":"https:\/\/i0.wp.com\/noticiasribeiraopreto.com.br\/wp-content\/uploads\/2025\/10\/Copia-de-Copia-de-Copia-de-TAMANHO-EXATO-PARA-FOTOS-NO-SISTEMA-NOVO-2025-10-21T190418.930_2025-10-21_22-04-26.webp.webp?fit=1200%2C675&ssl=1&resize=350%2C200","width":350,"height":200,"srcset":"https:\/\/i0.wp.com\/noticiasribeiraopreto.com.br\/wp-content\/uploads\/2025\/10\/Copia-de-Copia-de-Copia-de-TAMANHO-EXATO-PARA-FOTOS-NO-SISTEMA-NOVO-2025-10-21T190418.930_2025-10-21_22-04-26.webp.webp?fit=1200%2C675&ssl=1&resize=350%2C200 1x, https:\/\/i0.wp.com\/noticiasribeiraopreto.com.br\/wp-content\/uploads\/2025\/10\/Copia-de-Copia-de-Copia-de-TAMANHO-EXATO-PARA-FOTOS-NO-SISTEMA-NOVO-2025-10-21T190418.930_2025-10-21_22-04-26.webp.webp?fit=1200%2C675&ssl=1&resize=525%2C300 1.5x, https:\/\/i0.wp.com\/noticiasribeiraopreto.com.br\/wp-content\/uploads\/2025\/10\/Copia-de-Copia-de-Copia-de-TAMANHO-EXATO-PARA-FOTOS-NO-SISTEMA-NOVO-2025-10-21T190418.930_2025-10-21_22-04-26.webp.webp?fit=1200%2C675&ssl=1&resize=700%2C400 2x, https:\/\/i0.wp.com\/noticiasribeiraopreto.com.br\/wp-content\/uploads\/2025\/10\/Copia-de-Copia-de-Copia-de-TAMANHO-EXATO-PARA-FOTOS-NO-SISTEMA-NOVO-2025-10-21T190418.930_2025-10-21_22-04-26.webp.webp?fit=1200%2C675&ssl=1&resize=1050%2C600 3x"},"classes":[]},{"id":79024,"url":"https:\/\/noticiasribeiraopreto.com.br\/index.php\/2025\/10\/22\/justica-concede-prisao-domiciliar-a-cabeleireira-investigada-por-venda-de-canetas-para-emagrecer\/","url_meta":{"origin":79157,"position":2},"title":"Justi\u00e7a concede pris\u00e3o domiciliar a cabeleireira investigada por venda de canetas para emagrecer","author":"noticiasribeiraopreto.com.br","date":"22 de October de 2025","format":false,"excerpt":"O Tribunal de Justi\u00e7a do Estado de S\u00e3o Paulo determinou pris\u00e3o domiciliar para a cabeleireira La\u00eds Samara Alonso, presa na ter\u00e7a-feira (21) em Jaboticabal, na regi\u00e3o de Ribeir\u00e3o Preto, por comercializar canetas emagrecedoras em seu pr\u00f3prio sal\u00e3o de beleza. A decis\u00e3o ocorreu ap\u00f3s audi\u00eancia de cust\u00f3dia realizada na quarta-feira (22).\u2026","rel":"","context":"In &quot;Not\u00edcias de Ribeir\u00e3o Preto-SP e Regi\u00e3o&quot;","block_context":{"text":"Not\u00edcias de Ribeir\u00e3o Preto-SP e Regi\u00e3o","link":"https:\/\/noticiasribeiraopreto.com.br\/index.php\/category\/noticias-de-ribeirao-preto-sp-e-regiao-ismael-colosi\/"},"img":{"alt_text":"","src":"https:\/\/i0.wp.com\/noticiasribeiraopreto.com.br\/wp-content\/uploads\/2025\/10\/Copia-de-Copia-de-Copia-de-TAMANHO-EXATO-PARA-FOTOS-NO-SISTEMA-NOVO-2025-10-22T191950.572_2025-10-22_22-20-01.webp.webp?fit=1200%2C675&ssl=1&resize=350%2C200","width":350,"height":200,"srcset":"https:\/\/i0.wp.com\/noticiasribeiraopreto.com.br\/wp-content\/uploads\/2025\/10\/Copia-de-Copia-de-Copia-de-TAMANHO-EXATO-PARA-FOTOS-NO-SISTEMA-NOVO-2025-10-22T191950.572_2025-10-22_22-20-01.webp.webp?fit=1200%2C675&ssl=1&resize=350%2C200 1x, https:\/\/i0.wp.com\/noticiasribeiraopreto.com.br\/wp-content\/uploads\/2025\/10\/Copia-de-Copia-de-Copia-de-TAMANHO-EXATO-PARA-FOTOS-NO-SISTEMA-NOVO-2025-10-22T191950.572_2025-10-22_22-20-01.webp.webp?fit=1200%2C675&ssl=1&resize=525%2C300 1.5x, https:\/\/i0.wp.com\/noticiasribeiraopreto.com.br\/wp-content\/uploads\/2025\/10\/Copia-de-Copia-de-Copia-de-TAMANHO-EXATO-PARA-FOTOS-NO-SISTEMA-NOVO-2025-10-22T191950.572_2025-10-22_22-20-01.webp.webp?fit=1200%2C675&ssl=1&resize=700%2C400 2x, https:\/\/i0.wp.com\/noticiasribeiraopreto.com.br\/wp-content\/uploads\/2025\/10\/Copia-de-Copia-de-Copia-de-TAMANHO-EXATO-PARA-FOTOS-NO-SISTEMA-NOVO-2025-10-22T191950.572_2025-10-22_22-20-01.webp.webp?fit=1200%2C675&ssl=1&resize=1050%2C600 3x"},"classes":[]},{"id":73271,"url":"https:\/\/noticiasribeiraopreto.com.br\/index.php\/2025\/06\/28\/saude-vai-fornecer-sensor-de-glicose\/","url_meta":{"origin":79157,"position":3},"title":"Sa\u00fade vai fornecer sensor de glicose","author":"noticiasribeiraopreto.com.br","date":"28 de June de 2025","format":false,"excerpt":"A prefeitura de Ribeir\u00e3o Preto deu mais um passo importante no cuidado com a sa\u00fade das crian\u00e7as e adolescentes da rede p\u00fablica: 228 pacientes com diabetes tipo 1, com idades entre 2 e 18 anos incompletos, passam a receber gratuitamente o sensor digital de monitoramento cont\u00ednuo de glicose, por meio\u2026","rel":"","context":"In &quot;Not\u00edcias de Ribeir\u00e3o Preto-SP e Regi\u00e3o&quot;","block_context":{"text":"Not\u00edcias de Ribeir\u00e3o Preto-SP e Regi\u00e3o","link":"https:\/\/noticiasribeiraopreto.com.br\/index.php\/category\/noticias-de-ribeirao-preto-sp-e-regiao-ismael-colosi\/"},"img":{"alt_text":"","src":"https:\/\/i0.wp.com\/noticiasribeiraopreto.com.br\/wp-content\/uploads\/2025\/06\/Diabetes-Detalhe-Fernando-Gonzaga.jpg?fit=1200%2C800&ssl=1&resize=350%2C200","width":350,"height":200,"srcset":"https:\/\/i0.wp.com\/noticiasribeiraopreto.com.br\/wp-content\/uploads\/2025\/06\/Diabetes-Detalhe-Fernando-Gonzaga.jpg?fit=1200%2C800&ssl=1&resize=350%2C200 1x, https:\/\/i0.wp.com\/noticiasribeiraopreto.com.br\/wp-content\/uploads\/2025\/06\/Diabetes-Detalhe-Fernando-Gonzaga.jpg?fit=1200%2C800&ssl=1&resize=525%2C300 1.5x, https:\/\/i0.wp.com\/noticiasribeiraopreto.com.br\/wp-content\/uploads\/2025\/06\/Diabetes-Detalhe-Fernando-Gonzaga.jpg?fit=1200%2C800&ssl=1&resize=700%2C400 2x, https:\/\/i0.wp.com\/noticiasribeiraopreto.com.br\/wp-content\/uploads\/2025\/06\/Diabetes-Detalhe-Fernando-Gonzaga.jpg?fit=1200%2C800&ssl=1&resize=1050%2C600 3x"},"classes":[]},{"id":68575,"url":"https:\/\/noticiasribeiraopreto.com.br\/index.php\/2025\/04\/26\/saude-distribui-novas-canetas-de-insulina\/","url_meta":{"origin":79157,"position":4},"title":"Sa\u00fade distribui novas \u2018canetas\u2019 de insulina \u00a0","author":"noticiasribeiraopreto.com.br","date":"26 de April de 2025","format":false,"excerpt":"26 de abril de 2025 16:3026 de abril de 2025 09:409 Compartilhar0 A prefeitura de Ribeir\u00e3o Preto, por meio da Secretaria Municipal da Sa\u00fade, deu in\u00edcio \u00e0 distribui\u00e7\u00e3o de canetas de insulina permanentes entregues pelo Minist\u00e9rio da Sa\u00fade para pacientes da rede p\u00fablica. A iniciativa moderniza o cuidado com pessoas\u2026","rel":"","context":"In &quot;Not\u00edcias de Ribeir\u00e3o Preto-SP e Regi\u00e3o&quot;","block_context":{"text":"Not\u00edcias de Ribeir\u00e3o Preto-SP e Regi\u00e3o","link":"https:\/\/noticiasribeiraopreto.com.br\/index.php\/category\/noticias-de-ribeirao-preto-sp-e-regiao-ismael-colosi\/"},"img":{"alt_text":"","src":"https:\/\/i0.wp.com\/noticiasribeiraopreto.com.br\/wp-content\/uploads\/2025\/04\/Diabetes-Guilherme-Sircili-scaled.jpeg?fit=752%2C500&ssl=1&resize=350%2C200","width":350,"height":200,"srcset":"https:\/\/i0.wp.com\/noticiasribeiraopreto.com.br\/wp-content\/uploads\/2025\/04\/Diabetes-Guilherme-Sircili-scaled.jpeg?fit=752%2C500&ssl=1&resize=350%2C200 1x, https:\/\/i0.wp.com\/noticiasribeiraopreto.com.br\/wp-content\/uploads\/2025\/04\/Diabetes-Guilherme-Sircili-scaled.jpeg?fit=752%2C500&ssl=1&resize=525%2C300 1.5x, https:\/\/i0.wp.com\/noticiasribeiraopreto.com.br\/wp-content\/uploads\/2025\/04\/Diabetes-Guilherme-Sircili-scaled.jpeg?fit=752%2C500&ssl=1&resize=700%2C400 2x"},"classes":[]},{"id":78982,"url":"https:\/\/noticiasribeiraopreto.com.br\/index.php\/2025\/10\/22\/cabeleireira-e-presa-por-vender-canetas-emagrecedoras-em-salao-de-beleza\/","url_meta":{"origin":79157,"position":5},"title":"Cabeleireira \u00e9 presa por vender canetas emagrecedoras em sal\u00e3o de beleza","author":"noticiasribeiraopreto.com.br","date":"22 de October de 2025","format":false,"excerpt":"Ela anunciava os produtos em redes sociais e h\u00e1 suspeitas de que tamb\u00e9m fizesse aplica\u00e7\u00f5es; um dos rem\u00e9dios n\u00e3o tem registro na Anvisa 22 de outubro de 2025 10:392 Compartilhar1 Por: Adalberto Luque Uma mulher foi presa na ter\u00e7a-feira, 21 de outubro, ap\u00f3s ser flagrada com canetas emagrecedoras e seringas\u2026","rel":"","context":"In &quot;Not\u00edcias de Ribeir\u00e3o Preto-SP e Regi\u00e3o&quot;","block_context":{"text":"Not\u00edcias de Ribeir\u00e3o Preto-SP e Regi\u00e3o","link":"https:\/\/noticiasribeiraopreto.com.br\/index.php\/category\/noticias-de-ribeirao-preto-sp-e-regiao-ismael-colosi\/"},"img":{"alt_text":"","src":"https:\/\/i0.wp.com\/noticiasribeiraopreto.com.br\/wp-content\/uploads\/2025\/10\/22-out-2025-canetasfalsas1.jpg?fit=782%2C780&ssl=1&resize=350%2C200","width":350,"height":200,"srcset":"https:\/\/i0.wp.com\/noticiasribeiraopreto.com.br\/wp-content\/uploads\/2025\/10\/22-out-2025-canetasfalsas1.jpg?fit=782%2C780&ssl=1&resize=350%2C200 1x, https:\/\/i0.wp.com\/noticiasribeiraopreto.com.br\/wp-content\/uploads\/2025\/10\/22-out-2025-canetasfalsas1.jpg?fit=782%2C780&ssl=1&resize=525%2C300 1.5x, https:\/\/i0.wp.com\/noticiasribeiraopreto.com.br\/wp-content\/uploads\/2025\/10\/22-out-2025-canetasfalsas1.jpg?fit=782%2C780&ssl=1&resize=700%2C400 2x"},"classes":[]}],"jetpack_sharing_enabled":true,"jetpack_shortlink":"https:\/\/wp.me\/peQAOb-kAJ","_links":{"self":[{"href":"https:\/\/noticiasribeiraopreto.com.br\/index.php\/wp-json\/wp\/v2\/posts\/79157","targetHints":{"allow":["GET"]}}],"collection":[{"href":"https:\/\/noticiasribeiraopreto.com.br\/index.php\/wp-json\/wp\/v2\/posts"}],"about":[{"href":"https:\/\/noticiasribeiraopreto.com.br\/index.php\/wp-json\/wp\/v2\/types\/post"}],"author":[{"embeddable":true,"href":"https:\/\/noticiasribeiraopreto.com.br\/index.php\/wp-json\/wp\/v2\/users\/1"}],"replies":[{"embeddable":true,"href":"https:\/\/noticiasribeiraopreto.com.br\/index.php\/wp-json\/wp\/v2\/comments?post=79157"}],"version-history":[{"count":0,"href":"https:\/\/noticiasribeiraopreto.com.br\/index.php\/wp-json\/wp\/v2\/posts\/79157\/revisions"}],"wp:featuredmedia":[{"embeddable":true,"href":"https:\/\/noticiasribeiraopreto.com.br\/index.php\/wp-json\/wp\/v2\/media\/79158"}],"wp:attachment":[{"href":"https:\/\/noticiasribeiraopreto.com.br\/index.php\/wp-json\/wp\/v2\/media?parent=79157"}],"wp:term":[{"taxonomy":"category","embeddable":true,"href":"https:\/\/noticiasribeiraopreto.com.br\/index.php\/wp-json\/wp\/v2\/categories?post=79157"},{"taxonomy":"post_tag","embeddable":true,"href":"https:\/\/noticiasribeiraopreto.com.br\/index.php\/wp-json\/wp\/v2\/tags?post=79157"}],"curies":[{"name":"wp","href":"https:\/\/api.w.org\/{rel}","templated":true}]}}