{"id":79161,"date":"2025-10-25T17:16:21","date_gmt":"2025-10-25T20:16:21","guid":{"rendered":"https:\/\/noticiasribeiraopreto.com.br\/index.php\/2025\/10\/25\/gastronomia-musica-ao-vivo-e-oficinas-festival-panela-preta-acontece-em-ribeirao-preto\/"},"modified":"2025-10-25T17:16:21","modified_gmt":"2025-10-25T20:16:21","slug":"gastronomia-musica-ao-vivo-e-oficinas-festival-panela-preta-acontece-em-ribeirao-preto","status":"publish","type":"post","link":"https:\/\/noticiasribeiraopreto.com.br\/index.php\/2025\/10\/25\/gastronomia-musica-ao-vivo-e-oficinas-festival-panela-preta-acontece-em-ribeirao-preto\/","title":{"rendered":"Gastronomia, m\u00fasica ao vivo e oficinas: Festival Panela Preta acontece em Ribeir\u00e3o Preto"},"content":{"rendered":"<div class='code-block code-block-1' style='margin: 8px 0 8px auto; text-align: right; display: block; clear: both;'>\n<p><a href=\"https:\/\/wa.link\/vpicfd\"><img data-recalc-dims=\"1\" class=\"wp-image-4922\" style=\"aspect-ratio: 2.0253164556962027; width: 561px; height: auto;\" src=\"https:\/\/i0.wp.com\/ismaelcolosi.com.br\/wp-content\/uploads\/2023\/11\/grupo-de-empregos-whatsapp-e-facebook-ismael-colosi-vagas.jpg?ssl=1\" alt=\"\" \/><\/a><\/p>\n<!-- \/wp:image -->\n<\/div>\n<p> <br \/>\n<\/p>\n<div>\n<p>A 3\u00aa edi\u00e7\u00e3o do <strong>Festival Panela Preta<\/strong> acontece em <strong>Ribeir\u00e3o Preto<\/strong> no dia <strong>22 de novembro<\/strong>, quando se comemora o <strong>Dia da Consci\u00eancia Negra<\/strong>, das<strong> 12h \u00e0s 22h<\/strong>. A programa\u00e7\u00e3o oferecer\u00e1 oficinas, m\u00fasica ao vivo e op\u00e7\u00f5es gastron\u00f4micas.<\/p>\n<p>A entrada \u00e9 <strong>gratuita<\/strong> e o evento acontece na na sede da <strong>Aldeia Caboclo Pena Vermelha<\/strong>, localizada na <strong>rua Espirito Santo, 2016<\/strong>, no bairro <strong>Ipiranga<\/strong>.<\/p>\n<h2 class=\"wp-block-heading\"><strong>Festival<\/strong><\/h2>\n<p>Essa edi\u00e7\u00e3o do festival contar\u00e1 com o prato principal <strong>Bai\u00e3o de Dois<\/strong>, bastante caracter\u00edstico do nordeste brasileiro e que tem como ingredientes principais o <strong>arroz <\/strong>e o<strong> feij\u00e3o<\/strong>, al\u00e9m de outros itens que podem variar regionalmente.<\/p>\n<p>A por\u00e7\u00e3o contar\u00e1 com feij\u00e3o-de-corda, carne-de-sol, bacon, calabresa e queijo coalho e ser\u00e1 vendida por <strong>R$ 25<\/strong>. No local, tamb\u00e9m haver\u00e1 venda de bebidas, incluindo cerveja, caipirinha e refrigerante.<\/p>\n<p>O dia contar\u00e1 com m\u00fasica ao vivo, oficinas, exposi\u00e7\u00e3o de fotografia, artes e artesanatos, capoeira, roda de conversa e batalha de rimas. <\/p>\n<h2 class=\"wp-block-heading\"><strong>M\u00fasica ao vivo<\/strong><\/h2>\n<p>O evento ainda contar\u00e1 com m\u00fasica ao vivo, com as apresenta\u00e7\u00f5es de <strong>Forr\u00f3 Mimoso<\/strong>, com o show \u201c<strong>No Balan\u00e7o do Resfolego<\/strong>\u201c; <strong>Frito \u00e0 Siqueira<\/strong>, com um repert\u00f3rio recheado de brasilidades; al\u00e9m da <strong>BatukAldeia<\/strong>. O evento ainda conta com discotecagem com <strong>DJ Exu Selecta<\/strong>, passeando pelo samba, MPB, Rap, psicodelia nordestina, samba rock e tropicalismo.<\/p>\n<h2 class=\"wp-block-heading\"><strong>Oficinas<\/strong><\/h2>\n<p>As atividades ter\u00e3o in\u00edcio nos dias <strong>13 e 14 de novembro <\/strong>com oficinas culturais direcionadas a alunos da escola estadual <strong>Geraldo Correia de Carvalho<\/strong>. Ser\u00e3o tr\u00eas modalidades para livre escolha: oficina de berimbau, onde os participantes ir\u00e3o conhecer a hist\u00f3ria e a origem deste instrumento e confeccionar seu pr\u00f3prio berimbau, ritmos afro-brasileiros com tambores e desenho. Os resultados dos trabalhos ser\u00e3o apresentados no festival.<\/p>\n<p>A programa\u00e7\u00e3o do evento inclui tamb\u00e9m oficinas de dan\u00e7a e moda afro, com confec\u00e7\u00e3o de turbantes e acess\u00f3rios. <\/p>\n<h2 class=\"wp-block-heading\"><strong>Batalha de rimas<\/strong><\/h2>\n<p>A batalha de rimas acontece com o tema \u201c<strong>panela do conhecimento<\/strong>\u201d e uma premia\u00e7\u00e3o em dinheiro, sendo <strong>R$ 400<\/strong> para o primeiro lugar, <strong>R$ 200 <\/strong>para o segundo colocado e o terceiro lugar recebe <strong>R$ 100<\/strong>.<\/p>\n<p>Os MCs interessados em competir devem se inscrever no festival, no dia <strong>22 de novembro<\/strong>, entre \u00e0s <strong>12h e 14h<\/strong>.<\/p>\n<h2 class=\"wp-block-heading\"><strong>Servi\u00e7o<\/strong><\/h2>\n<p><strong><em>Festival Panela Preta<\/em><\/strong><\/p>\n<p><strong>Quando: <\/strong>22 de novembro, s\u00e1bado <br \/><strong>Hor\u00e1rio:<\/strong> 12h \u00e0s 22h <br \/><strong>Local:<\/strong> Sede da Aldeia Caboclo Pena Vermelha | rua Espirito Santo, 2016, \u2013 Ipiranga<br \/><strong>Entrada gratuita<\/strong><\/p>\n<p>SAIBA MAIS<br \/>Inmet emite alerta de perigo potencial para o interior de SP; Confira regi\u00f5es afetadas<\/p>\n<h2 class=\"wp-block-heading\"><strong>FIQUE ON<\/strong><\/h2>\n<p>Fique ligado em tudo que acontece em Ribeir\u00e3o Preto e regi\u00e3o. Siga os perfis do\u00a0<strong>acidade on<\/strong>\u00a0no<a href=\"https:\/\/www.instagram.com\/acidadeonribeirao\" target=\"_blank\" rel=\"noreferrer noopener\">\u00a0Instagram\u00a0<\/a>e no\u00a0<a href=\"https:\/\/www.facebook.com\/acidadeonribeirao\/\" target=\"_blank\" rel=\"noreferrer noopener\">Facebook<\/a>.<\/p>\n<p>Receba not\u00edcias do<strong>\u00a0acidade on<\/strong>\u00a0no WhatsApp. Para entrar no grupo,\u00a0basta\u00a0<a href=\"https:\/\/chat.whatsapp.com\/I4nieTEMKlf50pJ28aMemC?mode=ac_t\" target=\"_blank\" rel=\"noreferrer noopener\">clicar aqui<\/a>. Ou, acesse o nosso\u00a0Canal\u00a0<a href=\"https:\/\/whatsapp.com\/channel\/0029Vb6IQl1JENyAeS57fk2p\" target=\"_blank\" rel=\"noreferrer noopener\">clicando aqui<\/a>.<\/p>\n<p>Fa\u00e7a uma den\u00fancia ou sugira uma reportagem sobre Ribeir\u00e3o Preto e regi\u00e3o pelo WhatsApp: 16 99117 7802.<\/p>\n<p>VEJA TAMB\u00c9M<br \/>Quem \u00e9 o f\u00e3 que participar\u00e1 de \u2018Amanhecer na Colheita\u2019?<\/p>\n<p><!-- AI CONTENT END 1 -->\n<\/div>\n<p><script async src=\"\/\/www.instagram.com\/embed.js\"><\/script><br \/>\n<br \/><br \/>\n<br \/><a href=\"https:\/\/www.acidadeon.com\/ribeiraopreto\/lazer-e-cultura\/gastronomia-musica-ao-vivo-e-oficinas-festival-panela-preta-acontece-em-ribeirao-preto\/\">Source link <\/a><\/p>\n<!-- CONTENT END 1 -->\n","protected":false},"excerpt":{"rendered":"<p>A 3\u00aa edi\u00e7\u00e3o do Festival Panela Preta acontece em Ribeir\u00e3o Preto no dia 22 de novembro, quando se comemora o Dia da Consci\u00eancia Negra, das&#8230;<\/p>\n","protected":false},"author":1,"featured_media":79162,"comment_status":"open","ping_status":"open","sticky":false,"template":"","format":"standard","meta":{"advanced_seo_description":"","jetpack_seo_html_title":"","jetpack_seo_noindex":false,"jetpack_post_was_ever_published":false,"_jetpack_newsletter_access":"","_jetpack_dont_email_post_to_subs":false,"_jetpack_newsletter_tier_id":0,"_jetpack_memberships_contains_paywalled_content":false,"_jetpack_memberships_contains_paid_content":false,"footnotes":"","jetpack_publicize_message":"","jetpack_publicize_feature_enabled":true,"jetpack_social_post_already_shared":true,"jetpack_social_options":{"image_generator_settings":{"template":"highway","default_image_id":0,"font":"","enabled":false},"version":2}},"categories":[11],"tags":[],"class_list":["post-79161","post","type-post","status-publish","format-standard","has-post-thumbnail","hentry","category-noticias-de-ribeirao-preto-sp-e-regiao-ismael-colosi"],"jetpack_publicize_connections":[],"jetpack_featured_media_url":"https:\/\/i0.wp.com\/noticiasribeiraopreto.com.br\/wp-content\/uploads\/2025\/10\/Copia-de-Copia-de-Copia-de-TAMANHO-EXATO-PARA-FOTOS-NO-SISTEMA-NOVO-83_2025-10-25_17-47-49.webp.webp?fit=1200%2C675&ssl=1","jetpack-related-posts":[{"id":80251,"url":"https:\/\/noticiasribeiraopreto.com.br\/index.php\/2025\/11\/18\/festival-panela-preta-reune-musica-oficinas-e-gastronomia-em-ribeirao-veja-quando\/","url_meta":{"origin":79161,"position":0},"title":"Festival Panela Preta re\u00fane m\u00fasica, oficinas e gastronomia em Ribeir\u00e3o; Veja quando","author":"noticiasribeiraopreto.com.br","date":"18 de November de 2025","format":false,"excerpt":"Ribeir\u00e3o Preto recebe neste s\u00e1bado (22), das 12h \u00e0s 22h, a terceira edi\u00e7\u00e3o do Festival Panela Preta, evento que re\u00fane arte e gastronomia para celebrar a cultura afro-brasileira. A entrada \u00e9 gratuita e o evento acontece na sede da Aldeia Caboclo Pena Vermelha, localizada na rua Espirito Santo, 2016, no\u2026","rel":"","context":"In &quot;Not\u00edcias de Ribeir\u00e3o Preto-SP e Regi\u00e3o&quot;","block_context":{"text":"Not\u00edcias de Ribeir\u00e3o Preto-SP e Regi\u00e3o","link":"https:\/\/noticiasribeiraopreto.com.br\/index.php\/category\/noticias-de-ribeirao-preto-sp-e-regiao-ismael-colosi\/"},"img":{"alt_text":"","src":"https:\/\/i0.wp.com\/noticiasribeiraopreto.com.br\/wp-content\/uploads\/2025\/11\/Copia-de-Copia-de-Copia-de-TAMANHO-EXATO-PARA-FOTOS-NO-SISTEMA-NOVO-83_2025-10-25_17-47-49.webp.webp?fit=1200%2C675&ssl=1&resize=350%2C200","width":350,"height":200,"srcset":"https:\/\/i0.wp.com\/noticiasribeiraopreto.com.br\/wp-content\/uploads\/2025\/11\/Copia-de-Copia-de-Copia-de-TAMANHO-EXATO-PARA-FOTOS-NO-SISTEMA-NOVO-83_2025-10-25_17-47-49.webp.webp?fit=1200%2C675&ssl=1&resize=350%2C200 1x, https:\/\/i0.wp.com\/noticiasribeiraopreto.com.br\/wp-content\/uploads\/2025\/11\/Copia-de-Copia-de-Copia-de-TAMANHO-EXATO-PARA-FOTOS-NO-SISTEMA-NOVO-83_2025-10-25_17-47-49.webp.webp?fit=1200%2C675&ssl=1&resize=525%2C300 1.5x, https:\/\/i0.wp.com\/noticiasribeiraopreto.com.br\/wp-content\/uploads\/2025\/11\/Copia-de-Copia-de-Copia-de-TAMANHO-EXATO-PARA-FOTOS-NO-SISTEMA-NOVO-83_2025-10-25_17-47-49.webp.webp?fit=1200%2C675&ssl=1&resize=700%2C400 2x, https:\/\/i0.wp.com\/noticiasribeiraopreto.com.br\/wp-content\/uploads\/2025\/11\/Copia-de-Copia-de-Copia-de-TAMANHO-EXATO-PARA-FOTOS-NO-SISTEMA-NOVO-83_2025-10-25_17-47-49.webp.webp?fit=1200%2C675&ssl=1&resize=1050%2C600 3x"},"classes":[]},{"id":74475,"url":"https:\/\/noticiasribeiraopreto.com.br\/index.php\/2025\/07\/23\/ribeirao-preto-recebe-a-3a-edicao-do-festival-arigato-da-cultura-japonesa\/","url_meta":{"origin":79161,"position":1},"title":"Ribeir\u00e3o Preto recebe a 3\u00aa edi\u00e7\u00e3o do Festival Arigat\u00f4 da cultura japonesa","author":"noticiasribeiraopreto.com.br","date":"23 de July de 2025","format":false,"excerpt":"A 3\u00aa edi\u00e7\u00e3o do Festival Arigat\u00f4 da cultura japonesa acontece entre os dias 29 e 31 de agosto na Par\u00f3quia Santa Teresinha Doutora, na Ribeir\u00e2nia, zona Leste de Ribeir\u00e3o Preto. Ser\u00e3o tr\u00eas dias de atividades culturais e de lazer gratuitas, al\u00e9m da gastronomia t\u00edpica e mostra de orqu\u00eddeas. O Arigat\u00f4\u2026","rel":"","context":"In &quot;Not\u00edcias de Ribeir\u00e3o Preto-SP e Regi\u00e3o&quot;","block_context":{"text":"Not\u00edcias de Ribeir\u00e3o Preto-SP e Regi\u00e3o","link":"https:\/\/noticiasribeiraopreto.com.br\/index.php\/category\/noticias-de-ribeirao-preto-sp-e-regiao-ismael-colosi\/"},"img":{"alt_text":"","src":"https:\/\/i0.wp.com\/noticiasribeiraopreto.com.br\/wp-content\/uploads\/2025\/07\/festival-arigato_2025-07-23_12-50-15.webp.webp?fit=1200%2C674&ssl=1&resize=350%2C200","width":350,"height":200,"srcset":"https:\/\/i0.wp.com\/noticiasribeiraopreto.com.br\/wp-content\/uploads\/2025\/07\/festival-arigato_2025-07-23_12-50-15.webp.webp?fit=1200%2C674&ssl=1&resize=350%2C200 1x, https:\/\/i0.wp.com\/noticiasribeiraopreto.com.br\/wp-content\/uploads\/2025\/07\/festival-arigato_2025-07-23_12-50-15.webp.webp?fit=1200%2C674&ssl=1&resize=525%2C300 1.5x, https:\/\/i0.wp.com\/noticiasribeiraopreto.com.br\/wp-content\/uploads\/2025\/07\/festival-arigato_2025-07-23_12-50-15.webp.webp?fit=1200%2C674&ssl=1&resize=700%2C400 2x, https:\/\/i0.wp.com\/noticiasribeiraopreto.com.br\/wp-content\/uploads\/2025\/07\/festival-arigato_2025-07-23_12-50-15.webp.webp?fit=1200%2C674&ssl=1&resize=1050%2C600 3x"},"classes":[]},{"id":80356,"url":"https:\/\/noticiasribeiraopreto.com.br\/index.php\/2025\/11\/20\/festival-em-ribeirao-preto-recebe-espetaculo-de-hipnose-comica-magicamente\/","url_meta":{"origin":79161,"position":2},"title":"Festival em Ribeir\u00e3o Preto recebe espet\u00e1culo de hipnose c\u00f4mica \u2018Magicamente\u2019","author":"noticiasribeiraopreto.com.br","date":"20 de November de 2025","format":false,"excerpt":"O espet\u00e1culo de hipnose c\u00f4mica \u201cMagicamente\u201d far\u00e1 parte da programa\u00e7\u00e3o do POW Festival, que acontece no espa\u00e7o A F\u00e1brica, em Ribeir\u00e3o Preto, no dia 6 de dezembro. A apresenta\u00e7\u00e3o \u00e9 conduzida pelos hipn\u00f3logos Andr\u00e9 Attie e Eduardo Neaime, conhecidos pelo trabalho que combina humor e demonstra\u00e7\u00f5es pr\u00e1ticas de hipnose. \u00a0Reconhecido\u2026","rel":"","context":"In &quot;Not\u00edcias de Ribeir\u00e3o Preto-SP e Regi\u00e3o&quot;","block_context":{"text":"Not\u00edcias de Ribeir\u00e3o Preto-SP e Regi\u00e3o","link":"https:\/\/noticiasribeiraopreto.com.br\/index.php\/category\/noticias-de-ribeirao-preto-sp-e-regiao-ismael-colosi\/"},"img":{"alt_text":"","src":"https:\/\/i0.wp.com\/noticiasribeiraopreto.com.br\/wp-content\/uploads\/2025\/11\/magicamente_2025-11-20_15-05-55.webp.webp?fit=1200%2C799&ssl=1&resize=350%2C200","width":350,"height":200,"srcset":"https:\/\/i0.wp.com\/noticiasribeiraopreto.com.br\/wp-content\/uploads\/2025\/11\/magicamente_2025-11-20_15-05-55.webp.webp?fit=1200%2C799&ssl=1&resize=350%2C200 1x, https:\/\/i0.wp.com\/noticiasribeiraopreto.com.br\/wp-content\/uploads\/2025\/11\/magicamente_2025-11-20_15-05-55.webp.webp?fit=1200%2C799&ssl=1&resize=525%2C300 1.5x, https:\/\/i0.wp.com\/noticiasribeiraopreto.com.br\/wp-content\/uploads\/2025\/11\/magicamente_2025-11-20_15-05-55.webp.webp?fit=1200%2C799&ssl=1&resize=700%2C400 2x, https:\/\/i0.wp.com\/noticiasribeiraopreto.com.br\/wp-content\/uploads\/2025\/11\/magicamente_2025-11-20_15-05-55.webp.webp?fit=1200%2C799&ssl=1&resize=1050%2C600 3x"},"classes":[]},{"id":61443,"url":"https:\/\/noticiasribeiraopreto.com.br\/index.php\/2024\/12\/12\/feira-com-food-truck-chope-e-musica-ao-vivo-acontece-em-ribeirao-veja-quando\/","url_meta":{"origin":79161,"position":3},"title":"Feira com food truck, chope e m\u00fasica ao vivo acontece em Ribeir\u00e3o; Veja quando","author":"noticiasribeiraopreto.com.br","date":"12 de December de 2024","format":false,"excerpt":"Ribeir\u00e3o Preto recebe neste domingo (15), a edi\u00e7\u00e3o de Natal da Feira do Coletivo na pra\u00e7a 7 de Setembro, regi\u00e3o Central do munic\u00edpio, com entrada gratuita. O evento acontece das 15h \u00e0s 21h e conta com m\u00fasica ao vivo, food trucks, cervejas e chopes artesanais, comidas t\u00edpicas, expositores, oficinas, atividades\u2026","rel":"","context":"In &quot;Not\u00edcias de Ribeir\u00e3o Preto-SP e Regi\u00e3o&quot;","block_context":{"text":"Not\u00edcias de Ribeir\u00e3o Preto-SP e Regi\u00e3o","link":"https:\/\/noticiasribeiraopreto.com.br\/index.php\/category\/noticias-de-ribeirao-preto-sp-e-regiao-ismael-colosi\/"},"img":{"alt_text":"","src":"https:\/\/i0.wp.com\/noticiasribeiraopreto.com.br\/wp-content\/uploads\/2024\/12\/WhatsApp-Image-2024-12-09-at-14.19.58_2024-12-12_18-44-18_jpeg_2024-12-12_18-44-19.webp.webp?fit=1181%2C787&ssl=1&resize=350%2C200","width":350,"height":200,"srcset":"https:\/\/i0.wp.com\/noticiasribeiraopreto.com.br\/wp-content\/uploads\/2024\/12\/WhatsApp-Image-2024-12-09-at-14.19.58_2024-12-12_18-44-18_jpeg_2024-12-12_18-44-19.webp.webp?fit=1181%2C787&ssl=1&resize=350%2C200 1x, https:\/\/i0.wp.com\/noticiasribeiraopreto.com.br\/wp-content\/uploads\/2024\/12\/WhatsApp-Image-2024-12-09-at-14.19.58_2024-12-12_18-44-18_jpeg_2024-12-12_18-44-19.webp.webp?fit=1181%2C787&ssl=1&resize=525%2C300 1.5x, https:\/\/i0.wp.com\/noticiasribeiraopreto.com.br\/wp-content\/uploads\/2024\/12\/WhatsApp-Image-2024-12-09-at-14.19.58_2024-12-12_18-44-18_jpeg_2024-12-12_18-44-19.webp.webp?fit=1181%2C787&ssl=1&resize=700%2C400 2x, https:\/\/i0.wp.com\/noticiasribeiraopreto.com.br\/wp-content\/uploads\/2024\/12\/WhatsApp-Image-2024-12-09-at-14.19.58_2024-12-12_18-44-18_jpeg_2024-12-12_18-44-19.webp.webp?fit=1181%2C787&ssl=1&resize=1050%2C600 3x"},"classes":[]},{"id":63393,"url":"https:\/\/noticiasribeiraopreto.com.br\/index.php\/2025\/02\/12\/feira-gratuita-com-food-truck-chope-e-musica-ao-vivo-acontece-em-ribeirao-saiba-quando\/","url_meta":{"origin":79161,"position":4},"title":"Feira gratuita com food truck, chope e m\u00fasica ao vivo acontece em Ribeir\u00e3o; Saiba quando","author":"noticiasribeiraopreto.com.br","date":"12 de February de 2025","format":false,"excerpt":"Acontece neste final de semana, a primeira edi\u00e7\u00e3o do ano da Feira do Coletivo na pra\u00e7a 7 de Setembro, regi\u00e3o Central do munic\u00edpio, com entrada gratuita. O evento ser\u00e1 realizado no domingo (16), das 15h \u00e0s 21h, e ter\u00e1 m\u00fasica ao vivo, food trucks, cervejas e chopes artesanais, comidas t\u00edpicas,\u2026","rel":"","context":"In &quot;Not\u00edcias de Ribeir\u00e3o Preto-SP e Regi\u00e3o&quot;","block_context":{"text":"Not\u00edcias de Ribeir\u00e3o Preto-SP e Regi\u00e3o","link":"https:\/\/noticiasribeiraopreto.com.br\/index.php\/category\/noticias-de-ribeirao-preto-sp-e-regiao-ismael-colosi\/"},"img":{"alt_text":"","src":"https:\/\/i0.wp.com\/noticiasribeiraopreto.com.br\/wp-content\/uploads\/2025\/02\/Leo-Gallo_Coletivo.jpeg?fit=1143%2C761&ssl=1&resize=350%2C200","width":350,"height":200,"srcset":"https:\/\/i0.wp.com\/noticiasribeiraopreto.com.br\/wp-content\/uploads\/2025\/02\/Leo-Gallo_Coletivo.jpeg?fit=1143%2C761&ssl=1&resize=350%2C200 1x, https:\/\/i0.wp.com\/noticiasribeiraopreto.com.br\/wp-content\/uploads\/2025\/02\/Leo-Gallo_Coletivo.jpeg?fit=1143%2C761&ssl=1&resize=525%2C300 1.5x, https:\/\/i0.wp.com\/noticiasribeiraopreto.com.br\/wp-content\/uploads\/2025\/02\/Leo-Gallo_Coletivo.jpeg?fit=1143%2C761&ssl=1&resize=700%2C400 2x, https:\/\/i0.wp.com\/noticiasribeiraopreto.com.br\/wp-content\/uploads\/2025\/02\/Leo-Gallo_Coletivo.jpeg?fit=1143%2C761&ssl=1&resize=1050%2C600 3x"},"classes":[]},{"id":76478,"url":"https:\/\/noticiasribeiraopreto.com.br\/index.php\/2025\/08\/29\/ribeirao-preto-recebe-festival-de-cultura-japonesa-com-gastronomia-tipica-musica-ao-vivo-e-desfile\/","url_meta":{"origin":79161,"position":5},"title":"Ribeir\u00e3o Preto recebe festival de cultura japonesa com gastronomia t\u00edpica, m\u00fasica ao vivo e desfile","author":"noticiasribeiraopreto.com.br","date":"29 de August de 2025","format":false,"excerpt":"Ribeir\u00e3o Preto recebe neste fim de semana, nos dias 29, 30 e 31 de agosto, o Festival Arigat\u00f4 2025, no espa\u00e7o de eventos da Par\u00f3quia Santa Teresinha Doutora, no bairro Ribeir\u00e2nia. A entrada \u00e9 gratuita e a programa\u00e7\u00e3o re\u00fane gastronomia t\u00edpica oriental, m\u00fasica ao vivo e desfile de cosplays. Gastronomia\u2026","rel":"","context":"In &quot;Not\u00edcias de Ribeir\u00e3o Preto-SP e Regi\u00e3o&quot;","block_context":{"text":"Not\u00edcias de Ribeir\u00e3o Preto-SP e Regi\u00e3o","link":"https:\/\/noticiasribeiraopreto.com.br\/index.php\/category\/noticias-de-ribeirao-preto-sp-e-regiao-ismael-colosi\/"},"img":{"alt_text":"","src":"https:\/\/i0.wp.com\/noticiasribeiraopreto.com.br\/wp-content\/uploads\/2025\/08\/agenda-1_2025-08-29_15-33-05.webp.webp?fit=1200%2C675&ssl=1&resize=350%2C200","width":350,"height":200,"srcset":"https:\/\/i0.wp.com\/noticiasribeiraopreto.com.br\/wp-content\/uploads\/2025\/08\/agenda-1_2025-08-29_15-33-05.webp.webp?fit=1200%2C675&ssl=1&resize=350%2C200 1x, https:\/\/i0.wp.com\/noticiasribeiraopreto.com.br\/wp-content\/uploads\/2025\/08\/agenda-1_2025-08-29_15-33-05.webp.webp?fit=1200%2C675&ssl=1&resize=525%2C300 1.5x, https:\/\/i0.wp.com\/noticiasribeiraopreto.com.br\/wp-content\/uploads\/2025\/08\/agenda-1_2025-08-29_15-33-05.webp.webp?fit=1200%2C675&ssl=1&resize=700%2C400 2x, https:\/\/i0.wp.com\/noticiasribeiraopreto.com.br\/wp-content\/uploads\/2025\/08\/agenda-1_2025-08-29_15-33-05.webp.webp?fit=1200%2C675&ssl=1&resize=1050%2C600 3x"},"classes":[]}],"jetpack_sharing_enabled":true,"jetpack_shortlink":"https:\/\/wp.me\/peQAOb-kAN","_links":{"self":[{"href":"https:\/\/noticiasribeiraopreto.com.br\/index.php\/wp-json\/wp\/v2\/posts\/79161","targetHints":{"allow":["GET"]}}],"collection":[{"href":"https:\/\/noticiasribeiraopreto.com.br\/index.php\/wp-json\/wp\/v2\/posts"}],"about":[{"href":"https:\/\/noticiasribeiraopreto.com.br\/index.php\/wp-json\/wp\/v2\/types\/post"}],"author":[{"embeddable":true,"href":"https:\/\/noticiasribeiraopreto.com.br\/index.php\/wp-json\/wp\/v2\/users\/1"}],"replies":[{"embeddable":true,"href":"https:\/\/noticiasribeiraopreto.com.br\/index.php\/wp-json\/wp\/v2\/comments?post=79161"}],"version-history":[{"count":0,"href":"https:\/\/noticiasribeiraopreto.com.br\/index.php\/wp-json\/wp\/v2\/posts\/79161\/revisions"}],"wp:featuredmedia":[{"embeddable":true,"href":"https:\/\/noticiasribeiraopreto.com.br\/index.php\/wp-json\/wp\/v2\/media\/79162"}],"wp:attachment":[{"href":"https:\/\/noticiasribeiraopreto.com.br\/index.php\/wp-json\/wp\/v2\/media?parent=79161"}],"wp:term":[{"taxonomy":"category","embeddable":true,"href":"https:\/\/noticiasribeiraopreto.com.br\/index.php\/wp-json\/wp\/v2\/categories?post=79161"},{"taxonomy":"post_tag","embeddable":true,"href":"https:\/\/noticiasribeiraopreto.com.br\/index.php\/wp-json\/wp\/v2\/tags?post=79161"}],"curies":[{"name":"wp","href":"https:\/\/api.w.org\/{rel}","templated":true}]}}