{"id":79165,"date":"2025-10-25T17:32:45","date_gmt":"2025-10-25T20:32:45","guid":{"rendered":"https:\/\/noticiasribeiraopreto.com.br\/index.php\/2025\/10\/25\/prefeitura-no-interior-de-sp-prorroga-inscricoes-para-processo-seletivo-de-professores\/"},"modified":"2025-10-25T17:32:45","modified_gmt":"2025-10-25T20:32:45","slug":"prefeitura-no-interior-de-sp-prorroga-inscricoes-para-processo-seletivo-de-professores","status":"publish","type":"post","link":"https:\/\/noticiasribeiraopreto.com.br\/index.php\/2025\/10\/25\/prefeitura-no-interior-de-sp-prorroga-inscricoes-para-processo-seletivo-de-professores\/","title":{"rendered":"Prefeitura no interior de SP prorroga inscri\u00e7\u00f5es para processo seletivo de professores"},"content":{"rendered":"<div class='code-block code-block-1' style='margin: 8px 0 8px auto; text-align: right; display: block; clear: both;'>\n<p><a href=\"https:\/\/wa.link\/vpicfd\"><img data-recalc-dims=\"1\" class=\"wp-image-4922\" style=\"aspect-ratio: 2.0253164556962027; width: 561px; height: auto;\" src=\"https:\/\/i0.wp.com\/ismaelcolosi.com.br\/wp-content\/uploads\/2023\/11\/grupo-de-empregos-whatsapp-e-facebook-ismael-colosi-vagas.jpg?ssl=1\" alt=\"\" \/><\/a><\/p>\n<!-- \/wp:image -->\n<\/div>\n<p> <br \/>\n<\/p>\n<div data-td-block-uid=\"tdi_95\">\n<div class=\"tdb-block-inner td-fix-index\">\n<p>A <strong>Prefeitura de Jaboticabal<\/strong>, no interior de S\u00e3o Paulo, <strong>prorrogou as inscri\u00e7\u00f5es<\/strong> do processo seletivo para forma\u00e7\u00e3o de cadastro reserva no cargo de <strong>professor<\/strong>.<\/p>\n<p>As oportunidades abrangem <strong>diferentes \u00e1reas de atua\u00e7\u00e3o<\/strong>, com remunera\u00e7\u00e3o entre <strong>R$ 25,78<\/strong> e <strong>R$ 29,93 por hora\/aula<\/strong> \u2013 veja as oportunidades logo abaixo.<\/p>\n<p>Para a fun\u00e7\u00e3o de <strong>Professor de Creche<\/strong>, por\u00e9m, a remunera\u00e7\u00e3o \u00e9 de <strong>R$ 3.237,40<\/strong>, acrescida de R$ 608,23 (diferen\u00e7a de piso), para atuar em jornada de 40 horas semanais.<\/p>\n<h2 class=\"wp-block-heading\"><strong>Como se inscrever<\/strong><\/h2>\n<p>Os interessados em participar do processo seletivo devem se inscrever de\u00a0<strong>forma online (<a href=\"https:\/\/institutoindec.org.br\/concursos\/publicacoes\/PREFEITURA+DO+MUNIC%C3%8DPIO+DE+JABOTICABAL\/155\" target=\"_blank\" rel=\"noreferrer noopener\">clique aqui<\/a>)<\/strong>, <strong><mark style=\"background-color:#fcb900\" class=\"has-inline-color\">at\u00e9 o dia 6 de novembro<\/mark><\/strong>. O valor da taxa de inscri\u00e7\u00e3o \u00e9 de\u00a0<strong>R$ 75<\/strong>.<\/p>\n<p>Para se inscrever, o candidato deve possuir\u00a0<strong>licenciatura plena<\/strong>\u00a0na \u00e1rea de atua\u00e7\u00e3o ou forma\u00e7\u00e3o correspondente, al\u00e9m de atender aos demais requisitos previstos no edital.<\/p>\n<p>De acordo com o edital, a sele\u00e7\u00e3o dos candidatos ser\u00e1 realizada mediante aplica\u00e7\u00e3o de prova objetiva,\u00a0<strong>com aplica\u00e7\u00e3o prevista para o dia 30 de novembro de 2025<\/strong>. O edital completo pode ser conferido\u00a0<a href=\"https:\/\/institutoindec.org.br\/concursos\/publicacoes\/PREFEITURA+DO+MUNIC%C3%8DPIO+DE+JABOTICABAL\/155\" target=\"_blank\" rel=\"noreferrer noopener\">clicando aqui<\/a>.<\/p>\n<h3 class=\"wp-block-heading\"><strong>Confira as oportunidades<\/strong><\/h3>\n<ul class=\"wp-block-list\">\n<li><strong>Professor de Creche<\/strong>\u00a0(CR) \u2013 R$ 3.237,40 + R$ 608,23 (diferen\u00e7a de piso)<\/li>\n<li><strong>Professor de Educa\u00e7\u00e3o B\u00e1sica I<\/strong>\u00a0(CR) \u2013 R$ 25,78 hora\/aula<\/li>\n<li><strong>Professor de Educa\u00e7\u00e3o B\u00e1sica II \u2013 Arte<\/strong>\u00a0\u2013 (CR) \u2013 R$ 29,93 hora\/aula<\/li>\n<li><strong>Professor de Educa\u00e7\u00e3o B\u00e1sica II \u2013 Ci\u00eancias<\/strong>\u00a0\u2013 (CR) \u2013 R$ 29,93 hora\/aula<\/li>\n<li><strong>Professor de Educa\u00e7\u00e3o B\u00e1sica II \u2013 Educa\u00e7\u00e3o F\u00edsica<\/strong>\u00a0\u2013 (CR) \u2013 R$ 29,93 hora\/aula<\/li>\n<li><strong>Professor de Educa\u00e7\u00e3o B\u00e1sica II \u2013 Geografia\u00a0<\/strong>\u2013 (CR) \u2013 R$ 29,93 hora\/aula<\/li>\n<li><strong>Professor de Educa\u00e7\u00e3o B\u00e1sica II \u2013 Hist\u00f3ria<\/strong>\u00a0\u2013 (CR) \u2013 R$ 29,93 hora\/aula<\/li>\n<li><strong>Professor de Educa\u00e7\u00e3o B\u00e1sica II \u2013 Ingl\u00eas<\/strong>\u00a0\u2013 (CR) \u2013 R$ 29,93 hora\/aula<\/li>\n<li><strong>Professor de Educa\u00e7\u00e3o B\u00e1sica II \u2013 L\u00edngua Portuguesa\u00a0<\/strong>\u2013 (CR) \u2013 R$ 29,93 hora\/aula<\/li>\n<li><strong>Professor de Educa\u00e7\u00e3o B\u00e1sica II \u2013 Matem\u00e1tica\u00a0<\/strong>\u2013 (CR) \u2013 R$ 29,93 hora\/aula<\/li>\n<\/ul>\n<hr class=\"wp-block-separator has-alpha-channel-opacity\"\/>\n<p>SAIBA MAIS<\/p>\n<p><a href=\"https:\/\/www.acidadeon.com\/ribeiraopreto\/economia\/onde-a-cesta-basica-e-mais-cara-em-ribeirao-preto-confira-os-dados\/\" target=\"_blank\" data-type=\"link\" data-id=\"https:\/\/www.acidadeon.com\/ribeiraopreto\/economia\/onde-a-cesta-basica-e-mais-cara-em-ribeirao-preto-confira-os-dados\/\" rel=\"noreferrer noopener\">Onde a cesta b\u00e1sica \u00e9 mais cara em Ribeir\u00e3o Preto? Confira os dados<\/p>\n<h2 class=\"wp-block-heading\"><strong>FIQUE ON<\/strong><\/h2>\n<p>Fique ligado em tudo que acontece em Ribeir\u00e3o Preto e regi\u00e3o. Siga os perfis do\u00a0<strong>acidade on\u00a0<\/strong>no\u00a0<a href=\"https:\/\/www.instagram.com\/acidadeonribeirao\" target=\"_blank\" rel=\"noreferrer noopener\">Instagram<\/a>\u00a0e no<a href=\"https:\/\/www.facebook.com\/acidadeonribeirao\/\" target=\"_blank\" rel=\"noreferrer noopener\">\u00a0Facebook<\/a>.<\/p>\n<p>Receba not\u00edcias do<strong>\u00a0acidade on<\/strong>\u00a0no WhatsApp. Para entrar no grupo,\u00a0basta\u00a0<a href=\"https:\/\/chat.whatsapp.com\/I4nieTEMKlf50pJ28aMemC?mode=ac_t\" target=\"_blank\" rel=\"noreferrer noopener\">clicar aqui<\/a>. Ou, acesse o nosso\u00a0Canal\u00a0<a href=\"https:\/\/whatsapp.com\/channel\/0029Vb6IQl1JENyAeS57fk2p\" target=\"_blank\" rel=\"noreferrer noopener\">clicando aqui<\/a>.<\/p>\n<p>Fa\u00e7a uma den\u00fancia ou sugira uma reportagem sobre Ribeir\u00e3o Preto e regi\u00e3o pelo WhatsApp: 16 99117 7802.<\/p>\n<p>VEJA TAMB\u00c9M<\/p>\n<p>Quem \u00e9 o f\u00e3 que participar\u00e1 de \u2018Amanhecer na Colheita\u2019?<\/p>\n<p><!-- AI CONTENT END 1 -->\n<\/div>\n<\/div>\n<p><script async src=\"\/\/www.instagram.com\/embed.js\"><\/script><br \/>\n<br \/><br \/>\n<br \/><a href=\"https:\/\/www.acidadeon.com\/ribeiraopreto\/economia\/prefeitura-no-interior-de-sp-prorroga-inscricoes-para-processo-seletivo-de-professores\/\">Source link <\/a><\/p>\n<!-- CONTENT END 1 -->\n","protected":false},"excerpt":{"rendered":"<p>A Prefeitura de Jaboticabal, no interior de S\u00e3o Paulo, prorrogou as inscri\u00e7\u00f5es do processo seletivo para forma\u00e7\u00e3o de cadastro reserva no cargo de professor. As&#8230;<\/p>\n","protected":false},"author":1,"featured_media":79166,"comment_status":"open","ping_status":"open","sticky":false,"template":"","format":"standard","meta":{"advanced_seo_description":"","jetpack_seo_html_title":"","jetpack_seo_noindex":false,"jetpack_post_was_ever_published":false,"_jetpack_newsletter_access":"","_jetpack_dont_email_post_to_subs":false,"_jetpack_newsletter_tier_id":0,"_jetpack_memberships_contains_paywalled_content":false,"_jetpack_memberships_contains_paid_content":false,"footnotes":"","jetpack_publicize_message":"","jetpack_publicize_feature_enabled":true,"jetpack_social_post_already_shared":true,"jetpack_social_options":{"image_generator_settings":{"template":"highway","default_image_id":0,"font":"","enabled":false},"version":2}},"categories":[11],"tags":[],"class_list":["post-79165","post","type-post","status-publish","format-standard","has-post-thumbnail","hentry","category-noticias-de-ribeirao-preto-sp-e-regiao-ismael-colosi"],"jetpack_publicize_connections":[],"jetpack_featured_media_url":"https:\/\/i0.wp.com\/noticiasribeiraopreto.com.br\/wp-content\/uploads\/2025\/10\/Copia-de-Copia-de-Copia-de-TAMANHO-EXATO-PARA-FOTOS-NO-SISTEMA-NOVO-2025-09-30T183837.662_2025-09-30_21-39-01.webp.webp?fit=1200%2C675&ssl=1","jetpack-related-posts":[{"id":84850,"url":"https:\/\/noticiasribeiraopreto.com.br\/index.php\/2026\/04\/16\/processo-seletivo-para-professores-segue-com-inscricoes-abertas-em-prefeitura-no-interior-de-sp\/","url_meta":{"origin":79165,"position":0},"title":"Processo seletivo para professores segue com inscri\u00e7\u00f5es abertas em Prefeitura no interior de SP","author":"noticiasribeiraopreto.com.br","date":"16 de April de 2026","format":false,"excerpt":"Ler o resumo da not\u00edcia Prefeitura de Morro Agudo, no interior de S\u00e3o Paulo, oferece processo seletivo para forma\u00e7\u00e3o de cadastro reserva de professores. As vagas abrangem diversas \u00e1reas, incluindo Educa\u00e7\u00e3o B\u00e1sica, Educa\u00e7\u00e3o Infantil, Educa\u00e7\u00e3o Especial e professores eventuais. A remunera\u00e7\u00e3o varia entre R$ 26,06 e R$ 31,04 por hora-aula,\u2026","rel":"","context":"In &quot;Not\u00edcias de Ribeir\u00e3o Preto-SP e Regi\u00e3o&quot;","block_context":{"text":"Not\u00edcias de Ribeir\u00e3o Preto-SP e Regi\u00e3o","link":"https:\/\/noticiasribeiraopreto.com.br\/index.php\/category\/noticias-de-ribeirao-preto-sp-e-regiao-ismael-colosi\/"},"img":{"alt_text":"","src":"https:\/\/i0.wp.com\/noticiasribeiraopreto.com.br\/wp-content\/uploads\/2026\/04\/public-examination-preparation-concept_2025-09-19_17-43-12.webp.webp?fit=1200%2C801&ssl=1&resize=350%2C200","width":350,"height":200,"srcset":"https:\/\/i0.wp.com\/noticiasribeiraopreto.com.br\/wp-content\/uploads\/2026\/04\/public-examination-preparation-concept_2025-09-19_17-43-12.webp.webp?fit=1200%2C801&ssl=1&resize=350%2C200 1x, https:\/\/i0.wp.com\/noticiasribeiraopreto.com.br\/wp-content\/uploads\/2026\/04\/public-examination-preparation-concept_2025-09-19_17-43-12.webp.webp?fit=1200%2C801&ssl=1&resize=525%2C300 1.5x, https:\/\/i0.wp.com\/noticiasribeiraopreto.com.br\/wp-content\/uploads\/2026\/04\/public-examination-preparation-concept_2025-09-19_17-43-12.webp.webp?fit=1200%2C801&ssl=1&resize=700%2C400 2x, https:\/\/i0.wp.com\/noticiasribeiraopreto.com.br\/wp-content\/uploads\/2026\/04\/public-examination-preparation-concept_2025-09-19_17-43-12.webp.webp?fit=1200%2C801&ssl=1&resize=1050%2C600 3x"},"classes":[]},{"id":78018,"url":"https:\/\/noticiasribeiraopreto.com.br\/index.php\/2025\/09\/30\/prefeitura-na-regiao-de-ribeirao-abre-processo-seletivo-para-professores-salarios-chegam-a-r-38-mil\/","url_meta":{"origin":79165,"position":1},"title":"Prefeitura na regi\u00e3o de Ribeir\u00e3o abre processo seletivo para professores; Sal\u00e1rios chegam a R$ 3,8 mil","author":"noticiasribeiraopreto.com.br","date":"30 de September de 2025","format":false,"excerpt":"A Prefeitura de Jaboticabal, cidade na regi\u00e3o de Ribeir\u00e3o Preto, abriu processo seletivo para forma\u00e7\u00e3o de cadastro reserva no cargo de professor. As vagas abrangem diferentes \u00e1reas de atua\u00e7\u00e3o, com remunera\u00e7\u00e3o entre R$ 25,78 e R$ 29,93 por hora\/aula \u2013 veja as oportunidades logo abaixo. Para a fun\u00e7\u00e3o de Professor\u2026","rel":"","context":"In &quot;Not\u00edcias de Ribeir\u00e3o Preto-SP e Regi\u00e3o&quot;","block_context":{"text":"Not\u00edcias de Ribeir\u00e3o Preto-SP e Regi\u00e3o","link":"https:\/\/noticiasribeiraopreto.com.br\/index.php\/category\/noticias-de-ribeirao-preto-sp-e-regiao-ismael-colosi\/"},"img":{"alt_text":"","src":"https:\/\/i0.wp.com\/noticiasribeiraopreto.com.br\/wp-content\/uploads\/2025\/06\/concurso-publico-7_2025-01-22_20-01-23_jpg_2025-01-22_20-01-23.webp.webp?fit=1200%2C800&ssl=1&resize=350%2C200","width":350,"height":200,"srcset":"https:\/\/i0.wp.com\/noticiasribeiraopreto.com.br\/wp-content\/uploads\/2025\/06\/concurso-publico-7_2025-01-22_20-01-23_jpg_2025-01-22_20-01-23.webp.webp?fit=1200%2C800&ssl=1&resize=350%2C200 1x, https:\/\/i0.wp.com\/noticiasribeiraopreto.com.br\/wp-content\/uploads\/2025\/06\/concurso-publico-7_2025-01-22_20-01-23_jpg_2025-01-22_20-01-23.webp.webp?fit=1200%2C800&ssl=1&resize=525%2C300 1.5x, https:\/\/i0.wp.com\/noticiasribeiraopreto.com.br\/wp-content\/uploads\/2025\/06\/concurso-publico-7_2025-01-22_20-01-23_jpg_2025-01-22_20-01-23.webp.webp?fit=1200%2C800&ssl=1&resize=700%2C400 2x, https:\/\/i0.wp.com\/noticiasribeiraopreto.com.br\/wp-content\/uploads\/2025\/06\/concurso-publico-7_2025-01-22_20-01-23_jpg_2025-01-22_20-01-23.webp.webp?fit=1200%2C800&ssl=1&resize=1050%2C600 3x"},"classes":[]},{"id":82602,"url":"https:\/\/noticiasribeiraopreto.com.br\/index.php\/2026\/02\/20\/prefeitura-no-interior-de-sp-abre-processo-seletivo-com-salarios-de-ate-r-54-mil\/","url_meta":{"origin":79165,"position":2},"title":"Prefeitura no interior de SP abre processo seletivo com sal\u00e1rios de at\u00e9 R$ 5,4 mil","author":"noticiasribeiraopreto.com.br","date":"20 de February de 2026","format":false,"excerpt":"A Prefeitura de Ituverava, no interior de S\u00e3o Paulo, publicou um edital de processo seletivo que pretende contratar profissionais de n\u00edvel m\u00e9dio e superior. As vagas s\u00e3o para diferentes cargos e os sal\u00e1rios variam entre R$ 2.008,43 e R$ 5.495,96 \u2013 veja abaixo. A remunera\u00e7\u00e3o para as oportunidades de professor\u2026","rel":"","context":"In &quot;Not\u00edcias de Ribeir\u00e3o Preto-SP e Regi\u00e3o&quot;","block_context":{"text":"Not\u00edcias de Ribeir\u00e3o Preto-SP e Regi\u00e3o","link":"https:\/\/noticiasribeiraopreto.com.br\/index.php\/category\/noticias-de-ribeirao-preto-sp-e-regiao-ismael-colosi\/"},"img":{"alt_text":"","src":"https:\/\/i0.wp.com\/noticiasribeiraopreto.com.br\/wp-content\/uploads\/2026\/02\/Copia-de-Copia-de-TAMANHO-EXATO-PARA-FOTOS-NO-SISTEMA-NOVO-53_2024-05-27_20-53-10_jpg_2024-05-27_20-53-10.webp.webp?fit=1200%2C675&ssl=1&resize=350%2C200","width":350,"height":200,"srcset":"https:\/\/i0.wp.com\/noticiasribeiraopreto.com.br\/wp-content\/uploads\/2026\/02\/Copia-de-Copia-de-TAMANHO-EXATO-PARA-FOTOS-NO-SISTEMA-NOVO-53_2024-05-27_20-53-10_jpg_2024-05-27_20-53-10.webp.webp?fit=1200%2C675&ssl=1&resize=350%2C200 1x, https:\/\/i0.wp.com\/noticiasribeiraopreto.com.br\/wp-content\/uploads\/2026\/02\/Copia-de-Copia-de-TAMANHO-EXATO-PARA-FOTOS-NO-SISTEMA-NOVO-53_2024-05-27_20-53-10_jpg_2024-05-27_20-53-10.webp.webp?fit=1200%2C675&ssl=1&resize=525%2C300 1.5x, https:\/\/i0.wp.com\/noticiasribeiraopreto.com.br\/wp-content\/uploads\/2026\/02\/Copia-de-Copia-de-TAMANHO-EXATO-PARA-FOTOS-NO-SISTEMA-NOVO-53_2024-05-27_20-53-10_jpg_2024-05-27_20-53-10.webp.webp?fit=1200%2C675&ssl=1&resize=700%2C400 2x, https:\/\/i0.wp.com\/noticiasribeiraopreto.com.br\/wp-content\/uploads\/2026\/02\/Copia-de-Copia-de-TAMANHO-EXATO-PARA-FOTOS-NO-SISTEMA-NOVO-53_2024-05-27_20-53-10_jpg_2024-05-27_20-53-10.webp.webp?fit=1200%2C675&ssl=1&resize=1050%2C600 3x"},"classes":[]},{"id":84676,"url":"https:\/\/noticiasribeiraopreto.com.br\/index.php\/2026\/04\/14\/prefeitura-abre-processo-seletivo-para-professores-na-regiao-de-ribeirao-preto\/","url_meta":{"origin":79165,"position":3},"title":"Prefeitura abre processo seletivo para professores na regi\u00e3o de Ribeir\u00e3o Preto","author":"noticiasribeiraopreto.com.br","date":"14 de April de 2026","format":false,"excerpt":"Ler o resumo da not\u00edcia Prefeitura de Bebedouro, na regi\u00e3o de Ribeir\u00e3o Preto, abriu inscri\u00e7\u00f5es para processo seletivo de cadastro reserva na \u00e1rea de educa\u00e7\u00e3o. H\u00e1 vagas para professores de educa\u00e7\u00e3o infantil, fundamental I e II, educa\u00e7\u00e3o de jovens e adultos, educa\u00e7\u00e3o especial e profissional de apoio escolar. Sal\u00e1rios variam\u2026","rel":"","context":"In &quot;Not\u00edcias de Ribeir\u00e3o Preto-SP e Regi\u00e3o&quot;","block_context":{"text":"Not\u00edcias de Ribeir\u00e3o Preto-SP e Regi\u00e3o","link":"https:\/\/noticiasribeiraopreto.com.br\/index.php\/category\/noticias-de-ribeirao-preto-sp-e-regiao-ismael-colosi\/"},"img":{"alt_text":"","src":"https:\/\/i0.wp.com\/noticiasribeiraopreto.com.br\/wp-content\/uploads\/2026\/03\/concurso_2025-10-10_18-32-50.webp.webp?fit=1200%2C963&ssl=1&resize=350%2C200","width":350,"height":200,"srcset":"https:\/\/i0.wp.com\/noticiasribeiraopreto.com.br\/wp-content\/uploads\/2026\/03\/concurso_2025-10-10_18-32-50.webp.webp?fit=1200%2C963&ssl=1&resize=350%2C200 1x, https:\/\/i0.wp.com\/noticiasribeiraopreto.com.br\/wp-content\/uploads\/2026\/03\/concurso_2025-10-10_18-32-50.webp.webp?fit=1200%2C963&ssl=1&resize=525%2C300 1.5x, https:\/\/i0.wp.com\/noticiasribeiraopreto.com.br\/wp-content\/uploads\/2026\/03\/concurso_2025-10-10_18-32-50.webp.webp?fit=1200%2C963&ssl=1&resize=700%2C400 2x, https:\/\/i0.wp.com\/noticiasribeiraopreto.com.br\/wp-content\/uploads\/2026\/03\/concurso_2025-10-10_18-32-50.webp.webp?fit=1200%2C963&ssl=1&resize=1050%2C600 3x"},"classes":[]},{"id":68250,"url":"https:\/\/noticiasribeiraopreto.com.br\/index.php\/2025\/04\/23\/prefeitura-no-interior-de-sp-publica-edital-de-processo-seletivo-veja-como-participar\/","url_meta":{"origin":79165,"position":4},"title":"Prefeitura no interior de SP publica edital de processo seletivo; Veja como participar","author":"noticiasribeiraopreto.com.br","date":"23 de April de 2025","format":false,"excerpt":"A Prefeitura de Pirangi, cidade no interior de S\u00e3o Paulo, publicou o edital de abertura das inscri\u00e7\u00f5es para processo seletivo com 11 oportunidades de n\u00edvel fundamental, m\u00e9dio e superior. Os sal\u00e1rios para as fun\u00e7\u00f5es variam entre R$ 1,7 mil e R$ 3,1 mil. De acordo com o edital, a jornada\u2026","rel":"","context":"In &quot;Not\u00edcias de Ribeir\u00e3o Preto-SP e Regi\u00e3o&quot;","block_context":{"text":"Not\u00edcias de Ribeir\u00e3o Preto-SP e Regi\u00e3o","link":"https:\/\/noticiasribeiraopreto.com.br\/index.php\/category\/noticias-de-ribeirao-preto-sp-e-regiao-ismael-colosi\/"},"img":{"alt_text":"","src":"https:\/\/i0.wp.com\/noticiasribeiraopreto.com.br\/wp-content\/uploads\/2024\/10\/concurso-publico-6_2024-08-26_18-49-03_jpg_2024-08-26_18-49-03.webp.webp?fit=1200%2C800&ssl=1&resize=350%2C200","width":350,"height":200,"srcset":"https:\/\/i0.wp.com\/noticiasribeiraopreto.com.br\/wp-content\/uploads\/2024\/10\/concurso-publico-6_2024-08-26_18-49-03_jpg_2024-08-26_18-49-03.webp.webp?fit=1200%2C800&ssl=1&resize=350%2C200 1x, https:\/\/i0.wp.com\/noticiasribeiraopreto.com.br\/wp-content\/uploads\/2024\/10\/concurso-publico-6_2024-08-26_18-49-03_jpg_2024-08-26_18-49-03.webp.webp?fit=1200%2C800&ssl=1&resize=525%2C300 1.5x, https:\/\/i0.wp.com\/noticiasribeiraopreto.com.br\/wp-content\/uploads\/2024\/10\/concurso-publico-6_2024-08-26_18-49-03_jpg_2024-08-26_18-49-03.webp.webp?fit=1200%2C800&ssl=1&resize=700%2C400 2x, https:\/\/i0.wp.com\/noticiasribeiraopreto.com.br\/wp-content\/uploads\/2024\/10\/concurso-publico-6_2024-08-26_18-49-03_jpg_2024-08-26_18-49-03.webp.webp?fit=1200%2C800&ssl=1&resize=1050%2C600 3x"},"classes":[]},{"id":78888,"url":"https:\/\/noticiasribeiraopreto.com.br\/index.php\/2025\/10\/20\/prefeitura-no-interior-de-sp-abre-inscricoes-para-concurso-publico-com-36-vagas-veja-como-se-inscrever\/","url_meta":{"origin":79165,"position":5},"title":"Prefeitura no interior de SP abre inscri\u00e7\u00f5es para concurso p\u00fablico com 36 vagas; Veja como se inscrever","author":"noticiasribeiraopreto.com.br","date":"20 de October de 2025","format":false,"excerpt":"A Prefeitura de Serra Azul, cidade no interior de S\u00e3o Paulo, publicou edital de concurso p\u00fablico com 36 vagas para os n\u00edveis m\u00e9dio, t\u00e9cnico e superior, al\u00e9m de forma\u00e7\u00e3o de cadastro reserva. Os sal\u00e1rios variam entre R$ 1.853,19 e R$ 3.232,39. Para o cargo de Professor, a carga hor\u00e1ria ser\u00e1\u2026","rel":"","context":"In &quot;Not\u00edcias de Ribeir\u00e3o Preto-SP e Regi\u00e3o&quot;","block_context":{"text":"Not\u00edcias de Ribeir\u00e3o Preto-SP e Regi\u00e3o","link":"https:\/\/noticiasribeiraopreto.com.br\/index.php\/category\/noticias-de-ribeirao-preto-sp-e-regiao-ismael-colosi\/"},"img":{"alt_text":"","src":"https:\/\/i0.wp.com\/noticiasribeiraopreto.com.br\/wp-content\/uploads\/2025\/06\/african-american-teen-solving-school-assignment-literature-class-lesson_2025-06-29_15-53-51.webp.webp?fit=1200%2C800&ssl=1&resize=350%2C200","width":350,"height":200,"srcset":"https:\/\/i0.wp.com\/noticiasribeiraopreto.com.br\/wp-content\/uploads\/2025\/06\/african-american-teen-solving-school-assignment-literature-class-lesson_2025-06-29_15-53-51.webp.webp?fit=1200%2C800&ssl=1&resize=350%2C200 1x, https:\/\/i0.wp.com\/noticiasribeiraopreto.com.br\/wp-content\/uploads\/2025\/06\/african-american-teen-solving-school-assignment-literature-class-lesson_2025-06-29_15-53-51.webp.webp?fit=1200%2C800&ssl=1&resize=525%2C300 1.5x, https:\/\/i0.wp.com\/noticiasribeiraopreto.com.br\/wp-content\/uploads\/2025\/06\/african-american-teen-solving-school-assignment-literature-class-lesson_2025-06-29_15-53-51.webp.webp?fit=1200%2C800&ssl=1&resize=700%2C400 2x, https:\/\/i0.wp.com\/noticiasribeiraopreto.com.br\/wp-content\/uploads\/2025\/06\/african-american-teen-solving-school-assignment-literature-class-lesson_2025-06-29_15-53-51.webp.webp?fit=1200%2C800&ssl=1&resize=1050%2C600 3x"},"classes":[]}],"jetpack_sharing_enabled":true,"jetpack_shortlink":"https:\/\/wp.me\/peQAOb-kAR","_links":{"self":[{"href":"https:\/\/noticiasribeiraopreto.com.br\/index.php\/wp-json\/wp\/v2\/posts\/79165","targetHints":{"allow":["GET"]}}],"collection":[{"href":"https:\/\/noticiasribeiraopreto.com.br\/index.php\/wp-json\/wp\/v2\/posts"}],"about":[{"href":"https:\/\/noticiasribeiraopreto.com.br\/index.php\/wp-json\/wp\/v2\/types\/post"}],"author":[{"embeddable":true,"href":"https:\/\/noticiasribeiraopreto.com.br\/index.php\/wp-json\/wp\/v2\/users\/1"}],"replies":[{"embeddable":true,"href":"https:\/\/noticiasribeiraopreto.com.br\/index.php\/wp-json\/wp\/v2\/comments?post=79165"}],"version-history":[{"count":0,"href":"https:\/\/noticiasribeiraopreto.com.br\/index.php\/wp-json\/wp\/v2\/posts\/79165\/revisions"}],"wp:featuredmedia":[{"embeddable":true,"href":"https:\/\/noticiasribeiraopreto.com.br\/index.php\/wp-json\/wp\/v2\/media\/79166"}],"wp:attachment":[{"href":"https:\/\/noticiasribeiraopreto.com.br\/index.php\/wp-json\/wp\/v2\/media?parent=79165"}],"wp:term":[{"taxonomy":"category","embeddable":true,"href":"https:\/\/noticiasribeiraopreto.com.br\/index.php\/wp-json\/wp\/v2\/categories?post=79165"},{"taxonomy":"post_tag","embeddable":true,"href":"https:\/\/noticiasribeiraopreto.com.br\/index.php\/wp-json\/wp\/v2\/tags?post=79165"}],"curies":[{"name":"wp","href":"https:\/\/api.w.org\/{rel}","templated":true}]}}