{"id":79167,"date":"2025-10-25T17:40:52","date_gmt":"2025-10-25T20:40:52","guid":{"rendered":"https:\/\/noticiasribeiraopreto.com.br\/index.php\/2025\/10\/25\/cinema-de-ribeirao-preto-exibe-sessoes-antecipadas-de-o-agente-secreto\/"},"modified":"2025-10-25T17:40:52","modified_gmt":"2025-10-25T20:40:52","slug":"cinema-de-ribeirao-preto-exibe-sessoes-antecipadas-de-o-agente-secreto","status":"publish","type":"post","link":"https:\/\/noticiasribeiraopreto.com.br\/index.php\/2025\/10\/25\/cinema-de-ribeirao-preto-exibe-sessoes-antecipadas-de-o-agente-secreto\/","title":{"rendered":"Cinema de Ribeir\u00e3o Preto exibe sess\u00f5es antecipadas de \u2018O Agente Secreto\u2019"},"content":{"rendered":"<div class='code-block code-block-1' style='margin: 8px 0 8px auto; text-align: right; display: block; clear: both;'>\n<p><a href=\"https:\/\/wa.link\/vpicfd\"><img data-recalc-dims=\"1\" class=\"wp-image-4922\" style=\"aspect-ratio: 2.0253164556962027; width: 561px; height: auto;\" src=\"https:\/\/i0.wp.com\/ismaelcolosi.com.br\/wp-content\/uploads\/2023\/11\/grupo-de-empregos-whatsapp-e-facebook-ismael-colosi-vagas.jpg?ssl=1\" alt=\"\" \/><\/a><\/p>\n<!-- \/wp:image -->\n<\/div>\n<p> <br \/>\n<\/p>\n<div data-td-block-uid=\"tdi_95\">\n<div class=\"tdb-block-inner td-fix-index\">\n<p>A rede de cinema <strong>Cin\u00e9polis<\/strong>, localizada no<strong> Shopping Santa \u00darsula<\/strong>, em <strong>Ribeir\u00e3o Preto <\/strong>ir\u00e1 exibir antecipadamente \u201c<strong>O Agente Secreto<\/strong>\u201d, longa-metragem premiado no <strong>Festival de Cannes<\/strong> e <mark style=\"background-color:#fcb900\" class=\"has-inline-color\">cotado para representar o<strong> Brasil<\/strong> no <strong>Oscar 2026<\/strong><\/mark>. As sess\u00f5es acontecem nos dias <strong>25 de outubro<\/strong> e 1<strong>\u00ba de novembro<\/strong>, \u00e0s <strong>20h<\/strong>, antecedendo a estreia nacional, marcada para o dia <strong>6 de novembro<\/strong>.<\/p>\n<h2 class=\"wp-block-heading\"><strong>O Agente Secreto<\/strong><\/h2>\n<p>Dirigido por <strong>Kleber Mendon\u00e7a Filho<\/strong> e estrelado por <strong>Wagner Moura<\/strong>, o longa se passa na d\u00e9cada de <strong>1970 <\/strong>e acompanha a hist\u00f3ria de um professor universit\u00e1rio especialista em tecnologia, que retorna ao <strong>Recife<\/strong> para reencontrar o filho mais novo em meio \u00e0 <strong>ditadura militar<\/strong>.<\/p>\n<figure class=\"wp-block-gallery has-nested-images columns-default is-cropped wp-block-gallery-1 is-layout-flex wp-block-gallery-is-layout-flex\">\n<figure class=\"wp-block-image size-large\"><img data-recalc-dims=\"1\" fetchpriority=\"high\" decoding=\"async\" width=\"1024\" height=\"576\" data-id=\"133512\" src=\"https:\/\/i0.wp.com\/cdn.media-acidadeon.com.br\/ribeiraopreto\/wp-content\/uploads\/sites\/3\/2025\/10\/o-agente-secreto-filme-com-wagner-moura-ganha-teaser-oficial_2025-10-25_15-45-55-1024x576.webp?resize=1024%2C576&#038;ssl=1\" alt=\"O Agente Secreto\" class=\"wp-image-133512\" title=\"Cinema de Ribeir\u00e3o Preto exibe sess\u00f5es antecipadas de \u2018O Agente Secreto\u2019 1\" srcset=\"https:\/\/cdn.media-acidadeon.com.br\/ribeiraopreto\/wp-content\/uploads\/sites\/3\/2025\/10\/o-agente-secreto-filme-com-wagner-moura-ganha-teaser-oficial_2025-10-25_15-45-55-1024x576.webp 1024w, https:\/\/cdn.media-acidadeon.com.br\/ribeiraopreto\/wp-content\/uploads\/sites\/3\/2025\/10\/o-agente-secreto-filme-com-wagner-moura-ganha-teaser-oficial_2025-10-25_15-45-55-300x169.webp 300w, https:\/\/cdn.media-acidadeon.com.br\/ribeiraopreto\/wp-content\/uploads\/sites\/3\/2025\/10\/o-agente-secreto-filme-com-wagner-moura-ganha-teaser-oficial_2025-10-25_15-45-55-768x432.webp 768w, https:\/\/cdn.media-acidadeon.com.br\/ribeiraopreto\/wp-content\/uploads\/sites\/3\/2025\/10\/o-agente-secreto-filme-com-wagner-moura-ganha-teaser-oficial_2025-10-25_15-45-55-696x392.webp 696w, https:\/\/cdn.media-acidadeon.com.br\/ribeiraopreto\/wp-content\/uploads\/sites\/3\/2025\/10\/o-agente-secreto-filme-com-wagner-moura-ganha-teaser-oficial_2025-10-25_15-45-55-1068x601.webp 1068w, https:\/\/cdn.media-acidadeon.com.br\/ribeiraopreto\/wp-content\/uploads\/sites\/3\/2025\/10\/o-agente-secreto-filme-com-wagner-moura-ganha-teaser-oficial_2025-10-25_15-45-55.webp 1200w\" sizes=\"(max-width: 1024px) 100vw, 1024px\"\/><figcaption class=\"wp-element-caption\">Foto: Divulga\u00e7\u00e3o\/Vitrine Filmes<\/figcaption><\/figure>\n<figure class=\"wp-block-image size-large\"><img data-recalc-dims=\"1\" loading=\"lazy\" decoding=\"async\" width=\"1024\" height=\"576\" data-id=\"133511\" src=\"https:\/\/i0.wp.com\/cdn.media-acidadeon.com.br\/ribeiraopreto\/wp-content\/uploads\/sites\/3\/2025\/10\/o-agente-secreto-com-wagner-moura-sera-exibido-em-mais-de-90-paises_20250704_142813_0000-1024x576.webp?resize=1024%2C576&#038;ssl=1\" alt=\"O Agente Secreto \" class=\"wp-image-133511\" title=\"Cinema de Ribeir\u00e3o Preto exibe sess\u00f5es antecipadas de \u2018O Agente Secreto\u2019 2\" srcset=\"https:\/\/cdn.media-acidadeon.com.br\/ribeiraopreto\/wp-content\/uploads\/sites\/3\/2025\/10\/o-agente-secreto-com-wagner-moura-sera-exibido-em-mais-de-90-paises_20250704_142813_0000-1024x576.webp 1024w, https:\/\/cdn.media-acidadeon.com.br\/ribeiraopreto\/wp-content\/uploads\/sites\/3\/2025\/10\/o-agente-secreto-com-wagner-moura-sera-exibido-em-mais-de-90-paises_20250704_142813_0000-300x169.webp 300w, https:\/\/cdn.media-acidadeon.com.br\/ribeiraopreto\/wp-content\/uploads\/sites\/3\/2025\/10\/o-agente-secreto-com-wagner-moura-sera-exibido-em-mais-de-90-paises_20250704_142813_0000-768x432.webp 768w, https:\/\/cdn.media-acidadeon.com.br\/ribeiraopreto\/wp-content\/uploads\/sites\/3\/2025\/10\/o-agente-secreto-com-wagner-moura-sera-exibido-em-mais-de-90-paises_20250704_142813_0000-696x392.webp 696w, https:\/\/cdn.media-acidadeon.com.br\/ribeiraopreto\/wp-content\/uploads\/sites\/3\/2025\/10\/o-agente-secreto-com-wagner-moura-sera-exibido-em-mais-de-90-paises_20250704_142813_0000-1068x601.webp 1068w, https:\/\/cdn.media-acidadeon.com.br\/ribeiraopreto\/wp-content\/uploads\/sites\/3\/2025\/10\/o-agente-secreto-com-wagner-moura-sera-exibido-em-mais-de-90-paises_20250704_142813_0000.webp 1280w\" sizes=\"auto, (max-width: 1024px) 100vw, 1024px\"\/><figcaption class=\"wp-element-caption\">Foto: reprodu\u00e7\u00e3o\/ redes sociais<\/figcaption><\/figure>\n<\/figure>\n<p><strong>Wagner Moura<\/strong> se consagrou como o primeiro brasileiro a ganhar o pr\u00eamio de<strong> Melhor Ator em Cannes<\/strong> com sua atua\u00e7\u00e3o no longa. J\u00e1 <strong>Kleber<\/strong>, diretor do filme, recebeu o trof\u00e9u de <strong>Melhor Dire\u00e7\u00e3o<\/strong>. Al\u00e9m disso, \u201c<strong>O Agente Secreto<\/strong>\u201d tamb\u00e9m levou o <strong>Pr\u00eamio da Cr\u00edtica<\/strong>.<\/p>\n<figure class=\"wp-block-gallery has-nested-images columns-default is-cropped wp-block-gallery-2 is-layout-flex wp-block-gallery-is-layout-flex\">\n<figure class=\"wp-block-image size-large\"><img data-recalc-dims=\"1\" loading=\"lazy\" decoding=\"async\" width=\"640\" height=\"426\" data-id=\"133513\" src=\"https:\/\/i0.wp.com\/cdn.media-acidadeon.com.br\/ribeiraopreto\/wp-content\/uploads\/sites\/3\/2025\/10\/d0486840-380a-11f0-96c3-cf669419a2b0.jpg.webp?resize=640%2C426&#038;ssl=1\" alt=\"O Agente Secreto\" class=\"wp-image-133513\" title=\"Cinema de Ribeir\u00e3o Preto exibe sess\u00f5es antecipadas de \u2018O Agente Secreto\u2019 3\" srcset=\"https:\/\/cdn.media-acidadeon.com.br\/ribeiraopreto\/wp-content\/uploads\/sites\/3\/2025\/10\/d0486840-380a-11f0-96c3-cf669419a2b0.jpg.webp 640w, https:\/\/cdn.media-acidadeon.com.br\/ribeiraopreto\/wp-content\/uploads\/sites\/3\/2025\/10\/d0486840-380a-11f0-96c3-cf669419a2b0.jpg-300x200.webp 300w\" sizes=\"auto, (max-width: 640px) 100vw, 640px\"\/><figcaption class=\"wp-element-caption\">Foto: Reprodu\u00e7\u00e3o \/ Getty Imagens <\/figcaption><\/figure>\n<figure class=\"wp-block-image size-large\"><img data-recalc-dims=\"1\" loading=\"lazy\" decoding=\"async\" width=\"1024\" height=\"682\" data-id=\"133516\" src=\"https:\/\/i0.wp.com\/cdn.media-acidadeon.com.br\/ribeiraopreto\/wp-content\/uploads\/sites\/3\/2025\/10\/000_47ZP474-1024x682-1_2025-10-25_15-48-36.webp?resize=1024%2C682&#038;ssl=1\" alt=\"O Agente Secreto \" class=\"wp-image-133516\" title=\"Cinema de Ribeir\u00e3o Preto exibe sess\u00f5es antecipadas de \u2018O Agente Secreto\u2019 4\" srcset=\"https:\/\/cdn.media-acidadeon.com.br\/ribeiraopreto\/wp-content\/uploads\/sites\/3\/2025\/10\/000_47ZP474-1024x682-1_2025-10-25_15-48-36.webp 1024w, https:\/\/cdn.media-acidadeon.com.br\/ribeiraopreto\/wp-content\/uploads\/sites\/3\/2025\/10\/000_47ZP474-1024x682-1_2025-10-25_15-48-36-300x200.webp 300w, https:\/\/cdn.media-acidadeon.com.br\/ribeiraopreto\/wp-content\/uploads\/sites\/3\/2025\/10\/000_47ZP474-1024x682-1_2025-10-25_15-48-36-768x512.webp 768w, https:\/\/cdn.media-acidadeon.com.br\/ribeiraopreto\/wp-content\/uploads\/sites\/3\/2025\/10\/000_47ZP474-1024x682-1_2025-10-25_15-48-36-696x464.webp 696w\" sizes=\"auto, (max-width: 1024px) 100vw, 1024px\"\/><figcaption class=\"wp-element-caption\">Foto: Reprodu\u00e7\u00e3o \/ Miguel Medina<\/figcaption><\/figure>\n<\/figure>\n<p>Ap\u00f3s as exibi\u00e7\u00f5es especiais, \u201c<strong>O Agente Secreto<\/strong>\u201d entra em cartaz na programa\u00e7\u00e3o regular da <strong>Cin\u00e9polis<\/strong> a partir de <strong>7 de novembro<\/strong>, com sess\u00f5es di\u00e1rias. Os ingressos j\u00e1 est\u00e3o dispon\u00edveis no site oficial da rede. Assista ao trailer abaixo:<\/p>\n<figure class=\"wp-block-embed is-type-video is-provider-youtube wp-block-embed-youtube wp-embed-aspect-16-9 wp-has-aspect-ratio\">\n<div class=\"wp-block-embed__wrapper\">\n<p><iframe loading=\"lazy\" title=\"O AGENTE SECRETO | Teaser Oficial\" width=\"500\" height=\"281\" src=\"https:\/\/www.youtube.com\/embed\/55qrBGoY0Mo?feature=oembed\" frameborder=\"0\" allow=\"accelerometer; autoplay; clipboard-write; encrypted-media; gyroscope; picture-in-picture; web-share\" referrerpolicy=\"strict-origin-when-cross-origin\" allowfullscreen><\/iframe><\/p>\n<\/div>\n<\/figure>\n<p>SAIBA MAIS<br \/>Inmet emite alerta de perigo potencial para o interior de SP; Confira regi\u00f5es afetadas<\/p>\n<h2 class=\"wp-block-heading\"><strong>FIQUE ON<\/strong><\/h2>\n<p>Fique ligado em tudo que acontece em Ribeir\u00e3o Preto e regi\u00e3o. Siga os perfis do\u00a0<strong>acidade on<\/strong>\u00a0no<a href=\"https:\/\/www.instagram.com\/acidadeonribeirao\" target=\"_blank\" rel=\"noreferrer noopener\">\u00a0Instagram\u00a0<\/a>e no\u00a0<a href=\"https:\/\/www.facebook.com\/acidadeonribeirao\/\" target=\"_blank\" rel=\"noreferrer noopener\">Facebook<\/a>.<\/p>\n<p>Receba not\u00edcias do<strong>\u00a0acidade on<\/strong>\u00a0no WhatsApp. Para entrar no grupo,\u00a0basta\u00a0<a href=\"https:\/\/chat.whatsapp.com\/I4nieTEMKlf50pJ28aMemC?mode=ac_t\" target=\"_blank\" rel=\"noreferrer noopener\">clicar aqui<\/a>. Ou, acesse o nosso\u00a0Canal\u00a0<a href=\"https:\/\/whatsapp.com\/channel\/0029Vb6IQl1JENyAeS57fk2p\" target=\"_blank\" rel=\"noreferrer noopener\">clicando aqui<\/a>.<\/p>\n<p>Fa\u00e7a uma den\u00fancia ou sugira uma reportagem sobre Ribeir\u00e3o Preto e regi\u00e3o pelo WhatsApp: 16 99117 7802.<\/p>\n<p>VEJA TAMB\u00c9M<br \/>\u2018Ningu\u00e9m Quer\u2019 ter\u00e1 3\u00aa temporada?<\/p>\n<p><!-- AI CONTENT END 1 -->\n<\/div>\n<\/div>\n<p><script async src=\"\/\/www.instagram.com\/embed.js\"><\/script><br \/>\n<br \/><br \/>\n<br \/><a href=\"https:\/\/www.acidadeon.com\/ribeiraopreto\/lazer-e-cultura\/cinema-de-ribeirao-preto-exibe-sessoes-antecipadas-de-o-agente-secreto\/\">Source link <\/a><\/p>\n<!-- CONTENT END 1 -->\n","protected":false},"excerpt":{"rendered":"<p>A rede de cinema Cin\u00e9polis, localizada no Shopping Santa \u00darsula, em Ribeir\u00e3o Preto ir\u00e1 exibir antecipadamente \u201cO Agente Secreto\u201d, longa-metragem premiado no Festival de Cannes&#8230;<\/p>\n","protected":false},"author":1,"featured_media":79169,"comment_status":"open","ping_status":"open","sticky":false,"template":"","format":"standard","meta":{"advanced_seo_description":"","jetpack_seo_html_title":"","jetpack_seo_noindex":false,"jetpack_post_was_ever_published":false,"_jetpack_newsletter_access":"","_jetpack_dont_email_post_to_subs":false,"_jetpack_newsletter_tier_id":0,"_jetpack_memberships_contains_paywalled_content":false,"_jetpack_memberships_contains_paid_content":false,"footnotes":"","jetpack_publicize_message":"","jetpack_publicize_feature_enabled":true,"jetpack_social_post_already_shared":true,"jetpack_social_options":{"image_generator_settings":{"template":"highway","default_image_id":0,"font":"","enabled":false},"version":2}},"categories":[11],"tags":[],"class_list":["post-79167","post","type-post","status-publish","format-standard","has-post-thumbnail","hentry","category-noticias-de-ribeirao-preto-sp-e-regiao-ismael-colosi"],"jetpack_publicize_connections":[],"jetpack_featured_media_url":"https:\/\/i0.wp.com\/noticiasribeiraopreto.com.br\/wp-content\/uploads\/2025\/10\/Copia-de-Copia-de-Copia-de-TAMANHO-EXATO-PARA-FOTOS-NO-SISTEMA-NOVO-82_2025-10-25_15-41-49.webp.webp?fit=1200%2C675&ssl=1","jetpack-related-posts":[{"id":82496,"url":"https:\/\/noticiasribeiraopreto.com.br\/index.php\/2026\/02\/16\/o-agente-secreto-vence-spirit-award-como-melhor-filme-internacional\/","url_meta":{"origin":79167,"position":0},"title":"O Agente Secreto vence Spirit Award como melhor filme internacional","author":"noticiasribeiraopreto.com.br","date":"16 de February de 2026","format":false,"excerpt":"\r \r \r \r \r 16 de fevereiro de 2026 11:39 \r Compartilhar0 \r O longa brasileiro O Agente Secreto venceu neste domingo (15) o Film Independent Spirit Awards na categoria Melhor Filme Internacional. Esta foi a terceira indica\u00e7\u00e3o do diretor Kleber Mendon\u00e7a Filho \u00e0 premia\u00e7\u00e3o e sua primeira vit\u00f3ria.\u2026","rel":"","context":"In &quot;Not\u00edcias de Ribeir\u00e3o Preto-SP e Regi\u00e3o&quot;","block_context":{"text":"Not\u00edcias de Ribeir\u00e3o Preto-SP e Regi\u00e3o","link":"https:\/\/noticiasribeiraopreto.com.br\/index.php\/category\/noticias-de-ribeirao-preto-sp-e-regiao-ismael-colosi\/"},"img":{"alt_text":"","src":"https:\/\/i0.wp.com\/noticiasribeiraopreto.com.br\/wp-content\/uploads\/2026\/02\/O-agente-secreeto.webp.webp?fit=1170%2C700&ssl=1&resize=350%2C200","width":350,"height":200,"srcset":"https:\/\/i0.wp.com\/noticiasribeiraopreto.com.br\/wp-content\/uploads\/2026\/02\/O-agente-secreeto.webp.webp?fit=1170%2C700&ssl=1&resize=350%2C200 1x, https:\/\/i0.wp.com\/noticiasribeiraopreto.com.br\/wp-content\/uploads\/2026\/02\/O-agente-secreeto.webp.webp?fit=1170%2C700&ssl=1&resize=525%2C300 1.5x, https:\/\/i0.wp.com\/noticiasribeiraopreto.com.br\/wp-content\/uploads\/2026\/02\/O-agente-secreeto.webp.webp?fit=1170%2C700&ssl=1&resize=700%2C400 2x, https:\/\/i0.wp.com\/noticiasribeiraopreto.com.br\/wp-content\/uploads\/2026\/02\/O-agente-secreeto.webp.webp?fit=1170%2C700&ssl=1&resize=1050%2C600 3x"},"classes":[]},{"id":80595,"url":"https:\/\/noticiasribeiraopreto.com.br\/index.php\/2025\/12\/07\/rede-de-cinema-oferece-precos-promocionais-para-sessoes-de-wicked-parte-ii\/","url_meta":{"origin":79167,"position":1},"title":"Rede de cinema oferece pre\u00e7os promocionais para sess\u00f5es de &#8216;Wicked: Parte II&#8217;","author":"noticiasribeiraopreto.com.br","date":"7 de December de 2025","format":false,"excerpt":"Ap\u00f3s ultrapassar a marca de 700 mil espectadores no Brasil, \u201cWicked: Parte II\u201d segue em cartaz na rede de cinema UCI com valores promocionais ao ser escolhido como Filme da Semana. At\u00e9 o dia 10 de dezembro, o musical ter\u00e1 ingressos promocionais de R$ 11,50 (meia) de segunda a quarta-feira\u2026","rel":"","context":"In &quot;Not\u00edcias de Ribeir\u00e3o Preto-SP e Regi\u00e3o&quot;","block_context":{"text":"Not\u00edcias de Ribeir\u00e3o Preto-SP e Regi\u00e3o","link":"https:\/\/noticiasribeiraopreto.com.br\/index.php\/category\/noticias-de-ribeirao-preto-sp-e-regiao-ismael-colosi\/"},"img":{"alt_text":"","src":"https:\/\/i0.wp.com\/noticiasribeiraopreto.com.br\/wp-content\/uploads\/2025\/12\/f6fb3c1c-8087-4325-85ea-52a848db5abb_2025-12-06_16-51-59.webp.webp?fit=789%2C592&ssl=1&resize=350%2C200","width":350,"height":200,"srcset":"https:\/\/i0.wp.com\/noticiasribeiraopreto.com.br\/wp-content\/uploads\/2025\/12\/f6fb3c1c-8087-4325-85ea-52a848db5abb_2025-12-06_16-51-59.webp.webp?fit=789%2C592&ssl=1&resize=350%2C200 1x, https:\/\/i0.wp.com\/noticiasribeiraopreto.com.br\/wp-content\/uploads\/2025\/12\/f6fb3c1c-8087-4325-85ea-52a848db5abb_2025-12-06_16-51-59.webp.webp?fit=789%2C592&ssl=1&resize=525%2C300 1.5x, https:\/\/i0.wp.com\/noticiasribeiraopreto.com.br\/wp-content\/uploads\/2025\/12\/f6fb3c1c-8087-4325-85ea-52a848db5abb_2025-12-06_16-51-59.webp.webp?fit=789%2C592&ssl=1&resize=700%2C400 2x"},"classes":[]},{"id":81623,"url":"https:\/\/noticiasribeiraopreto.com.br\/index.php\/2026\/01\/12\/o-agente-secreto-faz-historia-no-globo-de-ouro-com-dois-premios\/","url_meta":{"origin":79167,"position":2},"title":"O Agente Secreto faz hist\u00f3ria no Globo de Ouro com dois pr\u00eamios","author":"noticiasribeiraopreto.com.br","date":"12 de January de 2026","format":false,"excerpt":"O cinema brasileiro viveu uma noite hist\u00f3rica neste domingo no Globo de Ouro, realizado no The Beverly Hilton, em Los Angeles (EUA). O filme O Agente Secreto, dirigido por Kleber Mendon\u00e7a Filho, venceu duas das principais categorias da cerim\u00f4nia: Melhor Filme em L\u00edngua N\u00e3o Inglesa e Melhor Ator em Filme\u2026","rel":"","context":"In &quot;Not\u00edcias de Ribeir\u00e3o Preto-SP e Regi\u00e3o&quot;","block_context":{"text":"Not\u00edcias de Ribeir\u00e3o Preto-SP e Regi\u00e3o","link":"https:\/\/noticiasribeiraopreto.com.br\/index.php\/category\/noticias-de-ribeirao-preto-sp-e-regiao-ismael-colosi\/"},"img":{"alt_text":"","src":"https:\/\/i0.wp.com\/noticiasribeiraopreto.com.br\/wp-content\/uploads\/2026\/01\/agente-secreto-premio-Victor-Juca-.webp.webp?fit=1170%2C700&ssl=1&resize=350%2C200","width":350,"height":200,"srcset":"https:\/\/i0.wp.com\/noticiasribeiraopreto.com.br\/wp-content\/uploads\/2026\/01\/agente-secreto-premio-Victor-Juca-.webp.webp?fit=1170%2C700&ssl=1&resize=350%2C200 1x, https:\/\/i0.wp.com\/noticiasribeiraopreto.com.br\/wp-content\/uploads\/2026\/01\/agente-secreto-premio-Victor-Juca-.webp.webp?fit=1170%2C700&ssl=1&resize=525%2C300 1.5x, https:\/\/i0.wp.com\/noticiasribeiraopreto.com.br\/wp-content\/uploads\/2026\/01\/agente-secreto-premio-Victor-Juca-.webp.webp?fit=1170%2C700&ssl=1&resize=700%2C400 2x, https:\/\/i0.wp.com\/noticiasribeiraopreto.com.br\/wp-content\/uploads\/2026\/01\/agente-secreto-premio-Victor-Juca-.webp.webp?fit=1170%2C700&ssl=1&resize=1050%2C600 3x"},"classes":[]},{"id":52784,"url":"https:\/\/noticiasribeiraopreto.com.br\/index.php\/2024\/06\/12\/harry-potter-e-o-prisioneiro-de-azkaban-tem-novas-sessoes-veja-como-comprar-ingressos\/","url_meta":{"origin":79167,"position":3},"title":"\u2018Harry Potter e o Prisioneiro de Azkaban\u2019 tem novas sess\u00f5es; Veja como comprar ingressos","author":"noticiasribeiraopreto.com.br","date":"12 de June de 2024","format":false,"excerpt":"Terceiro filme da franquia, \u201cHarry Potter e o Prisioneiro de Azkaban\u201d t\u00eam novas sess\u00f5es nos cinemas brasileiros. A reexibi\u00e7\u00e3o do filme acontece no dia 29 de junho, \u00faltimo s\u00e1bado do m\u00eas, e a pr\u00e9-venda ser\u00e1 iniciada no pr\u00f3ximo dia 21 de junho. O anuncio das novas sess\u00f5es foi feito nesta\u2026","rel":"","context":"In &quot;Not\u00edcias de Ribeir\u00e3o Preto-SP e Regi\u00e3o&quot;","block_context":{"text":"Not\u00edcias de Ribeir\u00e3o Preto-SP e Regi\u00e3o","link":"https:\/\/noticiasribeiraopreto.com.br\/index.php\/category\/noticias-de-ribeirao-preto-sp-e-regiao-ismael-colosi\/"},"img":{"alt_text":"","src":"https:\/\/i0.wp.com\/noticiasribeiraopreto.com.br\/wp-content\/uploads\/2024\/06\/Copia-de-Copia-de-TAMANHO-EXATO-PARA-FOTOS-NO-SISTEMA-NOVO-10_2024-06-12_15-21-26_jpg_2024-06-12_15-21-26.webp.webp?fit=1200%2C675&ssl=1&resize=350%2C200","width":350,"height":200,"srcset":"https:\/\/i0.wp.com\/noticiasribeiraopreto.com.br\/wp-content\/uploads\/2024\/06\/Copia-de-Copia-de-TAMANHO-EXATO-PARA-FOTOS-NO-SISTEMA-NOVO-10_2024-06-12_15-21-26_jpg_2024-06-12_15-21-26.webp.webp?fit=1200%2C675&ssl=1&resize=350%2C200 1x, https:\/\/i0.wp.com\/noticiasribeiraopreto.com.br\/wp-content\/uploads\/2024\/06\/Copia-de-Copia-de-TAMANHO-EXATO-PARA-FOTOS-NO-SISTEMA-NOVO-10_2024-06-12_15-21-26_jpg_2024-06-12_15-21-26.webp.webp?fit=1200%2C675&ssl=1&resize=525%2C300 1.5x, https:\/\/i0.wp.com\/noticiasribeiraopreto.com.br\/wp-content\/uploads\/2024\/06\/Copia-de-Copia-de-TAMANHO-EXATO-PARA-FOTOS-NO-SISTEMA-NOVO-10_2024-06-12_15-21-26_jpg_2024-06-12_15-21-26.webp.webp?fit=1200%2C675&ssl=1&resize=700%2C400 2x, https:\/\/i0.wp.com\/noticiasribeiraopreto.com.br\/wp-content\/uploads\/2024\/06\/Copia-de-Copia-de-TAMANHO-EXATO-PARA-FOTOS-NO-SISTEMA-NOVO-10_2024-06-12_15-21-26_jpg_2024-06-12_15-21-26.webp.webp?fit=1200%2C675&ssl=1&resize=1050%2C600 3x"},"classes":[]},{"id":63217,"url":"https:\/\/noticiasribeiraopreto.com.br\/index.php\/2025\/02\/06\/emilia-perez-e-blindado-chegam-aos-cinemas-de-ribeirao-preto-veja-os-trailers\/","url_meta":{"origin":79167,"position":4},"title":"\u2018Emilia P\u00e9rez\u2019 e \u2018Blindado\u2019 chegam aos cinemas de Ribeir\u00e3o Preto; Veja os trailers","author":"noticiasribeiraopreto.com.br","date":"6 de February de 2025","format":false,"excerpt":"Os cinemas de Ribeir\u00e3o Preto t\u00eam quatro estreias nesta quinta-feira (6). Entre os filmes em cartaz est\u00e3o o filme indicado ao Oscar 2025 \u201cEmilia P\u00e9rez\u201d e o novo longa de a\u00e7\u00e3o com Sylvester Stallone, \u201cBlindado\u201d. Confira a programa\u00e7\u00e3o completa abaixo. Ribeir\u00e3o Preto conta com quatro cinemas: o UCI localizado no\u2026","rel":"","context":"In &quot;Not\u00edcias de Ribeir\u00e3o Preto-SP e Regi\u00e3o&quot;","block_context":{"text":"Not\u00edcias de Ribeir\u00e3o Preto-SP e Regi\u00e3o","link":"https:\/\/noticiasribeiraopreto.com.br\/index.php\/category\/noticias-de-ribeirao-preto-sp-e-regiao-ismael-colosi\/"},"img":{"alt_text":"","src":"https:\/\/i0.wp.com\/noticiasribeiraopreto.com.br\/wp-content\/uploads\/2025\/02\/emilia-perez-1155x770-1_2025-02-06_15-11-00.webp.webp?fit=1155%2C770&ssl=1&resize=350%2C200","width":350,"height":200,"srcset":"https:\/\/i0.wp.com\/noticiasribeiraopreto.com.br\/wp-content\/uploads\/2025\/02\/emilia-perez-1155x770-1_2025-02-06_15-11-00.webp.webp?fit=1155%2C770&ssl=1&resize=350%2C200 1x, https:\/\/i0.wp.com\/noticiasribeiraopreto.com.br\/wp-content\/uploads\/2025\/02\/emilia-perez-1155x770-1_2025-02-06_15-11-00.webp.webp?fit=1155%2C770&ssl=1&resize=525%2C300 1.5x, https:\/\/i0.wp.com\/noticiasribeiraopreto.com.br\/wp-content\/uploads\/2025\/02\/emilia-perez-1155x770-1_2025-02-06_15-11-00.webp.webp?fit=1155%2C770&ssl=1&resize=700%2C400 2x, https:\/\/i0.wp.com\/noticiasribeiraopreto.com.br\/wp-content\/uploads\/2025\/02\/emilia-perez-1155x770-1_2025-02-06_15-11-00.webp.webp?fit=1155%2C770&ssl=1&resize=1050%2C600 3x"},"classes":[]},{"id":66610,"url":"https:\/\/noticiasribeiraopreto.com.br\/index.php\/2025\/04\/03\/um-filme-minecraft-um-dia-daqueles-e-codigo-alarum-chegam-aos-cinemas-de-ribeirao-preto\/","url_meta":{"origin":79167,"position":5},"title":"&#8216;Um Filme Minecraft&#8217;, \u2018Um Dia Daqueles\u2019 e \u2018C\u00f3digo Alarum\u2019 chegam aos cinemas de Ribeir\u00e3o Preto","author":"noticiasribeiraopreto.com.br","date":"3 de April de 2025","format":false,"excerpt":"Os cinemas de Ribeir\u00e3o Preto recebem seis novos filmes na primeira quinta-feira de abril. Os destaques da programa\u00e7\u00e3o s\u00e3o \u201cUm filme Minecraft\u201d, \u201cUm Dia Daqueles\u201d, com\u00a0 Keke Palmer e SZA, e o \u201cC\u00f3digo Alarum\u201d, com Scott Eastwood. Veja outras estreias abaixo. Ribeir\u00e3o Preto conta com quatro cinemas, o UCI localizado\u2026","rel":"","context":"In &quot;Not\u00edcias de Ribeir\u00e3o Preto-SP e Regi\u00e3o&quot;","block_context":{"text":"Not\u00edcias de Ribeir\u00e3o Preto-SP e Regi\u00e3o","link":"https:\/\/noticiasribeiraopreto.com.br\/index.php\/category\/noticias-de-ribeirao-preto-sp-e-regiao-ismael-colosi\/"},"img":{"alt_text":"","src":"https:\/\/i0.wp.com\/noticiasribeiraopreto.com.br\/wp-content\/uploads\/2025\/04\/sza-keke_2025-04-03_13-19-09.webp.webp?fit=1200%2C577&ssl=1&resize=350%2C200","width":350,"height":200,"srcset":"https:\/\/i0.wp.com\/noticiasribeiraopreto.com.br\/wp-content\/uploads\/2025\/04\/sza-keke_2025-04-03_13-19-09.webp.webp?fit=1200%2C577&ssl=1&resize=350%2C200 1x, https:\/\/i0.wp.com\/noticiasribeiraopreto.com.br\/wp-content\/uploads\/2025\/04\/sza-keke_2025-04-03_13-19-09.webp.webp?fit=1200%2C577&ssl=1&resize=525%2C300 1.5x, https:\/\/i0.wp.com\/noticiasribeiraopreto.com.br\/wp-content\/uploads\/2025\/04\/sza-keke_2025-04-03_13-19-09.webp.webp?fit=1200%2C577&ssl=1&resize=700%2C400 2x, https:\/\/i0.wp.com\/noticiasribeiraopreto.com.br\/wp-content\/uploads\/2025\/04\/sza-keke_2025-04-03_13-19-09.webp.webp?fit=1200%2C577&ssl=1&resize=1050%2C600 3x"},"classes":[]}],"jetpack_sharing_enabled":true,"jetpack_shortlink":"https:\/\/wp.me\/peQAOb-kAT","_links":{"self":[{"href":"https:\/\/noticiasribeiraopreto.com.br\/index.php\/wp-json\/wp\/v2\/posts\/79167","targetHints":{"allow":["GET"]}}],"collection":[{"href":"https:\/\/noticiasribeiraopreto.com.br\/index.php\/wp-json\/wp\/v2\/posts"}],"about":[{"href":"https:\/\/noticiasribeiraopreto.com.br\/index.php\/wp-json\/wp\/v2\/types\/post"}],"author":[{"embeddable":true,"href":"https:\/\/noticiasribeiraopreto.com.br\/index.php\/wp-json\/wp\/v2\/users\/1"}],"replies":[{"embeddable":true,"href":"https:\/\/noticiasribeiraopreto.com.br\/index.php\/wp-json\/wp\/v2\/comments?post=79167"}],"version-history":[{"count":0,"href":"https:\/\/noticiasribeiraopreto.com.br\/index.php\/wp-json\/wp\/v2\/posts\/79167\/revisions"}],"wp:featuredmedia":[{"embeddable":true,"href":"https:\/\/noticiasribeiraopreto.com.br\/index.php\/wp-json\/wp\/v2\/media\/79169"}],"wp:attachment":[{"href":"https:\/\/noticiasribeiraopreto.com.br\/index.php\/wp-json\/wp\/v2\/media?parent=79167"}],"wp:term":[{"taxonomy":"category","embeddable":true,"href":"https:\/\/noticiasribeiraopreto.com.br\/index.php\/wp-json\/wp\/v2\/categories?post=79167"},{"taxonomy":"post_tag","embeddable":true,"href":"https:\/\/noticiasribeiraopreto.com.br\/index.php\/wp-json\/wp\/v2\/tags?post=79167"}],"curies":[{"name":"wp","href":"https:\/\/api.w.org\/{rel}","templated":true}]}}