{"id":79170,"date":"2025-10-25T20:19:17","date_gmt":"2025-10-25T23:19:17","guid":{"rendered":"https:\/\/noticiasribeiraopreto.com.br\/index.php\/2025\/10\/25\/governo-de-sp-publica-licitacao-da-rota-mogiana-com-trecho-na-regiao-de-ribeirao-preto\/"},"modified":"2025-10-25T20:19:17","modified_gmt":"2025-10-25T23:19:17","slug":"governo-de-sp-publica-licitacao-da-rota-mogiana-com-trecho-na-regiao-de-ribeirao-preto","status":"publish","type":"post","link":"https:\/\/noticiasribeiraopreto.com.br\/index.php\/2025\/10\/25\/governo-de-sp-publica-licitacao-da-rota-mogiana-com-trecho-na-regiao-de-ribeirao-preto\/","title":{"rendered":"Governo de SP publica licita\u00e7\u00e3o da Rota Mogiana, com trecho na regi\u00e3o de Ribeir\u00e3o Preto"},"content":{"rendered":"<div class='code-block code-block-1' style='margin: 8px 0 8px auto; text-align: right; display: block; clear: both;'>\n<p><a href=\"https:\/\/wa.link\/vpicfd\"><img data-recalc-dims=\"1\" class=\"wp-image-4922\" style=\"aspect-ratio: 2.0253164556962027; width: 561px; height: auto;\" src=\"https:\/\/i0.wp.com\/ismaelcolosi.com.br\/wp-content\/uploads\/2023\/11\/grupo-de-empregos-whatsapp-e-facebook-ismael-colosi-vagas.jpg?ssl=1\" alt=\"\" \/><\/a><\/p>\n<!-- \/wp:image -->\n<\/div>\n<p> <br \/>\n<\/p>\n<div>\n<p>O <strong>Governo do Estado de S\u00e3o Paulo<\/strong> publicou no <strong>Di\u00e1rio Oficial<\/strong> desta sexta-feira (24) a licita\u00e7\u00e3o de concess\u00e3o da <strong>Rota Mogiana<\/strong>. <mark style=\"background-color:#fcb900\" class=\"has-inline-color\">O pacote inclui a <strong>rodovia Abr\u00e3o Assed<\/strong>, uma das <strong>principais da regi\u00e3o de Ribeir\u00e3o Preto<\/strong>.<\/mark><\/p>\n<p>O projeto prev\u00ea a moderniza\u00e7\u00e3o de mais de 500 quil\u00f4metros de rodovias no interior paulista, com investimentos estimados em <strong>R$ 8,9 bilh\u00f5es<\/strong>. O objetivo \u00e9 melhorar a fluidez do tr\u00e1fego e a integra\u00e7\u00e3o entre <strong>polos agr\u00edcolas<\/strong>, <strong>industriais <\/strong>e <strong>log\u00edsticos<\/strong>.<\/p>\n<p>A concess\u00e3o das rodovias para a iniciativa privada \u00e9 de 30 anos e o <strong>leil\u00e3o <\/strong>est\u00e1 marcado para <strong>27 de fevereiro de 2026<\/strong>, na sede da <strong>B3<\/strong>, em <strong>S\u00e3o Paulo<\/strong>.<\/p>\n<h2 class=\"wp-block-heading\"><strong>Obras<\/strong><\/h2>\n<p>Conforme o <strong>Governo de S\u00e3o Paulo<\/strong>, as obras incluem duplica\u00e7\u00f5es, faixas adicionais e amplia\u00e7\u00f5es de capacidade em trechos estrat\u00e9gicos. Entre os principais trechos est\u00e3o:<\/p>\n<ul class=\"wp-block-list\">\n<li>Campinas a Mogi Gua\u00e7u: implanta\u00e7\u00e3o de faixas adicionais;<\/li>\n<li>Santo Ant\u00f4nio de Posse a Artur Nogueira e Casa Branca a S\u00e3o Jos\u00e9 do Rio Pardo: duplica\u00e7\u00f5es;<\/li>\n<li>Mococa a Santa Cruz da Esperan\u00e7a: duplica\u00e7\u00e3o de rodovia;<\/li>\n<li>\u00c1guas da Prata: duplica\u00e7\u00e3o at\u00e9 a divisa com Minas Gerais e constru\u00e7\u00e3o de novo contorno vi\u00e1rio para retirar tr\u00e1fego pesado do centro urbano.<\/li>\n<\/ul>\n<p>As interven\u00e7\u00f5es devem facilitar o escoamento da produ\u00e7\u00e3o agr\u00edcola, reduzir custos log\u00edsticos e aumentar a seguran\u00e7a vi\u00e1ria para motoristas e moradores das cidades atendidas, como Campinas, Holambra, Artur Nogueira, Mogi Mirim, Mogi Gua\u00e7u, Agua\u00ed, S\u00e3o Jo\u00e3o da Boa Vista, Esp\u00edrito Santo do Pinhal, Casa Branca, Mococa e Cajuru.<\/p>\n<figure class=\"wp-block-pullquote\">\n<blockquote>\n<p>A Rota Mogiana \u00e9 um projeto estruturante para o interior, que amplia a integra\u00e7\u00e3o regional e estimula a gera\u00e7\u00e3o de empregos e oportunidades<\/p>\n<p><cite>disse o secret\u00e1rio de Parcerias em Investimentos, Rafael Benini.<\/cite><\/p><\/blockquote>\n<\/figure>\n<p>O projeto recebeu <strong>284 contribui\u00e7\u00f5es da sociedade<\/strong> durante consultas e audi\u00eancias p\u00fablicas e faz parte do programa<strong> SP pra Toda Obra<\/strong>, que re\u00fane mais de R$ 30 bilh\u00f5es em investimentos e mais de 1.500 obras em rodovias estaduais.<\/p>\n<hr class=\"wp-block-separator has-alpha-channel-opacity\"\/>\n<p>SAIBA MAIS<\/p>\n<p>Prefeitura no interior de SP prorroga inscri\u00e7\u00f5es para processo seletivo de professores<\/p>\n<h2 class=\"wp-block-heading\"><strong>FIQUE ON<\/strong><\/h2>\n<p>Fique ligado em tudo que acontece em Ribeir\u00e3o Preto e regi\u00e3o. Siga os perfis do\u00a0<strong>acidade on\u00a0<\/strong>no\u00a0<a href=\"https:\/\/www.instagram.com\/acidadeonribeirao\" target=\"_blank\" rel=\"noreferrer noopener\">Instagram<\/a>\u00a0e no<a href=\"https:\/\/www.facebook.com\/acidadeonribeirao\/\" target=\"_blank\" rel=\"noreferrer noopener\">\u00a0Facebook<\/a>.<\/p>\n<p>Receba not\u00edcias do<strong>\u00a0acidade on<\/strong>\u00a0no WhatsApp. Para entrar no grupo,\u00a0basta\u00a0<a href=\"https:\/\/chat.whatsapp.com\/I4nieTEMKlf50pJ28aMemC?mode=ac_t\" target=\"_blank\" rel=\"noreferrer noopener\">clicar aqui<\/a>. Ou, acesse o nosso\u00a0Canal\u00a0<a href=\"https:\/\/whatsapp.com\/channel\/0029Vb6IQl1JENyAeS57fk2p\" target=\"_blank\" rel=\"noreferrer noopener\">clicando aqui<\/a>.<\/p>\n<p>Fa\u00e7a uma den\u00fancia ou sugira uma reportagem sobre Ribeir\u00e3o Preto e regi\u00e3o pelo WhatsApp: 16 99117 7802.<\/p>\n<p>VEJA TAMB\u00c9M<\/p>\n<p>\u2018Ningu\u00e9m Quer\u2019 ter\u00e1 3\u00aa temporada?<\/p>\n<p><!-- AI CONTENT END 1 -->\n<\/div>\n<p><script async src=\"\/\/www.instagram.com\/embed.js\"><\/script><br \/>\n<br \/><br \/>\n<br \/><a href=\"https:\/\/www.acidadeon.com\/ribeiraopreto\/politica\/governo-de-sp-publica-licitacao-da-rota-mogiana-com-trecho-na-regiao-de-ribeirao-preto\/\">Source link <\/a><\/p>\n<!-- CONTENT END 1 -->\n","protected":false},"excerpt":{"rendered":"<p>O Governo do Estado de S\u00e3o Paulo publicou no Di\u00e1rio Oficial desta sexta-feira (24) a licita\u00e7\u00e3o de concess\u00e3o da Rota Mogiana. O pacote inclui a&#8230;<\/p>\n","protected":false},"author":1,"featured_media":78161,"comment_status":"open","ping_status":"open","sticky":false,"template":"","format":"standard","meta":{"advanced_seo_description":"","jetpack_seo_html_title":"","jetpack_seo_noindex":false,"jetpack_post_was_ever_published":false,"_jetpack_newsletter_access":"","_jetpack_dont_email_post_to_subs":false,"_jetpack_newsletter_tier_id":0,"_jetpack_memberships_contains_paywalled_content":false,"_jetpack_memberships_contains_paid_content":false,"footnotes":"","jetpack_publicize_message":"","jetpack_publicize_feature_enabled":true,"jetpack_social_post_already_shared":true,"jetpack_social_options":{"image_generator_settings":{"template":"highway","default_image_id":0,"font":"","enabled":false},"version":2}},"categories":[11],"tags":[],"class_list":["post-79170","post","type-post","status-publish","format-standard","has-post-thumbnail","hentry","category-noticias-de-ribeirao-preto-sp-e-regiao-ismael-colosi"],"jetpack_publicize_connections":[],"jetpack_featured_media_url":"https:\/\/i0.wp.com\/noticiasribeiraopreto.com.br\/wp-content\/uploads\/2025\/10\/rodovia-abrao-assed_2025-03-12_15-14-15_jpg_2025-03-12_15-14-15.webp.webp?fit=1207%2C820&ssl=1","jetpack-related-posts":[{"id":77524,"url":"https:\/\/noticiasribeiraopreto.com.br\/index.php\/2025\/09\/20\/governo-de-sp-aprova-edital-de-concessao-da-rota-mogiana-que-inclui-rodovia-na-regiao-de-ribeirao\/","url_meta":{"origin":79170,"position":0},"title":"Governo de SP aprova edital de concess\u00e3o da Rota Mogiana, que inclui rodovia na regi\u00e3o de Ribeir\u00e3o","author":"noticiasribeiraopreto.com.br","date":"20 de September de 2025","format":false,"excerpt":"O Governo de S\u00e3o Paulo aprovou na sexta-feira (19), a modelagem e a autoriza\u00e7\u00e3o para publica\u00e7\u00e3o do edital de licita\u00e7\u00e3o da Rota Mogiana, que prev\u00ea a concess\u00e3o de 532 km de rodovias no interior paulista. O pacote inclui a rodovia Abr\u00e3o Assed, uma das principais da regi\u00e3o de Ribeir\u00e3o Preto.\u2026","rel":"","context":"In &quot;Not\u00edcias de Ribeir\u00e3o Preto-SP e Regi\u00e3o&quot;","block_context":{"text":"Not\u00edcias de Ribeir\u00e3o Preto-SP e Regi\u00e3o","link":"https:\/\/noticiasribeiraopreto.com.br\/index.php\/category\/noticias-de-ribeirao-preto-sp-e-regiao-ismael-colosi\/"},"img":{"alt_text":"","src":"https:\/\/i0.wp.com\/noticiasribeiraopreto.com.br\/wp-content\/uploads\/2025\/09\/Copia-de-Copia-de-Copia-de-TAMANHO-EXATO-PARA-FOTOS-NO-SISTEMA-NOVO-2025-09-20T124643.684_2025-09-20_15-46-49.webp.webp?fit=1200%2C675&ssl=1&resize=350%2C200","width":350,"height":200,"srcset":"https:\/\/i0.wp.com\/noticiasribeiraopreto.com.br\/wp-content\/uploads\/2025\/09\/Copia-de-Copia-de-Copia-de-TAMANHO-EXATO-PARA-FOTOS-NO-SISTEMA-NOVO-2025-09-20T124643.684_2025-09-20_15-46-49.webp.webp?fit=1200%2C675&ssl=1&resize=350%2C200 1x, https:\/\/i0.wp.com\/noticiasribeiraopreto.com.br\/wp-content\/uploads\/2025\/09\/Copia-de-Copia-de-Copia-de-TAMANHO-EXATO-PARA-FOTOS-NO-SISTEMA-NOVO-2025-09-20T124643.684_2025-09-20_15-46-49.webp.webp?fit=1200%2C675&ssl=1&resize=525%2C300 1.5x, https:\/\/i0.wp.com\/noticiasribeiraopreto.com.br\/wp-content\/uploads\/2025\/09\/Copia-de-Copia-de-Copia-de-TAMANHO-EXATO-PARA-FOTOS-NO-SISTEMA-NOVO-2025-09-20T124643.684_2025-09-20_15-46-49.webp.webp?fit=1200%2C675&ssl=1&resize=700%2C400 2x, https:\/\/i0.wp.com\/noticiasribeiraopreto.com.br\/wp-content\/uploads\/2025\/09\/Copia-de-Copia-de-Copia-de-TAMANHO-EXATO-PARA-FOTOS-NO-SISTEMA-NOVO-2025-09-20T124643.684_2025-09-20_15-46-49.webp.webp?fit=1200%2C675&ssl=1&resize=1050%2C600 3x"},"classes":[]},{"id":78160,"url":"https:\/\/noticiasribeiraopreto.com.br\/index.php\/2025\/10\/03\/tarcisio-autoriza-licitacao-para-concessao-da-rodovia-abrao-assed\/","url_meta":{"origin":79170,"position":1},"title":"Tarc\u00edsio autoriza licita\u00e7\u00e3o para concess\u00e3o da rodovia Abr\u00e3o Assed","author":"noticiasribeiraopreto.com.br","date":"3 de October de 2025","format":false,"excerpt":"O governador de S\u00e3o Paulo, Tarc\u00edsio de Freitas (REP), autorizou a abertura da licita\u00e7\u00e3o para concess\u00e3o das rodovias do lote Rota Mogiana, entre elas, a rodovia Abr\u00e3o Assed (SP-333), uma das principais da regi\u00e3o de Ribeir\u00e3o Preto. O decreto que permite a abertura da licita\u00e7\u00e3o foi publicado no Di\u00e1rio Oficial\u2026","rel":"","context":"In &quot;Not\u00edcias de Ribeir\u00e3o Preto-SP e Regi\u00e3o&quot;","block_context":{"text":"Not\u00edcias de Ribeir\u00e3o Preto-SP e Regi\u00e3o","link":"https:\/\/noticiasribeiraopreto.com.br\/index.php\/category\/noticias-de-ribeirao-preto-sp-e-regiao-ismael-colosi\/"},"img":{"alt_text":"","src":"https:\/\/i0.wp.com\/noticiasribeiraopreto.com.br\/wp-content\/uploads\/2025\/10\/rodovia-abrao-assed_2025-03-12_15-14-15_jpg_2025-03-12_15-14-15.webp.webp?fit=1200%2C815&ssl=1&resize=350%2C200","width":350,"height":200,"srcset":"https:\/\/i0.wp.com\/noticiasribeiraopreto.com.br\/wp-content\/uploads\/2025\/10\/rodovia-abrao-assed_2025-03-12_15-14-15_jpg_2025-03-12_15-14-15.webp.webp?fit=1200%2C815&ssl=1&resize=350%2C200 1x, https:\/\/i0.wp.com\/noticiasribeiraopreto.com.br\/wp-content\/uploads\/2025\/10\/rodovia-abrao-assed_2025-03-12_15-14-15_jpg_2025-03-12_15-14-15.webp.webp?fit=1200%2C815&ssl=1&resize=525%2C300 1.5x, https:\/\/i0.wp.com\/noticiasribeiraopreto.com.br\/wp-content\/uploads\/2025\/10\/rodovia-abrao-assed_2025-03-12_15-14-15_jpg_2025-03-12_15-14-15.webp.webp?fit=1200%2C815&ssl=1&resize=700%2C400 2x, https:\/\/i0.wp.com\/noticiasribeiraopreto.com.br\/wp-content\/uploads\/2025\/10\/rodovia-abrao-assed_2025-03-12_15-14-15_jpg_2025-03-12_15-14-15.webp.webp?fit=1200%2C815&ssl=1&resize=1050%2C600 3x"},"classes":[]},{"id":82833,"url":"https:\/\/noticiasribeiraopreto.com.br\/index.php\/2026\/02\/28\/consorcio-vence-leilao-da-rota-mogiana-com-oferta-de-r-1-bilhao\/","url_meta":{"origin":79170,"position":2},"title":"Cons\u00f3rcio vence leil\u00e3o da Rota Mogiana com oferta de R$ 1 bilh\u00e3o","author":"noticiasribeiraopreto.com.br","date":"28 de February de 2026","format":false,"excerpt":"O Cons\u00f3rcio Rota Mogiana, liderado pelo grupo Azevedo e Travassos, venceu o leil\u00e3o da concess\u00e3o das rodovias da Rota Mogiana na tarde desta sexta-feira (27). O lote conta com rodovias que cortam a regi\u00e3o de Ribeir\u00e3o Preto, como a Abr\u00e3o Assed \u2013 o trecho concedido fica entre Cajuru e Santa\u2026","rel":"","context":"In &quot;Not\u00edcias de Ribeir\u00e3o Preto-SP e Regi\u00e3o&quot;","block_context":{"text":"Not\u00edcias de Ribeir\u00e3o Preto-SP e Regi\u00e3o","link":"https:\/\/noticiasribeiraopreto.com.br\/index.php\/category\/noticias-de-ribeirao-preto-sp-e-regiao-ismael-colosi\/"},"img":{"alt_text":"","src":"https:\/\/i0.wp.com\/noticiasribeiraopreto.com.br\/wp-content\/uploads\/2026\/02\/rota-mogiana_2026-02-26_14-43-26.webp.webp?fit=1200%2C800&ssl=1&resize=350%2C200","width":350,"height":200,"srcset":"https:\/\/i0.wp.com\/noticiasribeiraopreto.com.br\/wp-content\/uploads\/2026\/02\/rota-mogiana_2026-02-26_14-43-26.webp.webp?fit=1200%2C800&ssl=1&resize=350%2C200 1x, https:\/\/i0.wp.com\/noticiasribeiraopreto.com.br\/wp-content\/uploads\/2026\/02\/rota-mogiana_2026-02-26_14-43-26.webp.webp?fit=1200%2C800&ssl=1&resize=525%2C300 1.5x, https:\/\/i0.wp.com\/noticiasribeiraopreto.com.br\/wp-content\/uploads\/2026\/02\/rota-mogiana_2026-02-26_14-43-26.webp.webp?fit=1200%2C800&ssl=1&resize=700%2C400 2x, https:\/\/i0.wp.com\/noticiasribeiraopreto.com.br\/wp-content\/uploads\/2026\/02\/rota-mogiana_2026-02-26_14-43-26.webp.webp?fit=1200%2C800&ssl=1&resize=1050%2C600 3x"},"classes":[]},{"id":81449,"url":"https:\/\/noticiasribeiraopreto.com.br\/index.php\/2026\/01\/06\/republicado-edital-de-concessao-da-abrao-assed\/","url_meta":{"origin":79170,"position":3},"title":"Republicado edital de concess\u00e3o da Abr\u00e3o Assed","author":"noticiasribeiraopreto.com.br","date":"6 de January de 2026","format":false,"excerpt":"\r \r \r 6 de janeiro de 2026 10:39 \r Compartilhar0 O Governo de S\u00e3o Paulo republicou o edital da concess\u00e3o das rodovias do Lote Rota Mogiana, que interligam a regi\u00e3o de Ribeir\u00e3o Preto, incluindo a Rodovia Abr\u00e3o Assed entre as cidades de Cajuru e Santa Cruz da Esperan\u00e7a. A\u2026","rel":"","context":"In &quot;Not\u00edcias de Ribeir\u00e3o Preto-SP e Regi\u00e3o&quot;","block_context":{"text":"Not\u00edcias de Ribeir\u00e3o Preto-SP e Regi\u00e3o","link":"https:\/\/noticiasribeiraopreto.com.br\/index.php\/category\/noticias-de-ribeirao-preto-sp-e-regiao-ismael-colosi\/"},"img":{"alt_text":"","src":"https:\/\/i0.wp.com\/noticiasribeiraopreto.com.br\/wp-content\/uploads\/2026\/01\/2-abraao-assed.jpg?fit=702%2C439&ssl=1&resize=350%2C200","width":350,"height":200,"srcset":"https:\/\/i0.wp.com\/noticiasribeiraopreto.com.br\/wp-content\/uploads\/2026\/01\/2-abraao-assed.jpg?fit=702%2C439&ssl=1&resize=350%2C200 1x, https:\/\/i0.wp.com\/noticiasribeiraopreto.com.br\/wp-content\/uploads\/2026\/01\/2-abraao-assed.jpg?fit=702%2C439&ssl=1&resize=525%2C300 1.5x, https:\/\/i0.wp.com\/noticiasribeiraopreto.com.br\/wp-content\/uploads\/2026\/01\/2-abraao-assed.jpg?fit=702%2C439&ssl=1&resize=700%2C400 2x"},"classes":[]},{"id":64783,"url":"https:\/\/noticiasribeiraopreto.com.br\/index.php\/2025\/03\/12\/rodovia-abrao-assed-sera-concedida-e-podera-ter-pedagio-free-flow-em-ribeirao-preto\/","url_meta":{"origin":79170,"position":4},"title":"Rodovia Abr\u00e3o Assed ser\u00e1 concedida e poder\u00e1 ter ped\u00e1gio free flow em Ribeir\u00e3o Preto","author":"noticiasribeiraopreto.com.br","date":"12 de March de 2025","format":false,"excerpt":"A rodovia Abr\u00e3o Assed, uma das principais de Ribeir\u00e3o Preto e regi\u00e3o, faz parte do lote da Rota Mogiana, que est\u00e1 em fase de concess\u00e3o pelo Governo de S\u00e3o Paulo. De acordo com a proposta, a rodovia administrada, atualmente, pelo DER-SP (Departamento de Estradas de Rodagem de S\u00e3o Paulo), poder\u00e1\u2026","rel":"","context":"In &quot;Not\u00edcias de Ribeir\u00e3o Preto-SP e Regi\u00e3o&quot;","block_context":{"text":"Not\u00edcias de Ribeir\u00e3o Preto-SP e Regi\u00e3o","link":"https:\/\/noticiasribeiraopreto.com.br\/index.php\/category\/noticias-de-ribeirao-preto-sp-e-regiao-ismael-colosi\/"},"img":{"alt_text":"","src":"https:\/\/i0.wp.com\/noticiasribeiraopreto.com.br\/wp-content\/uploads\/2025\/03\/rodovia-abrao-assed_2025-03-12_15-14-15_jpg_2025-03-12_15-14-15.webp.webp?fit=1200%2C815&ssl=1&resize=350%2C200","width":350,"height":200,"srcset":"https:\/\/i0.wp.com\/noticiasribeiraopreto.com.br\/wp-content\/uploads\/2025\/03\/rodovia-abrao-assed_2025-03-12_15-14-15_jpg_2025-03-12_15-14-15.webp.webp?fit=1200%2C815&ssl=1&resize=350%2C200 1x, https:\/\/i0.wp.com\/noticiasribeiraopreto.com.br\/wp-content\/uploads\/2025\/03\/rodovia-abrao-assed_2025-03-12_15-14-15_jpg_2025-03-12_15-14-15.webp.webp?fit=1200%2C815&ssl=1&resize=525%2C300 1.5x, https:\/\/i0.wp.com\/noticiasribeiraopreto.com.br\/wp-content\/uploads\/2025\/03\/rodovia-abrao-assed_2025-03-12_15-14-15_jpg_2025-03-12_15-14-15.webp.webp?fit=1200%2C815&ssl=1&resize=700%2C400 2x, https:\/\/i0.wp.com\/noticiasribeiraopreto.com.br\/wp-content\/uploads\/2025\/03\/rodovia-abrao-assed_2025-03-12_15-14-15_jpg_2025-03-12_15-14-15.webp.webp?fit=1200%2C815&ssl=1&resize=1050%2C600 3x"},"classes":[]},{"id":65726,"url":"https:\/\/noticiasribeiraopreto.com.br\/index.php\/2025\/03\/23\/entenda-o-projeto-de-concessao-que-pode-incluir-novos-pedagios-na-abrao-assed\/","url_meta":{"origin":79170,"position":5},"title":"Entenda o projeto de concess\u00e3o que pode incluir novos ped\u00e1gios na Abr\u00e3o Assed","author":"noticiasribeiraopreto.com.br","date":"23 de March de 2025","format":false,"excerpt":"Terminou na \u00faltima sexta-feira (21) a consulta p\u00fablica sobre a concess\u00e3o das rodovias da Rota Mogiana. O pacote inclui a rodovia Abr\u00e3o Assed, uma das principais da regi\u00e3o de Ribeir\u00e3o Preto, onde devem ser instalados dois p\u00f3rticos de ped\u00e1gio free flow no trecho entre Ribeir\u00e3o Preto e Cajuru. Segundo a\u2026","rel":"","context":"In &quot;Not\u00edcias de Ribeir\u00e3o Preto-SP e Regi\u00e3o&quot;","block_context":{"text":"Not\u00edcias de Ribeir\u00e3o Preto-SP e Regi\u00e3o","link":"https:\/\/noticiasribeiraopreto.com.br\/index.php\/category\/noticias-de-ribeirao-preto-sp-e-regiao-ismael-colosi\/"},"img":{"alt_text":"","src":"https:\/\/i0.wp.com\/noticiasribeiraopreto.com.br\/wp-content\/uploads\/2025\/03\/abrao-assed_2025-03-23_19-03-10_jpg_2025-03-23_19-03-10.webp.webp?fit=859%2C724&ssl=1&resize=350%2C200","width":350,"height":200,"srcset":"https:\/\/i0.wp.com\/noticiasribeiraopreto.com.br\/wp-content\/uploads\/2025\/03\/abrao-assed_2025-03-23_19-03-10_jpg_2025-03-23_19-03-10.webp.webp?fit=859%2C724&ssl=1&resize=350%2C200 1x, https:\/\/i0.wp.com\/noticiasribeiraopreto.com.br\/wp-content\/uploads\/2025\/03\/abrao-assed_2025-03-23_19-03-10_jpg_2025-03-23_19-03-10.webp.webp?fit=859%2C724&ssl=1&resize=525%2C300 1.5x, https:\/\/i0.wp.com\/noticiasribeiraopreto.com.br\/wp-content\/uploads\/2025\/03\/abrao-assed_2025-03-23_19-03-10_jpg_2025-03-23_19-03-10.webp.webp?fit=859%2C724&ssl=1&resize=700%2C400 2x"},"classes":[]}],"jetpack_sharing_enabled":true,"jetpack_shortlink":"https:\/\/wp.me\/peQAOb-kAW","_links":{"self":[{"href":"https:\/\/noticiasribeiraopreto.com.br\/index.php\/wp-json\/wp\/v2\/posts\/79170","targetHints":{"allow":["GET"]}}],"collection":[{"href":"https:\/\/noticiasribeiraopreto.com.br\/index.php\/wp-json\/wp\/v2\/posts"}],"about":[{"href":"https:\/\/noticiasribeiraopreto.com.br\/index.php\/wp-json\/wp\/v2\/types\/post"}],"author":[{"embeddable":true,"href":"https:\/\/noticiasribeiraopreto.com.br\/index.php\/wp-json\/wp\/v2\/users\/1"}],"replies":[{"embeddable":true,"href":"https:\/\/noticiasribeiraopreto.com.br\/index.php\/wp-json\/wp\/v2\/comments?post=79170"}],"version-history":[{"count":0,"href":"https:\/\/noticiasribeiraopreto.com.br\/index.php\/wp-json\/wp\/v2\/posts\/79170\/revisions"}],"wp:featuredmedia":[{"embeddable":true,"href":"https:\/\/noticiasribeiraopreto.com.br\/index.php\/wp-json\/wp\/v2\/media\/78161"}],"wp:attachment":[{"href":"https:\/\/noticiasribeiraopreto.com.br\/index.php\/wp-json\/wp\/v2\/media?parent=79170"}],"wp:term":[{"taxonomy":"category","embeddable":true,"href":"https:\/\/noticiasribeiraopreto.com.br\/index.php\/wp-json\/wp\/v2\/categories?post=79170"},{"taxonomy":"post_tag","embeddable":true,"href":"https:\/\/noticiasribeiraopreto.com.br\/index.php\/wp-json\/wp\/v2\/tags?post=79170"}],"curies":[{"name":"wp","href":"https:\/\/api.w.org\/{rel}","templated":true}]}}