{"id":79171,"date":"2025-10-26T05:33:08","date_gmt":"2025-10-26T08:33:08","guid":{"rendered":"https:\/\/noticiasribeiraopreto.com.br\/index.php\/2025\/10\/26\/caso-bigodini-entenda-os-proximos-passos-apos-conclusao-da-investigacao\/"},"modified":"2025-10-26T05:33:08","modified_gmt":"2025-10-26T08:33:08","slug":"caso-bigodini-entenda-os-proximos-passos-apos-conclusao-da-investigacao","status":"publish","type":"post","link":"https:\/\/noticiasribeiraopreto.com.br\/index.php\/2025\/10\/26\/caso-bigodini-entenda-os-proximos-passos-apos-conclusao-da-investigacao\/","title":{"rendered":"Caso Bigodini: entenda os pr\u00f3ximos passos ap\u00f3s conclus\u00e3o da investiga\u00e7\u00e3o"},"content":{"rendered":"<div class='code-block code-block-1' style='margin: 8px 0 8px auto; text-align: right; display: block; clear: both;'>\n<p><a href=\"https:\/\/wa.link\/vpicfd\"><img data-recalc-dims=\"1\" class=\"wp-image-4922\" style=\"aspect-ratio: 2.0253164556962027; width: 561px; height: auto;\" src=\"https:\/\/i0.wp.com\/ismaelcolosi.com.br\/wp-content\/uploads\/2023\/11\/grupo-de-empregos-whatsapp-e-facebook-ismael-colosi-vagas.jpg?ssl=1\" alt=\"\" \/><\/a><\/p>\n<!-- \/wp:image -->\n<\/div>\n<p> <br \/>\n<\/p>\n<div>\n<p>Com a conclus\u00e3o da investiga\u00e7\u00e3o da Pol\u00edcia Civil que confirmou que o vereador <strong>Roger Ronan da Silva, o Bigodini (MDB)<\/strong>, estava dirigindo alcoolizado no momento em que se envolveu no acidente na avenida do Caf\u00e9 no final de setembro os holofotes se voltam aos Conselho de \u00c9tica da C\u00e2mara de Ribeir\u00e3o Preto onde tramita o processo de cassa\u00e7\u00e3o por quebra de decoro parlamentar.<\/p>\n<p>O Conselho de \u00c9tica j\u00e1 informou que aguarda o recebimento oficial do inqu\u00e9rito policial e disse que assim que o material for encaminhado, far\u00e1 a an\u00e1lise t\u00e9cnica e jur\u00eddica dos autos.<\/p>\n<p>Caso o inqu\u00e9rito n\u00e3o seja formalmente remetido at\u00e9 a pr\u00f3xima reuni\u00e3o do Conselho, ser\u00e1 deliberado o encaminhamento de of\u00edcio \u00e0 Pol\u00edcia Civil, solicitando acesso integral aos documentos para conhecimento e eventual delibera\u00e7\u00e3o.<\/p>\n<p>O relator do processo de cassa\u00e7\u00e3o \u00e9 o vereador <strong>Jean Corauci (PSD) <\/strong>e o Conselho de \u00c9tica \u00e9 presidido por <strong>Di\u00e1cono Ramos (Uni\u00e3o)<\/strong>.<\/p>\n<h2 class=\"wp-block-heading\"><strong>E, agora?<\/strong><\/h2>\n<p>A advogada Daniela Mendon\u00e7a, especialista em Direito Eleitoral, explica que, primeiro, o Conselho de \u00c9tica, precisar\u00e1 ter acesso \u00e0 \u00edntegra do inqu\u00e9rito policial para verificar tudo que foi apurado, como os depoimentos prestados e a conclus\u00e3o.\u00a0<\/p>\n<p>\u201cEsse inqu\u00e9rito pode ser utilizado para embasar an\u00e1lise da situa\u00e7\u00e3o no \u00e2mbito administrativo, devendo ser concedido o direito de o vereador manifestar sobre essa prova juntada no processo. Sempre precisa dar direito de defesa. Qualquer elemento novo no processo administrativo, precisa dar o direito da defesa se manifestar sobre\u201d, aponta.<\/p>\n<h2 class=\"wp-block-heading\"><strong>O que \u00e9 quebra de decoro parlamentar?<\/strong><\/h2>\n<p>Daniela Mendon\u00e7a explica que a infra\u00e7\u00e3o pol\u00edtico-administrativa se trata de quebra de decoro parlamentar, ou seja, os vereadores precisam ter uma postura e comportamento compat\u00edvel com o cargo, ainda que fora da C\u00e2mara Municipal e do desempenho da atividade legislativa.\u00a0<\/p>\n<p>\u201cDe qualquer forma, o indiciamento da pol\u00edcia poder\u00e1 ser analisado pelo Conselho de \u00c9tica e lev\u00e1-lo em considera\u00e7\u00e3o para fins de parecer, assim como dever\u00e3o ser analisadas as provas produzidas pelo vereador\u201d, aponta a advogada.<\/p>\n<p>Na \u00faltima semana, ao apresentar a defesa pr\u00e9via no processo de cassa\u00e7\u00e3o, os advogados de Bigodini pediram o arquivamento do caso por \u201cjusta causa\u201d.<\/p>\n<p>Isso porque, alegam que \u201cos fatos narrados n\u00e3o configuram conduta t\u00edpica prevista nos arts. 4\u00ba e 5\u00ba do C\u00f3digo de \u00c9tica e Decoro Parlamentar, inexistindo nexo causal entre a conduta descrita e o exerc\u00edcio da fun\u00e7\u00e3o legislativa\u201d. <mark style=\"background-color:#fcb900\" class=\"has-inline-color has-black-color\">\u00c9 v\u00e1lido lembrar que a defesa foi apresentada ao Conselho de \u00c9tica antes da conclus\u00e3o da investiga\u00e7\u00e3o pela pol\u00edcia.<\/mark><\/p>\n<figure class=\"wp-block-image size-large\"><img data-recalc-dims=\"1\" fetchpriority=\"high\" decoding=\"async\" width=\"1024\" height=\"683\" src=\"https:\/\/i0.wp.com\/cdn.media-acidadeon.com.br\/ribeiraopreto\/wp-content\/uploads\/sites\/3\/2025\/10\/conselho-de-etica_2025-10-22_19-57-13-1024x683.webp?resize=1024%2C683&#038;ssl=1\" alt=\"conselho de etica 2025 10 22 19 57 13\" class=\"wp-image-133176\" title=\"Caso Bigodini: entenda os pr\u00f3ximos passos ap\u00f3s conclus\u00e3o da investiga\u00e7\u00e3o 1\" srcset=\"https:\/\/cdn.media-acidadeon.com.br\/ribeiraopreto\/wp-content\/uploads\/sites\/3\/2025\/10\/conselho-de-etica_2025-10-22_19-57-13-1024x683.webp 1024w, https:\/\/cdn.media-acidadeon.com.br\/ribeiraopreto\/wp-content\/uploads\/sites\/3\/2025\/10\/conselho-de-etica_2025-10-22_19-57-13-300x200.webp 300w, https:\/\/cdn.media-acidadeon.com.br\/ribeiraopreto\/wp-content\/uploads\/sites\/3\/2025\/10\/conselho-de-etica_2025-10-22_19-57-13-768x512.webp 768w, https:\/\/cdn.media-acidadeon.com.br\/ribeiraopreto\/wp-content\/uploads\/sites\/3\/2025\/10\/conselho-de-etica_2025-10-22_19-57-13-696x464.webp 696w, https:\/\/cdn.media-acidadeon.com.br\/ribeiraopreto\/wp-content\/uploads\/sites\/3\/2025\/10\/conselho-de-etica_2025-10-22_19-57-13-1068x712.webp 1068w, https:\/\/cdn.media-acidadeon.com.br\/ribeiraopreto\/wp-content\/uploads\/sites\/3\/2025\/10\/conselho-de-etica_2025-10-22_19-57-13.webp 1200w\" sizes=\"(max-width: 1024px) 100vw, 1024px\"\/><figcaption class=\"wp-element-caption\">Conselho de \u00c9tica da C\u00e2mara de Ribeir\u00e3o Preto (Foto: Divulga\u00e7\u00e3o\/C\u00e2mara de Ribeir\u00e3o Preto)<\/figcaption><\/figure>\n<h2 class=\"wp-block-heading\"><strong>Conclus\u00e3o da investiga\u00e7\u00e3o<\/strong><\/h2>\n<p>Na \u00faltima sexta-feira (24), o delegado Gustavo Andr\u00e9 Alves concluiu a investiga\u00e7\u00e3o do caso e indiciou Bigodini pelos crimes de embriaguez ao volante, falsidade ideol\u00f3gica e fraude processual.<\/p>\n<p>Para chegar a esta conclus\u00e3o, o delegado contou que obteve o rastreador do ve\u00edculo alugado por Bigodini e que era dirigido por ele no momento do acidente. \u201c\u00c9 um equipamento muito preciso, por conta de usar sinal de GPS\u201d, disse. \u201cPor isso, temos uma lista de toda a noite dele\u201d.<\/p>\n<p>A investiga\u00e7\u00e3o apontou que o vereador usou o ve\u00edculo durante toda a noite, mesmo consumindo bebidas alco\u00f3licas e passando por bares e lojas de conveni\u00eancia para comprar bebidas.<\/p>\n<p>\u201cA noite toda ele [Bigodini] conduzia o ve\u00edculo, j\u00e1 em outros locais. Olha s\u00f3, nem estou pensando no local do acidente. S\u00f3 pelo trajeto, a gente j\u00e1 identificou ele consumindo bebida, ele com altera\u00e7\u00e3o psicomotora e ele dirigindo\u201d, afirma o delegado.<\/p>\n<p>Gustavo Andr\u00e9 Alves ainda conta que ap\u00f3s Bigodini bater o carro, ele n\u00e3o saiu do ve\u00edculo e seguiu na dire\u00e7\u00e3o cerca de 200 metros com o carro falhando, at\u00e9 parar. \u201cEle sai s\u00f3 naquele momento [flagrado por testemunhas]\u201d.<\/p>\n<p>O relat\u00f3rio apresentado pela Pol\u00edcia Civil aponta que Bigodini dirigiu em alta velocidade por diversas vias de Ribeir\u00e3o Preto, chegando a 133 km\/h na avenida Brasil e 183 km\/h na rodovia Anhanguera.<\/p>\n<p>\u201cFoi por Deus que n\u00e3o teve uma trag\u00e9dia\u201d, disse o delegado. \u201cNos causou perplexidade. Justamente pelo risco que ele exp\u00f4s\u201d, relata.\u00a0<\/p>\n<blockquote class=\"instagram-media\" data-instgrm-permalink=\"https:\/\/www.instagram.com\/reel\/DQMb_8djlwI\/?utm_source=ig_embed&amp;utm_campaign=loading\" data-instgrm-version=\"14\" style=\" background:#FFF; border:0; border-radius:3px; box-shadow:0 0 1px 0 rgba(0,0,0,0.5),0 1px 10px 0 rgba(0,0,0,0.15); margin: 1px; max-width:540px; min-width:326px; padding:0; width:99.375%; width:-webkit-calc(100% - 2px); width:calc(100% - 2px);\"\/>\n<h2 class=\"wp-block-heading\"><strong>O que disse Bigodini?<\/strong><\/h2>\n<p>Na sexta-feira, os advogados de Bigodini informaram, por meio de nota, que ainda n\u00e3o haviam analisado as provas inclu\u00eddas na investiga\u00e7\u00e3o. Eles ressaltaram que o vereador permanece \u00e0 disposi\u00e7\u00e3o das autoridades para prestar esclarecimentos a qualquer momento.<\/p>\n<p>SAIBA MAIS<br \/>Conhe\u00e7a a hist\u00f3ria do L\u00e9o, cachorro de Ribeir\u00e3o Preto que luta contra a hidrocefalia<\/p>\n<h2 class=\"wp-block-heading\"><strong>FIQUE ON<\/strong><\/h2>\n<p>Fique ligado em tudo que acontece em Ribeir\u00e3o Preto e regi\u00e3o. Siga os perfis do<strong>\u00a0acidade on<\/strong>\u00a0no<a href=\"https:\/\/www.instagram.com\/acidadeonribeirao\" data-type=\"link\" data-id=\"https:\/\/www.instagram.com\/acidadeonribeirao\" target=\"_blank\" rel=\"noopener\">\u00a0Instagram\u00a0<\/a>e no\u00a0<a href=\"https:\/\/www.facebook.com\/acidadeonribeirao\/\" data-type=\"link\" data-id=\"https:\/\/www.facebook.com\/acidadeonribeirao\/\" target=\"_blank\" rel=\"noopener\">Facebook<\/a>.<\/p>\n<p>Receba not\u00edcias do<strong>\u00a0acidade on\u00a0<\/strong>no WhatsApp. Para entrar no grupo,\u00a0basta <a href=\"https:\/\/chat.whatsapp.com\/I4nieTEMKlf50pJ28aMemC?mode=ac_t\" data-type=\"link\" data-id=\"https:\/\/chat.whatsapp.com\/I4nieTEMKlf50pJ28aMemC?mode=ac_t\" target=\"_blank\" rel=\"noopener\">clicar aqui<\/a>. Ou, acesse o nosso\u00a0Canal <a href=\"https:\/\/whatsapp.com\/channel\/0029Vb6IQl1JENyAeS57fk2p\" data-type=\"link\" data-id=\"https:\/\/whatsapp.com\/channel\/0029Vb6IQl1JENyAeS57fk2p\" target=\"_blank\" rel=\"noopener\">clicando aqui<\/a>.<\/p>\n<p>Fa\u00e7a uma den\u00fancia ou sugira uma reportagem sobre Ribeir\u00e3o Preto e regi\u00e3o pelo WhatsApp: 16 99117 7802.<\/p>\n<p>VEJA TAMB\u00c9M<br \/>Governan\u00e7a, IA e Compliance: A Tr\u00edade para a Perenidade dos Neg\u00f3cios Familiares<\/p>\n<p><!-- AI CONTENT END 1 -->\n<\/div>\n<p><script async src=\"\/\/www.instagram.com\/embed.js\"><\/script><br \/>\n<br \/><br \/>\n<br \/><a href=\"https:\/\/www.acidadeon.com\/ribeiraopreto\/politica\/nevio-archibald\/caso-bigodini-entenda-os-proximos-passos-apos-conclusao-da-investigacao\/\">Source link <\/a><\/p>\n<!-- CONTENT END 1 -->\n","protected":false},"excerpt":{"rendered":"<p>Com a conclus\u00e3o da investiga\u00e7\u00e3o da Pol\u00edcia Civil que confirmou que o vereador Roger Ronan da Silva, o Bigodini (MDB), estava dirigindo alcoolizado no momento&#8230;<\/p>\n","protected":false},"author":1,"featured_media":79172,"comment_status":"open","ping_status":"open","sticky":false,"template":"","format":"standard","meta":{"advanced_seo_description":"","jetpack_seo_html_title":"","jetpack_seo_noindex":false,"jetpack_post_was_ever_published":false,"_jetpack_newsletter_access":"","_jetpack_dont_email_post_to_subs":false,"_jetpack_newsletter_tier_id":0,"_jetpack_memberships_contains_paywalled_content":false,"_jetpack_memberships_contains_paid_content":false,"footnotes":"","jetpack_publicize_message":"","jetpack_publicize_feature_enabled":true,"jetpack_social_post_already_shared":true,"jetpack_social_options":{"image_generator_settings":{"template":"highway","default_image_id":0,"font":"","enabled":false},"version":2}},"categories":[11],"tags":[],"class_list":["post-79171","post","type-post","status-publish","format-standard","has-post-thumbnail","hentry","category-noticias-de-ribeirao-preto-sp-e-regiao-ismael-colosi"],"jetpack_publicize_connections":[],"jetpack_featured_media_url":"https:\/\/i0.wp.com\/noticiasribeiraopreto.com.br\/wp-content\/uploads\/2025\/10\/bigodini-na-direcao_2025-10-25_19-16-38.webp.webp?fit=1200%2C674&ssl=1","jetpack-related-posts":[{"id":79016,"url":"https:\/\/noticiasribeiraopreto.com.br\/index.php\/2025\/10\/22\/saiba-o-que-a-defesa-de-bigodini-alegou-ao-conselho-de-etica-em-processo-de-cassacao\/","url_meta":{"origin":79171,"position":0},"title":"Saiba o que a defesa de Bigodini alegou ao Conselho de \u00c9tica em processo de cassa\u00e7\u00e3o","author":"noticiasribeiraopreto.com.br","date":"22 de October de 2025","format":false,"excerpt":"O Conselho de \u00c9tica da C\u00e2mara Municipal de Ribeir\u00e3o Preto oficializou nesta quarta-feira (22) o recebimento da defesa do vereador Roger Ronan da Silva, o Bigodini (MDB), no processo de cassa\u00e7\u00e3o enfrentado pelo parlamentar. Bigodini \u00e9 investigado por quebra de decoro parlamentar ap\u00f3s ter se envolvido em um acidente de\u2026","rel":"","context":"In &quot;Not\u00edcias de Ribeir\u00e3o Preto-SP e Regi\u00e3o&quot;","block_context":{"text":"Not\u00edcias de Ribeir\u00e3o Preto-SP e Regi\u00e3o","link":"https:\/\/noticiasribeiraopreto.com.br\/index.php\/category\/noticias-de-ribeirao-preto-sp-e-regiao-ismael-colosi\/"},"img":{"alt_text":"","src":"https:\/\/i0.wp.com\/noticiasribeiraopreto.com.br\/wp-content\/uploads\/2025\/10\/Imagem-do-WhatsApp-de-2025-10-22-as-16.14.20_4d71a886_2025-10-22_19-19-07.webp.webp?fit=1200%2C800&ssl=1&resize=350%2C200","width":350,"height":200,"srcset":"https:\/\/i0.wp.com\/noticiasribeiraopreto.com.br\/wp-content\/uploads\/2025\/10\/Imagem-do-WhatsApp-de-2025-10-22-as-16.14.20_4d71a886_2025-10-22_19-19-07.webp.webp?fit=1200%2C800&ssl=1&resize=350%2C200 1x, https:\/\/i0.wp.com\/noticiasribeiraopreto.com.br\/wp-content\/uploads\/2025\/10\/Imagem-do-WhatsApp-de-2025-10-22-as-16.14.20_4d71a886_2025-10-22_19-19-07.webp.webp?fit=1200%2C800&ssl=1&resize=525%2C300 1.5x, https:\/\/i0.wp.com\/noticiasribeiraopreto.com.br\/wp-content\/uploads\/2025\/10\/Imagem-do-WhatsApp-de-2025-10-22-as-16.14.20_4d71a886_2025-10-22_19-19-07.webp.webp?fit=1200%2C800&ssl=1&resize=700%2C400 2x, https:\/\/i0.wp.com\/noticiasribeiraopreto.com.br\/wp-content\/uploads\/2025\/10\/Imagem-do-WhatsApp-de-2025-10-22-as-16.14.20_4d71a886_2025-10-22_19-19-07.webp.webp?fit=1200%2C800&ssl=1&resize=1050%2C600 3x"},"classes":[]},{"id":79111,"url":"https:\/\/noticiasribeiraopreto.com.br\/index.php\/2025\/10\/24\/camara-de-ribeirao-preto-vai-analisar-inquerito-que-aponta-que-bigodini-mentiu\/","url_meta":{"origin":79171,"position":1},"title":"C\u00e2mara de Ribeir\u00e3o Preto vai analisar inqu\u00e9rito que aponta que Bigodini mentiu","author":"noticiasribeiraopreto.com.br","date":"24 de October de 2025","format":false,"excerpt":"O\u00a0Conselho de \u00c9tica da C\u00e2mara Municipal de Ribeir\u00e3o Preto\u00a0informou nesta sexta-feira (24), por meio de nota de imprensa, que dever\u00e1 analisar o inqu\u00e9rito conclu\u00eddo pela Pol\u00edcia Civil, que indica que o vereador Bigodini (MDB) dirigia o ve\u00edculo envolvido em acidente na madrugada de 28 de setembro. O Legislativo disse que\u2026","rel":"","context":"In &quot;Not\u00edcias de Ribeir\u00e3o Preto-SP e Regi\u00e3o&quot;","block_context":{"text":"Not\u00edcias de Ribeir\u00e3o Preto-SP e Regi\u00e3o","link":"https:\/\/noticiasribeiraopreto.com.br\/index.php\/category\/noticias-de-ribeirao-preto-sp-e-regiao-ismael-colosi\/"},"img":{"alt_text":"","src":"https:\/\/i0.wp.com\/noticiasribeiraopreto.com.br\/wp-content\/uploads\/2025\/10\/Copia-de-Copia-de-Copia-de-TAMANHO-EXATO-PARA-FOTOS-NO-SISTEMA-NOVO-2025-09-29T182504.035_2025-09-29_21-25-09.webp.webp?fit=1200%2C675&ssl=1&resize=350%2C200","width":350,"height":200,"srcset":"https:\/\/i0.wp.com\/noticiasribeiraopreto.com.br\/wp-content\/uploads\/2025\/10\/Copia-de-Copia-de-Copia-de-TAMANHO-EXATO-PARA-FOTOS-NO-SISTEMA-NOVO-2025-09-29T182504.035_2025-09-29_21-25-09.webp.webp?fit=1200%2C675&ssl=1&resize=350%2C200 1x, https:\/\/i0.wp.com\/noticiasribeiraopreto.com.br\/wp-content\/uploads\/2025\/10\/Copia-de-Copia-de-Copia-de-TAMANHO-EXATO-PARA-FOTOS-NO-SISTEMA-NOVO-2025-09-29T182504.035_2025-09-29_21-25-09.webp.webp?fit=1200%2C675&ssl=1&resize=525%2C300 1.5x, https:\/\/i0.wp.com\/noticiasribeiraopreto.com.br\/wp-content\/uploads\/2025\/10\/Copia-de-Copia-de-Copia-de-TAMANHO-EXATO-PARA-FOTOS-NO-SISTEMA-NOVO-2025-09-29T182504.035_2025-09-29_21-25-09.webp.webp?fit=1200%2C675&ssl=1&resize=700%2C400 2x, https:\/\/i0.wp.com\/noticiasribeiraopreto.com.br\/wp-content\/uploads\/2025\/10\/Copia-de-Copia-de-Copia-de-TAMANHO-EXATO-PARA-FOTOS-NO-SISTEMA-NOVO-2025-09-29T182504.035_2025-09-29_21-25-09.webp.webp?fit=1200%2C675&ssl=1&resize=1050%2C600 3x"},"classes":[]},{"id":78707,"url":"https:\/\/noticiasribeiraopreto.com.br\/index.php\/2025\/10\/16\/camara-de-ribeirao-preto-recebe-defesa-de-bigodini-em-processo-de-cassacao\/","url_meta":{"origin":79171,"position":2},"title":"C\u00e2mara de Ribeir\u00e3o Preto recebe defesa de Bigodini em processo de cassa\u00e7\u00e3o","author":"noticiasribeiraopreto.com.br","date":"16 de October de 2025","format":false,"excerpt":"A C\u00e2mara de Ribeir\u00e3o Preto recebeu nesta quinta-feira (16) a defesa do vereador Roger Ronan da Silva, o Bigodini (MDB), alvo de um processo de cassa\u00e7\u00e3o. O vereador \u00e9 investigado por ter se envolvido em um acidente na avenida do Caf\u00e9 no final de setembro, no qual ele alega que\u2026","rel":"","context":"In &quot;Not\u00edcias de Ribeir\u00e3o Preto-SP e Regi\u00e3o&quot;","block_context":{"text":"Not\u00edcias de Ribeir\u00e3o Preto-SP e Regi\u00e3o","link":"https:\/\/noticiasribeiraopreto.com.br\/index.php\/category\/noticias-de-ribeirao-preto-sp-e-regiao-ismael-colosi\/"},"img":{"alt_text":"","src":"https:\/\/i0.wp.com\/noticiasribeiraopreto.com.br\/wp-content\/uploads\/2025\/09\/Copia-de-Copia-de-Copia-de-TAMANHO-EXATO-PARA-FOTOS-NO-SISTEMA-NOVO-2025-09-29T194022.694_2025-09-29_22-40-31.webp.webp?fit=1200%2C675&ssl=1&resize=350%2C200","width":350,"height":200,"srcset":"https:\/\/i0.wp.com\/noticiasribeiraopreto.com.br\/wp-content\/uploads\/2025\/09\/Copia-de-Copia-de-Copia-de-TAMANHO-EXATO-PARA-FOTOS-NO-SISTEMA-NOVO-2025-09-29T194022.694_2025-09-29_22-40-31.webp.webp?fit=1200%2C675&ssl=1&resize=350%2C200 1x, https:\/\/i0.wp.com\/noticiasribeiraopreto.com.br\/wp-content\/uploads\/2025\/09\/Copia-de-Copia-de-Copia-de-TAMANHO-EXATO-PARA-FOTOS-NO-SISTEMA-NOVO-2025-09-29T194022.694_2025-09-29_22-40-31.webp.webp?fit=1200%2C675&ssl=1&resize=525%2C300 1.5x, https:\/\/i0.wp.com\/noticiasribeiraopreto.com.br\/wp-content\/uploads\/2025\/09\/Copia-de-Copia-de-Copia-de-TAMANHO-EXATO-PARA-FOTOS-NO-SISTEMA-NOVO-2025-09-29T194022.694_2025-09-29_22-40-31.webp.webp?fit=1200%2C675&ssl=1&resize=700%2C400 2x, https:\/\/i0.wp.com\/noticiasribeiraopreto.com.br\/wp-content\/uploads\/2025\/09\/Copia-de-Copia-de-Copia-de-TAMANHO-EXATO-PARA-FOTOS-NO-SISTEMA-NOVO-2025-09-29T194022.694_2025-09-29_22-40-31.webp.webp?fit=1200%2C675&ssl=1&resize=1050%2C600 3x"},"classes":[]},{"id":78117,"url":"https:\/\/noticiasribeiraopreto.com.br\/index.php\/2025\/10\/02\/conselho-de-etica-define-relator-do-processo-de-cassacao-contra-bigodini\/","url_meta":{"origin":79171,"position":3},"title":"Conselho de \u00c9tica define relator do processo de cassa\u00e7\u00e3o contra Bigodini","author":"noticiasribeiraopreto.com.br","date":"2 de October de 2025","format":false,"excerpt":"O Conselho de \u00c9tica da C\u00e2mara de Ribeir\u00e3o Preto se reuniu na manh\u00e3 desta quinta-feira (2) para dar in\u00edcio ao processo de cassa\u00e7\u00e3o contra o vereador Roger Ronan da Silva (MDB), o Bigodini. O conselho definiu que Jean Corauci (PSD) ser\u00e1 o relator da investiga\u00e7\u00e3o. O presidente do Conselho, Di\u00e1cono\u2026","rel":"","context":"In &quot;Not\u00edcias de Ribeir\u00e3o Preto-SP e Regi\u00e3o&quot;","block_context":{"text":"Not\u00edcias de Ribeir\u00e3o Preto-SP e Regi\u00e3o","link":"https:\/\/noticiasribeiraopreto.com.br\/index.php\/category\/noticias-de-ribeirao-preto-sp-e-regiao-ismael-colosi\/"},"img":{"alt_text":"","src":"https:\/\/i0.wp.com\/noticiasribeiraopreto.com.br\/wp-content\/uploads\/2025\/10\/corauci_2025-10-02_14-55-47.webp.webp?fit=1200%2C674&ssl=1&resize=350%2C200","width":350,"height":200,"srcset":"https:\/\/i0.wp.com\/noticiasribeiraopreto.com.br\/wp-content\/uploads\/2025\/10\/corauci_2025-10-02_14-55-47.webp.webp?fit=1200%2C674&ssl=1&resize=350%2C200 1x, https:\/\/i0.wp.com\/noticiasribeiraopreto.com.br\/wp-content\/uploads\/2025\/10\/corauci_2025-10-02_14-55-47.webp.webp?fit=1200%2C674&ssl=1&resize=525%2C300 1.5x, https:\/\/i0.wp.com\/noticiasribeiraopreto.com.br\/wp-content\/uploads\/2025\/10\/corauci_2025-10-02_14-55-47.webp.webp?fit=1200%2C674&ssl=1&resize=700%2C400 2x, https:\/\/i0.wp.com\/noticiasribeiraopreto.com.br\/wp-content\/uploads\/2025\/10\/corauci_2025-10-02_14-55-47.webp.webp?fit=1200%2C674&ssl=1&resize=1050%2C600 3x"},"classes":[]},{"id":78984,"url":"https:\/\/noticiasribeiraopreto.com.br\/index.php\/2025\/10\/22\/caso-bigodini-conselho-de-etica-tem-nova-reuniao\/","url_meta":{"origin":79171,"position":4},"title":"Caso Bigodini: Conselho de \u00c9tica \u2028tem nova reuni\u00e3o","author":"noticiasribeiraopreto.com.br","date":"22 de October de 2025","format":false,"excerpt":"O Conselho de \u00c9tica e Decoro Parlamentar da C\u00e2mara de Ribeir\u00e3o Preto realizar\u00e1 nesta quarta-feira, 22 de outubro, \u00e0s 15 horas, a segunda reuni\u00e3o para discutir o processo de cassa\u00e7\u00e3o do vereador Roger Ronan da Silva`(MDB), o Bigodini, de 33 anos, que se envolveu em acidente de tr\u00e2nsito e \u00e9\u2026","rel":"","context":"In &quot;Not\u00edcias de Ribeir\u00e3o Preto-SP e Regi\u00e3o&quot;","block_context":{"text":"Not\u00edcias de Ribeir\u00e3o Preto-SP e Regi\u00e3o","link":"https:\/\/noticiasribeiraopreto.com.br\/index.php\/category\/noticias-de-ribeirao-preto-sp-e-regiao-ismael-colosi\/"},"img":{"alt_text":"","src":"https:\/\/i0.wp.com\/noticiasribeiraopreto.com.br\/wp-content\/uploads\/2025\/10\/Bigodini-Thaisa-Coroado-Camara-scaled.jpg?fit=1170%2C780&ssl=1&resize=350%2C200","width":350,"height":200,"srcset":"https:\/\/i0.wp.com\/noticiasribeiraopreto.com.br\/wp-content\/uploads\/2025\/10\/Bigodini-Thaisa-Coroado-Camara-scaled.jpg?fit=1170%2C780&ssl=1&resize=350%2C200 1x, https:\/\/i0.wp.com\/noticiasribeiraopreto.com.br\/wp-content\/uploads\/2025\/10\/Bigodini-Thaisa-Coroado-Camara-scaled.jpg?fit=1170%2C780&ssl=1&resize=525%2C300 1.5x, https:\/\/i0.wp.com\/noticiasribeiraopreto.com.br\/wp-content\/uploads\/2025\/10\/Bigodini-Thaisa-Coroado-Camara-scaled.jpg?fit=1170%2C780&ssl=1&resize=700%2C400 2x, https:\/\/i0.wp.com\/noticiasribeiraopreto.com.br\/wp-content\/uploads\/2025\/10\/Bigodini-Thaisa-Coroado-Camara-scaled.jpg?fit=1170%2C780&ssl=1&resize=1050%2C600 3x"},"classes":[]},{"id":78411,"url":"https:\/\/noticiasribeiraopreto.com.br\/index.php\/2025\/10\/10\/caso-bigodini-camara-aguarda-dados-de-policia-e-mp\/","url_meta":{"origin":79171,"position":5},"title":"Caso Bigodini: C\u00e2mara aguarda dados de pol\u00edcia e MP","author":"noticiasribeiraopreto.com.br","date":"10 de October de 2025","format":false,"excerpt":"Conselho de \u00c9tica pediu \u00e0 Pol\u00edcia Militar e ao Minist\u00e9rio P\u00fablico informa\u00e7\u00f5es sobre acidente envolvendo vereador; prazo vence dia 17\u2028\u2028O Conselho de \u00c9tica e Decoro Parlamentar da C\u00e2mara de Ribeir\u00e3o Preto ainda aguarda documentos e informa\u00e7\u00f5es da Pol\u00edcia Militar e do Minist\u00e9rio P\u00fablico de S\u00e3o Paulo (MPSP) sobre o acidente\u2026","rel":"","context":"In &quot;Not\u00edcias de Ribeir\u00e3o Preto-SP e Regi\u00e3o&quot;","block_context":{"text":"Not\u00edcias de Ribeir\u00e3o Preto-SP e Regi\u00e3o","link":"https:\/\/noticiasribeiraopreto.com.br\/index.php\/category\/noticias-de-ribeirao-preto-sp-e-regiao-ismael-colosi\/"},"img":{"alt_text":"","src":"https:\/\/i0.wp.com\/noticiasribeiraopreto.com.br\/wp-content\/uploads\/2025\/10\/Bigodini-Max-Gallaao-Mesquita-scaled.jpg?fit=1170%2C780&ssl=1&resize=350%2C200","width":350,"height":200,"srcset":"https:\/\/i0.wp.com\/noticiasribeiraopreto.com.br\/wp-content\/uploads\/2025\/10\/Bigodini-Max-Gallaao-Mesquita-scaled.jpg?fit=1170%2C780&ssl=1&resize=350%2C200 1x, https:\/\/i0.wp.com\/noticiasribeiraopreto.com.br\/wp-content\/uploads\/2025\/10\/Bigodini-Max-Gallaao-Mesquita-scaled.jpg?fit=1170%2C780&ssl=1&resize=525%2C300 1.5x, https:\/\/i0.wp.com\/noticiasribeiraopreto.com.br\/wp-content\/uploads\/2025\/10\/Bigodini-Max-Gallaao-Mesquita-scaled.jpg?fit=1170%2C780&ssl=1&resize=700%2C400 2x, https:\/\/i0.wp.com\/noticiasribeiraopreto.com.br\/wp-content\/uploads\/2025\/10\/Bigodini-Max-Gallaao-Mesquita-scaled.jpg?fit=1170%2C780&ssl=1&resize=1050%2C600 3x"},"classes":[]}],"jetpack_sharing_enabled":true,"jetpack_shortlink":"https:\/\/wp.me\/peQAOb-kAX","_links":{"self":[{"href":"https:\/\/noticiasribeiraopreto.com.br\/index.php\/wp-json\/wp\/v2\/posts\/79171","targetHints":{"allow":["GET"]}}],"collection":[{"href":"https:\/\/noticiasribeiraopreto.com.br\/index.php\/wp-json\/wp\/v2\/posts"}],"about":[{"href":"https:\/\/noticiasribeiraopreto.com.br\/index.php\/wp-json\/wp\/v2\/types\/post"}],"author":[{"embeddable":true,"href":"https:\/\/noticiasribeiraopreto.com.br\/index.php\/wp-json\/wp\/v2\/users\/1"}],"replies":[{"embeddable":true,"href":"https:\/\/noticiasribeiraopreto.com.br\/index.php\/wp-json\/wp\/v2\/comments?post=79171"}],"version-history":[{"count":0,"href":"https:\/\/noticiasribeiraopreto.com.br\/index.php\/wp-json\/wp\/v2\/posts\/79171\/revisions"}],"wp:featuredmedia":[{"embeddable":true,"href":"https:\/\/noticiasribeiraopreto.com.br\/index.php\/wp-json\/wp\/v2\/media\/79172"}],"wp:attachment":[{"href":"https:\/\/noticiasribeiraopreto.com.br\/index.php\/wp-json\/wp\/v2\/media?parent=79171"}],"wp:term":[{"taxonomy":"category","embeddable":true,"href":"https:\/\/noticiasribeiraopreto.com.br\/index.php\/wp-json\/wp\/v2\/categories?post=79171"},{"taxonomy":"post_tag","embeddable":true,"href":"https:\/\/noticiasribeiraopreto.com.br\/index.php\/wp-json\/wp\/v2\/tags?post=79171"}],"curies":[{"name":"wp","href":"https:\/\/api.w.org\/{rel}","templated":true}]}}