{"id":79173,"date":"2025-10-26T08:01:25","date_gmt":"2025-10-26T11:01:25","guid":{"rendered":"https:\/\/noticiasribeiraopreto.com.br\/index.php\/2025\/10\/26\/quando-o-sonho-vira-pesadelo\/"},"modified":"2025-10-26T08:01:25","modified_gmt":"2025-10-26T11:01:25","slug":"quando-o-sonho-vira-pesadelo","status":"publish","type":"post","link":"https:\/\/noticiasribeiraopreto.com.br\/index.php\/2025\/10\/26\/quando-o-sonho-vira-pesadelo\/","title":{"rendered":"Quando o Sonho Vira Pesadelo"},"content":{"rendered":"<p> <br \/>\n<\/p>\n<div>\n<p>Por Adalberto Luque<\/p>\n<p>\u00a0<\/p>\n<p>Marcelo (nome fict\u00edcio) estava ansioso por sua primeira viagem internacional. Al\u00e9m de conhecer outro pa\u00eds, iria ver neve pela primeira vez. Durante meses, planejou tudo com cuidado. Iriam ele, a esposa, a sogra e o sogro, ambos com mais de 65 anos. As passagens foram o primeiro passo \u2014 pesquisou bastante at\u00e9 encontrar o melhor pre\u00e7o.<\/p>\n<p>\u201cDiziam para buscar em aba an\u00f4nima do navegador no computador. Funcionou uma ou duas vezes, mas depois o valor s\u00f3 subia. Parei de pesquisar por algumas semanas e deu certo. Sair\u00edamos de Ribeir\u00e3o Preto, com escala em Congonhas, depois Guarulhos, e voo direto para o Chile\u201d, lembra.<\/p>\n<p>Com as passagens parceladas em quatro vezes, come\u00e7ou a busca pelo local da hospedagem. A sogra preferia hotel com caf\u00e9 da manh\u00e3, enquanto ele achava mais econ\u00f4mico e pr\u00e1tico alugar um apartamento. Encontrou um flat em uma plataforma de loca\u00e7\u00e3o: dois dormit\u00f3rios (um deles su\u00edte), sala e pequena cozinha com micro-ondas. O im\u00f3vel ficava em Las Condes, bairro nobre de Santiago e oferecia caf\u00e9 da manh\u00e3.<\/p>\n<p>Sem conhecer bem a cidade, Marcelo enviou mensagem ao anunciante pelo chat da plataforma para confirmar a localiza\u00e7\u00e3o. \u201cEle disse que era a menos de 200 metros da esta\u00e7\u00e3o de metr\u00f4 Escuela Militar. Conferi no Google Street View e era verdade. Vi tamb\u00e9m mercados e lojas por perto. Resolvi fechar.\u201d<\/p>\n<figure id=\"attachment_444207\" aria-describedby=\"caption-attachment-444207\" style=\"width: 323px\" class=\"wp-caption alignleft\"><img data-recalc-dims=\"1\" loading=\"lazy\" decoding=\"async\" class=\"wp-image-444207 lazyload\" src=\"https:\/\/i0.wp.com\/www.tribunaribeirao.com.br\/wp-content\/uploads\/2025\/10\/FOTO-01-Aluga-se-Foto-Prefeitura-de-Caraguatatuba-Reproducao-300x200.jpg?resize=323%2C215&#038;ssl=1\" alt=\"\" width=\"323\" height=\"215\" srcset=\"https:\/\/www.tribunaribeirao.com.br\/wp-content\/uploads\/2025\/10\/FOTO-01-Aluga-se-Foto-Prefeitura-de-Caraguatatuba-Reproducao-300x200.jpg 300w, https:\/\/www.tribunaribeirao.com.br\/wp-content\/uploads\/2025\/10\/FOTO-01-Aluga-se-Foto-Prefeitura-de-Caraguatatuba-Reproducao-768x512.jpg 768w, https:\/\/www.tribunaribeirao.com.br\/wp-content\/uploads\/2025\/10\/FOTO-01-Aluga-se-Foto-Prefeitura-de-Caraguatatuba-Reproducao-480x320.jpg 480w, https:\/\/www.tribunaribeirao.com.br\/wp-content\/uploads\/2025\/10\/FOTO-01-Aluga-se-Foto-Prefeitura-de-Caraguatatuba-Reproducao-280x186.jpg 280w, https:\/\/www.tribunaribeirao.com.br\/wp-content\/uploads\/2025\/10\/FOTO-01-Aluga-se-Foto-Prefeitura-de-Caraguatatuba-Reproducao-600x400.jpg 600w, https:\/\/www.tribunaribeirao.com.br\/wp-content\/uploads\/2025\/10\/FOTO-01-Aluga-se-Foto-Prefeitura-de-Caraguatatuba-Reproducao-585x390.jpg 585w, https:\/\/www.tribunaribeirao.com.br\/wp-content\/uploads\/2025\/10\/FOTO-01-Aluga-se-Foto-Prefeitura-de-Caraguatatuba-Reproducao.jpg 825w\" data-sizes=\"(max-width: 323px) 100vw, 323px\" style=\"--smush-placeholder-width: 323px; --smush-placeholder-aspect-ratio: 323\/215;\"\/><figcaption id=\"caption-attachment-444207\" class=\"wp-caption-text\">\u00c9 prudente checar todas as informa\u00e7\u00f5es dispon\u00edveis antes de fechar a loca\u00e7\u00e3o de um im\u00f3vel para temporada para evitar cair em golpe | Foto de reprodu\u00e7\u00e3o<\/figcaption><\/figure>\n<p>Logo depois, recebeu nova mensagem do suposto anfitri\u00e3o com um n\u00famero de telefone escrito de forma disfar\u00e7ada \u2014 parte por extenso, parte em numeral. \u201cPercebi que era o contato dele em aplicativo de mensagens.\u201d<\/p>\n<p>Ao enviar mensagem, o golpista respondeu: pela plataforma, a di\u00e1ria custava US$ 430 (R$ 2.400 cota\u00e7\u00e3o de junho), mas, se fizessem \u201cpor fora\u201d, ficaria em US$ 330 (R$ 1.800), j\u00e1 sem as taxas. A \u00fanica exig\u00eancia era o pagamento antecipado.<\/p>\n<p>\u201cFiz o dep\u00f3sito e, no dia combinado, embarcamos. Chegamos \u00e0 noite e fomos direto ao flat. Falamos pouco espanhol, mas logo percebemos que o apartamento estava ocupado. O dono n\u00e3o apareceu e nem quis falar conosco. Nossa viagem virou um pesadelo. Tivemos de pagar hotel, procurar delegacia e consulado. Foram as piores f\u00e9rias da vida. Alugamos outro im\u00f3vel, longe e ruim, e a plataforma n\u00e3o se responsabilizou porque fechamos fora dela\u201d, conta Marcelo.<\/p>\n<h2><strong>Golpes em alta<\/strong><\/h2>\n<p>O caso do turista que foi ao Chile \u00e9 um entre muitos que ocorrem principalmente na alta temporada, quando aumenta a procura por im\u00f3veis em destinos tur\u00edsticos. O problema afeta tanto turistas quanto propriet\u00e1rios.<\/p>\n<p>\u201cAlugo um apartamento para temporada h\u00e1 d\u00e9cadas, na Vila Cai\u00e7ara, Praia Grande. Duas vezes clonaram minhas fotos e anunciaram mais barato. Isso afasta interessados, que passam a desconfiar\u201d, relata um propriet\u00e1rio que prefere n\u00e3o se identificar.<\/p>\n<figure id=\"attachment_444208\" aria-describedby=\"caption-attachment-444208\" style=\"width: 338px\" class=\"wp-caption alignleft\"><img data-recalc-dims=\"1\" loading=\"lazy\" decoding=\"async\" class=\"wp-image-444208 lazyload\" src=\"https:\/\/i0.wp.com\/www.tribunaribeirao.com.br\/wp-content\/uploads\/2025\/10\/FOTO-02-Ferias-na-praia-Foto-Reproducao-Canvas-300x188.png?resize=338%2C212&#038;ssl=1\" alt=\"\" width=\"338\" height=\"212\" srcset=\"https:\/\/www.tribunaribeirao.com.br\/wp-content\/uploads\/2025\/10\/FOTO-02-Ferias-na-praia-Foto-Reproducao-Canvas-300x188.png 300w, https:\/\/www.tribunaribeirao.com.br\/wp-content\/uploads\/2025\/10\/FOTO-02-Ferias-na-praia-Foto-Reproducao-Canvas-768x480.png 768w, https:\/\/www.tribunaribeirao.com.br\/wp-content\/uploads\/2025\/10\/FOTO-02-Ferias-na-praia-Foto-Reproducao-Canvas-640x400.png 640w, https:\/\/www.tribunaribeirao.com.br\/wp-content\/uploads\/2025\/10\/FOTO-02-Ferias-na-praia-Foto-Reproducao-Canvas-585x366.png 585w, https:\/\/www.tribunaribeirao.com.br\/wp-content\/uploads\/2025\/10\/FOTO-02-Ferias-na-praia-Foto-Reproducao-Canvas.png 800w\" data-sizes=\"(max-width: 338px) 100vw, 338px\" style=\"--smush-placeholder-width: 338px; --smush-placeholder-aspect-ratio: 338\/212;\"\/><figcaption id=\"caption-attachment-444208\" class=\"wp-caption-text\">O sonho de passar \u00f3timas f\u00e9rias ou festas de final de ano pode se transformar em pesadelo em caso de falso aluguel de temporada | Foto de reprodu\u00e7\u00e3o<\/figcaption><\/figure>\n<p>De outro lado, h\u00e1 quem sonhe com as f\u00e9rias perfeitas e descubra, ao chegar, que o im\u00f3vel nunca existiu. Em alguns casos, os pr\u00f3prios golpistas avisam. Como ocorreu com uma fam\u00edlia de Campinas que iria passar f\u00e9rias no Guaruj\u00e1, litoral paulista. Pouco antes da viagem, receberam uma mensagem:<\/p>\n<p>\u201cEstou entrando em contato para pedir que n\u00e3o v\u00e1 ao local, pois nada do que conversamos existe, tudo n\u00e3o passou de golpe. Infelizmente, \u00e9 nosso trampo. Estou avisando para que n\u00e3o d\u00ea viagem perdida. Deus aben\u00e7oe voc\u00eas.\u201d<\/p>\n<h3><strong>An\u00fancios falsos<\/strong><\/h3>\n<p>Advogado, especialista em direito imobili\u00e1rio, corretor de im\u00f3veis, professor universit\u00e1rio e autor do livro \u201cLoca\u00e7\u00e3o de Im\u00f3veis para: corretores, propriet\u00e1rios e inquilinos\u201d, Lu\u00eds Felipe Archangelo admite que, infelizmente, o n\u00famero de golpes cresce bastante no per\u00edodo das festas de final de ano e f\u00e9rias de janeiro.<\/p>\n<p>\u201cMuitos criminosos aproveitam a pressa das pessoas para fechar neg\u00f3cio e aplicam golpes por meio de an\u00fancios falsos. \u00c9 comum, por exemplo, a oferta de apartamentos com vista para o mar por pre\u00e7os muito abaixo do mercado. Essa diferen\u00e7a de valor geralmente \u00e9 um sinal de alerta. Por isso, \u00e9 importante redobrar a aten\u00e7\u00e3o\u201d, ensina.<\/p>\n<p>Segundo o especialista, os golpes mais comuns envolvem an\u00fancios de im\u00f3veis que n\u00e3o existem ou pertencem a outras pessoas. Os golpistas usam fotos reais, copiadas da internet ou at\u00e9 mesmo tiradas ap\u00f3s visita ao im\u00f3vel, com chaves obtidas em imobili\u00e1rias, para dar mais credibilidade ao golpe.<\/p>\n<p>\u201cDepois, pedem um pagamento antecipado, geralmente via PIX, e desaparecem. Tamb\u00e9m h\u00e1 casos de pessoas que se passam por corretores ou propriet\u00e1rios sem qualquer liga\u00e7\u00e3o com o im\u00f3vel\u201d, explica Archangelo.<\/p>\n<p>Outra situa\u00e7\u00e3o que acontece com frequ\u00eancia \u00e9 em rela\u00e7\u00e3o \u00e0 discrep\u00e2ncia quanto ao im\u00f3vel anunciado. \u00c0s vezes, o im\u00f3vel at\u00e9 existe, mas as fotos s\u00e3o antigas ou foram editadas para parecer melhor do que realmente \u00e9.<\/p>\n<p>\u201cTamb\u00e9m h\u00e1 casos em que a localiza\u00e7\u00e3o informada no an\u00fancio n\u00e3o corresponde \u00e0 realidade. O resultado \u00e9 frustra\u00e7\u00e3o para quem chega ao local e encontra um im\u00f3vel em p\u00e9ssimas condi\u00e7\u00f5es ou longe de onde imaginava estar\u201d, acrescenta Archangelo.<\/p>\n<h2><strong>Cuidados<\/strong><\/h2>\n<p>O professor e especialista em direito imobili\u00e1rio lembra que, antes de fechar um neg\u00f3cio, \u00e9 fundamental verificar se o im\u00f3vel realmente existe, se quem est\u00e1 oferecendo \u00e9 de confian\u00e7a e se o pre\u00e7o est\u00e1 dentro da m\u00e9dia.<\/p>\n<figure id=\"attachment_444209\" aria-describedby=\"caption-attachment-444209\" style=\"width: 201px\" class=\"wp-caption alignleft\"><img data-recalc-dims=\"1\" loading=\"lazy\" decoding=\"async\" class=\"size-medium wp-image-444209 lazyload\" src=\"https:\/\/i0.wp.com\/www.tribunaribeirao.com.br\/wp-content\/uploads\/2025\/10\/FOTO-03-Luis-Felipe-Archangelo-Foto-Divulgacao-201x300.jpg?resize=201%2C300&#038;ssl=1\" alt=\"\" width=\"201\" height=\"300\" srcset=\"https:\/\/www.tribunaribeirao.com.br\/wp-content\/uploads\/2025\/10\/FOTO-03-Luis-Felipe-Archangelo-Foto-Divulgacao-201x300.jpg 201w, https:\/\/www.tribunaribeirao.com.br\/wp-content\/uploads\/2025\/10\/FOTO-03-Luis-Felipe-Archangelo-Foto-Divulgacao-687x1024.jpg 687w, https:\/\/www.tribunaribeirao.com.br\/wp-content\/uploads\/2025\/10\/FOTO-03-Luis-Felipe-Archangelo-Foto-Divulgacao-768x1144.jpg 768w, https:\/\/www.tribunaribeirao.com.br\/wp-content\/uploads\/2025\/10\/FOTO-03-Luis-Felipe-Archangelo-Foto-Divulgacao-1031x1536.jpg 1031w, https:\/\/www.tribunaribeirao.com.br\/wp-content\/uploads\/2025\/10\/FOTO-03-Luis-Felipe-Archangelo-Foto-Divulgacao-960x1430.jpg 960w, https:\/\/www.tribunaribeirao.com.br\/wp-content\/uploads\/2025\/10\/FOTO-03-Luis-Felipe-Archangelo-Foto-Divulgacao-269x400.jpg 269w, https:\/\/www.tribunaribeirao.com.br\/wp-content\/uploads\/2025\/10\/FOTO-03-Luis-Felipe-Archangelo-Foto-Divulgacao-585x871.jpg 585w, https:\/\/www.tribunaribeirao.com.br\/wp-content\/uploads\/2025\/10\/FOTO-03-Luis-Felipe-Archangelo-Foto-Divulgacao-scaled.jpg 524w\" data-sizes=\"(max-width: 201px) 100vw, 201px\" style=\"--smush-placeholder-width: 201px; --smush-placeholder-aspect-ratio: 201\/300;\"\/><figcaption id=\"caption-attachment-444209\" class=\"wp-caption-text\">Archangelo explica que \u00e9 poss\u00edvel recuperar o dinheiro e at\u00e9 pedir indeniza\u00e7\u00e3o, mas isso depende do caso. Al\u00e9m disso, ele aconselha firmar contrato de loca\u00e7\u00e3o | Foto de divulga\u00e7\u00e3o<\/figcaption><\/figure>\n<p>\u201cSempre que poss\u00edvel, d\u00ea prefer\u00eancia a imobili\u00e1rias registradas no CRECI e plataformas conhecidas. Tamb\u00e9m \u00e9 importante formalizar a loca\u00e7\u00e3o com um contrato, mesmo que seja por temporada, para garantir mais seguran\u00e7a. Evite fazer pagamentos antecipados sem ter certeza da legitimidade do an\u00fancio\u201d, orienta.<\/p>\n<p>Outra dica de Archangelo \u00e9 procurar grandes plataformas especializadas na loca\u00e7\u00e3o de im\u00f3veis para temporada. Elas contam com sistemas que verificam a identidade de quem anuncia e permitem que usu\u00e1rios deixem avalia\u00e7\u00f5es sobre im\u00f3veis e anfitri\u00f5es, o que as torna mais seguras.<\/p>\n<p>\u201cAl\u00e9m disso, o pagamento s\u00f3 \u00e9 repassado ao locador depois que o h\u00f3spede entra no im\u00f3vel, o que diminui bastante o risco de cair em um golpe. Algumas delas tamb\u00e9m oferecem seguros e assist\u00eancia em caso de problemas\u201d, aduz.<\/p>\n<h3><strong>O que fazer se cair em golpe<\/strong><\/h3>\n<p>O advogado \u00e9 taxativo: a primeira coisa a fazer \u00e9 registrar boletim de ocorr\u00eancia. Depois, \u00e9 preciso reunir todas as provas que tiver, como prints de conversas, an\u00fancio, comprovante de pagamento e qualquer outro documento que possa mostrar o que aconteceu.<\/p>\n<p>\u201cCom a ajuda de um advogado, \u00e9 poss\u00edvel entrar com um processo para tentar reaver o dinheiro e at\u00e9 pedir uma indeniza\u00e7\u00e3o por danos morais, dependendo do caso.\u201d<\/p>\n<p>Segundo o especialista, tamb\u00e9m \u00e9 poss\u00edvel recuperar o dinheiro quando o pagamento \u00e9 feito via PIX, por se tratar de uma ferramenta segura e rastre\u00e1vel, o que ajuda na identifica\u00e7\u00e3o da conta para onde o dinheiro foi enviado.<\/p>\n<p>\u201cPor\u00e9m, a recupera\u00e7\u00e3o s\u00f3 ser\u00e1 poss\u00edvel se a conta ainda estiver ativa e com saldo. Por isso, \u00e9 fundamental agir r\u00e1pido: registrar o golpe o quanto antes aumenta as chances de que o valor possa ser bloqueado por decis\u00e3o judicial. Ainda assim, n\u00e3o h\u00e1 garantia de recupera\u00e7\u00e3o. Por isso, a preven\u00e7\u00e3o continua sendo o melhor caminho. Na maioria das vezes, utilizam contas de laranjas e o dinheiro \u00e9 sacado rapidamente ou transferido para outra conta de imediato\u201d, conclui Archangelo.<\/p>\n<p>Diante do crescente n\u00famero de golpes, o melhor a fazer \u00e9 mesmo cautela. Buscar informa\u00e7\u00f5es, se poss\u00edvel visitar e fazer tudo com contrato de loca\u00e7\u00e3o \u2014 afinal, a loca\u00e7\u00e3o de im\u00f3vel para temporada \u00e9 prevista por lei. \u00c9 um instrumento de seguran\u00e7a tanto para quem quer alugar seu im\u00f3vel quanto para quem procura um im\u00f3vel para alugar. S\u00f3 assim \u00e9 poss\u00edvel ter f\u00e9rias inesquec\u00edveis \u2014 positivamente.<\/p>\n<p>\u00a0<\/p>\n<p><strong>Um computador e muita l\u00e1bia<\/strong><\/p>\n<p>O golpista n\u00e3o precisa viver ou \u201ctrabalhar\u201d perto do im\u00f3vel usado para aplicar o golpe. Com um computador e boa l\u00e1bia, \u00e9 poss\u00edvel clonar fotos e convencer v\u00edtimas a fechar rapidamente o suposto aluguel do \u201cim\u00f3vel dos sonhos\u201d para garantir as f\u00e9rias no para\u00edso. Foi o que fez Daniela de Aguiar Nossa, presa em Sepetiba, zona oeste do Rio de Janeiro, por policiais civis de Santos, acusada de aplicar o golpe do falso aluguel.<\/p>\n<p>A mulher, de 37 anos, j\u00e1 havia sido presa anteriormente por aplicar o golpe \u201cBoa Noite, Cinderela\u201d contra um turista alem\u00e3o, em 2025. Depois, passou a se especializar em falsos alugu\u00e9is de temporada no Rio de Janeiro e no litoral de S\u00e3o Paulo.<\/p>\n<figure id=\"attachment_444210\" aria-describedby=\"caption-attachment-444210\" style=\"width: 382px\" class=\"wp-caption alignleft\"><img data-recalc-dims=\"1\" loading=\"lazy\" decoding=\"async\" class=\"wp-image-444210 lazyload\" src=\"https:\/\/i0.wp.com\/www.tribunaribeirao.com.br\/wp-content\/uploads\/2025\/10\/FOTO-04-Golpista-Locacao-2-Foto-Reproducao-300x169.jpg?resize=382%2C215&#038;ssl=1\" alt=\"\" width=\"382\" height=\"215\" srcset=\"https:\/\/www.tribunaribeirao.com.br\/wp-content\/uploads\/2025\/10\/FOTO-04-Golpista-Locacao-2-Foto-Reproducao-300x169.jpg 300w, https:\/\/www.tribunaribeirao.com.br\/wp-content\/uploads\/2025\/10\/FOTO-04-Golpista-Locacao-2-Foto-Reproducao-768x432.jpg 768w, https:\/\/www.tribunaribeirao.com.br\/wp-content\/uploads\/2025\/10\/FOTO-04-Golpista-Locacao-2-Foto-Reproducao-960x540.jpg 960w, https:\/\/www.tribunaribeirao.com.br\/wp-content\/uploads\/2025\/10\/FOTO-04-Golpista-Locacao-2-Foto-Reproducao-712x400.jpg 712w, https:\/\/www.tribunaribeirao.com.br\/wp-content\/uploads\/2025\/10\/FOTO-04-Golpista-Locacao-2-Foto-Reproducao-585x329.jpg 585w, https:\/\/www.tribunaribeirao.com.br\/wp-content\/uploads\/2025\/10\/FOTO-04-Golpista-Locacao-2-Foto-Reproducao.jpg 1000w\" data-sizes=\"(max-width: 382px) 100vw, 382px\" style=\"--smush-placeholder-width: 382px; --smush-placeholder-aspect-ratio: 382\/215;\"\/><figcaption id=\"caption-attachment-444210\" class=\"wp-caption-text\">Daniela de Aguiar Nossa, investigada por golpes no litoral paulista, foi presa por policiais civis de Santos na cidade do Rio de Janeiro | Foto de reprodu\u00e7\u00e3o<\/figcaption><\/figure>\n<p>A pris\u00e3o foi realizada por policiais civis do 2\u00ba Distrito Policial de Santos, que cumpriram, em 26 de agosto deste ano, mandados de pris\u00e3o tempor\u00e1ria e de busca e apreens\u00e3o contra a suspeita, apontada como l\u00edder de um grupo de golpistas. Durante as buscas na resid\u00eancia da investigada, os agentes apreenderam um computador com informa\u00e7\u00f5es relevantes para o inqu\u00e9rito.<\/p>\n<p>Daniela foi levada a uma delegacia no Rio de Janeiro, interrogada e, em seguida, encaminhada a uma unidade prisional na capital fluminense, onde permanece \u00e0 disposi\u00e7\u00e3o da Justi\u00e7a. No litoral paulista, ela teria feito pelo menos tr\u00eas v\u00edtimas, com an\u00fancios falsos em redes sociais e plataformas como Facebook e Marketplace, usando perfis falsos. Uma das v\u00edtimas pagou R$ 2.800 pelo aluguel de um apartamento pr\u00f3ximo \u00e0 praia que n\u00e3o existia. As investiga\u00e7\u00f5es continuam.<\/p>\n<p><strong>\u00a0<\/strong><\/p>\n<p><strong>Viroses<\/strong><\/p>\n<p>Al\u00e9m dos golpes, turistas que planejam viagens na alta temporada devem se atentar tamb\u00e9m aos riscos \u00e0 sa\u00fade. Entre o fim de 2024 e o in\u00edcio de 2025, um surto de virose superlotou os servi\u00e7os de sa\u00fade e causou falta de medicamentos no litoral paulista.<\/p>\n<figure id=\"attachment_444211\" aria-describedby=\"caption-attachment-444211\" style=\"width: 338px\" class=\"wp-caption alignleft\"><img data-recalc-dims=\"1\" loading=\"lazy\" decoding=\"async\" class=\"wp-image-444211 lazyload\" src=\"https:\/\/i0.wp.com\/www.tribunaribeirao.com.br\/wp-content\/uploads\/2025\/10\/FOTO-05-Sistema-de-saude-lotado-Foto-Reproducao-Canvas-300x188.png?resize=338%2C212&#038;ssl=1\" alt=\"\" width=\"338\" height=\"212\" srcset=\"https:\/\/www.tribunaribeirao.com.br\/wp-content\/uploads\/2025\/10\/FOTO-05-Sistema-de-saude-lotado-Foto-Reproducao-Canvas-300x188.png 300w, https:\/\/www.tribunaribeirao.com.br\/wp-content\/uploads\/2025\/10\/FOTO-05-Sistema-de-saude-lotado-Foto-Reproducao-Canvas-768x480.png 768w, https:\/\/www.tribunaribeirao.com.br\/wp-content\/uploads\/2025\/10\/FOTO-05-Sistema-de-saude-lotado-Foto-Reproducao-Canvas-640x400.png 640w, https:\/\/www.tribunaribeirao.com.br\/wp-content\/uploads\/2025\/10\/FOTO-05-Sistema-de-saude-lotado-Foto-Reproducao-Canvas-585x366.png 585w, https:\/\/www.tribunaribeirao.com.br\/wp-content\/uploads\/2025\/10\/FOTO-05-Sistema-de-saude-lotado-Foto-Reproducao-Canvas.png 800w\" data-sizes=\"(max-width: 338px) 100vw, 338px\" style=\"--smush-placeholder-width: 338px; --smush-placeholder-aspect-ratio: 338\/212;\"\/><figcaption id=\"caption-attachment-444211\" class=\"wp-caption-text\">Com surto de virose na virada de 2024 para 2025, rede de sa\u00fade no litoral ficou sobrecarregada | Foto de reprodu\u00e7\u00e3o<\/figcaption><\/figure>\n<p>Cerca de 11 mil pessoas apresentaram sintomas como diarreia, n\u00e1useas e v\u00f4mito. As cidades mais afetadas foram Guaruj\u00e1 e Praia Grande, com mais de 2,5 mil casos cada.<\/p>\n<p>A\u00e7\u00f5es preventivas inclu\u00edram a distribui\u00e7\u00e3o de hipoclorito de s\u00f3dio e campanhas educativas sobre sintomas e cuidados. A recomenda\u00e7\u00e3o principal \u00e9 consumir apenas \u00e1gua filtrada e alimentos preparados em boas condi\u00e7\u00f5es de higiene, para evitar problemas durante as f\u00e9rias.<\/p>\n<p><!-- CONTENT END 2 -->\n<\/div>\n<p><br \/>\n<br \/><a href=\"https:\/\/www.tribunaribeirao.com.br\/quando-o-sonho-vira-pesadelo\/\">Source link <\/a><\/p>\n","protected":false},"excerpt":{"rendered":"<p>Por Adalberto Luque \u00a0 Marcelo (nome fict\u00edcio) estava ansioso por sua primeira viagem internacional. Al\u00e9m de conhecer outro pa\u00eds, iria ver neve pela primeira vez&#8230;.<\/p>\n","protected":false},"author":1,"featured_media":79174,"comment_status":"open","ping_status":"open","sticky":false,"template":"","format":"standard","meta":{"advanced_seo_description":"","jetpack_seo_html_title":"","jetpack_seo_noindex":false,"jetpack_post_was_ever_published":false,"_jetpack_newsletter_access":"","_jetpack_dont_email_post_to_subs":false,"_jetpack_newsletter_tier_id":0,"_jetpack_memberships_contains_paywalled_content":false,"_jetpack_memberships_contains_paid_content":false,"footnotes":"","jetpack_publicize_message":"","jetpack_publicize_feature_enabled":true,"jetpack_social_post_already_shared":true,"jetpack_social_options":{"image_generator_settings":{"template":"highway","default_image_id":0,"font":"","enabled":false},"version":2}},"categories":[11],"tags":[],"class_list":["post-79173","post","type-post","status-publish","format-standard","has-post-thumbnail","hentry","category-noticias-de-ribeirao-preto-sp-e-regiao-ismael-colosi"],"jetpack_publicize_connections":[],"jetpack_featured_media_url":"https:\/\/i0.wp.com\/noticiasribeiraopreto.com.br\/wp-content\/uploads\/2025\/10\/pexels-freestockpro-1008155-scaled.jpg?fit=1173%2C780&ssl=1","jetpack-related-posts":[{"id":81658,"url":"https:\/\/noticiasribeiraopreto.com.br\/index.php\/2026\/01\/13\/genro-foi-condenado-a-36-anos-de-prisao-por-matar-sogra-em-ribeirao-preto\/","url_meta":{"origin":79173,"position":0},"title":"Genro foi condenado a 36 anos de pris\u00e3o por matar sogra em Ribeir\u00e3o Preto","author":"noticiasribeiraopreto.com.br","date":"13 de January de 2026","format":false,"excerpt":"O Tribunal do J\u00fari condenou Steffes Estanga Borghi Geroldo a 36 anos de pris\u00e3o nesta segunda-feira (12), em Ribeir\u00e3o Preto. Ele matou a sogra, Maria Angela Sales Avelino, de 72 anos, dentro da casa dela, no bairro Vila Virg\u00ednia, em agosto de 2024. Os jurados reconheceram o homic\u00eddio triplamente qualificado,\u2026","rel":"","context":"In &quot;Not\u00edcias de Ribeir\u00e3o Preto-SP e Regi\u00e3o&quot;","block_context":{"text":"Not\u00edcias de Ribeir\u00e3o Preto-SP e Regi\u00e3o","link":"https:\/\/noticiasribeiraopreto.com.br\/index.php\/category\/noticias-de-ribeirao-preto-sp-e-regiao-ismael-colosi\/"},"img":{"alt_text":"","src":"https:\/\/i0.wp.com\/noticiasribeiraopreto.com.br\/wp-content\/uploads\/2026\/01\/image_2026-01-12_21-55-45.webp.webp?fit=1068%2C703&ssl=1&resize=350%2C200","width":350,"height":200,"srcset":"https:\/\/i0.wp.com\/noticiasribeiraopreto.com.br\/wp-content\/uploads\/2026\/01\/image_2026-01-12_21-55-45.webp.webp?fit=1068%2C703&ssl=1&resize=350%2C200 1x, https:\/\/i0.wp.com\/noticiasribeiraopreto.com.br\/wp-content\/uploads\/2026\/01\/image_2026-01-12_21-55-45.webp.webp?fit=1068%2C703&ssl=1&resize=525%2C300 1.5x, https:\/\/i0.wp.com\/noticiasribeiraopreto.com.br\/wp-content\/uploads\/2026\/01\/image_2026-01-12_21-55-45.webp.webp?fit=1068%2C703&ssl=1&resize=700%2C400 2x, https:\/\/i0.wp.com\/noticiasribeiraopreto.com.br\/wp-content\/uploads\/2026\/01\/image_2026-01-12_21-55-45.webp.webp?fit=1068%2C703&ssl=1&resize=1050%2C600 3x"},"classes":[]},{"id":69586,"url":"https:\/\/noticiasribeiraopreto.com.br\/index.php\/2025\/05\/07\/caso-larissa-sogra-tem-alta-de-hospital-apos-passar-mal-ao-ser-presa-em-ribeirao-preto\/","url_meta":{"origin":79173,"position":1},"title":"Caso Larissa: Sogra tem alta de hospital ap\u00f3s passar mal ao ser presa em Ribeir\u00e3o Preto","author":"noticiasribeiraopreto.com.br","date":"7 de May de 2025","format":false,"excerpt":"A sogra da professora encontrada morta em um apartamento na zona Sul de Ribeir\u00e3o Preto deixou o hospital, ap\u00f3s receber alta na madrugada desta quarta-feira (7), em Ribeir\u00e3o Preto. Elizabete Arraba\u00e7a Garnica havia passado mal ao ser presa pela Pol\u00edcia Civil nesta ter\u00e7a-feira (6), suspeita de envolvimento na morte por\u2026","rel":"","context":"In &quot;Not\u00edcias de Ribeir\u00e3o Preto-SP e Regi\u00e3o&quot;","block_context":{"text":"Not\u00edcias de Ribeir\u00e3o Preto-SP e Regi\u00e3o","link":"https:\/\/noticiasribeiraopreto.com.br\/index.php\/category\/noticias-de-ribeirao-preto-sp-e-regiao-ismael-colosi\/"},"img":{"alt_text":"","src":"https:\/\/i0.wp.com\/noticiasribeiraopreto.com.br\/wp-content\/uploads\/2025\/05\/WhatsApp-Image-2025-05-07-at-08.08.58_2025-05-07_11-09-16.webp.webp?fit=1200%2C675&ssl=1&resize=350%2C200","width":350,"height":200,"srcset":"https:\/\/i0.wp.com\/noticiasribeiraopreto.com.br\/wp-content\/uploads\/2025\/05\/WhatsApp-Image-2025-05-07-at-08.08.58_2025-05-07_11-09-16.webp.webp?fit=1200%2C675&ssl=1&resize=350%2C200 1x, https:\/\/i0.wp.com\/noticiasribeiraopreto.com.br\/wp-content\/uploads\/2025\/05\/WhatsApp-Image-2025-05-07-at-08.08.58_2025-05-07_11-09-16.webp.webp?fit=1200%2C675&ssl=1&resize=525%2C300 1.5x, https:\/\/i0.wp.com\/noticiasribeiraopreto.com.br\/wp-content\/uploads\/2025\/05\/WhatsApp-Image-2025-05-07-at-08.08.58_2025-05-07_11-09-16.webp.webp?fit=1200%2C675&ssl=1&resize=700%2C400 2x, https:\/\/i0.wp.com\/noticiasribeiraopreto.com.br\/wp-content\/uploads\/2025\/05\/WhatsApp-Image-2025-05-07-at-08.08.58_2025-05-07_11-09-16.webp.webp?fit=1200%2C675&ssl=1&resize=1050%2C600 3x"},"classes":[]},{"id":12356,"url":"https:\/\/noticiasribeiraopreto.com.br\/index.php\/2023\/12\/07\/botafogo-anuncia-as-primeiras-contratacoes-para-temporada-2024\/","url_meta":{"origin":79173,"position":2},"title":"Botafogo anuncia as primeiras contrata\u00e7\u00f5es para temporada 2024","author":"noticiasribeiraopreto.com.br","date":"7 de December de 2023","format":false,"excerpt":"O Botafogo anunciou nesta quinta-feira (7) a contrata\u00e7\u00e3o dos primeiros refor\u00e7os para pr\u00f3xima temporada. A equipe de Ribeir\u00e3o Preto confirmou os acertos com os goleiros Jo\u00e3o Carlos, ex-Cuiab\u00e1, e Michael Fracaro, ex-ABC, para a pr\u00f3xima temporada. De acordo com o Pantera, Jo\u00e3o Carlos, que tem no curr\u00edculo o acesso para\u2026","rel":"","context":"In &quot;Not\u00edcias de Ribeir\u00e3o Preto-SP e Regi\u00e3o&quot;","block_context":{"text":"Not\u00edcias de Ribeir\u00e3o Preto-SP e Regi\u00e3o","link":"https:\/\/noticiasribeiraopreto.com.br\/index.php\/category\/noticias-de-ribeirao-preto-sp-e-regiao-ismael-colosi\/"},"img":{"alt_text":"","src":"https:\/\/i0.wp.com\/noticiasribeiraopreto.com.br\/wp-content\/uploads\/2023\/12\/goleiro-joao-carlos.jpg?fit=1024%2C682&ssl=1&resize=350%2C200","width":350,"height":200,"srcset":"https:\/\/i0.wp.com\/noticiasribeiraopreto.com.br\/wp-content\/uploads\/2023\/12\/goleiro-joao-carlos.jpg?fit=1024%2C682&ssl=1&resize=350%2C200 1x, https:\/\/i0.wp.com\/noticiasribeiraopreto.com.br\/wp-content\/uploads\/2023\/12\/goleiro-joao-carlos.jpg?fit=1024%2C682&ssl=1&resize=525%2C300 1.5x, https:\/\/i0.wp.com\/noticiasribeiraopreto.com.br\/wp-content\/uploads\/2023\/12\/goleiro-joao-carlos.jpg?fit=1024%2C682&ssl=1&resize=700%2C400 2x"},"classes":[]},{"id":69496,"url":"https:\/\/noticiasribeiraopreto.com.br\/index.php\/2025\/05\/06\/sogra-estava-procurando-por-chumbinho-15-dias-antes-da-morte-de-professora-afirma-delegado\/","url_meta":{"origin":79173,"position":3},"title":"Sogra estava procurando por chumbinho 15 dias antes da morte de professora, afirma delegado","author":"noticiasribeiraopreto.com.br","date":"6 de May de 2025","format":false,"excerpt":"A Pol\u00edcia Civil de Ribeir\u00e3o Preto prendeu, na tarde desta ter\u00e7a-feira (6), o m\u00e9dico Luiz Antonio Garnica e sua m\u00e3e, Elizabete. Ambos s\u00e3o suspeitos de envolvimento na morte por envenenamento de Larissa Talle Le\u00f4ncio Rodrigues, professora de pilates encontrada morta em 22 de mar\u00e7o no apartamento onde morava, em Ribeir\u00e3o\u2026","rel":"","context":"In &quot;Not\u00edcias de Ribeir\u00e3o Preto-SP e Regi\u00e3o&quot;","block_context":{"text":"Not\u00edcias de Ribeir\u00e3o Preto-SP e Regi\u00e3o","link":"https:\/\/noticiasribeiraopreto.com.br\/index.php\/category\/noticias-de-ribeirao-preto-sp-e-regiao-ismael-colosi\/"},"img":{"alt_text":"","src":"https:\/\/i0.wp.com\/noticiasribeiraopreto.com.br\/wp-content\/uploads\/2025\/05\/Copia-de-Copia-de-Copia-de-TAMANHO-EXATO-PARA-FOTOS-NO-SISTEMA-NOVO-45_2025-05-06_21-21-57.webp.webp?fit=1200%2C675&ssl=1&resize=350%2C200","width":350,"height":200,"srcset":"https:\/\/i0.wp.com\/noticiasribeiraopreto.com.br\/wp-content\/uploads\/2025\/05\/Copia-de-Copia-de-Copia-de-TAMANHO-EXATO-PARA-FOTOS-NO-SISTEMA-NOVO-45_2025-05-06_21-21-57.webp.webp?fit=1200%2C675&ssl=1&resize=350%2C200 1x, https:\/\/i0.wp.com\/noticiasribeiraopreto.com.br\/wp-content\/uploads\/2025\/05\/Copia-de-Copia-de-Copia-de-TAMANHO-EXATO-PARA-FOTOS-NO-SISTEMA-NOVO-45_2025-05-06_21-21-57.webp.webp?fit=1200%2C675&ssl=1&resize=525%2C300 1.5x, https:\/\/i0.wp.com\/noticiasribeiraopreto.com.br\/wp-content\/uploads\/2025\/05\/Copia-de-Copia-de-Copia-de-TAMANHO-EXATO-PARA-FOTOS-NO-SISTEMA-NOVO-45_2025-05-06_21-21-57.webp.webp?fit=1200%2C675&ssl=1&resize=700%2C400 2x, https:\/\/i0.wp.com\/noticiasribeiraopreto.com.br\/wp-content\/uploads\/2025\/05\/Copia-de-Copia-de-Copia-de-TAMANHO-EXATO-PARA-FOTOS-NO-SISTEMA-NOVO-45_2025-05-06_21-21-57.webp.webp?fit=1200%2C675&ssl=1&resize=1050%2C600 3x"},"classes":[]},{"id":73226,"url":"https:\/\/noticiasribeiraopreto.com.br\/index.php\/2025\/06\/27\/caso-larissa-marido-e-sogra-sao-indiciados-por-morte-de-professora-envenenada-em-ribeirao\/","url_meta":{"origin":79173,"position":4},"title":"Caso Larissa: Marido e sogra s\u00e3o indiciados por morte de professora envenenada em Ribeir\u00e3o","author":"noticiasribeiraopreto.com.br","date":"27 de June de 2025","format":false,"excerpt":"A Pol\u00edcia Civil concluiu, nesta sexta-feira (27), a investiga\u00e7\u00e3o sobre a morte da professora de pilates Larissa Rodrigues, envenenada em mar\u00e7o deste ano em Ribeir\u00e3o Preto. >>>FIQUE POR DENTRO: Confira a cobertura completa sobre o caso Larissa Durante coletiva de imprensa, os delegados Fernando Bravo e Jos\u00e9 Carvalho de Ara\u00fajo\u2026","rel":"","context":"In &quot;Not\u00edcias de Ribeir\u00e3o Preto-SP e Regi\u00e3o&quot;","block_context":{"text":"Not\u00edcias de Ribeir\u00e3o Preto-SP e Regi\u00e3o","link":"https:\/\/noticiasribeiraopreto.com.br\/index.php\/category\/noticias-de-ribeirao-preto-sp-e-regiao-ismael-colosi\/"},"img":{"alt_text":"","src":"https:\/\/i0.wp.com\/noticiasribeiraopreto.com.br\/wp-content\/uploads\/2025\/06\/larissa_2025-05-09_12-39-48.webp.webp?fit=974%2C585&ssl=1&resize=350%2C200","width":350,"height":200,"srcset":"https:\/\/i0.wp.com\/noticiasribeiraopreto.com.br\/wp-content\/uploads\/2025\/06\/larissa_2025-05-09_12-39-48.webp.webp?fit=974%2C585&ssl=1&resize=350%2C200 1x, https:\/\/i0.wp.com\/noticiasribeiraopreto.com.br\/wp-content\/uploads\/2025\/06\/larissa_2025-05-09_12-39-48.webp.webp?fit=974%2C585&ssl=1&resize=525%2C300 1.5x, https:\/\/i0.wp.com\/noticiasribeiraopreto.com.br\/wp-content\/uploads\/2025\/06\/larissa_2025-05-09_12-39-48.webp.webp?fit=974%2C585&ssl=1&resize=700%2C400 2x"},"classes":[]},{"id":17731,"url":"https:\/\/noticiasribeiraopreto.com.br\/index.php\/2023\/12\/19\/governo-anuncia-primeiras-medidas-para-reducao-dos-precos-das-passagens-aereas\/","url_meta":{"origin":79173,"position":5},"title":"Governo anuncia primeiras medidas para redu\u00e7\u00e3o dos pre\u00e7os das passagens a\u00e9reas","author":"noticiasribeiraopreto.com.br","date":"19 de December de 2023","format":false,"excerpt":"Por Luiz Ara\u00fajo O Minist\u00e9rio de Portos e Aeroportos (MPor) anunciou, nesta segunda-feira (18), as primeiras medidas para redu\u00e7\u00e3o dos pre\u00e7os das passagens a\u00e9reas. O an\u00fancio, feito em conjunto com representantes das companhias, foi focado na promessa de maior volume de promo\u00e7\u00f5es. Ainda assim, o titular do MPor, Silvio Costa\u2026","rel":"","context":"In &quot;Not\u00edcias de Ribeir\u00e3o Preto-SP e Regi\u00e3o&quot;","block_context":{"text":"Not\u00edcias de Ribeir\u00e3o Preto-SP e Regi\u00e3o","link":"https:\/\/noticiasribeiraopreto.com.br\/index.php\/category\/noticias-de-ribeirao-preto-sp-e-regiao-ismael-colosi\/"},"img":{"alt_text":"","src":"https:\/\/i0.wp.com\/noticiasribeiraopreto.com.br\/wp-content\/uploads\/2023\/12\/aviao-voando-em-um-ceu-nublado-scaled.jpg?fit=1200%2C700&ssl=1&resize=350%2C200","width":350,"height":200,"srcset":"https:\/\/i0.wp.com\/noticiasribeiraopreto.com.br\/wp-content\/uploads\/2023\/12\/aviao-voando-em-um-ceu-nublado-scaled.jpg?fit=1200%2C700&ssl=1&resize=350%2C200 1x, https:\/\/i0.wp.com\/noticiasribeiraopreto.com.br\/wp-content\/uploads\/2023\/12\/aviao-voando-em-um-ceu-nublado-scaled.jpg?fit=1200%2C700&ssl=1&resize=525%2C300 1.5x, https:\/\/i0.wp.com\/noticiasribeiraopreto.com.br\/wp-content\/uploads\/2023\/12\/aviao-voando-em-um-ceu-nublado-scaled.jpg?fit=1200%2C700&ssl=1&resize=700%2C400 2x, https:\/\/i0.wp.com\/noticiasribeiraopreto.com.br\/wp-content\/uploads\/2023\/12\/aviao-voando-em-um-ceu-nublado-scaled.jpg?fit=1200%2C700&ssl=1&resize=1050%2C600 3x"},"classes":[]}],"jetpack_sharing_enabled":true,"jetpack_shortlink":"https:\/\/wp.me\/peQAOb-kAZ","_links":{"self":[{"href":"https:\/\/noticiasribeiraopreto.com.br\/index.php\/wp-json\/wp\/v2\/posts\/79173","targetHints":{"allow":["GET"]}}],"collection":[{"href":"https:\/\/noticiasribeiraopreto.com.br\/index.php\/wp-json\/wp\/v2\/posts"}],"about":[{"href":"https:\/\/noticiasribeiraopreto.com.br\/index.php\/wp-json\/wp\/v2\/types\/post"}],"author":[{"embeddable":true,"href":"https:\/\/noticiasribeiraopreto.com.br\/index.php\/wp-json\/wp\/v2\/users\/1"}],"replies":[{"embeddable":true,"href":"https:\/\/noticiasribeiraopreto.com.br\/index.php\/wp-json\/wp\/v2\/comments?post=79173"}],"version-history":[{"count":0,"href":"https:\/\/noticiasribeiraopreto.com.br\/index.php\/wp-json\/wp\/v2\/posts\/79173\/revisions"}],"wp:featuredmedia":[{"embeddable":true,"href":"https:\/\/noticiasribeiraopreto.com.br\/index.php\/wp-json\/wp\/v2\/media\/79174"}],"wp:attachment":[{"href":"https:\/\/noticiasribeiraopreto.com.br\/index.php\/wp-json\/wp\/v2\/media?parent=79173"}],"wp:term":[{"taxonomy":"category","embeddable":true,"href":"https:\/\/noticiasribeiraopreto.com.br\/index.php\/wp-json\/wp\/v2\/categories?post=79173"},{"taxonomy":"post_tag","embeddable":true,"href":"https:\/\/noticiasribeiraopreto.com.br\/index.php\/wp-json\/wp\/v2\/tags?post=79173"}],"curies":[{"name":"wp","href":"https:\/\/api.w.org\/{rel}","templated":true}]}}