{"id":79175,"date":"2025-10-26T08:35:45","date_gmt":"2025-10-26T11:35:45","guid":{"rendered":"https:\/\/noticiasribeiraopreto.com.br\/index.php\/2025\/10\/26\/quais-sao-os-quatro-principais-deveres-do-condomino\/"},"modified":"2025-10-26T08:35:45","modified_gmt":"2025-10-26T11:35:45","slug":"quais-sao-os-quatro-principais-deveres-do-condomino","status":"publish","type":"post","link":"https:\/\/noticiasribeiraopreto.com.br\/index.php\/2025\/10\/26\/quais-sao-os-quatro-principais-deveres-do-condomino\/","title":{"rendered":"Quais s\u00e3o os quatro principais deveres do cond\u00f4mino?"},"content":{"rendered":"<div class='code-block code-block-1' style='margin: 8px 0 8px auto; text-align: right; display: block; clear: both;'>\n<p><a href=\"https:\/\/wa.link\/vpicfd\"><img data-recalc-dims=\"1\" class=\"wp-image-4922\" style=\"aspect-ratio: 2.0253164556962027; width: 561px; height: auto;\" src=\"https:\/\/i0.wp.com\/ismaelcolosi.com.br\/wp-content\/uploads\/2023\/11\/grupo-de-empregos-whatsapp-e-facebook-ismael-colosi-vagas.jpg?ssl=1\" alt=\"\" \/><\/a><\/p>\n<!-- \/wp:image -->\n<\/div>\n<p> <br \/>\n<\/p>\n<div>\n<p>A conviv\u00eancia em condom\u00ednios edil\u00edcios imp\u00f5e aos moradores uma s\u00e9rie de adapta\u00e7\u00f5es e regras, essenciais para garantir a harmonia e a seguran\u00e7a do conjunto. O C\u00f3digo Civil Brasileiro estabeleceu as normas de conduta para os propriet\u00e1rios (<em>cond\u00f4minos<\/em>) que coabitam, sendo o artigo 1336 o principal dispositivo legal que elenca os seus deveres.<\/p>\n<p>A seguir, ser\u00e3o detalhados os quatro principais deveres do cond\u00f4mino, conforme o<a href=\"https:\/\/www.planalto.gov.br\/ccivil_03\/leis\/2002\/l10406compilada.htm\" data-type=\"link\" data-id=\"https:\/\/www.planalto.gov.br\/ccivil_03\/leis\/2002\/l10406compilada.htm\" target=\"_blank\" rel=\"noopener\"> Artigo 1336 do C\u00f3digo Civil<\/a>:<\/p>\n<h2 class=\"wp-block-heading\"><strong>1. Contribuir para as Despesas do Condom\u00ednio (Art. 1.336, I)<\/strong><\/h2>\n<p>O primeiro e fundamental dever do cond\u00f4mino \u00e9 contribuir para as despesas do condom\u00ednio. Essa contribui\u00e7\u00e3o deve ser feita, em regra, na propor\u00e7\u00e3o das suas fra\u00e7\u00f5es ideais, a menos que a conven\u00e7\u00e3o do condom\u00ednio determine um formato diferente.<\/p>\n<p>A natureza jur\u00eddica da taxa condominial \u00e9 a divis\u00e3o das despesas comuns (como \u00e1gua, energia, limpeza e funcion\u00e1rios). A fra\u00e7\u00e3o ideal \u00e9 o percentual que a unidade aut\u00f4noma (apartamento, sala, etc.) ocupa no condom\u00ednio como um todo, incluindo o solo e as \u00e1reas comuns. Assim, unidades maiores, com fra\u00e7\u00f5es ideais superiores, tendem a pagar uma contribui\u00e7\u00e3o maior, refletindo o espa\u00e7o que ocupam no conjunto. A fra\u00e7\u00e3o ideal \u00e9 crucial n\u00e3o s\u00f3 para determinar o valor da contribui\u00e7\u00e3o, mas tamb\u00e9m para vota\u00e7\u00f5es nas assembleias e para o recebimento de seguro em caso de desmoronamento.<\/p>\n<p>O inadimplemento deste dever acarreta penalidades espec\u00edficas: o cond\u00f4mino que n\u00e3o pagar a sua contribui\u00e7\u00e3o fica sujeito aos juros morat\u00f3rios convencionados ou, se n\u00e3o previstos, a juros de um por cento ao m\u00eas e multa de at\u00e9 dois por cento sobre o d\u00e9bito.<\/p>\n<h2 class=\"wp-block-heading\"><strong>2. N\u00e3o Realizar Obras que Comprometam a Seguran\u00e7a da Edifica\u00e7\u00e3o (Art. 1.336, II)<\/strong><\/h2>\n<p><mark style=\"background-color:#fcb900\" class=\"has-inline-color has-black-color\">\u00c9 dever do cond\u00f4mino n\u00e3o realizar obras que coloquem em risco a seguran\u00e7a de toda a edifica\u00e7\u00e3o.<\/mark> Este dever visa proteger a estrutura f\u00edsica do pr\u00e9dio, que \u00e9 propriedade comum.<\/p>\n<p>Antes de qualquer pretens\u00e3o de altera\u00e7\u00e3o estrutural em sua unidade, o cond\u00f4mino deve verificar a viabilidade da obra atrav\u00e9s de um profissional t\u00e9cnico capacitado. Essa proibi\u00e7\u00e3o impede, por exemplo, a remo\u00e7\u00e3o de paredes estruturais para aumentar c\u00f4modos. Em casos de envidra\u00e7amento de sacadas, a edifica\u00e7\u00e3o geralmente j\u00e1 possui um padr\u00e3o a ser seguido, e a NBR 16.280 tem sido um instrumento \u00fatil para os s\u00edndicos na gest\u00e3o dessas quest\u00f5es t\u00e9cnicas.<\/p>\n<h2 class=\"wp-block-heading\"><strong>3. N\u00e3o Alterar a Forma e a Cor da Fachada (Art. 1.336, III)<\/strong><\/h2>\n<p>O cond\u00f4mino est\u00e1 legalmente proibido de alterar a forma e a cor da fachada, das partes e esquadrias externas. A fachada \u00e9 considerada propriedade comum de todos os cond\u00f4minos e, portanto, n\u00e3o pode ser modificada por iniciativa individual.<\/p>\n<p>A justificativa para essa proibi\u00e7\u00e3o reside na necessidade de evitar o preju\u00edzo est\u00e9tico e a desarmonia arquitet\u00f4nica da edifica\u00e7\u00e3o, afetando o interesse de todo o conjunto de cond\u00f4minos. <mark style=\"background-color:#fcb900\" class=\"has-inline-color has-black-color\">Qualquer modifica\u00e7\u00e3o na fachada deve, obrigatoriamente, ter a anu\u00eancia dos demais cond\u00f4minos em assembleia.<\/mark><\/p>\n<p>O Superior Tribunal de Justi\u00e7a (STJ) j\u00e1 se manifestou sobre o tema, decidindo que a altera\u00e7\u00e3o na cor original das esquadrias externas, feita sem autoriza\u00e7\u00e3o pela unanimidade dos cond\u00f4minos, caracteriza altera\u00e7\u00e3o de fachada. O legislador estabeleceu crit\u00e9rios objetivos claros a respeito dessas altera\u00e7\u00f5es, e a regra geral \u00e9 a veda\u00e7\u00e3o, admitindo modifica\u00e7\u00e3o apenas se autorizada pela unanimidade.<\/p>\n<h2 class=\"wp-block-heading\"><strong>4. Respeitar a Destina\u00e7\u00e3o da Edifica\u00e7\u00e3o e o Bem-Estar Coletivo (Art. 1.336, IV)<\/strong><\/h2>\n<p>O \u00faltimo dever principal exige que o cond\u00f4mino d\u00ea \u00e0s suas partes a mesma destina\u00e7\u00e3o que tem a edifica\u00e7\u00e3o e que n\u00e3o utilize a unidade de maneira prejudicial ao sossego, salubridade e seguran\u00e7a dos possuidores, ou aos bons costumes.<\/p>\n<p>A primeira parte deste inciso foca na finalidade do condom\u00ednio.<mark style=\"background-color:#fcb900\" class=\"has-inline-color has-black-color\"> Se o condom\u00ednio for estritamente residencial, o cond\u00f4mino deve respeitar essa finalidade, n\u00e3o podendo exercer em sua unidade atividades comerciais, como escrit\u00f3rios de advocacia ou com\u00e9rcio de produtos, se o recebimento de clientes desconfigurar a utiliza\u00e7\u00e3o residencial.<\/mark><\/p>\n<p>A segunda parte trata do uso que afeta a coletividade. O cond\u00f4mino deve zelar pelo sossego, pela salubridade (sa\u00fade) e pela seguran\u00e7a de todos os possuidores. Isso envolve comportamentos di\u00e1rios que n\u00e3o perturbem a vizinhan\u00e7a.<\/p>\n<h2 class=\"wp-block-heading\"><strong>San\u00e7\u00f5es Por Descumprimento Dos Deveres<\/strong><\/h2>\n<p>O n\u00e3o cumprimento dos deveres estabelecidos nos incisos II a IV (obras, fachada e destina\u00e7\u00e3o\/uso prejudicial) sujeita o cond\u00f4mino a multa prevista na conven\u00e7\u00e3o ou no ato constitutivo. Esta multa n\u00e3o pode ser superior a cinco vezes o valor de suas contribui\u00e7\u00f5es mensais, e pode ser cobrada independentemente das perdas e danos apurados. Se a multa n\u00e3o estiver expressamente prevista, a assembleia geral pode deliberar sobre a cobran\u00e7a por um qu\u00f3rum de, no m\u00ednimo, dois ter\u00e7os dos cond\u00f4minos restantes.<\/p>\n<p>Em casos de reitera\u00e7\u00e3o no descumprimento dos deveres, o cond\u00f4mino pode ser constrangido a pagar multa correspondente at\u00e9 o qu\u00edntuplo da contribui\u00e7\u00e3o condominial. Se o comportamento for reiteradamente antissocial e gerar incompatibilidade de conviv\u00eancia, a multa pode chegar ao d\u00e9cuplo (dez vezes) o valor da contribui\u00e7\u00e3o, at\u00e9 ulterior delibera\u00e7\u00e3o da assembleia.<\/p>\n<p>Os deveres previstos no C\u00f3digo Civil, detalhados no Artigo 1336, configuram, portanto, as limita\u00e7\u00f5es necess\u00e1rias ao direito de propriedade do cond\u00f4mino, assegurando que o exerc\u00edcio dos seus direitos individuais (usar, fruir e dispor de sua unidade) n\u00e3o infrinja os direitos e o bem-estar da coletividade condominial.<\/p>\n<p>Diante do exposto, fica evidente que os quatro principais deveres do cond\u00f4mino, contribuir para as despesas do condom\u00ednio, preservar a seguran\u00e7a da edifica\u00e7\u00e3o, respeitar a est\u00e9tica da fachada e zelar pelo uso adequado da unidade, s\u00e3o pilares fundamentais para a conviv\u00eancia harmoniosa e respons\u00e1vel em ambientes coletivos. <\/p>\n<p>Esses deveres n\u00e3o apenas delimitam o exerc\u00edcio do direito de propriedade, mas tamb\u00e9m refor\u00e7am o compromisso com o bem-estar comum, a preserva\u00e7\u00e3o do patrim\u00f4nio coletivo e o respeito m\u00fatuo entre os moradores. O cumprimento dessas obriga\u00e7\u00f5es fortalece a cultura de coopera\u00e7\u00e3o e cidadania dentro dos condom\u00ednios, promovendo um ambiente mais seguro, organizado e saud\u00e1vel para todos.<\/p>\n<p>SAIBA MAIS<br \/>Conhe\u00e7a a hist\u00f3ria do L\u00e9o, cachorro de Ribeir\u00e3o Preto que luta contra a hidrocefalia<\/p>\n<h2 class=\"wp-block-heading\"><strong>FIQUE ON<\/strong><\/h2>\n<p>Fique ligado em tudo que acontece em Ribeir\u00e3o Preto e regi\u00e3o. Siga os perfis do<strong>\u00a0acidade on<\/strong>\u00a0no<a href=\"https:\/\/www.instagram.com\/acidadeonribeirao\" data-type=\"link\" data-id=\"https:\/\/www.instagram.com\/acidadeonribeirao\" target=\"_blank\" rel=\"noopener\">\u00a0Instagram\u00a0<\/a>e no\u00a0<a href=\"https:\/\/www.facebook.com\/acidadeonribeirao\/\" data-type=\"link\" data-id=\"https:\/\/www.facebook.com\/acidadeonribeirao\/\" target=\"_blank\" rel=\"noopener\">Facebook<\/a>.<\/p>\n<p>Receba not\u00edcias do<strong>\u00a0acidade on\u00a0<\/strong>no WhatsApp. Para entrar no grupo,\u00a0basta <a href=\"https:\/\/chat.whatsapp.com\/I4nieTEMKlf50pJ28aMemC?mode=ac_t\" data-type=\"link\" data-id=\"https:\/\/chat.whatsapp.com\/I4nieTEMKlf50pJ28aMemC?mode=ac_t\" target=\"_blank\" rel=\"noopener\">clicar aqui<\/a>. Ou, acesse o nosso\u00a0Canal <a href=\"https:\/\/whatsapp.com\/channel\/0029Vb6IQl1JENyAeS57fk2p\" data-type=\"link\" data-id=\"https:\/\/whatsapp.com\/channel\/0029Vb6IQl1JENyAeS57fk2p\" target=\"_blank\" rel=\"noopener\">clicando aqui<\/a>.<\/p>\n<p>Fa\u00e7a uma den\u00fancia ou sugira uma reportagem sobre Ribeir\u00e3o Preto e regi\u00e3o pelo WhatsApp: 16 99117 7802.<\/p>\n<p>VEJA TAMB\u00c9M<br \/>Governan\u00e7a, IA e Compliance: A Tr\u00edade para a Perenidade dos Neg\u00f3cios Familiares<\/p>\n<p><!-- AI CONTENT END 1 -->\n<\/div>\n<p><script async src=\"\/\/www.instagram.com\/embed.js\"><\/script><br \/>\n<br \/><br \/>\n<br \/><a href=\"https:\/\/www.acidadeon.com\/ribeiraopreto\/cotidiano\/colunistas-ribeirao-preto\/quais-sao-os-quatro-principais-deveres-do-condomino\/\">Source link <\/a><\/p>\n<!-- CONTENT END 1 -->\n","protected":false},"excerpt":{"rendered":"<p>A conviv\u00eancia em condom\u00ednios edil\u00edcios imp\u00f5e aos moradores uma s\u00e9rie de adapta\u00e7\u00f5es e regras, essenciais para garantir a harmonia e a seguran\u00e7a do conjunto. O&#8230;<\/p>\n","protected":false},"author":1,"featured_media":73614,"comment_status":"open","ping_status":"open","sticky":false,"template":"","format":"standard","meta":{"advanced_seo_description":"","jetpack_seo_html_title":"","jetpack_seo_noindex":false,"jetpack_post_was_ever_published":false,"_jetpack_newsletter_access":"","_jetpack_dont_email_post_to_subs":false,"_jetpack_newsletter_tier_id":0,"_jetpack_memberships_contains_paywalled_content":false,"_jetpack_memberships_contains_paid_content":false,"footnotes":"","jetpack_publicize_message":"","jetpack_publicize_feature_enabled":true,"jetpack_social_post_already_shared":true,"jetpack_social_options":{"image_generator_settings":{"template":"highway","default_image_id":0,"font":"","enabled":false},"version":2}},"categories":[11],"tags":[],"class_list":["post-79175","post","type-post","status-publish","format-standard","has-post-thumbnail","hentry","category-noticias-de-ribeirao-preto-sp-e-regiao-ismael-colosi"],"jetpack_publicize_connections":[],"jetpack_featured_media_url":"https:\/\/i0.wp.com\/noticiasribeiraopreto.com.br\/wp-content\/uploads\/2025\/07\/DR-MARCIO-SPIMPOLO_2025-05-16_17-40-37.webp.webp?fit=997%2C718&ssl=1","jetpack-related-posts":[{"id":62603,"url":"https:\/\/noticiasribeiraopreto.com.br\/index.php\/2025\/01\/19\/vagas-de-garagem-um-eterno-problema-em-condominios\/","url_meta":{"origin":79175,"position":0},"title":"Vagas de Garagem: um eterno problema em condom\u00ednios","author":"noticiasribeiraopreto.com.br","date":"19 de January de 2025","format":false,"excerpt":"A regulamenta\u00e7\u00e3o das vagas de garagem em edif\u00edcios residenciais \u00e9 um tema importante que envolve tanto a legisla\u00e7\u00e3o federal quanto as normas internas dos condom\u00ednios. O C\u00f3digo Civil Brasileiro destaca os direitos e os deveres dos cond\u00f4minos em rela\u00e7\u00e3o ao uso e \u00e0 disposi\u00e7\u00e3o de suas unidades. Entre os principais\u2026","rel":"","context":"In &quot;Not\u00edcias de Ribeir\u00e3o Preto-SP e Regi\u00e3o&quot;","block_context":{"text":"Not\u00edcias de Ribeir\u00e3o Preto-SP e Regi\u00e3o","link":"https:\/\/noticiasribeiraopreto.com.br\/index.php\/category\/noticias-de-ribeirao-preto-sp-e-regiao-ismael-colosi\/"},"img":{"alt_text":"","src":"https:\/\/i0.wp.com\/noticiasribeiraopreto.com.br\/wp-content\/uploads\/2024\/03\/AnyConv.com__WhatsApp-Image-2024-02-29-at-15.18.26.webp.webp?fit=640%2C405&ssl=1&resize=350%2C200","width":350,"height":200,"srcset":"https:\/\/i0.wp.com\/noticiasribeiraopreto.com.br\/wp-content\/uploads\/2024\/03\/AnyConv.com__WhatsApp-Image-2024-02-29-at-15.18.26.webp.webp?fit=640%2C405&ssl=1&resize=350%2C200 1x, https:\/\/i0.wp.com\/noticiasribeiraopreto.com.br\/wp-content\/uploads\/2024\/03\/AnyConv.com__WhatsApp-Image-2024-02-29-at-15.18.26.webp.webp?fit=640%2C405&ssl=1&resize=525%2C300 1.5x"},"classes":[]},{"id":63082,"url":"https:\/\/noticiasribeiraopreto.com.br\/index.php\/2025\/02\/02\/para-que-servem-e-como-calcula-se-o-valor-das-taxas-condominiais\/","url_meta":{"origin":79175,"position":1},"title":"Para que servem e como calcula-se o valor das taxas condominiais?","author":"noticiasribeiraopreto.com.br","date":"2 de February de 2025","format":false,"excerpt":"Embora muitos chamem de \u2018taxa de condom\u00ednio\u2019, na verdade, o termo correto seria \u2018rateio de despesas condominiais\u2019.\u00a0 Trata-se de uma cobran\u00e7a mensal feita pela administra\u00e7\u00e3o aos cond\u00f4minos de um edif\u00edcio, com o prop\u00f3sito de sustentar todas as despesas de um condom\u00ednio, seja eles residenciais ou comerciais. No caso de condom\u00ednios,\u2026","rel":"","context":"In &quot;Not\u00edcias de Ribeir\u00e3o Preto-SP e Regi\u00e3o&quot;","block_context":{"text":"Not\u00edcias de Ribeir\u00e3o Preto-SP e Regi\u00e3o","link":"https:\/\/noticiasribeiraopreto.com.br\/index.php\/category\/noticias-de-ribeirao-preto-sp-e-regiao-ismael-colosi\/"},"img":{"alt_text":"","src":"https:\/\/i0.wp.com\/noticiasribeiraopreto.com.br\/wp-content\/uploads\/2024\/03\/AnyConv.com__WhatsApp-Image-2024-02-29-at-15.18.26.webp.webp?fit=640%2C405&ssl=1&resize=350%2C200","width":350,"height":200,"srcset":"https:\/\/i0.wp.com\/noticiasribeiraopreto.com.br\/wp-content\/uploads\/2024\/03\/AnyConv.com__WhatsApp-Image-2024-02-29-at-15.18.26.webp.webp?fit=640%2C405&ssl=1&resize=350%2C200 1x, https:\/\/i0.wp.com\/noticiasribeiraopreto.com.br\/wp-content\/uploads\/2024\/03\/AnyConv.com__WhatsApp-Image-2024-02-29-at-15.18.26.webp.webp?fit=640%2C405&ssl=1&resize=525%2C300 1.5x"},"classes":[]},{"id":63557,"url":"https:\/\/noticiasribeiraopreto.com.br\/index.php\/2025\/02\/16\/previsao-orcamentaria-e-prestacao-de-contas-como-apresenta-las-de-forma-transparente\/","url_meta":{"origin":79175,"position":2},"title":"Previs\u00e3o Or\u00e7ament\u00e1ria e Presta\u00e7\u00e3o de Contas: Como apresent\u00e1-las de forma transparente?","author":"noticiasribeiraopreto.com.br","date":"16 de February de 2025","format":false,"excerpt":"A previs\u00e3o or\u00e7ament\u00e1ria \u00e9 uma\u00a0ferramenta indispens\u00e1vel\u00a0para assegurar a sa\u00fade financeira e uma gest\u00e3o eficiente dos condom\u00ednios.\u00a0Aliada \u00e0 transpar\u00eancia, ela n\u00e3o apenas contribui para a valoriza\u00e7\u00e3o do patrim\u00f4nio, mas tamb\u00e9m\u00a0minimiza conflitos entre os cond\u00f4minos\u00a0e\u00a0fortalece a credibilidade da administra\u00e7\u00e3o.\u00a0Essa combina\u00e7\u00e3o de planejamento e clareza\u00a0\u00e9 fundamental para construir um ambiente harmonioso e sustent\u00e1vel,\u2026","rel":"","context":"In &quot;Not\u00edcias de Ribeir\u00e3o Preto-SP e Regi\u00e3o&quot;","block_context":{"text":"Not\u00edcias de Ribeir\u00e3o Preto-SP e Regi\u00e3o","link":"https:\/\/noticiasribeiraopreto.com.br\/index.php\/category\/noticias-de-ribeirao-preto-sp-e-regiao-ismael-colosi\/"},"img":{"alt_text":"","src":"https:\/\/i0.wp.com\/noticiasribeiraopreto.com.br\/wp-content\/uploads\/2025\/02\/marcio-spimpolo_2025-02-14_21-18-47_jpeg_2025-02-14_21-18-47.webp.webp?fit=1200%2C675&ssl=1&resize=350%2C200","width":350,"height":200,"srcset":"https:\/\/i0.wp.com\/noticiasribeiraopreto.com.br\/wp-content\/uploads\/2025\/02\/marcio-spimpolo_2025-02-14_21-18-47_jpeg_2025-02-14_21-18-47.webp.webp?fit=1200%2C675&ssl=1&resize=350%2C200 1x, https:\/\/i0.wp.com\/noticiasribeiraopreto.com.br\/wp-content\/uploads\/2025\/02\/marcio-spimpolo_2025-02-14_21-18-47_jpeg_2025-02-14_21-18-47.webp.webp?fit=1200%2C675&ssl=1&resize=525%2C300 1.5x, https:\/\/i0.wp.com\/noticiasribeiraopreto.com.br\/wp-content\/uploads\/2025\/02\/marcio-spimpolo_2025-02-14_21-18-47_jpeg_2025-02-14_21-18-47.webp.webp?fit=1200%2C675&ssl=1&resize=700%2C400 2x, https:\/\/i0.wp.com\/noticiasribeiraopreto.com.br\/wp-content\/uploads\/2025\/02\/marcio-spimpolo_2025-02-14_21-18-47_jpeg_2025-02-14_21-18-47.webp.webp?fit=1200%2C675&ssl=1&resize=1050%2C600 3x"},"classes":[]},{"id":48651,"url":"https:\/\/noticiasribeiraopreto.com.br\/index.php\/2024\/05\/05\/condominios-rurais-como-sao-formados\/","url_meta":{"origin":79175,"position":3},"title":"Condom\u00ednios Rurais: Como s\u00e3o formados?","author":"noticiasribeiraopreto.com.br","date":"5 de May de 2024","format":false,"excerpt":"Aproveitando a semana da maior feira de tecnologia agr\u00edcola do Brasil e uma das maiores do mundo, a Agrishow, neste artigo vamos trazer informa\u00e7\u00f5es sobre \u201ccondom\u00ednios rurais\u201d. Pode parecer que n\u00e3o, mas esse tipo de condom\u00ednio \u00e9 muito comum. Por\u00e9m, a sua forma\u00e7\u00e3o, geralmente, se d\u00e1 em raz\u00e3o de heran\u00e7a.\u2026","rel":"","context":"In &quot;Not\u00edcias de Ribeir\u00e3o Preto-SP e Regi\u00e3o&quot;","block_context":{"text":"Not\u00edcias de Ribeir\u00e3o Preto-SP e Regi\u00e3o","link":"https:\/\/noticiasribeiraopreto.com.br\/index.php\/category\/noticias-de-ribeirao-preto-sp-e-regiao-ismael-colosi\/"},"img":{"alt_text":"","src":"https:\/\/i0.wp.com\/noticiasribeiraopreto.com.br\/wp-content\/uploads\/2024\/03\/AnyConv.com__WhatsApp-Image-2024-02-29-at-15.18.26.webp.webp?fit=640%2C405&ssl=1&resize=350%2C200","width":350,"height":200,"srcset":"https:\/\/i0.wp.com\/noticiasribeiraopreto.com.br\/wp-content\/uploads\/2024\/03\/AnyConv.com__WhatsApp-Image-2024-02-29-at-15.18.26.webp.webp?fit=640%2C405&ssl=1&resize=350%2C200 1x, https:\/\/i0.wp.com\/noticiasribeiraopreto.com.br\/wp-content\/uploads\/2024\/03\/AnyConv.com__WhatsApp-Image-2024-02-29-at-15.18.26.webp.webp?fit=640%2C405&ssl=1&resize=525%2C300 1.5x"},"classes":[]},{"id":65588,"url":"https:\/\/noticiasribeiraopreto.com.br\/index.php\/2025\/03\/21\/jornal-da-franca-pets-em-condominio-residencial-reforma-do-codigo-civil-cria-um-novo-paradigma-legal\/","url_meta":{"origin":79175,"position":4},"title":"Jornal da Franca &#8211; Pets em condom\u00ednio residencial: Reforma do C\u00f3digo Civil cria um novo paradigma legal","author":"noticiasribeiraopreto.com.br","date":"21 de March de 2025","format":false,"excerpt":"O C\u00f3digo Civil est\u00e1 passando por uma reforma recente e os animais ganharam um novo status legal. Deixaram finalmente de serem considerados meros objetos e\/ou animais irracionais, mas sim seres vivos sencientes, ou seja, capazes de sentir sensa\u00e7\u00f5es e emo\u00e7\u00f5es e pass\u00edveis de prote\u00e7\u00e3o jur\u00eddica pr\u00f3pria. A conviv\u00eancia entre humanos\u2026","rel":"","context":"In &quot;Not\u00edcias de Franca-SP&quot;","block_context":{"text":"Not\u00edcias de Franca-SP","link":"https:\/\/noticiasribeiraopreto.com.br\/index.php\/category\/noticias-de-ribeirao-preto-sp-e-regiao-ismael-colosi\/noticias-franca-sp\/"},"img":{"alt_text":"","src":"https:\/\/i0.wp.com\/noticiasribeiraopreto.com.br\/wp-content\/uploads\/2025\/03\/d530adfd-6a58-4431-9d64-559b5ed40f87.jpg?fit=1200%2C822&ssl=1&resize=350%2C200","width":350,"height":200,"srcset":"https:\/\/i0.wp.com\/noticiasribeiraopreto.com.br\/wp-content\/uploads\/2025\/03\/d530adfd-6a58-4431-9d64-559b5ed40f87.jpg?fit=1200%2C822&ssl=1&resize=350%2C200 1x, https:\/\/i0.wp.com\/noticiasribeiraopreto.com.br\/wp-content\/uploads\/2025\/03\/d530adfd-6a58-4431-9d64-559b5ed40f87.jpg?fit=1200%2C822&ssl=1&resize=525%2C300 1.5x, https:\/\/i0.wp.com\/noticiasribeiraopreto.com.br\/wp-content\/uploads\/2025\/03\/d530adfd-6a58-4431-9d64-559b5ed40f87.jpg?fit=1200%2C822&ssl=1&resize=700%2C400 2x, https:\/\/i0.wp.com\/noticiasribeiraopreto.com.br\/wp-content\/uploads\/2025\/03\/d530adfd-6a58-4431-9d64-559b5ed40f87.jpg?fit=1200%2C822&ssl=1&resize=1050%2C600 3x"},"classes":[]},{"id":57439,"url":"https:\/\/noticiasribeiraopreto.com.br\/index.php\/2024\/09\/01\/responsabilidade-do-sindico-com-as-correspondencias-do-condominio\/","url_meta":{"origin":79175,"position":5},"title":"Responsabilidade do s\u00edndico com as correspond\u00eancias do condom\u00ednio","author":"noticiasribeiraopreto.com.br","date":"1 de September de 2024","format":false,"excerpt":"A figura do s\u00edndico em um condom\u00ednio \u00e9 revestida de uma s\u00e9rie de responsabilidades, as quais est\u00e3o intimamente ligadas \u00e0 administra\u00e7\u00e3o e gest\u00e3o dos interesses comuns dos cond\u00f4minos. Dentre essas responsabilidades, destaca-se o tratamento das correspond\u00eancias que chegam ao condom\u00ednio, o que envolve quest\u00f5es de seguran\u00e7a, privacidade e efici\u00eancia na\u2026","rel":"","context":"In &quot;Not\u00edcias de Ribeir\u00e3o Preto-SP e Regi\u00e3o&quot;","block_context":{"text":"Not\u00edcias de Ribeir\u00e3o Preto-SP e Regi\u00e3o","link":"https:\/\/noticiasribeiraopreto.com.br\/index.php\/category\/noticias-de-ribeirao-preto-sp-e-regiao-ismael-colosi\/"},"img":{"alt_text":"","src":"https:\/\/i0.wp.com\/noticiasribeiraopreto.com.br\/wp-content\/uploads\/2024\/03\/AnyConv.com__WhatsApp-Image-2024-02-29-at-15.18.26.webp.webp?fit=640%2C405&ssl=1&resize=350%2C200","width":350,"height":200,"srcset":"https:\/\/i0.wp.com\/noticiasribeiraopreto.com.br\/wp-content\/uploads\/2024\/03\/AnyConv.com__WhatsApp-Image-2024-02-29-at-15.18.26.webp.webp?fit=640%2C405&ssl=1&resize=350%2C200 1x, https:\/\/i0.wp.com\/noticiasribeiraopreto.com.br\/wp-content\/uploads\/2024\/03\/AnyConv.com__WhatsApp-Image-2024-02-29-at-15.18.26.webp.webp?fit=640%2C405&ssl=1&resize=525%2C300 1.5x"},"classes":[]}],"jetpack_sharing_enabled":true,"jetpack_shortlink":"https:\/\/wp.me\/peQAOb-kB1","_links":{"self":[{"href":"https:\/\/noticiasribeiraopreto.com.br\/index.php\/wp-json\/wp\/v2\/posts\/79175","targetHints":{"allow":["GET"]}}],"collection":[{"href":"https:\/\/noticiasribeiraopreto.com.br\/index.php\/wp-json\/wp\/v2\/posts"}],"about":[{"href":"https:\/\/noticiasribeiraopreto.com.br\/index.php\/wp-json\/wp\/v2\/types\/post"}],"author":[{"embeddable":true,"href":"https:\/\/noticiasribeiraopreto.com.br\/index.php\/wp-json\/wp\/v2\/users\/1"}],"replies":[{"embeddable":true,"href":"https:\/\/noticiasribeiraopreto.com.br\/index.php\/wp-json\/wp\/v2\/comments?post=79175"}],"version-history":[{"count":0,"href":"https:\/\/noticiasribeiraopreto.com.br\/index.php\/wp-json\/wp\/v2\/posts\/79175\/revisions"}],"wp:featuredmedia":[{"embeddable":true,"href":"https:\/\/noticiasribeiraopreto.com.br\/index.php\/wp-json\/wp\/v2\/media\/73614"}],"wp:attachment":[{"href":"https:\/\/noticiasribeiraopreto.com.br\/index.php\/wp-json\/wp\/v2\/media?parent=79175"}],"wp:term":[{"taxonomy":"category","embeddable":true,"href":"https:\/\/noticiasribeiraopreto.com.br\/index.php\/wp-json\/wp\/v2\/categories?post=79175"},{"taxonomy":"post_tag","embeddable":true,"href":"https:\/\/noticiasribeiraopreto.com.br\/index.php\/wp-json\/wp\/v2\/tags?post=79175"}],"curies":[{"name":"wp","href":"https:\/\/api.w.org\/{rel}","templated":true}]}}