{"id":79177,"date":"2025-10-26T11:51:08","date_gmt":"2025-10-26T14:51:08","guid":{"rendered":"https:\/\/noticiasribeiraopreto.com.br\/index.php\/2025\/10\/26\/antes-da-frente-fria-alerta-e-emitido-para-o-interior-de-sp-veja-cidades\/"},"modified":"2025-10-26T11:51:08","modified_gmt":"2025-10-26T14:51:08","slug":"antes-da-frente-fria-alerta-e-emitido-para-o-interior-de-sp-veja-cidades","status":"publish","type":"post","link":"https:\/\/noticiasribeiraopreto.com.br\/index.php\/2025\/10\/26\/antes-da-frente-fria-alerta-e-emitido-para-o-interior-de-sp-veja-cidades\/","title":{"rendered":"Antes da frente fria, alerta \u00e9 emitido para o interior de SP; Veja cidades"},"content":{"rendered":"<div class='code-block code-block-1' style='margin: 8px 0 8px auto; text-align: right; display: block; clear: both;'>\n<p><a href=\"https:\/\/wa.link\/vpicfd\"><img data-recalc-dims=\"1\" class=\"wp-image-4922\" style=\"aspect-ratio: 2.0253164556962027; width: 561px; height: auto;\" src=\"https:\/\/i0.wp.com\/ismaelcolosi.com.br\/wp-content\/uploads\/2023\/11\/grupo-de-empregos-whatsapp-e-facebook-ismael-colosi-vagas.jpg?ssl=1\" alt=\"\" \/><\/a><\/p>\n<!-- \/wp:image -->\n<\/div>\n<p> <br \/>\n<\/p>\n<div data-td-block-uid=\"tdi_95\">\n<div class=\"tdb-block-inner td-fix-index\">\n<p><strong>O\u00a0<\/strong><a href=\"https:\/\/portal.inmet.gov.br\/\" target=\"_blank\" rel=\"noreferrer noopener\"><strong>Inmet (Instituto Nacional de Meteorologia)<\/strong><\/a><strong>\u00a0publicou neste domingo (26)\u00a0um alerta de \u201cperigo potencial\u201d para baixa umidade no estado de S\u00e3o Paulo.<\/strong><\/p>\n<p><mark style=\"background-color:#fcb900\" class=\"has-inline-color has-black-color\">O alerta \u00e9 amarelo, o primeiro em uma escala at\u00e9 tr\u00eas n\u00edveis de severidade, e abrange as faixas Norte e Leste do estado paulista, incluindo a regi\u00e3o de Ribeir\u00e3o Preto, entre 9h30 at\u00e9 as 22h deste domingo.<\/mark> Clique <a href=\"https:\/\/alertas2.inmet.gov.br\/52075\" data-type=\"link\" data-id=\"https:\/\/alertas2.inmet.gov.br\/52075\" target=\"_blank\" rel=\"noopener\">aqui <\/a>e veja as cidades.<\/p>\n<p>Nesta semana est\u00e1 prevista uma nova frente fria e S\u00e3o Paulo \u00e9 um dos estados que mais devem ser afetados pelas chuvas. Tamb\u00e9m est\u00e1 previsto queda na temperatura.<\/p>\n<h2 class=\"wp-block-heading\"><strong>Confira o que diz o alerta:<\/strong><\/h2>\n<ul class=\"wp-block-list\">\n<li>Umidade relativa do ar variando entre 30% e 20%<\/li>\n<li>Baixo risco de inc\u00eandios florestais e \u00e0 sa\u00fade<\/li>\n<\/ul>\n<h3 class=\"wp-block-heading\"><strong>Orienta\u00e7\u00f5es:<\/strong><\/h3>\n<ul class=\"wp-block-list\">\n<li>Beba bastante l\u00edquido<\/li>\n<li>Evite desgaste f\u00edsico nas horas mais secas<\/li>\n<li>Evite exposi\u00e7\u00e3o ao sol nas horas mais quentes do dia<\/li>\n<\/ul>\n<p>SAIBA MAIS<\/p>\n<p>Caso Bigodini: entenda os pr\u00f3ximos passos ap\u00f3s conclus\u00e3o da investiga\u00e7\u00e3o<\/p>\n<h4 class=\"wp-block-heading\"><strong>FIQUE ON<\/strong><\/h4>\n<p>Fique ligado em tudo que acontece em Ribeir\u00e3o Preto e regi\u00e3o. Siga os perfis do<strong>\u00a0acidade on<\/strong>\u00a0no<a href=\"https:\/\/www.instagram.com\/acidadeonribeirao\" target=\"_blank\" rel=\"noreferrer noopener\">\u00a0Instagram\u00a0<\/a>e no\u00a0<a href=\"https:\/\/www.facebook.com\/acidadeonribeirao\/\" target=\"_blank\" rel=\"noreferrer noopener\">Facebook<\/a>.<\/p>\n<p>Receba not\u00edcias do<strong>\u00a0acidade on\u00a0<\/strong>no WhatsApp. Para entrar no grupo,\u00a0basta\u00a0<a href=\"https:\/\/chat.whatsapp.com\/I4nieTEMKlf50pJ28aMemC?mode=ac_t\" target=\"_blank\" rel=\"noreferrer noopener\">clicar aqui<\/a>. Ou, acesse o nosso\u00a0Canal\u00a0<a href=\"https:\/\/whatsapp.com\/channel\/0029Vb6IQl1JENyAeS57fk2p\" target=\"_blank\" rel=\"noreferrer noopener\">clicando aqui<\/a>.<\/p>\n<p>Fa\u00e7a uma den\u00fancia ou sugira uma reportagem sobre Ribeir\u00e3o Preto e regi\u00e3o pelo WhatsApp: 16 99117 7802.<\/p>\n<p>VEJA TAMB\u00c9M<\/p>\n<p>Governan\u00e7a, IA e Compliance: A Tr\u00edade para a Perenidade dos Neg\u00f3cios Familiares<\/p>\n<p><!-- AI CONTENT END 1 -->\n<\/div>\n<\/div>\n<p><script async src=\"\/\/www.instagram.com\/embed.js\"><\/script><br \/>\n<br \/><br \/>\n<br \/><a href=\"https:\/\/www.acidadeon.com\/ribeiraopreto\/cotidiano\/antes-da-frente-fria-alerta-e-emitido-para-o-interior-de-sp-veja-cidades\/\">Source link <\/a><\/p>\n<!-- CONTENT END 1 -->\n","protected":false},"excerpt":{"rendered":"<p>O\u00a0Inmet (Instituto Nacional de Meteorologia)\u00a0publicou neste domingo (26)\u00a0um alerta de \u201cperigo potencial\u201d para baixa umidade no estado de S\u00e3o Paulo. O alerta \u00e9 amarelo, o&#8230;<\/p>\n","protected":false},"author":1,"featured_media":79178,"comment_status":"open","ping_status":"open","sticky":false,"template":"","format":"standard","meta":{"advanced_seo_description":"","jetpack_seo_html_title":"","jetpack_seo_noindex":false,"jetpack_post_was_ever_published":false,"_jetpack_newsletter_access":"","_jetpack_dont_email_post_to_subs":false,"_jetpack_newsletter_tier_id":0,"_jetpack_memberships_contains_paywalled_content":false,"_jetpack_memberships_contains_paid_content":false,"footnotes":"","jetpack_publicize_message":"","jetpack_publicize_feature_enabled":true,"jetpack_social_post_already_shared":true,"jetpack_social_options":{"image_generator_settings":{"template":"highway","default_image_id":0,"font":"","enabled":false},"version":2}},"categories":[11],"tags":[],"class_list":["post-79177","post","type-post","status-publish","format-standard","has-post-thumbnail","hentry","category-noticias-de-ribeirao-preto-sp-e-regiao-ismael-colosi"],"jetpack_publicize_connections":[],"jetpack_featured_media_url":"https:\/\/i0.wp.com\/noticiasribeiraopreto.com.br\/wp-content\/uploads\/2025\/10\/MAPA_2025-10-26_12-41-54.webp.webp?fit=1200%2C770&ssl=1","jetpack-related-posts":[{"id":78490,"url":"https:\/\/noticiasribeiraopreto.com.br\/index.php\/2025\/10\/11\/defesa-civil-emite-alerta-para-nova-frente-fria-no-estado-de-sp-veja-quando\/","url_meta":{"origin":79177,"position":0},"title":"Defesa Civil emite alerta para nova frente fria no estado de SP; Veja quando","author":"noticiasribeiraopreto.com.br","date":"11 de October de 2025","format":false,"excerpt":"A Defesa Civil emitiu neste s\u00e1bado (11) um alerta para a chegada de uma nova frente fria, que dever\u00e1 provocar chuvas de moderada a forte intensidade mais generalizadas, no in\u00edcio da pr\u00f3xima semana, em \u00e1reas do estado de S\u00e3o Paulo. Segundo o \u00f3rg\u00e3o, entre domingo (12) e segunda-feira (13), a\u2026","rel":"","context":"In &quot;Not\u00edcias de Ribeir\u00e3o Preto-SP e Regi\u00e3o&quot;","block_context":{"text":"Not\u00edcias de Ribeir\u00e3o Preto-SP e Regi\u00e3o","link":"https:\/\/noticiasribeiraopreto.com.br\/index.php\/category\/noticias-de-ribeirao-preto-sp-e-regiao-ismael-colosi\/"},"img":{"alt_text":"","src":"https:\/\/i0.wp.com\/noticiasribeiraopreto.com.br\/wp-content\/uploads\/2025\/09\/chuva_sexta_08_2024-12-30_19-10-10_jpg_2024-12-30_19-10-11-1024x683.webp.webp?fit=1024%2C683&ssl=1&resize=350%2C200","width":350,"height":200,"srcset":"https:\/\/i0.wp.com\/noticiasribeiraopreto.com.br\/wp-content\/uploads\/2025\/09\/chuva_sexta_08_2024-12-30_19-10-10_jpg_2024-12-30_19-10-11-1024x683.webp.webp?fit=1024%2C683&ssl=1&resize=350%2C200 1x, https:\/\/i0.wp.com\/noticiasribeiraopreto.com.br\/wp-content\/uploads\/2025\/09\/chuva_sexta_08_2024-12-30_19-10-10_jpg_2024-12-30_19-10-11-1024x683.webp.webp?fit=1024%2C683&ssl=1&resize=525%2C300 1.5x, https:\/\/i0.wp.com\/noticiasribeiraopreto.com.br\/wp-content\/uploads\/2025\/09\/chuva_sexta_08_2024-12-30_19-10-10_jpg_2024-12-30_19-10-11-1024x683.webp.webp?fit=1024%2C683&ssl=1&resize=700%2C400 2x"},"classes":[]},{"id":22762,"url":"https:\/\/noticiasribeiraopreto.com.br\/index.php\/2023\/12\/30\/frente-fria-avanca-por-sp-no-ultimo-sabado-de-2023-veja-a-previsao\/","url_meta":{"origin":79177,"position":1},"title":"Frente fria avan\u00e7a por SP no \u00faltimo s\u00e1bado de 2023? Veja a previs\u00e3o","author":"noticiasribeiraopreto.com.br","date":"30 de December de 2023","format":false,"excerpt":"Uma frente fria avan\u00e7a neste s\u00e1bado (30) pelo litoral de S\u00e3o Paulo, segundo a Climatempo. Os meteorologistas afirmam que esta frente fria e o ar muito quente e \u00famido que est\u00e1 espalhado pelo interior do Brasil v\u00e3o estimular a forma\u00e7\u00e3o de grande quantidade de nuvens carregadas sobre os estados do\u2026","rel":"","context":"In &quot;Not\u00edcias de Ribeir\u00e3o Preto-SP e Regi\u00e3o&quot;","block_context":{"text":"Not\u00edcias de Ribeir\u00e3o Preto-SP e Regi\u00e3o","link":"https:\/\/noticiasribeiraopreto.com.br\/index.php\/category\/noticias-de-ribeirao-preto-sp-e-regiao-ismael-colosi\/"},"img":{"alt_text":"","src":"https:\/\/i0.wp.com\/noticiasribeiraopreto.com.br\/wp-content\/uploads\/2023\/12\/chuva_tempestade_1200x675_28012022180501.jpg?fit=1200%2C675&ssl=1&resize=350%2C200","width":350,"height":200,"srcset":"https:\/\/i0.wp.com\/noticiasribeiraopreto.com.br\/wp-content\/uploads\/2023\/12\/chuva_tempestade_1200x675_28012022180501.jpg?fit=1200%2C675&ssl=1&resize=350%2C200 1x, https:\/\/i0.wp.com\/noticiasribeiraopreto.com.br\/wp-content\/uploads\/2023\/12\/chuva_tempestade_1200x675_28012022180501.jpg?fit=1200%2C675&ssl=1&resize=525%2C300 1.5x, https:\/\/i0.wp.com\/noticiasribeiraopreto.com.br\/wp-content\/uploads\/2023\/12\/chuva_tempestade_1200x675_28012022180501.jpg?fit=1200%2C675&ssl=1&resize=700%2C400 2x, https:\/\/i0.wp.com\/noticiasribeiraopreto.com.br\/wp-content\/uploads\/2023\/12\/chuva_tempestade_1200x675_28012022180501.jpg?fit=1200%2C675&ssl=1&resize=1050%2C600 3x"},"classes":[]},{"id":64450,"url":"https:\/\/noticiasribeiraopreto.com.br\/index.php\/2025\/03\/08\/frente-fria-veja-as-regioes-com-alto-risco-para-temporais-no-estado-de-sp\/","url_meta":{"origin":79177,"position":2},"title":"Frente fria: Veja as regi\u00f5es com alto risco para temporais no estado de SP","author":"noticiasribeiraopreto.com.br","date":"8 de March de 2025","format":false,"excerpt":"Uma mudan\u00e7a no tempo est\u00e1 prevista entre este domingo (9) e segunda-feira (10) no estado de S\u00e3o Paulo, devido \u00e0 chegada de uma frente fria. A Defesa Civil de S\u00e3o Paulo emitiu um alerta de chuvas intensas, quedas de raio e rajadas de vento de at\u00e9 80 km\/h em algumas\u2026","rel":"","context":"In &quot;Not\u00edcias de Ribeir\u00e3o Preto-SP e Regi\u00e3o&quot;","block_context":{"text":"Not\u00edcias de Ribeir\u00e3o Preto-SP e Regi\u00e3o","link":"https:\/\/noticiasribeiraopreto.com.br\/index.php\/category\/noticias-de-ribeirao-preto-sp-e-regiao-ismael-colosi\/"},"img":{"alt_text":"","src":"https:\/\/i0.wp.com\/noticiasribeiraopreto.com.br\/wp-content\/uploads\/2025\/03\/WhatsApp-Image-2024-02-22-at-10.35.33.jpeg?fit=1200%2C540&ssl=1&resize=350%2C200","width":350,"height":200,"srcset":"https:\/\/i0.wp.com\/noticiasribeiraopreto.com.br\/wp-content\/uploads\/2025\/03\/WhatsApp-Image-2024-02-22-at-10.35.33.jpeg?fit=1200%2C540&ssl=1&resize=350%2C200 1x, https:\/\/i0.wp.com\/noticiasribeiraopreto.com.br\/wp-content\/uploads\/2025\/03\/WhatsApp-Image-2024-02-22-at-10.35.33.jpeg?fit=1200%2C540&ssl=1&resize=525%2C300 1.5x, https:\/\/i0.wp.com\/noticiasribeiraopreto.com.br\/wp-content\/uploads\/2025\/03\/WhatsApp-Image-2024-02-22-at-10.35.33.jpeg?fit=1200%2C540&ssl=1&resize=700%2C400 2x, https:\/\/i0.wp.com\/noticiasribeiraopreto.com.br\/wp-content\/uploads\/2025\/03\/WhatsApp-Image-2024-02-22-at-10.35.33.jpeg?fit=1200%2C540&ssl=1&resize=1050%2C600 3x"},"classes":[]},{"id":56339,"url":"https:\/\/noticiasribeiraopreto.com.br\/index.php\/2024\/08\/12\/alerta-de-geada-e-emitido-para-o-interior-de-sp-veja-cidades-afetadas\/","url_meta":{"origin":79177,"position":3},"title":"Alerta de geada \u00e9 emitido para o interior de SP; Veja cidades afetadas","author":"noticiasribeiraopreto.com.br","date":"12 de August de 2024","format":false,"excerpt":"Um ciclone extratropical em alto mar deu origem a uma frente fria que se deslocou sobre o Brasil e trouxe uma nova massa de ar polar que refor\u00e7a a queda nas temperaturas do interior do Estado de S\u00e3o Paulo. Por causa desse cen\u00e1rio, o Instituto Nacional de Meteorologia (Inmet) emitiu\u2026","rel":"","context":"In &quot;Not\u00edcias de Ribeir\u00e3o Preto-SP e Regi\u00e3o&quot;","block_context":{"text":"Not\u00edcias de Ribeir\u00e3o Preto-SP e Regi\u00e3o","link":"https:\/\/noticiasribeiraopreto.com.br\/index.php\/category\/noticias-de-ribeirao-preto-sp-e-regiao-ismael-colosi\/"},"img":{"alt_text":"","src":"https:\/\/i0.wp.com\/noticiasribeiraopreto.com.br\/wp-content\/uploads\/2024\/08\/frio-df_mcamgo_abr_110820221818-4_2024-07-08_17-50-52_jpg_2024-07-08_17-50-54-scaled.webp.webp?fit=1200%2C800&ssl=1&resize=350%2C200","width":350,"height":200,"srcset":"https:\/\/i0.wp.com\/noticiasribeiraopreto.com.br\/wp-content\/uploads\/2024\/08\/frio-df_mcamgo_abr_110820221818-4_2024-07-08_17-50-52_jpg_2024-07-08_17-50-54-scaled.webp.webp?fit=1200%2C800&ssl=1&resize=350%2C200 1x, https:\/\/i0.wp.com\/noticiasribeiraopreto.com.br\/wp-content\/uploads\/2024\/08\/frio-df_mcamgo_abr_110820221818-4_2024-07-08_17-50-52_jpg_2024-07-08_17-50-54-scaled.webp.webp?fit=1200%2C800&ssl=1&resize=525%2C300 1.5x, https:\/\/i0.wp.com\/noticiasribeiraopreto.com.br\/wp-content\/uploads\/2024\/08\/frio-df_mcamgo_abr_110820221818-4_2024-07-08_17-50-52_jpg_2024-07-08_17-50-54-scaled.webp.webp?fit=1200%2C800&ssl=1&resize=700%2C400 2x, https:\/\/i0.wp.com\/noticiasribeiraopreto.com.br\/wp-content\/uploads\/2024\/08\/frio-df_mcamgo_abr_110820221818-4_2024-07-08_17-50-52_jpg_2024-07-08_17-50-54-scaled.webp.webp?fit=1200%2C800&ssl=1&resize=1050%2C600 3x"},"classes":[]},{"id":57104,"url":"https:\/\/noticiasribeiraopreto.com.br\/index.php\/2024\/08\/23\/interior-de-sp-tem-novo-alerta-de-grande-perigo-veja-as-cidades-afetadas\/","url_meta":{"origin":79177,"position":4},"title":"Interior de SP tem novo alerta de grande perigo; Veja as cidades afetadas","author":"noticiasribeiraopreto.com.br","date":"23 de August de 2024","format":false,"excerpt":"O Inmet (Instituto Nacional de Meteorologia) emitou um novo alerta vermelho, que aponta \u201cgrande perigo\u201d para onda de calor no interior de S\u00e3o Paulo. O aviso, que e inclui Ribeir\u00e3o Preto e cidades da regi\u00e3o, teve in\u00edcio \u00e0 0h e segue at\u00e9 as 23h59 desta sexta-feira (23). Este alerta, que\u2026","rel":"","context":"In &quot;Not\u00edcias de Ribeir\u00e3o Preto-SP e Regi\u00e3o&quot;","block_context":{"text":"Not\u00edcias de Ribeir\u00e3o Preto-SP e Regi\u00e3o","link":"https:\/\/noticiasribeiraopreto.com.br\/index.php\/category\/noticias-de-ribeirao-preto-sp-e-regiao-ismael-colosi\/"},"img":{"alt_text":"","src":"https:\/\/i0.wp.com\/noticiasribeiraopreto.com.br\/wp-content\/uploads\/2024\/08\/1724416118_RIBEIRAO-PRETO.jpg?fit=1200%2C708&ssl=1&resize=350%2C200","width":350,"height":200,"srcset":"https:\/\/i0.wp.com\/noticiasribeiraopreto.com.br\/wp-content\/uploads\/2024\/08\/1724416118_RIBEIRAO-PRETO.jpg?fit=1200%2C708&ssl=1&resize=350%2C200 1x, https:\/\/i0.wp.com\/noticiasribeiraopreto.com.br\/wp-content\/uploads\/2024\/08\/1724416118_RIBEIRAO-PRETO.jpg?fit=1200%2C708&ssl=1&resize=525%2C300 1.5x, https:\/\/i0.wp.com\/noticiasribeiraopreto.com.br\/wp-content\/uploads\/2024\/08\/1724416118_RIBEIRAO-PRETO.jpg?fit=1200%2C708&ssl=1&resize=700%2C400 2x, https:\/\/i0.wp.com\/noticiasribeiraopreto.com.br\/wp-content\/uploads\/2024\/08\/1724416118_RIBEIRAO-PRETO.jpg?fit=1200%2C708&ssl=1&resize=1050%2C600 3x"},"classes":[]},{"id":63471,"url":"https:\/\/noticiasribeiraopreto.com.br\/index.php\/2025\/02\/14\/frente-fria-deixa-interior-sp-em-alerta-para-chuva-forte-veja-cidades\/","url_meta":{"origin":79177,"position":5},"title":"Frente fria deixa interior SP em alerta para chuva forte; Veja cidades","author":"noticiasribeiraopreto.com.br","date":"14 de February de 2025","format":false,"excerpt":"A sexta-feira (14) ser\u00e1 mais um dia de aten\u00e7\u00e3o para o risco de chuva forte em regi\u00f5es do interior de S\u00e3o Paulo. Al\u00e9m do calor, uma frente fria que vem do Sul estar\u00e1 passando em alto-mar, na costa paulista. A passagem desta frente fria deve provocar uma mudan\u00e7a na circula\u00e7\u00e3o\u2026","rel":"","context":"In &quot;Not\u00edcias de Ribeir\u00e3o Preto-SP e Regi\u00e3o&quot;","block_context":{"text":"Not\u00edcias de Ribeir\u00e3o Preto-SP e Regi\u00e3o","link":"https:\/\/noticiasribeiraopreto.com.br\/index.php\/category\/noticias-de-ribeirao-preto-sp-e-regiao-ismael-colosi\/"},"img":{"alt_text":"","src":"https:\/\/i0.wp.com\/noticiasribeiraopreto.com.br\/wp-content\/uploads\/2024\/08\/WhatsApp-Image-2024-07-13-at-19.42.17_2024-07-13_22-42-51_jpeg_2024-07-13_22-42-51.webp.webp?fit=1200%2C553&ssl=1&resize=350%2C200","width":350,"height":200,"srcset":"https:\/\/i0.wp.com\/noticiasribeiraopreto.com.br\/wp-content\/uploads\/2024\/08\/WhatsApp-Image-2024-07-13-at-19.42.17_2024-07-13_22-42-51_jpeg_2024-07-13_22-42-51.webp.webp?fit=1200%2C553&ssl=1&resize=350%2C200 1x, https:\/\/i0.wp.com\/noticiasribeiraopreto.com.br\/wp-content\/uploads\/2024\/08\/WhatsApp-Image-2024-07-13-at-19.42.17_2024-07-13_22-42-51_jpeg_2024-07-13_22-42-51.webp.webp?fit=1200%2C553&ssl=1&resize=525%2C300 1.5x, https:\/\/i0.wp.com\/noticiasribeiraopreto.com.br\/wp-content\/uploads\/2024\/08\/WhatsApp-Image-2024-07-13-at-19.42.17_2024-07-13_22-42-51_jpeg_2024-07-13_22-42-51.webp.webp?fit=1200%2C553&ssl=1&resize=700%2C400 2x, https:\/\/i0.wp.com\/noticiasribeiraopreto.com.br\/wp-content\/uploads\/2024\/08\/WhatsApp-Image-2024-07-13-at-19.42.17_2024-07-13_22-42-51_jpeg_2024-07-13_22-42-51.webp.webp?fit=1200%2C553&ssl=1&resize=1050%2C600 3x"},"classes":[]}],"jetpack_sharing_enabled":true,"jetpack_shortlink":"https:\/\/wp.me\/peQAOb-kB3","_links":{"self":[{"href":"https:\/\/noticiasribeiraopreto.com.br\/index.php\/wp-json\/wp\/v2\/posts\/79177","targetHints":{"allow":["GET"]}}],"collection":[{"href":"https:\/\/noticiasribeiraopreto.com.br\/index.php\/wp-json\/wp\/v2\/posts"}],"about":[{"href":"https:\/\/noticiasribeiraopreto.com.br\/index.php\/wp-json\/wp\/v2\/types\/post"}],"author":[{"embeddable":true,"href":"https:\/\/noticiasribeiraopreto.com.br\/index.php\/wp-json\/wp\/v2\/users\/1"}],"replies":[{"embeddable":true,"href":"https:\/\/noticiasribeiraopreto.com.br\/index.php\/wp-json\/wp\/v2\/comments?post=79177"}],"version-history":[{"count":0,"href":"https:\/\/noticiasribeiraopreto.com.br\/index.php\/wp-json\/wp\/v2\/posts\/79177\/revisions"}],"wp:featuredmedia":[{"embeddable":true,"href":"https:\/\/noticiasribeiraopreto.com.br\/index.php\/wp-json\/wp\/v2\/media\/79178"}],"wp:attachment":[{"href":"https:\/\/noticiasribeiraopreto.com.br\/index.php\/wp-json\/wp\/v2\/media?parent=79177"}],"wp:term":[{"taxonomy":"category","embeddable":true,"href":"https:\/\/noticiasribeiraopreto.com.br\/index.php\/wp-json\/wp\/v2\/categories?post=79177"},{"taxonomy":"post_tag","embeddable":true,"href":"https:\/\/noticiasribeiraopreto.com.br\/index.php\/wp-json\/wp\/v2\/tags?post=79177"}],"curies":[{"name":"wp","href":"https:\/\/api.w.org\/{rel}","templated":true}]}}