{"id":79179,"date":"2025-10-26T12:06:47","date_gmt":"2025-10-26T15:06:47","guid":{"rendered":"https:\/\/noticiasribeiraopreto.com.br\/index.php\/2025\/10\/26\/o-bom-filho-a-casa-torna-ex-comercial-reencontra-ribeirao\/"},"modified":"2025-10-26T12:06:47","modified_gmt":"2025-10-26T15:06:47","slug":"o-bom-filho-a-casa-torna-ex-comercial-reencontra-ribeirao","status":"publish","type":"post","link":"https:\/\/noticiasribeiraopreto.com.br\/index.php\/2025\/10\/26\/o-bom-filho-a-casa-torna-ex-comercial-reencontra-ribeirao\/","title":{"rendered":"O bom filho a casa torna: ex-Comercial reencontra Ribeir\u00e3o"},"content":{"rendered":"<p> <br \/>\n<\/p>\n<div>\n<p><strong><em>Por Hugo Luque<\/em><\/strong><\/p>\n<p>\u00a0<\/p>\n<p>O mundo do futebol \u00e9 conhecido por suas idas e vindas, al\u00e9m dos altos e baixos. Aos 25 anos, o zagueiro Guilherme Mariano passou por um importante momento em sua ainda jovem carreira ao reencontrar a cidade de Ribeir\u00e3o Preto. Formado e revelado pelo Comercial, o jogador atualmente joga pelo Cuiab\u00e1, que disputa o acesso na S\u00e9rie B do Campeonato Brasileiro.<\/p>\n<p>No \u00faltimo domingo (19), o Dourado veio ao munic\u00edpio para enfrentar o Botafogo, que briga contra o rebaixamento para a S\u00e9rie C, em partida v\u00e1lida pela 33\u00aa rodada da competi\u00e7\u00e3o nacional. O duelo terminou empatado em 2 a 2 e foi emocionante dentro e fora de campo.<\/p>\n<p>Do lado de dentro, o gol de empate do Pantera saiu nos minutos finais, depois de ficar duas vezes atr\u00e1s no placar. Fora das quatro linhas, o destaque ficou para Mariano.<\/p>\n<p>Pe\u00e7a importante nesta S\u00e9rie B, o jogador formado em Ribeir\u00e3o n\u00e3o teve a oportunidade de entrar em campo no fim de semana, mas p\u00f4de reencontrar amigos e familiares.<\/p>\n<p>\u201cFoi uma emo\u00e7\u00e3o gigante poder voltar para Ribeir\u00e3o, ainda mais defendendo esse grande clube que \u00e9 o Cuiab\u00e1, e ainda ter a presen\u00e7a da minha fam\u00edlia\u201d, comenta o atleta.<\/p>\n<figure id=\"attachment_444223\" aria-describedby=\"caption-attachment-444223\" style=\"width: 323px\" class=\"wp-caption alignleft\"><img data-recalc-dims=\"1\" loading=\"lazy\" decoding=\"async\" class=\"wp-image-444223 lazyload\" src=\"https:\/\/i0.wp.com\/www.tribunaribeirao.com.br\/wp-content\/uploads\/2025\/10\/Foto-02-AssCom-Dourado-300x200.jpg?resize=323%2C215&#038;ssl=1\" alt=\"\" width=\"323\" height=\"215\" srcset=\"https:\/\/www.tribunaribeirao.com.br\/wp-content\/uploads\/2025\/10\/Foto-02-AssCom-Dourado-300x200.jpg 300w, https:\/\/www.tribunaribeirao.com.br\/wp-content\/uploads\/2025\/10\/Foto-02-AssCom-Dourado-768x512.jpg 768w, https:\/\/www.tribunaribeirao.com.br\/wp-content\/uploads\/2025\/10\/Foto-02-AssCom-Dourado-480x320.jpg 480w, https:\/\/www.tribunaribeirao.com.br\/wp-content\/uploads\/2025\/10\/Foto-02-AssCom-Dourado-280x186.jpg 280w, https:\/\/www.tribunaribeirao.com.br\/wp-content\/uploads\/2025\/10\/Foto-02-AssCom-Dourado-960x640.jpg 960w, https:\/\/www.tribunaribeirao.com.br\/wp-content\/uploads\/2025\/10\/Foto-02-AssCom-Dourado-600x400.jpg 600w, https:\/\/www.tribunaribeirao.com.br\/wp-content\/uploads\/2025\/10\/Foto-02-AssCom-Dourado-585x390.jpg 585w, https:\/\/www.tribunaribeirao.com.br\/wp-content\/uploads\/2025\/10\/Foto-02-AssCom-Dourado.jpg 1024w\" data-sizes=\"(max-width: 323px) 100vw, 323px\" style=\"--smush-placeholder-width: 323px; --smush-placeholder-aspect-ratio: 323\/215;\"\/><figcaption id=\"caption-attachment-444223\" class=\"wp-caption-text\">Zagueiro faz parte do elenco do Cuiab\u00e1 que busca o acesso \u00e0 S\u00e9rie A | Foto: AssCom Dourado<\/figcaption><\/figure>\n<p>A hist\u00f3ria de Guilherme Mariano com a cidade n\u00e3o \u00e9 de nascimento, mas se tornou um v\u00ednculo para a vida. Natural de Jundia\u00ed (SP), o zagueiro passou a inf\u00e2ncia em Itapetininga (SP), na regi\u00e3o metropolitana de Sorocaba, e decidiu ir em busca de seu grande sonho em Ribeir\u00e3o Preto. Curiosamente, a primeira tentativa envolveu uma recusa do advers\u00e1rio do Cuiab\u00e1 na 33\u00aa rodada.<\/p>\n<p>\u201cCom 17 anos, fui para Ribeir\u00e3o fazer teste no Botafogo, mas acabei n\u00e3o passando. Como tinha familiares que moravam na cidade, decidi ficar nela para treinar e fazer testes pela regi\u00e3o. Foi quando fui aprovado no Comercial, onde me firmei e, ao passar dos anos, cheguei ao profissional\u201d, recorda.<\/p>\n<p>\u201cO \u2018n\u00e3o\u2019 que eu recebi [do Botafogo] acabou servindo de motiva\u00e7\u00e3o para me preparar melhor, treinar mais e conseguir chegar onde estou hoje.\u201d<\/p>\n<h2><strong>Gratid\u00e3o ao Le\u00e3o<\/strong><\/h2>\n<p>Longe de casa, Mariano encontrou num clube em p\u00e9ssimo momento, mas com uma hist\u00f3ria de peso, seu espa\u00e7o e sua grande oportunidade. Em 2018, quando o Comercial enfrentava a Segunda Divis\u00e3o do Campeonato Paulista \u2013 o \u00faltimo n\u00edvel do estadual \u2013, ele foi aprovado nas categorias de base.<\/p>\n<p>A primeira chance pelo time principal veio apenas dois anos mais tarde, em 2020. Dois jogos e um empr\u00e9stimo depois (foi cedido ao Sobradinho-DF), o promissor atleta voltou ao Palma Travassos para ser titular na disputa da S\u00e9rie A3 de 2021.<\/p>\n<p>Novamente, o empr\u00e9stimo foi a escolha da diretoria, agora para a Matonense, na quarta divis\u00e3o de S\u00e3o Paulo. Com a Sema, Mariano conquistou o acesso para a S\u00e9rie A3 e foi vice-campe\u00e3o. O bom desempenho garantiu um contrato definitivo com a equipe, e o defensor deixou o Comercial pela primeira vez.<\/p>\n<p>\u201cSou muito grato ao Comercial, pois foi o clube que abriu as portas para mim e onde tive a oportunidade de dar os meus primeiros passos no profissional\u201d, destaca.<\/p>\n<p>Em 2022, passou pelo Pouso Alegre e, na primeira experi\u00eancia a n\u00edvel nacional, conquistou o acesso \u00e0 S\u00e9rie C do Campeonato Brasileiro antes de, no ano seguinte, retornar ao Comercial. A \u00faltima passagem de Guilherme Mariano pelo Bafo foi marcada por poucos jogos, mas o jogador refor\u00e7ou suas ra\u00edzes na cidade.<\/p>\n<p>\u201cSinto falta dos amigos e da fam\u00edlia, em especial do meu filho, que\u00a0mora\u00a0na\u00a0cidade. Atualmente, estou muito feliz aqui no Cuiab\u00e1, mas jogar perto da fam\u00edlia \u00e9 um sonho, sim\u201d, afirma o jogador, que encontra na dist\u00e2ncia dos entes queridos a for\u00e7a necess\u00e1ria para continuar em ascens\u00e3o.<\/p>\n<p>\u201cO atleta \u00e9 obrigado a se acostumar com a dist\u00e2ncia e saudade da fam\u00edlia e amigos pr\u00f3ximos. Isso tem de servir de inspira\u00e7\u00e3o, porque n\u00f3s somos inspira\u00e7\u00e3o para as nossas fam\u00edlias tamb\u00e9m\u201d, pontua.<\/p>\n<h3><strong>Melhor momento<\/strong><\/h3>\n<p>Ainda em 2023, Mariano teve r\u00e1pida passagem pelo Metropolitano-SC para fechar a temporada. Ap\u00f3s muito rodar, ainda sem se firmar e estabelecer um lar definitivo, o ano de 2024 veio para mudar a vida do jundiaiense.<\/p>\n<p>Logo de cara, a Inter de Limeira entrou em contato com o ex-comercialino, que foi contratado para disputar a elite do Campeonato Paulista. Inicialmente, foram poucos minutos em campo \u2013 alguns deles contra o Santos, na hist\u00f3rica Vila Belmiro \u2013, mas o zagueiro mostrou seu valor na S\u00e9rie D, competi\u00e7\u00e3o na qual foi titular absoluto na primeira fase e ajudou a garantir a retaguarda alvinegra como uma das melhores.<\/p>\n<figure id=\"attachment_444224\" aria-describedby=\"caption-attachment-444224\" style=\"width: 240px\" class=\"wp-caption alignleft\"><img data-recalc-dims=\"1\" loading=\"lazy\" decoding=\"async\" class=\"size-medium wp-image-444224 lazyload\" src=\"https:\/\/i0.wp.com\/www.tribunaribeirao.com.br\/wp-content\/uploads\/2025\/10\/Foto-03-Reproducao_Redes-sociais-240x300.jpg?resize=240%2C300&#038;ssl=1\" alt=\"\" width=\"240\" height=\"300\" srcset=\"https:\/\/www.tribunaribeirao.com.br\/wp-content\/uploads\/2025\/10\/Foto-03-Reproducao_Redes-sociais-240x300.jpg 240w, https:\/\/www.tribunaribeirao.com.br\/wp-content\/uploads\/2025\/10\/Foto-03-Reproducao_Redes-sociais-819x1024.jpg 819w, https:\/\/www.tribunaribeirao.com.br\/wp-content\/uploads\/2025\/10\/Foto-03-Reproducao_Redes-sociais-768x960.jpg 768w, https:\/\/www.tribunaribeirao.com.br\/wp-content\/uploads\/2025\/10\/Foto-03-Reproducao_Redes-sociais-960x1200.jpg 960w, https:\/\/www.tribunaribeirao.com.br\/wp-content\/uploads\/2025\/10\/Foto-03-Reproducao_Redes-sociais-320x400.jpg 320w, https:\/\/www.tribunaribeirao.com.br\/wp-content\/uploads\/2025\/10\/Foto-03-Reproducao_Redes-sociais-585x731.jpg 585w, https:\/\/www.tribunaribeirao.com.br\/wp-content\/uploads\/2025\/10\/Foto-03-Reproducao_Redes-sociais-scaled.jpg 624w\" data-sizes=\"(max-width: 240px) 100vw, 240px\" style=\"--smush-placeholder-width: 240px; --smush-placeholder-aspect-ratio: 240\/300;\"\/><figcaption id=\"caption-attachment-444224\" class=\"wp-caption-text\">Defensor ganhou destaque com a camisa da Inter de Limeira, no Paulist\u00e3o<br \/>| Foto: Reprodu\u00e7\u00e3o\/Redes sociais<\/figcaption><\/figure>\n<p>O Ituano, ent\u00e3o, viu uma oportunidade. Na briga contra o rebaixamento na S\u00e9rie B, o Galo fechou por empr\u00e9stimo com Mariano, que em apenas uma semana tomou a titularidade e n\u00e3o perdeu mais. A equipe rubro-negra acabou rebaixada e o jogador retornou \u00e0 Inter para o Paulist\u00e3o deste ano.<\/p>\n<p>Ap\u00f3s nove partidas pelo estadual e uma pela Copa do Brasil, ele se despediu da Inter e foi transferido para o Cuiab\u00e1. Novamente na S\u00e9rie B, o defensor briga, atualmente, pelo acesso \u00e0 elite do pa\u00eds.<\/p>\n<p>\u201cTem sido um momento incr\u00edvel na minha vida, pois estou em um clube com uma estrutura fenomenal, com pessoas realmente comprometidas a evoluir e fazer o Cuiab\u00e1 alcan\u00e7ar voos maiores. Isso acaba beneficiando todos que\u00a0est\u00e3o\u00a0no\u00a0clube\u201d, analisa.<\/p>\n<p>\u201cGra\u00e7as a Deus, venho em uma evolu\u00e7\u00e3o de divis\u00f5es e a diferen\u00e7a entre uma e outra \u00e9 grande. Tanto em quest\u00e3o de estrutura para os jogadores dentro e fora de campo, como os treinamentos e jogos, que s\u00e3o mais intensos, estudados, e a igualdade entre as equipes \u00e9 muito grande\u201d, enfatiza.<\/p>\n<h3><strong>Lar ribeir\u00e3o-pretano<\/strong><\/h3>\n<p>A carreira profissional de Guilherme Mariano ainda est\u00e1 apenas no come\u00e7o. Um dos principais nomes revelados pelo Comercial em atividade, o zagueiro vive um crescimento not\u00e1vel que envolveu todas as dificuldades e os desafios passados por atletas ao redor de todo o Brasil.<\/p>\n<p>Ele persistiu, manteve o foco em campo e agora sonha em al\u00e7ar voos ainda maiores. Como de costume, de divis\u00e3o em divis\u00e3o, sem pular nenhuma etapa.<\/p>\n<p>\u201cOs \u00faltimos anos foram de muito aprendizado e evolu\u00e7\u00e3o pessoal. Pude disputar grandes campeonatos no cen\u00e1rio brasileiro e isso acaba trazendo uma experi\u00eancia gigantesca para os desafios seguintes na minha vida. Acredito que estou em evolu\u00e7\u00e3o e ainda n\u00e3o cheguei no meu auge. Pensando assim, a vontade de parar ainda n\u00e3o passou pela minha cabe\u00e7a. Tenho muitas coisas boas pra colher ainda\u201d, projeta.<\/p>\n<p>O destino tem distanciado Mariano cada vez mais de Ribeir\u00e3o Preto. De Mat\u00e3o (SP), a cerca de 100 km da cidade da dupla Come-Fogo, o jogador chegou a Cuiab\u00e1, a mais de 1 mil km do local onde o defensor iniciou sua carreira profissional. O objetivo, no entanto, \u00e9 reencontrar a fam\u00edlia e retornar ao lar, onde tudo come\u00e7ou.<\/p>\n<p>\u201cTenho um desejo muito grande de morar em Ribeir\u00e3o quando encerrar a minha carreira. Espero que isso demore para acontecer\u201d, brinca. \u201cGrande parte da minha fam\u00edlia e amigos s\u00e3o de Ribeir\u00e3o. \u00c9 a cidade que eu pretendo morar quando encerrar a minha carreira\u201d, completa.<\/p>\n<p><!-- CONTENT END 2 -->\n<\/div>\n<p><br \/>\n<br \/><a href=\"https:\/\/www.tribunaribeirao.com.br\/o-bom-filho-a-casa-torna-ex-comercial-reencontra-ribeirao\/\">Source link <\/a><\/p>\n","protected":false},"excerpt":{"rendered":"<p>Por Hugo Luque \u00a0 O mundo do futebol \u00e9 conhecido por suas idas e vindas, al\u00e9m dos altos e baixos. Aos 25 anos, o zagueiro&#8230;<\/p>\n","protected":false},"author":1,"featured_media":79180,"comment_status":"open","ping_status":"open","sticky":false,"template":"","format":"standard","meta":{"advanced_seo_description":"","jetpack_seo_html_title":"","jetpack_seo_noindex":false,"jetpack_post_was_ever_published":false,"_jetpack_newsletter_access":"","_jetpack_dont_email_post_to_subs":false,"_jetpack_newsletter_tier_id":0,"_jetpack_memberships_contains_paywalled_content":false,"_jetpack_memberships_contains_paid_content":false,"footnotes":"","jetpack_publicize_message":"","jetpack_publicize_feature_enabled":true,"jetpack_social_post_already_shared":true,"jetpack_social_options":{"image_generator_settings":{"template":"highway","default_image_id":0,"font":"","enabled":false},"version":2}},"categories":[11],"tags":[],"class_list":["post-79179","post","type-post","status-publish","format-standard","has-post-thumbnail","hentry","category-noticias-de-ribeirao-preto-sp-e-regiao-ismael-colosi"],"jetpack_publicize_connections":[],"jetpack_featured_media_url":"https:\/\/i0.wp.com\/noticiasribeiraopreto.com.br\/wp-content\/uploads\/2025\/10\/Foto-01-Barbara-Pires_Comercial-FC.jpg?fit=984%2C616&ssl=1","jetpack-related-posts":[{"id":29294,"url":"https:\/\/noticiasribeiraopreto.com.br\/index.php\/2024\/01\/17\/botafogo-perde-para-o-flamengo-nos-ultimos-minutos-e-esta-fora-da-copinha\/","url_meta":{"origin":79179,"position":0},"title":"Botafogo perde para o Flamengo nos \u00faltimos minutos e est\u00e1 fora da Copinha","author":"noticiasribeiraopreto.com.br","date":"17 de January de 2024","format":false,"excerpt":"O Botafogo foi derrotado pelo Flamengo por 2 a 1, no fim da partida desta quarta-feira (17), no Est\u00e1dio Jos\u00e9 Liberatti, em Osasco, pelas oitavas de final da Copa S\u00e3o Paulo de Futebol J\u00fanior. Daniel Rog\u00e9rio foi quem abriu o placar para o Rubro-Negro, aos 17 minutos do primeiro tempo,\u2026","rel":"","context":"In &quot;Not\u00edcias de Ribeir\u00e3o Preto-SP e Regi\u00e3o&quot;","block_context":{"text":"Not\u00edcias de Ribeir\u00e3o Preto-SP e Regi\u00e3o","link":"https:\/\/noticiasribeiraopreto.com.br\/index.php\/category\/noticias-de-ribeirao-preto-sp-e-regiao-ismael-colosi\/"},"img":{"alt_text":"","src":"https:\/\/i0.wp.com\/noticiasribeiraopreto.com.br\/wp-content\/uploads\/2024\/01\/Copia-de-Copia-de-TAMANHO-EXATO-PARA-FOTOS-NO-SISTEMA-NOVO-1.jpg?fit=1200%2C675&ssl=1&resize=350%2C200","width":350,"height":200,"srcset":"https:\/\/i0.wp.com\/noticiasribeiraopreto.com.br\/wp-content\/uploads\/2024\/01\/Copia-de-Copia-de-TAMANHO-EXATO-PARA-FOTOS-NO-SISTEMA-NOVO-1.jpg?fit=1200%2C675&ssl=1&resize=350%2C200 1x, https:\/\/i0.wp.com\/noticiasribeiraopreto.com.br\/wp-content\/uploads\/2024\/01\/Copia-de-Copia-de-TAMANHO-EXATO-PARA-FOTOS-NO-SISTEMA-NOVO-1.jpg?fit=1200%2C675&ssl=1&resize=525%2C300 1.5x, https:\/\/i0.wp.com\/noticiasribeiraopreto.com.br\/wp-content\/uploads\/2024\/01\/Copia-de-Copia-de-TAMANHO-EXATO-PARA-FOTOS-NO-SISTEMA-NOVO-1.jpg?fit=1200%2C675&ssl=1&resize=700%2C400 2x, https:\/\/i0.wp.com\/noticiasribeiraopreto.com.br\/wp-content\/uploads\/2024\/01\/Copia-de-Copia-de-TAMANHO-EXATO-PARA-FOTOS-NO-SISTEMA-NOVO-1.jpg?fit=1200%2C675&ssl=1&resize=1050%2C600 3x"},"classes":[]},{"id":62962,"url":"https:\/\/noticiasribeiraopreto.com.br\/index.php\/2025\/01\/29\/lanterna-da-a3-comercial-perde-para-o-rio-preto-fora-de-casa\/","url_meta":{"origin":79179,"position":1},"title":"Lanterna da A3: Comercial perde para o Rio Preto fora de casa","author":"noticiasribeiraopreto.com.br","date":"29 de January de 2025","format":false,"excerpt":"O Comercial perdeu para o Rio Preto por 1 a 0 na tarde desta quarta-feira (29), em partida v\u00e1lida pela quarta rodada do Campeonato Paulista da S\u00e9rie A3. O confronto foi realizado no est\u00e1dio An\u00edsio Haddad, em S\u00e3o Jos\u00e9 do Rio Preto. O gol O gol do Rio Preto foi\u2026","rel":"","context":"In &quot;Not\u00edcias de Ribeir\u00e3o Preto-SP e Regi\u00e3o&quot;","block_context":{"text":"Not\u00edcias de Ribeir\u00e3o Preto-SP e Regi\u00e3o","link":"https:\/\/noticiasribeiraopreto.com.br\/index.php\/category\/noticias-de-ribeirao-preto-sp-e-regiao-ismael-colosi\/"},"img":{"alt_text":"","src":"https:\/\/i0.wp.com\/noticiasribeiraopreto.com.br\/wp-content\/uploads\/2025\/01\/comercial-rio-preto_2025-01-29_19-49-09_jpg_2025-01-29_19-49-09.webp.webp?fit=1200%2C800&ssl=1&resize=350%2C200","width":350,"height":200,"srcset":"https:\/\/i0.wp.com\/noticiasribeiraopreto.com.br\/wp-content\/uploads\/2025\/01\/comercial-rio-preto_2025-01-29_19-49-09_jpg_2025-01-29_19-49-09.webp.webp?fit=1200%2C800&ssl=1&resize=350%2C200 1x, https:\/\/i0.wp.com\/noticiasribeiraopreto.com.br\/wp-content\/uploads\/2025\/01\/comercial-rio-preto_2025-01-29_19-49-09_jpg_2025-01-29_19-49-09.webp.webp?fit=1200%2C800&ssl=1&resize=525%2C300 1.5x, https:\/\/i0.wp.com\/noticiasribeiraopreto.com.br\/wp-content\/uploads\/2025\/01\/comercial-rio-preto_2025-01-29_19-49-09_jpg_2025-01-29_19-49-09.webp.webp?fit=1200%2C800&ssl=1&resize=700%2C400 2x, https:\/\/i0.wp.com\/noticiasribeiraopreto.com.br\/wp-content\/uploads\/2025\/01\/comercial-rio-preto_2025-01-29_19-49-09_jpg_2025-01-29_19-49-09.webp.webp?fit=1200%2C800&ssl=1&resize=1050%2C600 3x"},"classes":[]},{"id":60616,"url":"https:\/\/noticiasribeiraopreto.com.br\/index.php\/2024\/11\/19\/comercial-comeca-preparacao-para-temporada-2025-fora-de-ribeirao-preto\/","url_meta":{"origin":79179,"position":2},"title":"Comercial come\u00e7a prepara\u00e7\u00e3o para temporada 2025 fora de Ribeir\u00e3o Preto","author":"noticiasribeiraopreto.com.br","date":"19 de November de 2024","format":false,"excerpt":"O Comercial viajou nesta ter\u00e7a-feira (19) para Nuporanga, cidade a 63 quil\u00f4metros de Ribeir\u00e3o Preto, para come\u00e7ar a prepara\u00e7\u00e3o para temporada 2025. O Le\u00e3o do Norte j\u00e1 apresentou 14 atletas para o t\u00e9cnico Renato Peixe preparar a disputa da S\u00e9rie A3 do Campeonato Paulista. Nos \u00faltimos nove dias, os atletas\u2026","rel":"","context":"In &quot;Not\u00edcias de Ribeir\u00e3o Preto-SP e Regi\u00e3o&quot;","block_context":{"text":"Not\u00edcias de Ribeir\u00e3o Preto-SP e Regi\u00e3o","link":"https:\/\/noticiasribeiraopreto.com.br\/index.php\/category\/noticias-de-ribeirao-preto-sp-e-regiao-ismael-colosi\/"},"img":{"alt_text":"","src":"https:\/\/i0.wp.com\/noticiasribeiraopreto.com.br\/wp-content\/uploads\/2024\/11\/renato-peixe_2024-11-19_20-51-31_jpg_2024-11-19_20-51-31.webp.webp?fit=1200%2C800&ssl=1&resize=350%2C200","width":350,"height":200,"srcset":"https:\/\/i0.wp.com\/noticiasribeiraopreto.com.br\/wp-content\/uploads\/2024\/11\/renato-peixe_2024-11-19_20-51-31_jpg_2024-11-19_20-51-31.webp.webp?fit=1200%2C800&ssl=1&resize=350%2C200 1x, https:\/\/i0.wp.com\/noticiasribeiraopreto.com.br\/wp-content\/uploads\/2024\/11\/renato-peixe_2024-11-19_20-51-31_jpg_2024-11-19_20-51-31.webp.webp?fit=1200%2C800&ssl=1&resize=525%2C300 1.5x, https:\/\/i0.wp.com\/noticiasribeiraopreto.com.br\/wp-content\/uploads\/2024\/11\/renato-peixe_2024-11-19_20-51-31_jpg_2024-11-19_20-51-31.webp.webp?fit=1200%2C800&ssl=1&resize=700%2C400 2x, https:\/\/i0.wp.com\/noticiasribeiraopreto.com.br\/wp-content\/uploads\/2024\/11\/renato-peixe_2024-11-19_20-51-31_jpg_2024-11-19_20-51-31.webp.webp?fit=1200%2C800&ssl=1&resize=1050%2C600 3x"},"classes":[]},{"id":62843,"url":"https:\/\/noticiasribeiraopreto.com.br\/index.php\/2025\/01\/25\/comercial-perde-para-o-marilia-fora-de-casa-e-segue-sem-vencer-no-paulista-da-a3\/","url_meta":{"origin":79179,"position":3},"title":"Comercial perde para o Mar\u00edlia fora de casa e segue sem vencer no Paulista da A3","author":"noticiasribeiraopreto.com.br","date":"25 de January de 2025","format":false,"excerpt":"O Comercial perdeu por 2 a 0 para o Mar\u00edlia na noite deste s\u00e1bado (25), no est\u00e1dio Bento de Abreu, em Mar\u00edlia. A equipe de Ribeir\u00e3o Preto segue sem vencer no Paulista da S\u00e9rie A3 2025. Os dois gols da partida foram marcados por Lucas Lima. Ele abriu o placar\u2026","rel":"","context":"In &quot;Not\u00edcias de Ribeir\u00e3o Preto-SP e Regi\u00e3o&quot;","block_context":{"text":"Not\u00edcias de Ribeir\u00e3o Preto-SP e Regi\u00e3o","link":"https:\/\/noticiasribeiraopreto.com.br\/index.php\/category\/noticias-de-ribeirao-preto-sp-e-regiao-ismael-colosi\/"},"img":{"alt_text":"","src":"https:\/\/i0.wp.com\/noticiasribeiraopreto.com.br\/wp-content\/uploads\/2025\/01\/comercial-marilia_2025-01-25_23-42-57_jpg_2025-01-25_23-42-58-scaled.webp.webp?fit=1200%2C800&ssl=1&resize=350%2C200","width":350,"height":200,"srcset":"https:\/\/i0.wp.com\/noticiasribeiraopreto.com.br\/wp-content\/uploads\/2025\/01\/comercial-marilia_2025-01-25_23-42-57_jpg_2025-01-25_23-42-58-scaled.webp.webp?fit=1200%2C800&ssl=1&resize=350%2C200 1x, https:\/\/i0.wp.com\/noticiasribeiraopreto.com.br\/wp-content\/uploads\/2025\/01\/comercial-marilia_2025-01-25_23-42-57_jpg_2025-01-25_23-42-58-scaled.webp.webp?fit=1200%2C800&ssl=1&resize=525%2C300 1.5x, https:\/\/i0.wp.com\/noticiasribeiraopreto.com.br\/wp-content\/uploads\/2025\/01\/comercial-marilia_2025-01-25_23-42-57_jpg_2025-01-25_23-42-58-scaled.webp.webp?fit=1200%2C800&ssl=1&resize=700%2C400 2x, https:\/\/i0.wp.com\/noticiasribeiraopreto.com.br\/wp-content\/uploads\/2025\/01\/comercial-marilia_2025-01-25_23-42-57_jpg_2025-01-25_23-42-58-scaled.webp.webp?fit=1200%2C800&ssl=1&resize=1050%2C600 3x"},"classes":[]},{"id":83065,"url":"https:\/\/noticiasribeiraopreto.com.br\/index.php\/2026\/03\/08\/em-partida-com-polemica-comercial-volta-a-vencer-pelo-paulista-da-serie-a4\/","url_meta":{"origin":79179,"position":4},"title":"Em partida com pol\u00eamica, Comercial volta a vencer pelo Paulista da S\u00e9rie A4","author":"noticiasribeiraopreto.com.br","date":"8 de March de 2026","format":false,"excerpt":"O Comercial derrotou o Nacional por 2 a 0 na tarde deste s\u00e1bado (7), no est\u00e1dio Palma Travassos, em Ribeir\u00e3o Preto. O confronto foi v\u00e1lido pela nona rodada do Campeonato Paulista da S\u00e9rie A4. A partida ficou marcada por uma den\u00fancia de suposto ass\u00e9dio feita pela m\u00e9dica que acompanhava o\u2026","rel":"","context":"In &quot;Not\u00edcias de Ribeir\u00e3o Preto-SP e Regi\u00e3o&quot;","block_context":{"text":"Not\u00edcias de Ribeir\u00e3o Preto-SP e Regi\u00e3o","link":"https:\/\/noticiasribeiraopreto.com.br\/index.php\/category\/noticias-de-ribeirao-preto-sp-e-regiao-ismael-colosi\/"},"img":{"alt_text":"","src":"https:\/\/i0.wp.com\/noticiasribeiraopreto.com.br\/wp-content\/uploads\/2026\/03\/comercial-gol_2026-03-07_19-59-44.webp.webp?fit=1200%2C801&ssl=1&resize=350%2C200","width":350,"height":200,"srcset":"https:\/\/i0.wp.com\/noticiasribeiraopreto.com.br\/wp-content\/uploads\/2026\/03\/comercial-gol_2026-03-07_19-59-44.webp.webp?fit=1200%2C801&ssl=1&resize=350%2C200 1x, https:\/\/i0.wp.com\/noticiasribeiraopreto.com.br\/wp-content\/uploads\/2026\/03\/comercial-gol_2026-03-07_19-59-44.webp.webp?fit=1200%2C801&ssl=1&resize=525%2C300 1.5x, https:\/\/i0.wp.com\/noticiasribeiraopreto.com.br\/wp-content\/uploads\/2026\/03\/comercial-gol_2026-03-07_19-59-44.webp.webp?fit=1200%2C801&ssl=1&resize=700%2C400 2x, https:\/\/i0.wp.com\/noticiasribeiraopreto.com.br\/wp-content\/uploads\/2026\/03\/comercial-gol_2026-03-07_19-59-44.webp.webp?fit=1200%2C801&ssl=1&resize=1050%2C600 3x"},"classes":[]},{"id":83925,"url":"https:\/\/noticiasribeiraopreto.com.br\/index.php\/2026\/03\/28\/comercial-perde-e-esta-fora-do-mata-mata-da-serie-a4\/","url_meta":{"origin":79179,"position":5},"title":"Comercial perde e est\u00e1 fora do mata-mata da S\u00e9rie A4","author":"noticiasribeiraopreto.com.br","date":"28 de March de 2026","format":false,"excerpt":"\r Le\u00e3o do Norte \u00e9 superado pela Jabaquara e apenas cumprir\u00e1 tabela na \u00faltima rodada\r \r 28 de mar\u00e7o de 2026 17:32 \r Compartilhar2 Por Hugo Luque O Comercial n\u00e3o tem mais chances de chegar ao mata-mata da S\u00e9rie A4 do Campeonato Paulista. O Le\u00e3o do Norte foi superado pelo\u2026","rel":"","context":"In &quot;Not\u00edcias de Ribeir\u00e3o Preto-SP e Regi\u00e3o&quot;","block_context":{"text":"Not\u00edcias de Ribeir\u00e3o Preto-SP e Regi\u00e3o","link":"https:\/\/noticiasribeiraopreto.com.br\/index.php\/category\/noticias-de-ribeirao-preto-sp-e-regiao-ismael-colosi\/"},"img":{"alt_text":"","src":"https:\/\/i0.wp.com\/noticiasribeiraopreto.com.br\/wp-content\/uploads\/2026\/03\/Jabaquara-x-Comercial-Barbara-Pires_Comercial-FC-scaled.jpeg?fit=1169%2C780&ssl=1&resize=350%2C200","width":350,"height":200,"srcset":"https:\/\/i0.wp.com\/noticiasribeiraopreto.com.br\/wp-content\/uploads\/2026\/03\/Jabaquara-x-Comercial-Barbara-Pires_Comercial-FC-scaled.jpeg?fit=1169%2C780&ssl=1&resize=350%2C200 1x, https:\/\/i0.wp.com\/noticiasribeiraopreto.com.br\/wp-content\/uploads\/2026\/03\/Jabaquara-x-Comercial-Barbara-Pires_Comercial-FC-scaled.jpeg?fit=1169%2C780&ssl=1&resize=525%2C300 1.5x, https:\/\/i0.wp.com\/noticiasribeiraopreto.com.br\/wp-content\/uploads\/2026\/03\/Jabaquara-x-Comercial-Barbara-Pires_Comercial-FC-scaled.jpeg?fit=1169%2C780&ssl=1&resize=700%2C400 2x, https:\/\/i0.wp.com\/noticiasribeiraopreto.com.br\/wp-content\/uploads\/2026\/03\/Jabaquara-x-Comercial-Barbara-Pires_Comercial-FC-scaled.jpeg?fit=1169%2C780&ssl=1&resize=1050%2C600 3x"},"classes":[]}],"jetpack_sharing_enabled":true,"jetpack_shortlink":"https:\/\/wp.me\/peQAOb-kB5","_links":{"self":[{"href":"https:\/\/noticiasribeiraopreto.com.br\/index.php\/wp-json\/wp\/v2\/posts\/79179","targetHints":{"allow":["GET"]}}],"collection":[{"href":"https:\/\/noticiasribeiraopreto.com.br\/index.php\/wp-json\/wp\/v2\/posts"}],"about":[{"href":"https:\/\/noticiasribeiraopreto.com.br\/index.php\/wp-json\/wp\/v2\/types\/post"}],"author":[{"embeddable":true,"href":"https:\/\/noticiasribeiraopreto.com.br\/index.php\/wp-json\/wp\/v2\/users\/1"}],"replies":[{"embeddable":true,"href":"https:\/\/noticiasribeiraopreto.com.br\/index.php\/wp-json\/wp\/v2\/comments?post=79179"}],"version-history":[{"count":0,"href":"https:\/\/noticiasribeiraopreto.com.br\/index.php\/wp-json\/wp\/v2\/posts\/79179\/revisions"}],"wp:featuredmedia":[{"embeddable":true,"href":"https:\/\/noticiasribeiraopreto.com.br\/index.php\/wp-json\/wp\/v2\/media\/79180"}],"wp:attachment":[{"href":"https:\/\/noticiasribeiraopreto.com.br\/index.php\/wp-json\/wp\/v2\/media?parent=79179"}],"wp:term":[{"taxonomy":"category","embeddable":true,"href":"https:\/\/noticiasribeiraopreto.com.br\/index.php\/wp-json\/wp\/v2\/categories?post=79179"},{"taxonomy":"post_tag","embeddable":true,"href":"https:\/\/noticiasribeiraopreto.com.br\/index.php\/wp-json\/wp\/v2\/tags?post=79179"}],"curies":[{"name":"wp","href":"https:\/\/api.w.org\/{rel}","templated":true}]}}