{"id":79181,"date":"2025-10-26T14:45:14","date_gmt":"2025-10-26T17:45:14","guid":{"rendered":"https:\/\/noticiasribeiraopreto.com.br\/index.php\/2025\/10\/26\/professora-tem-prisao-decretada-apos-confessar-ter-matado-namorado-e-enterrado-o-corpo\/"},"modified":"2025-10-26T14:45:14","modified_gmt":"2025-10-26T17:45:14","slug":"professora-tem-prisao-decretada-apos-confessar-ter-matado-namorado-e-enterrado-o-corpo","status":"publish","type":"post","link":"https:\/\/noticiasribeiraopreto.com.br\/index.php\/2025\/10\/26\/professora-tem-prisao-decretada-apos-confessar-ter-matado-namorado-e-enterrado-o-corpo\/","title":{"rendered":"Professora tem pris\u00e3o decretada ap\u00f3s confessar ter matado namorado e enterrado o corpo"},"content":{"rendered":"<div class='code-block code-block-1' style='margin: 8px 0 8px auto; text-align: right; display: block; clear: both;'>\n<p><a href=\"https:\/\/wa.link\/vpicfd\"><img data-recalc-dims=\"1\" class=\"wp-image-4922\" style=\"aspect-ratio: 2.0253164556962027; width: 561px; height: auto;\" src=\"https:\/\/i0.wp.com\/ismaelcolosi.com.br\/wp-content\/uploads\/2023\/11\/grupo-de-empregos-whatsapp-e-facebook-ismael-colosi-vagas.jpg?ssl=1\" alt=\"\" \/><\/a><\/p>\n<!-- \/wp:image -->\n<\/div>\n<p> <br \/>\n<\/p>\n<div data-td-block-uid=\"tdi_95\">\n<div class=\"tdb-block-inner td-fix-index\">\n<p><strong>A Justi\u00e7a decretou a pris\u00e3o da\u00a0professora de est\u00e9tica Jussara Luzia Fernandes, de 62 anos, que confessou ter\u00a0matado o namorado e\u00a0enterrado\u00a0o corpo no quintal de casa em\u00a0Bebedouro, cidade a 80 quil\u00f4metros na\u00a0regi\u00e3o de Ribeir\u00e3o Preto.<\/strong><\/p>\n<p><mark style=\"background-color:#fcb900\" class=\"has-inline-color has-black-color\">A mulher havia sido presa na \u00faltima\u00a0nesta sexta-feira (24) e teve a pris\u00e3o em flagrante convertida para preventiva.<\/mark><\/p>\n<h2 class=\"wp-block-heading\"><strong>O que aconteceu<\/strong><\/h2>\n<p>Jussara contou aos policiais que o crime ocorreu entre ter\u00e7a-feira (22) e quarta-feira (23), ap\u00f3s uma\u00a0discuss\u00e3o com o namorado, que tinha 21 anos. <\/p>\n<p>Segundo ela, para se defender,\u00a0pegou uma tesoura\u00a0e\u00a0golpeou o homem v\u00e1rias vezes no peito.<\/p>\n<p>A professora relatou aos agentes que contratou uma pessoa para ajudar a cavar o buraco no quintal da resid\u00eancia e enterrar o corpo da v\u00edtima.\u00a0<\/p>\n<p>O Corpo de Bombeiros foi chamado e localizou o corpo do homem.<\/p>\n<p>A\u00a0Pol\u00edcia Civil\u00a0tamb\u00e9m dever\u00e1 investigar se a professora de est\u00e9tica teve participa\u00e7\u00e3o na morte do marido, encontrado morto na casa em que eles moravam, em janeiro deste ano. O caso \u00e0 \u00e9poca foi registrado como morte acidental.<\/p>\n<p>SAIBA MAIS<\/p>\n<p>Briga termina com motociclista ferido e fuga no tr\u00e2nsito em Ribeir\u00e3o Preto; V\u00eddeo<\/p>\n<h3 class=\"wp-block-heading\"><strong>FIQUE ON<\/strong><\/h3>\n<p>Fique ligado em tudo que acontece em Ribeir\u00e3o Preto e regi\u00e3o. Siga os perfis do<strong>\u00a0acidade on<\/strong>\u00a0no<a href=\"https:\/\/www.instagram.com\/acidadeonribeirao\" target=\"_blank\" rel=\"noreferrer noopener\">\u00a0Instagram\u00a0<\/a>e no\u00a0<a href=\"https:\/\/www.facebook.com\/acidadeonribeirao\/\" target=\"_blank\" rel=\"noreferrer noopener\">Facebook<\/a>.<\/p>\n<p>Receba not\u00edcias do<strong>\u00a0acidade on\u00a0<\/strong>no WhatsApp. Para entrar no grupo,\u00a0basta\u00a0<a href=\"https:\/\/chat.whatsapp.com\/I4nieTEMKlf50pJ28aMemC?mode=ac_t\" target=\"_blank\" rel=\"noreferrer noopener\">clicar aqui<\/a>. Ou, acesse o nosso\u00a0Canal\u00a0<a href=\"https:\/\/whatsapp.com\/channel\/0029Vb6IQl1JENyAeS57fk2p\" target=\"_blank\" rel=\"noreferrer noopener\">clicando aqui<\/a>.<\/p>\n<p>Fa\u00e7a uma den\u00fancia ou sugira uma reportagem sobre Ribeir\u00e3o Preto e regi\u00e3o pelo WhatsApp: 16 99117 7802.<\/p>\n<p>VEJA TAMB\u00c9M<\/p>\n<p>Governan\u00e7a, IA e Compliance: A Tr\u00edade para a Perenidade dos Neg\u00f3cios Familiares<\/p>\n<p><!-- AI CONTENT END 1 -->\n<\/div>\n<\/div>\n<p><script async src=\"\/\/www.instagram.com\/embed.js\"><\/script><br \/>\n<br \/><br \/>\n<br \/><a href=\"https:\/\/www.acidadeon.com\/ribeiraopreto\/cotidiano\/professora-tem-prisao-decretada-apos-confessar-ter-matado-namorado-e-enterrado-o-corpo\/\">Source link <\/a><\/p>\n<!-- CONTENT END 1 -->\n","protected":false},"excerpt":{"rendered":"<p>A Justi\u00e7a decretou a pris\u00e3o da\u00a0professora de est\u00e9tica Jussara Luzia Fernandes, de 62 anos, que confessou ter\u00a0matado o namorado e\u00a0enterrado\u00a0o corpo no quintal de casa&#8230;<\/p>\n","protected":false},"author":1,"featured_media":79118,"comment_status":"open","ping_status":"open","sticky":false,"template":"","format":"standard","meta":{"advanced_seo_description":"","jetpack_seo_html_title":"","jetpack_seo_noindex":false,"jetpack_post_was_ever_published":false,"_jetpack_newsletter_access":"","_jetpack_dont_email_post_to_subs":false,"_jetpack_newsletter_tier_id":0,"_jetpack_memberships_contains_paywalled_content":false,"_jetpack_memberships_contains_paid_content":false,"footnotes":"","jetpack_publicize_message":"","jetpack_publicize_feature_enabled":true,"jetpack_social_post_already_shared":true,"jetpack_social_options":{"image_generator_settings":{"template":"highway","default_image_id":0,"font":"","enabled":false},"version":2}},"categories":[11],"tags":[],"class_list":["post-79181","post","type-post","status-publish","format-standard","has-post-thumbnail","hentry","category-noticias-de-ribeirao-preto-sp-e-regiao-ismael-colosi"],"jetpack_publicize_connections":[],"jetpack_featured_media_url":"https:\/\/i0.wp.com\/noticiasribeiraopreto.com.br\/wp-content\/uploads\/2025\/10\/Copia-de-Copia-de-Copia-de-TAMANHO-EXATO-PARA-FOTOS-NO-SISTEMA-NOVO-2025-10-24T163207.513_2025-10-24_19-32-43.webp.webp?fit=1200%2C675&ssl=1","jetpack-related-posts":[{"id":79117,"url":"https:\/\/noticiasribeiraopreto.com.br\/index.php\/2025\/10\/24\/professora-e-presa-no-interior-de-sp-por-matar-namorado-e-enterrar-corpo-no-quintal\/","url_meta":{"origin":79181,"position":0},"title":"Professora \u00e9 presa no interior de SP por matar namorado e enterrar corpo no quintal","author":"noticiasribeiraopreto.com.br","date":"24 de October de 2025","format":false,"excerpt":"Uma professora de est\u00e9tica foi presa nesta sexta-feira (24), ap\u00f3s matar e enterrar o corpo do namorado no quinta de casa em Bebedouro, cidade na regi\u00e3o de Ribeir\u00e3o Preto. De acordo com o secret\u00e1rio de Seguran\u00e7a P\u00fablica da cidade, Rog\u00e9rio Valverde, uma equipe da GCM (Guarda Civil Municipal) recebeu uma\u2026","rel":"","context":"In &quot;Not\u00edcias de Ribeir\u00e3o Preto-SP e Regi\u00e3o&quot;","block_context":{"text":"Not\u00edcias de Ribeir\u00e3o Preto-SP e Regi\u00e3o","link":"https:\/\/noticiasribeiraopreto.com.br\/index.php\/category\/noticias-de-ribeirao-preto-sp-e-regiao-ismael-colosi\/"},"img":{"alt_text":"","src":"https:\/\/i0.wp.com\/noticiasribeiraopreto.com.br\/wp-content\/uploads\/2025\/10\/Copia-de-Copia-de-Copia-de-TAMANHO-EXATO-PARA-FOTOS-NO-SISTEMA-NOVO-2025-10-24T163207.513_2025-10-24_19-32-43.webp.webp?fit=1200%2C675&ssl=1&resize=350%2C200","width":350,"height":200,"srcset":"https:\/\/i0.wp.com\/noticiasribeiraopreto.com.br\/wp-content\/uploads\/2025\/10\/Copia-de-Copia-de-Copia-de-TAMANHO-EXATO-PARA-FOTOS-NO-SISTEMA-NOVO-2025-10-24T163207.513_2025-10-24_19-32-43.webp.webp?fit=1200%2C675&ssl=1&resize=350%2C200 1x, https:\/\/i0.wp.com\/noticiasribeiraopreto.com.br\/wp-content\/uploads\/2025\/10\/Copia-de-Copia-de-Copia-de-TAMANHO-EXATO-PARA-FOTOS-NO-SISTEMA-NOVO-2025-10-24T163207.513_2025-10-24_19-32-43.webp.webp?fit=1200%2C675&ssl=1&resize=525%2C300 1.5x, https:\/\/i0.wp.com\/noticiasribeiraopreto.com.br\/wp-content\/uploads\/2025\/10\/Copia-de-Copia-de-Copia-de-TAMANHO-EXATO-PARA-FOTOS-NO-SISTEMA-NOVO-2025-10-24T163207.513_2025-10-24_19-32-43.webp.webp?fit=1200%2C675&ssl=1&resize=700%2C400 2x, https:\/\/i0.wp.com\/noticiasribeiraopreto.com.br\/wp-content\/uploads\/2025\/10\/Copia-de-Copia-de-Copia-de-TAMANHO-EXATO-PARA-FOTOS-NO-SISTEMA-NOVO-2025-10-24T163207.513_2025-10-24_19-32-43.webp.webp?fit=1200%2C675&ssl=1&resize=1050%2C600 3x"},"classes":[]},{"id":79143,"url":"https:\/\/noticiasribeiraopreto.com.br\/index.php\/2025\/10\/25\/policia-investiga-se-mulher-que-matou-e-enterrou-namorado-esta-envolvida-na-morte-do-ex-marido\/","url_meta":{"origin":79181,"position":1},"title":"Pol\u00edcia investiga se mulher que matou e enterrou namorado est\u00e1 envolvida na morte do ex-marido","author":"noticiasribeiraopreto.com.br","date":"25 de October de 2025","format":false,"excerpt":"A Pol\u00edcia Civil vai investigar se Jussara Luzia Fernandes, de 62 anos, presa na sexta-feira (24) por suspeita de matar e enterrar o corpo do namorado no quintal de casa em Bebedouro, cidade na regi\u00e3o de Ribeir\u00e3o Preto, est\u00e1 envolvida em outro crime. De acordo com as autoridades, em janeiro\u2026","rel":"","context":"In &quot;Not\u00edcias de Ribeir\u00e3o Preto-SP e Regi\u00e3o&quot;","block_context":{"text":"Not\u00edcias de Ribeir\u00e3o Preto-SP e Regi\u00e3o","link":"https:\/\/noticiasribeiraopreto.com.br\/index.php\/category\/noticias-de-ribeirao-preto-sp-e-regiao-ismael-colosi\/"},"img":{"alt_text":"","src":"https:\/\/i0.wp.com\/noticiasribeiraopreto.com.br\/wp-content\/uploads\/2025\/10\/Copia-de-Copia-de-Copia-de-TAMANHO-EXATO-PARA-FOTOS-NO-SISTEMA-NOVO-2025-10-24T163207.513_2025-10-24_19-32-43.webp.webp?fit=1200%2C675&ssl=1&resize=350%2C200","width":350,"height":200,"srcset":"https:\/\/i0.wp.com\/noticiasribeiraopreto.com.br\/wp-content\/uploads\/2025\/10\/Copia-de-Copia-de-Copia-de-TAMANHO-EXATO-PARA-FOTOS-NO-SISTEMA-NOVO-2025-10-24T163207.513_2025-10-24_19-32-43.webp.webp?fit=1200%2C675&ssl=1&resize=350%2C200 1x, https:\/\/i0.wp.com\/noticiasribeiraopreto.com.br\/wp-content\/uploads\/2025\/10\/Copia-de-Copia-de-Copia-de-TAMANHO-EXATO-PARA-FOTOS-NO-SISTEMA-NOVO-2025-10-24T163207.513_2025-10-24_19-32-43.webp.webp?fit=1200%2C675&ssl=1&resize=525%2C300 1.5x, https:\/\/i0.wp.com\/noticiasribeiraopreto.com.br\/wp-content\/uploads\/2025\/10\/Copia-de-Copia-de-Copia-de-TAMANHO-EXATO-PARA-FOTOS-NO-SISTEMA-NOVO-2025-10-24T163207.513_2025-10-24_19-32-43.webp.webp?fit=1200%2C675&ssl=1&resize=700%2C400 2x, https:\/\/i0.wp.com\/noticiasribeiraopreto.com.br\/wp-content\/uploads\/2025\/10\/Copia-de-Copia-de-Copia-de-TAMANHO-EXATO-PARA-FOTOS-NO-SISTEMA-NOVO-2025-10-24T163207.513_2025-10-24_19-32-43.webp.webp?fit=1200%2C675&ssl=1&resize=1050%2C600 3x"},"classes":[]},{"id":80046,"url":"https:\/\/noticiasribeiraopreto.com.br\/index.php\/2025\/11\/13\/corpo-de-ex-marido-de-professora-de-estetica-e-exumado-na-regiao\/","url_meta":{"origin":79181,"position":2},"title":"Corpo de ex-marido de professora de est\u00e9tica \u00e9 exumado na regi\u00e3o","author":"noticiasribeiraopreto.com.br","date":"13 de November de 2025","format":false,"excerpt":"Por: Adalberto LuquePol\u00edcia Civil, Pol\u00edtica T\u00e9cnico-Cient\u00edfica e Instituto M\u00e9dico Legal (IML) realizaram, na manh\u00e3 desta quinta-feira, a exuma\u00e7\u00e3o do corpo de Walter Gilmar De P\u00e1dua Carneiro, de 65 anos, ex-marido da professora de est\u00e9tica Jussara Luzia Fernandes, de 62 anos. O procedimento ocorreu no Cemit\u00e9rio de Bebedouro, onde o homem\u2026","rel":"","context":"In &quot;Not\u00edcias de Ribeir\u00e3o Preto-SP e Regi\u00e3o&quot;","block_context":{"text":"Not\u00edcias de Ribeir\u00e3o Preto-SP e Regi\u00e3o","link":"https:\/\/noticiasribeiraopreto.com.br\/index.php\/category\/noticias-de-ribeirao-preto-sp-e-regiao-ismael-colosi\/"},"img":{"alt_text":"","src":"https:\/\/i0.wp.com\/noticiasribeiraopreto.com.br\/wp-content\/uploads\/2025\/11\/13-nov-2025-exumacaobebedouro0.jpg?fit=1200%2C711&ssl=1&resize=350%2C200","width":350,"height":200,"srcset":"https:\/\/i0.wp.com\/noticiasribeiraopreto.com.br\/wp-content\/uploads\/2025\/11\/13-nov-2025-exumacaobebedouro0.jpg?fit=1200%2C711&ssl=1&resize=350%2C200 1x, https:\/\/i0.wp.com\/noticiasribeiraopreto.com.br\/wp-content\/uploads\/2025\/11\/13-nov-2025-exumacaobebedouro0.jpg?fit=1200%2C711&ssl=1&resize=525%2C300 1.5x, https:\/\/i0.wp.com\/noticiasribeiraopreto.com.br\/wp-content\/uploads\/2025\/11\/13-nov-2025-exumacaobebedouro0.jpg?fit=1200%2C711&ssl=1&resize=700%2C400 2x, https:\/\/i0.wp.com\/noticiasribeiraopreto.com.br\/wp-content\/uploads\/2025\/11\/13-nov-2025-exumacaobebedouro0.jpg?fit=1200%2C711&ssl=1&resize=1050%2C600 3x"},"classes":[]},{"id":79648,"url":"https:\/\/noticiasribeiraopreto.com.br\/index.php\/2025\/11\/05\/policia-reconstitui-mortes-de-namorado-e-ex-marido-de-professora-de-estetica-na-regiao-de-rbeirao-preto-sp\/","url_meta":{"origin":79181,"position":3},"title":"Pol\u00edcia reconstitui mortes de namorado e ex-marido de professora de est\u00e9tica na regi\u00e3o de Rbeir\u00e3o Preto (SP)","author":"noticiasribeiraopreto.com.br","date":"5 de November de 2025","format":false,"excerpt":"5 de novembro de 2025 11:528 Compartilhar0 As reconstitui\u00e7\u00f5es das mortes de Alex Sandro da Silva Rocha, de 21 anos, e de Walter Gilmar de P\u00e1dua Carneiro, de 65 anos, acontecem nesta quarta-feira (5) em Bebedouro (SP). Os trabalhos da Pol\u00edcia Civil, que come\u00e7aram por volta das 9h, ocorrem na\u2026","rel":"","context":"In &quot;Not\u00edcias de Ribeir\u00e3o Preto-SP e Regi\u00e3o&quot;","block_context":{"text":"Not\u00edcias de Ribeir\u00e3o Preto-SP e Regi\u00e3o","link":"https:\/\/noticiasribeiraopreto.com.br\/index.php\/category\/noticias-de-ribeirao-preto-sp-e-regiao-ismael-colosi\/"},"img":{"alt_text":"","src":"https:\/\/i0.wp.com\/noticiasribeiraopreto.com.br\/wp-content\/uploads\/2025\/11\/WhatsApp-Image-2025-11-05-at-11.33.53-scaled.jpeg?fit=1200%2C711&ssl=1&resize=350%2C200","width":350,"height":200,"srcset":"https:\/\/i0.wp.com\/noticiasribeiraopreto.com.br\/wp-content\/uploads\/2025\/11\/WhatsApp-Image-2025-11-05-at-11.33.53-scaled.jpeg?fit=1200%2C711&ssl=1&resize=350%2C200 1x, https:\/\/i0.wp.com\/noticiasribeiraopreto.com.br\/wp-content\/uploads\/2025\/11\/WhatsApp-Image-2025-11-05-at-11.33.53-scaled.jpeg?fit=1200%2C711&ssl=1&resize=525%2C300 1.5x, https:\/\/i0.wp.com\/noticiasribeiraopreto.com.br\/wp-content\/uploads\/2025\/11\/WhatsApp-Image-2025-11-05-at-11.33.53-scaled.jpeg?fit=1200%2C711&ssl=1&resize=700%2C400 2x, https:\/\/i0.wp.com\/noticiasribeiraopreto.com.br\/wp-content\/uploads\/2025\/11\/WhatsApp-Image-2025-11-05-at-11.33.53-scaled.jpeg?fit=1200%2C711&ssl=1&resize=1050%2C600 3x"},"classes":[]},{"id":79188,"url":"https:\/\/noticiasribeiraopreto.com.br\/index.php\/2025\/10\/26\/helicoptero-cai-em-lago-de-pesqueiro-e-duas-pessoas-sao-resgatadas-no-interior-de-sp\/","url_meta":{"origin":79181,"position":4},"title":"Helic\u00f3ptero cai em lago de pesqueiro e duas pessoas s\u00e3o resgatadas no interior de SP","author":"noticiasribeiraopreto.com.br","date":"26 de October de 2025","format":false,"excerpt":"Um helic\u00f3ptero com duas pessoas caiu em um lago de um pesqueiro na tarde deste domingo (26), em\u00a0S\u00e3o Roque, no interior de S\u00e3o Paulo. O piloto e o passageiro foram resgatados. Segundo o Corpo de Bombeiros, o piloto sofreu escoria\u00e7\u00f5es em uma das m\u00e3os e o passageiro saiu ileso. Um\u2026","rel":"","context":"In &quot;Not\u00edcias de Ribeir\u00e3o Preto-SP e Regi\u00e3o&quot;","block_context":{"text":"Not\u00edcias de Ribeir\u00e3o Preto-SP e Regi\u00e3o","link":"https:\/\/noticiasribeiraopreto.com.br\/index.php\/category\/noticias-de-ribeirao-preto-sp-e-regiao-ismael-colosi\/"},"img":{"alt_text":"","src":"https:\/\/i0.wp.com\/noticiasribeiraopreto.com.br\/wp-content\/uploads\/2025\/07\/BOMBEIROS-1024x575-1_2024-05-31_13-44-44_jpg_2024-05-31_13-44-44.webp.webp?fit=1024%2C575&ssl=1&resize=350%2C200","width":350,"height":200,"srcset":"https:\/\/i0.wp.com\/noticiasribeiraopreto.com.br\/wp-content\/uploads\/2025\/07\/BOMBEIROS-1024x575-1_2024-05-31_13-44-44_jpg_2024-05-31_13-44-44.webp.webp?fit=1024%2C575&ssl=1&resize=350%2C200 1x, https:\/\/i0.wp.com\/noticiasribeiraopreto.com.br\/wp-content\/uploads\/2025\/07\/BOMBEIROS-1024x575-1_2024-05-31_13-44-44_jpg_2024-05-31_13-44-44.webp.webp?fit=1024%2C575&ssl=1&resize=525%2C300 1.5x, https:\/\/i0.wp.com\/noticiasribeiraopreto.com.br\/wp-content\/uploads\/2025\/07\/BOMBEIROS-1024x575-1_2024-05-31_13-44-44_jpg_2024-05-31_13-44-44.webp.webp?fit=1024%2C575&ssl=1&resize=700%2C400 2x"},"classes":[]},{"id":84552,"url":"https:\/\/noticiasribeiraopreto.com.br\/index.php\/2026\/04\/11\/professora-tem-prisao-convertida-em-preventiva-apos-morte-de-companheiro-da-regiao-de-ribeirao-preto\/","url_meta":{"origin":79181,"position":5},"title":"Professora tem pris\u00e3o convertida em preventiva ap\u00f3s morte de companheiro da regi\u00e3o de Ribeir\u00e3o Preto","author":"noticiasribeiraopreto.com.br","date":"11 de April de 2026","format":false,"excerpt":"Ler o resumo da not\u00edcia \r Professora Fernanda Gomes Campano, 34 anos, teve pris\u00e3o em flagrante convertida em preventiva por suspeita de matar o companheiro com facada em Londrina-PR.\r A v\u00edtima, Maycon Danilo Argman, 39 anos, foi esfaqueada no abd\u00f4men durante discuss\u00e3o na madrugada desta sexta-feira (10).\r Segundo a PM,\u2026","rel":"","context":"In &quot;Not\u00edcias de Ribeir\u00e3o Preto-SP e Regi\u00e3o&quot;","block_context":{"text":"Not\u00edcias de Ribeir\u00e3o Preto-SP e Regi\u00e3o","link":"https:\/\/noticiasribeiraopreto.com.br\/index.php\/category\/noticias-de-ribeirao-preto-sp-e-regiao-ismael-colosi\/"},"img":{"alt_text":"","src":"https:\/\/i0.wp.com\/noticiasribeiraopreto.com.br\/wp-content\/uploads\/2026\/04\/professora_2026-04-11_15-47-12.webp.webp?fit=1200%2C620&ssl=1&resize=350%2C200","width":350,"height":200,"srcset":"https:\/\/i0.wp.com\/noticiasribeiraopreto.com.br\/wp-content\/uploads\/2026\/04\/professora_2026-04-11_15-47-12.webp.webp?fit=1200%2C620&ssl=1&resize=350%2C200 1x, https:\/\/i0.wp.com\/noticiasribeiraopreto.com.br\/wp-content\/uploads\/2026\/04\/professora_2026-04-11_15-47-12.webp.webp?fit=1200%2C620&ssl=1&resize=525%2C300 1.5x, https:\/\/i0.wp.com\/noticiasribeiraopreto.com.br\/wp-content\/uploads\/2026\/04\/professora_2026-04-11_15-47-12.webp.webp?fit=1200%2C620&ssl=1&resize=700%2C400 2x, https:\/\/i0.wp.com\/noticiasribeiraopreto.com.br\/wp-content\/uploads\/2026\/04\/professora_2026-04-11_15-47-12.webp.webp?fit=1200%2C620&ssl=1&resize=1050%2C600 3x"},"classes":[]}],"jetpack_sharing_enabled":true,"jetpack_shortlink":"https:\/\/wp.me\/peQAOb-kB7","_links":{"self":[{"href":"https:\/\/noticiasribeiraopreto.com.br\/index.php\/wp-json\/wp\/v2\/posts\/79181","targetHints":{"allow":["GET"]}}],"collection":[{"href":"https:\/\/noticiasribeiraopreto.com.br\/index.php\/wp-json\/wp\/v2\/posts"}],"about":[{"href":"https:\/\/noticiasribeiraopreto.com.br\/index.php\/wp-json\/wp\/v2\/types\/post"}],"author":[{"embeddable":true,"href":"https:\/\/noticiasribeiraopreto.com.br\/index.php\/wp-json\/wp\/v2\/users\/1"}],"replies":[{"embeddable":true,"href":"https:\/\/noticiasribeiraopreto.com.br\/index.php\/wp-json\/wp\/v2\/comments?post=79181"}],"version-history":[{"count":0,"href":"https:\/\/noticiasribeiraopreto.com.br\/index.php\/wp-json\/wp\/v2\/posts\/79181\/revisions"}],"wp:featuredmedia":[{"embeddable":true,"href":"https:\/\/noticiasribeiraopreto.com.br\/index.php\/wp-json\/wp\/v2\/media\/79118"}],"wp:attachment":[{"href":"https:\/\/noticiasribeiraopreto.com.br\/index.php\/wp-json\/wp\/v2\/media?parent=79181"}],"wp:term":[{"taxonomy":"category","embeddable":true,"href":"https:\/\/noticiasribeiraopreto.com.br\/index.php\/wp-json\/wp\/v2\/categories?post=79181"},{"taxonomy":"post_tag","embeddable":true,"href":"https:\/\/noticiasribeiraopreto.com.br\/index.php\/wp-json\/wp\/v2\/tags?post=79181"}],"curies":[{"name":"wp","href":"https:\/\/api.w.org\/{rel}","templated":true}]}}